{"id":169700,"date":"2015-08-28T23:15:39","date_gmt":"2015-08-28T23:15:39","guid":{"rendered":"https:\/\/www.meydan.tv\/article\/qiymet-artimi-daha-da-suretlenecek-video\/"},"modified":"2015-08-28T23:15:39","modified_gmt":"2015-08-28T23:15:39","slug":"qiymet-artimi-daha-da-suretlenecek-video","status":"publish","type":"post","link":"https:\/\/www.meydan.tv\/az\/article\/qiymet-artimi-daha-da-suretlenecek-video\/","title":{"rendered":"&#8221;Qiym\u0259t art\u0131m\u0131 daha da s\u00fcr\u0259tl\u0259n\u0259c\u0259k&#8221; (V\u0130DEO)"},"content":{"rendered":"<figure class=\"wp-block-embed is-type-video is-provider-youtube wp-block-embed-youtube wp-embed-aspect-16-9 wp-has-aspect-ratio\">\n<div class=\"wp-block-embed__wrapper\">\n    <iframe loading=\"lazy\"\ttitle=\"\" width=\"1200\" height=\"675\" src=\"https:\/\/www.youtube.com\/embed\/KnesfXocYwo\"\tframeborder=\"0\"\tallow=\"accelerometer; autoplay; clipboard-write; encrypted-media; gyroscope; picture-in-picture\" allowfullscreen><\/iframe>\n  <\/div><figcaption><\/figcaption><\/figure>\n<p>\n  <b><br \/>\n    \u00d6t\u0259n h\u0259ft\u0259d\u0259n ba\u015flayaraq \u0259rzaq v\u0259 t\u0259r\u0259v\u0259z m\u0259hsullar\u0131nda 20-25 faiz qiym\u0259t art\u0131m\u0131 m\u00fc\u015fahid\u0259 olunur.<br \/>\n  <\/b>\n<\/p>\n<p>\n  \u0130qtisad\u00e7\u0131 Natiq C\u0259f\u0259rli hesab edir ki, fevral ay\u0131ndak\u0131 b\u00f6y\u00fck devalvasiyadan sonra h\u00f6kum\u0259t inzibati \u00fcsullarla qiym\u0259ti n\u0259zar\u0259td\u0259 saxlaya bilib. Bu n\u0259zar\u0259t Avropa oyunlar\u0131ndan sonra h\u00f6kum\u0259t\u0259 biznes \u00e7evr\u0259l\u0259rin\u0259 m\u00fc\u0259yy\u0259n g\u00fcz\u0259\u015ftl\u0259r t\u0259tbiq etm\u0259kl\u0259 n\u0259tic\u0259l\u0259nm\u0259li idi.\n<\/p>\n<p>\n  Qiym\u0259t art\u0131m\u0131n\u0131 al\u0131c\u0131lar da hiss edir.\n<\/p>\n<p>\n  Avstraliya v\u0259 Yeni Zenlandiyadan g\u0259tiril\u0259n ya\u011f m\u0259hsullar\u0131 eyni regionda yerl\u0259\u015fs\u0259 d\u0259, Az\u0259rbaycanda G\u00fcrc\u00fcstana nisb\u0259t\u0259n 2 d\u0259f\u0259 baha sat\u0131l\u0131r.\n<\/p>\n<p>\n  Ba\u015f vermi\u015f art\u0131mla ba\u011fl\u0131 a\u00e7\u0131qlama almaq \u00fc\u00e7\u00fcn \u0130qtisadiyyat v\u0259 S\u0259naye Nazirliyi il\u0259 \u0259laq\u0259 saxlama\u011fa \u00e7al\u0131\u015fd\u0131q. Lakin nazirlik z\u0259ngl\u0259rimizi cavabland\u0131rmad\u0131.<\/p>\n","protected":false},"excerpt":{"rendered":"<p>\u00d6t\u0259n h\u0259ft\u0259d\u0259n ba\u015flayaraq \u0259rzaq v\u0259 t\u0259r\u0259v\u0259z m\u0259hsullar\u0131nda 20-25 faiz qiym\u0259t art\u0131m\u0131 m\u00fc\u015fahid\u0259 olunur<\/p>\n","protected":false},"author":11,"featured_media":32670,"comment_status":"closed","ping_status":"open","sticky":false,"template":"","format":"standard","meta":{"_acf_changed":false,"_sitemap_exclude":false,"_sitemap_priority":"","_sitemap_frequency":"","footnotes":""},"categories":[63],"tags":[],"class_list":["post-169700","post","type-post","status-publish","format-standard","has-post-thumbnail","hentry","category-video-2","infinite-scroll-item","generate-columns","tablet-grid-50","mobile-grid-100","grid-parent","grid-33","no-featured-image-padding"],"acf":[],"yoast_head":"<!-- This site is optimized with the Yoast SEO plugin v28.4 - https:\/\/yoast.com\/product\/yoast-seo-wordpress\/ -->\n<title>&#039;&#039;Qiym\u0259t art\u0131m\u0131 daha da s\u00fcr\u0259tl\u0259n\u0259c\u0259k&#039;&#039; (V\u0130DEO) - MEYDAN.TV<\/title>\n<meta name=\"robots\" content=\"index, follow, max-snippet:-1, max-image-preview:large, max-video-preview:-1\" \/>\n<link rel=\"canonical\" href=\"https:\/\/www.meydan.tv\/az\/article\/qiymet-artimi-daha-da-suretlenecek-video\/\" \/>\n<meta property=\"og:locale\" content=\"az_AZ\" \/>\n<meta property=\"og:type\" content=\"article\" \/>\n<meta property=\"og:title\" content=\"&#039;&#039;Qiym\u0259t art\u0131m\u0131 daha da s\u00fcr\u0259tl\u0259n\u0259c\u0259k&#039;&#039; (V\u0130DEO) - MEYDAN.TV\" \/>\n<meta property=\"og:description\" content=\"\u00d6t\u0259n h\u0259ft\u0259d\u0259n ba\u015flayaraq \u0259rzaq v\u0259 t\u0259r\u0259v\u0259z m\u0259hsullar\u0131nda 20-25 faiz qiym\u0259t art\u0131m\u0131 m\u00fc\u015fahid\u0259 olunur\" \/>\n<meta property=\"og:url\" content=\"https:\/\/www.meydan.tv\/az\/article\/qiymet-artimi-daha-da-suretlenecek-video\/\" \/>\n<meta property=\"og:site_name\" content=\"MEYDAN.TV\" \/>\n<meta property=\"article:published_time\" content=\"2015-08-28T23:15:39+00:00\" \/>\n<meta property=\"og:image\" content=\"https:\/\/www.meydan.tv\/wp-content\/uploads\/12200.jpg\" \/>\n\t<meta property=\"og:image:width\" content=\"1199\" \/>\n\t<meta property=\"og:image:height\" content=\"673\" \/>\n\t<meta property=\"og:image:type\" content=\"image\/jpeg\" \/>\n<meta name=\"twitter:card\" content=\"summary_large_image\" \/>\n<!-- \/ Yoast SEO plugin. -->","yoast_head_json":{"title":"''Qiym\u0259t art\u0131m\u0131 daha da s\u00fcr\u0259tl\u0259n\u0259c\u0259k'' (V\u0130DEO) - MEYDAN.TV","robots":{"index":"index","follow":"follow","max-snippet":"max-snippet:-1","max-image-preview":"max-image-preview:large","max-video-preview":"max-video-preview:-1"},"canonical":"https:\/\/www.meydan.tv\/az\/article\/qiymet-artimi-daha-da-suretlenecek-video\/","og_locale":"az_AZ","og_type":"article","og_title":"''Qiym\u0259t art\u0131m\u0131 daha da s\u00fcr\u0259tl\u0259n\u0259c\u0259k'' (V\u0130DEO) - MEYDAN.TV","og_description":"\u00d6t\u0259n h\u0259ft\u0259d\u0259n ba\u015flayaraq \u0259rzaq v\u0259 t\u0259r\u0259v\u0259z m\u0259hsullar\u0131nda 20-25 faiz qiym\u0259t art\u0131m\u0131 m\u00fc\u015fahid\u0259 olunur","og_url":"https:\/\/www.meydan.tv\/az\/article\/qiymet-artimi-daha-da-suretlenecek-video\/","og_site_name":"MEYDAN.TV","article_published_time":"2015-08-28T23:15:39+00:00","og_image":[{"width":1199,"height":673,"url":"https:\/\/www.meydan.tv\/wp-content\/uploads\/12200.jpg","type":"image\/jpeg"}],"twitter_card":"summary_large_image","schema":{"@context":"https:\/\/schema.org","@graph":[{"@type":"Article","@id":"https:\/\/www.meydan.tv\/az\/article\/qiymet-artimi-daha-da-suretlenecek-video\/#article","isPartOf":{"@id":"https:\/\/www.meydan.tv\/az\/article\/qiymet-artimi-daha-da-suretlenecek-video\/"},"author":{"name":"user-manager","@id":"https:\/\/www.meydan.tv\/az\/#\/schema\/person\/10d11eccf6da3662cf5fdab9806ea91a"},"headline":"&#8221;Qiym\u0259t art\u0131m\u0131 daha da s\u00fcr\u0259tl\u0259n\u0259c\u0259k&#8221; (V\u0130DEO)","datePublished":"2015-08-28T23:15:39+00:00","mainEntityOfPage":{"@id":"https:\/\/www.meydan.tv\/az\/article\/qiymet-artimi-daha-da-suretlenecek-video\/"},"wordCount":169,"publisher":{"@id":"https:\/\/www.meydan.tv\/az\/#organization"},"image":{"@id":"https:\/\/www.meydan.tv\/az\/article\/qiymet-artimi-daha-da-suretlenecek-video\/#primaryimage"},"thumbnailUrl":"https:\/\/www.meydan.tv\/wp-content\/uploads\/12200.jpg","articleSection":["Video"],"inLanguage":"az"},{"@type":"WebPage","@id":"https:\/\/www.meydan.tv\/az\/article\/qiymet-artimi-daha-da-suretlenecek-video\/","url":"https:\/\/www.meydan.tv\/az\/article\/qiymet-artimi-daha-da-suretlenecek-video\/","name":"''Qiym\u0259t art\u0131m\u0131 daha da s\u00fcr\u0259tl\u0259n\u0259c\u0259k'' (V\u0130DEO) - MEYDAN.TV","isPartOf":{"@id":"https:\/\/www.meydan.tv\/az\/#website"},"primaryImageOfPage":{"@id":"https:\/\/www.meydan.tv\/az\/article\/qiymet-artimi-daha-da-suretlenecek-video\/#primaryimage"},"image":{"@id":"https:\/\/www.meydan.tv\/az\/article\/qiymet-artimi-daha-da-suretlenecek-video\/#primaryimage"},"thumbnailUrl":"https:\/\/www.meydan.tv\/wp-content\/uploads\/12200.jpg","datePublished":"2015-08-28T23:15:39+00:00","breadcrumb":{"@id":"https:\/\/www.meydan.tv\/az\/article\/qiymet-artimi-daha-da-suretlenecek-video\/#breadcrumb"},"inLanguage":"az","potentialAction":[{"@type":"ReadAction","target":["https:\/\/www.meydan.tv\/az\/article\/qiymet-artimi-daha-da-suretlenecek-video\/"]}]},{"@type":"ImageObject","inLanguage":"az","@id":"https:\/\/www.meydan.tv\/az\/article\/qiymet-artimi-daha-da-suretlenecek-video\/#primaryimage","url":"https:\/\/www.meydan.tv\/wp-content\/uploads\/12200.jpg","contentUrl":"https:\/\/www.meydan.tv\/wp-content\/uploads\/12200.jpg","width":1199,"height":673,"caption":"Source:"},{"@type":"BreadcrumbList","@id":"https:\/\/www.meydan.tv\/az\/article\/qiymet-artimi-daha-da-suretlenecek-video\/#breadcrumb","itemListElement":[{"@type":"ListItem","position":1,"name":"Ana s\u0259hif\u0259","item":"https:\/\/www.meydan.tv\/az\/"},{"@type":"ListItem","position":2,"name":"Video","item":"https:\/\/www.meydan.tv\/az\/section\/video-2\/"},{"@type":"ListItem","position":3,"name":"&#8221;Qiym\u0259t art\u0131m\u0131 daha da s\u00fcr\u0259tl\u0259n\u0259c\u0259k&#8221; (V\u0130DEO)"}]},{"@type":"WebSite","@id":"https:\/\/www.meydan.tv\/az\/#website","url":"https:\/\/www.meydan.tv\/az\/","name":"MEYDAN.TV","description":"Meydan TV Az\u0259rbaycan\u0131n media m\u0259kan\u0131ndak\u0131 alternativ s\u0259sidir","publisher":{"@id":"https:\/\/www.meydan.tv\/az\/#organization"},"potentialAction":[{"@type":"SearchAction","target":{"@type":"EntryPoint","urlTemplate":"https:\/\/www.meydan.tv\/az\/?s={search_term_string}"},"query-input":{"@type":"PropertyValueSpecification","valueRequired":true,"valueName":"search_term_string"}}],"inLanguage":"az"},{"@type":"Organization","@id":"https:\/\/www.meydan.tv\/az\/#organization","name":"Meydan TV","url":"https:\/\/www.meydan.tv\/az\/","logo":{"@type":"ImageObject","inLanguage":"az","@id":"https:\/\/www.meydan.tv\/az\/#\/schema\/logo\/image\/","url":"https:\/\/www.meydan.tv\/wp-content\/uploads\/2021\/07\/meydan-logo.svg","contentUrl":"https:\/\/www.meydan.tv\/wp-content\/uploads\/2021\/07\/meydan-logo.svg","width":195,"height":46,"caption":"Meydan TV"},"image":{"@id":"https:\/\/www.meydan.tv\/az\/#\/schema\/logo\/image\/"}},{"@type":"Person","@id":"https:\/\/www.meydan.tv\/az\/#\/schema\/person\/10d11eccf6da3662cf5fdab9806ea91a","name":"user-manager"}]}},"_links":{"self":[{"href":"https:\/\/www.meydan.tv\/az\/wp-json\/wp\/v2\/posts\/169700","targetHints":{"allow":["GET"]}}],"collection":[{"href":"https:\/\/www.meydan.tv\/az\/wp-json\/wp\/v2\/posts"}],"about":[{"href":"https:\/\/www.meydan.tv\/az\/wp-json\/wp\/v2\/types\/post"}],"author":[{"embeddable":true,"href":"https:\/\/www.meydan.tv\/az\/wp-json\/wp\/v2\/users\/11"}],"replies":[{"embeddable":true,"href":"https:\/\/www.meydan.tv\/az\/wp-json\/wp\/v2\/comments?post=169700"}],"version-history":[{"count":0,"href":"https:\/\/www.meydan.tv\/az\/wp-json\/wp\/v2\/posts\/169700\/revisions"}],"wp:featuredmedia":[{"embeddable":true,"href":"https:\/\/www.meydan.tv\/az\/wp-json\/wp\/v2\/media\/32670"}],"wp:attachment":[{"href":"https:\/\/www.meydan.tv\/az\/wp-json\/wp\/v2\/media?parent=169700"}],"wp:term":[{"taxonomy":"category","embeddable":true,"href":"https:\/\/www.meydan.tv\/az\/wp-json\/wp\/v2\/categories?post=169700"},{"taxonomy":"post_tag","embeddable":true,"href":"https:\/\/www.meydan.tv\/az\/wp-json\/wp\/v2\/tags?post=169700"}],"curies":[{"name":"wp","href":"https:\/\/api.w.org\/{rel}","templated":true}]}}