{"id":169679,"date":"2015-08-28T02:05:54","date_gmt":"2015-08-28T02:05:54","guid":{"rendered":"https:\/\/www.meydan.tv\/article\/onun-cinayet-seviyyesindeki-sehvi\/"},"modified":"2015-08-28T02:05:54","modified_gmt":"2015-08-28T02:05:54","slug":"onun-cinayet-seviyyesindeki-sehvi","status":"publish","type":"post","link":"https:\/\/www.meydan.tv\/az\/article\/onun-cinayet-seviyyesindeki-sehvi\/","title":{"rendered":"Onun cinay\u0259t s\u0259viyy\u0259sind\u0259ki s\u0259hvi"},"content":{"rendered":"<figure class=\"wp-block-image size-large\">\n  <img decoding=\"async\" src=\"https:\/\/www.meydan.tv\/az\/32592\/\" alt=\"\" class=\"wp-image-32592\"\/><figcaption><\/figcaption><\/figure>\n<figure class=\"wp-block-image size-large\">\n  <img decoding=\"async\" src=\"https:\/\/www.meydan.tv\/az\/31756\/\" alt=\"\" class=\"wp-image-31756\"\/><figcaption><\/figcaption><\/figure>\n<p>\n  Bu g\u00fcnl\u0259rd\u0259 El\u00e7ib\u0259y m\u00f6vzusu yenid\u0259n g\u00fcd\u0259m\u0259 g\u0259ldi. M\u0259rhum eks-prezidentin v\u0259fat\u0131n\u0131n 15-ci ild\u00f6n\u00fcm\u00fcnd\u0259 Yal\u00e7\u0131n N\u0259sirovun h\u0259l\u0259 2 il bundan \u00f6nc\u0259 q\u0259l\u0259m\u0259 al\u0131nm\u0131\u015f, \u201c\u018f.El\u00e7ib\u0259yin Az\u0259rbaycan\u0131n \u0259n yeni tarixind\u0259 rolu haqq\u0131nda yeni n\u0259sil az\u0259rbaycanl\u0131lar\u0131n qald\u0131rd\u0131qlar\u0131 m\u00f6vzu milli t\u0259f\u0259kk\u00fcr\u00fcm\u00fczd\u0259ki m\u0259n\u0259vi x\u0259r\u00e7\u0259ng \u015fi\u015fidir\u201d ifad\u0259si il\u0259 ba\u015flanan \u201c<br \/>\n  <a href=\"http:\/\/www.meydan.tv\/az\/article\/keleki-cixmazi\/\" target=\"_blank\" rel=\"noopener\"><br \/>\n    K\u0259l\u0259ki \u00e7\u0131xmaz\u0131<br \/>\n  <\/a><br \/>\n  \u201d m\u0259qal\u0259sinin daha bir d\u0259rci toplumda yenid\u0259n b\u00f6y\u00fck m\u00fcbahis\u0259l\u0259r\u0259 s\u0259b\u0259b oldu.\n<\/p>\n<p>\n  Bir \u00e7oxlar\u0131 eks-prezidenti m\u00fcdafi\u0259 ed\u0259r\u0259k m\u00fc\u0259llifi ittiham etdil\u0259r, ba\u015fqalar\u0131 bu m\u00f6vzunun yenid\u0259n g\u00fcnd\u0259m\u0259 g\u0259tirilm\u0259sind\u0259n naraz\u0131l\u0131q ed\u0259r\u0259k \u201cindi n\u0259y\u0259 laz\u0131md\u0131r bunlar, n\u0259y\u0259 xidm\u0259t edir?\u201d kimi suallara ba\u015flad\u0131lar. G\u00f6r\u0259s\u0259n, bu m\u00fcbahis\u0259l\u0259rin k\u00f6k\u00fcnd\u0259 n\u0259 durur \u2013 El\u00e7ib\u0259yin c\u0259miyy\u0259td\u0259 t\u0259\u015f\u0259kk\u00fcl tapm\u0131\u015f, haz\u0131rk\u0131 iqtidara alternativ obraz\u0131n\u0131n qeyri-iradi m\u00fcdaif\u0259simi, yoxsa, onun bu obraz\u0131nda \u00fcmumiyy\u0259tl\u0259, idealla\u015fd\u0131r\u0131lm\u0131\u015f ke\u00e7mi\u015fin ara\u015fd\u0131r\u0131lmas\u0131ndan ke\u00e7iril\u0259n t\u0259la\u015fm\u0131? Cavablar birm\u0259nal\u0131 deyil.\n<\/p>\n<p>\n  Az qala canl\u0131 folklora d\u00f6nm\u00fc\u015f El\u00e7ib\u0259y hakimiyy\u0259tinin \u0259n ilginc hadis\u0259si \u0259lb\u0259tt\u0259 ki, bir dissidentin hakimiyy\u0259ti k\u00f6n\u00fcll\u00fc sur\u0259td\u0259 bir KGB general\u0131na \u00f6t\u00fcrm\u0259sidir. Bu hadis\u0259ni h\u0259r hans\u0131 bir \u0259cn\u0259biy\u0259 n\u0259ql etm\u0259k ist\u0259s\u0259niz, heyr\u0259td\u0259n mat qalm\u0131\u015f sif\u0259t, b\u0259r\u0259lmi\u015f g\u00f6zl\u0259r g\u00f6r\u0259c\u0259ksiniz. Ba\u015fqa adamlara bu hadis\u0259nin nec\u0259 ba\u015f ver\u0259 bil\u0259c\u0259yini anlatmaq olmur, \u00e7\u00fcnki s\u0131rf Az\u0259rbaycan reall\u0131\u011f\u0131n\u0131n m\u0259hsulu olan bu olay, Sofia Coppola\u2019n\u0131n \u201cLost in translation\u201d filminin mahiyy\u0259tini da\u015f\u0131y\u0131r: \u201ct\u0259rc\u00fcm\u0259nin m\u00fcmk\u00fcns\u00fczl\u00fcy\u00fc\u201dn\u00fc\u2026\n<\/p>\n<p>\n  Yax\u015f\u0131, b\u0259s bu nec\u0259 m\u00fcmk\u00fcn ola bil\u0259rdi? Ke\u00e7mi\u015f dissident KGB general\u0131na qar\u015f\u0131 \u0259n az\u0131ndan m\u0259lum ikrah hissi ke\u00e7irm\u0259li v\u0259 \u0259n az\u0131ndan bir dissident kimi ona bu i\u015fin sonu m\u0259lum olmal\u0131 idi ax\u0131? Dissident ki, uzun ill\u0259r s\u00fcrm\u00fc\u015f totalitar rejimin, kommunizmin yaratd\u0131\u011f\u0131 mutasiya etmi\u015f insan tipind\u0259n, onun n\u0259l\u0259r t\u00f6r\u0259d\u0259 bil\u0259c\u0259yind\u0259n x\u0259b\u0259rdar olmal\u0131 idi? \u018fksin\u0259, dissidentin yaratd\u0131\u011f\u0131 hakimiyy\u0259t zaman\u0131 ham\u0131, h\u0259r k\u0259s yaln\u0131z \u201cmilli birlik\u201dd\u0259n (o c\u00fcml\u0259d\u0259n, b\u00fct\u00fcn ke\u00e7mi\u015f rejimin aktiv qulluq\u00e7ular\u0131 il\u0259 d\u0259) dan\u0131\u015f\u0131rd\u0131. Arxivl\u0259rin a\u00e7\u0131lmamas\u0131, l\u00fcstrasiyaya he\u00e7 c\u0259hd edilm\u0259m\u0259si d\u0259, bu q\u0259bild\u0259n hadis\u0259l\u0259rdir. B\u0259lk\u0259 bunun s\u0259b\u0259bl\u0259ri Az\u0259rbaycanda s\u0131rf antikommunist dissident h\u0259r\u0259kat\u0131n\u0131n m\u00f6vcud olmamas\u0131nda idi?\n<\/p>\n<p>\n  M\u0259s\u0259l\u0259 buras\u0131ndad\u0131r ki, Az\u0259rbaycanda m\u00f6vcud olan dissident h\u0259r\u0259kat\u0131nda s\u0131rf mill\u0259t\u00e7ilik meyll\u0259ri n\u0259 q\u0259d\u0259r g\u00fccl\u00fc olsa da, antisovetizm v\u0259 antikommunizm meyll\u0259ri bir o q\u0259d\u0259r z\u0259if olub. Az\u0259rbaycandak\u0131 az sayl\u0131 dissidentl\u0259r m\u0259hz mill\u0259t\u00e7il\u0259r idi, bununla b\u0259rab\u0259r 60-c\u0131 ill\u0259r Az\u0259rbaycan \u0259d\u0259biyyat\u0131nda peyda olan b\u0259zi x\u0131rda eyhamlar da q\u0259ddar v\u0259 anti-insani rejim\u0259 qar\u015f\u0131, fundamental insan azadl\u0131qlar\u0131 anlam\u0131nda yox, m\u0259hz mill\u0259t\u00e7ilik paradiqmas\u0131nda qurulmu\u015fdu.<br \/>\n  <br \/>\n  Bizd\u0259n f\u0259rqli olaraq, misal \u00fc\u00e7\u00fcn, el\u0259 lap qon\u015fu G\u00fcrc\u00fcstanda v\u0259ziyy\u0259t \u00e7ox f\u0259rqli idi. Do\u011frudur, oradak\u0131 dissident h\u0259r\u0259kat\u0131 \u00e7ox g\u00fccl\u00fc mill\u0259t\u00e7i qolla (Zviad Qamsaxurdiya v\u0259 s.) t\u0259msil edils\u0259 d\u0259, ondan he\u00e7 d\u0259 az g\u00fccl\u00fc olmayan, \u0259ksin\u0259, daha geni\u015f, SSR\u0130 miqyasl\u0131 s\u0131rf antikommunist dissidentl\u0259r, sovet zaman\u0131n\u0131n vicdan r\u0259mzin\u0259 \u00e7evrilmi\u015f m\u0259\u015fhur filosof Merab Mamarda\u015fvili il\u0259 t\u0259msil edilmi\u015fdi.\n<\/p>\n<p>\n  Az\u0259rbaycan dissident fikrind\u0259 is\u0259 sovetl\u0259r v\u0259 kommunizm, individum \u00fcz\u0259rind\u0259 i\u015fg\u0259nc\u0259l\u0259r aparan v\u0259 c\u0259miyy\u0259ti saxta ideallara k\u00f6kl\u0259y\u0259r\u0259k, k\u00fctl\u0259y\u0259 \u00e7evir\u0259n totalitar v\u0259 anti-b\u0259\u015f\u0259ri rejim kimi yox, sad\u0259c\u0259 bizi i\u015f\u011fal etmi\u015f yadellil\u0259rin (Rusiyan\u0131n) z\u00fclm\u00fc kimi xarakteriz\u0259 olunurdu. O \u00fczd\u0259n mill\u0259t\u00e7il\u0259rin hakimiyy\u0259t\u0259 g\u0259li\u015fi zaman\u0131 da kommunist rejiminin b\u0259\u015f\u0259riyy\u0259t\u0259 qar\u015f\u0131 t\u00f6r\u0259tdiyi cinay\u0259tl\u0259r if\u015fa edilm\u0259di, bu haqda x\u00fcsusi \u0259d\u0259biyyat\u0131n n\u0259\u015frin\u0259, elmi i\u015fl\u0259r\u0259 v\u00fcs\u0259t verilm\u0259di v\u0259 bu problematika, \u00fcmumiyy\u0259tl\u0259, diqq\u0259t m\u0259rk\u0259zin\u0259 al\u0131nmad\u0131.\n<\/p>\n<p>\n  Az\u0259rbaycanda n\u0259inki Almaniyada nasional-sosialist rejiminin s\u00fcqutundan sonra ke\u00e7irilmi\u015f denasifikasiyaya b\u0259nz\u0259r bir proses ya\u015fanmad\u0131, h\u0259tta sad\u0259c\u0259 olaraq kommunist rejimi, onun Az\u0259rbaycanda v\u0259 d\u00fcnyada t\u00f6r\u0259tdiyi cinay\u0259tl\u0259r, kommunist rejiminin personalar\u0131 bel\u0259 q\u0131naq obyekti olmad\u0131. H\u0259r \u015fey bildiyiniz kimi, tam \u0259ksin\u0259 oldu.\n<\/p>\n<p>\n  \u018flb\u0259tt\u0259 ki, eks-prezidentin cinay\u0259t s\u0259viyy\u0259sind\u0259 olan ba\u011f\u0131\u015flanmaz s\u0259hvl\u0259ri, \u0259n ba\u015fl\u0131cas\u0131, onun konkret olaraq hakimiyy\u0259ti bir ba\u015fqa kims\u0259y\u0259 yox, kommunist rejiminin x\u00fcsusi xidm\u0259t general\u0131na \u00f6t\u00fcrm\u0259si faktd\u0131r. O bu h\u0259r\u0259k\u0259tinin n\u0259 dem\u0259k oldu\u011funu, onun hans\u0131 n\u0259tic\u0259l\u0259r\u0259 g\u0259tir\u0259c\u0259yini sanki sonad\u0259k anlamam\u0131\u015fd\u0131, onun sonrak\u0131, post-K\u0259l\u0259ki m\u00fcsahib\u0259l\u0259ri d\u0259 bundan x\u0259b\u0259r verir. \u00d6lk\u0259nin ba\u015f dissidenti komminizmin, cinay\u0259tl\u0259ri nasizm\u0259 b\u0259rab\u0259r bu anti-b\u0259\u015f\u0259ri rejimin yaratd\u0131\u011f\u0131 mutasion insan tipind\u0259n x\u0259b\u0259rsizmi\u015f kimi, \u00f6lk\u0259nin xilas\u0131n\u0131n KGB general\u0131 t\u0259r\u0259find\u0259n edil\u0259c\u0259yini z\u0259nn etmi\u015fdi. Tutal\u0131m ki, El\u00e7ib\u0259yin z\u0259rb-m\u0259s\u0259l\u0259 d\u00f6nm\u00fc\u015f \u201cFransadan g\u0259tir\u0259 bilm\u0259y\u0259c\u0259yi\u201d (y\u0259ni s\u0259viyy\u0259sind\u0259n naraz\u0131 oldu\u011fu) xalq\u0131n bir hiss\u0259si do\u011frudan da, Heyd\u0259r \u018fliyevin g\u0259li\u015fini ist\u0259yirdi, amma dissident olmu\u015f bir insan g\u00f6r\u0259s\u0259n, KGB general\u0131n\u0131n Az\u0259rbaycanda n\u0259 quraca\u011f\u0131n\u0131 bilmirdimi?\n<\/p>\n<p>\n  Bilm\u0259m\u0259liydimi?\n<\/p>\n<p>\n  N\u0259tic\u0259d\u0259 ham\u0131n\u0131n \u015fahidi oldu\u011fu 22 illik faci\u0259 davam etm\u0259kd\u0259dir.\n<\/p>\n<p>\n  El\u00e7ib\u0259y haqq\u0131nda, v\u0259 \u0259slind\u0259 c\u0259miyy\u0259t haqda da \u0259sil h\u0259qiq\u0259ti is\u0259 yaln\u0131z l\u00fcstrasiyadan, arxivl\u0259rin a\u00e7\u0131lmas\u0131ndan sonra bilm\u0259k m\u00fcmk\u00fcnd\u00fcr. Bu g\u00fcn yaln\u0131z onu dey\u0259 bil\u0259rik ki, El\u00e7ib\u0259yin (bil\u0259r\u0259kd\u0259n, v\u0259 ya bilm\u0259y\u0259r\u0259kd\u0259n) t\u00f6r\u0259tdiyi ciny\u0259tl\u0259r\u0259 g\u00f6r\u0259 xalq 22 ildir ki, m\u0259hv oldu, \u00e7ox a\u011f\u0131r g\u00fcnl\u0259r\u0259 qald\u0131. \u018flb\u0259tt\u0259, ola bil\u0259rdi ki, b\u00fct\u00fcn bunlar onsuz da ba\u015f ver\u0259ydi, sad\u0259c\u0259 o zaman m\u0259suliyy\u0259ti \u00f6z boynuna g\u00f6t\u00fcrm\u0259kl\u0259, haz\u0131rk\u0131 bu ittihamlar\u0131 da boynuna \u00f6nc\u0259d\u0259n y\u00fckl\u0259mi\u015fdi.\n<\/p>\n<p>\n  P.S. Yeri g\u0259lmi\u015f, El\u00e7ib\u0259yin bir post-K\u0259l\u0259ki d\u00f6vr\u00fc m\u00fcsahib\u0259sind\u0259 \u201cXalq\u0131n\u0131n azadl\u0131\u011f\u0131 u\u011frunda m\u00fcbariz\u0259 aparan adamlar t\u0259qrib\u0259n bir-birin\u0259 yax\u0131n adamlard\u0131r. Kommunist d\u0259 ola bil\u0259r. F\u0259rqi yoxdur.&#8221; ifad\u0259si i\u015fl\u0259dilir.<\/p>\n","protected":false},"excerpt":{"rendered":"<p>Dissidentin hakimiyy\u0259ti KGB general\u0131na \u00f6t\u00fcrm\u0259si\u2026<\/p>\n","protected":false},"author":11,"featured_media":32592,"comment_status":"closed","ping_status":"open","sticky":false,"template":"","format":"standard","meta":{"_acf_changed":false,"_sitemap_exclude":false,"_sitemap_priority":"","_sitemap_frequency":"","footnotes":""},"categories":[57],"tags":[],"class_list":["post-169679","post","type-post","status-publish","format-standard","has-post-thumbnail","hentry","category-menim-fikrimce","infinite-scroll-item","generate-columns","tablet-grid-50","mobile-grid-100","grid-parent","grid-33","no-featured-image-padding"],"acf":[],"yoast_head":"<!-- This site is optimized with the Yoast SEO plugin v27.5 - https:\/\/yoast.com\/product\/yoast-seo-wordpress\/ -->\n<title>Onun cinay\u0259t s\u0259viyy\u0259sind\u0259ki s\u0259hvi - MEYDAN.TV<\/title>\n<meta name=\"robots\" content=\"index, follow, max-snippet:-1, max-image-preview:large, max-video-preview:-1\" \/>\n<link rel=\"canonical\" href=\"https:\/\/www.meydan.tv\/az\/article\/onun-cinayet-seviyyesindeki-sehvi\/\" \/>\n<meta property=\"og:locale\" content=\"az_AZ\" \/>\n<meta property=\"og:type\" content=\"article\" \/>\n<meta property=\"og:title\" content=\"Onun cinay\u0259t s\u0259viyy\u0259sind\u0259ki s\u0259hvi - MEYDAN.TV\" \/>\n<meta property=\"og:description\" content=\"Dissidentin hakimiyy\u0259ti KGB general\u0131na \u00f6t\u00fcrm\u0259si\u2026\" \/>\n<meta property=\"og:url\" content=\"https:\/\/www.meydan.tv\/az\/article\/onun-cinayet-seviyyesindeki-sehvi\/\" \/>\n<meta property=\"og:site_name\" content=\"MEYDAN.TV\" \/>\n<meta property=\"article:published_time\" content=\"2015-08-28T02:05:54+00:00\" \/>\n<meta property=\"og:image\" content=\"https:\/\/www.meydan.tv\/wp-content\/uploads\/12170.png\" \/>\n\t<meta property=\"og:image:width\" content=\"500\" \/>\n\t<meta property=\"og:image:height\" content=\"500\" \/>\n\t<meta property=\"og:image:type\" content=\"image\/png\" \/>\n<meta name=\"author\" content=\"user-manager\" \/>\n<meta name=\"twitter:card\" content=\"summary_large_image\" \/>\n<script type=\"application\/ld+json\" class=\"yoast-schema-graph\">{\"@context\":\"https:\\\/\\\/schema.org\",\"@graph\":[{\"@type\":\"Article\",\"@id\":\"https:\\\/\\\/www.meydan.tv\\\/az\\\/article\\\/onun-cinayet-seviyyesindeki-sehvi\\\/#article\",\"isPartOf\":{\"@id\":\"https:\\\/\\\/www.meydan.tv\\\/az\\\/article\\\/onun-cinayet-seviyyesindeki-sehvi\\\/\"},\"author\":{\"name\":\"user-manager\",\"@id\":\"https:\\\/\\\/www.meydan.tv\\\/az\\\/#\\\/schema\\\/person\\\/10d11eccf6da3662cf5fdab9806ea91a\"},\"headline\":\"Onun cinay\u0259t s\u0259viyy\u0259sind\u0259ki s\u0259hvi\",\"datePublished\":\"2015-08-28T02:05:54+00:00\",\"mainEntityOfPage\":{\"@id\":\"https:\\\/\\\/www.meydan.tv\\\/az\\\/article\\\/onun-cinayet-seviyyesindeki-sehvi\\\/\"},\"wordCount\":1232,\"publisher\":{\"@id\":\"https:\\\/\\\/www.meydan.tv\\\/az\\\/#organization\"},\"image\":{\"@id\":\"https:\\\/\\\/www.meydan.tv\\\/az\\\/article\\\/onun-cinayet-seviyyesindeki-sehvi\\\/#primaryimage\"},\"thumbnailUrl\":\"https:\\\/\\\/www.meydan.tv\\\/wp-content\\\/uploads\\\/12170.png\",\"articleSection\":[\"M\u0259nim Fikrimc\u0259\"],\"inLanguage\":\"az\"},{\"@type\":\"WebPage\",\"@id\":\"https:\\\/\\\/www.meydan.tv\\\/az\\\/article\\\/onun-cinayet-seviyyesindeki-sehvi\\\/\",\"url\":\"https:\\\/\\\/www.meydan.tv\\\/az\\\/article\\\/onun-cinayet-seviyyesindeki-sehvi\\\/\",\"name\":\"Onun cinay\u0259t s\u0259viyy\u0259sind\u0259ki s\u0259hvi - MEYDAN.TV\",\"isPartOf\":{\"@id\":\"https:\\\/\\\/www.meydan.tv\\\/az\\\/#website\"},\"primaryImageOfPage\":{\"@id\":\"https:\\\/\\\/www.meydan.tv\\\/az\\\/article\\\/onun-cinayet-seviyyesindeki-sehvi\\\/#primaryimage\"},\"image\":{\"@id\":\"https:\\\/\\\/www.meydan.tv\\\/az\\\/article\\\/onun-cinayet-seviyyesindeki-sehvi\\\/#primaryimage\"},\"thumbnailUrl\":\"https:\\\/\\\/www.meydan.tv\\\/wp-content\\\/uploads\\\/12170.png\",\"datePublished\":\"2015-08-28T02:05:54+00:00\",\"breadcrumb\":{\"@id\":\"https:\\\/\\\/www.meydan.tv\\\/az\\\/article\\\/onun-cinayet-seviyyesindeki-sehvi\\\/#breadcrumb\"},\"inLanguage\":\"az\",\"potentialAction\":[{\"@type\":\"ReadAction\",\"target\":[\"https:\\\/\\\/www.meydan.tv\\\/az\\\/article\\\/onun-cinayet-seviyyesindeki-sehvi\\\/\"]}]},{\"@type\":\"ImageObject\",\"inLanguage\":\"az\",\"@id\":\"https:\\\/\\\/www.meydan.tv\\\/az\\\/article\\\/onun-cinayet-seviyyesindeki-sehvi\\\/#primaryimage\",\"url\":\"https:\\\/\\\/www.meydan.tv\\\/wp-content\\\/uploads\\\/12170.png\",\"contentUrl\":\"https:\\\/\\\/www.meydan.tv\\\/wp-content\\\/uploads\\\/12170.png\",\"width\":500,\"height\":500,\"caption\":\"Source:\"},{\"@type\":\"BreadcrumbList\",\"@id\":\"https:\\\/\\\/www.meydan.tv\\\/az\\\/article\\\/onun-cinayet-seviyyesindeki-sehvi\\\/#breadcrumb\",\"itemListElement\":[{\"@type\":\"ListItem\",\"position\":1,\"name\":\"Ana s\u0259hif\u0259\",\"item\":\"https:\\\/\\\/www.meydan.tv\\\/az\\\/\"},{\"@type\":\"ListItem\",\"position\":2,\"name\":\"M\u0259nim Fikrimc\u0259\",\"item\":\"https:\\\/\\\/www.meydan.tv\\\/az\\\/section\\\/menim-fikrimce\\\/\"},{\"@type\":\"ListItem\",\"position\":3,\"name\":\"Onun cinay\u0259t s\u0259viyy\u0259sind\u0259ki s\u0259hvi\"}]},{\"@type\":\"WebSite\",\"@id\":\"https:\\\/\\\/www.meydan.tv\\\/az\\\/#website\",\"url\":\"https:\\\/\\\/www.meydan.tv\\\/az\\\/\",\"name\":\"MEYDAN.TV\",\"description\":\"Meydan TV Az\u0259rbaycan\u0131n media m\u0259kan\u0131ndak\u0131 alternativ s\u0259sidir\",\"publisher\":{\"@id\":\"https:\\\/\\\/www.meydan.tv\\\/az\\\/#organization\"},\"potentialAction\":[{\"@type\":\"SearchAction\",\"target\":{\"@type\":\"EntryPoint\",\"urlTemplate\":\"https:\\\/\\\/www.meydan.tv\\\/az\\\/?s={search_term_string}\"},\"query-input\":{\"@type\":\"PropertyValueSpecification\",\"valueRequired\":true,\"valueName\":\"search_term_string\"}}],\"inLanguage\":\"az\"},{\"@type\":\"Organization\",\"@id\":\"https:\\\/\\\/www.meydan.tv\\\/az\\\/#organization\",\"name\":\"Meydan TV\",\"url\":\"https:\\\/\\\/www.meydan.tv\\\/az\\\/\",\"logo\":{\"@type\":\"ImageObject\",\"inLanguage\":\"az\",\"@id\":\"https:\\\/\\\/www.meydan.tv\\\/az\\\/#\\\/schema\\\/logo\\\/image\\\/\",\"url\":\"https:\\\/\\\/www.meydan.tv\\\/wp-content\\\/uploads\\\/2021\\\/07\\\/meydan-logo.svg\",\"contentUrl\":\"https:\\\/\\\/www.meydan.tv\\\/wp-content\\\/uploads\\\/2021\\\/07\\\/meydan-logo.svg\",\"width\":195,\"height\":46,\"caption\":\"Meydan TV\"},\"image\":{\"@id\":\"https:\\\/\\\/www.meydan.tv\\\/az\\\/#\\\/schema\\\/logo\\\/image\\\/\"}},{\"@type\":\"Person\",\"@id\":\"https:\\\/\\\/www.meydan.tv\\\/az\\\/#\\\/schema\\\/person\\\/10d11eccf6da3662cf5fdab9806ea91a\",\"name\":\"user-manager\"}]}<\/script>\n<!-- \/ Yoast SEO plugin. -->","yoast_head_json":{"title":"Onun cinay\u0259t s\u0259viyy\u0259sind\u0259ki s\u0259hvi - MEYDAN.TV","robots":{"index":"index","follow":"follow","max-snippet":"max-snippet:-1","max-image-preview":"max-image-preview:large","max-video-preview":"max-video-preview:-1"},"canonical":"https:\/\/www.meydan.tv\/az\/article\/onun-cinayet-seviyyesindeki-sehvi\/","og_locale":"az_AZ","og_type":"article","og_title":"Onun cinay\u0259t s\u0259viyy\u0259sind\u0259ki s\u0259hvi - MEYDAN.TV","og_description":"Dissidentin hakimiyy\u0259ti KGB general\u0131na \u00f6t\u00fcrm\u0259si\u2026","og_url":"https:\/\/www.meydan.tv\/az\/article\/onun-cinayet-seviyyesindeki-sehvi\/","og_site_name":"MEYDAN.TV","article_published_time":"2015-08-28T02:05:54+00:00","og_image":[{"width":500,"height":500,"url":"https:\/\/www.meydan.tv\/wp-content\/uploads\/12170.png","type":"image\/png"}],"author":"user-manager","twitter_card":"summary_large_image","schema":{"@context":"https:\/\/schema.org","@graph":[{"@type":"Article","@id":"https:\/\/www.meydan.tv\/az\/article\/onun-cinayet-seviyyesindeki-sehvi\/#article","isPartOf":{"@id":"https:\/\/www.meydan.tv\/az\/article\/onun-cinayet-seviyyesindeki-sehvi\/"},"author":{"name":"user-manager","@id":"https:\/\/www.meydan.tv\/az\/#\/schema\/person\/10d11eccf6da3662cf5fdab9806ea91a"},"headline":"Onun cinay\u0259t s\u0259viyy\u0259sind\u0259ki s\u0259hvi","datePublished":"2015-08-28T02:05:54+00:00","mainEntityOfPage":{"@id":"https:\/\/www.meydan.tv\/az\/article\/onun-cinayet-seviyyesindeki-sehvi\/"},"wordCount":1232,"publisher":{"@id":"https:\/\/www.meydan.tv\/az\/#organization"},"image":{"@id":"https:\/\/www.meydan.tv\/az\/article\/onun-cinayet-seviyyesindeki-sehvi\/#primaryimage"},"thumbnailUrl":"https:\/\/www.meydan.tv\/wp-content\/uploads\/12170.png","articleSection":["M\u0259nim Fikrimc\u0259"],"inLanguage":"az"},{"@type":"WebPage","@id":"https:\/\/www.meydan.tv\/az\/article\/onun-cinayet-seviyyesindeki-sehvi\/","url":"https:\/\/www.meydan.tv\/az\/article\/onun-cinayet-seviyyesindeki-sehvi\/","name":"Onun cinay\u0259t s\u0259viyy\u0259sind\u0259ki s\u0259hvi - MEYDAN.TV","isPartOf":{"@id":"https:\/\/www.meydan.tv\/az\/#website"},"primaryImageOfPage":{"@id":"https:\/\/www.meydan.tv\/az\/article\/onun-cinayet-seviyyesindeki-sehvi\/#primaryimage"},"image":{"@id":"https:\/\/www.meydan.tv\/az\/article\/onun-cinayet-seviyyesindeki-sehvi\/#primaryimage"},"thumbnailUrl":"https:\/\/www.meydan.tv\/wp-content\/uploads\/12170.png","datePublished":"2015-08-28T02:05:54+00:00","breadcrumb":{"@id":"https:\/\/www.meydan.tv\/az\/article\/onun-cinayet-seviyyesindeki-sehvi\/#breadcrumb"},"inLanguage":"az","potentialAction":[{"@type":"ReadAction","target":["https:\/\/www.meydan.tv\/az\/article\/onun-cinayet-seviyyesindeki-sehvi\/"]}]},{"@type":"ImageObject","inLanguage":"az","@id":"https:\/\/www.meydan.tv\/az\/article\/onun-cinayet-seviyyesindeki-sehvi\/#primaryimage","url":"https:\/\/www.meydan.tv\/wp-content\/uploads\/12170.png","contentUrl":"https:\/\/www.meydan.tv\/wp-content\/uploads\/12170.png","width":500,"height":500,"caption":"Source:"},{"@type":"BreadcrumbList","@id":"https:\/\/www.meydan.tv\/az\/article\/onun-cinayet-seviyyesindeki-sehvi\/#breadcrumb","itemListElement":[{"@type":"ListItem","position":1,"name":"Ana s\u0259hif\u0259","item":"https:\/\/www.meydan.tv\/az\/"},{"@type":"ListItem","position":2,"name":"M\u0259nim Fikrimc\u0259","item":"https:\/\/www.meydan.tv\/az\/section\/menim-fikrimce\/"},{"@type":"ListItem","position":3,"name":"Onun cinay\u0259t s\u0259viyy\u0259sind\u0259ki s\u0259hvi"}]},{"@type":"WebSite","@id":"https:\/\/www.meydan.tv\/az\/#website","url":"https:\/\/www.meydan.tv\/az\/","name":"MEYDAN.TV","description":"Meydan TV Az\u0259rbaycan\u0131n media m\u0259kan\u0131ndak\u0131 alternativ s\u0259sidir","publisher":{"@id":"https:\/\/www.meydan.tv\/az\/#organization"},"potentialAction":[{"@type":"SearchAction","target":{"@type":"EntryPoint","urlTemplate":"https:\/\/www.meydan.tv\/az\/?s={search_term_string}"},"query-input":{"@type":"PropertyValueSpecification","valueRequired":true,"valueName":"search_term_string"}}],"inLanguage":"az"},{"@type":"Organization","@id":"https:\/\/www.meydan.tv\/az\/#organization","name":"Meydan TV","url":"https:\/\/www.meydan.tv\/az\/","logo":{"@type":"ImageObject","inLanguage":"az","@id":"https:\/\/www.meydan.tv\/az\/#\/schema\/logo\/image\/","url":"https:\/\/www.meydan.tv\/wp-content\/uploads\/2021\/07\/meydan-logo.svg","contentUrl":"https:\/\/www.meydan.tv\/wp-content\/uploads\/2021\/07\/meydan-logo.svg","width":195,"height":46,"caption":"Meydan TV"},"image":{"@id":"https:\/\/www.meydan.tv\/az\/#\/schema\/logo\/image\/"}},{"@type":"Person","@id":"https:\/\/www.meydan.tv\/az\/#\/schema\/person\/10d11eccf6da3662cf5fdab9806ea91a","name":"user-manager"}]}},"_links":{"self":[{"href":"https:\/\/www.meydan.tv\/az\/wp-json\/wp\/v2\/posts\/169679","targetHints":{"allow":["GET"]}}],"collection":[{"href":"https:\/\/www.meydan.tv\/az\/wp-json\/wp\/v2\/posts"}],"about":[{"href":"https:\/\/www.meydan.tv\/az\/wp-json\/wp\/v2\/types\/post"}],"author":[{"embeddable":true,"href":"https:\/\/www.meydan.tv\/az\/wp-json\/wp\/v2\/users\/11"}],"replies":[{"embeddable":true,"href":"https:\/\/www.meydan.tv\/az\/wp-json\/wp\/v2\/comments?post=169679"}],"version-history":[{"count":0,"href":"https:\/\/www.meydan.tv\/az\/wp-json\/wp\/v2\/posts\/169679\/revisions"}],"wp:featuredmedia":[{"embeddable":true,"href":"https:\/\/www.meydan.tv\/az\/wp-json\/wp\/v2\/media\/32592"}],"wp:attachment":[{"href":"https:\/\/www.meydan.tv\/az\/wp-json\/wp\/v2\/media?parent=169679"}],"wp:term":[{"taxonomy":"category","embeddable":true,"href":"https:\/\/www.meydan.tv\/az\/wp-json\/wp\/v2\/categories?post=169679"},{"taxonomy":"post_tag","embeddable":true,"href":"https:\/\/www.meydan.tv\/az\/wp-json\/wp\/v2\/tags?post=169679"}],"curies":[{"name":"wp","href":"https:\/\/api.w.org\/{rel}","templated":true}]}}