{"id":169654,"date":"2015-08-26T17:11:07","date_gmt":"2015-08-26T17:11:07","guid":{"rendered":"https:\/\/www.meydan.tv\/article\/azerbaycan-hara-gedir\/"},"modified":"2015-08-26T17:11:07","modified_gmt":"2015-08-26T17:11:07","slug":"azerbaycan-hara-gedir","status":"publish","type":"post","link":"https:\/\/www.meydan.tv\/az\/article\/azerbaycan-hara-gedir\/","title":{"rendered":"Az\u0259rbaycan hara gedir?"},"content":{"rendered":"<figure class=\"wp-block-image size-large\">\n  <img decoding=\"async\" src=\"https:\/\/www.meydan.tv\/az\/32366\/\" alt=\"\" class=\"wp-image-32366\"\/><figcaption><\/figcaption><\/figure>\n<figure class=\"wp-block-image size-large\">\n  <img decoding=\"async\" src=\"https:\/\/www.meydan.tv\/az\/32363\/\" alt=\"\" class=\"wp-image-32363\"\/><figcaption><\/figcaption><\/figure>\n<p>\n  Ne\u00e7\u0259 vaxtd\u0131r \u201ckultura.az\u201d sayt\u0131nda q\u0259rib\u0259 bir sor\u011fu apar\u0131l\u0131r. Sor\u011funun m\u00f6vzusu bel\u0259dir:<\/p>\n<p>  &#8211; Az\u0259rbaycan d\u00fcnyadan n\u0259 ist\u0259yir?\u00a0 Bu yaz\u0131 yaz\u0131lan d\u0259qiq\u0259l\u0259rd\u0259 sor\u011fuda 5150 (be\u015f min y\u00fcz \u0259lli ) adam i\u015ftirak etmi\u015fdi. \u0130ndi is\u0259 g\u0259lin suallarla v\u0259\u00a0 n\u0259tic\u0259l\u0259rl\u0259 tan\u0131\u015f olaq.<\/p>\n<p>  1.\u00a0 \u018fdal\u0259t v\u0259 m\u0259h\u0259bb\u0259t<\/p>\n<p>  8 % (425)<\/p>\n<p>  2. Qaraba\u011f\u0131n qaytar\u0131lmas\u0131n\u0131<\/p>\n<p>  16% (799)<\/p>\n<p>  3. Q\u0131z qalas\u0131na heyranl\u0131q<\/p>\n<p>  2%\u00a0 (109)<\/p>\n<p>  4 . Az\u0259rbaycan h\u0259qiq\u0259tl\u0259rini \u0259xz etm\u0259sini<\/p>\n<p>  5%\u00a0 (280)<\/p>\n<p>  5 Dolma ve Sar\u0131 g\u0259linin bizimki oldu\u011funu bilm\u0259sini<\/p>\n<p>  13%\u00a0 (692)<\/p>\n<p>  6.\u00a0 Can\u0131na azzar ist\u0259yir<\/p>\n<p>  53 %\u00a0 ( 2730)<\/p>\n<p>  G\u00f6r\u00fcnd\u00fcy\u00fc kimi sor\u011fuda i\u015ftirak ed\u0259nl\u0259r daha \u00e7ox sonuncu suala diqq\u0259t n\u00fcmayi\u015f etdiribl\u0259r. Bu diqq\u0259t bezginlikl\u0259 v\u0259 yor\u011funluqla da \u0259laq\u0259li ola bil\u0259r.\u00a0 \u201cDolma\u201d, \u201cSar\u0131 g\u0259lin\u201d, \u201cQ\u0131z qalas\u0131\u201d, \u201cQaraba\u011f\u201d, \u201cAz\u0259rbaycan h\u0259qiq\u0259tl\u0259ri\u201d kimi m\u00f6vzular, bu m\u00f6vzular\u0131n \u0259traf\u0131nda c\u0259r\u0259yan ed\u0259n hadis\u0259l\u0259r, dan\u0131\u015f\u0131lan yalanlar, qurulan v\u0259 oynan\u0131lan komediyalar, pafoslu \u00e7\u0131x\u0131\u015flar, \u00fcmum\u0259n\u00a0 total\u00a0 saxtakarl\u0131q\u00a0 adamlar\u0131 o q\u0259d\u0259r bezdirib v\u0259 o q\u0259d\u0259r yorub ki, onlar sonuncu suala diqq\u0259t n\u00fcmayi\u015f etdirm\u0259y\u0259 m\u0259cbur olublar.<\/p>\n<p>  Lakin \u00f6lk\u0259mizd\u0259 son vaxtlar ba\u015f ver\u0259n m\u0259lum hadis\u0259l\u0259r bu kimi s\u00f6hb\u0259tl\u0259rin v\u0259 suallar\u0131n \u0259h\u0259miyy\u0259tini \u0259h\u0259miyy\u0259tli d\u0259r\u0259c\u0259d\u0259 a\u015fa\u011f\u0131 sal\u0131bd\u0131r.\u00a0 Son vaxtlar ba\u015f ver\u0259n hadis\u0259l\u0259rin fonunda art\u0131q bel\u0259 m\u00f6vzular, bel\u0259 suallar \u00e7ox m\u0259nas\u0131z g\u00f6r\u00fcnm\u0259kd\u0259dir. \u0130ndi ba\u015f ver\u0259n hadis\u0259l\u0259r, yaranm\u0131\u015f v\u0259ziyy\u0259t\u00a0 konkret olaraq,\u00a0 daha aktual\u00a0 sual\u0131n qoyulu\u015funu t\u0259l\u0259b edir:\u00a0 Az\u0259rbaycan hara gedir?<\/p>\n<p>  \u018flb\u0259tt\u0259, bu sual\u0131n niy\u0259 v\u0259 nec\u0259\u00a0 yaranmas\u0131 haqq\u0131nda \u00e7ox dan\u0131\u015fmaq, \u00e7ox yazmaq olar. Onsuz da, bu haqda \u00f6t\u0259n ill\u0259rd\u0259 (s\u00f6z\u00fcn h\u0259qiqi m\u0259nas\u0131nda \u00f6t\u0259n ill\u0259rd\u0259, \u00e7ox t\u0259\u0259ss\u00fcf ) \u00e7ox dan\u0131\u015f\u0131l\u0131b v\u0259 \u00e7ox yaz\u0131l\u0131b. El\u0259 indi d\u0259, \u0259rinm\u0259s\u0259k, bir daha m\u00f6vzunun\u00a0 ucundan tutub, ucuzlu\u011fa getm\u0259k olar. On ildi reall\u0131q hissini\u00a0 itirm\u0259mi\u015f adamlar, x\u00fcsus\u0259n yazarlar v\u0259 iqtisad\u00e7\u0131lar haray \u00e7\u0259kib deyirdil\u0259r ki, bu ya\u015fay\u0131\u015f, bu c\u00fcr ya\u015famaq, bu h\u0259yat\u00a0 \u0259b\u0259di deyil. Bir g\u00fcn m\u00fctl\u0259q sonu \u00e7atacaq. Onda bizi \u00e7ox pis g\u00fcnl\u0259r g\u00f6zl\u0259y\u0259c\u0259k.\u00a0 F\u00fcrs\u0259ti d\u0259y\u0259rl\u0259ndirm\u0259k laz\u0131md\u0131r. D\u00fc\u015f\u00fcn\u00fcn, ay\u0131l\u0131n&#8230;<\/p>\n<p>  Amma f\u00fcrs\u0259tl\u0259r d\u0259y\u0259rl\u0259ndirilm\u0259di v\u0259 qa\u00e7\u0131r\u0131ld\u0131. Bir \u00e7oxlar\u0131 h\u0259y\u0259can t\u0259bilinin s\u0259sini e\u015fits\u0259l\u0259r d\u0259, e\u015fitdikl\u0259ri s\u0259s\u0259 \u0259h\u0259miyy\u0259t verm\u0259dil\u0259r. \u00d6z laqeydlikl\u0259rin\u0259 haqq qazand\u0131rmaq \u00fc\u00e7\u00fcn \u00f6zl\u0259rin\u0259 m\u00fcxt\u0259lif s\u00fcni arqumentl\u0259rl\u0259 (93-d\u0259 k\u00fc\u00e7\u0259y\u0259 \u00e7\u0131xmaq olmurdu, tikdikl\u0259ri xalqa qalacaq, Erm\u0259nistanda da insan haqlar\u0131 pozulur, r\u00fc\u015fv\u0259t h\u0259r yerd\u0259 var, polis h\u0259r yerd\u0259 adam d\u00f6y\u00fcr, h\u0259r halda \u00f6lk\u0259d\u0259 ged\u0259n abadl\u0131q i\u015fl\u0259rini danmaq olmaz , bu inki\u015faf\u0131 nec\u0259 g\u00f6rm\u0259m\u0259k olar, bunlar yeyib doyublar v\u0259 sair\u0259 v\u0259 ilax\u0131r. Bax\u0131r, adam\u0131n s\u0259viyy\u0259sin\u0259 ) zirehl\u0259r h\u00f6r\u00fcb, sistemin yaratd\u0131\u011f\u0131 \u015f\u0259raitd\u0259n bacard\u0131qlar\u0131 q\u0259d\u0259r\u00a0 yararlanma\u011fa \u00e7al\u0131\u015fd\u0131lar. \u00d6zl\u0259ri-\u00f6zl\u0259rini s\u00fcni arqumetl\u0259rin\u0259 inanma\u011fa m\u0259cbur el\u0259dil\u0259r.<\/p>\n<p>  H\u0259tta bununla da kifay\u0259tl\u0259nm\u0259yib ba\u015fqalar\u0131n\u0131 da bu s\u00fcni arqumentl\u0259r\u0259 inand\u0131rma\u011fa \u00e7al\u0131\u015fd\u0131lar.\u00a0 \u015e\u00fcurlu \u015f\u0259kild\u0259 h\u0259qiq\u0259ti inkar etdil\u0259r. Qeyri-r\u0259smi atmosferd\u0259 bir s\u00f6z dan\u0131\u015f\u0131b m\u00fcsahib\u0259l\u0259rind\u0259 v\u0259 \u00e7\u0131x\u0131\u015flar\u0131nda tamam ba\u015fqa s\u00f6zl\u0259r dan\u0131\u015fd\u0131lar. Daha sad\u0259 dild\u0259 ifad\u0259 ets\u0259k, e\u015fid\u0259-e\u015fid\u0259 \u00f6zl\u0259rini e\u015fitm\u0259zliy\u0259 vurdular. Bir \u00e7oxlar\u0131 is\u0259 g\u00f6rm\u0259m\u0259k v\u0259 e\u015fitm\u0259m\u0259k \u00fc\u00e7\u00fcn daha asan vasit\u0259 se\u00e7dil\u0259r. Qanlar\u0131n\u0131 qaraldacaq m\u0259nz\u0259r\u0259l\u0259ri g\u00f6rm\u0259sinl\u0259r dey\u0259 g\u00f6zl\u0259rini, qanlar\u0131n\u0131 qaraldacaq s\u00f6zl\u0259ri e\u015fitm\u0259sinl\u0259r dey\u0259\u00a0 qulaqlar\u0131n\u0131 tutdular. V\u0259t\u0259nda\u015f kimi deyil, turist kimi ya\u015fma\u011fa \u00fcst\u00fcnl\u00fck verdil\u0259r. \u00c7\u00fcnki turist kimi ya\u015famaq onlar \u00fc\u00e7\u00fcn daha rahat v\u0259 daha\u00a0 s\u0259rf\u0259li idi.<\/p>\n<p>  \u0130ndi maraql\u0131 v\u0259ziyy\u0259t yaran\u0131b. Neftin qiym\u0259ti d\u00fc\u015f\u00fcr v\u0259 bir \u00e7ox adamlar buna sevinirl\u0259r. N\u0259dir bu? Buna n\u0259 ad ver\u0259k? X\u0259yan\u0259tdir, yoxsa, c\u0131\u011fall\u0131q? Yoxsa yaranm\u0131\u015f v\u0259ziyy\u0259td\u0259n xainc\u0259sin\u0259 istifad\u0259 etm\u0259kdir?\u00a0 Nec\u0259 olur, \u00f6lk\u0259nin s\u0259rv\u0259tinin qiym\u0259ti a\u015fa\u011f\u0131 d\u00fc\u015f\u00fcr v\u0259 bir d\u0259st\u0259 adam buna sevinir. H\u0259tta o d\u0259r\u0259c\u0259d\u0259 sevinirl\u0259r ki, sevincl\u0259rini gizl\u0259tm\u0259y\u0259 d\u0259\u00e7al\u0131\u015fm\u0131rlar. B\u0259lk\u0259 bu bir d\u0259st\u0259 adam\u0131n\u00a0 sevincinin\u00a0 s\u0259b\u0259bini yerd\u0259 qalan insanlar\u0131n ill\u0259rl\u0259 n\u00fcmayi\u015f etdirdiyi laqeydlikd\u0259 axtarmaq laz\u0131md\u0131r? Y\u0259qin onlar bilirdil\u0259r ki, neftd\u0259n g\u0259l\u0259n pul azalmay\u0131nca \u015f\u0259raitd\u0259n yararlanan\u00a0 bu laqeydl\u0259r\u0259 he\u00e7 n\u0259 ba\u015fa salmaq m\u00fcmk\u00fcn olmayacaq.<\/p>\n<p>  \u018fg\u0259r \u00f6lk\u0259d\u0259 v\u0259t\u0259nda\u015flar total laqeydlik n\u00fcmayi\u015f etdirirl\u0259rs\u0259, b\u0259s o zaman\u00a0 bu h\u0259y\u0259can t\u0259bili v\u0259 \u0259c\u0259l z\u0259ngi kimin \u00fc\u00e7\u00fcn \u00e7al\u0131n\u0131rd\u0131?\u00a0 Qandi m\u00fc\u0259llim demi\u015fk\u0259n, yatm\u0131\u015f xalq\u0131 oyatmaq asand\u0131r, \u00f6z\u00fcn\u00fc yuxulu\u011fa vurmu\u015f xalq\u0131 oyatmaq \u00e7\u0259tindir. Qandi m\u00fc\u0259llimin bu m\u00fck\u0259mm\u0259l s\u00f6z\u00fc pornofilml\u0259rd\u0259ki m\u0259\u015fhur kadrlar\u0131 xat\u0131rlad\u0131r. Bel\u0259 kadrlar\u0131 y\u0259qin \u00e7oxunuz g\u00f6r\u00fcb. Q\u0131z yataqda uzan\u0131b, yat\u0131r. O\u011flan ona yax\u0131nla\u015f\u0131r. \u0130\u015fin g\u00f6r\u00fcr. H\u0259tta pozalar\u0131 d\u0259yi\u015fir. Q\u0131z\u0131 ora-bura \u00e7evirir. Q\u0131z is\u0259 bu h\u0259ngam\u0259y\u0259\u0259sla m\u0259h\u0259l qoymur. Yuxudan oyanm\u0131r ki, oyanm\u0131r. H\u0259tta orqazm da ke\u00e7irir.<\/p>\n<p>  Elnur Astanb\u0259yli demi\u015fk\u0259n, ad\u0131n\u0131 unutdu\u011fum bir m\u00fc\u0259llifin m\u0259\u015fhur bir s\u00f6z\u00fc var \u2013 M\u0259n d\u00fc\u015f\u00fcn\u00fcr\u0259m, dem\u0259li, m\u0259n ya\u015fay\u0131ram. Bu s\u00f6z\u00fcn \u0259ksi bel\u0259 omal\u0131d\u0131r: M\u0259n d\u00fc\u015f\u00fcnm\u00fcr\u0259m, dem\u0259li, m\u0259n ya\u015fam\u0131ram. Az\u0259rbaycanl\u0131lar is\u0259 bu iki s\u00f6z\u00fc birl\u0259\u015fdirib \u00f6zl\u0259rin\u0259 uy\u011fun bel\u0259 bir h\u0259yat f\u0259ls\u0259f\u0259si yaratd\u0131lar: M\u0259n d\u00fc\u015f\u00fcnm\u00fcr\u0259m, amma m\u0259n ya\u015fay\u0131ram. \u00d6zl\u0259rin\u0259 el\u0259 bir d\u00fcnya qurmu\u015fdular ki, t\u0259\u0259ss\u00fcf ki, orda \u015f\u00fcur olmadan da ya\u015famaq\u00a0 m\u00fcmk\u00fcn idi. Ayd\u0131nd\u0131r ki, bu c\u00fcr h\u0259yat f\u0259ls\u0259f\u0259si il\u0259 \u0259b\u0259di ya\u015famaq olmazd\u0131.\u00a0 \u0130ndi, \u201cm\u0259n d\u00fc\u015f\u00fcnm\u00fcr\u0259m, amma m\u0259n ya\u015fay\u0131ram\u201d f\u0259ls\u0259f\u0259sinin nec\u0259 pu\u00e7 f\u0259ls\u0259f\u0259 oldu\u011funu onlar \u00f6z d\u0259ril\u0259rind\u0259 hiss etm\u0259y\u0259 ba\u015flay\u0131blar. Buna g\u00f6r\u0259 d\u0259 art\u0131q h\u0259y\u0259canlan\u0131rlar.<\/p>\n<p>  \u0130ndi qoy h\u0259r bir homosapiens v\u0259t\u0259nda\u015f z\u0259hm\u0259t \u00e7\u0259kib, papa\u011f\u0131n\u0131 qar\u015f\u0131s\u0131na qoyub, bu suala cavab axtars\u0131n: Az\u0259rbaycan hara gedir?\u00a0 \u00d6z\u00fc d\u0259 m\u0259cazi m\u0259nada yox, s\u00f6z\u00fcn h\u0259qiqi m\u0259nas\u0131nda papa\u011f\u0131n\u0131 qar\u015f\u0131s\u0131na qoyub, d\u00fc\u015f\u00fcns\u00fcn. F\u0259rqi yoxdu, yay papa\u011f\u0131 da ola bil\u0259r, q\u0131\u015f papa\u011f\u0131 da. T\u0259ki papaq olsun. \u00d6z t\u0259cr\u00fcb\u0259m\u0259 \u0259saslanaraq dey\u0259 bil\u0259r\u0259m ki, papa\u011f\u0131 qar\u015f\u0131na qoyub, d\u00fc\u015f\u00fcn\u0259nd\u0259 adam axtard\u0131\u011f\u0131 suala daha d\u00fczg\u00fcn cavab tap\u0131r. Bir d\u0259f\u0259 bunu s\u0131naqdan ke\u00e7irdim. Papa\u011f\u0131m\u0131 qoydum qar\u015f\u0131ma, d\u00fc\u015f\u00fcnd\u00fcm v\u0259 sual\u0131ma cavab tapd\u0131m.<\/p>\n<p>  Yuxar\u0131da veril\u0259n suala \u00f6z t\u0259r\u0259fimd\u0259n cavab verm\u0259zd\u0259n \u0259vv\u0259l, bir n\u00fcansa toxunmaq ist\u0259rdim. H\u0259r\u0259 \u00f6z pe\u015f\u0259sin\u0259, s\u0259viyy\u0259sin\u0259, m\u00f6vqeyin\u0259, t\u0259bi\u0259tin\u0259 uy\u011fun olaraq m\u00fcxt\u0259lif s\u0259b\u0259bl\u0259r g\u00f6st\u0259r\u0259r\u0259k, suala cavab ver\u0259, g\u0259ldiyi n\u0259tic\u0259ni, f\u0259rziyy\u0259sini, hipotezl\u0259rini , proqnozlar\u0131n\u0131 ortaya qoya\u00a0 bil\u0259r. Siyasi prosesl\u0259ri, siyas\u0259t ad\u0131na ba\u015f ver\u0259n hadis\u0259l\u0259ri, bu prosesl\u0259rin yaratd\u0131\u011f\u0131 suallar\u0131, cavablar\u0131, proqnozlar\u0131 qoyaq k\u0259nara.\u00a0 Neftin qiym\u0259tinin a\u015fa\u011f\u0131 d\u00fc\u015fm\u0259si bir t\u0259r\u0259fin i\u015fini \u00e7\u0259tinl\u0259\u015fdirirs\u0259, ba\u015fqa t\u0259r\u0259f\u0259 siyasi aktivlik g\u00f6st\u0259rm\u0259k \u00fc\u00e7\u00fcn \u015f\u0259rait yarad\u0131r. Bu he\u00e7. Bununla i\u015fimiz yoxdur.<\/p>\n<p>  \u00dcmum\u0259n\u00a0 xalq\u0131m\u0131z,\u00a0 iqtidarl\u0131-m\u00fcxalif\u0259tli, siyasi prosesl\u0259r\u0259 laqeydlik g\u00f6st\u0259r\u0259nl\u0259r v\u0259 laqeydlik g\u00f6st\u0259rm\u0259y\u0259nl\u0259r\u00a0 \u00f6t\u0259n ill\u0259rd\u0259 el\u0259 bir g\u00fcnah i\u015fl\u0259tdi ki, bu g\u00fcnah\u0131 ba\u011f\u0131\u015flamaq olduqca\u00a0 \u00e7\u0259tindir. Lap ayr\u0131-ayr\u0131 f\u0259rdl\u0259r bu g\u00fcnah\u0131 ba\u011f\u0131\u015flasalar da, tarix bu g\u00fcnah\u0131 ba\u011f\u0131\u015flamaycaq. \u018fg\u0259r tarix bu g\u00fcnah\u0131 ba\u011f\u0131\u015flasa, bu tarix t\u0259r\u0259find\u0259n edilmi\u015f \u00e7ox b\u00f6y\u00fck\u00a0 tarixi \u0259dal\u0259tsizlik olacaq.<\/p>\n<p>  N\u0259dir bu g\u00fcnah?<\/p>\n<p>  Bu g\u00fcnah ondan ibar\u0259tdir ki, xalq\u0131m\u0131z min bir z\u00fclm \u00e7\u0259k\u0259r\u0259k, f\u0259dakarl\u0131q ed\u0259r\u0259k, s\u00f6y\u00fc\u015f, l\u0259n\u0259t qazanaraq, qorxu ,t\u0259hdid alt\u0131nda\u00a0 onlar\u0131 r\u0259ncb\u0259r, r\u0259iyy\u0259t\u00a0 s\u0259viyy\u0259sind\u0259n xalq, v\u0259t\u0259nda\u015f s\u0259viyy\u0259sin\u0259 qald\u0131rma\u011fa\u00a0 \u00e7al\u0131\u015fm\u0131\u015f maarif\u00e7il\u0259rin, Mirz\u0259 C\u0259lilin, Haqverdiyevin, \u00d6m\u0259r Faiq Nemanzad\u0259nin, Sabirin, \u00dczeyir b\u0259yin, C\u0259f\u0259r Cabbarl\u0131n\u0131n v\u0259 d\u0259xi bu kimi m\u00fcbar\u0259k simalar\u0131n z\u0259hm\u0259tini yer\u0259 vuraraq, bu m\u00fcbar\u0259k simalar\u0131 \u0130ran mollalar\u0131na, \u0259r\u0259b \u015feyxl\u0259rin\u0259, T\u00fcrkiy\u0259d\u0259n g\u0259l\u0259n m\u00fcxt\u0259lif t\u0259riq\u0259t ba\u015f\u00e7\u0131lar\u0131na satd\u0131lar.<br \/>\n  <br \/>\n  H\u0259r bir xalq\u0131n \u00fcr\u0259yind\u0259 onun formala\u015fmas\u0131nda, ir\u0259li getm\u0259sind\u0259, inki\u015faf etm\u0259sind\u0259 rol oynam\u0131\u015f simalara qar\u015f\u0131 minn\u0259tdarl\u0131q duy\u011fusu olmal\u0131d\u0131r. Bizim savads\u0131z, cahil, kobud\u00a0 babalar\u0131m\u0131za savad v\u0259 m\u0259d\u0259niyy\u0259t \u00f6yr\u0259d\u0259r\u0259k, inki\u015faf\u0131n istiqam\u0259tini g\u00f6st\u0259r\u0259r\u0259k\u00a0 onlar\u0131 xalq etm\u0259y\u0259 \u00e7al\u0131\u015fm\u0131\u015f m\u00fcbar\u0259k simalar\u0131n z\u0259hm\u0259tini yer\u0259 vurmaq ba\u011f\u0131\u015flan\u0131lmayacaq.\u00a0 Bir d\u0259f\u0259 bu haqda yazm\u0131\u015fd\u0131m. Bir n\u0259f\u0259r is\u0259 m\u0259n\u0259 a\u00e7\u0131q v\u0259 s\u0259mimi cavab vermi\u015fdi. Bu s\u0259mimi cavaba g\u00f6r\u0259 ona t\u0259\u015f\u0259kk\u00fcr etm\u0259k laz\u0131md\u0131r. Yazm\u0131\u015fd\u0131 ki, b\u0259y\u0259m biz onlar\u0131n qar\u015f\u0131s\u0131nda \u00f6hd\u0259lik g\u00f6t\u00fcrm\u00fc\u015fd\u00fck? Yax\u015f\u0131 edib satm\u0131\u015f\u0131q.<\/p>\n<p>  G\u00f6r\u00fcn\u00fcr, tarixin s\u00fcjetind\u0259n k\u0259nara \u00e7\u0131xmaq q\u0259liz m\u0259s\u0259l\u0259dir. G\u00f6r\u00fcn\u00fcr, h\u0259r bir xalq dinin \u0259sl \u00fcz\u00fcn\u00fc, dinin g\u0259tirdiyi d\u0259h\u015f\u0259tl\u0259ri \u00f6z g\u00f6zl\u0259riyl\u0259 uzun m\u00fcdd\u0259t g\u00f6rm\u0259lidir.\u00a0 Yoxsa bu d\u0259h\u015f\u0259ti yaz\u0131yla pozuyla, dan\u0131\u015fmaqla ba\u015fa salmaq, izah etm\u0259k, g\u00f6st\u0259rm\u0259k m\u00fcmk\u00fcns\u00fczd\u00fcr.\u00a0 Bu uzun m\u00fcq\u0259ddim\u0259d\u0259n sonra \u201cAz\u0259rbaycan hara gedir?\u201d sual\u0131na n\u0259hay\u0259t \u00f6z t\u0259r\u0259fimd\u0259n cavab ver\u0259 bil\u0259r\u0259m. Bu m\u00fcq\u0259ddim\u0259siz suala cavab\u0131m natamam g\u00f6r\u00fcn\u0259 bil\u0259rdi. B\u0259li, qarda\u015flar v\u0259 bac\u0131lar, xan\u0131mlar v\u0259 b\u0259yl\u0259r, analar v\u0259 atalar, babalar v\u0259 n\u0259n\u0259l\u0259r, \u0259mil\u0259r v\u0259 day\u0131lar, xalalar v\u0259 bibil\u0259r, k\u0259ndlil\u0259r v\u0259 \u015f\u0259h\u0259rlil\u0259r, savadl\u0131lar v\u0259savads\u0131zlar, qlamurlar v\u0259 qlamur olmayanlar, homo v\u0259 heteroseksuallar, qarakurtkal\u0131lar v\u0259 q\u0131rm\u0131z\u0131x\u0259l\u0259tlil\u0259r&#8230;<\/p>\n<p>  Az\u0259rbaycan iri add\u0131mlarla c\u0259h\u0259nn\u0259m\u0259 do\u011fru gedir. El\u0259 bir c\u0259h\u0259nn\u0259m ki, kitablarda yaz\u0131lan c\u0259h\u0259nn\u0259m t\u0259svirl\u0259ri bu c\u0259h\u0259nn\u0259min yan\u0131nda toya bayrama getm\u0259li olacaq. Sa\u011f qalanlar vaxt\u0131nda \u00f6l\u0259nl\u0259r\u0259 h\u0259s\u0259d aparacaq. Qoy, bu s\u00f6zl\u0259ri kim nec\u0259 ist\u0259yir, el\u0259 d\u0259 halland\u0131rs\u0131n. \u00d6z\u00fcn\u00fcz bil\u0259rsiniz. Paranoik d\u0259 dey\u0259 bil\u0259rsiniz, fal\u00e7\u0131l\u0131q da. \u0130slanm\u0131\u015f\u0131n ya\u011f\u0131\u015fdan n\u0259 qorxusu.\u00a0 Bir daha t\u0259krar edir\u0259m,\u00f6z\u00fcn\u00fcz bil\u0259rsiniz. \u00d6z i\u015finizdir. H\u0259r halda, bizim d\u0259 bildiyimiz bir \u015feyl\u0259r var. Pis \u00e7\u0131xmas\u0131n (lap pis \u00e7\u0131xs\u0131n) bu q\u0259d\u0259r kitab\u0131 bo\u015f yer\u0259 oxumam\u0131\u015f\u0131q. Tragikomediya qabaqdad\u0131.<\/p>\n<p>  P. S. Bu yaz\u0131n\u0131 Vaqnerin \u201cMat\u0259m mar\u015f\u0131\u201dn\u0131 dinl\u0259y\u0259-dinl\u0259y\u0259 yazd\u0131m. M\u00fcmk\u00fcns\u0259 siz d\u0259 yaz\u0131n\u0131 mat\u0259m mar\u015f\u0131n\u0131 dinl\u0259y\u0259-dinl\u0259ye oxuyun. Sa\u011f olun. Diqq\u0259tiniz\u0259 g\u00f6r\u0259 t\u0259\u015f\u0259kk\u0259r edir\u0259m.<\/p>\n<figure class=\"wp-block-embed is-type-video is-provider-youtube wp-block-embed-youtube wp-embed-aspect-16-9 wp-has-aspect-ratio\">\n<div class=\"wp-block-embed__wrapper\">\n    <iframe\ttitle=\"\" width=\"1200\" height=\"675\" data-src=\"https:\/\/www.youtube.com\/embed\/watch?v=L8wHteSOwW4\"\tframeborder=\"0\"\tallow=\"accelerometer; autoplay; clipboard-write; encrypted-media; gyroscope; picture-in-picture\" allowfullscreen src=\"data:image\/svg+xml;base64,PHN2ZyB3aWR0aD0iMSIgaGVpZ2h0PSIxIiB4bWxucz0iaHR0cDovL3d3dy53My5vcmcvMjAwMC9zdmciPjwvc3ZnPg==\" class=\"lazyload\" data-load-mode=\"1\"><\/iframe>\n  <\/div><figcaption><\/figcaption><\/figure>\n<p>\n  <b><br \/>\n    Yaz\u0131 m\u00fc\u0259llifin \u015f\u0259xsi m\u00f6vqeyini \u0259ks etdirir&#8230;<br \/>\n  <\/b><\/p>\n","protected":false},"excerpt":{"rendered":"<p>Sa\u011f qalanlar \u00f6l\u0259nl\u0259r\u0259 h\u0259s\u0259d aparacaq<\/p>\n","protected":false},"author":11,"featured_media":32366,"comment_status":"closed","ping_status":"open","sticky":false,"template":"","format":"standard","meta":{"_acf_changed":false,"_sitemap_exclude":false,"_sitemap_priority":"","_sitemap_frequency":"","footnotes":""},"categories":[57],"tags":[],"class_list":["post-169654","post","type-post","status-publish","format-standard","has-post-thumbnail","hentry","category-menim-fikrimce","infinite-scroll-item","generate-columns","tablet-grid-50","mobile-grid-100","grid-parent","grid-33","no-featured-image-padding"],"acf":[],"yoast_head":"<!-- This site is optimized with the Yoast SEO plugin v27.5 - https:\/\/yoast.com\/product\/yoast-seo-wordpress\/ -->\n<title>Az\u0259rbaycan hara gedir? - MEYDAN.TV<\/title>\n<meta name=\"robots\" content=\"index, follow, max-snippet:-1, max-image-preview:large, max-video-preview:-1\" \/>\n<link rel=\"canonical\" href=\"https:\/\/www.meydan.tv\/az\/article\/azerbaycan-hara-gedir\/\" \/>\n<meta property=\"og:locale\" content=\"az_AZ\" \/>\n<meta property=\"og:type\" content=\"article\" \/>\n<meta property=\"og:title\" content=\"Az\u0259rbaycan hara gedir? - MEYDAN.TV\" \/>\n<meta property=\"og:description\" content=\"Sa\u011f qalanlar \u00f6l\u0259nl\u0259r\u0259 h\u0259s\u0259d aparacaq\" \/>\n<meta property=\"og:url\" content=\"https:\/\/www.meydan.tv\/az\/article\/azerbaycan-hara-gedir\/\" \/>\n<meta property=\"og:site_name\" content=\"MEYDAN.TV\" \/>\n<meta property=\"article:published_time\" content=\"2015-08-26T17:11:07+00:00\" \/>\n<meta property=\"og:image\" content=\"https:\/\/www.meydan.tv\/wp-content\/uploads\/12127.jpg\" \/>\n\t<meta property=\"og:image:width\" content=\"500\" \/>\n\t<meta property=\"og:image:height\" content=\"500\" \/>\n\t<meta property=\"og:image:type\" content=\"image\/jpeg\" \/>\n<meta name=\"author\" content=\"user-manager\" \/>\n<meta name=\"twitter:card\" content=\"summary_large_image\" \/>\n<script type=\"application\/ld+json\" class=\"yoast-schema-graph\">{\"@context\":\"https:\\\/\\\/schema.org\",\"@graph\":[{\"@type\":\"Article\",\"@id\":\"https:\\\/\\\/www.meydan.tv\\\/az\\\/article\\\/azerbaycan-hara-gedir\\\/#article\",\"isPartOf\":{\"@id\":\"https:\\\/\\\/www.meydan.tv\\\/az\\\/article\\\/azerbaycan-hara-gedir\\\/\"},\"author\":{\"name\":\"user-manager\",\"@id\":\"https:\\\/\\\/www.meydan.tv\\\/az\\\/#\\\/schema\\\/person\\\/10d11eccf6da3662cf5fdab9806ea91a\"},\"headline\":\"Az\u0259rbaycan hara gedir?\",\"datePublished\":\"2015-08-26T17:11:07+00:00\",\"mainEntityOfPage\":{\"@id\":\"https:\\\/\\\/www.meydan.tv\\\/az\\\/article\\\/azerbaycan-hara-gedir\\\/\"},\"wordCount\":2149,\"publisher\":{\"@id\":\"https:\\\/\\\/www.meydan.tv\\\/az\\\/#organization\"},\"image\":{\"@id\":\"https:\\\/\\\/www.meydan.tv\\\/az\\\/article\\\/azerbaycan-hara-gedir\\\/#primaryimage\"},\"thumbnailUrl\":\"https:\\\/\\\/www.meydan.tv\\\/wp-content\\\/uploads\\\/12127.jpg\",\"articleSection\":[\"M\u0259nim Fikrimc\u0259\"],\"inLanguage\":\"az\"},{\"@type\":\"WebPage\",\"@id\":\"https:\\\/\\\/www.meydan.tv\\\/az\\\/article\\\/azerbaycan-hara-gedir\\\/\",\"url\":\"https:\\\/\\\/www.meydan.tv\\\/az\\\/article\\\/azerbaycan-hara-gedir\\\/\",\"name\":\"Az\u0259rbaycan hara gedir? - MEYDAN.TV\",\"isPartOf\":{\"@id\":\"https:\\\/\\\/www.meydan.tv\\\/az\\\/#website\"},\"primaryImageOfPage\":{\"@id\":\"https:\\\/\\\/www.meydan.tv\\\/az\\\/article\\\/azerbaycan-hara-gedir\\\/#primaryimage\"},\"image\":{\"@id\":\"https:\\\/\\\/www.meydan.tv\\\/az\\\/article\\\/azerbaycan-hara-gedir\\\/#primaryimage\"},\"thumbnailUrl\":\"https:\\\/\\\/www.meydan.tv\\\/wp-content\\\/uploads\\\/12127.jpg\",\"datePublished\":\"2015-08-26T17:11:07+00:00\",\"breadcrumb\":{\"@id\":\"https:\\\/\\\/www.meydan.tv\\\/az\\\/article\\\/azerbaycan-hara-gedir\\\/#breadcrumb\"},\"inLanguage\":\"az\",\"potentialAction\":[{\"@type\":\"ReadAction\",\"target\":[\"https:\\\/\\\/www.meydan.tv\\\/az\\\/article\\\/azerbaycan-hara-gedir\\\/\"]}]},{\"@type\":\"ImageObject\",\"inLanguage\":\"az\",\"@id\":\"https:\\\/\\\/www.meydan.tv\\\/az\\\/article\\\/azerbaycan-hara-gedir\\\/#primaryimage\",\"url\":\"https:\\\/\\\/www.meydan.tv\\\/wp-content\\\/uploads\\\/12127.jpg\",\"contentUrl\":\"https:\\\/\\\/www.meydan.tv\\\/wp-content\\\/uploads\\\/12127.jpg\",\"width\":500,\"height\":500,\"caption\":\"Source:\"},{\"@type\":\"BreadcrumbList\",\"@id\":\"https:\\\/\\\/www.meydan.tv\\\/az\\\/article\\\/azerbaycan-hara-gedir\\\/#breadcrumb\",\"itemListElement\":[{\"@type\":\"ListItem\",\"position\":1,\"name\":\"Ana s\u0259hif\u0259\",\"item\":\"https:\\\/\\\/www.meydan.tv\\\/az\\\/\"},{\"@type\":\"ListItem\",\"position\":2,\"name\":\"M\u0259nim Fikrimc\u0259\",\"item\":\"https:\\\/\\\/www.meydan.tv\\\/az\\\/section\\\/menim-fikrimce\\\/\"},{\"@type\":\"ListItem\",\"position\":3,\"name\":\"Az\u0259rbaycan hara gedir?\"}]},{\"@type\":\"WebSite\",\"@id\":\"https:\\\/\\\/www.meydan.tv\\\/az\\\/#website\",\"url\":\"https:\\\/\\\/www.meydan.tv\\\/az\\\/\",\"name\":\"MEYDAN.TV\",\"description\":\"Meydan TV Az\u0259rbaycan\u0131n media m\u0259kan\u0131ndak\u0131 alternativ s\u0259sidir\",\"publisher\":{\"@id\":\"https:\\\/\\\/www.meydan.tv\\\/az\\\/#organization\"},\"potentialAction\":[{\"@type\":\"SearchAction\",\"target\":{\"@type\":\"EntryPoint\",\"urlTemplate\":\"https:\\\/\\\/www.meydan.tv\\\/az\\\/?s={search_term_string}\"},\"query-input\":{\"@type\":\"PropertyValueSpecification\",\"valueRequired\":true,\"valueName\":\"search_term_string\"}}],\"inLanguage\":\"az\"},{\"@type\":\"Organization\",\"@id\":\"https:\\\/\\\/www.meydan.tv\\\/az\\\/#organization\",\"name\":\"Meydan TV\",\"url\":\"https:\\\/\\\/www.meydan.tv\\\/az\\\/\",\"logo\":{\"@type\":\"ImageObject\",\"inLanguage\":\"az\",\"@id\":\"https:\\\/\\\/www.meydan.tv\\\/az\\\/#\\\/schema\\\/logo\\\/image\\\/\",\"url\":\"https:\\\/\\\/www.meydan.tv\\\/wp-content\\\/uploads\\\/2021\\\/07\\\/meydan-logo.svg\",\"contentUrl\":\"https:\\\/\\\/www.meydan.tv\\\/wp-content\\\/uploads\\\/2021\\\/07\\\/meydan-logo.svg\",\"width\":195,\"height\":46,\"caption\":\"Meydan TV\"},\"image\":{\"@id\":\"https:\\\/\\\/www.meydan.tv\\\/az\\\/#\\\/schema\\\/logo\\\/image\\\/\"}},{\"@type\":\"Person\",\"@id\":\"https:\\\/\\\/www.meydan.tv\\\/az\\\/#\\\/schema\\\/person\\\/10d11eccf6da3662cf5fdab9806ea91a\",\"name\":\"user-manager\"}]}<\/script>\n<!-- \/ Yoast SEO plugin. -->","yoast_head_json":{"title":"Az\u0259rbaycan hara gedir? - MEYDAN.TV","robots":{"index":"index","follow":"follow","max-snippet":"max-snippet:-1","max-image-preview":"max-image-preview:large","max-video-preview":"max-video-preview:-1"},"canonical":"https:\/\/www.meydan.tv\/az\/article\/azerbaycan-hara-gedir\/","og_locale":"az_AZ","og_type":"article","og_title":"Az\u0259rbaycan hara gedir? - MEYDAN.TV","og_description":"Sa\u011f qalanlar \u00f6l\u0259nl\u0259r\u0259 h\u0259s\u0259d aparacaq","og_url":"https:\/\/www.meydan.tv\/az\/article\/azerbaycan-hara-gedir\/","og_site_name":"MEYDAN.TV","article_published_time":"2015-08-26T17:11:07+00:00","og_image":[{"width":500,"height":500,"url":"https:\/\/www.meydan.tv\/wp-content\/uploads\/12127.jpg","type":"image\/jpeg"}],"author":"user-manager","twitter_card":"summary_large_image","schema":{"@context":"https:\/\/schema.org","@graph":[{"@type":"Article","@id":"https:\/\/www.meydan.tv\/az\/article\/azerbaycan-hara-gedir\/#article","isPartOf":{"@id":"https:\/\/www.meydan.tv\/az\/article\/azerbaycan-hara-gedir\/"},"author":{"name":"user-manager","@id":"https:\/\/www.meydan.tv\/az\/#\/schema\/person\/10d11eccf6da3662cf5fdab9806ea91a"},"headline":"Az\u0259rbaycan hara gedir?","datePublished":"2015-08-26T17:11:07+00:00","mainEntityOfPage":{"@id":"https:\/\/www.meydan.tv\/az\/article\/azerbaycan-hara-gedir\/"},"wordCount":2149,"publisher":{"@id":"https:\/\/www.meydan.tv\/az\/#organization"},"image":{"@id":"https:\/\/www.meydan.tv\/az\/article\/azerbaycan-hara-gedir\/#primaryimage"},"thumbnailUrl":"https:\/\/www.meydan.tv\/wp-content\/uploads\/12127.jpg","articleSection":["M\u0259nim Fikrimc\u0259"],"inLanguage":"az"},{"@type":"WebPage","@id":"https:\/\/www.meydan.tv\/az\/article\/azerbaycan-hara-gedir\/","url":"https:\/\/www.meydan.tv\/az\/article\/azerbaycan-hara-gedir\/","name":"Az\u0259rbaycan hara gedir? - MEYDAN.TV","isPartOf":{"@id":"https:\/\/www.meydan.tv\/az\/#website"},"primaryImageOfPage":{"@id":"https:\/\/www.meydan.tv\/az\/article\/azerbaycan-hara-gedir\/#primaryimage"},"image":{"@id":"https:\/\/www.meydan.tv\/az\/article\/azerbaycan-hara-gedir\/#primaryimage"},"thumbnailUrl":"https:\/\/www.meydan.tv\/wp-content\/uploads\/12127.jpg","datePublished":"2015-08-26T17:11:07+00:00","breadcrumb":{"@id":"https:\/\/www.meydan.tv\/az\/article\/azerbaycan-hara-gedir\/#breadcrumb"},"inLanguage":"az","potentialAction":[{"@type":"ReadAction","target":["https:\/\/www.meydan.tv\/az\/article\/azerbaycan-hara-gedir\/"]}]},{"@type":"ImageObject","inLanguage":"az","@id":"https:\/\/www.meydan.tv\/az\/article\/azerbaycan-hara-gedir\/#primaryimage","url":"https:\/\/www.meydan.tv\/wp-content\/uploads\/12127.jpg","contentUrl":"https:\/\/www.meydan.tv\/wp-content\/uploads\/12127.jpg","width":500,"height":500,"caption":"Source:"},{"@type":"BreadcrumbList","@id":"https:\/\/www.meydan.tv\/az\/article\/azerbaycan-hara-gedir\/#breadcrumb","itemListElement":[{"@type":"ListItem","position":1,"name":"Ana s\u0259hif\u0259","item":"https:\/\/www.meydan.tv\/az\/"},{"@type":"ListItem","position":2,"name":"M\u0259nim Fikrimc\u0259","item":"https:\/\/www.meydan.tv\/az\/section\/menim-fikrimce\/"},{"@type":"ListItem","position":3,"name":"Az\u0259rbaycan hara gedir?"}]},{"@type":"WebSite","@id":"https:\/\/www.meydan.tv\/az\/#website","url":"https:\/\/www.meydan.tv\/az\/","name":"MEYDAN.TV","description":"Meydan TV Az\u0259rbaycan\u0131n media m\u0259kan\u0131ndak\u0131 alternativ s\u0259sidir","publisher":{"@id":"https:\/\/www.meydan.tv\/az\/#organization"},"potentialAction":[{"@type":"SearchAction","target":{"@type":"EntryPoint","urlTemplate":"https:\/\/www.meydan.tv\/az\/?s={search_term_string}"},"query-input":{"@type":"PropertyValueSpecification","valueRequired":true,"valueName":"search_term_string"}}],"inLanguage":"az"},{"@type":"Organization","@id":"https:\/\/www.meydan.tv\/az\/#organization","name":"Meydan TV","url":"https:\/\/www.meydan.tv\/az\/","logo":{"@type":"ImageObject","inLanguage":"az","@id":"https:\/\/www.meydan.tv\/az\/#\/schema\/logo\/image\/","url":"https:\/\/www.meydan.tv\/wp-content\/uploads\/2021\/07\/meydan-logo.svg","contentUrl":"https:\/\/www.meydan.tv\/wp-content\/uploads\/2021\/07\/meydan-logo.svg","width":195,"height":46,"caption":"Meydan TV"},"image":{"@id":"https:\/\/www.meydan.tv\/az\/#\/schema\/logo\/image\/"}},{"@type":"Person","@id":"https:\/\/www.meydan.tv\/az\/#\/schema\/person\/10d11eccf6da3662cf5fdab9806ea91a","name":"user-manager"}]}},"_links":{"self":[{"href":"https:\/\/www.meydan.tv\/az\/wp-json\/wp\/v2\/posts\/169654","targetHints":{"allow":["GET"]}}],"collection":[{"href":"https:\/\/www.meydan.tv\/az\/wp-json\/wp\/v2\/posts"}],"about":[{"href":"https:\/\/www.meydan.tv\/az\/wp-json\/wp\/v2\/types\/post"}],"author":[{"embeddable":true,"href":"https:\/\/www.meydan.tv\/az\/wp-json\/wp\/v2\/users\/11"}],"replies":[{"embeddable":true,"href":"https:\/\/www.meydan.tv\/az\/wp-json\/wp\/v2\/comments?post=169654"}],"version-history":[{"count":0,"href":"https:\/\/www.meydan.tv\/az\/wp-json\/wp\/v2\/posts\/169654\/revisions"}],"wp:featuredmedia":[{"embeddable":true,"href":"https:\/\/www.meydan.tv\/az\/wp-json\/wp\/v2\/media\/32366"}],"wp:attachment":[{"href":"https:\/\/www.meydan.tv\/az\/wp-json\/wp\/v2\/media?parent=169654"}],"wp:term":[{"taxonomy":"category","embeddable":true,"href":"https:\/\/www.meydan.tv\/az\/wp-json\/wp\/v2\/categories?post=169654"},{"taxonomy":"post_tag","embeddable":true,"href":"https:\/\/www.meydan.tv\/az\/wp-json\/wp\/v2\/tags?post=169654"}],"curies":[{"name":"wp","href":"https:\/\/api.w.org\/{rel}","templated":true}]}}