{"id":169626,"date":"2015-08-25T15:33:03","date_gmt":"2015-08-25T15:33:03","guid":{"rendered":"https:\/\/www.meydan.tv\/article\/elmir-mirzeyeve-cavab\/"},"modified":"2015-08-25T15:33:03","modified_gmt":"2015-08-25T15:33:03","slug":"elmir-mirzeyeve-cavab","status":"publish","type":"post","link":"https:\/\/www.meydan.tv\/az\/article\/elmir-mirzeyeve-cavab\/","title":{"rendered":"Elmir Mirz\u0259yev\u0259 cavab"},"content":{"rendered":"<figure class=\"wp-block-image size-large\">\n  <img decoding=\"async\" src=\"https:\/\/www.meydan.tv\/az\/32357\/\" alt=\"\" class=\"wp-image-32357\"\/><figcaption><\/figcaption><\/figure>\n<figure class=\"wp-block-image size-large\">\n  <img decoding=\"async\" src=\"https:\/\/www.meydan.tv\/az\/32360\/\" alt=\"\" class=\"wp-image-32360\"\/><figcaption><\/figcaption><\/figure>\n<p>\n  <br \/>\n  Bir m\u00fcdd\u0259t \u0259vv\u0259l Ramiz R\u00f6v\u015f\u0259nin q\u0259hraman\u0131 v\u0259 Dostoyevskinin Raskolnikovu haqq\u0131nda bir m\u0259qal\u0259 yaz\u0131lm\u0131\u015fd\u0131. Deyil\u0259nl\u0259r, g\u00f6st\u0259ril\u0259n arqumentl\u0259r v\u0259 s. maraql\u0131 idi v\u0259 raz\u0131la\u015fm\u0131\u015fd\u0131m. Lakin bu m\u00f6vzuda m\u0259nim d\u0259 dey\u0259c\u0259yim bir ne\u00e7\u0259 s\u00f6z var. \u00d6nc\u0259 ondan ba\u015flamaq ist\u0259rdim ki, Az\u0259rbaycan v\u0259 Rusiya c\u0259miyy\u0259tl\u0259rinin torpa\u011f\u0131, beyinl\u0259ri, fikirl\u0259ri f\u0259rqlidir. Rusiyada ya\u015fam\u0131\u015f yaz\u0131\u00e7\u0131 il\u0259 Az\u0259rbaycanda ya\u015fam\u0131\u015f bir yaz\u0131\u00e7\u0131 aras\u0131nda \u00e7ox f\u0259rql\u0259r var. El\u0259c\u0259 d\u0259, q\u0259hr\u0259manlar aras\u0131nda.<\/p>\n<p>  \u018fg\u0259r zorak\u0131l\u0131\u011fa m\u0259ruz qalm\u0131\u015f bir q\u0131za v\u0259 ya fahi\u015f\u0259y\u0259 Rusiyada normal m\u00fcnasib\u0259t adi hald\u0131rsa, Az\u0259rbaycanda qeyri-adi hald\u0131r. Rusiyada bu hadis\u0259l\u0259rin t\u0259svirini Dostoyevski impressionist (bu haqqda bir az sonra) \u015f\u0259kild\u0259 vermi\u015fdis\u0259, Az\u0259rbaycanda da h\u0259yat t\u0259rzinin t\u0259sviri \u015feir\u0259 ba\u015fqa c\u00fcr k\u00f6\u00e7\u00fcr\u00fcl\u0259 bilm\u0259zdi. \u018fks halda, bu, m\u00fcbali\u011f\u0259 olard\u0131. Bel\u0259 olduqda is\u0259 daha \u00e7ox \u0259d\u0259bi etirazlara s\u0259b\u0259b olard\u0131.<\/p>\n<p>  Bir az s\u00f6z a\u00e7d\u0131\u011f\u0131m impressionist \u00fcslub haqq\u0131nda. Biz \u0259g\u0259r bu t\u0259rzi daha \u00e7ox r\u0259ssamlar\u0131n, heyk\u0259ltara\u015flar\u0131n i\u015fl\u0259rind\u0259 g\u00f6rm\u00fc\u015f\u00fcks\u0259, \u0259d\u0259biyyatda bel\u0259 hallara da rast g\u0259linib. \u018fg\u0259r fikir vers\u0259k, Dostoyevski bu \u0259s\u0259rd\u0259 a\u00e7\u0131q-sa\u00e7\u0131ql\u0131\u011fa, intim hallara, seks\u0259 yer verm\u0259yib. M\u0259s\u0259l\u0259n, \u201cCinay\u0259t v\u0259 C\u0259za\u201d \u0259s\u0259rind\u0259 n\u0259 q\u0259d\u0259r axtarsan\u0131z da, Sonyaya fahi\u015f\u0259 deyilm\u0259sin\u0259, \u0259s\u0259rd\u0259 cinsi \u0259laq\u0259l\u0259rin t\u0259svirin\u0259 rast g\u0259lm\u0259k m\u00fcmk\u00fcn deyil.<\/p>\n<p>  B\u0259lk\u0259 Dostoyevski utan\u0131rd\u0131 bel\u0259 t\u0259svirl\u0259rin verilm\u0259sin\u0259?<br \/>\n  <br \/>\n  \u018fs\u0259rd\u0259ki impressionizm d\u0259 el\u0259 budur. Yaz\u0131\u00e7\u0131 \u0259s\u0259rd\u0259 &#8220;fahi\u015f\u0259&#8221; s\u00f6z\u00fcn\u00fc i\u015fl\u0259tmir, lakin oxucular anlay\u0131r ki, Sonya fahi\u015f\u0259dir v\u0259 c\u0259miyy\u0259t onu q\u0259bul etmir. Dostoyevski bunu ustaca, \u00fcst\u00fc ba\u011fl\u0131 \u015f\u0259kild\u0259 v\u0259 spontan \u015f\u0259kild\u0259 t\u0259svirl\u0259rl\u0259 \u00e7atd\u0131r\u0131r v\u0259 paralel olaraq, \u0259s\u0259rd\u0259 he\u00e7 bir intim m\u0259qama rast g\u0259lm\u0259k m\u00fcmk\u00fcn deyil. Raskolnikovun 600 s\u0259hif\u0259lik mac\u0259ras\u0131ndan uzun-uzad\u0131 dan\u0131\u015fmaq olar lakin m\u0259s\u0259l\u0259 el\u0259 burada bits\u0259 yax\u015f\u0131d\u0131r.<\/p>\n<p>  \u018fg\u0259r m\u0259s\u0259l\u0259 namus-qeyr\u0259t m\u0259s\u0259l\u0259sidirs\u0259, Ramiz R\u00f6v\u015f\u0259nin ma\u00e7o q\u0259hr\u0259man\u0131n\u0131n tipik Az\u0259rbaycanl\u0131 \u00fcz\u00fcd\u00fcrs\u0259, m\u0259\u015fhur Nobelli yaz\u0131\u00e7\u0131 Qabriel Qarsia Markesin \u201cG\u00f6zl\u0259nil\u0259n bir q\u0259tlin tarix\u00e7\u0259si\u201d \u0259s\u0259rind\u0259 m\u00f6vzunun el\u0259 m\u0259hz bu oldu\u011funu g\u00f6r\u0259 bil\u0259rik. Magik-realist \u00fcslubunda yaz\u0131lm\u0131\u015f bu \u0259s\u0259rd\u0259 Santiqao Nasar\u0131n ba\u015f\u0131na g\u0259l\u0259nl\u0259rd\u0259n \u201cnamus \u00fcst\u00fcnd\u0259\u201d \u00f6ld\u00fcr\u00fclm\u0259sind\u0259n dan\u0131\u015f\u0131l\u0131r.<\/p>\n<p>  \u018fg\u0259r Markes \u00f6z \u0259s\u0259rind\u0259 qatil ma\u00e7o qarda\u015flar obraz\u0131n\u0131 yarad\u0131bsa, ya\u015fad\u0131\u011f\u0131 m\u00fchitin t\u0259svirini oldu\u011fu kimi veribs\u0259 Ramiz R\u00f6v\u015f\u0259n yaratd\u0131qda n\u0259y\u0259 g\u00f6r\u0259 etiraza s\u0259b\u0259b olur. H\u0259m d\u0259 bunu m\u00fctl\u0259q qeyd etm\u0259liy\u0259m ki, bel\u0259 m\u00fchafiz\u0259kar m\u00fchit t\u0259kc\u0259 Az\u0259rbaycan deyil \u0130taliya, Meksika v\u0259 dig\u0259r n\u0259h\u0259ng d\u00fcnya \u00f6lk\u0259l\u0259rind\u0259 d\u0259 m\u00f6vcuddur.\n<\/p>\n<p>\n  <b><br \/>\n    Yaz\u0131 m\u00fc\u0259llifin \u015f\u0259xsi m\u00f6vqeyini \u0259ks etdirir&#8230;<br \/>\n  <\/b><\/p>\n","protected":false},"excerpt":{"rendered":"<p>Ramiz R\u00f6v\u015f\u0259n niy\u0259 zorlanm\u0131\u015f q\u0131z\u0131 sev\u0259 bilm\u0259z?<\/p>\n","protected":false},"author":11,"featured_media":32357,"comment_status":"closed","ping_status":"open","sticky":false,"template":"","format":"standard","meta":{"_acf_changed":false,"_sitemap_exclude":false,"_sitemap_priority":"","_sitemap_frequency":"","footnotes":""},"categories":[57],"tags":[],"class_list":["post-169626","post","type-post","status-publish","format-standard","has-post-thumbnail","hentry","category-menim-fikrimce","infinite-scroll-item","generate-columns","tablet-grid-50","mobile-grid-100","grid-parent","grid-33","no-featured-image-padding"],"acf":[],"yoast_head":"<!-- This site is optimized with the Yoast SEO plugin v27.5 - https:\/\/yoast.com\/product\/yoast-seo-wordpress\/ -->\n<title>Elmir Mirz\u0259yev\u0259 cavab - MEYDAN.TV<\/title>\n<meta name=\"robots\" content=\"index, follow, max-snippet:-1, max-image-preview:large, max-video-preview:-1\" \/>\n<link rel=\"canonical\" href=\"https:\/\/www.meydan.tv\/az\/article\/elmir-mirzeyeve-cavab\/\" \/>\n<meta property=\"og:locale\" content=\"az_AZ\" \/>\n<meta property=\"og:type\" content=\"article\" \/>\n<meta property=\"og:title\" content=\"Elmir Mirz\u0259yev\u0259 cavab - MEYDAN.TV\" \/>\n<meta property=\"og:description\" content=\"Ramiz R\u00f6v\u015f\u0259n niy\u0259 zorlanm\u0131\u015f q\u0131z\u0131 sev\u0259 bilm\u0259z?\" \/>\n<meta property=\"og:url\" content=\"https:\/\/www.meydan.tv\/az\/article\/elmir-mirzeyeve-cavab\/\" \/>\n<meta property=\"og:site_name\" content=\"MEYDAN.TV\" \/>\n<meta property=\"article:published_time\" content=\"2015-08-25T15:33:03+00:00\" \/>\n<meta property=\"og:image\" content=\"https:\/\/www.meydan.tv\/wp-content\/uploads\/12059.jpg\" \/>\n\t<meta property=\"og:image:width\" content=\"500\" \/>\n\t<meta property=\"og:image:height\" content=\"500\" \/>\n\t<meta property=\"og:image:type\" content=\"image\/jpeg\" \/>\n<meta name=\"author\" content=\"user-manager\" \/>\n<meta name=\"twitter:card\" content=\"summary_large_image\" \/>\n<script type=\"application\/ld+json\" class=\"yoast-schema-graph\">{\"@context\":\"https:\\\/\\\/schema.org\",\"@graph\":[{\"@type\":\"Article\",\"@id\":\"https:\\\/\\\/www.meydan.tv\\\/az\\\/article\\\/elmir-mirzeyeve-cavab\\\/#article\",\"isPartOf\":{\"@id\":\"https:\\\/\\\/www.meydan.tv\\\/az\\\/article\\\/elmir-mirzeyeve-cavab\\\/\"},\"author\":{\"name\":\"user-manager\",\"@id\":\"https:\\\/\\\/www.meydan.tv\\\/az\\\/#\\\/schema\\\/person\\\/10d11eccf6da3662cf5fdab9806ea91a\"},\"headline\":\"Elmir Mirz\u0259yev\u0259 cavab\",\"datePublished\":\"2015-08-25T15:33:03+00:00\",\"mainEntityOfPage\":{\"@id\":\"https:\\\/\\\/www.meydan.tv\\\/az\\\/article\\\/elmir-mirzeyeve-cavab\\\/\"},\"wordCount\":560,\"publisher\":{\"@id\":\"https:\\\/\\\/www.meydan.tv\\\/az\\\/#organization\"},\"image\":{\"@id\":\"https:\\\/\\\/www.meydan.tv\\\/az\\\/article\\\/elmir-mirzeyeve-cavab\\\/#primaryimage\"},\"thumbnailUrl\":\"https:\\\/\\\/www.meydan.tv\\\/wp-content\\\/uploads\\\/12059.jpg\",\"articleSection\":[\"M\u0259nim Fikrimc\u0259\"],\"inLanguage\":\"az\"},{\"@type\":\"WebPage\",\"@id\":\"https:\\\/\\\/www.meydan.tv\\\/az\\\/article\\\/elmir-mirzeyeve-cavab\\\/\",\"url\":\"https:\\\/\\\/www.meydan.tv\\\/az\\\/article\\\/elmir-mirzeyeve-cavab\\\/\",\"name\":\"Elmir Mirz\u0259yev\u0259 cavab - MEYDAN.TV\",\"isPartOf\":{\"@id\":\"https:\\\/\\\/www.meydan.tv\\\/az\\\/#website\"},\"primaryImageOfPage\":{\"@id\":\"https:\\\/\\\/www.meydan.tv\\\/az\\\/article\\\/elmir-mirzeyeve-cavab\\\/#primaryimage\"},\"image\":{\"@id\":\"https:\\\/\\\/www.meydan.tv\\\/az\\\/article\\\/elmir-mirzeyeve-cavab\\\/#primaryimage\"},\"thumbnailUrl\":\"https:\\\/\\\/www.meydan.tv\\\/wp-content\\\/uploads\\\/12059.jpg\",\"datePublished\":\"2015-08-25T15:33:03+00:00\",\"breadcrumb\":{\"@id\":\"https:\\\/\\\/www.meydan.tv\\\/az\\\/article\\\/elmir-mirzeyeve-cavab\\\/#breadcrumb\"},\"inLanguage\":\"az\",\"potentialAction\":[{\"@type\":\"ReadAction\",\"target\":[\"https:\\\/\\\/www.meydan.tv\\\/az\\\/article\\\/elmir-mirzeyeve-cavab\\\/\"]}]},{\"@type\":\"ImageObject\",\"inLanguage\":\"az\",\"@id\":\"https:\\\/\\\/www.meydan.tv\\\/az\\\/article\\\/elmir-mirzeyeve-cavab\\\/#primaryimage\",\"url\":\"https:\\\/\\\/www.meydan.tv\\\/wp-content\\\/uploads\\\/12059.jpg\",\"contentUrl\":\"https:\\\/\\\/www.meydan.tv\\\/wp-content\\\/uploads\\\/12059.jpg\",\"width\":500,\"height\":500,\"caption\":\"Source:\"},{\"@type\":\"BreadcrumbList\",\"@id\":\"https:\\\/\\\/www.meydan.tv\\\/az\\\/article\\\/elmir-mirzeyeve-cavab\\\/#breadcrumb\",\"itemListElement\":[{\"@type\":\"ListItem\",\"position\":1,\"name\":\"Ana s\u0259hif\u0259\",\"item\":\"https:\\\/\\\/www.meydan.tv\\\/az\\\/\"},{\"@type\":\"ListItem\",\"position\":2,\"name\":\"M\u0259nim Fikrimc\u0259\",\"item\":\"https:\\\/\\\/www.meydan.tv\\\/az\\\/section\\\/menim-fikrimce\\\/\"},{\"@type\":\"ListItem\",\"position\":3,\"name\":\"Elmir Mirz\u0259yev\u0259 cavab\"}]},{\"@type\":\"WebSite\",\"@id\":\"https:\\\/\\\/www.meydan.tv\\\/az\\\/#website\",\"url\":\"https:\\\/\\\/www.meydan.tv\\\/az\\\/\",\"name\":\"MEYDAN.TV\",\"description\":\"Meydan TV Az\u0259rbaycan\u0131n media m\u0259kan\u0131ndak\u0131 alternativ s\u0259sidir\",\"publisher\":{\"@id\":\"https:\\\/\\\/www.meydan.tv\\\/az\\\/#organization\"},\"potentialAction\":[{\"@type\":\"SearchAction\",\"target\":{\"@type\":\"EntryPoint\",\"urlTemplate\":\"https:\\\/\\\/www.meydan.tv\\\/az\\\/?s={search_term_string}\"},\"query-input\":{\"@type\":\"PropertyValueSpecification\",\"valueRequired\":true,\"valueName\":\"search_term_string\"}}],\"inLanguage\":\"az\"},{\"@type\":\"Organization\",\"@id\":\"https:\\\/\\\/www.meydan.tv\\\/az\\\/#organization\",\"name\":\"Meydan TV\",\"url\":\"https:\\\/\\\/www.meydan.tv\\\/az\\\/\",\"logo\":{\"@type\":\"ImageObject\",\"inLanguage\":\"az\",\"@id\":\"https:\\\/\\\/www.meydan.tv\\\/az\\\/#\\\/schema\\\/logo\\\/image\\\/\",\"url\":\"https:\\\/\\\/www.meydan.tv\\\/wp-content\\\/uploads\\\/2021\\\/07\\\/meydan-logo.svg\",\"contentUrl\":\"https:\\\/\\\/www.meydan.tv\\\/wp-content\\\/uploads\\\/2021\\\/07\\\/meydan-logo.svg\",\"width\":195,\"height\":46,\"caption\":\"Meydan TV\"},\"image\":{\"@id\":\"https:\\\/\\\/www.meydan.tv\\\/az\\\/#\\\/schema\\\/logo\\\/image\\\/\"}},{\"@type\":\"Person\",\"@id\":\"https:\\\/\\\/www.meydan.tv\\\/az\\\/#\\\/schema\\\/person\\\/10d11eccf6da3662cf5fdab9806ea91a\",\"name\":\"user-manager\"}]}<\/script>\n<!-- \/ Yoast SEO plugin. -->","yoast_head_json":{"title":"Elmir Mirz\u0259yev\u0259 cavab - MEYDAN.TV","robots":{"index":"index","follow":"follow","max-snippet":"max-snippet:-1","max-image-preview":"max-image-preview:large","max-video-preview":"max-video-preview:-1"},"canonical":"https:\/\/www.meydan.tv\/az\/article\/elmir-mirzeyeve-cavab\/","og_locale":"az_AZ","og_type":"article","og_title":"Elmir Mirz\u0259yev\u0259 cavab - MEYDAN.TV","og_description":"Ramiz R\u00f6v\u015f\u0259n niy\u0259 zorlanm\u0131\u015f q\u0131z\u0131 sev\u0259 bilm\u0259z?","og_url":"https:\/\/www.meydan.tv\/az\/article\/elmir-mirzeyeve-cavab\/","og_site_name":"MEYDAN.TV","article_published_time":"2015-08-25T15:33:03+00:00","og_image":[{"width":500,"height":500,"url":"https:\/\/www.meydan.tv\/wp-content\/uploads\/12059.jpg","type":"image\/jpeg"}],"author":"user-manager","twitter_card":"summary_large_image","schema":{"@context":"https:\/\/schema.org","@graph":[{"@type":"Article","@id":"https:\/\/www.meydan.tv\/az\/article\/elmir-mirzeyeve-cavab\/#article","isPartOf":{"@id":"https:\/\/www.meydan.tv\/az\/article\/elmir-mirzeyeve-cavab\/"},"author":{"name":"user-manager","@id":"https:\/\/www.meydan.tv\/az\/#\/schema\/person\/10d11eccf6da3662cf5fdab9806ea91a"},"headline":"Elmir Mirz\u0259yev\u0259 cavab","datePublished":"2015-08-25T15:33:03+00:00","mainEntityOfPage":{"@id":"https:\/\/www.meydan.tv\/az\/article\/elmir-mirzeyeve-cavab\/"},"wordCount":560,"publisher":{"@id":"https:\/\/www.meydan.tv\/az\/#organization"},"image":{"@id":"https:\/\/www.meydan.tv\/az\/article\/elmir-mirzeyeve-cavab\/#primaryimage"},"thumbnailUrl":"https:\/\/www.meydan.tv\/wp-content\/uploads\/12059.jpg","articleSection":["M\u0259nim Fikrimc\u0259"],"inLanguage":"az"},{"@type":"WebPage","@id":"https:\/\/www.meydan.tv\/az\/article\/elmir-mirzeyeve-cavab\/","url":"https:\/\/www.meydan.tv\/az\/article\/elmir-mirzeyeve-cavab\/","name":"Elmir Mirz\u0259yev\u0259 cavab - MEYDAN.TV","isPartOf":{"@id":"https:\/\/www.meydan.tv\/az\/#website"},"primaryImageOfPage":{"@id":"https:\/\/www.meydan.tv\/az\/article\/elmir-mirzeyeve-cavab\/#primaryimage"},"image":{"@id":"https:\/\/www.meydan.tv\/az\/article\/elmir-mirzeyeve-cavab\/#primaryimage"},"thumbnailUrl":"https:\/\/www.meydan.tv\/wp-content\/uploads\/12059.jpg","datePublished":"2015-08-25T15:33:03+00:00","breadcrumb":{"@id":"https:\/\/www.meydan.tv\/az\/article\/elmir-mirzeyeve-cavab\/#breadcrumb"},"inLanguage":"az","potentialAction":[{"@type":"ReadAction","target":["https:\/\/www.meydan.tv\/az\/article\/elmir-mirzeyeve-cavab\/"]}]},{"@type":"ImageObject","inLanguage":"az","@id":"https:\/\/www.meydan.tv\/az\/article\/elmir-mirzeyeve-cavab\/#primaryimage","url":"https:\/\/www.meydan.tv\/wp-content\/uploads\/12059.jpg","contentUrl":"https:\/\/www.meydan.tv\/wp-content\/uploads\/12059.jpg","width":500,"height":500,"caption":"Source:"},{"@type":"BreadcrumbList","@id":"https:\/\/www.meydan.tv\/az\/article\/elmir-mirzeyeve-cavab\/#breadcrumb","itemListElement":[{"@type":"ListItem","position":1,"name":"Ana s\u0259hif\u0259","item":"https:\/\/www.meydan.tv\/az\/"},{"@type":"ListItem","position":2,"name":"M\u0259nim Fikrimc\u0259","item":"https:\/\/www.meydan.tv\/az\/section\/menim-fikrimce\/"},{"@type":"ListItem","position":3,"name":"Elmir Mirz\u0259yev\u0259 cavab"}]},{"@type":"WebSite","@id":"https:\/\/www.meydan.tv\/az\/#website","url":"https:\/\/www.meydan.tv\/az\/","name":"MEYDAN.TV","description":"Meydan TV Az\u0259rbaycan\u0131n media m\u0259kan\u0131ndak\u0131 alternativ s\u0259sidir","publisher":{"@id":"https:\/\/www.meydan.tv\/az\/#organization"},"potentialAction":[{"@type":"SearchAction","target":{"@type":"EntryPoint","urlTemplate":"https:\/\/www.meydan.tv\/az\/?s={search_term_string}"},"query-input":{"@type":"PropertyValueSpecification","valueRequired":true,"valueName":"search_term_string"}}],"inLanguage":"az"},{"@type":"Organization","@id":"https:\/\/www.meydan.tv\/az\/#organization","name":"Meydan TV","url":"https:\/\/www.meydan.tv\/az\/","logo":{"@type":"ImageObject","inLanguage":"az","@id":"https:\/\/www.meydan.tv\/az\/#\/schema\/logo\/image\/","url":"https:\/\/www.meydan.tv\/wp-content\/uploads\/2021\/07\/meydan-logo.svg","contentUrl":"https:\/\/www.meydan.tv\/wp-content\/uploads\/2021\/07\/meydan-logo.svg","width":195,"height":46,"caption":"Meydan TV"},"image":{"@id":"https:\/\/www.meydan.tv\/az\/#\/schema\/logo\/image\/"}},{"@type":"Person","@id":"https:\/\/www.meydan.tv\/az\/#\/schema\/person\/10d11eccf6da3662cf5fdab9806ea91a","name":"user-manager"}]}},"_links":{"self":[{"href":"https:\/\/www.meydan.tv\/az\/wp-json\/wp\/v2\/posts\/169626","targetHints":{"allow":["GET"]}}],"collection":[{"href":"https:\/\/www.meydan.tv\/az\/wp-json\/wp\/v2\/posts"}],"about":[{"href":"https:\/\/www.meydan.tv\/az\/wp-json\/wp\/v2\/types\/post"}],"author":[{"embeddable":true,"href":"https:\/\/www.meydan.tv\/az\/wp-json\/wp\/v2\/users\/11"}],"replies":[{"embeddable":true,"href":"https:\/\/www.meydan.tv\/az\/wp-json\/wp\/v2\/comments?post=169626"}],"version-history":[{"count":0,"href":"https:\/\/www.meydan.tv\/az\/wp-json\/wp\/v2\/posts\/169626\/revisions"}],"wp:featuredmedia":[{"embeddable":true,"href":"https:\/\/www.meydan.tv\/az\/wp-json\/wp\/v2\/media\/32357"}],"wp:attachment":[{"href":"https:\/\/www.meydan.tv\/az\/wp-json\/wp\/v2\/media?parent=169626"}],"wp:term":[{"taxonomy":"category","embeddable":true,"href":"https:\/\/www.meydan.tv\/az\/wp-json\/wp\/v2\/categories?post=169626"},{"taxonomy":"post_tag","embeddable":true,"href":"https:\/\/www.meydan.tv\/az\/wp-json\/wp\/v2\/tags?post=169626"}],"curies":[{"name":"wp","href":"https:\/\/api.w.org\/{rel}","templated":true}]}}