{"id":169601,"date":"2015-08-23T18:56:09","date_gmt":"2015-08-23T18:56:09","guid":{"rendered":"https:\/\/www.meydan.tv\/article\/polis-sobesi-qarsisinda-novbe-cekenler-video\/"},"modified":"2015-08-23T18:56:09","modified_gmt":"2015-08-23T18:56:09","slug":"polis-sobesi-qarsisinda-novbe-cekenler-video","status":"publish","type":"post","link":"https:\/\/www.meydan.tv\/az\/article\/polis-sobesi-qarsisinda-novbe-cekenler-video\/","title":{"rendered":"Polis \u015f\u00f6b\u0259si qar\u015f\u0131s\u0131nda n\u00f6vb\u0259 \u00e7\u0259k\u0259nl\u0259r (V\u0130DEO)"},"content":{"rendered":"<figure class=\"wp-block-embed is-type-video is-provider-youtube wp-block-embed-youtube wp-embed-aspect-16-9 wp-has-aspect-ratio\">\n<div class=\"wp-block-embed__wrapper\">\n    <iframe loading=\"lazy\"\ttitle=\"\" width=\"1200\" height=\"675\" src=\"https:\/\/www.youtube.com\/embed\/ZFF6OPxWRe8\"\tframeborder=\"0\"\tallow=\"accelerometer; autoplay; clipboard-write; encrypted-media; gyroscope; picture-in-picture\" allowfullscreen><\/iframe>\n  <\/div><figcaption><\/figcaption><\/figure>\n<p>\n  <b><br \/>\n    Avqustun 22-d\u0259 Ming\u0259\u00e7evir \u015f\u0259h\u0259rind\u0259 ke\u00e7iril\u0259n aksiya zaman\u0131 saxlan\u0131lan \u015f\u0259xsl\u0259rin yax\u0131nlar\u0131 onlarla g\u00f6r\u00fc\u015f\u0259 bilmir.<br \/>\n  <\/b>\n<\/p>\n<p>\n  Ming\u0259\u00e7evird\u0259 olan Meydan TV \u0259m\u0259kda\u015flar\u0131n\u0131n m\u0259lumat\u0131na g\u00f6r\u0259, s\u0259h\u0259r saatlar\u0131ndan polis \u015f\u00f6b\u0259sinin yax\u0131nl\u0131\u011f\u0131na topla\u015fan adamlar h\u0259bs olunan yax\u0131nlar\u0131n\u0131n v\u0259ziyy\u0259tind\u0259n narahatd\u0131lar. Yax\u0131nlar\u0131n\u0131n dediyin\u0259 g\u00f6r\u0259, saxlan\u0131lanlar aras\u0131nda ya\u015fl\u0131 v\u0259 s\u0259hh\u0259tind\u0259 problem olanlar da var.\n<\/p>\n<p>\n  Hadis\u0259 il\u0259 ba\u011fl\u0131 Ming\u0259\u00e7evir\u0259 ezam olunan D\u0130N \u0259m\u0259kda\u015f\u0131, general Cavan\u015fir M\u0259mm\u0259dov Meydan TV-y\u0259 bildirib ki, aksiya zaman\u0131 21 deyil, 15 n\u0259f\u0259r saxlan\u0131l\u0131b v\u0259 onlar\u0131n ham\u0131s\u0131 haz\u0131rda \u015f\u00f6b\u0259d\u0259dir, G\u0259nc\u0259y\u0259 apar\u0131lmas\u0131 il\u0259 ba\u011fl\u0131 yay\u0131lan x\u0259b\u0259rl\u0259r do\u011fru deyil. H\u0259bs olunanlardan 6-7 n\u0259f\u0259rinin i\u015fi prokurorlu\u011fa t\u0259qdim olunub. Dig\u0259rl\u0259ri m\u0259hk\u0259m\u0259 q\u0259rar\u0131 il\u0259 inzibati qaydada c\u0259rim\u0259l\u0259n\u0259c\u0259k. Aksiyan\u0131n videog\u00f6r\u00fcnt\u00fcl\u0259ri il\u0259 daha bir ne\u00e7\u0259 i\u015ftirak\u00e7\u0131 m\u00fc\u0259yy\u0259nl\u0259\u015f\u0259r\u0259k, saxlan\u0131l\u0131b.<\/p>\n","protected":false},"excerpt":{"rendered":"<p>&#8220;Bu intervyunu g\u00f6r\u0259n kimi, bunu ver\u0259n camaat\u0131n ham\u0131s\u0131n\u0131 apar\u0131b salacaqlar i\u00e7\u0259ri&#8221;<\/p>\n","protected":false},"author":11,"featured_media":32270,"comment_status":"closed","ping_status":"open","sticky":false,"template":"","format":"standard","meta":{"_acf_changed":false,"_sitemap_exclude":false,"_sitemap_priority":"","_sitemap_frequency":"","footnotes":""},"categories":[63],"tags":[],"class_list":["post-169601","post","type-post","status-publish","format-standard","has-post-thumbnail","hentry","category-video-2","infinite-scroll-item","generate-columns","tablet-grid-50","mobile-grid-100","grid-parent","grid-33","no-featured-image-padding"],"acf":[],"yoast_head":"<!-- This site is optimized with the Yoast SEO plugin v28.4 - https:\/\/yoast.com\/product\/yoast-seo-wordpress\/ -->\n<title>Polis \u015f\u00f6b\u0259si qar\u015f\u0131s\u0131nda n\u00f6vb\u0259 \u00e7\u0259k\u0259nl\u0259r (V\u0130DEO) - MEYDAN.TV<\/title>\n<meta name=\"robots\" content=\"index, follow, max-snippet:-1, max-image-preview:large, max-video-preview:-1\" \/>\n<link rel=\"canonical\" href=\"https:\/\/www.meydan.tv\/az\/article\/polis-sobesi-qarsisinda-novbe-cekenler-video\/\" \/>\n<meta property=\"og:locale\" content=\"az_AZ\" \/>\n<meta property=\"og:type\" content=\"article\" \/>\n<meta property=\"og:title\" content=\"Polis \u015f\u00f6b\u0259si qar\u015f\u0131s\u0131nda n\u00f6vb\u0259 \u00e7\u0259k\u0259nl\u0259r (V\u0130DEO) - MEYDAN.TV\" \/>\n<meta property=\"og:description\" content=\"&quot;Bu intervyunu g\u00f6r\u0259n kimi, bunu ver\u0259n camaat\u0131n ham\u0131s\u0131n\u0131 apar\u0131b salacaqlar i\u00e7\u0259ri&quot;\" \/>\n<meta property=\"og:url\" content=\"https:\/\/www.meydan.tv\/az\/article\/polis-sobesi-qarsisinda-novbe-cekenler-video\/\" \/>\n<meta property=\"og:site_name\" content=\"MEYDAN.TV\" \/>\n<meta property=\"article:published_time\" content=\"2015-08-23T18:56:09+00:00\" \/>\n<meta property=\"og:image\" content=\"https:\/\/www.meydan.tv\/wp-content\/uploads\/12022.jpg\" \/>\n\t<meta property=\"og:image:width\" content=\"802\" \/>\n\t<meta property=\"og:image:height\" content=\"452\" \/>\n\t<meta property=\"og:image:type\" content=\"image\/jpeg\" \/>\n<meta name=\"twitter:card\" content=\"summary_large_image\" \/>\n<!-- \/ Yoast SEO plugin. -->","yoast_head_json":{"title":"Polis \u015f\u00f6b\u0259si qar\u015f\u0131s\u0131nda n\u00f6vb\u0259 \u00e7\u0259k\u0259nl\u0259r (V\u0130DEO) - MEYDAN.TV","robots":{"index":"index","follow":"follow","max-snippet":"max-snippet:-1","max-image-preview":"max-image-preview:large","max-video-preview":"max-video-preview:-1"},"canonical":"https:\/\/www.meydan.tv\/az\/article\/polis-sobesi-qarsisinda-novbe-cekenler-video\/","og_locale":"az_AZ","og_type":"article","og_title":"Polis \u015f\u00f6b\u0259si qar\u015f\u0131s\u0131nda n\u00f6vb\u0259 \u00e7\u0259k\u0259nl\u0259r (V\u0130DEO) - MEYDAN.TV","og_description":"\"Bu intervyunu g\u00f6r\u0259n kimi, bunu ver\u0259n camaat\u0131n ham\u0131s\u0131n\u0131 apar\u0131b salacaqlar i\u00e7\u0259ri\"","og_url":"https:\/\/www.meydan.tv\/az\/article\/polis-sobesi-qarsisinda-novbe-cekenler-video\/","og_site_name":"MEYDAN.TV","article_published_time":"2015-08-23T18:56:09+00:00","og_image":[{"width":802,"height":452,"url":"https:\/\/www.meydan.tv\/wp-content\/uploads\/12022.jpg","type":"image\/jpeg"}],"twitter_card":"summary_large_image","schema":{"@context":"https:\/\/schema.org","@graph":[{"@type":"Article","@id":"https:\/\/www.meydan.tv\/az\/article\/polis-sobesi-qarsisinda-novbe-cekenler-video\/#article","isPartOf":{"@id":"https:\/\/www.meydan.tv\/az\/article\/polis-sobesi-qarsisinda-novbe-cekenler-video\/"},"author":{"name":"user-manager","@id":"https:\/\/www.meydan.tv\/az\/#\/schema\/person\/10d11eccf6da3662cf5fdab9806ea91a"},"headline":"Polis \u015f\u00f6b\u0259si qar\u015f\u0131s\u0131nda n\u00f6vb\u0259 \u00e7\u0259k\u0259nl\u0259r (V\u0130DEO)","datePublished":"2015-08-23T18:56:09+00:00","mainEntityOfPage":{"@id":"https:\/\/www.meydan.tv\/az\/article\/polis-sobesi-qarsisinda-novbe-cekenler-video\/"},"wordCount":207,"publisher":{"@id":"https:\/\/www.meydan.tv\/az\/#organization"},"image":{"@id":"https:\/\/www.meydan.tv\/az\/article\/polis-sobesi-qarsisinda-novbe-cekenler-video\/#primaryimage"},"thumbnailUrl":"https:\/\/www.meydan.tv\/wp-content\/uploads\/12022.jpg","articleSection":["Video"],"inLanguage":"az"},{"@type":"WebPage","@id":"https:\/\/www.meydan.tv\/az\/article\/polis-sobesi-qarsisinda-novbe-cekenler-video\/","url":"https:\/\/www.meydan.tv\/az\/article\/polis-sobesi-qarsisinda-novbe-cekenler-video\/","name":"Polis \u015f\u00f6b\u0259si qar\u015f\u0131s\u0131nda n\u00f6vb\u0259 \u00e7\u0259k\u0259nl\u0259r (V\u0130DEO) - MEYDAN.TV","isPartOf":{"@id":"https:\/\/www.meydan.tv\/az\/#website"},"primaryImageOfPage":{"@id":"https:\/\/www.meydan.tv\/az\/article\/polis-sobesi-qarsisinda-novbe-cekenler-video\/#primaryimage"},"image":{"@id":"https:\/\/www.meydan.tv\/az\/article\/polis-sobesi-qarsisinda-novbe-cekenler-video\/#primaryimage"},"thumbnailUrl":"https:\/\/www.meydan.tv\/wp-content\/uploads\/12022.jpg","datePublished":"2015-08-23T18:56:09+00:00","breadcrumb":{"@id":"https:\/\/www.meydan.tv\/az\/article\/polis-sobesi-qarsisinda-novbe-cekenler-video\/#breadcrumb"},"inLanguage":"az","potentialAction":[{"@type":"ReadAction","target":["https:\/\/www.meydan.tv\/az\/article\/polis-sobesi-qarsisinda-novbe-cekenler-video\/"]}]},{"@type":"ImageObject","inLanguage":"az","@id":"https:\/\/www.meydan.tv\/az\/article\/polis-sobesi-qarsisinda-novbe-cekenler-video\/#primaryimage","url":"https:\/\/www.meydan.tv\/wp-content\/uploads\/12022.jpg","contentUrl":"https:\/\/www.meydan.tv\/wp-content\/uploads\/12022.jpg","width":802,"height":452,"caption":"Source:"},{"@type":"BreadcrumbList","@id":"https:\/\/www.meydan.tv\/az\/article\/polis-sobesi-qarsisinda-novbe-cekenler-video\/#breadcrumb","itemListElement":[{"@type":"ListItem","position":1,"name":"Ana s\u0259hif\u0259","item":"https:\/\/www.meydan.tv\/az\/"},{"@type":"ListItem","position":2,"name":"Video","item":"https:\/\/www.meydan.tv\/az\/section\/video-2\/"},{"@type":"ListItem","position":3,"name":"Polis \u015f\u00f6b\u0259si qar\u015f\u0131s\u0131nda n\u00f6vb\u0259 \u00e7\u0259k\u0259nl\u0259r (V\u0130DEO)"}]},{"@type":"WebSite","@id":"https:\/\/www.meydan.tv\/az\/#website","url":"https:\/\/www.meydan.tv\/az\/","name":"MEYDAN.TV","description":"Meydan TV Az\u0259rbaycan\u0131n media m\u0259kan\u0131ndak\u0131 alternativ s\u0259sidir","publisher":{"@id":"https:\/\/www.meydan.tv\/az\/#organization"},"potentialAction":[{"@type":"SearchAction","target":{"@type":"EntryPoint","urlTemplate":"https:\/\/www.meydan.tv\/az\/?s={search_term_string}"},"query-input":{"@type":"PropertyValueSpecification","valueRequired":true,"valueName":"search_term_string"}}],"inLanguage":"az"},{"@type":"Organization","@id":"https:\/\/www.meydan.tv\/az\/#organization","name":"Meydan TV","url":"https:\/\/www.meydan.tv\/az\/","logo":{"@type":"ImageObject","inLanguage":"az","@id":"https:\/\/www.meydan.tv\/az\/#\/schema\/logo\/image\/","url":"https:\/\/www.meydan.tv\/wp-content\/uploads\/2021\/07\/meydan-logo.svg","contentUrl":"https:\/\/www.meydan.tv\/wp-content\/uploads\/2021\/07\/meydan-logo.svg","width":195,"height":46,"caption":"Meydan TV"},"image":{"@id":"https:\/\/www.meydan.tv\/az\/#\/schema\/logo\/image\/"}},{"@type":"Person","@id":"https:\/\/www.meydan.tv\/az\/#\/schema\/person\/10d11eccf6da3662cf5fdab9806ea91a","name":"user-manager"}]}},"_links":{"self":[{"href":"https:\/\/www.meydan.tv\/az\/wp-json\/wp\/v2\/posts\/169601","targetHints":{"allow":["GET"]}}],"collection":[{"href":"https:\/\/www.meydan.tv\/az\/wp-json\/wp\/v2\/posts"}],"about":[{"href":"https:\/\/www.meydan.tv\/az\/wp-json\/wp\/v2\/types\/post"}],"author":[{"embeddable":true,"href":"https:\/\/www.meydan.tv\/az\/wp-json\/wp\/v2\/users\/11"}],"replies":[{"embeddable":true,"href":"https:\/\/www.meydan.tv\/az\/wp-json\/wp\/v2\/comments?post=169601"}],"version-history":[{"count":0,"href":"https:\/\/www.meydan.tv\/az\/wp-json\/wp\/v2\/posts\/169601\/revisions"}],"wp:featuredmedia":[{"embeddable":true,"href":"https:\/\/www.meydan.tv\/az\/wp-json\/wp\/v2\/media\/32270"}],"wp:attachment":[{"href":"https:\/\/www.meydan.tv\/az\/wp-json\/wp\/v2\/media?parent=169601"}],"wp:term":[{"taxonomy":"category","embeddable":true,"href":"https:\/\/www.meydan.tv\/az\/wp-json\/wp\/v2\/categories?post=169601"},{"taxonomy":"post_tag","embeddable":true,"href":"https:\/\/www.meydan.tv\/az\/wp-json\/wp\/v2\/tags?post=169601"}],"curies":[{"name":"wp","href":"https:\/\/api.w.org\/{rel}","templated":true}]}}