{"id":169599,"date":"2015-08-23T17:21:06","date_gmt":"2015-08-23T17:21:06","guid":{"rendered":"https:\/\/www.meydan.tv\/article\/tale-bagirzadenin-qurmaq-istediyi-dovlet\/"},"modified":"2015-08-23T17:21:06","modified_gmt":"2015-08-23T17:21:06","slug":"tale-bagirzadenin-qurmaq-istediyi-dovlet","status":"publish","type":"post","link":"https:\/\/www.meydan.tv\/az\/article\/tale-bagirzadenin-qurmaq-istediyi-dovlet\/","title":{"rendered":"Tale Ba\u011f\u0131rzad\u0259nin qurmaq ist\u0259diyi d\u00f6vl\u0259t"},"content":{"rendered":"<figure class=\"wp-block-image size-large\">\n  <img decoding=\"async\" src=\"https:\/\/www.meydan.tv\/az\/32273\/\" alt=\"\" class=\"wp-image-32273\"\/><figcaption><\/figcaption><\/figure>\n<figure class=\"wp-block-image size-large\">\n  <img decoding=\"async\" src=\"https:\/\/www.meydan.tv\/az\/32276\/\" alt=\"\" class=\"wp-image-32276\"\/><figcaption><\/figcaption><\/figure>\n<p>\n  <br \/>\n  Hac\u0131 Taleh Ba\u011f\u0131rzad\u0259nin Meydan tv-\u0259 m\u00fcahib\u0259sini dinl\u0259dim. Bir ne\u00e7\u0259 m\u0259qam diqq\u0259timi \u00e7\u0259kdi. Bunlarla ba\u011fl\u0131 \u00f6z fikirl\u0259rimi bildir\u0259c\u0259y\u0259m.\n<\/p>\n<p>\n  Taleh b\u0259yin \u0130ran\u0131n \u0259leyhin\u0259 \u00e7\u0131xmaqda t\u0259r\u0259dd\u00fcd\u00fc diqq\u0259t \u00e7\u0259kir. \u0130\u015e\u0130D bar\u0259d\u0259 s\u00fcbut olunmam\u0131\u015f faktlar\u0131 (\u0130sraill\u0259, AB\u015e-la i\u015fbirliyi) m\u00fcbahis\u0259l\u0259ndirm\u0259d\u0259n deyirs\u0259, \u0130ran bar\u0259d\u0259 s\u00fcbut olunmu\u015f m\u0259s\u0259l\u0259l\u0259ri (Erm\u0259nistana m\u00fcharib\u0259d\u0259 yard\u0131m\u0131n\u0131, G\u00fcney Az\u0259rbaycan\u0131 ana dilind\u0259 t\u0259hsild\u0259n m\u0259hrum etm\u0259sini) m\u00fcbahis\u0259l\u0259ndirir, qar\u015f\u0131 t\u0259r\u0259fin fikrini \u00f6yr\u0259nm\u0259y\u0259 \u00e7a\u011f\u0131r\u0131r. Yaln\u0131z Natiq Cavadl\u0131n\u0131n pe\u015f\u0259kar israr\u0131ndan sonra G\u00fcney Az\u0259rbaycanda ana dili h\u00fcququnun pozulmas\u0131n\u0131n q\u0259buledilm\u0259z oldu\u011funu etiraf edir.\n<\/p>\n<p>\n  Halbuki, G\u00fcney Az\u0259rbaycanda onmilyonlarla insan\u0131n ana dili h\u00fcququnun pozulmas\u0131 s\u00fcbuta ehtiyac\u0131 olmayan faktd\u0131r. S\u00f6hb\u0259t G\u00fcney Az\u0259rbaycan\u0131n m\u00fcst\u0259qilliyind\u0259n, he\u00e7 siyasi muxtariyy\u0259tind\u0259n d\u0259 getmir, s\u00f6hb\u0259t \u0259n adi h\u00fcquqlardan birind\u0259n \u2013 ana dilind\u0259 t\u0259hsild\u0259n gedir.\n<\/p>\n<p>\n  Taleh b\u0259y Az\u0259rbaycanda islam d\u00f6vl\u0259ti ist\u0259diyini gizl\u0259tmir. Amma diqq\u0259ti bu q\u0259buledilm\u0259z m\u0259s\u0259l\u0259d\u0259n yay\u0131nd\u0131rmaq \u00fc\u00e7\u00fcn Az\u0259rbaycan c\u0259miyy\u0259tinin indi buna \u201chaz\u0131r olmad\u0131\u011f\u0131n\u0131\u201d bildirir. Ard\u0131n\u0131 is\u0259 demir. \u018fslind\u0259 ard\u0131 bel\u0259dir: \u201cBiz ona g\u00f6r\u0259 hakimyy\u0259t\u0259 g\u0259lm\u0259k ist\u0259yirik ki, Az\u0259rbaycan\u0131 buna haz\u0131rlayaq, \u015f\u0259ri\u0259t d\u00f6vl\u0259tin\u0259 \u00e7evir\u0259k\u201d.\n<\/p>\n<p>\n  Amma Taleh b\u0259y siyas\u0259t\u00e7i kimi davran\u0131r, yaln\u0131z radikal dini k\u00fctl\u0259y\u0259 apellyasiya etmir, daha geni\u015f k\u00fctl\u0259ni h\u0259d\u0259fl\u0259yir, \u015f\u0259ri\u0259t d\u00f6vl\u0259tini \u201ct\u0259xir\u0259 sal\u0131r\u201d, bir az m\u00fcqavim\u0259td\u0259n sonra G\u00fcney Az\u0259rbaycan\u0131 da \u201cm\u00fcdafi\u0259 edir\u201d v\u0259 s..\n<\/p>\n<p>\n  Bir yerd\u0259 is\u0259 b\u0259y qeyd edir ki, indi post-modernizm d\u00f6vr\u00fcd\u00fcr v\u0259 post-modernizm modernizmin d\u0259y\u0259rl\u0259ri inkar etm\u0259sind\u0259n f\u0259rqli olaraq, onlar\u0131n yenid\u0259n d\u0259y\u0259rl\u0259ndirilm\u0259sini ir\u0259li s\u00fcr\u00fcr. Taleh b\u0259y yenid\u0259n d\u0259y\u0259rl\u0259ndirm\u0259y\u0259 \u00e7\u0131xar\u0131lm\u0131\u015f ke\u00e7mi\u015f d\u0259y\u0259r kimi islam\u0131 \u00f6n\u0259 \u00e7\u0259kir, ona yeni m\u00fcnasib\u0259tin, yenid\u0259n g\u00fcnd\u0259m\u0259, siyas\u0259t\u0259 g\u0259tirilm\u0259sinin vacibliyini vur\u011fulay\u0131r.\n<\/p>\n<p>\n  Bundan \u0259vv\u0259l bir yaz\u0131mda yazm\u0131\u015fd\u0131m, yen\u0259 t\u0259krar etm\u0259k vacibliyi hiss edir\u0259m. Post-modernizm Q\u0259rbin m\u0259hsuludur. Q\u0259rb is\u0259 pre-modernist barbarl\u0131\u011f\u0131 devirm\u0259k \u00fc\u00e7\u00fcn milyonlarla qurban verib, y\u00fczl\u0259rl\u0259 inqilab edib. Lakin post-modernizmd\u0259 \u201cinsan\u201d adl\u0131 d\u0259y\u0259r dan\u0131l\u0131r. H\u0259r \u015fey qiym\u0259tl\u0259ndirilir, \u015f\u0259rh\u0259 tabe say\u0131l\u0131r, hermenevtik bacar\u0131qdan as\u0131l\u0131 v\u0259ziyy\u0259t\u0259 g\u0259tirilir. \u0130nsan art\u0131q f\u0259rd olmur, x\u0131rda f\u0259rdl\u0259r\u0259 par\u00e7alan\u0131r, \u00e7oxlu \u201ch\u0259qiq\u0259tl\u0259r\u201dl\u0259 ya\u015faya bilir. \u201cBu, m\u0259nim \u015f\u0259xsi fikrimdir\u201d ifad\u0259sind\u0259n sui-istifad\u0259 bu \u201ch\u0259qiq\u0259tl\u0259r\u201din h\u0259r birin\u0259 guya legitimlik qazand\u0131r\u0131r. \u0130nsan \u015f\u0259raitd\u0259n, \u00e7evr\u0259d\u0259n as\u0131l\u0131 olaraq, eyni \u015fey\u0259 m\u00fcxt\u0259lif r\u0259yl\u0259r ver\u0259 v\u0259 h\u0259r bir r\u0259yin ona m\u0259xsus olmas\u0131n\u0131 utanmadan etiraf ed\u0259 bilir.\n<\/p>\n<p>\n  G\u00f6rd\u00fcy\u00fcm\u00fcz kimi, \u0259slind\u0259, post-modernizm dinl\u0259 q\u0259tiyy\u0259n uyu\u015fmur. Amma bir azdan g\u00f6r\u0259c\u0259yik ki, \u201cuyu\u015fmur\u201d yox, \u201cuyu\u015fmamal\u0131d\u0131r\u201d. Ax\u0131 post-modernizm h\u0259r bir izaha, fikr\u0259 b\u0259rab\u0259r ya\u015famaq h\u00fcququ verir. Bu, h\u0259m d\u0259 \u015f\u0259ri\u0259t, rasist mill\u0259t\u00e7ilik ist\u0259y\u0259nl\u0259r\u0259 liberall\u0131q, sosial b\u0259rab\u0259rlik kimi b\u0259\u015f\u0259ri nailiyy\u0259tl\u0259ri ifad\u0259 ed\u0259n anlay\u0131\u015f m\u00fcdafi\u0259\u00e7il\u0259ri il\u0259 eyni \u00f6l\u00e7\u00fcd\u0259 meydan verm\u0259kdir. Bu, imkan b\u0259rab\u0259rliyi anlay\u0131\u015f\u0131ndan sui-istifad\u0259 v\u0259 bu anlay\u0131\u015f\u0131n t\u0259hrif olunmas\u0131d\u0131r. Y\u0259ni \u201cbu, m\u0259nim \u015f\u0259xsi fikrimdir\u201d, \u201cbu, m\u0259nim (bizim) \u00f6z se\u00e7imimizdir\u201d ifad\u0259sinin alt\u0131na fa\u015fizmi d\u0259 salmaq olar, \u015f\u0259ri\u0259ti d\u0259, seqreqasiyan\u0131 da.\n<\/p>\n<p>\n  Buna g\u00f6r\u0259 d\u0259, Q\u0259rbin post-modernizmi daha s\u0259mimi v\u0259 t\u0259biidir. Onlar ke\u00e7dikl\u0259ri d\u0259y\u0259rl\u0259ri yenid\u0259n qiym\u0259tl\u0259ndirirl\u0259r, amma onlarda b\u0259zi \u015feyl\u0259r sad\u0259c\u0259 ke\u00e7ilm\u0259yib, tamamil\u0259 \u00f6ld\u00fcr\u00fcl\u00fcb. Orada Papa hakimiyy\u0259tini b\u0259rpa etm\u0259k olmayacaq. Ona g\u00f6r\u0259 d\u0259, Q\u0259rb post-modernizmi feodalizm d\u00f6vr\u00fcn\u0259 uzaqba\u015f\u0131 memarl\u0131qda, r\u0259smd\u0259, \u0259d\u0259biyyat\u0131n m\u00f6vzular\u0131nda qay\u0131d\u0131r.\n<\/p>\n<p>\n  Amma vay o c\u0259miyy\u0259tl\u0259rin hal\u0131na ki, modernizmi \u0259m\u0259lli-ba\u015fl\u0131 ya\u015famay\u0131blar, qura bilmirl\u0259r h\u0259l\u0259 d\u0259 v\u0259 d\u00fc\u015f\u00fcbl\u0259r post-modernizmin \u0259lin\u0259. Daha do\u011frusu, post-modernizm ifad\u0259sind\u0259n sui-istifad\u0259 ed\u0259n pre-modernistl\u0259rin \u0259lin\u0259. Bunlar \u015e\u0259rq c\u0259miyy\u0259tl\u0259ridir, x\u00fcsus\u0259n d\u0259 m\u00fcs\u0259lmanlar\u0131n \u0259ks\u0259riyy\u0259t t\u0259\u015fkil etdiyi \u00f6lk\u0259l\u0259r. Bu \u00f6lk\u0259l\u0259rd\u0259 post-modern\u0448zm deyil, s\u00fcni, d\u0131rnaqaras\u0131 post-modernizmdir. Q\u0259rbin t\u0259bii post-modernizmi \u201clediqaqal\u0131\u011fa\u201d, \u201ccastinbiberliy\u0259\u201d, \u201ciphone-lu\u011fa\u201d, klassikaya m\u00fcraci\u0259t\u0259, burjuy, me\u015f\u015fan h\u0259yat t\u0259rzin\u0259 apar\u0131rsa, \u015e\u0259rqin s\u00fcni, yalan\u00e7\u0131 \u201cpost-modernizmi\u201d is\u0259 \u00f6z klassikas\u0131na \u2013 islama, tiranl\u0131\u011fa, feodal m\u00fcharib\u0259l\u0259rin\u0259 apar\u0131r.\n<\/p>\n<p>\n  \u018fvv\u0259lki yaz\u0131mda da yazd\u0131\u011f\u0131m kimi, biz q\u0259tiyy\u0259n bu m\u0259rh\u0259l\u0259y\u0259 \u00e7atmam\u0131\u015f\u0131q. \u00c7\u00fcnki biz he\u00e7 modern c\u0259miyy\u0259t olmam\u0131\u015f\u0131q ki, post-modern d\u0259 ola bil\u0259k. Ona g\u00f6r\u0259 d\u0259, bu t\u0259\u015f\u0259bb\u00fcs bizd\u0259 daha t\u0259hl\u00fck\u0259lidir. Darmada\u011f\u0131n olunmu\u015f, 3 il\u0259 (1918-20, 1992-93) toparlanma\u011fa macal tapmam\u0131\u015f c\u0259miyy\u0259tin haz\u0131rda vahid, sars\u0131lmaz (\u0259n az\u0131ndan g\u00f6r\u00fcn\u0259n), h\u0259r \u015feyin f\u00f6vq\u00fcnd\u0259 duran modern d\u0259y\u0259rl\u0259r\u0259 ehtiyac\u0131 var, modernizmi danma\u011fa yox. Formala\u015fmam\u0131\u015f d\u0259y\u0259rl\u0259ri m\u0259hv etm\u0259y\u0259 giri\u015f\u0259nl\u0259r \u0259slind\u0259 bir c\u0259miyy\u0259ti, onun proqres ehtimallar\u0131n\u0131 m\u0259hv etm\u0259kl\u0259 m\u0259\u015f\u011fuldurlar. Azadl\u0131q, demokratiya, insan h\u00fcquq v\u0259 azadl\u0131qlar\u0131n\u0131n aliliyi, d\u00fcny\u0259vilik, sekulyarizm kimi onlarla d\u0259y\u0259r var ki, bunlar yaln\u0131z \u00e7ox t\u0259tbiq olunmu\u015f, insanlar\u0131 usand\u0131rm\u0131\u015f c\u0259miyy\u0259tl\u0259rd\u0259 t\u0259bii olaraq h\u0259d\u0259f\u0259 g\u0259lirl\u0259r. Bizd\u0259 is\u0259 n\u0259inki usand\u0131r\u0131c\u0131 olmay\u0131blar, he\u00e7 t\u0259tbiq d\u0259 olunmay\u0131blar.\n<\/p>\n<p>\n  Taleh b\u0259yin d\u0259 post-modernizm\u0259 tutunmas\u0131, b\u0259lk\u0259 d\u0259, q\u0259sd\u0259n olmayan qeyri-s\u0259mimi m\u00fcnasib\u0259tdir. Post-modernizm h\u0259m d\u0259 pedofiliyan\u0131n, zorak\u0131l\u0131\u011f\u0131n t\u0259bli\u011finin qar\u015f\u0131s\u0131n\u0131n al\u0131na bilm\u0259m\u0259sidir, LGBT-l\u0259r\u0259 heteroseksuallarla b\u0259rab\u0259r h\u00fcquqlar\u0131n verilm\u0259sidir, eyni zamanda bunun \u0259leyhin\u0259 \u00e7\u0131xan homofobiyaya eyni d\u0259r\u0259c\u0259d\u0259 meydan verm\u0259kdir. Post-modernizm yenid\u0259n d\u0259y\u0259rl\u0259ndirm\u0259 ad\u0131 il\u0259 modernizmin inkar\u0131 v\u0259 yerin\u0259 he\u00e7 n\u0259 t\u0259klif olunmamas\u0131d\u0131r. He\u00e7 bir din bununla raz\u0131la\u015fm\u0131r. Amma sui-istifad\u0259 edirl\u0259r ki, modernizmin m\u0259hvedici t\u0259sirind\u0259n qurtara bilsinl\u0259r. M\u0259s\u0259l\u0259n, \u0130\u015e\u0130D-d\u0259 d\u00f6y\u00fc\u015f\u0259n q\u0259rblil\u0259r post-modernizmin m\u0259hsuludur. Biz post-modern d\u0259 ola bil\u0259rik, amma yaln\u0131z t\u0259m\u0259l d\u0259y\u0259rl\u0259rmizi itirm\u0259m\u0259k \u015f\u0259rti il\u0259.\n<\/p>\n<p>\n  Taleh b\u0259y d\u0259y\u0259rli, c\u0259sar\u0259tli insand\u0131r, bu \u00f6lk\u0259nin xo\u015fb\u0259xtliyini ist\u0259diyin\u0259 inan\u0131ram. 2 d\u0259f\u0259 h\u0259bsd\u0259 q\u0131sam\u00fcdd\u0259tli g\u00f6r\u00fc\u015f\u00fcm\u00fcz olub. Onda da g\u00f6rm\u00fc\u015f\u0259m ki, o, tolerant v\u0259 dialoqa a\u00e7\u0131q adamd\u0131r. Lakin hesab edir\u0259m ki, onun dinin d\u00f6vl\u0259td\u0259n ayr\u0131 olmas\u0131n\u0131n \u0259leyhin\u0259 \u00e7\u0131xmas\u0131 il\u0259 ba\u011fl\u0131 verdiyi \u015f\u0259rh yanl\u0131\u015fd\u0131r. Din xadiml\u0259ri d\u00f6vl\u0259tin ali v\u0259zif\u0259l\u0259rini tuta bilm\u0259zl\u0259r, bunu ba\u015fqa c\u00fcr \u015f\u0259rh edib din xadimini v\u0259zif\u0259y\u0259 g\u0259tirm\u0259k sekulyarizm\u0259 ziddir.\n<\/p>\n<p>\n  Sekulyarizm is\u0259 bizim d\u00fcny\u0259vilik, respublika\u00e7\u0131l\u0131q, insan h\u00fcquqlar\u0131n\u0131n aliliyi v\u0259 s. kimi t\u0259m\u0259l d\u0259y\u0259rl\u0259rimizd\u0259n biridir. Bunlardan imtinan\u0131 t\u0259bli\u011f ed\u0259n h\u0259r hans\u0131 \u00e7a\u011f\u0131r\u0131\u015fa, c\u0259r\u0259yana uymaq yolverilm\u0259zdir. Demokratiya Taleh b\u0259yin dediyi kimi, ist\u0259diyini se\u00e7m\u0259k deyil, s\u0259sverm\u0259 il\u0259 \u015f\u0259ri\u0259t qurmaq deyil. Bunu Hitler \u00e7oxdan s\u00fcbut edib. Xalqlar\u0131n suverenliyinin m\u0259hdudiyy\u0259tl\u0259ri 1945-d\u0259 San-Fransiskoda m\u00f6hk\u0259ml\u0259ndirilib, 1948-d\u0259 yaz\u0131ya al\u0131n\u0131b, 1976 v\u0259 1982-d\u0259 q\u00fcvv\u0259y\u0259 minib. \u201cD\u00fcnya \u0130nsan h\u00fcquqlar\u0131 B\u0259yannam\u0259si\u201dnd\u0259, \u201cM\u00fclki v\u0259 siyasi h\u00fcquqlar haqq\u0131nda\u201d, \u201c\u0130qtisadi v\u0259 sosial h\u00fcquqlar haqq\u0131nda\u201d Paktlarda d\u0259y\u0259rl\u0259rimiz yaz\u0131l\u0131b.\n<\/p>\n<p>\n  Biz bu qeyri-demokratik rejim \u015f\u0259raitind\u0259 \u00e7ox \u015fey itirmi\u015fik, amma sekulyarizmimizi saxlaya bilmi\u015fik. \u0130ndi is\u0259 bu da b\u00f6y\u00fck t\u0259hl\u00fck\u0259d\u0259dir. \u00c7\u00fcnki \u00f6lk\u0259d\u0259 \u0259dal\u0259tsizliyin dib\u0259 vurmas\u0131 insanlar\u0131n yerd\u0259n \u0259lini \u00fcz\u00fcb, g\u00f6y\u0259 a\u00e7mas\u0131na s\u0259b\u0259b olub. G\u00f6yl\u0259 yer aras\u0131ndak\u0131 \u201ct\u0259rc\u00fcm\u0259\u00e7il\u0259r\u201d is\u0259 bu v\u0259ziyy\u0259td\u0259n maksimum yararlanma\u011fa \u00e7al\u0131\u015f\u0131rlar. 19-cu \u0259srin sonu-20-ci \u0259srin \u0259vv\u0259ll\u0259rind\u0259 min bir \u0259ziyy\u0259tl\u0259 Az\u0259rbaycanda b\u0259rq\u0259rar edilmi\u015f d\u0259y\u0259rl\u0259rimiz b\u00f6y\u00fck t\u0259hl\u00fck\u0259d\u0259dir. Onlar\u0131 qorumaq laz\u0131md\u0131r, da\u011f\u0131tmaq yox.\n<\/p>\n<p>\n  <b><br \/>\n    Yaz\u0131 m\u00fc\u0259llifin \u015f\u0259xsi fikirl\u0259rini \u0259ks etdirir.<br \/>\n  <\/b>\n<\/p>\n<p>\n  <b><br \/>\n    Meydan.TV qar\u015f\u0131 t\u0259r\u0259fin m\u00f6vqeyini yay\u0131nlama\u011fa haz\u0131rd\u0131r&#8230;<br \/>\n  <\/b><\/p>\n","protected":false},"excerpt":{"rendered":"<p>O, bunu gizl\u0259tmir&#8230;<\/p>\n","protected":false},"author":11,"featured_media":32273,"comment_status":"closed","ping_status":"open","sticky":false,"template":"","format":"standard","meta":{"_acf_changed":false,"_sitemap_exclude":false,"_sitemap_priority":"","_sitemap_frequency":"","footnotes":""},"categories":[57],"tags":[],"class_list":["post-169599","post","type-post","status-publish","format-standard","has-post-thumbnail","hentry","category-menim-fikrimce","infinite-scroll-item","generate-columns","tablet-grid-50","mobile-grid-100","grid-parent","grid-33","no-featured-image-padding"],"acf":[],"yoast_head":"<!-- This site is optimized with the Yoast SEO plugin v27.5 - https:\/\/yoast.com\/product\/yoast-seo-wordpress\/ -->\n<title>Tale Ba\u011f\u0131rzad\u0259nin qurmaq ist\u0259diyi d\u00f6vl\u0259t - MEYDAN.TV<\/title>\n<meta name=\"robots\" content=\"index, follow, max-snippet:-1, max-image-preview:large, max-video-preview:-1\" \/>\n<link rel=\"canonical\" href=\"https:\/\/www.meydan.tv\/az\/article\/tale-bagirzadenin-qurmaq-istediyi-dovlet\/\" \/>\n<meta property=\"og:locale\" content=\"az_AZ\" \/>\n<meta property=\"og:type\" content=\"article\" \/>\n<meta property=\"og:title\" content=\"Tale Ba\u011f\u0131rzad\u0259nin qurmaq ist\u0259diyi d\u00f6vl\u0259t - MEYDAN.TV\" \/>\n<meta property=\"og:description\" content=\"O, bunu gizl\u0259tmir...\" \/>\n<meta property=\"og:url\" content=\"https:\/\/www.meydan.tv\/az\/article\/tale-bagirzadenin-qurmaq-istediyi-dovlet\/\" \/>\n<meta property=\"og:site_name\" content=\"MEYDAN.TV\" \/>\n<meta property=\"article:published_time\" content=\"2015-08-23T17:21:06+00:00\" \/>\n<meta property=\"og:image\" content=\"https:\/\/www.meydan.tv\/wp-content\/uploads\/12020.jpg\" \/>\n\t<meta property=\"og:image:width\" content=\"500\" \/>\n\t<meta property=\"og:image:height\" content=\"500\" \/>\n\t<meta property=\"og:image:type\" content=\"image\/jpeg\" \/>\n<meta name=\"author\" content=\"user-manager\" \/>\n<meta name=\"twitter:card\" content=\"summary_large_image\" \/>\n<script type=\"application\/ld+json\" class=\"yoast-schema-graph\">{\"@context\":\"https:\\\/\\\/schema.org\",\"@graph\":[{\"@type\":\"Article\",\"@id\":\"https:\\\/\\\/www.meydan.tv\\\/az\\\/article\\\/tale-bagirzadenin-qurmaq-istediyi-dovlet\\\/#article\",\"isPartOf\":{\"@id\":\"https:\\\/\\\/www.meydan.tv\\\/az\\\/article\\\/tale-bagirzadenin-qurmaq-istediyi-dovlet\\\/\"},\"author\":{\"name\":\"user-manager\",\"@id\":\"https:\\\/\\\/www.meydan.tv\\\/az\\\/#\\\/schema\\\/person\\\/10d11eccf6da3662cf5fdab9806ea91a\"},\"headline\":\"Tale Ba\u011f\u0131rzad\u0259nin qurmaq ist\u0259diyi d\u00f6vl\u0259t\",\"datePublished\":\"2015-08-23T17:21:06+00:00\",\"mainEntityOfPage\":{\"@id\":\"https:\\\/\\\/www.meydan.tv\\\/az\\\/article\\\/tale-bagirzadenin-qurmaq-istediyi-dovlet\\\/\"},\"wordCount\":1837,\"publisher\":{\"@id\":\"https:\\\/\\\/www.meydan.tv\\\/az\\\/#organization\"},\"image\":{\"@id\":\"https:\\\/\\\/www.meydan.tv\\\/az\\\/article\\\/tale-bagirzadenin-qurmaq-istediyi-dovlet\\\/#primaryimage\"},\"thumbnailUrl\":\"https:\\\/\\\/www.meydan.tv\\\/wp-content\\\/uploads\\\/12020.jpg\",\"articleSection\":[\"M\u0259nim Fikrimc\u0259\"],\"inLanguage\":\"az\"},{\"@type\":\"WebPage\",\"@id\":\"https:\\\/\\\/www.meydan.tv\\\/az\\\/article\\\/tale-bagirzadenin-qurmaq-istediyi-dovlet\\\/\",\"url\":\"https:\\\/\\\/www.meydan.tv\\\/az\\\/article\\\/tale-bagirzadenin-qurmaq-istediyi-dovlet\\\/\",\"name\":\"Tale Ba\u011f\u0131rzad\u0259nin qurmaq ist\u0259diyi d\u00f6vl\u0259t - MEYDAN.TV\",\"isPartOf\":{\"@id\":\"https:\\\/\\\/www.meydan.tv\\\/az\\\/#website\"},\"primaryImageOfPage\":{\"@id\":\"https:\\\/\\\/www.meydan.tv\\\/az\\\/article\\\/tale-bagirzadenin-qurmaq-istediyi-dovlet\\\/#primaryimage\"},\"image\":{\"@id\":\"https:\\\/\\\/www.meydan.tv\\\/az\\\/article\\\/tale-bagirzadenin-qurmaq-istediyi-dovlet\\\/#primaryimage\"},\"thumbnailUrl\":\"https:\\\/\\\/www.meydan.tv\\\/wp-content\\\/uploads\\\/12020.jpg\",\"datePublished\":\"2015-08-23T17:21:06+00:00\",\"breadcrumb\":{\"@id\":\"https:\\\/\\\/www.meydan.tv\\\/az\\\/article\\\/tale-bagirzadenin-qurmaq-istediyi-dovlet\\\/#breadcrumb\"},\"inLanguage\":\"az\",\"potentialAction\":[{\"@type\":\"ReadAction\",\"target\":[\"https:\\\/\\\/www.meydan.tv\\\/az\\\/article\\\/tale-bagirzadenin-qurmaq-istediyi-dovlet\\\/\"]}]},{\"@type\":\"ImageObject\",\"inLanguage\":\"az\",\"@id\":\"https:\\\/\\\/www.meydan.tv\\\/az\\\/article\\\/tale-bagirzadenin-qurmaq-istediyi-dovlet\\\/#primaryimage\",\"url\":\"https:\\\/\\\/www.meydan.tv\\\/wp-content\\\/uploads\\\/12020.jpg\",\"contentUrl\":\"https:\\\/\\\/www.meydan.tv\\\/wp-content\\\/uploads\\\/12020.jpg\",\"width\":500,\"height\":500,\"caption\":\"Source:\"},{\"@type\":\"BreadcrumbList\",\"@id\":\"https:\\\/\\\/www.meydan.tv\\\/az\\\/article\\\/tale-bagirzadenin-qurmaq-istediyi-dovlet\\\/#breadcrumb\",\"itemListElement\":[{\"@type\":\"ListItem\",\"position\":1,\"name\":\"Ana s\u0259hif\u0259\",\"item\":\"https:\\\/\\\/www.meydan.tv\\\/az\\\/\"},{\"@type\":\"ListItem\",\"position\":2,\"name\":\"M\u0259nim Fikrimc\u0259\",\"item\":\"https:\\\/\\\/www.meydan.tv\\\/az\\\/section\\\/menim-fikrimce\\\/\"},{\"@type\":\"ListItem\",\"position\":3,\"name\":\"Tale Ba\u011f\u0131rzad\u0259nin qurmaq ist\u0259diyi d\u00f6vl\u0259t\"}]},{\"@type\":\"WebSite\",\"@id\":\"https:\\\/\\\/www.meydan.tv\\\/az\\\/#website\",\"url\":\"https:\\\/\\\/www.meydan.tv\\\/az\\\/\",\"name\":\"MEYDAN.TV\",\"description\":\"Meydan TV Az\u0259rbaycan\u0131n media m\u0259kan\u0131ndak\u0131 alternativ s\u0259sidir\",\"publisher\":{\"@id\":\"https:\\\/\\\/www.meydan.tv\\\/az\\\/#organization\"},\"potentialAction\":[{\"@type\":\"SearchAction\",\"target\":{\"@type\":\"EntryPoint\",\"urlTemplate\":\"https:\\\/\\\/www.meydan.tv\\\/az\\\/?s={search_term_string}\"},\"query-input\":{\"@type\":\"PropertyValueSpecification\",\"valueRequired\":true,\"valueName\":\"search_term_string\"}}],\"inLanguage\":\"az\"},{\"@type\":\"Organization\",\"@id\":\"https:\\\/\\\/www.meydan.tv\\\/az\\\/#organization\",\"name\":\"Meydan TV\",\"url\":\"https:\\\/\\\/www.meydan.tv\\\/az\\\/\",\"logo\":{\"@type\":\"ImageObject\",\"inLanguage\":\"az\",\"@id\":\"https:\\\/\\\/www.meydan.tv\\\/az\\\/#\\\/schema\\\/logo\\\/image\\\/\",\"url\":\"https:\\\/\\\/www.meydan.tv\\\/wp-content\\\/uploads\\\/2021\\\/07\\\/meydan-logo.svg\",\"contentUrl\":\"https:\\\/\\\/www.meydan.tv\\\/wp-content\\\/uploads\\\/2021\\\/07\\\/meydan-logo.svg\",\"width\":195,\"height\":46,\"caption\":\"Meydan TV\"},\"image\":{\"@id\":\"https:\\\/\\\/www.meydan.tv\\\/az\\\/#\\\/schema\\\/logo\\\/image\\\/\"}},{\"@type\":\"Person\",\"@id\":\"https:\\\/\\\/www.meydan.tv\\\/az\\\/#\\\/schema\\\/person\\\/10d11eccf6da3662cf5fdab9806ea91a\",\"name\":\"user-manager\"}]}<\/script>\n<!-- \/ Yoast SEO plugin. -->","yoast_head_json":{"title":"Tale Ba\u011f\u0131rzad\u0259nin qurmaq ist\u0259diyi d\u00f6vl\u0259t - MEYDAN.TV","robots":{"index":"index","follow":"follow","max-snippet":"max-snippet:-1","max-image-preview":"max-image-preview:large","max-video-preview":"max-video-preview:-1"},"canonical":"https:\/\/www.meydan.tv\/az\/article\/tale-bagirzadenin-qurmaq-istediyi-dovlet\/","og_locale":"az_AZ","og_type":"article","og_title":"Tale Ba\u011f\u0131rzad\u0259nin qurmaq ist\u0259diyi d\u00f6vl\u0259t - MEYDAN.TV","og_description":"O, bunu gizl\u0259tmir...","og_url":"https:\/\/www.meydan.tv\/az\/article\/tale-bagirzadenin-qurmaq-istediyi-dovlet\/","og_site_name":"MEYDAN.TV","article_published_time":"2015-08-23T17:21:06+00:00","og_image":[{"width":500,"height":500,"url":"https:\/\/www.meydan.tv\/wp-content\/uploads\/12020.jpg","type":"image\/jpeg"}],"author":"user-manager","twitter_card":"summary_large_image","schema":{"@context":"https:\/\/schema.org","@graph":[{"@type":"Article","@id":"https:\/\/www.meydan.tv\/az\/article\/tale-bagirzadenin-qurmaq-istediyi-dovlet\/#article","isPartOf":{"@id":"https:\/\/www.meydan.tv\/az\/article\/tale-bagirzadenin-qurmaq-istediyi-dovlet\/"},"author":{"name":"user-manager","@id":"https:\/\/www.meydan.tv\/az\/#\/schema\/person\/10d11eccf6da3662cf5fdab9806ea91a"},"headline":"Tale Ba\u011f\u0131rzad\u0259nin qurmaq ist\u0259diyi d\u00f6vl\u0259t","datePublished":"2015-08-23T17:21:06+00:00","mainEntityOfPage":{"@id":"https:\/\/www.meydan.tv\/az\/article\/tale-bagirzadenin-qurmaq-istediyi-dovlet\/"},"wordCount":1837,"publisher":{"@id":"https:\/\/www.meydan.tv\/az\/#organization"},"image":{"@id":"https:\/\/www.meydan.tv\/az\/article\/tale-bagirzadenin-qurmaq-istediyi-dovlet\/#primaryimage"},"thumbnailUrl":"https:\/\/www.meydan.tv\/wp-content\/uploads\/12020.jpg","articleSection":["M\u0259nim Fikrimc\u0259"],"inLanguage":"az"},{"@type":"WebPage","@id":"https:\/\/www.meydan.tv\/az\/article\/tale-bagirzadenin-qurmaq-istediyi-dovlet\/","url":"https:\/\/www.meydan.tv\/az\/article\/tale-bagirzadenin-qurmaq-istediyi-dovlet\/","name":"Tale Ba\u011f\u0131rzad\u0259nin qurmaq ist\u0259diyi d\u00f6vl\u0259t - MEYDAN.TV","isPartOf":{"@id":"https:\/\/www.meydan.tv\/az\/#website"},"primaryImageOfPage":{"@id":"https:\/\/www.meydan.tv\/az\/article\/tale-bagirzadenin-qurmaq-istediyi-dovlet\/#primaryimage"},"image":{"@id":"https:\/\/www.meydan.tv\/az\/article\/tale-bagirzadenin-qurmaq-istediyi-dovlet\/#primaryimage"},"thumbnailUrl":"https:\/\/www.meydan.tv\/wp-content\/uploads\/12020.jpg","datePublished":"2015-08-23T17:21:06+00:00","breadcrumb":{"@id":"https:\/\/www.meydan.tv\/az\/article\/tale-bagirzadenin-qurmaq-istediyi-dovlet\/#breadcrumb"},"inLanguage":"az","potentialAction":[{"@type":"ReadAction","target":["https:\/\/www.meydan.tv\/az\/article\/tale-bagirzadenin-qurmaq-istediyi-dovlet\/"]}]},{"@type":"ImageObject","inLanguage":"az","@id":"https:\/\/www.meydan.tv\/az\/article\/tale-bagirzadenin-qurmaq-istediyi-dovlet\/#primaryimage","url":"https:\/\/www.meydan.tv\/wp-content\/uploads\/12020.jpg","contentUrl":"https:\/\/www.meydan.tv\/wp-content\/uploads\/12020.jpg","width":500,"height":500,"caption":"Source:"},{"@type":"BreadcrumbList","@id":"https:\/\/www.meydan.tv\/az\/article\/tale-bagirzadenin-qurmaq-istediyi-dovlet\/#breadcrumb","itemListElement":[{"@type":"ListItem","position":1,"name":"Ana s\u0259hif\u0259","item":"https:\/\/www.meydan.tv\/az\/"},{"@type":"ListItem","position":2,"name":"M\u0259nim Fikrimc\u0259","item":"https:\/\/www.meydan.tv\/az\/section\/menim-fikrimce\/"},{"@type":"ListItem","position":3,"name":"Tale Ba\u011f\u0131rzad\u0259nin qurmaq ist\u0259diyi d\u00f6vl\u0259t"}]},{"@type":"WebSite","@id":"https:\/\/www.meydan.tv\/az\/#website","url":"https:\/\/www.meydan.tv\/az\/","name":"MEYDAN.TV","description":"Meydan TV Az\u0259rbaycan\u0131n media m\u0259kan\u0131ndak\u0131 alternativ s\u0259sidir","publisher":{"@id":"https:\/\/www.meydan.tv\/az\/#organization"},"potentialAction":[{"@type":"SearchAction","target":{"@type":"EntryPoint","urlTemplate":"https:\/\/www.meydan.tv\/az\/?s={search_term_string}"},"query-input":{"@type":"PropertyValueSpecification","valueRequired":true,"valueName":"search_term_string"}}],"inLanguage":"az"},{"@type":"Organization","@id":"https:\/\/www.meydan.tv\/az\/#organization","name":"Meydan TV","url":"https:\/\/www.meydan.tv\/az\/","logo":{"@type":"ImageObject","inLanguage":"az","@id":"https:\/\/www.meydan.tv\/az\/#\/schema\/logo\/image\/","url":"https:\/\/www.meydan.tv\/wp-content\/uploads\/2021\/07\/meydan-logo.svg","contentUrl":"https:\/\/www.meydan.tv\/wp-content\/uploads\/2021\/07\/meydan-logo.svg","width":195,"height":46,"caption":"Meydan TV"},"image":{"@id":"https:\/\/www.meydan.tv\/az\/#\/schema\/logo\/image\/"}},{"@type":"Person","@id":"https:\/\/www.meydan.tv\/az\/#\/schema\/person\/10d11eccf6da3662cf5fdab9806ea91a","name":"user-manager"}]}},"_links":{"self":[{"href":"https:\/\/www.meydan.tv\/az\/wp-json\/wp\/v2\/posts\/169599","targetHints":{"allow":["GET"]}}],"collection":[{"href":"https:\/\/www.meydan.tv\/az\/wp-json\/wp\/v2\/posts"}],"about":[{"href":"https:\/\/www.meydan.tv\/az\/wp-json\/wp\/v2\/types\/post"}],"author":[{"embeddable":true,"href":"https:\/\/www.meydan.tv\/az\/wp-json\/wp\/v2\/users\/11"}],"replies":[{"embeddable":true,"href":"https:\/\/www.meydan.tv\/az\/wp-json\/wp\/v2\/comments?post=169599"}],"version-history":[{"count":0,"href":"https:\/\/www.meydan.tv\/az\/wp-json\/wp\/v2\/posts\/169599\/revisions"}],"wp:featuredmedia":[{"embeddable":true,"href":"https:\/\/www.meydan.tv\/az\/wp-json\/wp\/v2\/media\/32273"}],"wp:attachment":[{"href":"https:\/\/www.meydan.tv\/az\/wp-json\/wp\/v2\/media?parent=169599"}],"wp:term":[{"taxonomy":"category","embeddable":true,"href":"https:\/\/www.meydan.tv\/az\/wp-json\/wp\/v2\/categories?post=169599"},{"taxonomy":"post_tag","embeddable":true,"href":"https:\/\/www.meydan.tv\/az\/wp-json\/wp\/v2\/tags?post=169599"}],"curies":[{"name":"wp","href":"https:\/\/api.w.org\/{rel}","templated":true}]}}