{"id":169596,"date":"2015-08-23T03:50:49","date_gmt":"2015-08-23T03:50:49","guid":{"rendered":"https:\/\/www.meydan.tv\/article\/valideyn-oglum-isiq-pulun-odemeye-getmisdi-videofotolar\/"},"modified":"2015-08-23T03:50:49","modified_gmt":"2015-08-23T03:50:49","slug":"valideyn-oglum-isiq-pulun-odemeye-getmisdi-videofotolar","status":"publish","type":"post","link":"https:\/\/www.meydan.tv\/az\/article\/valideyn-oglum-isiq-pulun-odemeye-getmisdi-videofotolar\/","title":{"rendered":"Valideyn :  &#8220;O\u011flum i\u015f\u0131q pulun \u00f6d\u0259m\u0259y\u0259 getmi\u015fdi&#8230;&#8221; (V\u0130DEO,FOTOLAR)"},"content":{"rendered":"<figure class=\"wp-block-embed is-type-video is-provider-youtube wp-block-embed-youtube wp-embed-aspect-16-9 wp-has-aspect-ratio\">\n<div class=\"wp-block-embed__wrapper\">\n    <iframe loading=\"lazy\"\ttitle=\"\" width=\"1200\" height=\"675\" src=\"https:\/\/www.youtube.com\/embed\/RD0Tp_WbhaQ\"\tframeborder=\"0\"\tallow=\"accelerometer; autoplay; clipboard-write; encrypted-media; gyroscope; picture-in-picture\" allowfullscreen><\/iframe>\n  <\/div><figcaption><\/figcaption><\/figure>\n<p>\n  22 avqustda Ming\u0259\u00e7evird\u0259 polis \u015f\u00f6b\u0259sinin qar\u015f\u0131s\u0131nda ba\u015f tutan aksiyadan sonra polisl\u0259rl\u0259 aksiya i\u015ftirak\u00e7\u0131lar\u0131 aras\u0131nda qar\u015f\u0131durma ya\u015fan\u0131b. R\u0259smi m\u0259lumata g\u00f6r\u0259, 21 n\u0259f\u0259r saxlan\u0131l\u0131b. Saxlan\u0131lanlardan biri 39 ya\u015fl\u0131 Rasim Abdullayevdir. Onun anas\u0131 G\u00fclaf\u0259t Abdullayeva \u00a0Meydan TV-y\u0259 bildirib ki, o\u011flu aksiyada i\u015ftirak etm\u0259yib, bac\u0131s\u0131n\u0131n evinin i\u015f\u0131q pulun \u00f6d\u0259m\u0259k \u00fc\u00e7\u00fcn evd\u0259n \u00e7\u0131x\u0131b v\u0259 saxlan\u0131l\u0131b.\n<\/p>\n<figure class=\"wp-block-image size-large\">\n  <img decoding=\"async\" src=\"https:\/\/www.meydan.tv\/az\/32216\/\" alt=\"\" class=\"wp-image-32216\"\/><figcaption><\/figcaption><\/figure>\n<figure class=\"wp-block-image size-large\">\n  <img decoding=\"async\" src=\"https:\/\/www.meydan.tv\/az\/32219\/\" alt=\"\" class=\"wp-image-32219\"\/><figcaption><\/figcaption><\/figure>\n<figure class=\"wp-block-image size-large\">\n  <img decoding=\"async\" src=\"https:\/\/www.meydan.tv\/az\/32222\/\" alt=\"\" class=\"wp-image-32222\"\/><figcaption><\/figcaption><\/figure>\n<figure class=\"wp-block-image size-large\">\n  <img decoding=\"async\" src=\"https:\/\/www.meydan.tv\/az\/32225\/\" alt=\"\" class=\"wp-image-32225\"\/><figcaption><\/figcaption><\/figure>\n<figure class=\"wp-block-image size-large\">\n  <img decoding=\"async\" src=\"https:\/\/www.meydan.tv\/az\/32228\/\" alt=\"\" class=\"wp-image-32228\"\/><figcaption><\/figcaption><\/figure>\n<figure class=\"wp-block-image size-large\">\n  <img decoding=\"async\" src=\"https:\/\/www.meydan.tv\/az\/32231\/\" alt=\"\" class=\"wp-image-32231\"\/><figcaption><\/figcaption><\/figure>\n<figure class=\"wp-block-image size-large\">\n  <img decoding=\"async\" src=\"https:\/\/www.meydan.tv\/az\/32234\/\" alt=\"\" class=\"wp-image-32234\"\/><figcaption><\/figcaption><\/figure>\n","protected":false},"excerpt":{"rendered":"<p>Aksiyadan sonra saxlan\u0131lan Rasim Abdullayevin anas\u0131 o\u011flunun aksiyada i\u015ftirak etm\u0259diyini bildirir<\/p>\n","protected":false},"author":11,"featured_media":32210,"comment_status":"closed","ping_status":"open","sticky":false,"template":"","format":"standard","meta":{"_acf_changed":false,"_sitemap_exclude":false,"_sitemap_priority":"","_sitemap_frequency":"","footnotes":""},"categories":[63],"tags":[],"class_list":["post-169596","post","type-post","status-publish","format-standard","has-post-thumbnail","hentry","category-video-2","infinite-scroll-item","generate-columns","tablet-grid-50","mobile-grid-100","grid-parent","grid-33","no-featured-image-padding"],"acf":[],"yoast_head":"<!-- This site is optimized with the Yoast SEO plugin v28.4 - https:\/\/yoast.com\/product\/yoast-seo-wordpress\/ -->\n<title>Valideyn : &quot;O\u011flum i\u015f\u0131q pulun \u00f6d\u0259m\u0259y\u0259 getmi\u015fdi...&quot; (V\u0130DEO,FOTOLAR) - MEYDAN.TV<\/title>\n<meta name=\"robots\" content=\"index, follow, max-snippet:-1, max-image-preview:large, max-video-preview:-1\" \/>\n<link rel=\"canonical\" href=\"https:\/\/www.meydan.tv\/az\/article\/valideyn-oglum-isiq-pulun-odemeye-getmisdi-videofotolar\/\" \/>\n<meta property=\"og:locale\" content=\"az_AZ\" \/>\n<meta property=\"og:type\" content=\"article\" \/>\n<meta property=\"og:title\" content=\"Valideyn : &quot;O\u011flum i\u015f\u0131q pulun \u00f6d\u0259m\u0259y\u0259 getmi\u015fdi...&quot; (V\u0130DEO,FOTOLAR) - MEYDAN.TV\" \/>\n<meta property=\"og:description\" content=\"Aksiyadan sonra saxlan\u0131lan Rasim Abdullayevin anas\u0131 o\u011flunun aksiyada i\u015ftirak etm\u0259diyini bildirir\" \/>\n<meta property=\"og:url\" content=\"https:\/\/www.meydan.tv\/az\/article\/valideyn-oglum-isiq-pulun-odemeye-getmisdi-videofotolar\/\" \/>\n<meta property=\"og:site_name\" content=\"MEYDAN.TV\" \/>\n<meta property=\"article:published_time\" content=\"2015-08-23T03:50:49+00:00\" \/>\n<meta property=\"og:image\" content=\"https:\/\/www.meydan.tv\/wp-content\/uploads\/12002.jpg\" \/>\n\t<meta property=\"og:image:width\" content=\"802\" \/>\n\t<meta property=\"og:image:height\" content=\"453\" \/>\n\t<meta property=\"og:image:type\" content=\"image\/jpeg\" \/>\n<meta name=\"twitter:card\" content=\"summary_large_image\" \/>\n<!-- \/ Yoast SEO plugin. -->","yoast_head_json":{"title":"Valideyn : \"O\u011flum i\u015f\u0131q pulun \u00f6d\u0259m\u0259y\u0259 getmi\u015fdi...\" (V\u0130DEO,FOTOLAR) - MEYDAN.TV","robots":{"index":"index","follow":"follow","max-snippet":"max-snippet:-1","max-image-preview":"max-image-preview:large","max-video-preview":"max-video-preview:-1"},"canonical":"https:\/\/www.meydan.tv\/az\/article\/valideyn-oglum-isiq-pulun-odemeye-getmisdi-videofotolar\/","og_locale":"az_AZ","og_type":"article","og_title":"Valideyn : \"O\u011flum i\u015f\u0131q pulun \u00f6d\u0259m\u0259y\u0259 getmi\u015fdi...\" (V\u0130DEO,FOTOLAR) - MEYDAN.TV","og_description":"Aksiyadan sonra saxlan\u0131lan Rasim Abdullayevin anas\u0131 o\u011flunun aksiyada i\u015ftirak etm\u0259diyini bildirir","og_url":"https:\/\/www.meydan.tv\/az\/article\/valideyn-oglum-isiq-pulun-odemeye-getmisdi-videofotolar\/","og_site_name":"MEYDAN.TV","article_published_time":"2015-08-23T03:50:49+00:00","og_image":[{"width":802,"height":453,"url":"https:\/\/www.meydan.tv\/wp-content\/uploads\/12002.jpg","type":"image\/jpeg"}],"twitter_card":"summary_large_image","schema":{"@context":"https:\/\/schema.org","@graph":[{"@type":"Article","@id":"https:\/\/www.meydan.tv\/az\/article\/valideyn-oglum-isiq-pulun-odemeye-getmisdi-videofotolar\/#article","isPartOf":{"@id":"https:\/\/www.meydan.tv\/az\/article\/valideyn-oglum-isiq-pulun-odemeye-getmisdi-videofotolar\/"},"author":{"name":"user-manager","@id":"https:\/\/www.meydan.tv\/az\/#\/schema\/person\/10d11eccf6da3662cf5fdab9806ea91a"},"headline":"Valideyn : &#8220;O\u011flum i\u015f\u0131q pulun \u00f6d\u0259m\u0259y\u0259 getmi\u015fdi&#8230;&#8221; (V\u0130DEO,FOTOLAR)","datePublished":"2015-08-23T03:50:49+00:00","mainEntityOfPage":{"@id":"https:\/\/www.meydan.tv\/az\/article\/valideyn-oglum-isiq-pulun-odemeye-getmisdi-videofotolar\/"},"wordCount":96,"publisher":{"@id":"https:\/\/www.meydan.tv\/az\/#organization"},"image":{"@id":"https:\/\/www.meydan.tv\/az\/article\/valideyn-oglum-isiq-pulun-odemeye-getmisdi-videofotolar\/#primaryimage"},"thumbnailUrl":"https:\/\/www.meydan.tv\/wp-content\/uploads\/12002.jpg","articleSection":["Video"],"inLanguage":"az"},{"@type":"WebPage","@id":"https:\/\/www.meydan.tv\/az\/article\/valideyn-oglum-isiq-pulun-odemeye-getmisdi-videofotolar\/","url":"https:\/\/www.meydan.tv\/az\/article\/valideyn-oglum-isiq-pulun-odemeye-getmisdi-videofotolar\/","name":"Valideyn : \"O\u011flum i\u015f\u0131q pulun \u00f6d\u0259m\u0259y\u0259 getmi\u015fdi...\" (V\u0130DEO,FOTOLAR) - MEYDAN.TV","isPartOf":{"@id":"https:\/\/www.meydan.tv\/az\/#website"},"primaryImageOfPage":{"@id":"https:\/\/www.meydan.tv\/az\/article\/valideyn-oglum-isiq-pulun-odemeye-getmisdi-videofotolar\/#primaryimage"},"image":{"@id":"https:\/\/www.meydan.tv\/az\/article\/valideyn-oglum-isiq-pulun-odemeye-getmisdi-videofotolar\/#primaryimage"},"thumbnailUrl":"https:\/\/www.meydan.tv\/wp-content\/uploads\/12002.jpg","datePublished":"2015-08-23T03:50:49+00:00","breadcrumb":{"@id":"https:\/\/www.meydan.tv\/az\/article\/valideyn-oglum-isiq-pulun-odemeye-getmisdi-videofotolar\/#breadcrumb"},"inLanguage":"az","potentialAction":[{"@type":"ReadAction","target":["https:\/\/www.meydan.tv\/az\/article\/valideyn-oglum-isiq-pulun-odemeye-getmisdi-videofotolar\/"]}]},{"@type":"ImageObject","inLanguage":"az","@id":"https:\/\/www.meydan.tv\/az\/article\/valideyn-oglum-isiq-pulun-odemeye-getmisdi-videofotolar\/#primaryimage","url":"https:\/\/www.meydan.tv\/wp-content\/uploads\/12002.jpg","contentUrl":"https:\/\/www.meydan.tv\/wp-content\/uploads\/12002.jpg","width":802,"height":453,"caption":"Source:"},{"@type":"BreadcrumbList","@id":"https:\/\/www.meydan.tv\/az\/article\/valideyn-oglum-isiq-pulun-odemeye-getmisdi-videofotolar\/#breadcrumb","itemListElement":[{"@type":"ListItem","position":1,"name":"Ana s\u0259hif\u0259","item":"https:\/\/www.meydan.tv\/az\/"},{"@type":"ListItem","position":2,"name":"Video","item":"https:\/\/www.meydan.tv\/az\/section\/video-2\/"},{"@type":"ListItem","position":3,"name":"Valideyn : &#8220;O\u011flum i\u015f\u0131q pulun \u00f6d\u0259m\u0259y\u0259 getmi\u015fdi&#8230;&#8221; (V\u0130DEO,FOTOLAR)"}]},{"@type":"WebSite","@id":"https:\/\/www.meydan.tv\/az\/#website","url":"https:\/\/www.meydan.tv\/az\/","name":"MEYDAN.TV","description":"Meydan TV Az\u0259rbaycan\u0131n media m\u0259kan\u0131ndak\u0131 alternativ s\u0259sidir","publisher":{"@id":"https:\/\/www.meydan.tv\/az\/#organization"},"potentialAction":[{"@type":"SearchAction","target":{"@type":"EntryPoint","urlTemplate":"https:\/\/www.meydan.tv\/az\/?s={search_term_string}"},"query-input":{"@type":"PropertyValueSpecification","valueRequired":true,"valueName":"search_term_string"}}],"inLanguage":"az"},{"@type":"Organization","@id":"https:\/\/www.meydan.tv\/az\/#organization","name":"Meydan TV","url":"https:\/\/www.meydan.tv\/az\/","logo":{"@type":"ImageObject","inLanguage":"az","@id":"https:\/\/www.meydan.tv\/az\/#\/schema\/logo\/image\/","url":"https:\/\/www.meydan.tv\/wp-content\/uploads\/2021\/07\/meydan-logo.svg","contentUrl":"https:\/\/www.meydan.tv\/wp-content\/uploads\/2021\/07\/meydan-logo.svg","width":195,"height":46,"caption":"Meydan TV"},"image":{"@id":"https:\/\/www.meydan.tv\/az\/#\/schema\/logo\/image\/"}},{"@type":"Person","@id":"https:\/\/www.meydan.tv\/az\/#\/schema\/person\/10d11eccf6da3662cf5fdab9806ea91a","name":"user-manager"}]}},"_links":{"self":[{"href":"https:\/\/www.meydan.tv\/az\/wp-json\/wp\/v2\/posts\/169596","targetHints":{"allow":["GET"]}}],"collection":[{"href":"https:\/\/www.meydan.tv\/az\/wp-json\/wp\/v2\/posts"}],"about":[{"href":"https:\/\/www.meydan.tv\/az\/wp-json\/wp\/v2\/types\/post"}],"author":[{"embeddable":true,"href":"https:\/\/www.meydan.tv\/az\/wp-json\/wp\/v2\/users\/11"}],"replies":[{"embeddable":true,"href":"https:\/\/www.meydan.tv\/az\/wp-json\/wp\/v2\/comments?post=169596"}],"version-history":[{"count":0,"href":"https:\/\/www.meydan.tv\/az\/wp-json\/wp\/v2\/posts\/169596\/revisions"}],"wp:featuredmedia":[{"embeddable":true,"href":"https:\/\/www.meydan.tv\/az\/wp-json\/wp\/v2\/media\/32210"}],"wp:attachment":[{"href":"https:\/\/www.meydan.tv\/az\/wp-json\/wp\/v2\/media?parent=169596"}],"wp:term":[{"taxonomy":"category","embeddable":true,"href":"https:\/\/www.meydan.tv\/az\/wp-json\/wp\/v2\/categories?post=169596"},{"taxonomy":"post_tag","embeddable":true,"href":"https:\/\/www.meydan.tv\/az\/wp-json\/wp\/v2\/tags?post=169596"}],"curies":[{"name":"wp","href":"https:\/\/api.w.org\/{rel}","templated":true}]}}