{"id":169595,"date":"2015-08-23T13:51:36","date_gmt":"2015-08-23T13:51:36","guid":{"rendered":"https:\/\/www.meydan.tv\/article\/subyektiv-cavablari-inkar\/"},"modified":"2015-08-23T13:51:36","modified_gmt":"2015-08-23T13:51:36","slug":"subyektiv-cavablari-inkar","status":"publish","type":"post","link":"https:\/\/www.meydan.tv\/az\/article\/subyektiv-cavablari-inkar\/","title":{"rendered":"Subyektiv cavablar\u0131 inkar"},"content":{"rendered":"<figure class=\"wp-block-image size-large\">\n  <img decoding=\"async\" src=\"https:\/\/www.meydan.tv\/az\/32264\/\" alt=\"\" class=\"wp-image-32264\"\/><figcaption><\/figcaption><\/figure>\n<figure class=\"wp-block-image size-large\">\n  <img decoding=\"async\" src=\"https:\/\/www.meydan.tv\/az\/32261\/\" alt=\"\" class=\"wp-image-32261\"\/><figcaption><\/figcaption><\/figure>\n<p>\n  Art\u0131q nec\u0259 g\u00fcnd\u00fcr ki, Az\u0259rbaycan\u0131n q\u00fcrb\u0259td\u0259ki m\u00fct\u0259f\u0259kkirl\u0259rind\u0259n biri A\u011falar M\u0259mm\u0259dovun T\u00fcrkiy\u0259nin n\u00fcfuzunun\u00a0 v\u0259 r\u0259smi dilinin \u00f6lk\u0259mizd\u0259 yay\u0131lmas\u0131na qar\u015f\u0131 yaz\u0131lar\u0131 \u0259traf\u0131nda geni\u015f m\u00fczakir\u0259l\u0259r apar\u0131l\u0131r. T\u00fcrkiy\u0259 sevdal\u0131lar\u0131 A\u011falar\u0131 t\u00fcrk d\u00fc\u015fm\u0259nciliyind\u0259, T\u00fcrkiy\u0259y\u0259 nifr\u0259t etm\u0259kd\u0259 ittiham edirl\u0259r. H\u0259tta onun bu m\u00f6vqeyini ekzistensionalist filosof Haydeggerl\u0259 \u0259laq\u0259l\u0259ndir\u0259nl\u0259r d\u0259 var. Q\u0259r\u0259z A\u011falar M\u0259mm\u0259dovun azad d\u00fc\u015f\u00fcnc\u0259sinin m\u0259hsulu kimi ortaya qoydu\u011fu yaz\u0131lar\u0131na g\u0259ncl\u0259r aras\u0131nda da qar\u015f\u0131 \u00e7\u0131xanlar az deyil.<\/p>\n<p>  Onlardan biri d\u0259 Dilq\u0259m \u018fhm\u0259ddir. Buna g\u00f6r\u0259 d\u0259 onun A\u011falar M\u0259mm\u0259dova yazd\u0131\u011f\u0131 cavablar\u0131 bir az interpretasiya etm\u0259k ist\u0259yir\u0259m. \u018fvv\u0259la, bu yaz\u0131mla Dilq\u0259m \u018fhm\u0259d\u0259 niy\u0259 cavab verir\u0259m? \u00c7\u00fcnki Dilq\u0259m b\u0259y, \u00f6z\u00fc \u00f6z yaz\u0131s\u0131n\u0131 A\u011falar M\u0259mm\u0259dova yox, ona inananlara m\u00fcraci\u0259tl\u0259 yazd\u0131\u011f\u0131n\u0131 deyir. G\u0259l\u0259k, onun verdiyi cavablara.<\/p>\n<p>  Dilq\u0259m \u018fhm\u0259d T\u00fcrkiy\u0259ni t\u0259nqid ed\u0259n A\u011falar M\u0259mm\u0259dovun yaz\u0131s\u0131n\u0131 s\u0259fs\u0259f\u0259, onun g\u00f6st\u0259rdiyi s\u0259b\u0259bl\u0259ri is\u0259 c\u0259hal\u0259t hesab edir. Bunu dem\u0259k laz\u0131md\u0131r ki, ilk ba\u015flan\u011f\u0131c kimi, kim\u0259s\u0259 r\u0259ddiyy\u0259 yazark\u0259n onu a\u015fa\u011f\u0131lamaq rasionall\u0131qdan \u00e7ox emosionall\u0131qdan x\u0259b\u0259r verir. Bu is\u0259, orta \u0259sr m\u00fcs\u0259lman m\u00fct\u0259f\u0259kkirl\u0259rinin yaz\u0131 \u00fcslubu idi. Bu c\u00fcr k\u00f6hn\u0259lmi\u015f \u00fcslubdan istifad\u0259 etm\u0259k n\u0259 d\u0259r\u0259c\u0259d\u0259 d\u00fczg\u00fcnd\u00fcr, bunu art\u0131q obyektivliy\u0259 \u00fcst\u00fcnl\u00fck ver\u0259n oxucular\u0131n \u00f6hd\u0259sin\u0259 burax\u0131ram.<\/p>\n<p>  Daha sonra Dilq\u0259m \u018fhm\u0259d S\u0259f\u0259vi Osmanl\u0131 m\u00fcnasib\u0259tl\u0259rind\u0259n yazark\u0259n bit\u0259r\u0259fliyini n\u00fcmayi\u015f etdirm\u0259y\u0259 \u00e7al\u0131\u015f\u0131r. Lakin t\u0259\u0259ss\u00fcf ki, bu c\u0259hd onda al\u0131nm\u0131r. \u0130lk olaraq qeyd etm\u0259k ist\u0259yir\u0259m ki, Az\u0259rbaycan m\u00fcst\u0259qilliyini \u0259ld\u0259 etdikd\u0259n sonra S\u0259f\u0259vi Osmanl\u0131 m\u00fcnasib\u0259tl\u0259rini bizim tarixcil\u0259r g\u00fcn\u00fc-g\u00fcnd\u0259n daha dol\u011fun t\u0259dqiq etm\u0259y\u0259 ba\u015flay\u0131b. Bu g\u00fcn d\u0259, proses davam edir. H\u0259mi\u015f\u0259 d\u0259 Az\u0259rbaycan tarix\u00e7il\u0259ri bu tarixi hadis\u0259y\u0259 obyektiv qiym\u0259t verm\u0259y\u0259 cal\u0131\u015f\u0131blar.<\/p>\n<p>  Lakin Dilq\u0259m \u018fhm\u0259d n\u0259 edir? S\u0131rf A\u011falar M\u0259mm\u0259dov Osmanl\u0131n\u0131 t\u0259nqid etdiyi \u00fc\u00e7\u00fcn, o da, S\u0259f\u0259vil\u0259ri t\u0259nqid\u0259 kecir. V\u0259 bildirir ki, \u201cOsmanl\u0131 il\u0259 S\u0259f\u0259vi aras\u0131ndak\u0131 m\u00fcnasib\u0259tl\u0259rd\u0259 S\u0259f\u0259vi saray\u0131nda g\u0259z\u0259n Avropa diplomatlar\u0131 da az rol oynamay\u0131b\u201d. Bu n\u0259yi g\u00f6st\u0259rir? S\u0259f\u0259vil\u0259rin guya avropal\u0131larla i\u015fbirliyin\u0259 girdiyini. Lakin Dilq\u0259m \u018fhm\u0259d\u0259 sual verm\u0259k laz\u0131md\u0131r: bu vaxta q\u0259d\u0259r hans\u0131 T\u00fcrkiy\u0259 tarix\u00e7isi, yaz\u0131\u00e7\u0131s\u0131, t\u0259dqiqat\u00e7\u0131s\u0131 m\u0259hz bu tarixi hadis\u0259y\u0259 obyektiv yana\u015fa bilib?<\/p>\n<p>  T\u00fcrkiy\u0259d\u0259 n\u0259\u015fr olunan ist\u0259nil\u0259n tarix kitab\u0131na baxd\u0131qda, pafosdan ba\u015fqa he\u00e7 n\u0259 g\u00f6rm\u0259k m\u00fcmk\u00fcn deyil. \u0130st\u0259nil\u0259n T\u00fcrkiy\u0259 tarix\u00e7isi \u00e7ox g\u00f6z\u0259l bilir ki, \u015eah \u0130smay\u0131l X\u0259tayi t\u00fcrksoyludur, buna baxmayaraq, yen\u0259 d\u0259 onu \u0130ran h\u00f6kmdar\u0131 v\u0259 fars kimi t\u0259qdim edirl\u0259r. He\u00e7 kim iddia ed\u0259 bilm\u0259z ki, T\u00fcrkiy\u0259 tarix\u00e7il\u0259rind\u0259n kiml\u0259rs\u0259 \u018fmir Teymurla B\u0259yazid aras\u0131ndak\u0131 Ankara d\u00f6y\u00fc\u015f\u00fcn\u0259 verdikl\u0259ri obyektiv qiym\u0259ti\u00a0 \u015eah \u0130smay\u0131lla Yavuz S\u0259lim aras\u0131ndak\u0131 \u00c7ald\u0131ran d\u00f6y\u00fc\u015f\u00fcn\u0259 d\u0259 verirl\u0259r. Xeyr. Bunu he\u00e7 kim g\u00f6r\u0259 bilm\u0259z, bu, m\u00fcmk\u00fcns\u00fczd\u00fcr.<\/p>\n<p>  Bu arada\u00a0 Osmanl\u0131lar\u0131 az qala m\u0259sum ed\u0259n Dilq\u0259m \u018fhm\u0259d\u0259 xat\u0131rlatmaq laz\u0131md\u0131r ki,\u00a0 Sultan S\u0259lim \u201cYavuz\u201d (zal\u0131m, q\u0259ddar) l\u0259q\u0259bi alm\u0131\u015f biridir, \u015eah \u0130smay\u0131l yox.<br \/>\n  <br \/>\n  Dilq\u0259m \u018fhm\u0259din T\u00fcrkiy\u0259 vur\u011funlu\u011fu onun qeyd etdiyi ikinci c\u0259hal\u0259t\u0259 cavab yaz\u0131s\u0131nda da a\u00e7\u0131q b\u00fcruz\u0259 verir.\u00a0 Nuru pa\u015fan\u0131 az qala Az\u0259rbaycan t\u00fcrkl\u0259rinin m\u0259sihi elan ed\u0259n Dilq\u0259m b\u0259y\u0259 yen\u0259 xat\u0131rlatmaq laz\u0131md\u0131r ki, Nuru pa\u015fa Az\u0259rbaycana 1918 ci il iyun ay\u0131nda g\u0259lib. Sual yaran\u0131r. 1918-ci il 31 mart-2 aprel Bak\u0131da v\u0259 dig\u0259r b\u00f6lg\u0259l\u0259rd\u0259 da\u015fnaklar t\u0259r\u0259find\u0259n q\u0131r\u011f\u0131n t\u00f6r\u0259dildiyi halda bizim xilaskar\u0131m\u0131z sayd\u0131\u011f\u0131 Nuru pa\u015fa harda idi? Niy\u0259 g\u00f6r\u0259 \u00fc\u00e7 g\u00fcn davam ed\u0259n q\u0259tliama pa\u015fam\u0131z s\u0259sini \u00e7\u0131xartmad\u0131, k\u00f6m\u0259k \u0259lini uzatmad\u0131?<\/p>\n<p>  \u018fg\u0259r Dilq\u0259m b\u0259y obyektiv olsayd\u0131, buna rahatl\u0131qla cavab ver\u0259 bil\u0259rdi. Onu dey\u0259 bil\u0259rdi ki, h\u0259min q\u0131r\u011f\u0131n o vaxtk\u0131 Xalq Komisarlar\u00a0 Sovetini b\u00f6y\u00fck n\u00fcfuzdan sald\u0131 v\u0259 Nuru pa\u015fa da bunu yax\u015f\u0131 bildiyi \u00fc\u00e7\u00fcn Az\u0259rbaycan t\u00fcrk \u201cqarda\u015flar\u201dn\u0131n q\u0259tliam\u0131na s\u0259sini \u00e7\u0131xartmad\u0131.<\/p>\n<p>  Dilq\u0259m \u018fhm\u0259d daha bir c\u0259h\u0259ti unudur. Nuru pa\u015fan\u0131n x\u00fcsusiyy\u0259tini. Kim olub Nuru pa\u015fa? Nuru pa\u015fa Osmanl\u0131 monarxist sistemin zabiti idi. Monarxist sistemin b\u00f6y\u00fck r\u00fctb\u0259li \u015f\u0259xsi nec\u0259 ola bil\u0259r ki, ba\u015fqa \u00f6lk\u0259y\u0259 g\u0259lib, demokratik sistem yarad\u0131b gedir. Bu, n\u0259 d\u0259r\u0259c\u0259d\u0259 d\u00fczg\u00fcnd\u00fcr? M\u0259g\u0259r Nuru pa\u015fa bilmirdi ki, bir m\u00fcs\u0259lman d\u00f6vl\u0259tind\u0259 demokratik q\u00fcvv\u0259l\u0259r\u0259 yard\u0131m etm\u0259kl\u0259, \u00f6z \u00f6lk\u0259sind\u0259 d\u0259 demokratik ruhu qald\u0131racaq? Bunu \u00e7ox g\u00f6z\u0259l bilirdi. Nuru pa\u015fan\u0131n niyy\u0259ti he\u00e7 d\u0259 Az\u0259rbaycanda demokratiya qurmaq deyildi, sad\u0259c\u0259 Baki nefti v\u0259\u00a0 h\u0259min nefti idar\u0259 etm\u0259k \u00fc\u00e7\u00fcn bir vassal idar\u0259\u00e7ilik lazim idi. Bunu da pa\u015fa el\u0259 ilk g\u00fcnd\u0259n etmi\u015fdi. T\u0259kc\u0259 \u0130r\u0259van\u0131n Erm\u0259nistana verilm\u0259sind\u0259 Nuru pa\u015fan\u0131n az rol oynamad\u0131\u011f\u0131n\u0131 qeyd etm\u0259k kifay\u0259tdir.<\/p>\n<p>  Dilq\u0259m \u018fhm\u0259d daha sonra Atat\u00fcrk\u0259 bir kamalist kimi yana\u015f\u0131r. Atat\u00fcrk n\u0259 edibs\u0259, dem\u0259li, d\u00fczg\u00fcn v\u0259 do\u011fru edib. Atat\u00fcrk\u00fcn Az\u0259rbaycan Xalq Cumhuriyy\u0259tini Sovetl\u0259r\u0259 satd\u0131\u011f\u0131n\u0131 r\u0259dd edir. Atat\u00fcrk kim olub? Atat\u00fcrk daima ona qar\u015f\u0131 \u00e7\u0131xan ziyal\u0131lara t\u0259zyiq ed\u0259n, divan tutan olmay\u0131bm\u0131? Mehmet Akifin, Nazim Hikm\u0259tin ba\u015f\u0131na m\u00fcsib\u0259t g\u0259tir\u0259n bir \u015f\u0259xs nec\u0259 Az\u0259rbaycan t\u00fcrkl\u0259rinin d\u0259rdin\u0259 yana bil\u0259r?\u00a0 Dilq\u0259m \u018fhm\u0259d sonra davam ed\u0259r\u0259k yaz\u0131r ki, Atat\u00fcrk T\u00fcrkiy\u0259y\u0259 m\u00fchacir\u0259t\u0259 g\u0259lmi\u015f Az\u0259rbaycan t\u00fcrk ziyal\u0131lar\u0131n\u0131 himay\u0259 edib. Bu, he\u00e7 d\u0259 onlar\u0131 sevdiyind\u0259n yox m\u0259cbur oldu\u011fundan edib. \u018fhm\u0259d A\u011fao\u011flu, \u018fli b\u0259y H\u00fcseynzad\u0259 kimi n\u00fcfuzlu v\u0259 savadl\u0131 kadrlar ist\u0259nil\u0259n yeni yaranm\u0131\u015f d\u00f6vl\u0259t\u0259 laz\u0131m deyilmi? Mustafa Kamal da bunu bilirdi v\u0259 bu intellektual kapitaldan s\u0259m\u0259r\u0259li istifad\u0259 edib.<\/p>\n<p>  Diq\u0259m \u018fhm\u0259d t\u00fcrk ordusunu da m\u00fcq\u0259dd\u0259sl\u0259\u015fdirir. G\u00fcya T\u00fcrkiy\u0259d\u0259ki Az\u0259rbaycan t\u00fcrk zabitl\u0259rinin sovetl\u0259r\u0259 t\u0259hvil verilm\u0259sin\u0259 o vaxt t\u00fcrk ordusu qar\u015f\u0131 \u00e7\u0131xsa da,\u00a0 \u0130sm\u0259t \u0130n\u00f6n\u00fcn\u00fcn \u0259mrini icra etm\u0259y\u0259 m\u0259cbur olmu\u015flar. Dilq\u0259m b\u0259y sad\u0259c\u0259 bununla kifay\u0259tl\u0259nir, lakin sual yaran\u0131r: T\u00fcrkiy\u0259 tarixi boyu h\u00f6kum\u0259t devir\u0259n, konstitusiyan\u0131 d\u0259yi\u015f\u0259n bir ordunun\u00a0 h\u0259min etiraz\u0131 nec\u0259 olmu\u015fdur?<\/p>\n<p>  Dilq\u0259m b\u0259y G\u00fcney Az\u0259rbaycan t\u00fcrkl\u0259ri il\u0259 k\u00fcrdl\u0259rin istiqlaliyy\u0259tini m\u00fcqayis\u0259y\u0259 qar\u015f\u0131 \u00e7\u0131x\u0131r. Onun iddias\u0131na g\u00f6r\u0259 PKK terroru 35 min insan h\u0259yat\u0131na son qoyub lakin g\u00fcneyd\u0259ki Az\u0259rbaycan t\u00fcrkl\u0259ri bunlar\u0131n he\u00e7 birini etm\u0259yib. T\u0259bii, Dilq\u0259m b\u0259y h\u0259r bir xalq\u0131n m\u00fcst\u0259qillik h\u0259r\u0259kat\u0131nda xarici q\u00fcvv\u0259l\u0259rin rolunu d\u0259rind\u0259n bils\u0259ydi, bel\u0259 g\u00fclm\u0259li m\u00fcqayis\u0259 aparmazd\u0131. Tarixi azdan-coxdan bil\u0259nl\u0259r\u0259 yax\u015f\u0131 m\u0259lumdur ki, PKK t\u0259\u015fkilat\u0131 \u0259vv\u0259lc\u0259 sovetl\u0259rin, daha sonra q\u0259rbin b\u00f6y\u00fck d\u0259st\u0259yi il\u0259 f\u0259aliyy\u0259t g\u00f6st\u0259rib, lakin g\u00fcneyd\u0259 bu proses m\u00f6vcud olmay\u0131b. Buna baxmayaraq 1920 ci il \u015eeyx Xiyabani silahl\u0131 h\u0259r\u0259kat\u0131nda n\u0259 q\u0259d\u0259r insan\u0131n \u00f6ld\u00fcy\u00fc m\u0259lumdur.<\/p>\n<p>  Bu h\u0259r\u0259kat\u0131n ingilisl\u0259rl\u0259 \u0259laq\u0259sinin oldu\u011fu \u00e7oxuna m\u0259lumdur. Sad\u0259c\u0259 T\u00fcrkiy\u0259 Suriyada \u0259r\u0259bl\u0259r\u0259 verdiyi d\u0259st\u0259yi \u00f6z \u201cqarda\u015flar\u201dna vermir. Bu is\u0259 A\u011falar M\u0259mm\u0259dovun da qeyd etdiyi kimi, k\u00fcrdl\u0259rin m\u00fcst\u0259qilliyin\u0259 apar\u0131r dem\u0259kdir, \u00e7\u00fcnki T\u00fcrkiy\u0259d\u0259ki k\u00fcrdl\u0259rin v\u0259ziyy\u0259til\u0259 \u0130randak\u0131 Az\u0259rbaycan t\u00fcrkl\u0259rinin m\u0259d\u0259ni v\u0259ziyy\u0259ti dem\u0259k olar ki, eynidir. Misal: he\u00e7 birin\u0259 h\u0259l\u0259 d\u0259 ana dili m\u00fcst\u0259qilliyi verilm\u0259yib.<\/p>\n<p>  Sonda Dilq\u0259m b\u0259y T\u00fcrkiy\u0259ni \u00fcmumilikd\u0259 m\u00fcq\u0259dd\u0259sl\u0259\u015fdirm\u0259kd\u0259n bel\u0259 \u00e7\u0259kinmir.<br \/>\n  <br \/>\n  \u201cDo\u011fmal\u0131q\u201d deyil\u0259n \u015feyi \u201cT\u00fcrkiy\u0259 Az\u0259rbaycana n\u0259 edib?\u201d kimi yazsaq, m\u0259s\u0259l\u0259 siyasi v\u0259 iqtisadi, yard\u0131mla\u015fma sah\u0259l\u0259rin\u0259 qalxacaq. Bunlar\u0131 bilm\u0259k \u00fc\u00e7\u00fcn is\u0259 \u00e7ox sad\u0259 yollar var. Xarici \u0130\u015fl\u0259r Nazirlikl\u0259rinin, T\u0130KA-n\u0131n v\u0259 bu kimi qurumlar\u0131n hesabatlar\u0131na baxmaq kifay\u0259tdir\u201d dey\u0259n Dilq\u0259m b\u0259y\u0259 sual verm\u0259k ist\u0259yir\u0259m: sad\u0259c\u0259 yax\u0131n tarix\u0259 diqq\u0259t ed\u0259k; Niy\u0259 g\u00f6r\u0259 T\u00fcrkiy\u0259 Erm\u0259nistanla s\u0259rh\u0259dl\u0259rini Xocal\u0131 q\u0259tliam\u0131ndan sonra ba\u011flamad\u0131? Niy\u0259 g\u00f6r\u0259 El\u00e7ib\u0259yin maliyy\u0259 yard\u0131m\u0131 ist\u0259yin\u0259\u00a0 t\u00fcrkiy\u0259lil\u0259r vaxt\u0131nda cavab verm\u0259dil\u0259r?<\/p>\n<p>  Sad\u0259c\u0259 onu bilm\u0259k kifay\u0259tdir ki, \u0259n az \u0130ran q\u0259d\u0259r T\u00fcrkiy\u0259 d\u0259 Qaraba\u011f m\u00fcnaqi\u015f\u0259sinin m\u00f6vcudlu\u011fu mara\u011f\u0131ndad\u0131r. M\u0259n n\u0259 T\u00fcrkiy\u0259, n\u0259 d\u0259 T\u00fcrkiy\u0259d\u0259ki insanlara nifr\u0259t etmir\u0259m, sad\u0259c\u0259 tarixi reall\u0131q budur ki, T\u00fcrkiy\u0259nin siyas\u0259t, m\u0259d\u0259niyy\u0259t, elm adamlar\u0131n\u0131n \u00e7ox b\u00f6y\u00fck \u0259ks\u0259riyy\u0259ti \u00fczd\u0259n biz\u0259 qarda\u015f des\u0259l\u0259r d\u0259, daxill\u0259rind\u0259 h\u0259mi\u015f\u0259 biz\u0259 ikinci n\u00f6v insan kimi yana\u015f\u0131blar.\n<\/p>\n<p>\n  <b><br \/>\n    Yaz\u0131 m\u00fc\u0259llifin \u015f\u0259xsi m\u00f6vqeyini \u0259ks etdirir&#8230;<br \/>\n  <\/b><\/p>\n","protected":false},"excerpt":{"rendered":"<p>Dilq\u0259m \u018fhm\u0259d\u0259 cavab<\/p>\n","protected":false},"author":11,"featured_media":32264,"comment_status":"closed","ping_status":"open","sticky":false,"template":"","format":"standard","meta":{"_acf_changed":false,"_sitemap_exclude":false,"_sitemap_priority":"","_sitemap_frequency":"","footnotes":""},"categories":[57],"tags":[],"class_list":["post-169595","post","type-post","status-publish","format-standard","has-post-thumbnail","hentry","category-menim-fikrimce","infinite-scroll-item","generate-columns","tablet-grid-50","mobile-grid-100","grid-parent","grid-33","no-featured-image-padding"],"acf":[],"yoast_head":"<!-- This site is optimized with the Yoast SEO plugin v27.5 - https:\/\/yoast.com\/product\/yoast-seo-wordpress\/ -->\n<title>Subyektiv cavablar\u0131 inkar - MEYDAN.TV<\/title>\n<meta name=\"robots\" content=\"index, follow, max-snippet:-1, max-image-preview:large, max-video-preview:-1\" \/>\n<link rel=\"canonical\" href=\"https:\/\/www.meydan.tv\/az\/article\/subyektiv-cavablari-inkar\/\" \/>\n<meta property=\"og:locale\" content=\"az_AZ\" \/>\n<meta property=\"og:type\" content=\"article\" \/>\n<meta property=\"og:title\" content=\"Subyektiv cavablar\u0131 inkar - MEYDAN.TV\" \/>\n<meta property=\"og:description\" content=\"Dilq\u0259m \u018fhm\u0259d\u0259 cavab\" \/>\n<meta property=\"og:url\" content=\"https:\/\/www.meydan.tv\/az\/article\/subyektiv-cavablari-inkar\/\" \/>\n<meta property=\"og:site_name\" content=\"MEYDAN.TV\" \/>\n<meta property=\"article:published_time\" content=\"2015-08-23T13:51:36+00:00\" \/>\n<meta property=\"og:image\" content=\"https:\/\/www.meydan.tv\/wp-content\/uploads\/12013.jpg\" \/>\n\t<meta property=\"og:image:width\" content=\"500\" \/>\n\t<meta property=\"og:image:height\" content=\"500\" \/>\n\t<meta property=\"og:image:type\" content=\"image\/jpeg\" \/>\n<meta name=\"author\" content=\"user-manager\" \/>\n<meta name=\"twitter:card\" content=\"summary_large_image\" \/>\n<script type=\"application\/ld+json\" class=\"yoast-schema-graph\">{\"@context\":\"https:\\\/\\\/schema.org\",\"@graph\":[{\"@type\":\"Article\",\"@id\":\"https:\\\/\\\/www.meydan.tv\\\/az\\\/article\\\/subyektiv-cavablari-inkar\\\/#article\",\"isPartOf\":{\"@id\":\"https:\\\/\\\/www.meydan.tv\\\/az\\\/article\\\/subyektiv-cavablari-inkar\\\/\"},\"author\":{\"name\":\"user-manager\",\"@id\":\"https:\\\/\\\/www.meydan.tv\\\/az\\\/#\\\/schema\\\/person\\\/10d11eccf6da3662cf5fdab9806ea91a\"},\"headline\":\"Subyektiv cavablar\u0131 inkar\",\"datePublished\":\"2015-08-23T13:51:36+00:00\",\"mainEntityOfPage\":{\"@id\":\"https:\\\/\\\/www.meydan.tv\\\/az\\\/article\\\/subyektiv-cavablari-inkar\\\/\"},\"wordCount\":1770,\"publisher\":{\"@id\":\"https:\\\/\\\/www.meydan.tv\\\/az\\\/#organization\"},\"image\":{\"@id\":\"https:\\\/\\\/www.meydan.tv\\\/az\\\/article\\\/subyektiv-cavablari-inkar\\\/#primaryimage\"},\"thumbnailUrl\":\"https:\\\/\\\/www.meydan.tv\\\/wp-content\\\/uploads\\\/12013.jpg\",\"articleSection\":[\"M\u0259nim Fikrimc\u0259\"],\"inLanguage\":\"az\"},{\"@type\":\"WebPage\",\"@id\":\"https:\\\/\\\/www.meydan.tv\\\/az\\\/article\\\/subyektiv-cavablari-inkar\\\/\",\"url\":\"https:\\\/\\\/www.meydan.tv\\\/az\\\/article\\\/subyektiv-cavablari-inkar\\\/\",\"name\":\"Subyektiv cavablar\u0131 inkar - MEYDAN.TV\",\"isPartOf\":{\"@id\":\"https:\\\/\\\/www.meydan.tv\\\/az\\\/#website\"},\"primaryImageOfPage\":{\"@id\":\"https:\\\/\\\/www.meydan.tv\\\/az\\\/article\\\/subyektiv-cavablari-inkar\\\/#primaryimage\"},\"image\":{\"@id\":\"https:\\\/\\\/www.meydan.tv\\\/az\\\/article\\\/subyektiv-cavablari-inkar\\\/#primaryimage\"},\"thumbnailUrl\":\"https:\\\/\\\/www.meydan.tv\\\/wp-content\\\/uploads\\\/12013.jpg\",\"datePublished\":\"2015-08-23T13:51:36+00:00\",\"breadcrumb\":{\"@id\":\"https:\\\/\\\/www.meydan.tv\\\/az\\\/article\\\/subyektiv-cavablari-inkar\\\/#breadcrumb\"},\"inLanguage\":\"az\",\"potentialAction\":[{\"@type\":\"ReadAction\",\"target\":[\"https:\\\/\\\/www.meydan.tv\\\/az\\\/article\\\/subyektiv-cavablari-inkar\\\/\"]}]},{\"@type\":\"ImageObject\",\"inLanguage\":\"az\",\"@id\":\"https:\\\/\\\/www.meydan.tv\\\/az\\\/article\\\/subyektiv-cavablari-inkar\\\/#primaryimage\",\"url\":\"https:\\\/\\\/www.meydan.tv\\\/wp-content\\\/uploads\\\/12013.jpg\",\"contentUrl\":\"https:\\\/\\\/www.meydan.tv\\\/wp-content\\\/uploads\\\/12013.jpg\",\"width\":500,\"height\":500,\"caption\":\"Source:\"},{\"@type\":\"BreadcrumbList\",\"@id\":\"https:\\\/\\\/www.meydan.tv\\\/az\\\/article\\\/subyektiv-cavablari-inkar\\\/#breadcrumb\",\"itemListElement\":[{\"@type\":\"ListItem\",\"position\":1,\"name\":\"Ana s\u0259hif\u0259\",\"item\":\"https:\\\/\\\/www.meydan.tv\\\/az\\\/\"},{\"@type\":\"ListItem\",\"position\":2,\"name\":\"M\u0259nim Fikrimc\u0259\",\"item\":\"https:\\\/\\\/www.meydan.tv\\\/az\\\/section\\\/menim-fikrimce\\\/\"},{\"@type\":\"ListItem\",\"position\":3,\"name\":\"Subyektiv cavablar\u0131 inkar\"}]},{\"@type\":\"WebSite\",\"@id\":\"https:\\\/\\\/www.meydan.tv\\\/az\\\/#website\",\"url\":\"https:\\\/\\\/www.meydan.tv\\\/az\\\/\",\"name\":\"MEYDAN.TV\",\"description\":\"Meydan TV Az\u0259rbaycan\u0131n media m\u0259kan\u0131ndak\u0131 alternativ s\u0259sidir\",\"publisher\":{\"@id\":\"https:\\\/\\\/www.meydan.tv\\\/az\\\/#organization\"},\"potentialAction\":[{\"@type\":\"SearchAction\",\"target\":{\"@type\":\"EntryPoint\",\"urlTemplate\":\"https:\\\/\\\/www.meydan.tv\\\/az\\\/?s={search_term_string}\"},\"query-input\":{\"@type\":\"PropertyValueSpecification\",\"valueRequired\":true,\"valueName\":\"search_term_string\"}}],\"inLanguage\":\"az\"},{\"@type\":\"Organization\",\"@id\":\"https:\\\/\\\/www.meydan.tv\\\/az\\\/#organization\",\"name\":\"Meydan TV\",\"url\":\"https:\\\/\\\/www.meydan.tv\\\/az\\\/\",\"logo\":{\"@type\":\"ImageObject\",\"inLanguage\":\"az\",\"@id\":\"https:\\\/\\\/www.meydan.tv\\\/az\\\/#\\\/schema\\\/logo\\\/image\\\/\",\"url\":\"https:\\\/\\\/www.meydan.tv\\\/wp-content\\\/uploads\\\/2021\\\/07\\\/meydan-logo.svg\",\"contentUrl\":\"https:\\\/\\\/www.meydan.tv\\\/wp-content\\\/uploads\\\/2021\\\/07\\\/meydan-logo.svg\",\"width\":195,\"height\":46,\"caption\":\"Meydan TV\"},\"image\":{\"@id\":\"https:\\\/\\\/www.meydan.tv\\\/az\\\/#\\\/schema\\\/logo\\\/image\\\/\"}},{\"@type\":\"Person\",\"@id\":\"https:\\\/\\\/www.meydan.tv\\\/az\\\/#\\\/schema\\\/person\\\/10d11eccf6da3662cf5fdab9806ea91a\",\"name\":\"user-manager\"}]}<\/script>\n<!-- \/ Yoast SEO plugin. -->","yoast_head_json":{"title":"Subyektiv cavablar\u0131 inkar - MEYDAN.TV","robots":{"index":"index","follow":"follow","max-snippet":"max-snippet:-1","max-image-preview":"max-image-preview:large","max-video-preview":"max-video-preview:-1"},"canonical":"https:\/\/www.meydan.tv\/az\/article\/subyektiv-cavablari-inkar\/","og_locale":"az_AZ","og_type":"article","og_title":"Subyektiv cavablar\u0131 inkar - MEYDAN.TV","og_description":"Dilq\u0259m \u018fhm\u0259d\u0259 cavab","og_url":"https:\/\/www.meydan.tv\/az\/article\/subyektiv-cavablari-inkar\/","og_site_name":"MEYDAN.TV","article_published_time":"2015-08-23T13:51:36+00:00","og_image":[{"width":500,"height":500,"url":"https:\/\/www.meydan.tv\/wp-content\/uploads\/12013.jpg","type":"image\/jpeg"}],"author":"user-manager","twitter_card":"summary_large_image","schema":{"@context":"https:\/\/schema.org","@graph":[{"@type":"Article","@id":"https:\/\/www.meydan.tv\/az\/article\/subyektiv-cavablari-inkar\/#article","isPartOf":{"@id":"https:\/\/www.meydan.tv\/az\/article\/subyektiv-cavablari-inkar\/"},"author":{"name":"user-manager","@id":"https:\/\/www.meydan.tv\/az\/#\/schema\/person\/10d11eccf6da3662cf5fdab9806ea91a"},"headline":"Subyektiv cavablar\u0131 inkar","datePublished":"2015-08-23T13:51:36+00:00","mainEntityOfPage":{"@id":"https:\/\/www.meydan.tv\/az\/article\/subyektiv-cavablari-inkar\/"},"wordCount":1770,"publisher":{"@id":"https:\/\/www.meydan.tv\/az\/#organization"},"image":{"@id":"https:\/\/www.meydan.tv\/az\/article\/subyektiv-cavablari-inkar\/#primaryimage"},"thumbnailUrl":"https:\/\/www.meydan.tv\/wp-content\/uploads\/12013.jpg","articleSection":["M\u0259nim Fikrimc\u0259"],"inLanguage":"az"},{"@type":"WebPage","@id":"https:\/\/www.meydan.tv\/az\/article\/subyektiv-cavablari-inkar\/","url":"https:\/\/www.meydan.tv\/az\/article\/subyektiv-cavablari-inkar\/","name":"Subyektiv cavablar\u0131 inkar - MEYDAN.TV","isPartOf":{"@id":"https:\/\/www.meydan.tv\/az\/#website"},"primaryImageOfPage":{"@id":"https:\/\/www.meydan.tv\/az\/article\/subyektiv-cavablari-inkar\/#primaryimage"},"image":{"@id":"https:\/\/www.meydan.tv\/az\/article\/subyektiv-cavablari-inkar\/#primaryimage"},"thumbnailUrl":"https:\/\/www.meydan.tv\/wp-content\/uploads\/12013.jpg","datePublished":"2015-08-23T13:51:36+00:00","breadcrumb":{"@id":"https:\/\/www.meydan.tv\/az\/article\/subyektiv-cavablari-inkar\/#breadcrumb"},"inLanguage":"az","potentialAction":[{"@type":"ReadAction","target":["https:\/\/www.meydan.tv\/az\/article\/subyektiv-cavablari-inkar\/"]}]},{"@type":"ImageObject","inLanguage":"az","@id":"https:\/\/www.meydan.tv\/az\/article\/subyektiv-cavablari-inkar\/#primaryimage","url":"https:\/\/www.meydan.tv\/wp-content\/uploads\/12013.jpg","contentUrl":"https:\/\/www.meydan.tv\/wp-content\/uploads\/12013.jpg","width":500,"height":500,"caption":"Source:"},{"@type":"BreadcrumbList","@id":"https:\/\/www.meydan.tv\/az\/article\/subyektiv-cavablari-inkar\/#breadcrumb","itemListElement":[{"@type":"ListItem","position":1,"name":"Ana s\u0259hif\u0259","item":"https:\/\/www.meydan.tv\/az\/"},{"@type":"ListItem","position":2,"name":"M\u0259nim Fikrimc\u0259","item":"https:\/\/www.meydan.tv\/az\/section\/menim-fikrimce\/"},{"@type":"ListItem","position":3,"name":"Subyektiv cavablar\u0131 inkar"}]},{"@type":"WebSite","@id":"https:\/\/www.meydan.tv\/az\/#website","url":"https:\/\/www.meydan.tv\/az\/","name":"MEYDAN.TV","description":"Meydan TV Az\u0259rbaycan\u0131n media m\u0259kan\u0131ndak\u0131 alternativ s\u0259sidir","publisher":{"@id":"https:\/\/www.meydan.tv\/az\/#organization"},"potentialAction":[{"@type":"SearchAction","target":{"@type":"EntryPoint","urlTemplate":"https:\/\/www.meydan.tv\/az\/?s={search_term_string}"},"query-input":{"@type":"PropertyValueSpecification","valueRequired":true,"valueName":"search_term_string"}}],"inLanguage":"az"},{"@type":"Organization","@id":"https:\/\/www.meydan.tv\/az\/#organization","name":"Meydan TV","url":"https:\/\/www.meydan.tv\/az\/","logo":{"@type":"ImageObject","inLanguage":"az","@id":"https:\/\/www.meydan.tv\/az\/#\/schema\/logo\/image\/","url":"https:\/\/www.meydan.tv\/wp-content\/uploads\/2021\/07\/meydan-logo.svg","contentUrl":"https:\/\/www.meydan.tv\/wp-content\/uploads\/2021\/07\/meydan-logo.svg","width":195,"height":46,"caption":"Meydan TV"},"image":{"@id":"https:\/\/www.meydan.tv\/az\/#\/schema\/logo\/image\/"}},{"@type":"Person","@id":"https:\/\/www.meydan.tv\/az\/#\/schema\/person\/10d11eccf6da3662cf5fdab9806ea91a","name":"user-manager"}]}},"_links":{"self":[{"href":"https:\/\/www.meydan.tv\/az\/wp-json\/wp\/v2\/posts\/169595","targetHints":{"allow":["GET"]}}],"collection":[{"href":"https:\/\/www.meydan.tv\/az\/wp-json\/wp\/v2\/posts"}],"about":[{"href":"https:\/\/www.meydan.tv\/az\/wp-json\/wp\/v2\/types\/post"}],"author":[{"embeddable":true,"href":"https:\/\/www.meydan.tv\/az\/wp-json\/wp\/v2\/users\/11"}],"replies":[{"embeddable":true,"href":"https:\/\/www.meydan.tv\/az\/wp-json\/wp\/v2\/comments?post=169595"}],"version-history":[{"count":0,"href":"https:\/\/www.meydan.tv\/az\/wp-json\/wp\/v2\/posts\/169595\/revisions"}],"wp:featuredmedia":[{"embeddable":true,"href":"https:\/\/www.meydan.tv\/az\/wp-json\/wp\/v2\/media\/32264"}],"wp:attachment":[{"href":"https:\/\/www.meydan.tv\/az\/wp-json\/wp\/v2\/media?parent=169595"}],"wp:term":[{"taxonomy":"category","embeddable":true,"href":"https:\/\/www.meydan.tv\/az\/wp-json\/wp\/v2\/categories?post=169595"},{"taxonomy":"post_tag","embeddable":true,"href":"https:\/\/www.meydan.tv\/az\/wp-json\/wp\/v2\/tags?post=169595"}],"curies":[{"name":"wp","href":"https:\/\/api.w.org\/{rel}","templated":true}]}}