{"id":169593,"date":"2015-08-23T11:57:58","date_gmt":"2015-08-23T11:57:58","guid":{"rendered":"https:\/\/www.meydan.tv\/article\/valideyn-behruzun-cesedi-polis-sobesinden-8-metr-uzaqliqda-idi-video\/"},"modified":"2015-08-23T11:57:58","modified_gmt":"2015-08-23T11:57:58","slug":"valideyn-behruzun-cesedi-polis-sobesinden-8-metr-uzaqliqda-idi-video","status":"publish","type":"post","link":"https:\/\/www.meydan.tv\/az\/article\/valideyn-behruzun-cesedi-polis-sobesinden-8-metr-uzaqliqda-idi-video\/","title":{"rendered":"Valideyn: &#8221;B\u0259hruzun c\u0259s\u0259di Polis \u015e\u00f6b\u0259sind\u0259n 8 metr uzaql\u0131qda idi&#8221; (V\u0130DEO)"},"content":{"rendered":"<figure class=\"wp-block-embed is-type-video is-provider-youtube wp-block-embed-youtube wp-embed-aspect-16-9 wp-has-aspect-ratio\">\n<div class=\"wp-block-embed__wrapper\">\n    <iframe loading=\"lazy\"\ttitle=\"\" width=\"1200\" height=\"675\" src=\"https:\/\/www.youtube.com\/embed\/sBk8I7J6pJs\"\tframeborder=\"0\"\tallow=\"accelerometer; autoplay; clipboard-write; encrypted-media; gyroscope; picture-in-picture\" allowfullscreen><\/iframe>\n  <\/div><figcaption><\/figcaption><\/figure>\n<p>\n  20 avqustda Ming\u0259\u00e7evir Polis \u015e\u00f6b\u0259sind\u0259 v\u0259fat ed\u0259n B\u0259hruz Hac\u0131yevin \u00a0atas\u0131 Dilsuz Hac\u0131yev o\u011flunun \u00f6l\u00fcm\u00fcnd\u0259 olan \u015f\u00fcbh\u0259li m\u0259qamlarla ba\u011fl\u0131 Meydan Tv-y\u0259 m\u00fcsahib\u0259 verib. \u00a0&#8220;Kamera g\u00f6r\u00fcnt\u00fcl\u0259rind\u0259n g\u00f6r\u00fcn\u00fcr ki, o\u011flum \u015f\u00f6b\u0259y\u0259 \u00a0m\u00fclki ma\u015f\u0131nda g\u0259tirilib. Sakit \u015f\u0259kild\u0259 b\u00f6lm\u0259y\u0259 daxil olub. Onu g\u0259tir\u0259n d\u0259 m\u00fclki geyimd\u0259 olub. \u00dc\u00e7 n\u0259f\u0259r olublar, onlardan ikisi b\u00f6lm\u0259y\u0259 g\u0259tirilib, biri yox. Sabah biz\u0259 i\u00e7\u0259rinin v\u0259 d\u00fc\u015fm\u0259 an\u0131n\u0131n kamera g\u00f6r\u00fcnt\u00fcl\u0259rini g\u00f6st\u0259r\u0259c\u0259kl\u0259r. He\u00e7 bir halda p\u0259nc\u0259r\u0259d\u0259n d\u00fc\u015f\u0259n\u0259 ox\u015fam\u0131r. Ma\u015f\u0131ndan d\u00fc\u015f\u0259nd\u0259 \u00e7ox sakit g\u00f6r\u00fcn\u00fcr. D\u00fc\u015f\u00fcn\u00fcr\u0259m ki, ona i\u00e7\u0259rid\u0259 elektro\u015fok veribl\u0259r. Yanlar\u0131 \u00a0de\u015fik-de\u015fik idi&#8221;.<\/p>\n","protected":false},"excerpt":{"rendered":"<p>20 avqustda Ming\u0259\u00e7evir Polis \u015e\u00f6b\u0259sind\u0259 v\u0259fat ed\u0259n B\u0259hruz Hac\u0131yevin  atas\u0131 Dilsuz Hac\u0131yev o\u011flunun \u00f6l\u00fcm\u00fcnd\u0259 olan \u015f\u00fcbh\u0259li m\u0259qamlarla ba\u011fl\u0131 Meydan Tv-y\u0259 m\u00fcsahib\u0259 verib.<\/p>\n","protected":false},"author":11,"featured_media":32204,"comment_status":"closed","ping_status":"open","sticky":false,"template":"","format":"standard","meta":{"_acf_changed":false,"_sitemap_exclude":false,"_sitemap_priority":"","_sitemap_frequency":"","footnotes":""},"categories":[63],"tags":[],"class_list":["post-169593","post","type-post","status-publish","format-standard","has-post-thumbnail","hentry","category-video-2","infinite-scroll-item","generate-columns","tablet-grid-50","mobile-grid-100","grid-parent","grid-33","no-featured-image-padding"],"acf":[],"yoast_head":"<!-- This site is optimized with the Yoast SEO plugin v28.4 - https:\/\/yoast.com\/product\/yoast-seo-wordpress\/ -->\n<title>Valideyn: &#039;&#039;B\u0259hruzun c\u0259s\u0259di Polis \u015e\u00f6b\u0259sind\u0259n 8 metr uzaql\u0131qda idi&#039;&#039; (V\u0130DEO) - MEYDAN.TV<\/title>\n<meta name=\"robots\" content=\"index, follow, max-snippet:-1, max-image-preview:large, max-video-preview:-1\" \/>\n<link rel=\"canonical\" href=\"https:\/\/www.meydan.tv\/az\/article\/valideyn-behruzun-cesedi-polis-sobesinden-8-metr-uzaqliqda-idi-video\/\" \/>\n<meta property=\"og:locale\" content=\"az_AZ\" \/>\n<meta property=\"og:type\" content=\"article\" \/>\n<meta property=\"og:title\" content=\"Valideyn: &#039;&#039;B\u0259hruzun c\u0259s\u0259di Polis \u015e\u00f6b\u0259sind\u0259n 8 metr uzaql\u0131qda idi&#039;&#039; (V\u0130DEO) - MEYDAN.TV\" \/>\n<meta property=\"og:description\" content=\"20 avqustda Ming\u0259\u00e7evir Polis \u015e\u00f6b\u0259sind\u0259 v\u0259fat ed\u0259n B\u0259hruz Hac\u0131yevin atas\u0131 Dilsuz Hac\u0131yev o\u011flunun \u00f6l\u00fcm\u00fcnd\u0259 olan \u015f\u00fcbh\u0259li m\u0259qamlarla ba\u011fl\u0131 Meydan Tv-y\u0259 m\u00fcsahib\u0259 verib.\" \/>\n<meta property=\"og:url\" content=\"https:\/\/www.meydan.tv\/az\/article\/valideyn-behruzun-cesedi-polis-sobesinden-8-metr-uzaqliqda-idi-video\/\" \/>\n<meta property=\"og:site_name\" content=\"MEYDAN.TV\" \/>\n<meta property=\"article:published_time\" content=\"2015-08-23T11:57:58+00:00\" \/>\n<meta property=\"og:image\" content=\"https:\/\/www.meydan.tv\/wp-content\/uploads\/12011.jpg\" \/>\n\t<meta property=\"og:image:width\" content=\"802\" \/>\n\t<meta property=\"og:image:height\" content=\"449\" \/>\n\t<meta property=\"og:image:type\" content=\"image\/jpeg\" \/>\n<meta name=\"twitter:card\" content=\"summary_large_image\" \/>\n<!-- \/ Yoast SEO plugin. -->","yoast_head_json":{"title":"Valideyn: ''B\u0259hruzun c\u0259s\u0259di Polis \u015e\u00f6b\u0259sind\u0259n 8 metr uzaql\u0131qda idi'' (V\u0130DEO) - MEYDAN.TV","robots":{"index":"index","follow":"follow","max-snippet":"max-snippet:-1","max-image-preview":"max-image-preview:large","max-video-preview":"max-video-preview:-1"},"canonical":"https:\/\/www.meydan.tv\/az\/article\/valideyn-behruzun-cesedi-polis-sobesinden-8-metr-uzaqliqda-idi-video\/","og_locale":"az_AZ","og_type":"article","og_title":"Valideyn: ''B\u0259hruzun c\u0259s\u0259di Polis \u015e\u00f6b\u0259sind\u0259n 8 metr uzaql\u0131qda idi'' (V\u0130DEO) - MEYDAN.TV","og_description":"20 avqustda Ming\u0259\u00e7evir Polis \u015e\u00f6b\u0259sind\u0259 v\u0259fat ed\u0259n B\u0259hruz Hac\u0131yevin atas\u0131 Dilsuz Hac\u0131yev o\u011flunun \u00f6l\u00fcm\u00fcnd\u0259 olan \u015f\u00fcbh\u0259li m\u0259qamlarla ba\u011fl\u0131 Meydan Tv-y\u0259 m\u00fcsahib\u0259 verib.","og_url":"https:\/\/www.meydan.tv\/az\/article\/valideyn-behruzun-cesedi-polis-sobesinden-8-metr-uzaqliqda-idi-video\/","og_site_name":"MEYDAN.TV","article_published_time":"2015-08-23T11:57:58+00:00","og_image":[{"width":802,"height":449,"url":"https:\/\/www.meydan.tv\/wp-content\/uploads\/12011.jpg","type":"image\/jpeg"}],"twitter_card":"summary_large_image","schema":{"@context":"https:\/\/schema.org","@graph":[{"@type":"Article","@id":"https:\/\/www.meydan.tv\/az\/article\/valideyn-behruzun-cesedi-polis-sobesinden-8-metr-uzaqliqda-idi-video\/#article","isPartOf":{"@id":"https:\/\/www.meydan.tv\/az\/article\/valideyn-behruzun-cesedi-polis-sobesinden-8-metr-uzaqliqda-idi-video\/"},"author":{"name":"user-manager","@id":"https:\/\/www.meydan.tv\/az\/#\/schema\/person\/10d11eccf6da3662cf5fdab9806ea91a"},"headline":"Valideyn: &#8221;B\u0259hruzun c\u0259s\u0259di Polis \u015e\u00f6b\u0259sind\u0259n 8 metr uzaql\u0131qda idi&#8221; (V\u0130DEO)","datePublished":"2015-08-23T11:57:58+00:00","mainEntityOfPage":{"@id":"https:\/\/www.meydan.tv\/az\/article\/valideyn-behruzun-cesedi-polis-sobesinden-8-metr-uzaqliqda-idi-video\/"},"wordCount":164,"publisher":{"@id":"https:\/\/www.meydan.tv\/az\/#organization"},"image":{"@id":"https:\/\/www.meydan.tv\/az\/article\/valideyn-behruzun-cesedi-polis-sobesinden-8-metr-uzaqliqda-idi-video\/#primaryimage"},"thumbnailUrl":"https:\/\/www.meydan.tv\/wp-content\/uploads\/12011.jpg","articleSection":["Video"],"inLanguage":"az"},{"@type":"WebPage","@id":"https:\/\/www.meydan.tv\/az\/article\/valideyn-behruzun-cesedi-polis-sobesinden-8-metr-uzaqliqda-idi-video\/","url":"https:\/\/www.meydan.tv\/az\/article\/valideyn-behruzun-cesedi-polis-sobesinden-8-metr-uzaqliqda-idi-video\/","name":"Valideyn: ''B\u0259hruzun c\u0259s\u0259di Polis \u015e\u00f6b\u0259sind\u0259n 8 metr uzaql\u0131qda idi'' (V\u0130DEO) - MEYDAN.TV","isPartOf":{"@id":"https:\/\/www.meydan.tv\/az\/#website"},"primaryImageOfPage":{"@id":"https:\/\/www.meydan.tv\/az\/article\/valideyn-behruzun-cesedi-polis-sobesinden-8-metr-uzaqliqda-idi-video\/#primaryimage"},"image":{"@id":"https:\/\/www.meydan.tv\/az\/article\/valideyn-behruzun-cesedi-polis-sobesinden-8-metr-uzaqliqda-idi-video\/#primaryimage"},"thumbnailUrl":"https:\/\/www.meydan.tv\/wp-content\/uploads\/12011.jpg","datePublished":"2015-08-23T11:57:58+00:00","breadcrumb":{"@id":"https:\/\/www.meydan.tv\/az\/article\/valideyn-behruzun-cesedi-polis-sobesinden-8-metr-uzaqliqda-idi-video\/#breadcrumb"},"inLanguage":"az","potentialAction":[{"@type":"ReadAction","target":["https:\/\/www.meydan.tv\/az\/article\/valideyn-behruzun-cesedi-polis-sobesinden-8-metr-uzaqliqda-idi-video\/"]}]},{"@type":"ImageObject","inLanguage":"az","@id":"https:\/\/www.meydan.tv\/az\/article\/valideyn-behruzun-cesedi-polis-sobesinden-8-metr-uzaqliqda-idi-video\/#primaryimage","url":"https:\/\/www.meydan.tv\/wp-content\/uploads\/12011.jpg","contentUrl":"https:\/\/www.meydan.tv\/wp-content\/uploads\/12011.jpg","width":802,"height":449,"caption":"Source:"},{"@type":"BreadcrumbList","@id":"https:\/\/www.meydan.tv\/az\/article\/valideyn-behruzun-cesedi-polis-sobesinden-8-metr-uzaqliqda-idi-video\/#breadcrumb","itemListElement":[{"@type":"ListItem","position":1,"name":"Ana s\u0259hif\u0259","item":"https:\/\/www.meydan.tv\/az\/"},{"@type":"ListItem","position":2,"name":"Video","item":"https:\/\/www.meydan.tv\/az\/section\/video-2\/"},{"@type":"ListItem","position":3,"name":"Valideyn: &#8221;B\u0259hruzun c\u0259s\u0259di Polis \u015e\u00f6b\u0259sind\u0259n 8 metr uzaql\u0131qda idi&#8221; (V\u0130DEO)"}]},{"@type":"WebSite","@id":"https:\/\/www.meydan.tv\/az\/#website","url":"https:\/\/www.meydan.tv\/az\/","name":"MEYDAN.TV","description":"Meydan TV Az\u0259rbaycan\u0131n media m\u0259kan\u0131ndak\u0131 alternativ s\u0259sidir","publisher":{"@id":"https:\/\/www.meydan.tv\/az\/#organization"},"potentialAction":[{"@type":"SearchAction","target":{"@type":"EntryPoint","urlTemplate":"https:\/\/www.meydan.tv\/az\/?s={search_term_string}"},"query-input":{"@type":"PropertyValueSpecification","valueRequired":true,"valueName":"search_term_string"}}],"inLanguage":"az"},{"@type":"Organization","@id":"https:\/\/www.meydan.tv\/az\/#organization","name":"Meydan TV","url":"https:\/\/www.meydan.tv\/az\/","logo":{"@type":"ImageObject","inLanguage":"az","@id":"https:\/\/www.meydan.tv\/az\/#\/schema\/logo\/image\/","url":"https:\/\/www.meydan.tv\/wp-content\/uploads\/2021\/07\/meydan-logo.svg","contentUrl":"https:\/\/www.meydan.tv\/wp-content\/uploads\/2021\/07\/meydan-logo.svg","width":195,"height":46,"caption":"Meydan TV"},"image":{"@id":"https:\/\/www.meydan.tv\/az\/#\/schema\/logo\/image\/"}},{"@type":"Person","@id":"https:\/\/www.meydan.tv\/az\/#\/schema\/person\/10d11eccf6da3662cf5fdab9806ea91a","name":"user-manager"}]}},"_links":{"self":[{"href":"https:\/\/www.meydan.tv\/az\/wp-json\/wp\/v2\/posts\/169593","targetHints":{"allow":["GET"]}}],"collection":[{"href":"https:\/\/www.meydan.tv\/az\/wp-json\/wp\/v2\/posts"}],"about":[{"href":"https:\/\/www.meydan.tv\/az\/wp-json\/wp\/v2\/types\/post"}],"author":[{"embeddable":true,"href":"https:\/\/www.meydan.tv\/az\/wp-json\/wp\/v2\/users\/11"}],"replies":[{"embeddable":true,"href":"https:\/\/www.meydan.tv\/az\/wp-json\/wp\/v2\/comments?post=169593"}],"version-history":[{"count":0,"href":"https:\/\/www.meydan.tv\/az\/wp-json\/wp\/v2\/posts\/169593\/revisions"}],"wp:featuredmedia":[{"embeddable":true,"href":"https:\/\/www.meydan.tv\/az\/wp-json\/wp\/v2\/media\/32204"}],"wp:attachment":[{"href":"https:\/\/www.meydan.tv\/az\/wp-json\/wp\/v2\/media?parent=169593"}],"wp:term":[{"taxonomy":"category","embeddable":true,"href":"https:\/\/www.meydan.tv\/az\/wp-json\/wp\/v2\/categories?post=169593"},{"taxonomy":"post_tag","embeddable":true,"href":"https:\/\/www.meydan.tv\/az\/wp-json\/wp\/v2\/tags?post=169593"}],"curies":[{"name":"wp","href":"https:\/\/api.w.org\/{rel}","templated":true}]}}