{"id":169586,"date":"2015-08-22T19:55:14","date_gmt":"2015-08-22T19:55:14","guid":{"rendered":"https:\/\/www.meydan.tv\/article\/bu-ne-ataliq-bu-ne-emilikdir\/"},"modified":"2015-08-22T19:55:14","modified_gmt":"2015-08-22T19:55:14","slug":"bu-ne-ataliq-bu-ne-emilikdir","status":"publish","type":"post","link":"https:\/\/www.meydan.tv\/az\/article\/bu-ne-ataliq-bu-ne-emilikdir\/","title":{"rendered":"Bu n\u0259 atal\u0131q, bu n\u0259 \u0259milikdir?"},"content":{"rendered":"<figure class=\"wp-block-image size-large\">\n  <img decoding=\"async\" src=\"https:\/\/www.meydan.tv\/az\/32117\/\" alt=\"\" class=\"wp-image-32117\"\/><figcaption><\/figcaption><\/figure>\n<figure class=\"wp-block-image size-large\">\n  <img decoding=\"async\" src=\"https:\/\/www.meydan.tv\/az\/32114\/\" alt=\"\" class=\"wp-image-32114\"\/><figcaption><\/figcaption><\/figure>\n<p>\n  <br \/>\n  B\u0259hruz Haj\u0131yevi t\u0259k Ming\u0259\u00e7evir polis i\u015f\u00e7il\u0259ri yox, B\u0259hruzu bu hakimiyy\u0259t v\u0259 bu siyasi sistem i\u015fg\u0259nc\u0259 verib, \u00f6ld\u00fcrd\u00fc. Bizi h\u0259r g\u00fcn al\u00e7aldan, h\u0259r g\u00fcn h\u0259bs ed\u0259n, d\u00f6y\u0259n, l\u0259yaq\u0259timizi \u0259limizd\u0259n alan, \u00f6lk\u0259mizin 80%-ni i\u015f\u011fal ed\u0259n, m\u00fc\u0259llim\u0259 150 manat maa\u015f ver\u0259n, m\u00fcharib\u0259 qazisin\u0259 c\u0259mi 50 manat m\u00fcavinat ver\u0259n, bir par\u00e7a \u00e7\u00f6r\u0259y\u0259 g\u00f6r\u0259 bizi k\u00f6l\u0259 kimi ya\u015fama\u011fa m\u0259cbur ed\u0259n, bir ail\u0259 v\u0259 bir ne\u00e7\u0259 oliqarx \u00fc\u00e7\u00fcn qurulan bu hakimiyy\u0259t v\u0259 bu siyasi polis sistemi&#8230;<\/p>\n<p>  Amma B\u0259hruzu \u00f6l\u00fcm\u00fcn\u0259 s\u0259b\u0259b olan, h\u0259m d\u0259 onun atas\u0131\u00a0 v\u0259 ba\u015fqa qohumlar\u0131d\u0131r. Polisin \u00f6ld\u00fcrd\u00fcy\u00fc B\u0259hruzun atas\u0131 etiraz etm\u0259k ist\u0259y\u0259nl\u0259r\u0259: &#8220;Dala qay\u0131d\u0131n!&#8221; deyir. B\u0259hruzun \u0259misi is\u0259 m\u00fcsahib\u0259sind\u0259\u00a0 deyir ki, &#8220;Biz arxay\u0131n\u0131q general\u0131m\u0131za&#8221;.<\/p>\n<p>  B\u0259hruzun \u00f6l\u00fcm\u00fcn\u0259 s\u0259b\u0259b\u00a0 h\u0259m d\u0259 bu d\u00fc\u015f\u00fcnc\u0259, bu yana\u015fma, bu qohumlard\u0131r. Dem\u0259li, bunlar \u00f6z o\u011fullar\u0131n\u0131n, qohumlar\u0131n\u0131n qatill\u0259rin\u0259 bu i\u015fin a\u00e7\u0131lmas\u0131n\u0131 etibar edirl\u0259r.\u00a0 Bu n\u0259 h\u0259yatd\u0131r? Bu n\u0259 d\u00fc\u015f\u00fcnc\u0259dir? Bu n\u0259 ya\u015fay\u0131\u015fd\u0131r?<\/p>\n<p>  Ata olmursan, \u0259mi olmursan, lap baba ol. \u018fn \u0259ziz insan\u0131n \u00f6ld\u00fcr\u00fcl\u00fcr, s\u0259n bu \u00f6l\u00fcml\u0259 bar\u0131\u015f\u0131rsan, s\u0259nin \u00f6\u011flunun qan\u0131n\u0131 pula satan generallara inan\u0131rsan. S\u0259n Ramizl\u0259r\u0259, \u0130lhamlara inan\u0131rsan. S\u0259n\u00a0 ba\u015fqalar\u0131n\u0131 da k\u00f6l\u0259liy\u0259 \u00e7a\u011f\u0131r\u0131rsan. Bu n\u0259 atal\u0131q, bu n\u0259 \u0259milikdir? Bel\u0259 ail\u0259mi olar?!<\/p>\n<p>  B\u0259hruz yaln\u0131z s\u0259nin o\u011flun deyildi, o h\u0259m d\u0259 Az\u0259rbaycan\u0131n o\u011fluydu. Onun \u00f6l\u00fcm\u00fc il\u0259 ba\u011fl\u0131 haqq\u0131 nec\u0259 t\u0259l\u0259b etm\u0259k, s\u0259nin kimil\u0259rin i\u015fi ola bilm\u0259z. Etiraz ed\u0259 bilmirs\u0259ns\u0259, he\u00e7 olmasa, sus! Yoxsa ba\u015fqalar\u0131n\u0131 m\u00fcbariz\u0259d\u0259n \u00e7\u0259kindirm\u0259! Etiraz ed\u0259n h\u0259r k\u0259s\u0259, o c\u00fcml\u0259d\u0259n, B\u0259hruzun ba\u015fqa m\u0259rd qohumlar\u0131na \u00f6z t\u0259\u015f\u0259kk\u00fcr\u00fcm\u00fc bildirir\u0259m. M\u0259n onlar\u0131n \u0259dal\u0259t t\u0259l\u0259b etm\u0259k c\u0259sar\u0259tl\u0259ri qar\u015f\u0131s\u0131nda ba\u015f \u0259yir\u0259m. E\u015fq olsun \u00f6z l\u0259yaq\u0259tini v\u0259 vicdan\u0131n\u0131 pula v\u0259 ya qorxuya t\u0259slim etm\u0259y\u0259n m\u0259rd v\u0259t\u0259nda\u015flar\u0131m\u0131za!<\/p>\n<p>  Bu q\u0259d\u0259r qorxunun v\u0259 \u0259dal\u0259tsizliyin i\u00e7ind\u0259 ya\u015famaqdansa, etiraz edib, haqq\u0131n\u0131 t\u0259l\u0259b edib, insan kimi \u00f6lm\u0259k daha \u00fcst\u00fcnd\u00fcr. Bu hakimiyy\u0259t yaln\u0131z \u00f6l\u00fcmn\u0259n v\u0259 \u00f6lm\u0259kd\u0259n qorxmayan v\u0259t\u0259nda\u015flar\u0131n qaba\u011f\u0131nda diz \u00e7\u00f6k\u0259c\u0259k. Yaln\u0131z bu halda, B\u0259hruzlar\u0131n, Elmarlar\u0131n qan\u0131 yerd\u0259 qalmayacaq, haqq, \u0259dal\u0259t \u00f6z yerini tapacaq v\u0259 biz azad, firavan c\u0259miyy\u0259t, azad\u00a0 d\u00f6vl\u0259t qura bil\u0259c\u0259yik.\n<\/p>\n<p>\n  <b><br \/>\n    Yaz\u0131 m\u00fc\u0259llifin \u015f\u0259xsi m\u00f6vqeyini \u0259ks etdirir&#8230;<br \/>\n  <\/b><\/p>\n","protected":false},"excerpt":{"rendered":"<p>B\u0259hruzlar t\u0259kc\u0259 sizin deyil, Az\u0259rbaycan\u0131n da o\u011fullar\u0131d\u0131r&#8230;<\/p>\n","protected":false},"author":11,"featured_media":32117,"comment_status":"closed","ping_status":"open","sticky":false,"template":"","format":"standard","meta":{"_acf_changed":false,"_sitemap_exclude":false,"_sitemap_priority":"","_sitemap_frequency":"","footnotes":""},"categories":[57],"tags":[],"class_list":["post-169586","post","type-post","status-publish","format-standard","has-post-thumbnail","hentry","category-menim-fikrimce","infinite-scroll-item","generate-columns","tablet-grid-50","mobile-grid-100","grid-parent","grid-33","no-featured-image-padding"],"acf":[],"yoast_head":"<!-- This site is optimized with the Yoast SEO plugin v27.5 - https:\/\/yoast.com\/product\/yoast-seo-wordpress\/ -->\n<title>Bu n\u0259 atal\u0131q, bu n\u0259 \u0259milikdir? - MEYDAN.TV<\/title>\n<meta name=\"robots\" content=\"index, follow, max-snippet:-1, max-image-preview:large, max-video-preview:-1\" \/>\n<link rel=\"canonical\" href=\"https:\/\/www.meydan.tv\/az\/article\/bu-ne-ataliq-bu-ne-emilikdir\/\" \/>\n<meta property=\"og:locale\" content=\"az_AZ\" \/>\n<meta property=\"og:type\" content=\"article\" \/>\n<meta property=\"og:title\" content=\"Bu n\u0259 atal\u0131q, bu n\u0259 \u0259milikdir? - MEYDAN.TV\" \/>\n<meta property=\"og:description\" content=\"B\u0259hruzlar t\u0259kc\u0259 sizin deyil, Az\u0259rbaycan\u0131n da o\u011fullar\u0131d\u0131r...\" \/>\n<meta property=\"og:url\" content=\"https:\/\/www.meydan.tv\/az\/article\/bu-ne-ataliq-bu-ne-emilikdir\/\" \/>\n<meta property=\"og:site_name\" content=\"MEYDAN.TV\" \/>\n<meta property=\"article:published_time\" content=\"2015-08-22T19:55:14+00:00\" \/>\n<meta property=\"og:image\" content=\"https:\/\/www.meydan.tv\/wp-content\/uploads\/11988.jpg\" \/>\n\t<meta property=\"og:image:width\" content=\"500\" \/>\n\t<meta property=\"og:image:height\" content=\"500\" \/>\n\t<meta property=\"og:image:type\" content=\"image\/jpeg\" \/>\n<meta name=\"author\" content=\"user-manager\" \/>\n<meta name=\"twitter:card\" content=\"summary_large_image\" \/>\n<script type=\"application\/ld+json\" class=\"yoast-schema-graph\">{\"@context\":\"https:\\\/\\\/schema.org\",\"@graph\":[{\"@type\":\"Article\",\"@id\":\"https:\\\/\\\/www.meydan.tv\\\/az\\\/article\\\/bu-ne-ataliq-bu-ne-emilikdir\\\/#article\",\"isPartOf\":{\"@id\":\"https:\\\/\\\/www.meydan.tv\\\/az\\\/article\\\/bu-ne-ataliq-bu-ne-emilikdir\\\/\"},\"author\":{\"name\":\"user-manager\",\"@id\":\"https:\\\/\\\/www.meydan.tv\\\/az\\\/#\\\/schema\\\/person\\\/10d11eccf6da3662cf5fdab9806ea91a\"},\"headline\":\"Bu n\u0259 atal\u0131q, bu n\u0259 \u0259milikdir?\",\"datePublished\":\"2015-08-22T19:55:14+00:00\",\"mainEntityOfPage\":{\"@id\":\"https:\\\/\\\/www.meydan.tv\\\/az\\\/article\\\/bu-ne-ataliq-bu-ne-emilikdir\\\/\"},\"wordCount\":516,\"publisher\":{\"@id\":\"https:\\\/\\\/www.meydan.tv\\\/az\\\/#organization\"},\"image\":{\"@id\":\"https:\\\/\\\/www.meydan.tv\\\/az\\\/article\\\/bu-ne-ataliq-bu-ne-emilikdir\\\/#primaryimage\"},\"thumbnailUrl\":\"https:\\\/\\\/www.meydan.tv\\\/wp-content\\\/uploads\\\/11988.jpg\",\"articleSection\":[\"M\u0259nim Fikrimc\u0259\"],\"inLanguage\":\"az\"},{\"@type\":\"WebPage\",\"@id\":\"https:\\\/\\\/www.meydan.tv\\\/az\\\/article\\\/bu-ne-ataliq-bu-ne-emilikdir\\\/\",\"url\":\"https:\\\/\\\/www.meydan.tv\\\/az\\\/article\\\/bu-ne-ataliq-bu-ne-emilikdir\\\/\",\"name\":\"Bu n\u0259 atal\u0131q, bu n\u0259 \u0259milikdir? - MEYDAN.TV\",\"isPartOf\":{\"@id\":\"https:\\\/\\\/www.meydan.tv\\\/az\\\/#website\"},\"primaryImageOfPage\":{\"@id\":\"https:\\\/\\\/www.meydan.tv\\\/az\\\/article\\\/bu-ne-ataliq-bu-ne-emilikdir\\\/#primaryimage\"},\"image\":{\"@id\":\"https:\\\/\\\/www.meydan.tv\\\/az\\\/article\\\/bu-ne-ataliq-bu-ne-emilikdir\\\/#primaryimage\"},\"thumbnailUrl\":\"https:\\\/\\\/www.meydan.tv\\\/wp-content\\\/uploads\\\/11988.jpg\",\"datePublished\":\"2015-08-22T19:55:14+00:00\",\"breadcrumb\":{\"@id\":\"https:\\\/\\\/www.meydan.tv\\\/az\\\/article\\\/bu-ne-ataliq-bu-ne-emilikdir\\\/#breadcrumb\"},\"inLanguage\":\"az\",\"potentialAction\":[{\"@type\":\"ReadAction\",\"target\":[\"https:\\\/\\\/www.meydan.tv\\\/az\\\/article\\\/bu-ne-ataliq-bu-ne-emilikdir\\\/\"]}]},{\"@type\":\"ImageObject\",\"inLanguage\":\"az\",\"@id\":\"https:\\\/\\\/www.meydan.tv\\\/az\\\/article\\\/bu-ne-ataliq-bu-ne-emilikdir\\\/#primaryimage\",\"url\":\"https:\\\/\\\/www.meydan.tv\\\/wp-content\\\/uploads\\\/11988.jpg\",\"contentUrl\":\"https:\\\/\\\/www.meydan.tv\\\/wp-content\\\/uploads\\\/11988.jpg\",\"width\":500,\"height\":500,\"caption\":\"Source:\"},{\"@type\":\"BreadcrumbList\",\"@id\":\"https:\\\/\\\/www.meydan.tv\\\/az\\\/article\\\/bu-ne-ataliq-bu-ne-emilikdir\\\/#breadcrumb\",\"itemListElement\":[{\"@type\":\"ListItem\",\"position\":1,\"name\":\"Ana s\u0259hif\u0259\",\"item\":\"https:\\\/\\\/www.meydan.tv\\\/az\\\/\"},{\"@type\":\"ListItem\",\"position\":2,\"name\":\"M\u0259nim Fikrimc\u0259\",\"item\":\"https:\\\/\\\/www.meydan.tv\\\/az\\\/section\\\/menim-fikrimce\\\/\"},{\"@type\":\"ListItem\",\"position\":3,\"name\":\"Bu n\u0259 atal\u0131q, bu n\u0259 \u0259milikdir?\"}]},{\"@type\":\"WebSite\",\"@id\":\"https:\\\/\\\/www.meydan.tv\\\/az\\\/#website\",\"url\":\"https:\\\/\\\/www.meydan.tv\\\/az\\\/\",\"name\":\"MEYDAN.TV\",\"description\":\"Meydan TV Az\u0259rbaycan\u0131n media m\u0259kan\u0131ndak\u0131 alternativ s\u0259sidir\",\"publisher\":{\"@id\":\"https:\\\/\\\/www.meydan.tv\\\/az\\\/#organization\"},\"potentialAction\":[{\"@type\":\"SearchAction\",\"target\":{\"@type\":\"EntryPoint\",\"urlTemplate\":\"https:\\\/\\\/www.meydan.tv\\\/az\\\/?s={search_term_string}\"},\"query-input\":{\"@type\":\"PropertyValueSpecification\",\"valueRequired\":true,\"valueName\":\"search_term_string\"}}],\"inLanguage\":\"az\"},{\"@type\":\"Organization\",\"@id\":\"https:\\\/\\\/www.meydan.tv\\\/az\\\/#organization\",\"name\":\"Meydan TV\",\"url\":\"https:\\\/\\\/www.meydan.tv\\\/az\\\/\",\"logo\":{\"@type\":\"ImageObject\",\"inLanguage\":\"az\",\"@id\":\"https:\\\/\\\/www.meydan.tv\\\/az\\\/#\\\/schema\\\/logo\\\/image\\\/\",\"url\":\"https:\\\/\\\/www.meydan.tv\\\/wp-content\\\/uploads\\\/2021\\\/07\\\/meydan-logo.svg\",\"contentUrl\":\"https:\\\/\\\/www.meydan.tv\\\/wp-content\\\/uploads\\\/2021\\\/07\\\/meydan-logo.svg\",\"width\":195,\"height\":46,\"caption\":\"Meydan TV\"},\"image\":{\"@id\":\"https:\\\/\\\/www.meydan.tv\\\/az\\\/#\\\/schema\\\/logo\\\/image\\\/\"}},{\"@type\":\"Person\",\"@id\":\"https:\\\/\\\/www.meydan.tv\\\/az\\\/#\\\/schema\\\/person\\\/10d11eccf6da3662cf5fdab9806ea91a\",\"name\":\"user-manager\"}]}<\/script>\n<!-- \/ Yoast SEO plugin. -->","yoast_head_json":{"title":"Bu n\u0259 atal\u0131q, bu n\u0259 \u0259milikdir? - MEYDAN.TV","robots":{"index":"index","follow":"follow","max-snippet":"max-snippet:-1","max-image-preview":"max-image-preview:large","max-video-preview":"max-video-preview:-1"},"canonical":"https:\/\/www.meydan.tv\/az\/article\/bu-ne-ataliq-bu-ne-emilikdir\/","og_locale":"az_AZ","og_type":"article","og_title":"Bu n\u0259 atal\u0131q, bu n\u0259 \u0259milikdir? - MEYDAN.TV","og_description":"B\u0259hruzlar t\u0259kc\u0259 sizin deyil, Az\u0259rbaycan\u0131n da o\u011fullar\u0131d\u0131r...","og_url":"https:\/\/www.meydan.tv\/az\/article\/bu-ne-ataliq-bu-ne-emilikdir\/","og_site_name":"MEYDAN.TV","article_published_time":"2015-08-22T19:55:14+00:00","og_image":[{"width":500,"height":500,"url":"https:\/\/www.meydan.tv\/wp-content\/uploads\/11988.jpg","type":"image\/jpeg"}],"author":"user-manager","twitter_card":"summary_large_image","schema":{"@context":"https:\/\/schema.org","@graph":[{"@type":"Article","@id":"https:\/\/www.meydan.tv\/az\/article\/bu-ne-ataliq-bu-ne-emilikdir\/#article","isPartOf":{"@id":"https:\/\/www.meydan.tv\/az\/article\/bu-ne-ataliq-bu-ne-emilikdir\/"},"author":{"name":"user-manager","@id":"https:\/\/www.meydan.tv\/az\/#\/schema\/person\/10d11eccf6da3662cf5fdab9806ea91a"},"headline":"Bu n\u0259 atal\u0131q, bu n\u0259 \u0259milikdir?","datePublished":"2015-08-22T19:55:14+00:00","mainEntityOfPage":{"@id":"https:\/\/www.meydan.tv\/az\/article\/bu-ne-ataliq-bu-ne-emilikdir\/"},"wordCount":516,"publisher":{"@id":"https:\/\/www.meydan.tv\/az\/#organization"},"image":{"@id":"https:\/\/www.meydan.tv\/az\/article\/bu-ne-ataliq-bu-ne-emilikdir\/#primaryimage"},"thumbnailUrl":"https:\/\/www.meydan.tv\/wp-content\/uploads\/11988.jpg","articleSection":["M\u0259nim Fikrimc\u0259"],"inLanguage":"az"},{"@type":"WebPage","@id":"https:\/\/www.meydan.tv\/az\/article\/bu-ne-ataliq-bu-ne-emilikdir\/","url":"https:\/\/www.meydan.tv\/az\/article\/bu-ne-ataliq-bu-ne-emilikdir\/","name":"Bu n\u0259 atal\u0131q, bu n\u0259 \u0259milikdir? - MEYDAN.TV","isPartOf":{"@id":"https:\/\/www.meydan.tv\/az\/#website"},"primaryImageOfPage":{"@id":"https:\/\/www.meydan.tv\/az\/article\/bu-ne-ataliq-bu-ne-emilikdir\/#primaryimage"},"image":{"@id":"https:\/\/www.meydan.tv\/az\/article\/bu-ne-ataliq-bu-ne-emilikdir\/#primaryimage"},"thumbnailUrl":"https:\/\/www.meydan.tv\/wp-content\/uploads\/11988.jpg","datePublished":"2015-08-22T19:55:14+00:00","breadcrumb":{"@id":"https:\/\/www.meydan.tv\/az\/article\/bu-ne-ataliq-bu-ne-emilikdir\/#breadcrumb"},"inLanguage":"az","potentialAction":[{"@type":"ReadAction","target":["https:\/\/www.meydan.tv\/az\/article\/bu-ne-ataliq-bu-ne-emilikdir\/"]}]},{"@type":"ImageObject","inLanguage":"az","@id":"https:\/\/www.meydan.tv\/az\/article\/bu-ne-ataliq-bu-ne-emilikdir\/#primaryimage","url":"https:\/\/www.meydan.tv\/wp-content\/uploads\/11988.jpg","contentUrl":"https:\/\/www.meydan.tv\/wp-content\/uploads\/11988.jpg","width":500,"height":500,"caption":"Source:"},{"@type":"BreadcrumbList","@id":"https:\/\/www.meydan.tv\/az\/article\/bu-ne-ataliq-bu-ne-emilikdir\/#breadcrumb","itemListElement":[{"@type":"ListItem","position":1,"name":"Ana s\u0259hif\u0259","item":"https:\/\/www.meydan.tv\/az\/"},{"@type":"ListItem","position":2,"name":"M\u0259nim Fikrimc\u0259","item":"https:\/\/www.meydan.tv\/az\/section\/menim-fikrimce\/"},{"@type":"ListItem","position":3,"name":"Bu n\u0259 atal\u0131q, bu n\u0259 \u0259milikdir?"}]},{"@type":"WebSite","@id":"https:\/\/www.meydan.tv\/az\/#website","url":"https:\/\/www.meydan.tv\/az\/","name":"MEYDAN.TV","description":"Meydan TV Az\u0259rbaycan\u0131n media m\u0259kan\u0131ndak\u0131 alternativ s\u0259sidir","publisher":{"@id":"https:\/\/www.meydan.tv\/az\/#organization"},"potentialAction":[{"@type":"SearchAction","target":{"@type":"EntryPoint","urlTemplate":"https:\/\/www.meydan.tv\/az\/?s={search_term_string}"},"query-input":{"@type":"PropertyValueSpecification","valueRequired":true,"valueName":"search_term_string"}}],"inLanguage":"az"},{"@type":"Organization","@id":"https:\/\/www.meydan.tv\/az\/#organization","name":"Meydan TV","url":"https:\/\/www.meydan.tv\/az\/","logo":{"@type":"ImageObject","inLanguage":"az","@id":"https:\/\/www.meydan.tv\/az\/#\/schema\/logo\/image\/","url":"https:\/\/www.meydan.tv\/wp-content\/uploads\/2021\/07\/meydan-logo.svg","contentUrl":"https:\/\/www.meydan.tv\/wp-content\/uploads\/2021\/07\/meydan-logo.svg","width":195,"height":46,"caption":"Meydan TV"},"image":{"@id":"https:\/\/www.meydan.tv\/az\/#\/schema\/logo\/image\/"}},{"@type":"Person","@id":"https:\/\/www.meydan.tv\/az\/#\/schema\/person\/10d11eccf6da3662cf5fdab9806ea91a","name":"user-manager"}]}},"_links":{"self":[{"href":"https:\/\/www.meydan.tv\/az\/wp-json\/wp\/v2\/posts\/169586","targetHints":{"allow":["GET"]}}],"collection":[{"href":"https:\/\/www.meydan.tv\/az\/wp-json\/wp\/v2\/posts"}],"about":[{"href":"https:\/\/www.meydan.tv\/az\/wp-json\/wp\/v2\/types\/post"}],"author":[{"embeddable":true,"href":"https:\/\/www.meydan.tv\/az\/wp-json\/wp\/v2\/users\/11"}],"replies":[{"embeddable":true,"href":"https:\/\/www.meydan.tv\/az\/wp-json\/wp\/v2\/comments?post=169586"}],"version-history":[{"count":0,"href":"https:\/\/www.meydan.tv\/az\/wp-json\/wp\/v2\/posts\/169586\/revisions"}],"wp:featuredmedia":[{"embeddable":true,"href":"https:\/\/www.meydan.tv\/az\/wp-json\/wp\/v2\/media\/32117"}],"wp:attachment":[{"href":"https:\/\/www.meydan.tv\/az\/wp-json\/wp\/v2\/media?parent=169586"}],"wp:term":[{"taxonomy":"category","embeddable":true,"href":"https:\/\/www.meydan.tv\/az\/wp-json\/wp\/v2\/categories?post=169586"},{"taxonomy":"post_tag","embeddable":true,"href":"https:\/\/www.meydan.tv\/az\/wp-json\/wp\/v2\/tags?post=169586"}],"curies":[{"name":"wp","href":"https:\/\/api.w.org\/{rel}","templated":true}]}}