{"id":169578,"date":"2015-08-22T04:57:06","date_gmt":"2015-08-22T04:57:06","guid":{"rendered":"https:\/\/www.meydan.tv\/article\/keleki-cixmazi\/"},"modified":"2015-08-22T04:57:06","modified_gmt":"2015-08-22T04:57:06","slug":"keleki-cixmazi","status":"publish","type":"post","link":"https:\/\/www.meydan.tv\/az\/article\/keleki-cixmazi\/","title":{"rendered":"K\u0259l\u0259ki \u00e7\u0131xmaz\u0131"},"content":{"rendered":"<figure class=\"wp-block-image size-large\">\n  <img decoding=\"async\" src=\"https:\/\/www.meydan.tv\/az\/32164\/\" alt=\"\" class=\"wp-image-32164\"\/><figcaption><\/figcaption><\/figure>\n<figure class=\"wp-block-image size-large\">\n  <img decoding=\"async\" src=\"https:\/\/www.meydan.tv\/az\/32168\/\" alt=\"\" class=\"wp-image-32168\"\/><figcaption><\/figcaption><\/figure>\n<p>\n  <b><br \/>\n    <i><br \/>\n      \u018fb\u00fclf\u0259z El\u00e7ib\u0259y D\u00f6vl\u0259t T\u0259hl\u00fck\u0259sizliyi Komit\u0259si (DTK) s\u0259drinin ad\u0131na \u0259riz\u0259ni mister Hayd kimi yaz\u0131r, Prezident olanda is\u0259 doktor Cekill kimi se\u00e7ilir. Mister Hayd Doktor Cekillin onun yax\u0131n \u0259traf\u0131 il\u0259 ke\u00e7irdiyi m\u00fc\u015favir\u0259d\u0259n sonra K\u0259l\u0259kiy\u0259 qa\u00e7\u0131r. Mister Hayd parlamentin idar\u0259 hey\u0259tind\u0259ki y\u00fcks\u0259klikd\u0259 oturub l\u0259zz\u0259tl\u0259 siqaretini t\u00fcst\u00fcl\u0259dir, \u0259n yax\u0131n silahda\u015f\u0131 \u0130sa Q\u0259mb\u0259ri \u00e7aqqallar\u0131n nec\u0259 didi\u015fdirdikl\u0259rin\u0259 v\u0259 istefa verm\u0259y\u0259 vadar etdikl\u0259rin\u0259 c\u0259rrahlara xas t\u0259mkinl\u0259 bax\u0131rd\u0131. Sonralar is\u0259 mister Hayd 1998-ci ild\u0259 \u0130sa Q\u0259mb\u0259rin \u00f6z namiz\u0259dliyini prezidentliy\u0259 ir\u0259li s\u00fcrm\u0259sin\u0259 mane olmaq \u00fc\u00e7\u00fcn \u00e7\u0131raqdan q\u0259fil havaya f\u0131rlayan cin t\u0259ki ortaya \u00e7\u0131x\u0131r v\u0259 vaxtil\u0259 qoyub qa\u00e7d\u0131\u011f\u0131 k\u00fcrs\u00fcy\u0259 qay\u0131tmaq ist\u0259yini dil\u0259 g\u0259tirir.<br \/>\n    <\/i><br \/>\n  <\/b>\n<\/p>\n<p>\n  <b><br \/>\n    \u201cHakimiyy\u0259t m\u0259s\u0259l\u0259l\u0259rind\u0259 insana<br \/>\n  <\/b><br \/>\n  <b><br \/>\n    etimadla ba\u011fl\u0131 dinl\u0259m\u0259l\u0259r\u0259 son qoyaq,<br \/>\n  <\/b>\n<\/p>\n<p>\n  <b><br \/>\n    \u0259v\u0259zind\u0259 onu konstitusiyan\u0131n z\u0259ncirl\u0259ri il\u0259 qand\u0430llayaraq,\u00a0onun pis niyy\u0259tl\u0259rin\u0259 \u0259ng\u0259l olaq&#8221;<br \/>\n  <\/b>\n<\/p>\n<p>\n  <b><br \/>\n    <i><br \/>\n      Tomas Cefferson<br \/>\n    <\/i><br \/>\n  <\/b>\n<\/p>\n<p>\n  \u018f.El\u00e7ib\u0259yin Az\u0259rbaycan\u0131n \u0259n yeni tarixind\u0259 rolu haqq\u0131nda yeni n\u0259sil az\u0259rbaycanl\u0131lar\u0131n qald\u0131rd\u0131qlar\u0131 m\u00f6vzu milli t\u0259f\u0259kk\u00fcr\u00fcm\u00fczd\u0259ki m\u0259n\u0259vi x\u0259r\u00e7\u0259ng \u015fi\u015fidir, bu m\u00f6vzunu h\u0259r k\u0259s \u00f6z\u00fc \u00fc\u00e7\u00fcn m\u00fc\u0259yy\u0259nl\u0259\u015fdirm\u0259lidir. Biz Az\u0259rbaycan\u0131n tarixini d\u0259yi\u015f\u0259n v\u0259 h\u0259min tarixi d\u0259 h\u0259yat\u0131m\u0131zla birg\u0259 d\u0259y\u0259rsizl\u0259\u015fdir\u0259n h\u0259min insan\u0131n rolu bar\u0259d\u0259 bu q\u0259d\u0259r uzun m\u00fcdd\u0259t susa bilm\u0259rik.\n<\/p>\n<p>\n  M\u0259n \u018fb\u00fclf\u0259z \u018fliyevl\u0259 1983-c\u00fc ilin yaz\u0131nda Moksvada tan\u0131\u015f olmu\u015fam. Bu tan\u0131\u015f\u0131ql\u0131q Lomonosov ad\u0131na Moskva D\u00f6vl\u0259t Universitetinin (MDU) Vernadski prospekti 37 \u00fcnvan\u0131ndak\u0131 yataqxanas\u0131nda ba\u015f verdi, m\u0259n Soljenits\u0131n\u0131n \u201cArxipelaq\u201d\u0131n\u0131 qaytarmaq \u00fc\u00e7\u00fcn t\u0259l\u0259b\u0259 dostum<br \/>\n  <b><br \/>\n    Eldar Abbasov<br \/>\n  <\/b><br \/>\n  a ba\u015f \u00e7\u0259km\u0259y\u0259 g\u0259lmi\u015fdim.\n<\/p>\n<p>\n  Az\u0259rbaycan\u0131n g\u0259l\u0259c\u0259k prezidenti olacaq h\u0259min \u015f\u0259xs t\u0259l\u0259b\u0259 yolda\u015f\u0131m\u0131n qona\u011f\u0131 idi, o m\u0259nd\u0259 n\u0259 \u00fc\u00e7\u00fcns\u0259 ehtiyatl\u0131 adam t\u0259\u0259ss\u00fcrat\u0131 oyatd\u0131, \u00fcst\u0259lik bir d\u0259f\u0259 d\u0259 olsun, kitab\u0131n m\u00fczakir\u0259sin\u0259 qat\u0131lmad\u0131. Daha sonra Eldar m\u0259n\u0259 bir vaxtlar DTK divarlar\u0131 aras\u0131nda qalan o adam\u0131n n\u0259 \u00fc\u00e7\u00fcn bu q\u0259d\u0259r ehtiyatl\u0131 davrand\u0131\u011f\u0131n\u0131 izah etdi.\n<\/p>\n<p>\n  Bu \u0259lyazman\u0131n yay\u0131lmas\u0131na g\u00f6r\u0259 MDU-dan xaric edirdil\u0259r, Az\u0259rbaycanda is\u0259 h\u0259bsxnaya sal\u0131rd\u0131lar. Sonralar onunla yenid\u0259nqurmadan sonra bir ne\u00e7\u0259 d\u0259f\u0259 rastla\u015fm\u0131\u015fd\u0131q. Sonuncu g\u00f6r\u00fc\u015f\u00fcm\u00fcz Bak\u0131 D\u00f6vl\u0259t Universitetind\u0259 ilk Novruz \u015f\u0259nliyinin ke\u00e7irildiyi vaxt oldu, biz onda h\u0259min bayram \u015f\u0259nliyini 70-ci ill\u0259r qada\u011fas\u0131ndan sonra t\u0259\u015fkil ed\u0259r\u0259k, b\u00fct\u00fcn arzu ed\u0259nl\u0259ri oraya d\u0259v\u0259t etmi\u015fdik. 70-ci ill\u0259rd\u0259 hans\u0131sa qondarma ittihama g\u00f6r\u0259 bu \u015f\u0259xsin h\u0259bs\u0259 sal\u0131nmas\u0131 onun \u0259traf\u0131nda mifl\u0259rin yaranmas\u0131na v\u0259 AXC liderliyin\u0259 ir\u0259li s\u00fcr\u00fclm\u0259sin\u0259 t\u0259kan verdi, bu is\u0259 m\u0259nim \u00fc\u00e7\u00fcn tamamil\u0259 g\u00f6zl\u0259nilm\u0259z idi.\n<\/p>\n<p>\n  1980-ci ilin sentyabr ay\u0131n\u0131n 1-d\u0259 q\u0259dim Rusiya tarixi \u00fczr\u0259 m\u00fct\u0259x\u0259ssis, akademik<br \/>\n  <b><br \/>\n    R\u0131bakov<br \/>\n  <\/b><br \/>\n  un Lomonosov ad\u0131na Moskva D\u00f6vl\u0259t Universitetinin tarix fak\u00fclt\u0259sind\u0259 t\u0259hsil alan birinci kurs t\u0259l\u0259b\u0259l\u0259rin\u0259 \u0259n\u0259n\u0259vi olaraq oxudu\u011fu ilk m\u00fchazir\u0259d\u0259n sonra, m\u0259n ondan<br \/>\n  <b><br \/>\n    Oljas S\u00fcleymenov<br \/>\n  <\/b><br \/>\n  un<br \/>\n  <i><br \/>\n    \u201cAz i Ya\u201d<br \/>\n  <\/i><br \/>\n  \u00a0kitab\u0131 bar\u0259d\u0259 fikir bildirm\u0259yini xahi\u015f etdim. Akademikd\u0259n e\u015fitdiyim hidd\u0259tli cavab is\u0259 onun yaral\u0131 yerin\u0259 toxundu\u011fuma d\u0259lal\u0259t etdi ki, bu da he\u00e7 t\u0259\u0259cc\u00fcbl\u00fc deyildi. Sovet \u0130ttifaq\u0131 Kommunist Partiyas\u0131n\u0131n M\u0259rk\u0259zi Komit\u0259sinin q\u00fcdr\u0259tli ideoloqu, h\u0259tta L.Brejnevin bel\u0259 s\u00f6z\u00fcn\u00fcn qar\u015f\u0131s\u0131na s\u00f6z qoya bilm\u0259diyi<br \/>\n  <b><br \/>\n    M. Suslov<br \/>\n  <\/b><br \/>\n  un t\u0259nqid etdiyi kitab Rusiya \u0259leyhin\u0259 \u0259s\u0259r adland\u0131r\u0131ld\u0131 v\u0259 b\u00fct\u00fcn ittifaq\u0131n l\u0259n\u0259tin\u0259 tu\u015f g\u0259ldi.\n<\/p>\n<p>\n  Stalin\u0259 xas, d\u00fcnyada \u0259n m\u0259\u015f\u0259qq\u0259tli c\u0259zaland\u0131rma sistemin\u0259 malik totalitar d\u00f6vl\u0259td\u0259 yaz\u0131\u00e7\u0131ya bu \u0259m\u0259yin\u0259 g\u00f6r\u0259 hans\u0131 c\u0259zan\u0131n veril\u0259 bil\u0259c\u0259yini t\u0259s\u0259vv\u00fcr etm\u0259k az\u0259rbaycanl\u0131lar\u0131n g\u0259nc n\u0259slinin n\u00fcmay\u0259nd\u0259l\u0259ri \u00fc\u00e7\u00fcn \u00e7\u0259tin olar. Lakin tale O.S\u00fcleymenovun \u00fcz\u00fcn\u0259 g\u00fcld\u00fc, \u00e7\u00fcnki Qazax\u0131stana r\u0259hb\u0259rlik ed\u0259n Dinmuxamed Kunayev L.Brejnevin yax\u0131n dostu idi v\u0259 o, Oljas\u0131 t\u0259bii ki, \u00f6z \u015f\u0259xsi himay\u0259sin\u0259 g\u00f6t\u00fcrm\u00fc\u015fd\u00fc.\n<\/p>\n<p>\n  T\u0259xmin\u0259n el\u0259 h\u0259min ill\u0259rd\u0259, \u018fb\u00fclf\u0259z El\u00e7ib\u0259y i\u015fl\u0259tdiyi hans\u0131sa adi ifad\u0259y\u0259 g\u00f6r\u0259 h\u0259bs olundu, halbuki h\u0259min d\u00f6vrd\u0259 Az\u0259rbaycana Leonid \u0130li\u00e7 Brejnevin dig\u0259r dostu<br \/>\n  <b><br \/>\n    Heyd\u0259r \u018fliyev<br \/>\n  <\/b><br \/>\n  \u00a0r\u0259hb\u0259rlik edirdi. H\u0259tta he\u00e7 M.Suslov da yox, Moskvadan olan h\u0259r hans\u0131 bir m\u0259mur onun bar\u0259sind\u0259 n\u0259s\u0259 demi\u015f olsayd\u0131, El\u00e7ib\u0259yin aqib\u0259tinin nec\u0259 ola bil\u0259c\u0259yini t\u0259s\u0259vv\u00fcr etm\u0259k \u00e7ox \u00e7\u0259tin olard\u0131. Onu da y\u0259qin ki, \u201ciqtisadi cinay\u0259tl\u0259r\u0259 g\u00f6r\u0259\u201d g\u00fcll\u0259l\u0259n\u0259n v\u0259t\u0259nda\u015flar\u0131n taleyi g\u00f6zl\u0259y\u0259rdi.\n<\/p>\n<p>\n  G\u00f6r\u00fcn\u00fcr, h\u0259min vaxtdan \u018fb\u00fclf\u0259z El\u00e7ib\u0259y sistemin v\u0259 onun liderinin cazib\u0259 dair\u0259sin\u0259 d\u00fc\u015f\u00fcb, \u00e7\u00fcnki onun h\u0259min vaxtdan sonrak\u0131 davran\u0131\u015flar\u0131n\u0131 m\u0259hz \u201cStokholm sindromu\u201d kimi xarakteriz\u0259 etm\u0259k olar. Bu termin \u00f6z\u00fcnd\u0259 \u201covlama\u201d prosesi zaman\u0131 qurbanla t\u0259cav\u00fczkar aras\u0131nda yaranan qar\u015f\u0131l\u0131ql\u0131 v\u0259 t\u0259kt\u0259r\u0259fli r\u0259\u011fb\u0259ti ehtiva edir. Girov g\u00f6t\u00fcr\u00fcl\u0259nl\u0259r g\u00fccl\u00fc \u015fokun t\u0259siri alt\u0131nda onlar\u0131 \u0259l\u0259 ke\u00e7ir\u0259n t\u0259cav\u00fczkarlara qar\u015f\u0131 q\u0259rib\u0259 h\u00fcsn\u00fc-t\u0259v\u0259cc\u00f6h hissi duyur, onlar\u0131n davran\u0131\u015flar\u0131na haqq qazand\u0131r\u0131r v\u0259 yekun n\u0259tic\u0259d\u0259, \u00f6zl\u0259rini onlara ox\u015fadaraq eynil\u0259\u015fir, onlar\u0131n ideyalar\u0131n\u0131 \u0259xz edir v\u0259 \u201c\u00fcmumi m\u0259qs\u0259d\u201d\u0259 nail olunmas\u0131 yolunda qurbanlar verm\u0259y\u0259 haz\u0131r olurlar.\n<\/p>\n<p>\n  Bu iki \u018fliyevin g\u00f6zl\u0259 g\u00f6r\u00fcnm\u0259y\u0259n m\u00fctt\u0259fiqliyi sonralar he\u00e7 pozulmad\u0131. \u018fg\u0259r \u018fb\u00fclf\u0259z \u018fliyevin onu \u0259hat\u0259 ed\u0259n q\u0259bil\u0259 instinktl\u0259rini istismar etm\u0259d\u0259n liderliy\u0259 q\u0259d\u0259r g\u0259lib \u00e7\u0131xmaq \u015fans\u0131 var idis\u0259, Heyd\u0259r \u018fliyev dur\u011funluq ill\u0259rinin y\u00fck\u00fc s\u0259b\u0259bind\u0259n bunu etm\u0259y\u0259 qabil deyildi. H\u0259l\u0259 \u00fcst\u0259lik, \u018f. El\u00e7ib\u0259yin d\u0259st\u0259yi olmasayd\u0131, o, ittifaq \u0259h\u0259miyy\u0259tli t\u0259qa\u00fcd\u00e7\u00fc statusunda qalacaqd\u0131.\n<\/p>\n<p>\n  Onu h\u0259bsxana divarlar\u0131 aras\u0131na atan insana qar\u015f\u0131 a\u00e7\u0131q-a\u015fkar m\u0259h\u0259bb\u0259tini n\u00fcmayi\u015f etdir\u0259n El\u00e7ib\u0259y H.\u018fliyevin portretinin alt\u0131nda otura-otura \u00f6z h\u00fcsn-r\u0259\u011fb\u0259tin\u0259 (guya Politb\u00fcroda \u018fliyevl\u0259<br \/>\n  <b><br \/>\n    Romanov<br \/>\n  <\/b><br \/>\n  un aras\u0131nda olan qar\u015f\u0131durma v\u0259 dig\u0259r bu kimi mifl\u0259r bar\u0259d\u0259) bi\u00e7imsiz bir \u015f\u0259kild\u0259 haqq qazand\u0131rma\u011fa \u00e7al\u0131\u015f\u0131rd\u0131 ki, bunu da yuxar\u0131da qeyd olunan sindromun n\u0259tic\u0259si kimi izah etm\u0259k olar. Yeri g\u0259lmi\u015fk\u0259n, H.\u018fliyev d\u0259 bu m\u0259h\u0259bb\u0259t\u0259 cavab olaraq, art\u0131q \u201cXilaskar\u201d statusunda ik\u0259n Rusiya kanal\u0131na verdiyi m\u00fcsahib\u0259d\u0259 guya s\u0259rxo\u015f El\u00e7ib\u0259yin \u00fcst\u00fcn\u0259 i\u015f\u0259diyi xal\u00e7an\u0131 n\u00fcmayi\u015f etdirmi\u015fdi.\n<\/p>\n<p>\n  <b><br \/>\n    George Bush<br \/>\n  <\/b><br \/>\n  \u00a02001-ci ild\u0259<br \/>\n  <b><br \/>\n    Putin<br \/>\n  <\/b><br \/>\n  l\u0259 g\u00f6r\u00fc\u015f\u00fcnd\u0259n sonra jurnalistl\u0259r\u0259 V.Putinin g\u00f6zl\u0259rin\u0259 baxanda h\u0259min bax\u0131\u015flarda onun \u201c\u00fcr\u0259yini\u201d g\u00f6rd\u00fcy\u00fcn\u00fc des\u0259 d\u0259, bir ne\u00e7\u0259 il ke\u00e7\u0259nd\u0259n sonra Hillari Klinton bildirmi\u015fdi ki, t\u0259yinat\u0131 \u00fczr\u0259, DTK agentinin \u00fcr\u0259yi ola bilm\u0259z.\n<\/p>\n<p>\n  Biz, s\u0131ravi v\u0259 g\u0259ldi-ged\u0259r adamlar\u0131q, G.Bush kimi f\u0259ras\u0259tli ola v\u0259<br \/>\n  <b><br \/>\n    H.Clinton<br \/>\n  <\/b><br \/>\n  \u00a0kimi s\u00f6z\u00fc a\u00e7\u0131q-sa\u00e7\u0131q \u00fcz\u0259 dey\u0259 bilm\u0259s\u0259k d\u0259, bunu \u0259minlikl\u0259 qeyd ed\u0259 bil\u0259rik: \u0259lb\u0259tt\u0259 ki, El\u00e7ib\u0259y he\u00e7 vaxt bu s\u00f6z\u00fcn \u0259sl m\u0259nas\u0131nda dissident olmay\u0131b. SSR\u0130 d\u00f6vr\u00fcnd\u0259 dissidentl\u0259r he\u00e7 vaxt pe\u015fman olduqlar\u0131na dair \u0259riz\u0259 yazm\u0131rd\u0131lar, onlar\u0131 h\u0259bsd\u0259n vaxt\u0131ndan \u0259vv\u0259l azad etmirdil\u0259r, \u0259ksin\u0259 ruhi x\u0259st\u0259xanalara yerl\u0259\u015fdirirdil\u0259r, Bukovski kimi daha m\u0259\u015fhur olanlar\u0131 is\u0259 tan\u0131nm\u0131\u015f kommunistl\u0259rl\u0259 d\u0259yi\u015f-d\u00fcy\u00fc\u015f edir, ya da Soljenits\u0131n kimi \u00f6lk\u0259d\u0259n s\u00fcrg\u00fcn edirdil\u0259r.\n<\/p>\n<p>\n  Buna g\u00f6r\u0259 d\u0259, m\u0259n he\u00e7 vaxt \u018f.El\u00e7ib\u0259yi Qaraba\u011f hadis\u0259l\u0259rinin t\u0259kan verdiyi xalq h\u0259r\u0259kat\u0131n\u0131n lideri kimi q\u0259bul etm\u0259mi\u015f\u0259m, \u00e7\u00fcnki \u00f6z\u00fcm bilavasit\u0259 Azadl\u0131q meydan\u0131nda ke\u00e7iril\u0259n ilk mitinqd\u0259n ba\u015flayaraq, b\u00fct\u00fcn hadis\u0259l\u0259rin i\u015ftirak\u00e7\u0131s\u0131 olmu\u015fam, gec\u0259l\u0259ri h\u0259min mitinql\u0259rd\u0259 ke\u00e7irmi\u015f\u0259m, 90-c\u0131 ill\u0259rin yanvar hadis\u0259l\u0259rin\u0259 q\u0259d\u0259r xalq h\u0259r\u0259kat\u0131 t\u0259dbirl\u0259rind\u0259 birba\u015fa i\u015ftirak etmi\u015f\u0259m. Dig\u0259rl\u0259rind\u0259n f\u0259rqli olaraq, beynimd\u0259 bu h\u0259r\u0259kat\u0131n iki \u0259n ziddiy\u0259tli fiquru \u2013<br \/>\n  <b><br \/>\n    \u00a0N.P\u0259nahov<br \/>\n  <\/b><br \/>\n  \u00a0v\u0259 \u018f.\u018fliyev bar\u0259d\u0259 he\u00e7 vaxt ill\u00fcziyalar yaranmay\u0131b. M\u0259nim \u00fc\u00e7\u00fcn onlar h\u0259mi\u015f\u0259 bir medal\u0131n iki \u00fcz\u00fc olublar ki, bu da t\u0259bii ki, 1993-c\u00fc ilin iyun hadis\u0259l\u0259rind\u0259n sonra bir daha \u00f6z t\u0259sdiqini tapm\u0131\u015f oldu.\n<\/p>\n<p>\n  M\u0259n sentimentall\u0131qdan uzaq adamam, ona g\u00f6r\u0259 d\u0259, ikinci demokratik respublikan\u0131n m\u0259rhum ikinci prezidentinin daxili d\u00fcnyas\u0131n\u0131<br \/>\n  <b><br \/>\n    Seymur Baycan<br \/>\n  <\/b><br \/>\n  \u0131n onu Don Kixotla m\u00fcqayis\u0259 etdiyi kimi canl\u0131 boyalarla t\u0259svir ed\u0259 bilm\u0259y\u0259c\u0259y\u0259m. Lakin portal\u0131n oxucular\u0131n\u0131n y\u00fcks\u0259k intellektual s\u0259viyy\u0259sini n\u0259z\u0259r\u0259 alaraq, m\u00fc\u0259yy\u0259n paralell\u0259r aparma\u011fa \u00e7al\u0131\u015faca\u011fam.\n<\/p>\n<p>\n  <b><br \/>\n    Sofokl<br \/>\n  <\/b><br \/>\n  \u00a0insanlar\u0131 nec\u0259 olmal\u0131d\u0131rlarsa o c\u00fcr,<br \/>\n  <b><br \/>\n    Evripid<br \/>\n  <\/b><br \/>\n  \u00a0is\u0259 el\u0259 olduqlar\u0131 kimi t\u0259svir etdiyini deyirdi. \u0130ndiy\u0259 q\u0259d\u0259r El\u00e7ib\u0259y haqq\u0131nda dan\u0131\u015fanlar\u0131n v\u0259 yazanlar\u0131n aras\u0131nda sofokllar evripidl\u0259rd\u0259n daha \u00e7oxdur. Lakin m\u00fcharib\u0259 \u015f\u0259raitind\u0259 olan \u00f6lk\u0259nin ba\u015f komandan\u0131n\u0131n d\u00f6y\u00fc\u015f meydan\u0131ndan biab\u0131r\u00e7\u0131 \u015f\u0259kild\u0259 qa\u00e7d\u0131\u011f\u0131 vaxtdan 20 il ke\u00e7\u0259nd\u0259n sonra h\u0259m hakimiyy\u0259t, h\u0259m d\u0259 m\u00fcxalif\u0259t t\u0259r\u0259find\u0259n tabula\u015fd\u0131r\u0131lan m\u0259s\u0259l\u0259l\u0259rl\u0259 ba\u011fl\u0131 c\u0259miyy\u0259td\u0259 m\u00fcxt\u0259lif suallar yaran\u0131r.\n<\/p>\n<p>\n  20 il ke\u00e7\u0259nd\u0259n sonra yeni n\u0259sil az\u0259rbaycanl\u0131lar\u0131n ortaya \u00e7\u0131xan suallar\u0131na tu\u015f g\u0259lm\u0259m\u0259k \u00fc\u00e7\u00fcn El\u00e7ib\u0259yin yax\u0131n silahda\u015flar\u0131, t\u0259r\u0259fdarlar\u0131 v\u0259 dostlar\u0131 mill\u0259tin m\u0259n\u0259vi c\u0259h\u0259td\u0259n sa\u011flamla\u015fd\u0131r\u0131lmas\u0131 prosesin\u0259 ba\u015flanmas\u0131 bax\u0131m\u0131ndan lab\u00fcd olan dialoqu yaratmal\u0131 idil\u0259r. \u0130ncik g\u00f6rk\u0259m al\u0131b, v\u0259ziyy\u0259ti \u201che\u00e7 t\u0259s\u0259vv\u00fcr bel\u0259 ed\u0259 bilm\u0259zsiniz ki, o nec\u0259 adam idi\u201d tipli c\u00fcml\u0259l\u0259rl\u0259 yola verm\u0259k olmaz. Biz t\u0259s\u0259vv\u00fcr etm\u0259m\u0259li, yar\u0131m qalan t\u0259s\u0259vv\u00fcrl\u0259ri tamamlamamal\u0131, \u00fcst\u0259lik t\u0259x\u0259yy\u00fcl\u00fcm\u00fcz\u0259 g\u00fcc verm\u0259m\u0259liyik. Fikir sahibi olan h\u0259r bir v\u0259t\u0259nda\u015f m\u0259rhumun xatir\u0259sini t\u0259hqir etm\u0259kd\u0259 ittiham olunmaqdan \u00e7\u0259kinib-qorxmadan bu m\u00f6vzu il\u0259 ba\u011fl\u0131 s\u00f6z\u00fcn\u00fc dem\u0259k h\u00fcququna malikdir. M\u0259n bu q\u0259bild\u0259n olan \u015f\u0259rhl\u0259r\u0259 rast g\u0259ldiyim \u00fc\u00e7\u00fcn v\u0259 bel\u0259 ittihamlar\u0131n qar\u015f\u0131s\u0131n\u0131 almaq m\u0259qs\u0259dil\u0259, s\u00f6z\u00fcged\u0259n m\u0259s\u0259l\u0259y\u0259 ayd\u0131nl\u0131q g\u0259tirm\u0259k ist\u0259yir\u0259m.\n<\/p>\n<p>\n  G\u00fcnd\u0259lik olaraq i\u015fl\u0259dil\u0259n \u201c\u00f6l\u0259nin dal\u0131nca pis dan\u0131\u015fmazlar\u201d ifad\u0259sini m\u0259n \u201cYas \u00e7ad\u0131r\u0131\u201d etiketi\u201d adland\u0131r\u0131ram. Bu qayda demokratik c\u0259miyy\u0259td\u0259 ictimai xadiml\u0259rin v\u0259 \u015f\u0259xsiyy\u0259tl\u0259rin bar\u0259sind\u0259 apar\u0131lan m\u00fczakir\u0259l\u0259rd\u0259 davran\u0131\u015f normas\u0131 say\u0131la bilm\u0259z. H\u0259tta ke\u00e7mi\u015f SSR\u0130 \u00f6lk\u0259l\u0259rind\u0259 &#8211; m\u0259n he\u00e7 q\u0259rb demokratiyas\u0131ndan dan\u0131\u015fm\u0131ram- m\u0259rhum siyasi xadiml\u0259rin (Dudayev, Qamsaxurdiya, Yeltsin, \u00c7ernom\u0131rdin v\u0259 dig\u0259rl\u0259ri) rolu bar\u0259d\u0259 sakit \u015f\u0259kild\u0259 m\u00fczakir\u0259l\u0259r apar\u0131l\u0131r. Buna g\u00f6r\u0259 d\u0259, opponentl\u0259ri susdurma\u011f\u0131 v\u0259 siyas\u0259t\u00e7inin \u00f6l\u00fcm\u00fc s\u0259b\u0259bind\u0259n, onun bar\u0259sind\u0259 dan\u0131\u015f\u0131lanlar\u0131 v\u0259 yaranan probleml\u0259ri \u00f6rt-basd\u0131r etm\u0259yi \u0259xlaq prinsipl\u0259rin\u0259 s\u0131\u011fmayan add\u0131m hesab edir\u0259m. Bu ifad\u0259nin biz\u0259 t\u0259hrif olunmu\u015f formada g\u0259lib \u00e7atd\u0131\u011f\u0131 antik d\u00fcnyada o ba\u015fqa c\u00fcr s\u0259sl\u0259nirdi: \u201c\u00f6l\u0259nl\u0259r haqq\u0131nda ya h\u0259r \u015fey dan\u0131\u015f\u0131lmal\u0131d\u0131r, ya da he\u00e7 n\u0259\u201d. Milyonlar\u0131n h\u0259yat\u0131n\u0131 d\u0259yi\u015f\u0259n siyas\u0259t\u00e7inin f\u0259aliyy\u0259tinin m\u00fczakir\u0259 edilm\u0259si is\u0259 he\u00e7 bir mifoloji t\u0259s\u0259vv\u00fcrl\u0259r\u0259 yol verilm\u0259d\u0259n h\u0259tta mikroskop alt\u0131nda n\u0259z\u0259rd\u0259n ke\u00e7irilm\u0259lidir.\n<\/p>\n<p>\n  El\u00e7ib\u0259yin qa\u00e7\u0131\u015f\u0131 1920-ci ild\u0259 Az\u0259rbaycan Demokratik Respublikas\u0131n\u0131n s\u00fcquta u\u011framas\u0131ndan sonra Az\u0259rbaycan\u0131n tarixind\u0259 \u0259n b\u00f6y\u00fck faci\u0259 oldu. H.\u018fliyev h\u0259mi\u015f\u0259 AXC-nin rolu bar\u0259d\u0259 sarkazmla dan\u0131\u015f\u0131r, Xalq C\u0259bh\u0259sinin hakimiyy\u0259ti Qorba\u00e7ovun yenid\u0259nqurma planlar\u0131n\u0131n n\u0259tic\u0259sind\u0259, az qala h\u0259diyy\u0259 kimi \u0259ld\u0259 etdikl\u0259rini hesab edirdi. Onun El\u00e7ib\u0259yi bu fikirl\u0259 raz\u0131 sal\u0131b-salmad\u0131\u011f\u0131n\u0131 dey\u0259 bilm\u0259r\u0259m, ancaq El\u00e7ib\u0259yin h\u0259r\u0259k\u0259ti h\u0259qiq\u0259t\u0259n d\u0259 h\u0259diyy\u0259 idi. 1993-c\u00fc ild\u0259 t\u0259\u0259ss\u00fcfl\u0259r olsun ki, demokratik Az\u0259rbaycan\u0131n taleyi bar\u0259d\u0259 m\u0259suliyy\u0259ti \u00f6z \u00fcz\u0259rin\u0259 g\u00f6t\u00fcr\u0259n adam\u0131n simas\u0131n\u0131n miqyas\u0131 \u00e7evrili\u015fin t\u0259\u015fkilat\u00e7\u0131lar\u0131 t\u0259r\u0259find\u0259n ir\u0259li s\u00fcr\u00fcl\u0259n \u201cklan\u0131n g\u0259l\u0259c\u0259yi Bak\u0131 nefti olmadan qeyri-m\u00fcmk\u00fcnd\u00fcr\u201d \u015f\u00fcar\u0131n\u0131n baya\u011f\u0131l\u0131\u011f\u0131 alt\u0131nda al\u00e7ald\u0131lm\u0131\u015f v\u0259ziyy\u0259t\u0259 d\u00fc\u00e7ar olmu\u015fdu. Bu haradasa, rus inqilab\u0131n taleyinin Bak\u0131 neftind\u0259n as\u0131l\u0131 olmas\u0131na dair<br \/>\n  <b><br \/>\n    V.\u0130.Lenin<br \/>\n  <\/b><br \/>\n  in teleqram\u0131n\u0131 xat\u0131rlad\u0131r. Bu s\u0259rv\u0259tl\u0259r\u0259 sahib \u00e7\u0131xmaq \u00fc\u00e7\u00fcn hans\u0131 tarixi m\u00fcbariz\u0259l\u0259rin ba\u015f verdiyini t\u0259s\u0259vv\u00fcr etm\u0259k bel\u0259 \u00e7ox \u00e7\u0259tin g\u0259lir!\n<\/p>\n<p>\n  D\u00fcnyada inqilaba nail olmaq ideyas\u0131n\u0131 beynind\u0259 h\u0259rl\u0259d\u0259n v\u0259 bunun Bak\u0131n\u0131n nefti olmadan qeyri-m\u00fcmk\u00fcn oldu\u011funu ba\u015fa d\u00fc\u015f\u0259n V.Lenin, ba\u015fda feldmar\u015fal<br \/>\n  <b><br \/>\n    Paulus<br \/>\n  <\/b><br \/>\n  \u00a0olmaqla, Vermaxt\u0131n 6-c\u0131 ordusunu q\u0131r\u011f\u0131na ver\u0259n v\u0259 bu neft\u0259 g\u00f6r\u0259 onur\u011fa s\u00fctununu q\u0131ran<br \/>\n  <b><br \/>\n    Hitler<br \/>\n  <\/b><br \/>\n  \u00a0indi k\u0259narda \u0259s\u0259bilikl\u0259 siqaretl\u0259rini s\u00fcm\u00fcr\u00fcrl\u0259r. El\u00e7ib\u0259y \u00f6z\u00fc d\u0259 bunu ciddi-c\u0259hdl\u0259 v\u0259 istedadl\u0131 \u015f\u0259kild\u0259 h\u0259yata ke\u00e7ir\u0259 bil\u0259rdi, bel\u0259 ki, h\u0259tta b\u0259lk\u0259 he\u00e7 o \u00f6z\u00fc d\u0259 \u00f6z\u00fcn\u00fcn yaratd\u0131\u011f\u0131 m\u0259nz\u0259r\u0259nin miqyas\u0131n\u0131 sona q\u0259d\u0259r d\u0259rk ed\u0259 bilm\u0259yib. B\u0259s indi \u0259limizd\u0259-obcumuzda qalan n\u0259dir \u2013 90-c\u0131 ill\u0259rin ortalar\u0131nad\u0259k m\u00f6vcudluqlar\u0131ndan he\u00e7 kimin x\u0259b\u0259rdar olmad\u0131\u011f\u0131 bir ne\u00e7\u0259 k\u0259msavad subyekt Az\u0259rbaycan\u0131n b\u00fct\u00fcn yeralt\u0131 v\u0259 yer\u00fcst\u00fc s\u0259rv\u0259tl\u0259rini \u0259l\u0259 ke\u00e7irib v\u0259 \u201cForbes\u201d-in \u201cx\u0259lv\u0259ti\u201d z\u0259nginl\u0259r siyah\u0131s\u0131na r\u0259hb\u0259rlik etm\u0259kd\u0259dir, ikinci Az\u0259rbaycan respublikas\u0131 is\u0259 lap el\u0259 birinci kimi ancaq xatir\u0259l\u0259rd\u0259 v\u0259 yadda\u015flarda ya\u015fay\u0131r.\n<\/p>\n<p>\n  \u018f.El\u00e7ib\u0259y v\u0259 H.\u018fliyev fiqurlar\u0131n\u0131 m\u00fcayis\u0259 ed\u0259rk\u0259n, bir fakt\u0131 qeyd etm\u0259k olar \u2013 El\u00e7ib\u0259y H.\u018fliyevl\u0259 m\u00fcqayis\u0259d\u0259 ona g\u00fccl\u00fc \u015f\u0259kild\u0259 uduzur. Heyd\u0259r \u018fliyev he\u00e7 vaxt \u00f6z prinsipl\u0259rin\u0259 x\u0259yan\u0259t etm\u0259yib, \u00f6z fikirl\u0259rini gizl\u0259tm\u0259yib, dostlar\u0131n\u0131 satmay\u0131b, \u00f6z\u00fcn\u00fc onun yerind\u0259 g\u00f6r\u0259n h\u0259r k\u0259s\u0259 qar\u015f\u0131 amans\u0131z m\u00f6vqe tutub v\u0259 ona s\u0259daq\u0259tli \u015f\u0259kild\u0259 xidm\u0259t ed\u0259n buyruq qullar\u0131na h\u0259tta bir ne\u00e7\u0259 n\u0259sil ir\u0259li olmaqla, layiqli minn\u0259tdarl\u0131\u011f\u0131n\u0131 da bildirib. O, hakimiyy\u0259t m\u00fcbt\u0259las\u0131 idi v\u0259 r\u0259hb\u0259rliyi \u0259lin\u0259 ke\u00e7irm\u0259k, siyasi m\u00fchiti sterilizasiya etm\u0259k, Az\u0259rbaycana xas m\u00fctl\u0259qiyy\u0259t yaratmaq namin\u0259 Konstitusiyan\u0131n b\u00f6y\u00fcr-ba\u015f\u0131n\u0131 axtalamaq \u00fc\u00e7\u00fcn h\u0259r \u015feyd\u0259n ke\u00e7m\u0259y\u0259 haz\u0131r oldu\u011funu n\u00fcmayi\u015f etdirdi. El\u00e7ib\u0259yin bir demokrat kimi, onu \u015fah k\u00fcrs\u00fcs\u00fcn\u0259 d\u0259v\u0259t etm\u0259k \u00fc\u00e7\u00fcn \u0259lind\u0259 he\u00e7 bir m\u00fcnasib kart yox idi, lakin buna baxmayaraq, El\u00e7ib\u0259y yen\u0259 d\u0259 bunu etdi.\n<\/p>\n<p>\n  <b><br \/>\n    N\u0259hay\u0259t, bir q\u0259d\u0259r d\u0259 El\u00e7ib\u0259yin yax\u015f\u0131 m\u0259ziyy\u0259tl\u0259ri bar\u0259d\u0259 s\u00f6z a\u00e7aq.<br \/>\n  <\/b>\n<\/p>\n<p>\n  Dostum Seymur onu z\u0259man\u0259mizin Don Kixotu adland\u0131r\u0131r. M\u0259n\u0259 el\u0259 g\u0259lir ki, yuxar\u0131da sadalananlar\u0131 n\u0259z\u0259r\u0259 alsaq, bu m\u00fcqayis\u0259 bir q\u0259d\u0259r laxlay\u0131r. M\u0259nim \u00fc\u00e7\u00fcn El\u00e7ib\u0259y Az\u0259rbaycan siyas\u0259tinin<br \/>\n  <b><br \/>\n    doktor Cekill<br \/>\n  <\/b><br \/>\n  i v\u0259<br \/>\n  <b><br \/>\n    mister Hayd<br \/>\n  <\/b><br \/>\n  \u0131d\u0131r. Bu q\u0259hr\u0259man<br \/>\n  <b><br \/>\n    R.L.Stivenson<br \/>\n  <\/b><br \/>\n  un iki adla ay\u0131rd edil\u0259n d\u00fcnyaca m\u0259\u015fhur personaj\u0131d\u0131r, s\u00f6z\u00fcged\u0259n obraz \u00f6z\u00fcnd\u0259 \u015f\u0259xsiyy\u0259tin ikil\u0259\u015fm\u0259si ideyas\u0131n\u0131 ehtiva edir, bu ikil\u0259\u015fm\u0259 is\u0259 n\u0259tic\u0259d\u0259 \u00f6z \u015f\u0259xsiyy\u0259tinin \u00e7evrilm\u0259si prosesin\u0259 n\u0259zar\u0259t edilm\u0259sinin qeyri-m\u00fcmk\u00fcnl\u00fcy\u00fc say\u0259sind\u0259 onu m\u0259hv\u0259 s\u00fcr\u00fckl\u0259yir.\n<\/p>\n<p>\n  \u018fb\u00fclf\u0259z El\u00e7ib\u0259y D\u00f6vl\u0259t T\u0259hl\u00fck\u0259sizliyi Komit\u0259si (DTK) s\u0259drinin ad\u0131na \u0259riz\u0259ni mister Hayd kimi yaz\u0131r, Prezident olanda is\u0259 doktor Cekill kimi se\u00e7ilir. Mister Hayd Doktor Cekillin onun yax\u0131n \u0259traf\u0131 il\u0259 ke\u00e7irdiyi m\u00fc\u015favir\u0259d\u0259n sonra K\u0259l\u0259kiy\u0259 qa\u00e7\u0131r. Mister Hayd parlamentin idar\u0259 hey\u0259tind\u0259ki y\u00fcks\u0259klikd\u0259 oturub l\u0259zz\u0259tl\u0259 siqaretini t\u00fcst\u00fcl\u0259dir, \u0259n yax\u0131n silahda\u015f\u0131<br \/>\n  <b><br \/>\n    \u0130sa Q\u0259mb\u0259r<br \/>\n  <\/b><br \/>\n  i \u00e7aqqallar\u0131n nec\u0259 didi\u015fdirdikl\u0259rin\u0259 v\u0259 istefa verm\u0259y\u0259 vadar etdikl\u0259rin\u0259 c\u0259rrahlara xas t\u0259mkinl\u0259 bax\u0131r. Sonralar is\u0259 mister Hayd 1998-ci ild\u0259 \u0130sa Q\u0259mb\u0259rin \u00f6z namiz\u0259dliyini prezidentliy\u0259 ir\u0259li s\u00fcrm\u0259sin\u0259 mane olmaq \u00fc\u00e7\u00fcn \u00e7\u0131raqdan q\u0259fil havaya f\u0131rlayan cin t\u0259ki ortaya \u00e7\u0131x\u0131r v\u0259 vaxtil\u0259 qoyub qa\u00e7d\u0131\u011f\u0131 k\u00fcrs\u00fcy\u0259 qay\u0131tmaq ist\u0259yini dil\u0259 g\u0259tirir.\n<\/p>\n<figure class=\"wp-block-image size-large\">\n  <img decoding=\"async\" src=\"https:\/\/www.meydan.tv\/az\/32164\/\" alt=\"\" class=\"wp-image-32164\"\/><figcaption><\/figcaption><\/figure>\n<p>\n  M\u0259n\u0259 el\u0259 g\u0259lir ki, bu n\u00f6qt\u0259 mister Hayd \u00fc\u00e7\u00fcn geriy\u0259 d\u00f6n\u00fc\u015f\u00fc olmayan m\u0259qam oldu. Bundan sonra o, doktor Cekillin qiyaf\u0259sin\u0259 qay\u0131da bilm\u0259di. Bu davran\u0131\u015f m\u0259hz a\u015fa\u011f\u0131dak\u0131 m\u0259\u015fhur c\u00fcml\u0259 il\u0259 ifad\u0259 edil\u0259 bil\u0259r: \u201cbu cinay\u0259td\u0259n d\u0259 art\u0131q bir \u0259m\u0259ldir, bu b\u00f6y\u00fck s\u0259hvdir\u201d.\n<\/p>\n<p>\n  Siyas\u0259t\u00e7id\u0259n q\u0259hr\u0259man olma\u011f\u0131 t\u0259l\u0259b etm\u0259k olmaz, bu he\u00e7 laz\u0131m da deyil. \u201cM\u0259n\u0259 q\u0259hr\u0259man\u0131 g\u00f6st\u0259rin v\u0259 m\u0259n sizin \u00fc\u00e7\u00fcn faci\u0259 yaz\u0131m\u201d- bu ifad\u0259 eynil\u0259 lap bizi t\u0259svir edir. Antikommunist El\u00e7ib\u0259y kommunist Salvador Alyendenin etdiyi kimi Az\u0259rbaycan xalq\u0131 qar\u015f\u0131s\u0131nda i\u00e7diyi and\u0131 \u00f6z h\u0259yat\u0131 bahas\u0131na qorumaq m\u0259cburiyy\u0259tind\u0259 d\u0259 deyildi. He\u00e7 bel\u0259 bir t\u0259hl\u00fck\u0259 d\u0259 yaranmam\u0131\u015fd\u0131.\n<\/p>\n<p>\n  Bizi tarixi inki\u015faf\u0131n \u00e7\u0131xmaz\u0131 olmayan dalan\u0131na dir\u0259y\u0259n El\u00e7ib\u0259y xalqa xidm\u0259tini r\u00fc\u015fv\u0259t almamaqda g\u00f6r\u00fcrd\u00fc, h\u0259tta bunu ictimaiyy\u0259t qar\u015f\u0131s\u0131nda b\u0259yan edirdi. T\u0259r\u0259fdarlar\u0131 h\u0259mi\u015f\u0259 bu bar\u0259d\u0259 yaz\u0131rlar. M\u0259n\u0259 el\u0259 g\u0259lir ki, bu art\u0131q<br \/>\n  <b><br \/>\n    Freud<br \/>\n  <\/b><br \/>\n  a\u00a0d\u0259xli olan bir m\u0259s\u0259l\u0259dir. \u00d6z konstitusion borcunu yerin\u0259 yetirm\u0259y\u0259n ali ba\u015f komandan prezidentin ba\u015fl\u0131ca v\u0259zif\u0259sind\u0259n ba\u015fqa n\u0259 il\u0259 f\u0259xr ed\u0259 bil\u0259rdi ki?! B\u00fct\u00fcn h\u0259yat\u0131n\u0131 yegan\u0259 M\u018fFKUR\u018fY\u018f h\u0259sr ed\u0259n M.\u018f.R\u0259sulzad\u0259nin n\u0259 zamansa bel\u0259 bir baya\u011f\u0131 fikir s\u0259sl\u0259ndir\u0259 bil\u0259c\u0259yini d\u00fc\u015f\u00fcnm\u00fcr\u0259m. Yox \u0259g\u0259r bu r\u0259hb\u0259rin yegan\u0259 konstitusion \u00f6hd\u0259liyi v\u0259 v\u0259zif\u0259sidirs\u0259, onda dem\u0259li,<br \/>\n  <b><br \/>\n    \u018f.V\u0259zirov<br \/>\n  <\/b><br \/>\n  \u00a0da d\u00fcr\u00fcst olub. N\u0259 \u00fc\u00e7\u00fcn onun buraxd\u0131\u011f\u0131 s\u0259hvl\u0259ri silib atm\u0131r\u0131q? O da s\u0259mimi v\u0259 h\u0259ssas adam idi, vals\u0131 sevirdi, he\u00e7 kimin cibin\u0259 narkotik, silah at\u0131b-el\u0259mirdi, r\u0259qibl\u0259ri il\u0259 dava-dala\u015fa \u00e7\u0131xm\u0131rd\u0131, m\u00fcxalif\u0259tl\u0259 \u00f6z\u00fcn\u0259 tay insanlar kimi r\u0259ftar edirdi, onlara dialoq yolu il\u0259 dan\u0131\u015f\u0131qlara getm\u0259k \u00fc\u00e7\u00fcn yalvar-yaxar edirdi. Yeri g\u0259lmi\u015fk\u0259n, ali m\u0259kt\u0259bl\u0259r\u0259 q\u0259bul zaman\u0131 \u015f\u0259ffafl\u0131q sisteminin t\u0259min edilm\u0259sini o t\u0259tbiq etmi\u015fdi, SSR\u0130-d\u0259 \u201c\u018fliyev\u015fina\u201d ad\u0131n\u0131 alm\u0131\u015f, son 20 il \u0259rzind\u0259 yaranan korrupsiya sistemini aradan qald\u0131rma\u011fa \u00e7al\u0131\u015f\u0131rd\u0131, \u00f6z\u00fc d\u0259 bu s\u0259yl\u0259rinin hesab\u0131n\u0131 \u00f6d\u0259m\u0259li oldu.\n<\/p>\n<p>\n  <b><br \/>\n    \u0130osif Stalin<br \/>\n  <\/b><br \/>\n  in kristal d\u00fcr\u00fcstl\u00fcy\u00fc v\u0259 d\u00fcnya z\u00f6vql\u0259rind\u0259n \u00f6z\u00fcn\u00fc m\u0259hrum etm\u0259si onun s\u0259hvl\u0259rini v\u0259 g\u00fcnahlar\u0131n\u0131 \u00f6rt-basd\u0131r ed\u0259 bil\u0259rmi? M\u0259lum oldu\u011fu kimi, o, qohum-\u0259qrabas\u0131na v\u0259 dostlar\u0131na r\u0259ngi solmu\u015f fren\u00e7ind\u0259n ba\u015fqa he\u00e7 n\u0259 qoymay\u0131b, sevimli q\u0131z\u0131 Svetlana is\u0259 qocalar evind\u0259 v\u0259fat edib. Bel\u0259 yerd\u0259 ruslar\u0131n bir atalar s\u00f6z\u00fc yada d\u00fc\u015f\u00fcr: \u201cSad\u0259lik o\u011furluqdan da pisdir\u201d.\u00a0 Bu m\u0259s\u0259li m\u0259hz ziyan ver\u0259n v\u0259 insan\u0131n h\u0259yat\u0131n\u0131 zindana \u00e7evir\u0259n, bizim toxundu\u011fumuz m\u00f6vzuda is\u0259 b\u00fct\u00fcn \u00f6lk\u0259nin h\u0259yat\u0131n\u0131 m\u0259hv\u0259 s\u00fcr\u00fckl\u0259y\u0259n sad\u0259liyi, s\u0259mimiyy\u0259ti, sad\u0259l\u00f6vhl\u00fcy\u00fc v\u0259 safl\u0131\u011f\u0131 m\u00fchakim\u0259 ed\u0259n zaman i\u015fl\u0259dirl\u0259r.\n<\/p>\n<p>\n  Prezident El\u00e7ib\u0259yin Bak\u0131dan yoxa \u00e7\u0131xmas\u0131n\u0131n s\u0259b\u0259bl\u0259rind\u0259n biri kimi \u201conun qarda\u015f qan\u0131n\u0131 ax\u0131tmaq ist\u0259m\u0259m\u0259si\u201d iddias\u0131 ir\u0259li s\u00fcr\u00fcl\u00fcr. Demokratik \u00f6lk\u0259nin siyas\u0259t\u00e7isi \u00f6z m\u00fclahiz\u0259 v\u0259 fikirl\u0259rind\u0259 \u201cqarda\u015f\u201d v\u0259 \u201cbac\u0131\u201d anlay\u0131\u015flar\u0131na yol verm\u0259m\u0259li, m\u0259s\u0259l\u0259y\u0259 s\u0131rf \u201cv\u0259t\u0259nda\u015f\u201d v\u0259 \u201ckonstitusiya\u201d n\u00f6qteyi-n\u0259z\u0259rind\u0259n yana\u015fmal\u0131d\u0131r. Sonuncu sadalad\u0131\u011f\u0131ma m\u00fcvafiq olaraq is\u0259, respublikan\u0131n demokratik \u0259saslar\u0131n\u0131 d\u0259yi\u015fm\u0259k \u00fc\u00e7\u00fcn edil\u0259n ist\u0259nil\u0259n c\u0259hdl\u0259r \u0259n a\u011f\u0131r cinay\u0259t hesab edilir, \u201cqiyam\u00e7\u0131 polkovnikl\u0259r\u201d v\u0259 onlar\u0131n m\u00fctt\u0259fiql\u0259ri is\u0259 s\u0131rf qanunu pozan v\u0259t\u0259nda\u015flard\u0131r. Onlar &#8220;qarda\u015f\u201d prizmas\u0131ndan n\u0259z\u0259rd\u0259n ke\u00e7iril\u0259 bilm\u0259zl\u0259r.\n<\/p>\n<p>\n  B\u00fct\u00fcn XX y\u00fczillik boyunca oldu\u011fu kimi, n\u00f6vb\u0259ti d\u0259rsi biz\u0259 G\u00fcrc\u00fcstan verdi, Mixail Saaka\u015fvili is\u0259 \u015f\u0259xs\u0259n q\u0259hr\u0259manl\u0131q n\u00fcmun\u0259si n\u00fcmayi\u015f etdirdi. Rusiya tanklar\u0131 az qala Tbilisinin gir\u0259c\u0259yin\u0259 yax\u0131nla\u015fanda, onun he\u00e7 t\u00fck\u00fc d\u0259 t\u0259rp\u0259nm\u0259di, aviasiya Qorinin insanlar ya\u015fayan kvartallar\u0131n\u0131 bombalay\u0131rd\u0131, o is\u0259 t\u0259mkinl\u0259 \u00f6z konstitusion \u00f6hd\u0259likl\u0259rini yerin\u0259 yetirm\u0259y\u0259 davam edirdi.\n<\/p>\n<p>\n  \u018fmin\u0259m ki, o t\u0259cav\u00fcz\u00fc dayand\u0131rmaq \u00fc\u00e7\u00fcn Eduard \u015eevarnadzeni dan\u0131\u015f\u0131qlarda vasit\u0259\u00e7i olmaq \u00fc\u00e7\u00fcn d\u0259v\u0259t etm\u0259k kimi bir cinay\u0259tkar fikri \u00f6z\u00fcn\u0259 he\u00e7 yax\u0131n da buraxmay\u0131b. N\u0259dir, bu g\u00fcn g\u00fcrc\u00fcl\u0259r az\u0259rbaycanl\u0131lardan ona g\u00f6r\u0259 daha az azadd\u0131rlar ki, \u00f6lk\u0259l\u0259rinin bir hiss\u0259si rus qo\u015funlar\u0131 t\u0259r\u0259find\u0259n i\u015f\u011fal edilib?! H\u0259min rus qo\u015funlar\u0131 ki, onlar\u0131n Az\u0259rbaycandan \u00e7\u0131xar\u0131lmas\u0131 El\u00e7ib\u0259yin \u0259n b\u00f6y\u00fck u\u011furu kimi q\u0259l\u0259m\u0259 verilir?\n<\/p>\n<p>\n  <b><br \/>\n    \u018fg\u0259r El\u00e7ib\u0259y Az\u0259rbaycan\u0131 sonradan demokratiya namin\u0259 qazan\u0131lm\u0131\u015f b\u00fct\u00fcn d\u0259y\u0259rl\u0259ri k\u00f6k\u00fcnd\u0259n m\u0259hv ed\u0259n dig\u0259r \u201ci\u015f\u011fal\u00e7\u0131 hakimiyy\u0259t\u201d\u0259 t\u0259slim ed\u0259c\u0259kdis\u0259, onda onun rus qo\u015funlar\u0131n\u0131 \u00f6lk\u0259d\u0259n \u00e7\u0131xarmas\u0131 nailiyy\u0259ti tarixi \u0259h\u0259miyy\u0259t k\u0259sb edirmi? \u018fg\u0259r onda rus ordusunu Qoliaf kimi m\u0259hv ed\u0259n Davud g\u00fcc\u00fc v\u0259 c\u0259surlu\u011fu var idis\u0259, onda n\u0259 \u00fc\u00e7\u00fcn banda qruplar\u0131 yaradan, sonradan Milli Q\u0259hr\u0259man ad\u0131 almaqla, bununla da \u0259sl Milli Q\u0259hr\u0259manlar\u0131n xatir\u0259sini t\u0259hqir etmi\u015f olan k\u0259ma\u011f\u0131l polkovnikin qar\u015f\u0131s\u0131nda tab g\u0259tir\u0259 bilm\u0259yib s\u0131nd\u0131?<br \/>\n  <\/b>\n<\/p>\n<p>\n  El\u00e7ib\u0259y ziddiyy\u0259tl\u0259rin \u00e7u\u011fla\u015fma zirv\u0259si idi. F\u0259q\u0259t o, s\u0259mimi insan idi, bununla raz\u0131la\u015fmamaq qeyri-m\u00fcmk\u00fcnd\u00fcr. \u018fmin\u0259m ki, El\u00e7ib\u0259y b\u00fct\u00fcn ruhu il\u0259 qaqauzlar\u0131 v\u0259 qara\u00e7aylar\u0131, yakutlar\u0131 v\u0259 \u00e7uva\u015flar\u0131, q\u0131r\u011f\u0131zlar\u0131 v\u0259 uy\u011furlar\u0131 \u00f6z\u00fcn\u0259 m\u0259n\u0259n do\u011fma hesab edirdi. O, h\u0259tta dilimizin ad\u0131n\u0131 da d\u0259yi\u015fib t\u00fcrk dili etmi\u015fdi. O, qlobal kateqoriyalar e\u015fqi il\u0259 ya\u015fay\u0131rd\u0131, B\u00f6y\u00fck Turandan dan\u0131\u015f\u0131rd\u0131, \u015eimali v\u0259 C\u0259nubi Az\u0259rbaycan\u0131n birl\u0259\u015fdirilm\u0259sind\u0259n b\u0259hs edirdi. Onun \u00fc\u00e7\u00fcn bu b\u00f6y\u00fck yolda burax\u0131lan h\u0259r hans\u0131 ki\u00e7ik s\u0259hvl\u0259r v\u0259 n\u0259z\u0259r\u0259 al\u0131nmayan x\u0131rda t\u0259f\u0259rr\u00fcatlar he\u00e7 n\u0259 idi. Buna g\u00f6r\u0259 d\u0259, o, \u00e7ox g\u00fcman ki, Bak\u0131dan qa\u00e7an zaman \u00f6z s\u0259lahiyy\u0259tl\u0259rini h\u0259val\u0259 etm\u0259k \u00fc\u00e7\u00fcn \u00f6z silahda\u015flar\u0131 aras\u0131nda v\u0259 h\u0259tta b\u00fct\u00fcn Az\u0259rbaycanda bir n\u0259f\u0259r d\u0259 olsun, t\u00fcrk tapa bilm\u0259mi\u015fdi. \u201cM\u0259n Atat\u00fcrk\u00fcn \u0259sg\u0259riy\u0259m\u201d \u2013 El\u00e7ib\u0259y T\u00fcrkiy\u0259 Respublikas\u0131n\u0131n qurucusunun uyudu\u011fu m\u0259zar\u0131 ziyar\u0259t ed\u0259rk\u0259n, xatir\u0259 d\u0259ft\u0259rin\u0259 bu s\u00f6zl\u0259ri yazm\u0131\u015fd\u0131. Ancaq \u00e7\u0259tin ki,<br \/>\n  <b><br \/>\n    Atat\u00fcrk<br \/>\n  <\/b><br \/>\n  \u00a0bel\u0259 bir \u0259sg\u0259ri il\u0259 f\u0259xr ed\u0259ydi&#8230;\n<\/p>\n<p>\n  Sonra is\u0259 n\u0259 ba\u015f verm\u0259li idis\u0259, o da oldu. Bu bar\u0259d\u0259<br \/>\n  <b><br \/>\n    \u0130osif Brodski<br \/>\n  <\/b><br \/>\n  \u00a0bel\u0259 deyir: \u201c\u018fsl faci\u0259d\u0259 q\u0259hr\u0259man \u00f6lm\u00fcr, b\u00fct\u00fcn xor \u00f6l\u00fcr\u201d. Qaraba\u011f\u0131n tamamil\u0259 d\u00fc\u015fm\u0259n\u0259 verilm\u0259si, milyonlarla qa\u00e7q\u0131n v\u0259 m\u0259hv\u0259 s\u00fcr\u00fckl\u0259nmi\u015f talel\u0259r, Az\u0259rbaycan\u0131n maddi v\u0259 m\u0259n\u0259vi s\u0259rv\u0259tl\u0259rinin talanmas\u0131, neftl\u0259 z\u0259ngin olan \u00f6lk\u0259nin yarad\u0131c\u0131 ziyal\u0131 t\u0259b\u0259q\u0259sinin \u0259n yax\u015f\u0131 n\u00fcmay\u0259nd\u0259l\u0259rinin \u00f6z istedadlar\u0131n\u0131 t\u0259tbiq etm\u0259k \u00fc\u00e7\u00fcn dig\u0259r \u00f6lk\u0259l\u0259ri se\u00e7m\u0259si il\u0259 n\u0259tic\u0259l\u0259n\u0259n k\u00fctl\u0259vi m\u00fchacir\u0259t&#8230;\n<\/p>\n<p>\n  Bu, xalq\u0131n \u00f6z r\u0259hb\u0259rin\u0259 b\u00f6y\u00fck etimad\u0131n\u0131n v\u0259 h\u0259min r\u0259hb\u0259rin b\u00f6y\u00fck x\u0259yan\u0259tinin tarixidir.\n<\/p>\n<p>\n  Bir \u00e7oxlar\u0131n\u0131n q\u0259l\u0259m\u0259 verdikl\u0259ri kimi, bu, demokratlar\u0131n bir illik hakimiyy\u0259t f\u0259aliyy\u0259tl\u0259rinin yekunu deyil, m\u0259hz bir insan\u0131n konkret q\u0259rar\u0131n\u0131n n\u0259tic\u0259sidir.\n<\/p>\n<p>\n  Bir \u00e7oxlar\u0131 insanlar\u0131 \u00f6z talel\u0259rin\u0259 m\u00fcnasib\u0259td\u0259 laqeyd olmaqda v\u0259 apatiya s\u0259rgil\u0259m\u0259kd\u0259 ittiham edirl\u0259r v\u0259 xalq\u0131n n\u0259hay\u0259t ki, q\u0259fl\u0259t yuxusundan oyanmas\u0131 \u00fc\u00e7\u00fcn n\u0259 etm\u0259k laz\u0131m olmas\u0131 bar\u0259d\u0259 ritorik suallar ya\u011fd\u0131r\u0131rlar. Bu g\u00fcn v\u0259t\u0259nda\u015flar\u0131m\u0131z\u0131 \u00f6z konstitusiya h\u00fcquqlar\u0131n\u0131 t\u0259l\u0259b etm\u0259kd\u0259n \u00e7\u0259kindir\u0259n amil qorxu deyil, m\u0259hz 93-c\u00fc ilin \u015fokunu v\u0259 m\u0259yuslu\u011funu \u0259v\u0259zl\u0259y\u0259n h\u0259min apatiyad\u0131r.\n<\/p>\n<p>\n  Ba\u015f\u0131m\u0131za g\u0259l\u0259nl\u0259rin fonunda,<br \/>\n  <b><br \/>\n    T.Abuladze<br \/>\n  <\/b><br \/>\n  nin m\u00fch\u00fcm \u0259h\u0259miyy\u0259t\u0259 malik olan \u201cPe\u015fmanl\u0131q\u201d filmini xat\u0131rlad\u0131m. Bu film yenid\u0259nqurma d\u00f6vr\u00fcn\u0259 q\u0259d\u0259r \u2013 1984-c\u00fc ild\u0259 \u00e7\u0259kilib. Vaxt\u0131ndan k\u0259nar at\u0131lan add\u0131mlar, diktator Varlam Aravidzenin y\u0131\u011fcam obraz\u0131 v\u0259 bir ail\u0259nin atalar\u0131n\u0131n g\u00fcnahlar\u0131n\u0131n b\u0259d\u0259l\u0259ni \u00f6d\u0259m\u0259k m\u0259cburiyy\u0259tind\u0259 qalan \u00fc\u00e7 n\u0259sli kinolentd\u0259 \u00f6z t\u0259svirini tap\u0131b.\n<\/p>\n<p>\n  Bu da h\u0259min filmd\u0259n olan m\u0259\u015fhur dialoq:\n<\/p>\n<p>\n  &#8211;\u00a0Dey\u0259 bil\u0259rsinizmi, bu yol m\u0259b\u0259d\u0259 apar\u0131r?\n<\/p>\n<p>\n  &#8211;\u00a0Bu Varlam k\u00fc\u00e7\u0259sidir. M\u0259b\u0259d\u0259 aparan k\u00fc\u00e7\u0259 bu deyil.\n<\/p>\n<p>\n  &#8211;\u00a0Onda o n\u0259y\u0259 laz\u0131md\u0131r? \u018fg\u0259r yol m\u0259b\u0259d\u0259 apar\u0131b \u00e7\u0131xarm\u0131rsa, o n\u0259y\u0259 g\u0259r\u0259kdir?\n<\/p>\n<p>\n  Burada m\u0259b\u0259d azadl\u0131\u011f\u0131n, demokratiyan\u0131n v\u0259 insan l\u0259yaq\u0259tinin m\u0259cazi ifad\u0259sidir. Az\u0259rbaycanda h\u0259l\u0259 ki b\u00fct\u00fcn yollar K\u0259l\u0259ki \u00e7\u0131xmaz\u0131na apar\u0131r. 20 illik h\u0259yat\u0131m\u0131zla birlikd\u0259 l\u0259yaq\u0259timiz, azadl\u0131\u011f\u0131m\u0131z v\u0259 haqqlar\u0131m\u0131z da bu \u00e7\u0131xmaz\u0131n qaranl\u0131\u011f\u0131nda uyuyur.\n<\/p>\n<p>\n  <i><br \/>\n    Kultura.az<br \/>\n  <\/i>\n<\/p>\n<p>\n  <b><br \/>\n    Yaz\u0131 m\u00fc\u0259llifin \u015f\u0259xsi m\u00f6vqeyini \u0259ks etdirir&#8230;<br \/>\n  <\/b><\/p>\n","protected":false},"excerpt":{"rendered":"<p>M\u0259n \u018fb\u00fclf\u0259z \u018fliyevl\u0259 1983-c\u00fc ilin yaz\u0131nda Moksvada tan\u0131\u015f olmu\u015fam.<\/p>\n","protected":false},"author":11,"featured_media":32164,"comment_status":"closed","ping_status":"open","sticky":false,"template":"","format":"standard","meta":{"_acf_changed":false,"_sitemap_exclude":false,"_sitemap_priority":"","_sitemap_frequency":"","footnotes":""},"categories":[57],"tags":[],"class_list":["post-169578","post","type-post","status-publish","format-standard","has-post-thumbnail","hentry","category-menim-fikrimce","infinite-scroll-item","generate-columns","tablet-grid-50","mobile-grid-100","grid-parent","grid-33","no-featured-image-padding"],"acf":[],"yoast_head":"<!-- This site is optimized with the Yoast SEO plugin v27.5 - https:\/\/yoast.com\/product\/yoast-seo-wordpress\/ -->\n<title>K\u0259l\u0259ki \u00e7\u0131xmaz\u0131 - MEYDAN.TV<\/title>\n<meta name=\"robots\" content=\"index, follow, max-snippet:-1, max-image-preview:large, max-video-preview:-1\" \/>\n<link rel=\"canonical\" href=\"https:\/\/www.meydan.tv\/az\/article\/keleki-cixmazi\/\" \/>\n<meta property=\"og:locale\" content=\"az_AZ\" \/>\n<meta property=\"og:type\" content=\"article\" \/>\n<meta property=\"og:title\" content=\"K\u0259l\u0259ki \u00e7\u0131xmaz\u0131 - MEYDAN.TV\" \/>\n<meta property=\"og:description\" content=\"M\u0259n \u018fb\u00fclf\u0259z \u018fliyevl\u0259 1983-c\u00fc ilin yaz\u0131nda Moksvada tan\u0131\u015f olmu\u015fam.\" \/>\n<meta property=\"og:url\" content=\"https:\/\/www.meydan.tv\/az\/article\/keleki-cixmazi\/\" \/>\n<meta property=\"og:site_name\" content=\"MEYDAN.TV\" \/>\n<meta property=\"article:published_time\" content=\"2015-08-22T04:57:06+00:00\" \/>\n<meta property=\"og:image\" content=\"https:\/\/www.meydan.tv\/wp-content\/uploads\/11975.jpg\" \/>\n\t<meta property=\"og:image:width\" content=\"720\" \/>\n\t<meta property=\"og:image:height\" content=\"498\" \/>\n\t<meta property=\"og:image:type\" content=\"image\/jpeg\" \/>\n<meta name=\"author\" content=\"user-manager\" \/>\n<meta name=\"twitter:card\" content=\"summary_large_image\" \/>\n<script type=\"application\/ld+json\" class=\"yoast-schema-graph\">{\"@context\":\"https:\\\/\\\/schema.org\",\"@graph\":[{\"@type\":\"Article\",\"@id\":\"https:\\\/\\\/www.meydan.tv\\\/az\\\/article\\\/keleki-cixmazi\\\/#article\",\"isPartOf\":{\"@id\":\"https:\\\/\\\/www.meydan.tv\\\/az\\\/article\\\/keleki-cixmazi\\\/\"},\"author\":{\"name\":\"user-manager\",\"@id\":\"https:\\\/\\\/www.meydan.tv\\\/az\\\/#\\\/schema\\\/person\\\/10d11eccf6da3662cf5fdab9806ea91a\"},\"headline\":\"K\u0259l\u0259ki \u00e7\u0131xmaz\u0131\",\"datePublished\":\"2015-08-22T04:57:06+00:00\",\"mainEntityOfPage\":{\"@id\":\"https:\\\/\\\/www.meydan.tv\\\/az\\\/article\\\/keleki-cixmazi\\\/\"},\"wordCount\":5586,\"publisher\":{\"@id\":\"https:\\\/\\\/www.meydan.tv\\\/az\\\/#organization\"},\"image\":{\"@id\":\"https:\\\/\\\/www.meydan.tv\\\/az\\\/article\\\/keleki-cixmazi\\\/#primaryimage\"},\"thumbnailUrl\":\"https:\\\/\\\/www.meydan.tv\\\/wp-content\\\/uploads\\\/11975.jpg\",\"articleSection\":[\"M\u0259nim Fikrimc\u0259\"],\"inLanguage\":\"az\"},{\"@type\":\"WebPage\",\"@id\":\"https:\\\/\\\/www.meydan.tv\\\/az\\\/article\\\/keleki-cixmazi\\\/\",\"url\":\"https:\\\/\\\/www.meydan.tv\\\/az\\\/article\\\/keleki-cixmazi\\\/\",\"name\":\"K\u0259l\u0259ki \u00e7\u0131xmaz\u0131 - MEYDAN.TV\",\"isPartOf\":{\"@id\":\"https:\\\/\\\/www.meydan.tv\\\/az\\\/#website\"},\"primaryImageOfPage\":{\"@id\":\"https:\\\/\\\/www.meydan.tv\\\/az\\\/article\\\/keleki-cixmazi\\\/#primaryimage\"},\"image\":{\"@id\":\"https:\\\/\\\/www.meydan.tv\\\/az\\\/article\\\/keleki-cixmazi\\\/#primaryimage\"},\"thumbnailUrl\":\"https:\\\/\\\/www.meydan.tv\\\/wp-content\\\/uploads\\\/11975.jpg\",\"datePublished\":\"2015-08-22T04:57:06+00:00\",\"breadcrumb\":{\"@id\":\"https:\\\/\\\/www.meydan.tv\\\/az\\\/article\\\/keleki-cixmazi\\\/#breadcrumb\"},\"inLanguage\":\"az\",\"potentialAction\":[{\"@type\":\"ReadAction\",\"target\":[\"https:\\\/\\\/www.meydan.tv\\\/az\\\/article\\\/keleki-cixmazi\\\/\"]}]},{\"@type\":\"ImageObject\",\"inLanguage\":\"az\",\"@id\":\"https:\\\/\\\/www.meydan.tv\\\/az\\\/article\\\/keleki-cixmazi\\\/#primaryimage\",\"url\":\"https:\\\/\\\/www.meydan.tv\\\/wp-content\\\/uploads\\\/11975.jpg\",\"contentUrl\":\"https:\\\/\\\/www.meydan.tv\\\/wp-content\\\/uploads\\\/11975.jpg\",\"width\":720,\"height\":498,\"caption\":\"Source:\"},{\"@type\":\"BreadcrumbList\",\"@id\":\"https:\\\/\\\/www.meydan.tv\\\/az\\\/article\\\/keleki-cixmazi\\\/#breadcrumb\",\"itemListElement\":[{\"@type\":\"ListItem\",\"position\":1,\"name\":\"Ana s\u0259hif\u0259\",\"item\":\"https:\\\/\\\/www.meydan.tv\\\/az\\\/\"},{\"@type\":\"ListItem\",\"position\":2,\"name\":\"M\u0259nim Fikrimc\u0259\",\"item\":\"https:\\\/\\\/www.meydan.tv\\\/az\\\/section\\\/menim-fikrimce\\\/\"},{\"@type\":\"ListItem\",\"position\":3,\"name\":\"K\u0259l\u0259ki \u00e7\u0131xmaz\u0131\"}]},{\"@type\":\"WebSite\",\"@id\":\"https:\\\/\\\/www.meydan.tv\\\/az\\\/#website\",\"url\":\"https:\\\/\\\/www.meydan.tv\\\/az\\\/\",\"name\":\"MEYDAN.TV\",\"description\":\"Meydan TV Az\u0259rbaycan\u0131n media m\u0259kan\u0131ndak\u0131 alternativ s\u0259sidir\",\"publisher\":{\"@id\":\"https:\\\/\\\/www.meydan.tv\\\/az\\\/#organization\"},\"potentialAction\":[{\"@type\":\"SearchAction\",\"target\":{\"@type\":\"EntryPoint\",\"urlTemplate\":\"https:\\\/\\\/www.meydan.tv\\\/az\\\/?s={search_term_string}\"},\"query-input\":{\"@type\":\"PropertyValueSpecification\",\"valueRequired\":true,\"valueName\":\"search_term_string\"}}],\"inLanguage\":\"az\"},{\"@type\":\"Organization\",\"@id\":\"https:\\\/\\\/www.meydan.tv\\\/az\\\/#organization\",\"name\":\"Meydan TV\",\"url\":\"https:\\\/\\\/www.meydan.tv\\\/az\\\/\",\"logo\":{\"@type\":\"ImageObject\",\"inLanguage\":\"az\",\"@id\":\"https:\\\/\\\/www.meydan.tv\\\/az\\\/#\\\/schema\\\/logo\\\/image\\\/\",\"url\":\"https:\\\/\\\/www.meydan.tv\\\/wp-content\\\/uploads\\\/2021\\\/07\\\/meydan-logo.svg\",\"contentUrl\":\"https:\\\/\\\/www.meydan.tv\\\/wp-content\\\/uploads\\\/2021\\\/07\\\/meydan-logo.svg\",\"width\":195,\"height\":46,\"caption\":\"Meydan TV\"},\"image\":{\"@id\":\"https:\\\/\\\/www.meydan.tv\\\/az\\\/#\\\/schema\\\/logo\\\/image\\\/\"}},{\"@type\":\"Person\",\"@id\":\"https:\\\/\\\/www.meydan.tv\\\/az\\\/#\\\/schema\\\/person\\\/10d11eccf6da3662cf5fdab9806ea91a\",\"name\":\"user-manager\"}]}<\/script>\n<!-- \/ Yoast SEO plugin. -->","yoast_head_json":{"title":"K\u0259l\u0259ki \u00e7\u0131xmaz\u0131 - MEYDAN.TV","robots":{"index":"index","follow":"follow","max-snippet":"max-snippet:-1","max-image-preview":"max-image-preview:large","max-video-preview":"max-video-preview:-1"},"canonical":"https:\/\/www.meydan.tv\/az\/article\/keleki-cixmazi\/","og_locale":"az_AZ","og_type":"article","og_title":"K\u0259l\u0259ki \u00e7\u0131xmaz\u0131 - MEYDAN.TV","og_description":"M\u0259n \u018fb\u00fclf\u0259z \u018fliyevl\u0259 1983-c\u00fc ilin yaz\u0131nda Moksvada tan\u0131\u015f olmu\u015fam.","og_url":"https:\/\/www.meydan.tv\/az\/article\/keleki-cixmazi\/","og_site_name":"MEYDAN.TV","article_published_time":"2015-08-22T04:57:06+00:00","og_image":[{"width":720,"height":498,"url":"https:\/\/www.meydan.tv\/wp-content\/uploads\/11975.jpg","type":"image\/jpeg"}],"author":"user-manager","twitter_card":"summary_large_image","schema":{"@context":"https:\/\/schema.org","@graph":[{"@type":"Article","@id":"https:\/\/www.meydan.tv\/az\/article\/keleki-cixmazi\/#article","isPartOf":{"@id":"https:\/\/www.meydan.tv\/az\/article\/keleki-cixmazi\/"},"author":{"name":"user-manager","@id":"https:\/\/www.meydan.tv\/az\/#\/schema\/person\/10d11eccf6da3662cf5fdab9806ea91a"},"headline":"K\u0259l\u0259ki \u00e7\u0131xmaz\u0131","datePublished":"2015-08-22T04:57:06+00:00","mainEntityOfPage":{"@id":"https:\/\/www.meydan.tv\/az\/article\/keleki-cixmazi\/"},"wordCount":5586,"publisher":{"@id":"https:\/\/www.meydan.tv\/az\/#organization"},"image":{"@id":"https:\/\/www.meydan.tv\/az\/article\/keleki-cixmazi\/#primaryimage"},"thumbnailUrl":"https:\/\/www.meydan.tv\/wp-content\/uploads\/11975.jpg","articleSection":["M\u0259nim Fikrimc\u0259"],"inLanguage":"az"},{"@type":"WebPage","@id":"https:\/\/www.meydan.tv\/az\/article\/keleki-cixmazi\/","url":"https:\/\/www.meydan.tv\/az\/article\/keleki-cixmazi\/","name":"K\u0259l\u0259ki \u00e7\u0131xmaz\u0131 - MEYDAN.TV","isPartOf":{"@id":"https:\/\/www.meydan.tv\/az\/#website"},"primaryImageOfPage":{"@id":"https:\/\/www.meydan.tv\/az\/article\/keleki-cixmazi\/#primaryimage"},"image":{"@id":"https:\/\/www.meydan.tv\/az\/article\/keleki-cixmazi\/#primaryimage"},"thumbnailUrl":"https:\/\/www.meydan.tv\/wp-content\/uploads\/11975.jpg","datePublished":"2015-08-22T04:57:06+00:00","breadcrumb":{"@id":"https:\/\/www.meydan.tv\/az\/article\/keleki-cixmazi\/#breadcrumb"},"inLanguage":"az","potentialAction":[{"@type":"ReadAction","target":["https:\/\/www.meydan.tv\/az\/article\/keleki-cixmazi\/"]}]},{"@type":"ImageObject","inLanguage":"az","@id":"https:\/\/www.meydan.tv\/az\/article\/keleki-cixmazi\/#primaryimage","url":"https:\/\/www.meydan.tv\/wp-content\/uploads\/11975.jpg","contentUrl":"https:\/\/www.meydan.tv\/wp-content\/uploads\/11975.jpg","width":720,"height":498,"caption":"Source:"},{"@type":"BreadcrumbList","@id":"https:\/\/www.meydan.tv\/az\/article\/keleki-cixmazi\/#breadcrumb","itemListElement":[{"@type":"ListItem","position":1,"name":"Ana s\u0259hif\u0259","item":"https:\/\/www.meydan.tv\/az\/"},{"@type":"ListItem","position":2,"name":"M\u0259nim Fikrimc\u0259","item":"https:\/\/www.meydan.tv\/az\/section\/menim-fikrimce\/"},{"@type":"ListItem","position":3,"name":"K\u0259l\u0259ki \u00e7\u0131xmaz\u0131"}]},{"@type":"WebSite","@id":"https:\/\/www.meydan.tv\/az\/#website","url":"https:\/\/www.meydan.tv\/az\/","name":"MEYDAN.TV","description":"Meydan TV Az\u0259rbaycan\u0131n media m\u0259kan\u0131ndak\u0131 alternativ s\u0259sidir","publisher":{"@id":"https:\/\/www.meydan.tv\/az\/#organization"},"potentialAction":[{"@type":"SearchAction","target":{"@type":"EntryPoint","urlTemplate":"https:\/\/www.meydan.tv\/az\/?s={search_term_string}"},"query-input":{"@type":"PropertyValueSpecification","valueRequired":true,"valueName":"search_term_string"}}],"inLanguage":"az"},{"@type":"Organization","@id":"https:\/\/www.meydan.tv\/az\/#organization","name":"Meydan TV","url":"https:\/\/www.meydan.tv\/az\/","logo":{"@type":"ImageObject","inLanguage":"az","@id":"https:\/\/www.meydan.tv\/az\/#\/schema\/logo\/image\/","url":"https:\/\/www.meydan.tv\/wp-content\/uploads\/2021\/07\/meydan-logo.svg","contentUrl":"https:\/\/www.meydan.tv\/wp-content\/uploads\/2021\/07\/meydan-logo.svg","width":195,"height":46,"caption":"Meydan TV"},"image":{"@id":"https:\/\/www.meydan.tv\/az\/#\/schema\/logo\/image\/"}},{"@type":"Person","@id":"https:\/\/www.meydan.tv\/az\/#\/schema\/person\/10d11eccf6da3662cf5fdab9806ea91a","name":"user-manager"}]}},"_links":{"self":[{"href":"https:\/\/www.meydan.tv\/az\/wp-json\/wp\/v2\/posts\/169578","targetHints":{"allow":["GET"]}}],"collection":[{"href":"https:\/\/www.meydan.tv\/az\/wp-json\/wp\/v2\/posts"}],"about":[{"href":"https:\/\/www.meydan.tv\/az\/wp-json\/wp\/v2\/types\/post"}],"author":[{"embeddable":true,"href":"https:\/\/www.meydan.tv\/az\/wp-json\/wp\/v2\/users\/11"}],"replies":[{"embeddable":true,"href":"https:\/\/www.meydan.tv\/az\/wp-json\/wp\/v2\/comments?post=169578"}],"version-history":[{"count":0,"href":"https:\/\/www.meydan.tv\/az\/wp-json\/wp\/v2\/posts\/169578\/revisions"}],"wp:featuredmedia":[{"embeddable":true,"href":"https:\/\/www.meydan.tv\/az\/wp-json\/wp\/v2\/media\/32164"}],"wp:attachment":[{"href":"https:\/\/www.meydan.tv\/az\/wp-json\/wp\/v2\/media?parent=169578"}],"wp:term":[{"taxonomy":"category","embeddable":true,"href":"https:\/\/www.meydan.tv\/az\/wp-json\/wp\/v2\/categories?post=169578"},{"taxonomy":"post_tag","embeddable":true,"href":"https:\/\/www.meydan.tv\/az\/wp-json\/wp\/v2\/tags?post=169578"}],"curies":[{"name":"wp","href":"https:\/\/api.w.org\/{rel}","templated":true}]}}