{"id":169564,"date":"2015-08-20T23:26:37","date_gmt":"2015-08-20T23:26:37","guid":{"rendered":"https:\/\/www.meydan.tv\/article\/iki-ildir-hebsdeyem-xeberin-yoxdur\/"},"modified":"2015-08-20T23:26:37","modified_gmt":"2015-08-20T23:26:37","slug":"iki-ildir-hebsdeyem-xeberin-yoxdur","status":"publish","type":"post","link":"https:\/\/www.meydan.tv\/az\/article\/iki-ildir-hebsdeyem-xeberin-yoxdur\/","title":{"rendered":"\u0130ki ildir h\u0259bsd\u0259y\u0259m, x\u0259b\u0259rin yoxdur&#8230;"},"content":{"rendered":"<figure class=\"wp-block-image size-large\">\n  <img decoding=\"async\" src=\"https:\/\/www.meydan.tv\/az\/32108\/\" alt=\"\" class=\"wp-image-32108\"\/><figcaption><\/figcaption><\/figure>\n<figure class=\"wp-block-image size-large\">\n  <img decoding=\"async\" src=\"https:\/\/www.meydan.tv\/az\/32111\/\" alt=\"\" class=\"wp-image-32111\"\/><figcaption><\/figcaption><\/figure>\n<p>\n  <i><br \/>\n    O d\u0259h\u015f\u0259tli faci\u0259 b\u00fct\u00fcn ail\u0259mizin h\u0259yat\u0131n\u0131 iki yer\u0259 b\u00f6ld\u00fc. N\u0259rgizd\u0259n \u0259vv\u0259l v\u0259 N\u0259rgizd\u0259n sonra.\u00a0 Bu yaz\u0131 atam\u0131n N\u0259rgizd\u0259n \u0259vv\u0259l yazd\u0131\u011f\u0131 yaz\u0131lardan daha biridir. \u018fvv\u0259lki yaz\u0131da qeyd etdiyim kimi, ist\u0259mir\u0259m bu yaz\u0131 da\u00a0 komputerin arxivind\u0259 qals\u0131n.<br \/>\n  <\/i><br \/>\n  <br \/>\n  <i><br \/>\n    Nigar Yaqublu<br \/>\n  <\/i><\/p>\n<p>  <b><br \/>\n    A\u011fac\u0259km\u0259 m\u00fc\u0259ssis\u0259sind\u0259n m\u0259ktub<br \/>\n  <\/b>\n<\/p>\n<p>\n  Vallah he\u00e7 incimir\u0259m d\u0259. Q\u0259dimal\u0131 qa\u011famd\u0131r, n\u0259 eyl\u0259s\u0259 yeri var. Bir d\u0259 ki, durub o boyda ki\u015fiy\u0259 cavab qaytaras\u0131, irad bildir\u0259si deyil\u0259m ha. \u018fslind\u0259 el\u0259 d\u0259 ciddi bir \u015fey olmay\u0131b. Fikirl\u0259\u015fdim ki, \u00e7oxdand\u0131r qa\u011famla hal-\u0259hval tutmuram, g\u00f6t\u00fcr\u00fcb evl\u0259rin\u0259 z\u0259ng etdim. D\u0259st\u0259yi \u00c7e\u015fm\u0259g\u00fcl xala g\u00f6t\u00fcrd\u00fc. \u018fvv\u0259lc\u0259 m\u0259ni tan\u0131mad\u0131, tan\u0131yanda da \u201cb\u0131y qava\u011f\u0131nda \u00f6l\u00fcm\u201d deyib,\u00a0 dil-a\u011f\u0131z el\u0259m\u0259y\u0259 ba\u015flad\u0131. \u201cQaz\u0131n\u0131z-suyunuz g\u0259lirmi? \u0130\u015f\u0131\u011f\u0131n\u0131z tez-tezmi k\u0259silir?\u201d tipli suallar\u0131ndan ba\u015fa d\u00fc\u015fd\u00fcm ki, \u00c7e\u015fm\u0259g\u00fcl xala yen\u0259 d\u0259 m\u0259nim h\u0259bsd\u0259 oldu\u011fumdan bix\u0259b\u0259rdir.\n<\/p>\n<p>\n  M\u0259n d\u0259 \u00fcst\u00fcn\u00fc vurmay\u0131b qa\u011fam\u0131n d\u0259st\u0259yi g\u00f6t\u00fcrm\u0259sini g\u00f6zl\u0259dim. Sa\u011f olsun \u00c7e\u015fm\u0259g\u00fcl xala ad\u0259ti \u00fczr\u0259 s\u00f6hb\u0259ti \u00e7ox uzatmay\u0131b, d\u0259st\u0259yi qa\u011fama verdi. Qa\u011fam ba\u015flad\u0131, n\u0259 ba\u015flad\u0131. O q\u0259d\u0259r \u0259s\u0259bl\u0259\u015fmi\u015fdi ki, \u201cSiyavu\u015f\u201da \u201cSiranu\u015f\u201d deyirdi. Onu \u00f6z\u00fcnd\u0259n Taner Y\u0131ld\u0131z \u00e7\u0131xartm\u0131\u015fd\u0131. El\u0259 buna g\u00f6r\u0259 d\u0259 salams\u0131z-kalams\u0131z ba\u015flad\u0131\u011f\u0131 telefon dan\u0131\u015f\u0131\u011f\u0131n\u0131n ilk c\u00fcml\u0259si bel\u0259 oldu: \u201c\u018f, bu Taner n\u0259 t\u0259h\u0259r adamd\u0131? Bu \u00f6lk\u0259d\u0259 b\u00f6y\u00fck-ki\u00e7ik qalmay\u0131fm\u0131?\u201d\n<\/p>\n<p>\n  S\u00f6hb\u0259tin gerisind\u0259n bel\u0259 ba\u015fa d\u00fc\u015fd\u00fcm ki, Mersin vilay\u0259tind\u0259 Akkuyu Atom Elektrik stansiyas\u0131n\u0131n t\u0259m\u0259lqoyma m\u0259rasimind\u0259 i\u015ftirak etmi\u015f T\u00fcrkiy\u0259nin Enerji v\u0259 T\u0259bii S\u0259rv\u0259tl\u0259r naziri Taner Y\u0131ld\u0131z qa\u011fam\u0131 b\u0259rk hirsl\u0259ndirib. Deyir ki, ondan b\u00f6y\u00fck ba\u015f nazir \u018fhm\u0259d Davudo\u011flu, ondan da yuxar\u0131da prezident R\u0259c\u0259b Tayyib \u018frdo\u011fan var, amma gedib T\u00fcrkiy\u0259 tarixind\u0259 ilk olan AES-in t\u0259m\u0259l qoymas\u0131n\u0131 o ke\u00e7irir. Bu d\u00f6vl\u0259t\u00e7iliy\u0259 a\u011f\u0131r z\u0259rb\u0259dir. M\u0259s\u0259l\u0259n, bundan bir az qabaq Bak\u0131n\u0131n A\u011f \u015e\u0259h\u0259r deyil\u0259n yerind\u0259 transformatorun a\u00e7\u0131l\u0131\u015f\u0131n\u0131n q\u0131rm\u0131z\u0131 lentini iqtidar \u015f\u0259xs\u0259n \u00f6z\u00fc k\u0259sdi.\n<\/p>\n<p>\n  Ondan da bir az qabaq iqtidar \u00f6z\u00fc \u015f\u0259xs\u0259n u\u015faq bax\u00e7as\u0131n\u0131n t\u0259mirinin \u00f6z\u00fclqoyma m\u0259rasimind\u0259 t\u0259nt\u0259n\u0259li sur\u0259td\u0259 ayr\u0131 bir q\u0131rm\u0131z\u0131 lenti k\u0259smi\u015fdi. Taner Y\u0131ld\u0131z Bak\u0131n\u0131n yolunu d\u0259yirman yoluna d\u00f6nd\u0259rib, bir \u00f6yr\u0259nib g\u00f6rs\u00fcn ki, d\u00f6vl\u0259t\u00e7iliyi nec\u0259 qorumaq laz\u0131md\u0131r. Qa\u011fam telefonda \u0259sib-co\u015fur, m\u0259n d\u0259 kirimi\u015fc\u0259 qulaq as\u0131r, arada bir \u201cel\u0259dir, el\u0259dir\u201d dey\u0259r\u0259k, onun dedikl\u0259rini t\u0259sdiql\u0259yirdim. N\u0259hay\u0259t, onun s\u0259si bir az m\u00fclayiml\u0259\u015fdi v\u0259 n\u0259f\u0259sini d\u0259rm\u0259k \u00fc\u00e7\u00fcn bir anl\u0131\u011fa s\u00f6z\u00fcn\u00fc k\u0259sdi.\n<\/p>\n<p>\n  Yaranm\u0131\u015f bu unikal f\u00fcrs\u0259td\u0259n d\u0259rhal yararland\u0131m v\u0259 z\u0259ngimin m\u0259qs\u0259din\u0259 uy\u011fun olaraq qa\u011fam\u0131n\u00a0 kef-hal\u0131n\u0131 soru\u015fdum. O, ba\u015f\u0131ndak\u0131, boynundak\u0131, qollar\u0131ndak\u0131, ayaqlar\u0131ndak\u0131 v\u0259 m\u0259d\u0259sind\u0259ki a\u011fr\u0131lar\u0131ndan \u015fikay\u0259tl\u0259ndis\u0259, ax\u0131rda \u201cyax\u015f\u0131yam\u201d da dedi. Ancaq bundan sonra yad\u0131ma d\u00fc\u015fd\u00fc ki, o da m\u0259nim hal-\u0259hval\u0131m\u0131 soru\u015fmal\u0131d\u0131r. Bu y\u00f6nt\u0259md\u0259 bir-iki sual verdikd\u0259n sonra d\u0259rhal \u0259n\u0259n\u0259vi m\u0259sl\u0259h\u0259tl\u0259rin\u0259 ke\u00e7di. Yen\u0259 dedi ki, ax\u015fam ev\u0259 tez g\u0259lim, \u015f\u0259h\u0259r\u0259 t\u0259k \u00e7\u0131xmay\u0131m, yazanda s\u0259rt yazmay\u0131m v\u0259 s. lap ax\u0131rda m\u00f6hk\u0259m-m\u00f6hk\u0259m tap\u015f\u0131rd\u0131 ki, \u00e7ox ehtiyal\u0131 olum, yoxsa m\u0259ni tutacaqlar. \u018flb\u0259tt\u0259 ki, m\u0259n \u015fappadan qa\u011fam\u0131n \u00fcz\u00fcn\u0259 qay\u0131d\u0131b dey\u0259 bilm\u0259zdim ki, ay Allah s\u0259n\u0259 insaf versin, s\u0259n n\u0259 t\u0259h\u0259r qa\u011famsan ki, art\u0131q iki il yar\u0131md\u0131r ki, h\u0259bsd\u0259 oldu\u011fumdan x\u0259b\u0259rin yoxdur.\n<\/p>\n<p>\n  M\u0259n Q\u0259dimal\u0131 qa\u011fama qar\u015f\u0131 el\u0259 qabal\u0131q el\u0259y\u0259 bilm\u0259r\u0259m. Ancaq m\u0259nim h\u0259bsd\u0259 oldu\u011fumu bilm\u0259diyini d\u0259 bel\u0259c\u0259 buraxmaq olmazd\u0131. Ona g\u00f6r\u0259 d\u0259 sa\u011folla\u015fma zaman\u0131 ehmalca bildirdim ki, 13 sayl\u0131 c\u0259za\u00e7\u0259km\u0259 m\u00fc\u0259ss\u0259sind\u0259y\u0259m v\u0259 v\u0259ziyy\u0259tim d\u0259 yax\u015f\u0131d\u0131r. Qa\u011fam \u201cc\u0259za\u00e7\u0259km\u0259 m\u00fc\u0259ss\u0259si\u201dni \u201ca\u011fac\u0259km\u0259 m\u00fc\u0259ss\u0259si\u201d kimi ba\u015fa d\u00fc\u015f\u00fcb. Bu d\u0259f\u0259 Hac\u0131bala Abutal\u0131bovun bostan\u0131na da\u015f atd\u0131. \u201cAllah bu Hac\u0131balaya a\u011f\u0131l versin, yay g\u0259lib, indi a\u011fac \u0259km\u0259k vaxt\u0131d\u0131r?\u201d. Bel\u0259c\u0259 s\u00f6hb\u0259timizi ba\u015fa vurduq.\n<\/p>\n<p>\n  Telefon ota\u011f\u0131ndan \u00e7\u0131xandan sonra Qa\u011fam\u0131n dedikl\u0259ri m\u0259ni xeyli d\u00fc\u015f\u00fcnd\u00fcrd\u00fc. A\u011fac\u0259km\u0259 m\u0259s\u0259l\u0259sini q\u0131ra\u011fa qoyuram, ist\u0259nil\u0259n halda Allah\u0131n Hac\u0131bala m\u00fc\u0259llim\u0259 a\u011f\u0131l verm\u0259si \u00e7ox yerin\u0259 d\u00fc\u015f\u0259rdi. Bu m\u0259s\u0259l\u0259d\u0259 qa\u011fam \u00e7ox haql\u0131 idi. Y\u0259ni, xaricd\u0259 adi olan \u015feyl\u0259r bizd\u0259 qeyri-adi olur v\u0259 ya t\u0259rsin\u0259. Bax, el\u0259 g\u00f6t\u00fcr\u0259k \u00f6lk\u0259 i\u00e7ind\u0259n Avropa oyunlar\u0131n\u0131n boykot edilm\u0259si \u00e7a\u011f\u0131r\u0131\u015flar\u0131na iqtidar\u0131n m\u00fcnasib\u0259tini.\n<\/p>\n<p>\n  \u0130qtidar deyir ki, bu, xalqa-v\u0259t\u0259n\u0259 x\u0259yan\u0259tdir, Az\u0259rbaycan d\u00fc\u015fm\u0259nl\u0259rinin sifari\u015fini yerin\u0259 yetirm\u0259kdir, erm\u0259ni d\u0259yirman\u0131na su t\u00f6km\u0259kdir v\u0259 s. Amma el\u0259 h\u0259min bu iqtidar ke\u00e7\u0259n il braziliyal\u0131lar\u0131 bu \u00f6lk\u0259d\u0259 futbol \u00fczr\u0259 d\u00fcnya \u00e7empionat\u0131 ke\u00e7irilm\u0259sin\u0259 qar\u015f\u0131 \u00e7\u0131xmalar\u0131n\u0131, \u00f6lk\u0259nin \u0259sas \u015f\u0259h\u0259rl\u0259rini d\u00f6y\u00fc\u015f meydanlar\u0131na \u00e7evirm\u0259l\u0259rini \u00f6lk\u0259 r\u0259hb\u0259rliyinin pis idar\u0259\u00e7iliyin\u0259 qar\u015f\u0131 sosial partlay\u0131\u015f, v\u0259t\u0259nda\u015flar\u0131n \u00f6z haqlar\u0131 u\u011frunda m\u00fcbariz\u0259 v\u0259 s. kimi t\u0259qdim edirdi.\n<\/p>\n<p>\n  T\u0259zad\u0131 g\u00f6r\u00fcrs\u00fcn\u00fczm\u00fc? Ini\u015fil ispan\u0131yal\u0131 ma\u015finist s\u00fcr\u0259t qatar\u0131n\u0131 d\u00f6ng\u0259d\u0259 b\u0259rk s\u00fcr\u0259r\u0259k onu a\u015f\u0131rm\u0131\u015f, s\u0259rni\u015finl\u0259ri qan\u0131na q\u0259ltan etmi\u015fdi. Ancaq istintaq d\u00f6vr\u00fcnd\u0259 onu h\u0259bs etm\u0259dil\u0259r. Bizd\u0259 is\u0259 ill\u0259r \u00f6nc\u0259 ba\u015f vermi\u015f \u00f6l\u00fcms\u00fcz-itimsiz bir avtoq\u0259zaya g\u00f6r\u0259 Qurban M\u0259mm\u0259dovu m\u0259hk\u0259m\u0259 ba\u015flamam\u0131\u015fdan h\u0259bs\u0259 atd\u0131lar. Biz bel\u0259yik! Qa\u011fam\u0131n ehtiyatl\u0131 olmaq haqq\u0131nda uyar\u0131s\u0131n\u0131 da qulaqard\u0131 ed\u0259 bilm\u0259r\u0259m.\n<\/p>\n<p>\n  Baxmayaraq ki, art\u0131q a\u011fac\u0259km\u0259&#8230;&#8230; \u00fczr ist\u0259yir\u0259m, c\u0259za\u00e7\u0259km\u0259 m\u00fc\u0259ss\u0259sind\u0259y\u0259m. Amma \u015fanl\u0131 iqtidar\u0131m\u0131z ist\u0259s\u0259, m\u0259ni t\u0259z\u0259d\u0259n tuta bil\u0259r, \u018fvv\u0259lc\u0259 karsa salar, sonra da daha bir torba tikib, qapal\u0131 tipli h\u0259bsxanaya g\u00f6nd\u0259r\u0259r.\n<\/p>\n<p>\n  <b><br \/>\n    Yaz\u0131 m\u00fc\u0259llifin \u015f\u0259xsi fikirl\u0259rini \u0259ks etdirir<br \/>\n  <\/b><\/p>\n","protected":false},"excerpt":{"rendered":"<p>N\u0259rgizd\u0259n \u0259vv\u0259l<\/p>\n","protected":false},"author":11,"featured_media":32108,"comment_status":"closed","ping_status":"open","sticky":false,"template":"","format":"standard","meta":{"_acf_changed":false,"_sitemap_exclude":false,"_sitemap_priority":"","_sitemap_frequency":"","footnotes":""},"categories":[57],"tags":[],"class_list":["post-169564","post","type-post","status-publish","format-standard","has-post-thumbnail","hentry","category-menim-fikrimce","infinite-scroll-item","generate-columns","tablet-grid-50","mobile-grid-100","grid-parent","grid-33","no-featured-image-padding"],"acf":[],"yoast_head":"<!-- This site is optimized with the Yoast SEO plugin v27.5 - https:\/\/yoast.com\/product\/yoast-seo-wordpress\/ -->\n<title>\u0130ki ildir h\u0259bsd\u0259y\u0259m, x\u0259b\u0259rin yoxdur... - MEYDAN.TV<\/title>\n<meta name=\"robots\" content=\"index, follow, max-snippet:-1, max-image-preview:large, max-video-preview:-1\" \/>\n<link rel=\"canonical\" href=\"https:\/\/www.meydan.tv\/az\/article\/iki-ildir-hebsdeyem-xeberin-yoxdur\/\" \/>\n<meta property=\"og:locale\" content=\"az_AZ\" \/>\n<meta property=\"og:type\" content=\"article\" \/>\n<meta property=\"og:title\" content=\"\u0130ki ildir h\u0259bsd\u0259y\u0259m, x\u0259b\u0259rin yoxdur... - MEYDAN.TV\" \/>\n<meta property=\"og:description\" content=\"N\u0259rgizd\u0259n \u0259vv\u0259l\" \/>\n<meta property=\"og:url\" content=\"https:\/\/www.meydan.tv\/az\/article\/iki-ildir-hebsdeyem-xeberin-yoxdur\/\" \/>\n<meta property=\"og:site_name\" content=\"MEYDAN.TV\" \/>\n<meta property=\"article:published_time\" content=\"2015-08-20T23:26:37+00:00\" \/>\n<meta property=\"og:image\" content=\"https:\/\/www.meydan.tv\/wp-content\/uploads\/11956.jpg\" \/>\n\t<meta property=\"og:image:width\" content=\"500\" \/>\n\t<meta property=\"og:image:height\" content=\"500\" \/>\n\t<meta property=\"og:image:type\" content=\"image\/jpeg\" \/>\n<meta name=\"author\" content=\"user-manager\" \/>\n<meta name=\"twitter:card\" content=\"summary_large_image\" \/>\n<script type=\"application\/ld+json\" class=\"yoast-schema-graph\">{\"@context\":\"https:\\\/\\\/schema.org\",\"@graph\":[{\"@type\":\"Article\",\"@id\":\"https:\\\/\\\/www.meydan.tv\\\/az\\\/article\\\/iki-ildir-hebsdeyem-xeberin-yoxdur\\\/#article\",\"isPartOf\":{\"@id\":\"https:\\\/\\\/www.meydan.tv\\\/az\\\/article\\\/iki-ildir-hebsdeyem-xeberin-yoxdur\\\/\"},\"author\":{\"name\":\"user-manager\",\"@id\":\"https:\\\/\\\/www.meydan.tv\\\/az\\\/#\\\/schema\\\/person\\\/10d11eccf6da3662cf5fdab9806ea91a\"},\"headline\":\"\u0130ki ildir h\u0259bsd\u0259y\u0259m, x\u0259b\u0259rin yoxdur&#8230;\",\"datePublished\":\"2015-08-20T23:26:37+00:00\",\"mainEntityOfPage\":{\"@id\":\"https:\\\/\\\/www.meydan.tv\\\/az\\\/article\\\/iki-ildir-hebsdeyem-xeberin-yoxdur\\\/\"},\"wordCount\":1216,\"publisher\":{\"@id\":\"https:\\\/\\\/www.meydan.tv\\\/az\\\/#organization\"},\"image\":{\"@id\":\"https:\\\/\\\/www.meydan.tv\\\/az\\\/article\\\/iki-ildir-hebsdeyem-xeberin-yoxdur\\\/#primaryimage\"},\"thumbnailUrl\":\"https:\\\/\\\/www.meydan.tv\\\/wp-content\\\/uploads\\\/11956.jpg\",\"articleSection\":[\"M\u0259nim Fikrimc\u0259\"],\"inLanguage\":\"az\"},{\"@type\":\"WebPage\",\"@id\":\"https:\\\/\\\/www.meydan.tv\\\/az\\\/article\\\/iki-ildir-hebsdeyem-xeberin-yoxdur\\\/\",\"url\":\"https:\\\/\\\/www.meydan.tv\\\/az\\\/article\\\/iki-ildir-hebsdeyem-xeberin-yoxdur\\\/\",\"name\":\"\u0130ki ildir h\u0259bsd\u0259y\u0259m, x\u0259b\u0259rin yoxdur... - MEYDAN.TV\",\"isPartOf\":{\"@id\":\"https:\\\/\\\/www.meydan.tv\\\/az\\\/#website\"},\"primaryImageOfPage\":{\"@id\":\"https:\\\/\\\/www.meydan.tv\\\/az\\\/article\\\/iki-ildir-hebsdeyem-xeberin-yoxdur\\\/#primaryimage\"},\"image\":{\"@id\":\"https:\\\/\\\/www.meydan.tv\\\/az\\\/article\\\/iki-ildir-hebsdeyem-xeberin-yoxdur\\\/#primaryimage\"},\"thumbnailUrl\":\"https:\\\/\\\/www.meydan.tv\\\/wp-content\\\/uploads\\\/11956.jpg\",\"datePublished\":\"2015-08-20T23:26:37+00:00\",\"breadcrumb\":{\"@id\":\"https:\\\/\\\/www.meydan.tv\\\/az\\\/article\\\/iki-ildir-hebsdeyem-xeberin-yoxdur\\\/#breadcrumb\"},\"inLanguage\":\"az\",\"potentialAction\":[{\"@type\":\"ReadAction\",\"target\":[\"https:\\\/\\\/www.meydan.tv\\\/az\\\/article\\\/iki-ildir-hebsdeyem-xeberin-yoxdur\\\/\"]}]},{\"@type\":\"ImageObject\",\"inLanguage\":\"az\",\"@id\":\"https:\\\/\\\/www.meydan.tv\\\/az\\\/article\\\/iki-ildir-hebsdeyem-xeberin-yoxdur\\\/#primaryimage\",\"url\":\"https:\\\/\\\/www.meydan.tv\\\/wp-content\\\/uploads\\\/11956.jpg\",\"contentUrl\":\"https:\\\/\\\/www.meydan.tv\\\/wp-content\\\/uploads\\\/11956.jpg\",\"width\":500,\"height\":500,\"caption\":\"Source:\"},{\"@type\":\"BreadcrumbList\",\"@id\":\"https:\\\/\\\/www.meydan.tv\\\/az\\\/article\\\/iki-ildir-hebsdeyem-xeberin-yoxdur\\\/#breadcrumb\",\"itemListElement\":[{\"@type\":\"ListItem\",\"position\":1,\"name\":\"Ana s\u0259hif\u0259\",\"item\":\"https:\\\/\\\/www.meydan.tv\\\/az\\\/\"},{\"@type\":\"ListItem\",\"position\":2,\"name\":\"M\u0259nim Fikrimc\u0259\",\"item\":\"https:\\\/\\\/www.meydan.tv\\\/az\\\/section\\\/menim-fikrimce\\\/\"},{\"@type\":\"ListItem\",\"position\":3,\"name\":\"\u0130ki ildir h\u0259bsd\u0259y\u0259m, x\u0259b\u0259rin yoxdur&#8230;\"}]},{\"@type\":\"WebSite\",\"@id\":\"https:\\\/\\\/www.meydan.tv\\\/az\\\/#website\",\"url\":\"https:\\\/\\\/www.meydan.tv\\\/az\\\/\",\"name\":\"MEYDAN.TV\",\"description\":\"Meydan TV Az\u0259rbaycan\u0131n media m\u0259kan\u0131ndak\u0131 alternativ s\u0259sidir\",\"publisher\":{\"@id\":\"https:\\\/\\\/www.meydan.tv\\\/az\\\/#organization\"},\"potentialAction\":[{\"@type\":\"SearchAction\",\"target\":{\"@type\":\"EntryPoint\",\"urlTemplate\":\"https:\\\/\\\/www.meydan.tv\\\/az\\\/?s={search_term_string}\"},\"query-input\":{\"@type\":\"PropertyValueSpecification\",\"valueRequired\":true,\"valueName\":\"search_term_string\"}}],\"inLanguage\":\"az\"},{\"@type\":\"Organization\",\"@id\":\"https:\\\/\\\/www.meydan.tv\\\/az\\\/#organization\",\"name\":\"Meydan TV\",\"url\":\"https:\\\/\\\/www.meydan.tv\\\/az\\\/\",\"logo\":{\"@type\":\"ImageObject\",\"inLanguage\":\"az\",\"@id\":\"https:\\\/\\\/www.meydan.tv\\\/az\\\/#\\\/schema\\\/logo\\\/image\\\/\",\"url\":\"https:\\\/\\\/www.meydan.tv\\\/wp-content\\\/uploads\\\/2021\\\/07\\\/meydan-logo.svg\",\"contentUrl\":\"https:\\\/\\\/www.meydan.tv\\\/wp-content\\\/uploads\\\/2021\\\/07\\\/meydan-logo.svg\",\"width\":195,\"height\":46,\"caption\":\"Meydan TV\"},\"image\":{\"@id\":\"https:\\\/\\\/www.meydan.tv\\\/az\\\/#\\\/schema\\\/logo\\\/image\\\/\"}},{\"@type\":\"Person\",\"@id\":\"https:\\\/\\\/www.meydan.tv\\\/az\\\/#\\\/schema\\\/person\\\/10d11eccf6da3662cf5fdab9806ea91a\",\"name\":\"user-manager\"}]}<\/script>\n<!-- \/ Yoast SEO plugin. -->","yoast_head_json":{"title":"\u0130ki ildir h\u0259bsd\u0259y\u0259m, x\u0259b\u0259rin yoxdur... - MEYDAN.TV","robots":{"index":"index","follow":"follow","max-snippet":"max-snippet:-1","max-image-preview":"max-image-preview:large","max-video-preview":"max-video-preview:-1"},"canonical":"https:\/\/www.meydan.tv\/az\/article\/iki-ildir-hebsdeyem-xeberin-yoxdur\/","og_locale":"az_AZ","og_type":"article","og_title":"\u0130ki ildir h\u0259bsd\u0259y\u0259m, x\u0259b\u0259rin yoxdur... - MEYDAN.TV","og_description":"N\u0259rgizd\u0259n \u0259vv\u0259l","og_url":"https:\/\/www.meydan.tv\/az\/article\/iki-ildir-hebsdeyem-xeberin-yoxdur\/","og_site_name":"MEYDAN.TV","article_published_time":"2015-08-20T23:26:37+00:00","og_image":[{"width":500,"height":500,"url":"https:\/\/www.meydan.tv\/wp-content\/uploads\/11956.jpg","type":"image\/jpeg"}],"author":"user-manager","twitter_card":"summary_large_image","schema":{"@context":"https:\/\/schema.org","@graph":[{"@type":"Article","@id":"https:\/\/www.meydan.tv\/az\/article\/iki-ildir-hebsdeyem-xeberin-yoxdur\/#article","isPartOf":{"@id":"https:\/\/www.meydan.tv\/az\/article\/iki-ildir-hebsdeyem-xeberin-yoxdur\/"},"author":{"name":"user-manager","@id":"https:\/\/www.meydan.tv\/az\/#\/schema\/person\/10d11eccf6da3662cf5fdab9806ea91a"},"headline":"\u0130ki ildir h\u0259bsd\u0259y\u0259m, x\u0259b\u0259rin yoxdur&#8230;","datePublished":"2015-08-20T23:26:37+00:00","mainEntityOfPage":{"@id":"https:\/\/www.meydan.tv\/az\/article\/iki-ildir-hebsdeyem-xeberin-yoxdur\/"},"wordCount":1216,"publisher":{"@id":"https:\/\/www.meydan.tv\/az\/#organization"},"image":{"@id":"https:\/\/www.meydan.tv\/az\/article\/iki-ildir-hebsdeyem-xeberin-yoxdur\/#primaryimage"},"thumbnailUrl":"https:\/\/www.meydan.tv\/wp-content\/uploads\/11956.jpg","articleSection":["M\u0259nim Fikrimc\u0259"],"inLanguage":"az"},{"@type":"WebPage","@id":"https:\/\/www.meydan.tv\/az\/article\/iki-ildir-hebsdeyem-xeberin-yoxdur\/","url":"https:\/\/www.meydan.tv\/az\/article\/iki-ildir-hebsdeyem-xeberin-yoxdur\/","name":"\u0130ki ildir h\u0259bsd\u0259y\u0259m, x\u0259b\u0259rin yoxdur... - MEYDAN.TV","isPartOf":{"@id":"https:\/\/www.meydan.tv\/az\/#website"},"primaryImageOfPage":{"@id":"https:\/\/www.meydan.tv\/az\/article\/iki-ildir-hebsdeyem-xeberin-yoxdur\/#primaryimage"},"image":{"@id":"https:\/\/www.meydan.tv\/az\/article\/iki-ildir-hebsdeyem-xeberin-yoxdur\/#primaryimage"},"thumbnailUrl":"https:\/\/www.meydan.tv\/wp-content\/uploads\/11956.jpg","datePublished":"2015-08-20T23:26:37+00:00","breadcrumb":{"@id":"https:\/\/www.meydan.tv\/az\/article\/iki-ildir-hebsdeyem-xeberin-yoxdur\/#breadcrumb"},"inLanguage":"az","potentialAction":[{"@type":"ReadAction","target":["https:\/\/www.meydan.tv\/az\/article\/iki-ildir-hebsdeyem-xeberin-yoxdur\/"]}]},{"@type":"ImageObject","inLanguage":"az","@id":"https:\/\/www.meydan.tv\/az\/article\/iki-ildir-hebsdeyem-xeberin-yoxdur\/#primaryimage","url":"https:\/\/www.meydan.tv\/wp-content\/uploads\/11956.jpg","contentUrl":"https:\/\/www.meydan.tv\/wp-content\/uploads\/11956.jpg","width":500,"height":500,"caption":"Source:"},{"@type":"BreadcrumbList","@id":"https:\/\/www.meydan.tv\/az\/article\/iki-ildir-hebsdeyem-xeberin-yoxdur\/#breadcrumb","itemListElement":[{"@type":"ListItem","position":1,"name":"Ana s\u0259hif\u0259","item":"https:\/\/www.meydan.tv\/az\/"},{"@type":"ListItem","position":2,"name":"M\u0259nim Fikrimc\u0259","item":"https:\/\/www.meydan.tv\/az\/section\/menim-fikrimce\/"},{"@type":"ListItem","position":3,"name":"\u0130ki ildir h\u0259bsd\u0259y\u0259m, x\u0259b\u0259rin yoxdur&#8230;"}]},{"@type":"WebSite","@id":"https:\/\/www.meydan.tv\/az\/#website","url":"https:\/\/www.meydan.tv\/az\/","name":"MEYDAN.TV","description":"Meydan TV Az\u0259rbaycan\u0131n media m\u0259kan\u0131ndak\u0131 alternativ s\u0259sidir","publisher":{"@id":"https:\/\/www.meydan.tv\/az\/#organization"},"potentialAction":[{"@type":"SearchAction","target":{"@type":"EntryPoint","urlTemplate":"https:\/\/www.meydan.tv\/az\/?s={search_term_string}"},"query-input":{"@type":"PropertyValueSpecification","valueRequired":true,"valueName":"search_term_string"}}],"inLanguage":"az"},{"@type":"Organization","@id":"https:\/\/www.meydan.tv\/az\/#organization","name":"Meydan TV","url":"https:\/\/www.meydan.tv\/az\/","logo":{"@type":"ImageObject","inLanguage":"az","@id":"https:\/\/www.meydan.tv\/az\/#\/schema\/logo\/image\/","url":"https:\/\/www.meydan.tv\/wp-content\/uploads\/2021\/07\/meydan-logo.svg","contentUrl":"https:\/\/www.meydan.tv\/wp-content\/uploads\/2021\/07\/meydan-logo.svg","width":195,"height":46,"caption":"Meydan TV"},"image":{"@id":"https:\/\/www.meydan.tv\/az\/#\/schema\/logo\/image\/"}},{"@type":"Person","@id":"https:\/\/www.meydan.tv\/az\/#\/schema\/person\/10d11eccf6da3662cf5fdab9806ea91a","name":"user-manager"}]}},"_links":{"self":[{"href":"https:\/\/www.meydan.tv\/az\/wp-json\/wp\/v2\/posts\/169564","targetHints":{"allow":["GET"]}}],"collection":[{"href":"https:\/\/www.meydan.tv\/az\/wp-json\/wp\/v2\/posts"}],"about":[{"href":"https:\/\/www.meydan.tv\/az\/wp-json\/wp\/v2\/types\/post"}],"author":[{"embeddable":true,"href":"https:\/\/www.meydan.tv\/az\/wp-json\/wp\/v2\/users\/11"}],"replies":[{"embeddable":true,"href":"https:\/\/www.meydan.tv\/az\/wp-json\/wp\/v2\/comments?post=169564"}],"version-history":[{"count":0,"href":"https:\/\/www.meydan.tv\/az\/wp-json\/wp\/v2\/posts\/169564\/revisions"}],"wp:featuredmedia":[{"embeddable":true,"href":"https:\/\/www.meydan.tv\/az\/wp-json\/wp\/v2\/media\/32108"}],"wp:attachment":[{"href":"https:\/\/www.meydan.tv\/az\/wp-json\/wp\/v2\/media?parent=169564"}],"wp:term":[{"taxonomy":"category","embeddable":true,"href":"https:\/\/www.meydan.tv\/az\/wp-json\/wp\/v2\/categories?post=169564"},{"taxonomy":"post_tag","embeddable":true,"href":"https:\/\/www.meydan.tv\/az\/wp-json\/wp\/v2\/tags?post=169564"}],"curies":[{"name":"wp","href":"https:\/\/api.w.org\/{rel}","templated":true}]}}