{"id":169562,"date":"2015-08-20T20:55:32","date_gmt":"2015-08-20T20:55:32","guid":{"rendered":"https:\/\/www.meydan.tv\/article\/qan-golunun-baliqcisi\/"},"modified":"2015-08-20T20:55:32","modified_gmt":"2015-08-20T20:55:32","slug":"qan-golunun-baliqcisi","status":"publish","type":"post","link":"https:\/\/www.meydan.tv\/az\/article\/qan-golunun-baliqcisi\/","title":{"rendered":"Qan g\u00f6l\u00fcn\u00fcn bal\u0131q\u00e7\u0131s\u0131"},"content":{"rendered":"<figure class=\"wp-block-image size-large\">\n  <img decoding=\"async\" src=\"https:\/\/www.meydan.tv\/az\/32096\/\" alt=\"\" class=\"wp-image-32096\"\/><figcaption><\/figcaption><\/figure>\n<figure class=\"wp-block-image size-large\">\n  <img decoding=\"async\" src=\"https:\/\/www.meydan.tv\/az\/32099\/\" alt=\"\" class=\"wp-image-32099\"\/><figcaption><\/figcaption><\/figure>\n<p>\n  Respublika 1991-ci ild\u0259 b\u0259rpa olundu. Siyasi v\u0259 h\u0259rbi v\u0259ziyy\u0259t kifay\u0259t q\u0259d\u0259r m\u00fcr\u0259kk\u0259b olmaqla yana\u015f\u0131 h\u0259m d\u0259 ayd\u0131n idi. Rusiya imperiyadan iki \u00f6lk\u0259nin birini a\u015fkar silahland\u0131r\u0131r v\u0259 m\u00fcnaqi\u015f\u0259nin d\u0259rinl\u0259\u015fm\u0259si \u00fc\u00e7\u00fcn \u0259lind\u0259n g\u0259l\u0259ni edirdi. Xalq C\u0259bh\u0259si m\u00fcst\u0259qilliyin ba\u015fl\u0131ca qarant\u0131 kimi m\u00fcxalif\u0259td\u0259, M\u00fct\u0259llibov is\u0259 m\u00fcst\u0259qilliy\u0259 k\u00f6n\u00fcls\u00fcz k\u00f6n\u00fcl vermi\u015f h\u00f6kum\u0259tin ba\u015f\u0131nda idi. Qaraba\u011fda davam ed\u0259n m\u00fcharib\u0259nin faktiki m\u0259suliyy\u0259ti v\u0259 a\u011f\u0131rl\u0131\u011f\u0131 Xalq C\u0259bh\u0259sinin, formal siyasi m\u0259suliyy\u0259ti is\u0259 M\u00fct\u0259llibovun \u00fcz\u0259rind\u0259 idi.\n<\/p>\n<p>\n  Bunun ba\u015fl\u0131ca s\u0259b\u0259bi is\u0259 o idi ki, M\u00fct\u0259llibov SSR\u0130-nin t\u0259yin etdiyi \u015f\u0259xs kimi 20 yanvar olaylar\u0131ndan sonra Az\u0259rbaycan Kommunist Partiyas\u0131 M\u0259rk\u0259zi Komit\u0259sinin s\u0259dri \u018fbd\u00fcrr\u0259hman V\u0259zirovu \u0259v\u0259z edirdi. Onun bu m\u00f6vqeyi xalq aras\u0131nda he\u00e7 bir ciddi n\u00fcfuzunun olmamas\u0131n\u0131 \u015f\u0259rtl\u0259ndirirdi. B\u00fct\u00fcn siyasi hadis\u0259l\u0259rin m\u0259rk\u0259zind\u0259 olan Xalq C\u0259bh\u0259si siyasi t\u0259\u015f\u0259bb\u00fcs\u0259 sahib t\u0259\u015fkilat kimi, h\u0259m d\u0259 sosial n\u00fcfuza sahib idi. Buna g\u00f6r\u0259 d\u0259 pe\u015f\u0259kar general B\u0259r\u015fadl\u0131 (Valeh B\u0259r\u015fadl\u0131) m\u00fcdafi\u0259 naziri t\u0259yin olunsa da, ordu quruculu\u011funda u\u011fursuzlu\u011fa d\u00fc\u00e7ar oldu. Bunun \u0259ksin\u0259, Xalq C\u0259bh\u0259sinin \u00e7a\u011f\u0131r\u0131\u015f\u0131 il\u0259 az zamanda \u00f6z\u00fcn\u00fc m\u00fcdafi\u0259 taburlar\u0131n\u0131 formala\u015fd\u0131rmaq m\u00fcmk\u00fcn oldu. 1993-c\u00fc ild\u0259 bu taburlar\u0131n say\u0131 33-\u0259 \u00e7atm\u0131\u015fd\u0131. (Bu h\u0259rbi b\u00f6lm\u0259l\u0259rin g\u0259l\u0259c\u0259k taleyi bar\u0259d\u0259 yazacam. N\u00f6vb\u0259ti ba\u015fl\u0131qlar\u0131 izl\u0259yin S.H.)\n<\/p>\n<p>\n  Xalq C\u0259bh\u0259sinin \u00f6lk\u0259y\u0259 n\u0259zar\u0259t etm\u0259sinin fonunda M\u00fct\u0259llibovun h\u00f6kum\u0259ti r\u0259smi t\u0259msil\u00e7i idi. Bu is\u0259 yeni m\u00fcst\u0259qil \u00f6lk\u0259d\u0259 sistemin bo\u015flu\u011fu kimi g\u00f6r\u00fcn\u00fcrd\u00fc. Respublika \u00f6z qurucular\u0131n\u0131n \u0259lind\u0259 deyildi. Hakimiyy\u0259t is\u0259 m\u00fcst\u0259qil idar\u0259etm\u0259d\u0259n qorxurdu. Buna baxmayaraq M\u00fct\u0259llibov hakimiyy\u0259ti haqq\u0131nda birm\u0259nal\u0131 v\u0259 birt\u0259r\u0259fli qaydada m\u0259nfi fikirl\u0259r ir\u0259li s\u00fcrm\u0259k olmaz. Bir \u00e7ox i\u015ftirak\u00e7\u0131lar\u0131 il\u0259 apard\u0131\u011f\u0131m s\u00f6hb\u0259tl\u0259rl\u0259 d\u0259qiql\u0259\u015fdir\u0259 bildim ki, o zaman bu v\u0259ziyy\u0259td\u0259n \u00e7\u0131x\u0131\u015f yolu axtaranlar var imi\u015f.\n<\/p>\n<p>\n  Bu t\u0259\u015f\u0259bb\u00fcsl\u0259rd\u0259n biri AXC il\u0259 o zamanki iqtidar\u0131n koalisyon h\u00f6kum\u0259tini qurmaq idi. O vaxt hakimiyy\u0259td\u0259 bu ideyan\u0131 d\u0259st\u0259kl\u0259y\u0259nl\u0259rin say\u0131 AXC-d\u0259kit\u0259r\u0259fdarlar\u0131ndan el\u0259 d\u0259 \u00e7ox deyildi.\n<\/p>\n<p>\n  AXC Ali M\u0259clisind\u0259 bu t\u0259\u015f\u0259bbb\u00fcs s\u0259sverm\u0259y\u0259 qoyulsa da, c\u0259mi 6 s\u0259sl\u0259 d\u0259st\u0259k al\u0131r. Bel\u0259likl\u0259 respublikan\u0131n m\u00f6hk\u0259ml\u0259ndirilm\u0259si u\u011frunda ilk konsolidasiya c\u0259hdi ba\u015f tutmur. Bu v\u0259ziyy\u0259tin yaranmas\u0131nda kiml\u0259r niy\u0259 maraql\u0131 idil\u0259r? O zaman hakimiyy\u0259td\u0259 olanlar\u0131n bu koalisiya- konsolidasiyaya m\u00fcqavim\u0259t g\u00f6st\u0259rm\u0259l\u0259rinin ba\u015fl\u0131ca s\u0259b\u0259bi \u0259lind\u0259ki hakimiyy\u0259ti b\u00f6l\u00fc\u015fm\u0259m\u0259k d\u00fc\u015f\u00fcnc\u0259si idi.\n<\/p>\n<p>\n  M\u00fct\u0259llibov SSR\u0130-ni nomenklaturas\u0131n\u0131n beyni il\u0259 d\u00fc\u015f\u00fcn\u00fcrd\u00fc. Onun \u00fc\u00e7\u00fcn ictimai r\u0259y \u00f6n\u0259mli deyildi. \u00c7\u00fcnki SSR\u0130 -d\u0259 ictimai r\u0259yin n\u0259 oldu\u011funu anlam\u0131rd\u0131. Xalq C\u0259bh\u0259sind\u0259 is\u0259 d\u00fc\u015f\u00fcn\u00fcrd\u00fcl\u0259r ki, \u0259li xalq\u0131n qan\u0131na batm\u0131\u015f Sovet h\u00f6kum\u0259ti varisl\u0259ri il\u0259 koalisiya onlar\u0131 da n\u00fcfuzdan salar. Bel\u0259, onsuz da hakimiyy\u0259t\u0259 g\u0259lm\u0259k imkanlar\u0131 var. Bu arqumentl\u0259r onlara M\u00fct\u0259llibovla koalisiyan\u0131n \u0259leyhin\u0259 s\u0259s toplama\u011fa k\u00f6m\u0259k etdi.\n<\/p>\n<p>\n  M\u00fcdriklik \u00e7atm\u0131rd\u0131. Sad\u0259c\u0259, siyasi m\u00fcdriklik. AXC elitas\u0131 v\u0259t\u0259np\u0259rv\u0259r v\u0259 c\u0259sur idi. Ultrasa\u011f\u00e7\u0131 m\u00f6vqed\u0259n \u00e7\u0131x\u0131\u015f edirdi. Liberal qanad adlanan qrupun b\u00f6y\u00fck k\u0259simi, h\u0259tta liderl\u0259rind\u0259n b\u0259zil\u0259ri bu g\u00fcn d\u0259 mill\u0259t\u00e7i m\u00f6vqeyind\u0259n \u00e7\u0131x\u0131\u015f edirl\u0259r. Amma b\u00fct\u00fcn bunlar mill\u0259t \u00fc\u00e7\u00fcn optimal q\u0259rarlar verm\u0259y\u0259 b\u0259s etmirdi. Ayaz M\u00fct\u0259llibovun komandas\u0131nda da eyni problem h\u00f6km s\u00fcr\u00fcrd\u00fc. Bunu dem\u0259kd\u0259n \u00e7\u0259kinm\u0259k laz\u0131m deyil.\n<\/p>\n<p>\n  Xainl\u0259r v\u0259 k\u0259mf\u00fcrs\u0259tl\u0259r \u00fc\u00e7\u00fcn m\u0259hz bu c\u00fcr situasiyalar imkanlar yarad\u0131r. Heyd\u0259r \u018fliyev d\u0259 bu ziddiyy\u0259tin d\u0259rinl\u0259\u015fm\u0259sind\u0259 insan a\u011fl\u0131na g\u0259lm\u0259y\u0259n \u00fcsullardan v\u0259 kommunist h\u00f6kum\u0259td\u0259ki adamlar\u0131ndan istifad\u0259 edirdi. AXC-d\u0259 onun adam\u0131 yerl\u0259\u015fdimi?\n<\/p>\n<p>\n  Bunu Nem\u0259t P\u0259nahl\u0131 daha yax\u015f\u0131 bil\u0259r&#8230;\n<\/p>\n<p>\n  <b><br \/>\n    P.S. Bu m\u0259qal\u0259 Az\u0259rbaycan\u0131n 1991-2002, 2002-2014-c\u00fc ill\u0259rind\u0259n b\u0259hs ed\u0259n \u201cAntiqay\u0131d\u0131\u015f\u201d s\u0259n\u0259dli filminin ssenarisidir. Ard\u0131 var&#8230;<br \/>\n  <\/b><\/p>\n","protected":false},"excerpt":{"rendered":"<p>Nem\u0259t P\u0259nahl\u0131 yax\u015f\u0131 bil\u0259r&#8230;<\/p>\n","protected":false},"author":11,"featured_media":32096,"comment_status":"closed","ping_status":"open","sticky":false,"template":"","format":"standard","meta":{"_acf_changed":false,"_sitemap_exclude":false,"_sitemap_priority":"","_sitemap_frequency":"","footnotes":""},"categories":[57],"tags":[],"class_list":["post-169562","post","type-post","status-publish","format-standard","has-post-thumbnail","hentry","category-menim-fikrimce","infinite-scroll-item","generate-columns","tablet-grid-50","mobile-grid-100","grid-parent","grid-33","no-featured-image-padding"],"acf":[],"yoast_head":"<!-- This site is optimized with the Yoast SEO plugin v27.5 - https:\/\/yoast.com\/product\/yoast-seo-wordpress\/ -->\n<title>Qan g\u00f6l\u00fcn\u00fcn bal\u0131q\u00e7\u0131s\u0131 - MEYDAN.TV<\/title>\n<meta name=\"robots\" content=\"index, follow, max-snippet:-1, max-image-preview:large, max-video-preview:-1\" \/>\n<link rel=\"canonical\" href=\"https:\/\/www.meydan.tv\/az\/article\/qan-golunun-baliqcisi\/\" \/>\n<meta property=\"og:locale\" content=\"az_AZ\" \/>\n<meta property=\"og:type\" content=\"article\" \/>\n<meta property=\"og:title\" content=\"Qan g\u00f6l\u00fcn\u00fcn bal\u0131q\u00e7\u0131s\u0131 - MEYDAN.TV\" \/>\n<meta property=\"og:description\" content=\"Nem\u0259t P\u0259nahl\u0131 yax\u015f\u0131 bil\u0259r...\" \/>\n<meta property=\"og:url\" content=\"https:\/\/www.meydan.tv\/az\/article\/qan-golunun-baliqcisi\/\" \/>\n<meta property=\"og:site_name\" content=\"MEYDAN.TV\" \/>\n<meta property=\"article:published_time\" content=\"2015-08-20T20:55:32+00:00\" \/>\n<meta property=\"og:image\" content=\"https:\/\/www.meydan.tv\/wp-content\/uploads\/11952.jpg\" \/>\n\t<meta property=\"og:image:width\" content=\"400\" \/>\n\t<meta property=\"og:image:height\" content=\"400\" \/>\n\t<meta property=\"og:image:type\" content=\"image\/jpeg\" \/>\n<meta name=\"author\" content=\"user-manager\" \/>\n<meta name=\"twitter:card\" content=\"summary_large_image\" \/>\n<script type=\"application\/ld+json\" class=\"yoast-schema-graph\">{\"@context\":\"https:\\\/\\\/schema.org\",\"@graph\":[{\"@type\":\"Article\",\"@id\":\"https:\\\/\\\/www.meydan.tv\\\/az\\\/article\\\/qan-golunun-baliqcisi\\\/#article\",\"isPartOf\":{\"@id\":\"https:\\\/\\\/www.meydan.tv\\\/az\\\/article\\\/qan-golunun-baliqcisi\\\/\"},\"author\":{\"name\":\"user-manager\",\"@id\":\"https:\\\/\\\/www.meydan.tv\\\/az\\\/#\\\/schema\\\/person\\\/10d11eccf6da3662cf5fdab9806ea91a\"},\"headline\":\"Qan g\u00f6l\u00fcn\u00fcn bal\u0131q\u00e7\u0131s\u0131\",\"datePublished\":\"2015-08-20T20:55:32+00:00\",\"mainEntityOfPage\":{\"@id\":\"https:\\\/\\\/www.meydan.tv\\\/az\\\/article\\\/qan-golunun-baliqcisi\\\/\"},\"wordCount\":826,\"publisher\":{\"@id\":\"https:\\\/\\\/www.meydan.tv\\\/az\\\/#organization\"},\"image\":{\"@id\":\"https:\\\/\\\/www.meydan.tv\\\/az\\\/article\\\/qan-golunun-baliqcisi\\\/#primaryimage\"},\"thumbnailUrl\":\"https:\\\/\\\/www.meydan.tv\\\/wp-content\\\/uploads\\\/11952.jpg\",\"articleSection\":[\"M\u0259nim Fikrimc\u0259\"],\"inLanguage\":\"az\"},{\"@type\":\"WebPage\",\"@id\":\"https:\\\/\\\/www.meydan.tv\\\/az\\\/article\\\/qan-golunun-baliqcisi\\\/\",\"url\":\"https:\\\/\\\/www.meydan.tv\\\/az\\\/article\\\/qan-golunun-baliqcisi\\\/\",\"name\":\"Qan g\u00f6l\u00fcn\u00fcn bal\u0131q\u00e7\u0131s\u0131 - MEYDAN.TV\",\"isPartOf\":{\"@id\":\"https:\\\/\\\/www.meydan.tv\\\/az\\\/#website\"},\"primaryImageOfPage\":{\"@id\":\"https:\\\/\\\/www.meydan.tv\\\/az\\\/article\\\/qan-golunun-baliqcisi\\\/#primaryimage\"},\"image\":{\"@id\":\"https:\\\/\\\/www.meydan.tv\\\/az\\\/article\\\/qan-golunun-baliqcisi\\\/#primaryimage\"},\"thumbnailUrl\":\"https:\\\/\\\/www.meydan.tv\\\/wp-content\\\/uploads\\\/11952.jpg\",\"datePublished\":\"2015-08-20T20:55:32+00:00\",\"breadcrumb\":{\"@id\":\"https:\\\/\\\/www.meydan.tv\\\/az\\\/article\\\/qan-golunun-baliqcisi\\\/#breadcrumb\"},\"inLanguage\":\"az\",\"potentialAction\":[{\"@type\":\"ReadAction\",\"target\":[\"https:\\\/\\\/www.meydan.tv\\\/az\\\/article\\\/qan-golunun-baliqcisi\\\/\"]}]},{\"@type\":\"ImageObject\",\"inLanguage\":\"az\",\"@id\":\"https:\\\/\\\/www.meydan.tv\\\/az\\\/article\\\/qan-golunun-baliqcisi\\\/#primaryimage\",\"url\":\"https:\\\/\\\/www.meydan.tv\\\/wp-content\\\/uploads\\\/11952.jpg\",\"contentUrl\":\"https:\\\/\\\/www.meydan.tv\\\/wp-content\\\/uploads\\\/11952.jpg\",\"width\":400,\"height\":400,\"caption\":\"Source:\"},{\"@type\":\"BreadcrumbList\",\"@id\":\"https:\\\/\\\/www.meydan.tv\\\/az\\\/article\\\/qan-golunun-baliqcisi\\\/#breadcrumb\",\"itemListElement\":[{\"@type\":\"ListItem\",\"position\":1,\"name\":\"Ana s\u0259hif\u0259\",\"item\":\"https:\\\/\\\/www.meydan.tv\\\/az\\\/\"},{\"@type\":\"ListItem\",\"position\":2,\"name\":\"M\u0259nim Fikrimc\u0259\",\"item\":\"https:\\\/\\\/www.meydan.tv\\\/az\\\/section\\\/menim-fikrimce\\\/\"},{\"@type\":\"ListItem\",\"position\":3,\"name\":\"Qan g\u00f6l\u00fcn\u00fcn bal\u0131q\u00e7\u0131s\u0131\"}]},{\"@type\":\"WebSite\",\"@id\":\"https:\\\/\\\/www.meydan.tv\\\/az\\\/#website\",\"url\":\"https:\\\/\\\/www.meydan.tv\\\/az\\\/\",\"name\":\"MEYDAN.TV\",\"description\":\"Meydan TV Az\u0259rbaycan\u0131n media m\u0259kan\u0131ndak\u0131 alternativ s\u0259sidir\",\"publisher\":{\"@id\":\"https:\\\/\\\/www.meydan.tv\\\/az\\\/#organization\"},\"potentialAction\":[{\"@type\":\"SearchAction\",\"target\":{\"@type\":\"EntryPoint\",\"urlTemplate\":\"https:\\\/\\\/www.meydan.tv\\\/az\\\/?s={search_term_string}\"},\"query-input\":{\"@type\":\"PropertyValueSpecification\",\"valueRequired\":true,\"valueName\":\"search_term_string\"}}],\"inLanguage\":\"az\"},{\"@type\":\"Organization\",\"@id\":\"https:\\\/\\\/www.meydan.tv\\\/az\\\/#organization\",\"name\":\"Meydan TV\",\"url\":\"https:\\\/\\\/www.meydan.tv\\\/az\\\/\",\"logo\":{\"@type\":\"ImageObject\",\"inLanguage\":\"az\",\"@id\":\"https:\\\/\\\/www.meydan.tv\\\/az\\\/#\\\/schema\\\/logo\\\/image\\\/\",\"url\":\"https:\\\/\\\/www.meydan.tv\\\/wp-content\\\/uploads\\\/2021\\\/07\\\/meydan-logo.svg\",\"contentUrl\":\"https:\\\/\\\/www.meydan.tv\\\/wp-content\\\/uploads\\\/2021\\\/07\\\/meydan-logo.svg\",\"width\":195,\"height\":46,\"caption\":\"Meydan TV\"},\"image\":{\"@id\":\"https:\\\/\\\/www.meydan.tv\\\/az\\\/#\\\/schema\\\/logo\\\/image\\\/\"}},{\"@type\":\"Person\",\"@id\":\"https:\\\/\\\/www.meydan.tv\\\/az\\\/#\\\/schema\\\/person\\\/10d11eccf6da3662cf5fdab9806ea91a\",\"name\":\"user-manager\"}]}<\/script>\n<!-- \/ Yoast SEO plugin. -->","yoast_head_json":{"title":"Qan g\u00f6l\u00fcn\u00fcn bal\u0131q\u00e7\u0131s\u0131 - MEYDAN.TV","robots":{"index":"index","follow":"follow","max-snippet":"max-snippet:-1","max-image-preview":"max-image-preview:large","max-video-preview":"max-video-preview:-1"},"canonical":"https:\/\/www.meydan.tv\/az\/article\/qan-golunun-baliqcisi\/","og_locale":"az_AZ","og_type":"article","og_title":"Qan g\u00f6l\u00fcn\u00fcn bal\u0131q\u00e7\u0131s\u0131 - MEYDAN.TV","og_description":"Nem\u0259t P\u0259nahl\u0131 yax\u015f\u0131 bil\u0259r...","og_url":"https:\/\/www.meydan.tv\/az\/article\/qan-golunun-baliqcisi\/","og_site_name":"MEYDAN.TV","article_published_time":"2015-08-20T20:55:32+00:00","og_image":[{"width":400,"height":400,"url":"https:\/\/www.meydan.tv\/wp-content\/uploads\/11952.jpg","type":"image\/jpeg"}],"author":"user-manager","twitter_card":"summary_large_image","schema":{"@context":"https:\/\/schema.org","@graph":[{"@type":"Article","@id":"https:\/\/www.meydan.tv\/az\/article\/qan-golunun-baliqcisi\/#article","isPartOf":{"@id":"https:\/\/www.meydan.tv\/az\/article\/qan-golunun-baliqcisi\/"},"author":{"name":"user-manager","@id":"https:\/\/www.meydan.tv\/az\/#\/schema\/person\/10d11eccf6da3662cf5fdab9806ea91a"},"headline":"Qan g\u00f6l\u00fcn\u00fcn bal\u0131q\u00e7\u0131s\u0131","datePublished":"2015-08-20T20:55:32+00:00","mainEntityOfPage":{"@id":"https:\/\/www.meydan.tv\/az\/article\/qan-golunun-baliqcisi\/"},"wordCount":826,"publisher":{"@id":"https:\/\/www.meydan.tv\/az\/#organization"},"image":{"@id":"https:\/\/www.meydan.tv\/az\/article\/qan-golunun-baliqcisi\/#primaryimage"},"thumbnailUrl":"https:\/\/www.meydan.tv\/wp-content\/uploads\/11952.jpg","articleSection":["M\u0259nim Fikrimc\u0259"],"inLanguage":"az"},{"@type":"WebPage","@id":"https:\/\/www.meydan.tv\/az\/article\/qan-golunun-baliqcisi\/","url":"https:\/\/www.meydan.tv\/az\/article\/qan-golunun-baliqcisi\/","name":"Qan g\u00f6l\u00fcn\u00fcn bal\u0131q\u00e7\u0131s\u0131 - MEYDAN.TV","isPartOf":{"@id":"https:\/\/www.meydan.tv\/az\/#website"},"primaryImageOfPage":{"@id":"https:\/\/www.meydan.tv\/az\/article\/qan-golunun-baliqcisi\/#primaryimage"},"image":{"@id":"https:\/\/www.meydan.tv\/az\/article\/qan-golunun-baliqcisi\/#primaryimage"},"thumbnailUrl":"https:\/\/www.meydan.tv\/wp-content\/uploads\/11952.jpg","datePublished":"2015-08-20T20:55:32+00:00","breadcrumb":{"@id":"https:\/\/www.meydan.tv\/az\/article\/qan-golunun-baliqcisi\/#breadcrumb"},"inLanguage":"az","potentialAction":[{"@type":"ReadAction","target":["https:\/\/www.meydan.tv\/az\/article\/qan-golunun-baliqcisi\/"]}]},{"@type":"ImageObject","inLanguage":"az","@id":"https:\/\/www.meydan.tv\/az\/article\/qan-golunun-baliqcisi\/#primaryimage","url":"https:\/\/www.meydan.tv\/wp-content\/uploads\/11952.jpg","contentUrl":"https:\/\/www.meydan.tv\/wp-content\/uploads\/11952.jpg","width":400,"height":400,"caption":"Source:"},{"@type":"BreadcrumbList","@id":"https:\/\/www.meydan.tv\/az\/article\/qan-golunun-baliqcisi\/#breadcrumb","itemListElement":[{"@type":"ListItem","position":1,"name":"Ana s\u0259hif\u0259","item":"https:\/\/www.meydan.tv\/az\/"},{"@type":"ListItem","position":2,"name":"M\u0259nim Fikrimc\u0259","item":"https:\/\/www.meydan.tv\/az\/section\/menim-fikrimce\/"},{"@type":"ListItem","position":3,"name":"Qan g\u00f6l\u00fcn\u00fcn bal\u0131q\u00e7\u0131s\u0131"}]},{"@type":"WebSite","@id":"https:\/\/www.meydan.tv\/az\/#website","url":"https:\/\/www.meydan.tv\/az\/","name":"MEYDAN.TV","description":"Meydan TV Az\u0259rbaycan\u0131n media m\u0259kan\u0131ndak\u0131 alternativ s\u0259sidir","publisher":{"@id":"https:\/\/www.meydan.tv\/az\/#organization"},"potentialAction":[{"@type":"SearchAction","target":{"@type":"EntryPoint","urlTemplate":"https:\/\/www.meydan.tv\/az\/?s={search_term_string}"},"query-input":{"@type":"PropertyValueSpecification","valueRequired":true,"valueName":"search_term_string"}}],"inLanguage":"az"},{"@type":"Organization","@id":"https:\/\/www.meydan.tv\/az\/#organization","name":"Meydan TV","url":"https:\/\/www.meydan.tv\/az\/","logo":{"@type":"ImageObject","inLanguage":"az","@id":"https:\/\/www.meydan.tv\/az\/#\/schema\/logo\/image\/","url":"https:\/\/www.meydan.tv\/wp-content\/uploads\/2021\/07\/meydan-logo.svg","contentUrl":"https:\/\/www.meydan.tv\/wp-content\/uploads\/2021\/07\/meydan-logo.svg","width":195,"height":46,"caption":"Meydan TV"},"image":{"@id":"https:\/\/www.meydan.tv\/az\/#\/schema\/logo\/image\/"}},{"@type":"Person","@id":"https:\/\/www.meydan.tv\/az\/#\/schema\/person\/10d11eccf6da3662cf5fdab9806ea91a","name":"user-manager"}]}},"_links":{"self":[{"href":"https:\/\/www.meydan.tv\/az\/wp-json\/wp\/v2\/posts\/169562","targetHints":{"allow":["GET"]}}],"collection":[{"href":"https:\/\/www.meydan.tv\/az\/wp-json\/wp\/v2\/posts"}],"about":[{"href":"https:\/\/www.meydan.tv\/az\/wp-json\/wp\/v2\/types\/post"}],"author":[{"embeddable":true,"href":"https:\/\/www.meydan.tv\/az\/wp-json\/wp\/v2\/users\/11"}],"replies":[{"embeddable":true,"href":"https:\/\/www.meydan.tv\/az\/wp-json\/wp\/v2\/comments?post=169562"}],"version-history":[{"count":0,"href":"https:\/\/www.meydan.tv\/az\/wp-json\/wp\/v2\/posts\/169562\/revisions"}],"wp:featuredmedia":[{"embeddable":true,"href":"https:\/\/www.meydan.tv\/az\/wp-json\/wp\/v2\/media\/32096"}],"wp:attachment":[{"href":"https:\/\/www.meydan.tv\/az\/wp-json\/wp\/v2\/media?parent=169562"}],"wp:term":[{"taxonomy":"category","embeddable":true,"href":"https:\/\/www.meydan.tv\/az\/wp-json\/wp\/v2\/categories?post=169562"},{"taxonomy":"post_tag","embeddable":true,"href":"https:\/\/www.meydan.tv\/az\/wp-json\/wp\/v2\/tags?post=169562"}],"curies":[{"name":"wp","href":"https:\/\/api.w.org\/{rel}","templated":true}]}}