{"id":169491,"date":"2015-08-16T16:54:20","date_gmt":"2015-08-16T16:54:20","guid":{"rendered":"https:\/\/www.meydan.tv\/article\/o-qeder-arzularimiz-vardi\/"},"modified":"2015-08-16T16:54:20","modified_gmt":"2015-08-16T16:54:20","slug":"o-qeder-arzularimiz-vardi","status":"publish","type":"post","link":"https:\/\/www.meydan.tv\/az\/article\/o-qeder-arzularimiz-vardi\/","title":{"rendered":"O q\u0259d\u0259r arzular\u0131m\u0131z vard\u0131"},"content":{"rendered":"<figure class=\"wp-block-image size-large\">\n  <img decoding=\"async\" src=\"https:\/\/www.meydan.tv\/az\/31795\/\" alt=\"\" class=\"wp-image-31795\"\/><figcaption><\/figcaption><\/figure>\n<figure class=\"wp-block-image size-large\">\n  <img decoding=\"async\" src=\"https:\/\/www.meydan.tv\/az\/31798\/\" alt=\"\" class=\"wp-image-31798\"\/><figcaption><\/figcaption><\/figure>\n<p>\n  Bu g\u00fcn s\u0259nin ad g\u00fcn\u00fcnd\u00fcr. Ya\u015fasayd\u0131n, 31 ya\u015f\u0131n tamam olacaqd\u0131. \u018fziz dostum, s\u0259nin \u00f6l\u00fcm\u00fcnl\u0259 he\u00e7 zaman bar\u0131\u015fmayaca\u011fam. N\u0259 q\u0259d\u0259r q\u0259rib\u0259 olsa da, h\u0259l\u0259 d\u0259 dilim g\u0259lmir s\u0259n\u0259 \u201cAllah r\u0259hm\u0259t el\u0259sin\u201d dem\u0259y\u0259. D\u0259fn m\u0259rasimind\u0259 d\u0259 bu s\u00f6zl\u0259ri e\u015fid\u0259nd\u0259 \u00e7ox q\u0259rib\u0259 hissl\u0259r ke\u00e7irirdim. Nec\u0259 y\u0259ni \u201cAllah R\u0259hm\u0259t el\u0259sin\u201d? B\u0259y\u0259m Rasim \u00f6l\u00fcb?\n<\/p>\n<p>\n  H\u0259l\u0259 d\u0259 q\u0259bul ed\u0259 bilmir\u0259m s\u0259nin \u00f6l\u00fcm\u00fcn\u00fc. El\u0259 bilir\u0259m harasa getmis\u0259n v\u0259 qay\u0131dacaqsan. S\u0259n etibarl\u0131 dost idin &#8211; h\u0259r sirrimi, d\u0259rdimi b\u00f6l\u00fc\u015f\u0259 bil\u0259c\u0259yim bir dost. H\u0259mi\u015f\u0259 uzun s\u00f6hb\u0259tl\u0259rd\u0259n sonra s\u0259nd\u0259n soru\u015fard\u0131m ki, Rasim b\u0259s g\u00f6r\u0259s\u0259n b\u00fct\u00fcn bu i\u015fl\u0259rin ax\u0131r\u0131 nec\u0259 olacaq? &#8220;Fikir el\u0259m\u0259, d\u00fcz\u0259l\u0259c\u0259k, yax\u015f\u0131 olacaq&#8221; deyirdin. \u00c7ox optimist idin. H\u0259tta b\u0259z\u0259n \u0259hval\u0131m\u0131 d\u00fcz\u0259ltm\u0259k \u00fc\u00e7\u00fcn \u201cG\u00fcz\u0259l g\u00fcnl\u0259r g\u00f6r\u0259c\u0259yik, \u00e7ocuklar\u201d mahn\u0131s\u0131n\u0131 da oxuyard\u0131n.\n<\/p>\n<p>\n  B\u0259lk\u0259 d\u0259, biz g\u00f6z\u0259l g\u00fcnl\u0259r g\u00f6r\u0259c\u0259yik. H\u0259r\u00e7\u0259nd, he\u00e7 bir \u00fcmidim qalmay\u0131b buna. Bu \u00f6lk\u0259d\u0259 g\u00f6z\u0259l g\u00fcn g\u00f6rm\u0259k m\u00fc\u015fk\u00fcl m\u0259s\u0259l\u0259dir. B\u0259s s\u0259n? Ax\u0131 s\u0259n\u0259 nec\u0259 q\u0131yd\u0131lar? S\u0259n \u00f6lm\u0259k ist\u0259mirdin. O q\u0259d\u0259r arzular\u0131n, o q\u0259d\u0259r planlar\u0131n var idi ki. Biz dostlar\u0131n toyuna getm\u0259yi planla\u015fd\u0131r\u0131rd\u0131q. S\u0259n ev tikirdin \u00f6z\u00fcn\u0259. \u201cEvi tikim, qurtaran kimi ail\u0259 quracam\u201d- deyirdin .\n<\/p>\n<p>\n  H\u0259r \u015feyi yar\u0131m\u00e7\u0131q qoydular. Evin d\u0259 qap\u0131s\u0131z-bacas\u0131z qald\u0131. Arzular o q\u0259d\u0259r idi ki, saymaqla bitm\u0259z, amma arzular\u0131m\u0131z\u0131 g\u00f6z\u00fcm\u00fczd\u0259 qoydular. S\u0259ni d\u00f6y\u0259r\u0259k \u00f6ld\u00fcrd\u00fcl\u0259r. S\u0259nin \u00f6l\u00fcm\u00fcnd\u0259 t\u0259qsirli bilin\u0259nl\u0259r s\u0259nin dediyin kimi t\u0259kc\u0259 t\u0259rbiy\u0259siz deyildil\u0259r. Onlar h\u0259md\u0259 vicdans\u0131z, qans\u0131z, amans\u0131z, v\u0259h\u015fi idil\u0259r. Bel\u0259l\u0259rinin futbolda qazand\u0131\u011f\u0131 q\u0259l\u0259b\u0259l\u0259r, etdikl\u0259ri q\u0259hr\u0259manl\u0131qlar biz\u0259 laz\u0131m deyil. D\u00f6vl\u0259t idman sah\u0259sin\u0259, idman\u00e7\u0131lara milyonlar x\u0259rcl\u0259yir.\n<\/p>\n<p>\n  Bu yerd\u0259 Sokrat\u0131n bu s\u00f6zl\u0259ri yerin\u0259 d\u00fc\u015f\u00fcr. &#8220;M\u0259ni h\u0259mi\u015f\u0259 t\u0259cc\u00fcbl\u0259ndirirdi ki, bayramlarda v\u0259 atletl\u0259rin, p\u0259hl\u0259vanlar\u0131n yar\u0131\u015flar\u0131nda yar\u0131\u015flar\u0131nda qalibl\u0259r\u0259 b\u00f6y\u00fck m\u00fckafatlar verirl\u0259r. \u00dcmumi rifah \u00fc\u00e7\u00fcn c\u0259rim\u0259 \u00e7\u0259k\u0259nl\u0259r\u0259, yaln\u0131z \u00f6z\u00fcn\u0259 deyil, h\u0259m d\u0259 c\u0259miyy\u0259t\u0259 faydal\u0131 olma\u011fa \u00e7al\u0131\u015fanlara n\u0259 m\u00fckafat verirl\u0259r, n\u0259 d\u0259 h\u00f6rm\u0259tl\u0259 yada sal\u0131rlar. Halbuki, onlar ehtirama daha \u00e7ox layiqdirl\u0259r. Zira atletl\u0259r ikiqat g\u00fccl\u00fc olsalar bel\u0259, he\u00e7 k\u0259s\u0259 fayda g\u0259tirm\u0259y\u0259c\u0259kl\u0259r. D\u00fc\u015f\u00fcn\u0259n insan is\u0259 onun fikirl\u0259rinin b\u0259hr\u0259l\u0259rin\u0259 qo\u015fulmaq ist\u0259y\u0259n ham\u0131s\u0131na faydal\u0131d\u0131r\u201d.\n<\/p>\n<p>\n  S\u0259n g\u00f6rd\u00fcy\u00fcn i\u015fl\u0259 Az\u0259rbaycan \u00fc\u00e7\u00fcn faydal\u0131 biri idin. H\u0259mi\u015f\u0259 m\u00fcbariz\u0259 meydan\u0131nda idin. Professional reportyor, \u0259sl jurnalist idin. N\u0259 q\u0259d\u0259r mitinql\u0259rd\u0259, aksiyalarda, m\u0259hk\u0259m\u0259l\u0259rd\u0259 birlikd\u0259 i\u015fl\u0259mi\u015fik. \u00c7ox s\u0259birli v\u0259 t\u0259mkinli idin. H\u0259mi\u015f\u0259 birlikd\u0259 i\u015fl\u0259diyin xan\u0131mlara \u201cm\u00fc\u0259llim\u0259\u201d dey\u0259 m\u00fcraci\u0259t edirdin. M\u0259n\u0259 d\u0259 tez- tez bel\u0259 m\u00fcraci\u0259t edirdin. \u00c7ox xo\u015fuma g\u0259lirdi s\u0259nin m\u0259n\u0259 bel\u0259 m\u00fcraci\u0259t etm\u0259yin. H\u0259tta s\u0259ni \u00e7ox \u0259s\u0259bl\u0259\u015fdir\u0259nd\u0259 bel\u0259 \u00f6z\u00fcnd\u0259n \u00e7\u0131xm\u0131rd\u0131n. \u201cAy u\u015faq\u201d deyib ba\u015flay\u0131rd\u0131n n\u0259s\u0259 izah el\u0259m\u0259y\u0259.\n<\/p>\n<p>\n  S\u0259nin \u00e7ox b\u00f6y\u00fck \u00fcr\u0259yin vard\u0131. S\u0259n b\u00fct\u00fcn q\u0259lbinl\u0259 v\u0259t\u0259nin\u0259 ba\u011fl\u0131 idin . V\u0259t\u0259nind\u0259 olan b\u00fct\u00fcn haqs\u0131zl\u0131qlara, b\u00fct\u00fcn \u00e7\u0259tinlikl\u0259r\u0259 baxmayaraq, onu qar\u015f\u0131l\u0131qs\u0131z \u00e7ox sevirdin. S\u0259nin kimi namuslu, d\u00fcr\u00fcst, vicdanl\u0131, \u015f\u0259r\u0259fli, c\u0259sar\u0259tli o\u011fullara bu \u00f6lk\u0259nin ehtiyac\u0131 var. Amma bu \u00f6lk\u0259d\u0259 s\u0259nin kimil\u0259rin qiym\u0259ti s\u0131f\u0131ra b\u0259rab\u0259rdi.S\u0259nin yegan\u0259 m\u0259nfi x\u00fcsusiyy\u0259tin gecikm\u0259k idi. H\u0259mi\u015f\u0259, h\u0259r yer\u0259 gecikirdin. G\u00f6z\u00fcm\u00fcz yollarda qal\u0131rd\u0131 . \u0130ndi is\u0259 bir \u00f6m\u00fcr boyu g\u00f6zl\u0259y\u0259c\u0259yik s\u0259ni.\n<\/p>\n<p>\n  S\u0259nin \u00f6l\u00fcm\u00fcnl\u0259 bu \u00f6lk\u0259d\u0259 s\u0259hiyy\u0259 sisteminin b\u0259rbad g\u00fcnd\u0259 oldu\u011funa bir daha \u0259min olduq. Rasimin \u00f6l\u00fcm\u00fcn\u0259 h\u0259kimin vaxt\u0131nda m\u00fcdaxil\u0259 etm\u0259m\u0259si d\u0259 s\u0259b\u0259b oldu. Amma n\u0259 olsun ki, s\u0259nin \u00f6l\u00fcm\u00fcnd\u0259n bir ne\u00e7\u0259 g\u00fcn sonra S\u0259hiyy\u0259 Nazirin\u0259 \u201c\u015e\u0259r\u0259f ordeni\u201d verdil\u0259r. S\u0259hiyy\u0259ni z\u0259lil g\u00fcn\u0259 qoyanlar m\u00fckafatland\u0131r\u0131ld\u0131. Rasim kimi h\u0259yat\u0131n\u0131 xilas etm\u0259k m\u00fcmk\u00fcn olan insanlar\u0131 h\u0259yata qaytarmad\u0131qlar\u0131na g\u00f6r\u0259.\n<\/p>\n<p>\n  S\u0259nin kimi dostu itirm\u0259k \u00e7ox a\u011f\u0131rd\u0131. S\u0259n i\u015finl\u0259, davran\u0131\u015f\u0131nla h\u0259r k\u0259s\u0259 yax\u015f\u0131 bir \u00f6rn\u0259k idin. \u0130ndi m\u0259nim v\u0259 dig\u0259r dostlar\u0131n\u0131n \u00fcz\u0259rin\u0259 d\u00fc\u015f\u0259n s\u0259nin yolunu, i\u015fini davam etdirm\u0259kdi. Nur i\u00e7ind\u0259 yat, dostum. S\u0259ni he\u00e7 zaman unutmayaca\u011f\u0131q!\n<\/p>\n<p>\n  Ad G\u00fcn\u00fcn M\u00fcbar\u0259k!\n<\/p>\n<p>\n  <b><br \/>\n    Yaz\u0131 m\u00fc\u0259llifin \u015f\u0259xsi m\u00f6vqeyini \u0259ks etdirir&#8230;<br \/>\n  <\/b><\/p>\n","protected":false},"excerpt":{"rendered":"<p>B\u0259lk\u0259 d\u0259, o g\u00fcnl\u0259ri g\u00f6r\u0259c\u0259yik&#8230;<\/p>\n","protected":false},"author":11,"featured_media":31795,"comment_status":"closed","ping_status":"open","sticky":false,"template":"","format":"standard","meta":{"_acf_changed":false,"_sitemap_exclude":false,"_sitemap_priority":"","_sitemap_frequency":"","footnotes":""},"categories":[57],"tags":[],"class_list":["post-169491","post","type-post","status-publish","format-standard","has-post-thumbnail","hentry","category-menim-fikrimce","infinite-scroll-item","generate-columns","tablet-grid-50","mobile-grid-100","grid-parent","grid-33","no-featured-image-padding"],"acf":[],"yoast_head":"<!-- This site is optimized with the Yoast SEO plugin v27.5 - https:\/\/yoast.com\/product\/yoast-seo-wordpress\/ -->\n<title>O q\u0259d\u0259r arzular\u0131m\u0131z vard\u0131 - MEYDAN.TV<\/title>\n<meta name=\"robots\" content=\"index, follow, max-snippet:-1, max-image-preview:large, max-video-preview:-1\" \/>\n<link rel=\"canonical\" href=\"https:\/\/www.meydan.tv\/az\/article\/o-qeder-arzularimiz-vardi\/\" \/>\n<meta property=\"og:locale\" content=\"az_AZ\" \/>\n<meta property=\"og:type\" content=\"article\" \/>\n<meta property=\"og:title\" content=\"O q\u0259d\u0259r arzular\u0131m\u0131z vard\u0131 - MEYDAN.TV\" \/>\n<meta property=\"og:description\" content=\"B\u0259lk\u0259 d\u0259, o g\u00fcnl\u0259ri g\u00f6r\u0259c\u0259yik...\" \/>\n<meta property=\"og:url\" content=\"https:\/\/www.meydan.tv\/az\/article\/o-qeder-arzularimiz-vardi\/\" \/>\n<meta property=\"og:site_name\" content=\"MEYDAN.TV\" \/>\n<meta property=\"article:published_time\" content=\"2015-08-16T16:54:20+00:00\" \/>\n<meta property=\"og:image\" content=\"https:\/\/www.meydan.tv\/wp-content\/uploads\/11838.jpg\" \/>\n\t<meta property=\"og:image:width\" content=\"500\" \/>\n\t<meta property=\"og:image:height\" content=\"500\" \/>\n\t<meta property=\"og:image:type\" content=\"image\/jpeg\" \/>\n<meta name=\"author\" content=\"user-manager\" \/>\n<meta name=\"twitter:card\" content=\"summary_large_image\" \/>\n<script type=\"application\/ld+json\" class=\"yoast-schema-graph\">{\"@context\":\"https:\\\/\\\/schema.org\",\"@graph\":[{\"@type\":\"Article\",\"@id\":\"https:\\\/\\\/www.meydan.tv\\\/az\\\/article\\\/o-qeder-arzularimiz-vardi\\\/#article\",\"isPartOf\":{\"@id\":\"https:\\\/\\\/www.meydan.tv\\\/az\\\/article\\\/o-qeder-arzularimiz-vardi\\\/\"},\"author\":{\"name\":\"user-manager\",\"@id\":\"https:\\\/\\\/www.meydan.tv\\\/az\\\/#\\\/schema\\\/person\\\/10d11eccf6da3662cf5fdab9806ea91a\"},\"headline\":\"O q\u0259d\u0259r arzular\u0131m\u0131z vard\u0131\",\"datePublished\":\"2015-08-16T16:54:20+00:00\",\"mainEntityOfPage\":{\"@id\":\"https:\\\/\\\/www.meydan.tv\\\/az\\\/article\\\/o-qeder-arzularimiz-vardi\\\/\"},\"wordCount\":951,\"publisher\":{\"@id\":\"https:\\\/\\\/www.meydan.tv\\\/az\\\/#organization\"},\"image\":{\"@id\":\"https:\\\/\\\/www.meydan.tv\\\/az\\\/article\\\/o-qeder-arzularimiz-vardi\\\/#primaryimage\"},\"thumbnailUrl\":\"https:\\\/\\\/www.meydan.tv\\\/wp-content\\\/uploads\\\/11838.jpg\",\"articleSection\":[\"M\u0259nim Fikrimc\u0259\"],\"inLanguage\":\"az\"},{\"@type\":\"WebPage\",\"@id\":\"https:\\\/\\\/www.meydan.tv\\\/az\\\/article\\\/o-qeder-arzularimiz-vardi\\\/\",\"url\":\"https:\\\/\\\/www.meydan.tv\\\/az\\\/article\\\/o-qeder-arzularimiz-vardi\\\/\",\"name\":\"O q\u0259d\u0259r arzular\u0131m\u0131z vard\u0131 - MEYDAN.TV\",\"isPartOf\":{\"@id\":\"https:\\\/\\\/www.meydan.tv\\\/az\\\/#website\"},\"primaryImageOfPage\":{\"@id\":\"https:\\\/\\\/www.meydan.tv\\\/az\\\/article\\\/o-qeder-arzularimiz-vardi\\\/#primaryimage\"},\"image\":{\"@id\":\"https:\\\/\\\/www.meydan.tv\\\/az\\\/article\\\/o-qeder-arzularimiz-vardi\\\/#primaryimage\"},\"thumbnailUrl\":\"https:\\\/\\\/www.meydan.tv\\\/wp-content\\\/uploads\\\/11838.jpg\",\"datePublished\":\"2015-08-16T16:54:20+00:00\",\"breadcrumb\":{\"@id\":\"https:\\\/\\\/www.meydan.tv\\\/az\\\/article\\\/o-qeder-arzularimiz-vardi\\\/#breadcrumb\"},\"inLanguage\":\"az\",\"potentialAction\":[{\"@type\":\"ReadAction\",\"target\":[\"https:\\\/\\\/www.meydan.tv\\\/az\\\/article\\\/o-qeder-arzularimiz-vardi\\\/\"]}]},{\"@type\":\"ImageObject\",\"inLanguage\":\"az\",\"@id\":\"https:\\\/\\\/www.meydan.tv\\\/az\\\/article\\\/o-qeder-arzularimiz-vardi\\\/#primaryimage\",\"url\":\"https:\\\/\\\/www.meydan.tv\\\/wp-content\\\/uploads\\\/11838.jpg\",\"contentUrl\":\"https:\\\/\\\/www.meydan.tv\\\/wp-content\\\/uploads\\\/11838.jpg\",\"width\":500,\"height\":500,\"caption\":\"Source:\"},{\"@type\":\"BreadcrumbList\",\"@id\":\"https:\\\/\\\/www.meydan.tv\\\/az\\\/article\\\/o-qeder-arzularimiz-vardi\\\/#breadcrumb\",\"itemListElement\":[{\"@type\":\"ListItem\",\"position\":1,\"name\":\"Ana s\u0259hif\u0259\",\"item\":\"https:\\\/\\\/www.meydan.tv\\\/az\\\/\"},{\"@type\":\"ListItem\",\"position\":2,\"name\":\"M\u0259nim Fikrimc\u0259\",\"item\":\"https:\\\/\\\/www.meydan.tv\\\/az\\\/section\\\/menim-fikrimce\\\/\"},{\"@type\":\"ListItem\",\"position\":3,\"name\":\"O q\u0259d\u0259r arzular\u0131m\u0131z vard\u0131\"}]},{\"@type\":\"WebSite\",\"@id\":\"https:\\\/\\\/www.meydan.tv\\\/az\\\/#website\",\"url\":\"https:\\\/\\\/www.meydan.tv\\\/az\\\/\",\"name\":\"MEYDAN.TV\",\"description\":\"Meydan TV Az\u0259rbaycan\u0131n media m\u0259kan\u0131ndak\u0131 alternativ s\u0259sidir\",\"publisher\":{\"@id\":\"https:\\\/\\\/www.meydan.tv\\\/az\\\/#organization\"},\"potentialAction\":[{\"@type\":\"SearchAction\",\"target\":{\"@type\":\"EntryPoint\",\"urlTemplate\":\"https:\\\/\\\/www.meydan.tv\\\/az\\\/?s={search_term_string}\"},\"query-input\":{\"@type\":\"PropertyValueSpecification\",\"valueRequired\":true,\"valueName\":\"search_term_string\"}}],\"inLanguage\":\"az\"},{\"@type\":\"Organization\",\"@id\":\"https:\\\/\\\/www.meydan.tv\\\/az\\\/#organization\",\"name\":\"Meydan TV\",\"url\":\"https:\\\/\\\/www.meydan.tv\\\/az\\\/\",\"logo\":{\"@type\":\"ImageObject\",\"inLanguage\":\"az\",\"@id\":\"https:\\\/\\\/www.meydan.tv\\\/az\\\/#\\\/schema\\\/logo\\\/image\\\/\",\"url\":\"https:\\\/\\\/www.meydan.tv\\\/wp-content\\\/uploads\\\/2021\\\/07\\\/meydan-logo.svg\",\"contentUrl\":\"https:\\\/\\\/www.meydan.tv\\\/wp-content\\\/uploads\\\/2021\\\/07\\\/meydan-logo.svg\",\"width\":195,\"height\":46,\"caption\":\"Meydan TV\"},\"image\":{\"@id\":\"https:\\\/\\\/www.meydan.tv\\\/az\\\/#\\\/schema\\\/logo\\\/image\\\/\"}},{\"@type\":\"Person\",\"@id\":\"https:\\\/\\\/www.meydan.tv\\\/az\\\/#\\\/schema\\\/person\\\/10d11eccf6da3662cf5fdab9806ea91a\",\"name\":\"user-manager\"}]}<\/script>\n<!-- \/ Yoast SEO plugin. -->","yoast_head_json":{"title":"O q\u0259d\u0259r arzular\u0131m\u0131z vard\u0131 - MEYDAN.TV","robots":{"index":"index","follow":"follow","max-snippet":"max-snippet:-1","max-image-preview":"max-image-preview:large","max-video-preview":"max-video-preview:-1"},"canonical":"https:\/\/www.meydan.tv\/az\/article\/o-qeder-arzularimiz-vardi\/","og_locale":"az_AZ","og_type":"article","og_title":"O q\u0259d\u0259r arzular\u0131m\u0131z vard\u0131 - MEYDAN.TV","og_description":"B\u0259lk\u0259 d\u0259, o g\u00fcnl\u0259ri g\u00f6r\u0259c\u0259yik...","og_url":"https:\/\/www.meydan.tv\/az\/article\/o-qeder-arzularimiz-vardi\/","og_site_name":"MEYDAN.TV","article_published_time":"2015-08-16T16:54:20+00:00","og_image":[{"width":500,"height":500,"url":"https:\/\/www.meydan.tv\/wp-content\/uploads\/11838.jpg","type":"image\/jpeg"}],"author":"user-manager","twitter_card":"summary_large_image","schema":{"@context":"https:\/\/schema.org","@graph":[{"@type":"Article","@id":"https:\/\/www.meydan.tv\/az\/article\/o-qeder-arzularimiz-vardi\/#article","isPartOf":{"@id":"https:\/\/www.meydan.tv\/az\/article\/o-qeder-arzularimiz-vardi\/"},"author":{"name":"user-manager","@id":"https:\/\/www.meydan.tv\/az\/#\/schema\/person\/10d11eccf6da3662cf5fdab9806ea91a"},"headline":"O q\u0259d\u0259r arzular\u0131m\u0131z vard\u0131","datePublished":"2015-08-16T16:54:20+00:00","mainEntityOfPage":{"@id":"https:\/\/www.meydan.tv\/az\/article\/o-qeder-arzularimiz-vardi\/"},"wordCount":951,"publisher":{"@id":"https:\/\/www.meydan.tv\/az\/#organization"},"image":{"@id":"https:\/\/www.meydan.tv\/az\/article\/o-qeder-arzularimiz-vardi\/#primaryimage"},"thumbnailUrl":"https:\/\/www.meydan.tv\/wp-content\/uploads\/11838.jpg","articleSection":["M\u0259nim Fikrimc\u0259"],"inLanguage":"az"},{"@type":"WebPage","@id":"https:\/\/www.meydan.tv\/az\/article\/o-qeder-arzularimiz-vardi\/","url":"https:\/\/www.meydan.tv\/az\/article\/o-qeder-arzularimiz-vardi\/","name":"O q\u0259d\u0259r arzular\u0131m\u0131z vard\u0131 - MEYDAN.TV","isPartOf":{"@id":"https:\/\/www.meydan.tv\/az\/#website"},"primaryImageOfPage":{"@id":"https:\/\/www.meydan.tv\/az\/article\/o-qeder-arzularimiz-vardi\/#primaryimage"},"image":{"@id":"https:\/\/www.meydan.tv\/az\/article\/o-qeder-arzularimiz-vardi\/#primaryimage"},"thumbnailUrl":"https:\/\/www.meydan.tv\/wp-content\/uploads\/11838.jpg","datePublished":"2015-08-16T16:54:20+00:00","breadcrumb":{"@id":"https:\/\/www.meydan.tv\/az\/article\/o-qeder-arzularimiz-vardi\/#breadcrumb"},"inLanguage":"az","potentialAction":[{"@type":"ReadAction","target":["https:\/\/www.meydan.tv\/az\/article\/o-qeder-arzularimiz-vardi\/"]}]},{"@type":"ImageObject","inLanguage":"az","@id":"https:\/\/www.meydan.tv\/az\/article\/o-qeder-arzularimiz-vardi\/#primaryimage","url":"https:\/\/www.meydan.tv\/wp-content\/uploads\/11838.jpg","contentUrl":"https:\/\/www.meydan.tv\/wp-content\/uploads\/11838.jpg","width":500,"height":500,"caption":"Source:"},{"@type":"BreadcrumbList","@id":"https:\/\/www.meydan.tv\/az\/article\/o-qeder-arzularimiz-vardi\/#breadcrumb","itemListElement":[{"@type":"ListItem","position":1,"name":"Ana s\u0259hif\u0259","item":"https:\/\/www.meydan.tv\/az\/"},{"@type":"ListItem","position":2,"name":"M\u0259nim Fikrimc\u0259","item":"https:\/\/www.meydan.tv\/az\/section\/menim-fikrimce\/"},{"@type":"ListItem","position":3,"name":"O q\u0259d\u0259r arzular\u0131m\u0131z vard\u0131"}]},{"@type":"WebSite","@id":"https:\/\/www.meydan.tv\/az\/#website","url":"https:\/\/www.meydan.tv\/az\/","name":"MEYDAN.TV","description":"Meydan TV Az\u0259rbaycan\u0131n media m\u0259kan\u0131ndak\u0131 alternativ s\u0259sidir","publisher":{"@id":"https:\/\/www.meydan.tv\/az\/#organization"},"potentialAction":[{"@type":"SearchAction","target":{"@type":"EntryPoint","urlTemplate":"https:\/\/www.meydan.tv\/az\/?s={search_term_string}"},"query-input":{"@type":"PropertyValueSpecification","valueRequired":true,"valueName":"search_term_string"}}],"inLanguage":"az"},{"@type":"Organization","@id":"https:\/\/www.meydan.tv\/az\/#organization","name":"Meydan TV","url":"https:\/\/www.meydan.tv\/az\/","logo":{"@type":"ImageObject","inLanguage":"az","@id":"https:\/\/www.meydan.tv\/az\/#\/schema\/logo\/image\/","url":"https:\/\/www.meydan.tv\/wp-content\/uploads\/2021\/07\/meydan-logo.svg","contentUrl":"https:\/\/www.meydan.tv\/wp-content\/uploads\/2021\/07\/meydan-logo.svg","width":195,"height":46,"caption":"Meydan TV"},"image":{"@id":"https:\/\/www.meydan.tv\/az\/#\/schema\/logo\/image\/"}},{"@type":"Person","@id":"https:\/\/www.meydan.tv\/az\/#\/schema\/person\/10d11eccf6da3662cf5fdab9806ea91a","name":"user-manager"}]}},"_links":{"self":[{"href":"https:\/\/www.meydan.tv\/az\/wp-json\/wp\/v2\/posts\/169491","targetHints":{"allow":["GET"]}}],"collection":[{"href":"https:\/\/www.meydan.tv\/az\/wp-json\/wp\/v2\/posts"}],"about":[{"href":"https:\/\/www.meydan.tv\/az\/wp-json\/wp\/v2\/types\/post"}],"author":[{"embeddable":true,"href":"https:\/\/www.meydan.tv\/az\/wp-json\/wp\/v2\/users\/11"}],"replies":[{"embeddable":true,"href":"https:\/\/www.meydan.tv\/az\/wp-json\/wp\/v2\/comments?post=169491"}],"version-history":[{"count":0,"href":"https:\/\/www.meydan.tv\/az\/wp-json\/wp\/v2\/posts\/169491\/revisions"}],"wp:featuredmedia":[{"embeddable":true,"href":"https:\/\/www.meydan.tv\/az\/wp-json\/wp\/v2\/media\/31795"}],"wp:attachment":[{"href":"https:\/\/www.meydan.tv\/az\/wp-json\/wp\/v2\/media?parent=169491"}],"wp:term":[{"taxonomy":"category","embeddable":true,"href":"https:\/\/www.meydan.tv\/az\/wp-json\/wp\/v2\/categories?post=169491"},{"taxonomy":"post_tag","embeddable":true,"href":"https:\/\/www.meydan.tv\/az\/wp-json\/wp\/v2\/tags?post=169491"}],"curies":[{"name":"wp","href":"https:\/\/api.w.org\/{rel}","templated":true}]}}