{"id":169484,"date":"2015-08-15T12:09:08","date_gmt":"2015-08-15T12:09:08","guid":{"rendered":"https:\/\/www.meydan.tv\/article\/ramiz-rovsen-ve-raskolnikov\/"},"modified":"2015-08-15T12:09:08","modified_gmt":"2015-08-15T12:09:08","slug":"ramiz-rovsen-ve-raskolnikov","status":"publish","type":"post","link":"https:\/\/www.meydan.tv\/az\/article\/ramiz-rovsen-ve-raskolnikov\/","title":{"rendered":"Ramiz R\u00f6v\u015f\u0259n v\u0259 Raskolnikov"},"content":{"rendered":"<figure class=\"wp-block-image size-large\">\n  <img decoding=\"async\" src=\"https:\/\/www.meydan.tv\/az\/31762\/\" alt=\"\" class=\"wp-image-31762\"\/><figcaption><\/figcaption><\/figure>\n<\/p>\n<figure class=\"wp-block-image size-large\">\n  <img decoding=\"async\" src=\"https:\/\/www.meydan.tv\/az\/31756\/\" alt=\"\" class=\"wp-image-31756\"\/><figcaption><\/figcaption><\/figure>\n<p>\n  D\u00fcn\u0259nki g\u00fcn, dey\u0259s\u0259n ictimai h\u0259yata &#8220;poeziya ax\u015fam\u0131&#8221; ovqat\u0131 il\u0259 d\u00fc\u015f\u0259si oldu. Zat\u0259n bu ovqat bizi he\u00e7 zaman t\u0259rk etmir.\n<\/p>\n<p>\n  Dem\u0259k, bir apar\u0131c\u0131 q\u0259zetimiz v\u0259t\u0259nsev\u0259r \u201cnarahat \u015fair\u201d haqda odlu-alovlu &#8220;B\u0259xtiyarl\u0131q&#8221; (Allahs\u0131zlar, he\u00e7 olmazsa m\u0259qal\u0259nin ba\u015fl\u0131\u011f\u0131n\u0131 bir az f\u0259rqli edin, bird\u0259n kims\u0259 y\u00fcz d\u0259f\u0259 deyilmi\u015f bu kli\u015feni n\u00f6vb\u0259ti d\u0259f\u0259 kopyalamaq ist\u0259y\u0259r, klaviaturada barma\u011f\u0131 s\u0259hv d\u00fc\u015f\u0259r, biab\u0131r olluq k\u00fclli-al\u0259md\u0259, n\u0259s\u0259) m\u0259qal\u0259si d\u0259rc etdi,\n<\/p>\n<p>\n  O biri t\u0259r\u0259fd\u0259n d\u0259 art\u0131q ne\u00e7\u0259 g\u00fcnd\u00fcr &#8220;zorlanm\u0131\u015f q\u0131z\u0131 sevm\u0259y\u0259 utanan&#8221; &#8220;atam balas\u0131n\u0131n&#8221; \u201cv\u0259t\u0259ni sevm\u0259yin \u00e7\u0259tin oldu\u011fu haqdak\u0131\u201d m\u0259\u015fhur \u015feiri tirajlan\u0131r, ona da atmosferd\u0259 \u201cb\u0259h-b\u0259h\u201d tipli \u015f\u0259rhl\u0259r u\u00e7u\u015furdu. Bunlar\u0131n haqq\u0131nda nec\u0259 dey\u0259rl\u0259r, \u201c\u00e7ox yaz\u0131l\u0131b, \u00e7ox deyilib, h\u0259l\u0259 bundan sonra da \u00e7ox yaz\u0131lacaq v\u0259 \u00e7ox deyil\u0259c\u0259k.\u201d Sitat yuxar\u0131da ismi \u00e7\u0259kil\u0259n m\u0259qal\u0259d\u0259ndir.\n<\/p>\n<p>\n  N\u0259s\u0259, tam do\u011fru buyurulubdur, allah xeyir el\u0259sin, poeziyam\u0131z\u0131n can\u0131n sa\u011f el\u0259sin. Azar-bezar bizim poeziyan\u0131n can\u0131ndan uzaq olsun, d\u0259rdi-b\u0259las\u0131 getsin iraqlara, vob\u015fe bizi ist\u0259m\u0259y\u0259nl\u0259rin d\u0259 cig\u0259r\u00fcrin\u0259 azzar olsun. Bunu da el\u0259-bel\u0259 dedim.\n<\/p>\n<p>\n  \u018fslind\u0259, el\u0259-bel\u0259d\u0259n deyildi, bizim folklorda kim\u0259s\u0259 qar\u011f\u0131\u015f ed\u0259nd\u0259 onun \u00f6l\u00fcm\u00fcn\u00fc arzu etm\u0259k d\u0259 var, bu da \u00e7ox-\u00e7ox m\u0259nfi hald\u0131r, d\u00fc\u015f\u00fcn\u00fcr\u0259m. \u018fg\u0259r kims\u0259 kim\u0259s\u0259 q\u0131z\u0131bsa, \u0259ksin\u0259, ona \u00e7ox-\u00e7ox uzun bir \u00f6m\u00fcr arzulamal\u0131d\u0131r ki, h\u0259qiqi sif\u0259tini a\u00e7a bilsin, bunun \u00fc\u00e7\u00fcn zaman olsun.\n<\/p>\n<p>\n  Bu m\u0259nada do\u011frusunu deyim ki, Tanr\u0131ya \u015f\u00fck\u00fcrl\u0259r olsun ki, \u201cB\u0259xtiyarl\u0131q\u201d m\u0259qal\u0259sinin ba\u015f q\u0259hr\u0259man\u0131 h\u0259yat\u0131n\u0131 kifay\u0259t q\u0259d\u0259r s\u00fcr\u0259 bildi. \u018fks halda, i\u00e7i el\u0259 m\u0259n d\u0259 qar\u0131\u015f\u0131q, o d\u00f6vr\u00fcn g\u0259ncliyi el\u0259 bir t\u0259k\u0259r\u0259 d\u00fc\u015f\u0259c\u0259kdi ki, daha k\u00fclli-al\u0259m d\u0259 y\u0131\u011f\u0131l\u0131b bizi oradan \u00e7\u0131xara bilm\u0259zdi. Allah el\u0259m\u0259mi\u015f, tutal\u0131m 1992-nin yay\u0131nda-filan\u0131nda bird\u0259n B\u0259xtiyar m\u00fc\u0259llim bu d\u00fcnyan\u0131 t\u0259rk ets\u0259ydi, bitmi\u015fdi m\u0259s\u0259l\u0259, indi bizim ba\u015f sakral q\u0259hr\u0259man\u0131m\u0131z o idi, daha he\u00e7 bir yarad\u0131c\u0131l\u0131\u011fa-filana da baxan deyildik, \u0259sla. Yax\u015f\u0131 ki, Tanr\u0131 \u00f6m\u00fcr verdi, ya\u015fad\u0131, biz d\u0259 g\u00f6rd\u00fck, anlad\u0131q, ba\u015fa d\u00fc\u015fd\u00fck, buna da \u015f\u00fck\u00fcr.\n<\/p>\n<p>\n  \u018fg\u0259r kims\u0259 des\u0259 ki, bir yarad\u0131c\u0131n\u0131n h\u0259yat t\u0259rzi, ictimai m\u00f6vqeyi il\u0259 onun yarad\u0131c\u0131l\u0131\u011f\u0131 aras\u0131nda bel\u0259 paralell\u0259r aparmaq g\u0259r\u0259k deyil, h\u0259yat ayr\u0131, yarad\u0131c\u0131l\u0131q ayr\u0131, o zaman bu \u015fairin yarad\u0131c\u0131l\u0131\u011f\u0131ndan b\u0259hs etm\u0259yin el\u0259 bir m\u0259nas\u0131 yoxdur, \u00e7\u00fcnki 2000-c\u0131 ill\u0259rin ortalar\u0131nda N\u0259rmin Kamal bu \u015fairin yarad\u0131c\u0131l\u0131\u011f\u0131 haqda kifay\u0259t q\u0259d\u0259r d\u0259rin bir esse yazm\u0131\u015fd\u0131, lakin t\u0259bii ki, he\u00e7 bir effekti olmad\u0131, bir ne\u00e7\u0259 d\u0259f\u0259 tirajlansa da (A\u011f v\u0259 Qara B\u0259xtiyar Vahabzad\u0259), ki\u00e7icik dair\u0259d\u0259n k\u0259nar bir kims\u0259 ona fikir d\u0259 verm\u0259di, d\u00fc\u015f\u00fcn\u00fcr\u0259m. Bu m\u0259qal\u0259y\u0259 ki\u00e7icik g\u00f6z atmaqla bir \u00e7ox h\u0259qiq\u0259tl\u0259ri \u00f6z\u00fcn\u00fcz \u00fc\u00e7\u00fcn a\u00e7a bil\u0259rsiniz.\n<\/p>\n<p>\n  \u018flb\u0259tt\u0259 ki, indi bunu oxuyanlar\u0131n etiraz-arqumentl\u0259rini indid\u0259n g\u00f6r\u00fcr\u0259m v\u0259 zat\u0259n N\u0259rminin m\u0259qal\u0259sinin son abzas\u0131 da bu c\u00fcml\u0259 il\u0259 ba\u015flan\u0131r: \u201cDeyirl\u0259r, h\u0259r \u015feyl\u0259 yax\u0131ndan maraqlansan, m\u00fcq\u0259dd\u0259s he\u00e7 bir \u015fey qalmaz.\u201d Dey\u0259 bil\u0259rl\u0259r ki, o \u00f6z d\u00f6vr\u00fc \u00fc\u00e7\u00fcn aktual idi, o zaman edil\u0259nl\u0259ri indi anlamaq \u00e7\u0259tindir v\u0259 s. Lakin bu adama art\u0131q klassik ad\u0131 verilib, onun haqda el\u0259 klassik kimi d\u0259 dan\u0131\u015f\u0131l\u0131r v\u0259 yuxar\u0131dak\u0131 m\u0259qal\u0259d\u0259 d\u0259 m\u0259hz el\u0259 t\u0259qdim olunur. Klassika is\u0259 daima aktual olmal\u0131d\u0131r,\u00a0 ist\u0259nil\u0259n t\u0259hlil (bo\u015fundan t\u0259rif yox) is\u0259 onun aktuall\u0131\u011f\u0131n\u0131 yaln\u0131z daha bir d\u0259f\u0259 t\u0259sdiq\u0259 \u00e7evrilir.\n<\/p>\n<p>\n  Ramiz R\u00f6v\u015f\u0259nin d\u0259 ismi yuxar\u0131da \u00e7\u0259kil\u0259n \u201cV\u0259t\u0259n\u201d \u015feiri is\u0259 ham\u0131ya \u00e7ox g\u00f6z\u0259l tan\u0131\u015fd\u0131r. Bu g\u00fcnl\u0259rd\u0259 c\u0259miyy\u0259tin ke\u00e7irdiyi a\u011f\u0131r sars\u0131nt\u0131larla ba\u011fl\u0131 bu \u015feir d\u0259f\u0259l\u0259rl\u0259 payla\u015f\u0131ld\u0131, sitatland\u0131. \u015eerini \u0259n m\u0259\u015fhur v\u0259 t\u0259sirli qafiy\u0259l\u0259ri:\n<\/p>\n<p>\n  <i><br \/>\n    Bilirs\u0259n s\u0259ni sevm\u0259k<br \/>\n  <\/i><br \/>\n  <br \/>\n  <i><br \/>\n    bu saat n\u0259y\u0259 b\u0259nz\u0259r?<br \/>\n  <\/i>\n<\/p>\n<p>\n  Zorlanm\u0131\u015f bir q\u0131z\u0131 sevm\u0259y\u0259 b\u0259nz\u0259r.<\/p>\n<p>  <i><br \/>\n    O sevgid\u0259n i\u00e7in-i\u00e7in<br \/>\n  <\/i><br \/>\n  <br \/>\n  <i><br \/>\n    gizlic\u0259 yanar adam.<br \/>\n  <\/i><br \/>\n  <br \/>\n  <i><br \/>\n    Amma a\u00e7\u0131b dem\u0259y\u0259<br \/>\n  <\/i><br \/>\n  <br \/>\n  <i><br \/>\n    qorxar, utanar adam.<br \/>\n  <\/i><\/p>\n<p>  Bu misralar haqda \u00e7ox m\u00fcbahis\u0259l\u0259rimiz olub dostlarla bel\u0259. Bu haqda az qala b\u00fct\u00fcn c\u0259miyy\u0259td\u0259 \u015fairin tam s\u0259mimiyy\u0259tl\u0259 h\u0259qiq\u0259ti dediyi haqda bir raz\u0131l\u0131q var.\n<\/p>\n<p>\n  Amma \u015f\u0259xs\u0259n m\u0259n he\u00e7 bir halda bunu anlamam\u0131\u015fam, \u00e7ox saxta g\u0259lib m\u0259n\u0259 bu misralar h\u0259r zaman. Yax\u015f\u0131, insan olan, x\u00fcsus\u0259n \u015fair olan zorlanm\u0131\u015f q\u0131z\u0131 sevm\u0259kd\u0259n niy\u0259 utans\u0131n ki? \u0130nsan olan biri zorlanm\u0131\u015f q\u0131z\u0131 sevm\u0259kd\u0259n niy\u0259 utanmal\u0131d\u0131r ki? Yoxsa \u201cCinay\u0259t v\u0259 c\u0259za\u201ddak\u0131 Raskolnikov da balaca qarda\u015flar\u0131n\u0131 acl\u0131qdan xilas etm\u0259k \u00fc\u00e7\u00fcn fahi\u015f\u0259likl\u0259 m\u0259\u015f\u011ful olan Sone\u00e7ka Marmeladovan\u0131 sevm\u0259kd\u0259n utanmal\u0131 idi? Onda dem\u0259k bizim ziyal\u0131lar\u0131n t\u0259biric\u0259 bel\u0259 \u00e7\u0131x\u0131r ki, sevgi yaln\u0131z u\u011furlu-pardaql\u0131-z\u0259ngin olanlara y\u00f6n\u0259lm\u0259lidir, zorlanan-t\u0259hqir edil\u0259n v\u0259 al\u00e7ald\u0131lan insanlara qar\u015f\u0131 \u0259sla yox? \u201cAy\u0131bd\u0131r\u201d?<\/p>\n<p>  Dey\u0259c\u0259ksiniz, yox e, o allegorik bir obraz kimi n\u0259z\u0259rd\u0259 tutulub?<\/p>\n<p>  Can\u0131m-g\u00f6z\u00fcm, b\u0259s \u0259d\u0259biyyat el\u0259 ba\u015fdan-aya\u011fa obrazlar\u0131n reall\u0131qdan alleqoriyaya g\u0259tirilm\u0259si deyilmi? Ya da lap Mopassan\u0131n m\u0259\u015fhur \u201cGombul\u201d hekay\u0259si d\u00fc\u015f\u00fcr. B\u00fct\u00fcn c\u0259miyy\u0259tin t\u0259hrikiyl\u0259 v\u0259 onun xilas\u0131 \u00fc\u00e7\u00fcn bir frans\u0131z fahi\u015f\u0259 qad\u0131n m\u0259cburi Prussiya zabitinin quca\u011f\u0131na at\u0131l\u0131r v\u0259 bundan sonra ondan ham\u0131, h\u0259tta hekay\u0259d\u0259ki iki rahib\u0259 bel\u0259 ondan imtina edir, iyr\u0259nir dem\u0259k. Amma oxucuya ayd\u0131nd\u0131r ki, \u0259g\u0259r iyr\u0259nc olan varsa, o \u201cGombul\u201d yox, el\u0259 h\u0259min q\u0131za \u0259yri baxan, \u201czorlanm\u0131\u015f v\u0259t\u0259ni d\u0259\u201d sevm\u0259kd\u0259n utanan c\u0259miyy\u0259tin v\u0259 x\u00fcsus\u0259n d\u0259 ziyal\u0131n\u0131n \u00f6z\u00fcd\u00fcr.\n<\/p>\n<p>\n  <b><br \/>\n    Yaz\u0131 m\u00fc\u0259llifin \u015f\u0259xsi m\u00f6vqeyini \u0259ks etdirir&#8230;<br \/>\n  <\/b><\/p>\n","protected":false},"excerpt":{"rendered":"<p>V\u0259t\u0259ni sevm\u0259yin \u00e7\u0259tin oldu\u011fu B\u0259xtiyarl\u0131q<\/p>\n","protected":false},"author":11,"featured_media":31762,"comment_status":"closed","ping_status":"open","sticky":false,"template":"","format":"standard","meta":{"_acf_changed":false,"_sitemap_exclude":false,"_sitemap_priority":"","_sitemap_frequency":"","footnotes":""},"categories":[57],"tags":[],"class_list":["post-169484","post","type-post","status-publish","format-standard","has-post-thumbnail","hentry","category-menim-fikrimce","infinite-scroll-item","generate-columns","tablet-grid-50","mobile-grid-100","grid-parent","grid-33","no-featured-image-padding"],"acf":[],"yoast_head":"<!-- This site is optimized with the Yoast SEO plugin v27.5 - https:\/\/yoast.com\/product\/yoast-seo-wordpress\/ -->\n<title>Ramiz R\u00f6v\u015f\u0259n v\u0259 Raskolnikov - MEYDAN.TV<\/title>\n<meta name=\"robots\" content=\"index, follow, max-snippet:-1, max-image-preview:large, max-video-preview:-1\" \/>\n<link rel=\"canonical\" href=\"https:\/\/www.meydan.tv\/az\/article\/ramiz-rovsen-ve-raskolnikov\/\" \/>\n<meta property=\"og:locale\" content=\"az_AZ\" \/>\n<meta property=\"og:type\" content=\"article\" \/>\n<meta property=\"og:title\" content=\"Ramiz R\u00f6v\u015f\u0259n v\u0259 Raskolnikov - MEYDAN.TV\" \/>\n<meta property=\"og:description\" content=\"V\u0259t\u0259ni sevm\u0259yin \u00e7\u0259tin oldu\u011fu B\u0259xtiyarl\u0131q\" \/>\n<meta property=\"og:url\" content=\"https:\/\/www.meydan.tv\/az\/article\/ramiz-rovsen-ve-raskolnikov\/\" \/>\n<meta property=\"og:site_name\" content=\"MEYDAN.TV\" \/>\n<meta property=\"article:published_time\" content=\"2015-08-15T12:09:08+00:00\" \/>\n<meta property=\"og:image\" content=\"https:\/\/www.meydan.tv\/wp-content\/uploads\/11824.jpg\" \/>\n\t<meta property=\"og:image:width\" content=\"500\" \/>\n\t<meta property=\"og:image:height\" content=\"500\" \/>\n\t<meta property=\"og:image:type\" content=\"image\/jpeg\" \/>\n<meta name=\"author\" content=\"user-manager\" \/>\n<meta name=\"twitter:card\" content=\"summary_large_image\" \/>\n<script type=\"application\/ld+json\" class=\"yoast-schema-graph\">{\"@context\":\"https:\\\/\\\/schema.org\",\"@graph\":[{\"@type\":\"Article\",\"@id\":\"https:\\\/\\\/www.meydan.tv\\\/az\\\/article\\\/ramiz-rovsen-ve-raskolnikov\\\/#article\",\"isPartOf\":{\"@id\":\"https:\\\/\\\/www.meydan.tv\\\/az\\\/article\\\/ramiz-rovsen-ve-raskolnikov\\\/\"},\"author\":{\"name\":\"user-manager\",\"@id\":\"https:\\\/\\\/www.meydan.tv\\\/az\\\/#\\\/schema\\\/person\\\/10d11eccf6da3662cf5fdab9806ea91a\"},\"headline\":\"Ramiz R\u00f6v\u015f\u0259n v\u0259 Raskolnikov\",\"datePublished\":\"2015-08-15T12:09:08+00:00\",\"mainEntityOfPage\":{\"@id\":\"https:\\\/\\\/www.meydan.tv\\\/az\\\/article\\\/ramiz-rovsen-ve-raskolnikov\\\/\"},\"wordCount\":1138,\"publisher\":{\"@id\":\"https:\\\/\\\/www.meydan.tv\\\/az\\\/#organization\"},\"image\":{\"@id\":\"https:\\\/\\\/www.meydan.tv\\\/az\\\/article\\\/ramiz-rovsen-ve-raskolnikov\\\/#primaryimage\"},\"thumbnailUrl\":\"https:\\\/\\\/www.meydan.tv\\\/wp-content\\\/uploads\\\/11824.jpg\",\"articleSection\":[\"M\u0259nim Fikrimc\u0259\"],\"inLanguage\":\"az\"},{\"@type\":\"WebPage\",\"@id\":\"https:\\\/\\\/www.meydan.tv\\\/az\\\/article\\\/ramiz-rovsen-ve-raskolnikov\\\/\",\"url\":\"https:\\\/\\\/www.meydan.tv\\\/az\\\/article\\\/ramiz-rovsen-ve-raskolnikov\\\/\",\"name\":\"Ramiz R\u00f6v\u015f\u0259n v\u0259 Raskolnikov - MEYDAN.TV\",\"isPartOf\":{\"@id\":\"https:\\\/\\\/www.meydan.tv\\\/az\\\/#website\"},\"primaryImageOfPage\":{\"@id\":\"https:\\\/\\\/www.meydan.tv\\\/az\\\/article\\\/ramiz-rovsen-ve-raskolnikov\\\/#primaryimage\"},\"image\":{\"@id\":\"https:\\\/\\\/www.meydan.tv\\\/az\\\/article\\\/ramiz-rovsen-ve-raskolnikov\\\/#primaryimage\"},\"thumbnailUrl\":\"https:\\\/\\\/www.meydan.tv\\\/wp-content\\\/uploads\\\/11824.jpg\",\"datePublished\":\"2015-08-15T12:09:08+00:00\",\"breadcrumb\":{\"@id\":\"https:\\\/\\\/www.meydan.tv\\\/az\\\/article\\\/ramiz-rovsen-ve-raskolnikov\\\/#breadcrumb\"},\"inLanguage\":\"az\",\"potentialAction\":[{\"@type\":\"ReadAction\",\"target\":[\"https:\\\/\\\/www.meydan.tv\\\/az\\\/article\\\/ramiz-rovsen-ve-raskolnikov\\\/\"]}]},{\"@type\":\"ImageObject\",\"inLanguage\":\"az\",\"@id\":\"https:\\\/\\\/www.meydan.tv\\\/az\\\/article\\\/ramiz-rovsen-ve-raskolnikov\\\/#primaryimage\",\"url\":\"https:\\\/\\\/www.meydan.tv\\\/wp-content\\\/uploads\\\/11824.jpg\",\"contentUrl\":\"https:\\\/\\\/www.meydan.tv\\\/wp-content\\\/uploads\\\/11824.jpg\",\"width\":500,\"height\":500,\"caption\":\"Source:\"},{\"@type\":\"BreadcrumbList\",\"@id\":\"https:\\\/\\\/www.meydan.tv\\\/az\\\/article\\\/ramiz-rovsen-ve-raskolnikov\\\/#breadcrumb\",\"itemListElement\":[{\"@type\":\"ListItem\",\"position\":1,\"name\":\"Ana s\u0259hif\u0259\",\"item\":\"https:\\\/\\\/www.meydan.tv\\\/az\\\/\"},{\"@type\":\"ListItem\",\"position\":2,\"name\":\"M\u0259nim Fikrimc\u0259\",\"item\":\"https:\\\/\\\/www.meydan.tv\\\/az\\\/section\\\/menim-fikrimce\\\/\"},{\"@type\":\"ListItem\",\"position\":3,\"name\":\"Ramiz R\u00f6v\u015f\u0259n v\u0259 Raskolnikov\"}]},{\"@type\":\"WebSite\",\"@id\":\"https:\\\/\\\/www.meydan.tv\\\/az\\\/#website\",\"url\":\"https:\\\/\\\/www.meydan.tv\\\/az\\\/\",\"name\":\"MEYDAN.TV\",\"description\":\"Meydan TV Az\u0259rbaycan\u0131n media m\u0259kan\u0131ndak\u0131 alternativ s\u0259sidir\",\"publisher\":{\"@id\":\"https:\\\/\\\/www.meydan.tv\\\/az\\\/#organization\"},\"potentialAction\":[{\"@type\":\"SearchAction\",\"target\":{\"@type\":\"EntryPoint\",\"urlTemplate\":\"https:\\\/\\\/www.meydan.tv\\\/az\\\/?s={search_term_string}\"},\"query-input\":{\"@type\":\"PropertyValueSpecification\",\"valueRequired\":true,\"valueName\":\"search_term_string\"}}],\"inLanguage\":\"az\"},{\"@type\":\"Organization\",\"@id\":\"https:\\\/\\\/www.meydan.tv\\\/az\\\/#organization\",\"name\":\"Meydan TV\",\"url\":\"https:\\\/\\\/www.meydan.tv\\\/az\\\/\",\"logo\":{\"@type\":\"ImageObject\",\"inLanguage\":\"az\",\"@id\":\"https:\\\/\\\/www.meydan.tv\\\/az\\\/#\\\/schema\\\/logo\\\/image\\\/\",\"url\":\"https:\\\/\\\/www.meydan.tv\\\/wp-content\\\/uploads\\\/2021\\\/07\\\/meydan-logo.svg\",\"contentUrl\":\"https:\\\/\\\/www.meydan.tv\\\/wp-content\\\/uploads\\\/2021\\\/07\\\/meydan-logo.svg\",\"width\":195,\"height\":46,\"caption\":\"Meydan TV\"},\"image\":{\"@id\":\"https:\\\/\\\/www.meydan.tv\\\/az\\\/#\\\/schema\\\/logo\\\/image\\\/\"}},{\"@type\":\"Person\",\"@id\":\"https:\\\/\\\/www.meydan.tv\\\/az\\\/#\\\/schema\\\/person\\\/10d11eccf6da3662cf5fdab9806ea91a\",\"name\":\"user-manager\"}]}<\/script>\n<!-- \/ Yoast SEO plugin. -->","yoast_head_json":{"title":"Ramiz R\u00f6v\u015f\u0259n v\u0259 Raskolnikov - MEYDAN.TV","robots":{"index":"index","follow":"follow","max-snippet":"max-snippet:-1","max-image-preview":"max-image-preview:large","max-video-preview":"max-video-preview:-1"},"canonical":"https:\/\/www.meydan.tv\/az\/article\/ramiz-rovsen-ve-raskolnikov\/","og_locale":"az_AZ","og_type":"article","og_title":"Ramiz R\u00f6v\u015f\u0259n v\u0259 Raskolnikov - MEYDAN.TV","og_description":"V\u0259t\u0259ni sevm\u0259yin \u00e7\u0259tin oldu\u011fu B\u0259xtiyarl\u0131q","og_url":"https:\/\/www.meydan.tv\/az\/article\/ramiz-rovsen-ve-raskolnikov\/","og_site_name":"MEYDAN.TV","article_published_time":"2015-08-15T12:09:08+00:00","og_image":[{"width":500,"height":500,"url":"https:\/\/www.meydan.tv\/wp-content\/uploads\/11824.jpg","type":"image\/jpeg"}],"author":"user-manager","twitter_card":"summary_large_image","schema":{"@context":"https:\/\/schema.org","@graph":[{"@type":"Article","@id":"https:\/\/www.meydan.tv\/az\/article\/ramiz-rovsen-ve-raskolnikov\/#article","isPartOf":{"@id":"https:\/\/www.meydan.tv\/az\/article\/ramiz-rovsen-ve-raskolnikov\/"},"author":{"name":"user-manager","@id":"https:\/\/www.meydan.tv\/az\/#\/schema\/person\/10d11eccf6da3662cf5fdab9806ea91a"},"headline":"Ramiz R\u00f6v\u015f\u0259n v\u0259 Raskolnikov","datePublished":"2015-08-15T12:09:08+00:00","mainEntityOfPage":{"@id":"https:\/\/www.meydan.tv\/az\/article\/ramiz-rovsen-ve-raskolnikov\/"},"wordCount":1138,"publisher":{"@id":"https:\/\/www.meydan.tv\/az\/#organization"},"image":{"@id":"https:\/\/www.meydan.tv\/az\/article\/ramiz-rovsen-ve-raskolnikov\/#primaryimage"},"thumbnailUrl":"https:\/\/www.meydan.tv\/wp-content\/uploads\/11824.jpg","articleSection":["M\u0259nim Fikrimc\u0259"],"inLanguage":"az"},{"@type":"WebPage","@id":"https:\/\/www.meydan.tv\/az\/article\/ramiz-rovsen-ve-raskolnikov\/","url":"https:\/\/www.meydan.tv\/az\/article\/ramiz-rovsen-ve-raskolnikov\/","name":"Ramiz R\u00f6v\u015f\u0259n v\u0259 Raskolnikov - MEYDAN.TV","isPartOf":{"@id":"https:\/\/www.meydan.tv\/az\/#website"},"primaryImageOfPage":{"@id":"https:\/\/www.meydan.tv\/az\/article\/ramiz-rovsen-ve-raskolnikov\/#primaryimage"},"image":{"@id":"https:\/\/www.meydan.tv\/az\/article\/ramiz-rovsen-ve-raskolnikov\/#primaryimage"},"thumbnailUrl":"https:\/\/www.meydan.tv\/wp-content\/uploads\/11824.jpg","datePublished":"2015-08-15T12:09:08+00:00","breadcrumb":{"@id":"https:\/\/www.meydan.tv\/az\/article\/ramiz-rovsen-ve-raskolnikov\/#breadcrumb"},"inLanguage":"az","potentialAction":[{"@type":"ReadAction","target":["https:\/\/www.meydan.tv\/az\/article\/ramiz-rovsen-ve-raskolnikov\/"]}]},{"@type":"ImageObject","inLanguage":"az","@id":"https:\/\/www.meydan.tv\/az\/article\/ramiz-rovsen-ve-raskolnikov\/#primaryimage","url":"https:\/\/www.meydan.tv\/wp-content\/uploads\/11824.jpg","contentUrl":"https:\/\/www.meydan.tv\/wp-content\/uploads\/11824.jpg","width":500,"height":500,"caption":"Source:"},{"@type":"BreadcrumbList","@id":"https:\/\/www.meydan.tv\/az\/article\/ramiz-rovsen-ve-raskolnikov\/#breadcrumb","itemListElement":[{"@type":"ListItem","position":1,"name":"Ana s\u0259hif\u0259","item":"https:\/\/www.meydan.tv\/az\/"},{"@type":"ListItem","position":2,"name":"M\u0259nim Fikrimc\u0259","item":"https:\/\/www.meydan.tv\/az\/section\/menim-fikrimce\/"},{"@type":"ListItem","position":3,"name":"Ramiz R\u00f6v\u015f\u0259n v\u0259 Raskolnikov"}]},{"@type":"WebSite","@id":"https:\/\/www.meydan.tv\/az\/#website","url":"https:\/\/www.meydan.tv\/az\/","name":"MEYDAN.TV","description":"Meydan TV Az\u0259rbaycan\u0131n media m\u0259kan\u0131ndak\u0131 alternativ s\u0259sidir","publisher":{"@id":"https:\/\/www.meydan.tv\/az\/#organization"},"potentialAction":[{"@type":"SearchAction","target":{"@type":"EntryPoint","urlTemplate":"https:\/\/www.meydan.tv\/az\/?s={search_term_string}"},"query-input":{"@type":"PropertyValueSpecification","valueRequired":true,"valueName":"search_term_string"}}],"inLanguage":"az"},{"@type":"Organization","@id":"https:\/\/www.meydan.tv\/az\/#organization","name":"Meydan TV","url":"https:\/\/www.meydan.tv\/az\/","logo":{"@type":"ImageObject","inLanguage":"az","@id":"https:\/\/www.meydan.tv\/az\/#\/schema\/logo\/image\/","url":"https:\/\/www.meydan.tv\/wp-content\/uploads\/2021\/07\/meydan-logo.svg","contentUrl":"https:\/\/www.meydan.tv\/wp-content\/uploads\/2021\/07\/meydan-logo.svg","width":195,"height":46,"caption":"Meydan TV"},"image":{"@id":"https:\/\/www.meydan.tv\/az\/#\/schema\/logo\/image\/"}},{"@type":"Person","@id":"https:\/\/www.meydan.tv\/az\/#\/schema\/person\/10d11eccf6da3662cf5fdab9806ea91a","name":"user-manager"}]}},"_links":{"self":[{"href":"https:\/\/www.meydan.tv\/az\/wp-json\/wp\/v2\/posts\/169484","targetHints":{"allow":["GET"]}}],"collection":[{"href":"https:\/\/www.meydan.tv\/az\/wp-json\/wp\/v2\/posts"}],"about":[{"href":"https:\/\/www.meydan.tv\/az\/wp-json\/wp\/v2\/types\/post"}],"author":[{"embeddable":true,"href":"https:\/\/www.meydan.tv\/az\/wp-json\/wp\/v2\/users\/11"}],"replies":[{"embeddable":true,"href":"https:\/\/www.meydan.tv\/az\/wp-json\/wp\/v2\/comments?post=169484"}],"version-history":[{"count":0,"href":"https:\/\/www.meydan.tv\/az\/wp-json\/wp\/v2\/posts\/169484\/revisions"}],"wp:featuredmedia":[{"embeddable":true,"href":"https:\/\/www.meydan.tv\/az\/wp-json\/wp\/v2\/media\/31762"}],"wp:attachment":[{"href":"https:\/\/www.meydan.tv\/az\/wp-json\/wp\/v2\/media?parent=169484"}],"wp:term":[{"taxonomy":"category","embeddable":true,"href":"https:\/\/www.meydan.tv\/az\/wp-json\/wp\/v2\/categories?post=169484"},{"taxonomy":"post_tag","embeddable":true,"href":"https:\/\/www.meydan.tv\/az\/wp-json\/wp\/v2\/tags?post=169484"}],"curies":[{"name":"wp","href":"https:\/\/api.w.org\/{rel}","templated":true}]}}