{"id":169396,"date":"2015-08-11T02:12:15","date_gmt":"2015-08-11T02:12:15","guid":{"rendered":"https:\/\/www.meydan.tv\/article\/metbuat-surasi-pa-dan-gosteris-aldiqdan-sonra-isleyir-video\/"},"modified":"2015-08-11T02:12:15","modified_gmt":"2015-08-11T02:12:15","slug":"metbuat-surasi-pa-dan-gosteris-aldiqdan-sonra-isleyir-video","status":"publish","type":"post","link":"https:\/\/www.meydan.tv\/az\/article\/metbuat-surasi-pa-dan-gosteris-aldiqdan-sonra-isleyir-video\/","title":{"rendered":"&#8220;M\u0259tbuat \u015euras\u0131 PA-dan g\u00f6st\u0259ri\u015f ald\u0131qdan sonra i\u015fl\u0259yir&#8221; (V\u0130DEO)"},"content":{"rendered":"<figure class=\"wp-block-embed is-type-video is-provider-youtube wp-block-embed-youtube wp-embed-aspect-16-9 wp-has-aspect-ratio\">\n<div class=\"wp-block-embed__wrapper\">\n    <iframe loading=\"lazy\"\ttitle=\"\" width=\"1200\" height=\"675\" src=\"https:\/\/www.youtube.com\/embed\/RCkEx3w4cGE\"\tframeborder=\"0\"\tallow=\"accelerometer; autoplay; clipboard-write; encrypted-media; gyroscope; picture-in-picture\" allowfullscreen><\/iframe>\n  <\/div><figcaption><\/figcaption><\/figure>\n<p>\n  Avqustun 10-da V\u0259t\u0259nda\u015f C\u0259miyy\u0259tini M\u00fcdafi\u0259 Komit\u0259si 2 g\u00fcn \u00f6nc\u0259 d\u00f6y\u00fcl\u0259n v\u0259 bunun n\u0259tic\u0259sind\u0259 d\u00fcnyas\u0131n\u0131 d\u0259yi\u015f\u0259n jurnalist Rasim \u018fliyevl\u0259 ba\u011fl\u0131 t\u0259dbir ke\u00e7irib. \u00c7\u0131x\u0131\u015f ed\u0259n Turan \u0130nformasiya Agentliyinin r\u0259hb\u0259ri Mehman \u018fliyev bildirib ki, o, 1 sayl\u0131 \u015e\u0259h\u0259r Kliniki X\u0259st\u0259xanas\u0131nda d\u00fcnyas\u0131n\u0131 d\u0259yi\u015f\u0259n Rasim \u018fliyevin \u00f6l\u00fcm\u00fc il\u0259 ba\u011fl\u0131 b\u0259yanat haz\u0131rlay\u0131b.\n<\/p>\n<p>\n  Onun s\u00f6yl\u0259diyin\u0259 g\u00f6r\u0259, jurnalistin \u00f6l\u00fcmc\u00fcl hala sal\u0131nmas\u0131 m\u00f6vcud h\u00f6kum\u0259tin azad m\u0259tbuata olan m\u00fcnasib\u0259tinin n\u0259tic\u0259sidir. O, jurnalistin \u00f6l\u00fcm\u00fcn\u00fc pisl\u0259y\u0259n prezident \u0130lham \u018fliyevin v\u0259 M\u0259tbuat \u015euras\u0131n\u0131n Rasim \u018fliyevin d\u0259fnin\u0259 n\u00fcmay\u0259nd\u0259 g\u00f6nd\u0259rm\u0259m\u0259sinin s\u0259b\u0259bini soru\u015fub.\u00a0\u00a0O, M\u0259tbuat \u015euras\u0131n\u0131n Prezident Adminstrasiyas\u0131n\u0131n (PA) tap\u015f\u0131r\u0131\u011f\u0131 il\u0259 i\u015fl\u0259diyini deyib.\n<\/p>\n<p>\n  \u00a0Helsinki V\u0259t\u0259nda\u015f Assambleyas\u0131n\u0131n Az\u0259rbaycan Milli Komit\u0259sinin s\u0259dri Arzu Abdullayeva deyib ki, bu g\u00fcn Az\u0259rbaycandak\u0131 v\u0259t\u0259nda\u015f c\u0259miyy\u0259ti p\u0259r\u0259m-p\u0259r\u0259m d\u00fc\u015f\u00fcb.\n<\/p>\n<p>\n  Sonda jurnalistl\u0259r \u018fv\u0259z Zeynall\u0131 v\u0259 Aynur \u0130mraonova t\u0259klif edibl\u0259r ki, v\u0259t\u0259nda\u015f c\u0259miyy\u0259ti daha s\u0131x g\u00f6r\u00fc\u015fm\u0259li v\u0259 m\u0259tbuat\u0131n m\u00f6vcud durumunu m\u00fczakir\u0259 etm\u0259lidir.<\/p>\n","protected":false},"excerpt":{"rendered":"<p>Avqustun 10-da V\u0259t\u0259nda\u015f C\u0259miyy\u0259tini M\u00fcdafi\u0259 Komit\u0259si 2 g\u00fcn \u00f6nc\u0259 d\u00f6y\u00fcl\u0259n v\u0259 bunun n\u0259tic\u0259sind\u0259 d\u00fcnyas\u0131n\u0131 d\u0259yi\u015f\u0259n jurnalist Rasim \u018fliyevl\u0259 ba\u011fl\u0131 t\u0259dbir ke\u00e7irib.<\/p>\n","protected":false},"author":11,"featured_media":31431,"comment_status":"closed","ping_status":"open","sticky":false,"template":"","format":"standard","meta":{"_acf_changed":false,"_sitemap_exclude":false,"_sitemap_priority":"","_sitemap_frequency":"","footnotes":""},"categories":[63],"tags":[],"class_list":["post-169396","post","type-post","status-publish","format-standard","has-post-thumbnail","hentry","category-video-2","infinite-scroll-item","generate-columns","tablet-grid-50","mobile-grid-100","grid-parent","grid-33","no-featured-image-padding"],"acf":[],"yoast_head":"<!-- This site is optimized with the Yoast SEO plugin v28.3 - https:\/\/yoast.com\/product\/yoast-seo-wordpress\/ -->\n<title>&quot;M\u0259tbuat \u015euras\u0131 PA-dan g\u00f6st\u0259ri\u015f ald\u0131qdan sonra i\u015fl\u0259yir&quot; (V\u0130DEO) - MEYDAN.TV<\/title>\n<meta name=\"robots\" content=\"index, follow, max-snippet:-1, max-image-preview:large, max-video-preview:-1\" \/>\n<link rel=\"canonical\" href=\"https:\/\/www.meydan.tv\/az\/article\/metbuat-surasi-pa-dan-gosteris-aldiqdan-sonra-isleyir-video\/\" \/>\n<meta property=\"og:locale\" content=\"az_AZ\" \/>\n<meta property=\"og:type\" content=\"article\" \/>\n<meta property=\"og:title\" content=\"&quot;M\u0259tbuat \u015euras\u0131 PA-dan g\u00f6st\u0259ri\u015f ald\u0131qdan sonra i\u015fl\u0259yir&quot; (V\u0130DEO) - MEYDAN.TV\" \/>\n<meta property=\"og:description\" content=\"Avqustun 10-da V\u0259t\u0259nda\u015f C\u0259miyy\u0259tini M\u00fcdafi\u0259 Komit\u0259si 2 g\u00fcn \u00f6nc\u0259 d\u00f6y\u00fcl\u0259n v\u0259 bunun n\u0259tic\u0259sind\u0259 d\u00fcnyas\u0131n\u0131 d\u0259yi\u015f\u0259n jurnalist Rasim \u018fliyevl\u0259 ba\u011fl\u0131 t\u0259dbir ke\u00e7irib.\" \/>\n<meta property=\"og:url\" content=\"https:\/\/www.meydan.tv\/az\/article\/metbuat-surasi-pa-dan-gosteris-aldiqdan-sonra-isleyir-video\/\" \/>\n<meta property=\"og:site_name\" content=\"MEYDAN.TV\" \/>\n<meta property=\"article:published_time\" content=\"2015-08-11T02:12:15+00:00\" \/>\n<meta property=\"og:image\" content=\"https:\/\/www.meydan.tv\/wp-content\/uploads\/11724.png\" \/>\n\t<meta property=\"og:image:width\" content=\"1274\" \/>\n\t<meta property=\"og:image:height\" content=\"664\" \/>\n\t<meta property=\"og:image:type\" content=\"image\/png\" \/>\n<meta name=\"twitter:card\" content=\"summary_large_image\" \/>\n<!-- \/ Yoast SEO plugin. -->","yoast_head_json":{"title":"\"M\u0259tbuat \u015euras\u0131 PA-dan g\u00f6st\u0259ri\u015f ald\u0131qdan sonra i\u015fl\u0259yir\" (V\u0130DEO) - MEYDAN.TV","robots":{"index":"index","follow":"follow","max-snippet":"max-snippet:-1","max-image-preview":"max-image-preview:large","max-video-preview":"max-video-preview:-1"},"canonical":"https:\/\/www.meydan.tv\/az\/article\/metbuat-surasi-pa-dan-gosteris-aldiqdan-sonra-isleyir-video\/","og_locale":"az_AZ","og_type":"article","og_title":"\"M\u0259tbuat \u015euras\u0131 PA-dan g\u00f6st\u0259ri\u015f ald\u0131qdan sonra i\u015fl\u0259yir\" (V\u0130DEO) - MEYDAN.TV","og_description":"Avqustun 10-da V\u0259t\u0259nda\u015f C\u0259miyy\u0259tini M\u00fcdafi\u0259 Komit\u0259si 2 g\u00fcn \u00f6nc\u0259 d\u00f6y\u00fcl\u0259n v\u0259 bunun n\u0259tic\u0259sind\u0259 d\u00fcnyas\u0131n\u0131 d\u0259yi\u015f\u0259n jurnalist Rasim \u018fliyevl\u0259 ba\u011fl\u0131 t\u0259dbir ke\u00e7irib.","og_url":"https:\/\/www.meydan.tv\/az\/article\/metbuat-surasi-pa-dan-gosteris-aldiqdan-sonra-isleyir-video\/","og_site_name":"MEYDAN.TV","article_published_time":"2015-08-11T02:12:15+00:00","og_image":[{"width":1274,"height":664,"url":"https:\/\/www.meydan.tv\/wp-content\/uploads\/11724.png","type":"image\/png"}],"twitter_card":"summary_large_image","schema":{"@context":"https:\/\/schema.org","@graph":[{"@type":"Article","@id":"https:\/\/www.meydan.tv\/az\/article\/metbuat-surasi-pa-dan-gosteris-aldiqdan-sonra-isleyir-video\/#article","isPartOf":{"@id":"https:\/\/www.meydan.tv\/az\/article\/metbuat-surasi-pa-dan-gosteris-aldiqdan-sonra-isleyir-video\/"},"author":{"name":"user-manager","@id":"https:\/\/www.meydan.tv\/az\/#\/schema\/person\/10d11eccf6da3662cf5fdab9806ea91a"},"headline":"&#8220;M\u0259tbuat \u015euras\u0131 PA-dan g\u00f6st\u0259ri\u015f ald\u0131qdan sonra i\u015fl\u0259yir&#8221; (V\u0130DEO)","datePublished":"2015-08-11T02:12:15+00:00","mainEntityOfPage":{"@id":"https:\/\/www.meydan.tv\/az\/article\/metbuat-surasi-pa-dan-gosteris-aldiqdan-sonra-isleyir-video\/"},"wordCount":248,"publisher":{"@id":"https:\/\/www.meydan.tv\/az\/#organization"},"image":{"@id":"https:\/\/www.meydan.tv\/az\/article\/metbuat-surasi-pa-dan-gosteris-aldiqdan-sonra-isleyir-video\/#primaryimage"},"thumbnailUrl":"https:\/\/www.meydan.tv\/wp-content\/uploads\/11724.png","articleSection":["Video"],"inLanguage":"az"},{"@type":"WebPage","@id":"https:\/\/www.meydan.tv\/az\/article\/metbuat-surasi-pa-dan-gosteris-aldiqdan-sonra-isleyir-video\/","url":"https:\/\/www.meydan.tv\/az\/article\/metbuat-surasi-pa-dan-gosteris-aldiqdan-sonra-isleyir-video\/","name":"\"M\u0259tbuat \u015euras\u0131 PA-dan g\u00f6st\u0259ri\u015f ald\u0131qdan sonra i\u015fl\u0259yir\" (V\u0130DEO) - MEYDAN.TV","isPartOf":{"@id":"https:\/\/www.meydan.tv\/az\/#website"},"primaryImageOfPage":{"@id":"https:\/\/www.meydan.tv\/az\/article\/metbuat-surasi-pa-dan-gosteris-aldiqdan-sonra-isleyir-video\/#primaryimage"},"image":{"@id":"https:\/\/www.meydan.tv\/az\/article\/metbuat-surasi-pa-dan-gosteris-aldiqdan-sonra-isleyir-video\/#primaryimage"},"thumbnailUrl":"https:\/\/www.meydan.tv\/wp-content\/uploads\/11724.png","datePublished":"2015-08-11T02:12:15+00:00","breadcrumb":{"@id":"https:\/\/www.meydan.tv\/az\/article\/metbuat-surasi-pa-dan-gosteris-aldiqdan-sonra-isleyir-video\/#breadcrumb"},"inLanguage":"az","potentialAction":[{"@type":"ReadAction","target":["https:\/\/www.meydan.tv\/az\/article\/metbuat-surasi-pa-dan-gosteris-aldiqdan-sonra-isleyir-video\/"]}]},{"@type":"ImageObject","inLanguage":"az","@id":"https:\/\/www.meydan.tv\/az\/article\/metbuat-surasi-pa-dan-gosteris-aldiqdan-sonra-isleyir-video\/#primaryimage","url":"https:\/\/www.meydan.tv\/wp-content\/uploads\/11724.png","contentUrl":"https:\/\/www.meydan.tv\/wp-content\/uploads\/11724.png","width":1274,"height":664,"caption":"Source:"},{"@type":"BreadcrumbList","@id":"https:\/\/www.meydan.tv\/az\/article\/metbuat-surasi-pa-dan-gosteris-aldiqdan-sonra-isleyir-video\/#breadcrumb","itemListElement":[{"@type":"ListItem","position":1,"name":"Ana s\u0259hif\u0259","item":"https:\/\/www.meydan.tv\/az\/"},{"@type":"ListItem","position":2,"name":"Video","item":"https:\/\/www.meydan.tv\/az\/section\/video-2\/"},{"@type":"ListItem","position":3,"name":"&#8220;M\u0259tbuat \u015euras\u0131 PA-dan g\u00f6st\u0259ri\u015f ald\u0131qdan sonra i\u015fl\u0259yir&#8221; (V\u0130DEO)"}]},{"@type":"WebSite","@id":"https:\/\/www.meydan.tv\/az\/#website","url":"https:\/\/www.meydan.tv\/az\/","name":"MEYDAN.TV","description":"Meydan TV Az\u0259rbaycan\u0131n media m\u0259kan\u0131ndak\u0131 alternativ s\u0259sidir","publisher":{"@id":"https:\/\/www.meydan.tv\/az\/#organization"},"potentialAction":[{"@type":"SearchAction","target":{"@type":"EntryPoint","urlTemplate":"https:\/\/www.meydan.tv\/az\/?s={search_term_string}"},"query-input":{"@type":"PropertyValueSpecification","valueRequired":true,"valueName":"search_term_string"}}],"inLanguage":"az"},{"@type":"Organization","@id":"https:\/\/www.meydan.tv\/az\/#organization","name":"Meydan TV","url":"https:\/\/www.meydan.tv\/az\/","logo":{"@type":"ImageObject","inLanguage":"az","@id":"https:\/\/www.meydan.tv\/az\/#\/schema\/logo\/image\/","url":"https:\/\/www.meydan.tv\/wp-content\/uploads\/2021\/07\/meydan-logo.svg","contentUrl":"https:\/\/www.meydan.tv\/wp-content\/uploads\/2021\/07\/meydan-logo.svg","width":195,"height":46,"caption":"Meydan TV"},"image":{"@id":"https:\/\/www.meydan.tv\/az\/#\/schema\/logo\/image\/"}},{"@type":"Person","@id":"https:\/\/www.meydan.tv\/az\/#\/schema\/person\/10d11eccf6da3662cf5fdab9806ea91a","name":"user-manager"}]}},"_links":{"self":[{"href":"https:\/\/www.meydan.tv\/az\/wp-json\/wp\/v2\/posts\/169396","targetHints":{"allow":["GET"]}}],"collection":[{"href":"https:\/\/www.meydan.tv\/az\/wp-json\/wp\/v2\/posts"}],"about":[{"href":"https:\/\/www.meydan.tv\/az\/wp-json\/wp\/v2\/types\/post"}],"author":[{"embeddable":true,"href":"https:\/\/www.meydan.tv\/az\/wp-json\/wp\/v2\/users\/11"}],"replies":[{"embeddable":true,"href":"https:\/\/www.meydan.tv\/az\/wp-json\/wp\/v2\/comments?post=169396"}],"version-history":[{"count":0,"href":"https:\/\/www.meydan.tv\/az\/wp-json\/wp\/v2\/posts\/169396\/revisions"}],"wp:featuredmedia":[{"embeddable":true,"href":"https:\/\/www.meydan.tv\/az\/wp-json\/wp\/v2\/media\/31431"}],"wp:attachment":[{"href":"https:\/\/www.meydan.tv\/az\/wp-json\/wp\/v2\/media?parent=169396"}],"wp:term":[{"taxonomy":"category","embeddable":true,"href":"https:\/\/www.meydan.tv\/az\/wp-json\/wp\/v2\/categories?post=169396"},{"taxonomy":"post_tag","embeddable":true,"href":"https:\/\/www.meydan.tv\/az\/wp-json\/wp\/v2\/tags?post=169396"}],"curies":[{"name":"wp","href":"https:\/\/api.w.org\/{rel}","templated":true}]}}