{"id":169395,"date":"2015-08-11T02:02:12","date_gmt":"2015-08-11T02:02:12","guid":{"rendered":"https:\/\/www.meydan.tv\/article\/hebsxana-heyati-onu-sindirmayib-video\/"},"modified":"2015-08-11T02:02:12","modified_gmt":"2015-08-11T02:02:12","slug":"hebsxana-heyati-onu-sindirmayib-video","status":"publish","type":"post","link":"https:\/\/www.meydan.tv\/az\/article\/hebsxana-heyati-onu-sindirmayib-video\/","title":{"rendered":"&#8221;H\u0259bsxana h\u0259yat\u0131 onu s\u0131nd\u0131rmay\u0131b!&#8221; (V\u0130DEO)"},"content":{"rendered":"<figure class=\"wp-block-embed is-type-video is-provider-youtube wp-block-embed-youtube wp-embed-aspect-16-9 wp-has-aspect-ratio\">\n<div class=\"wp-block-embed__wrapper\">\n    <iframe loading=\"lazy\"\ttitle=\"\" width=\"1200\" height=\"675\" src=\"https:\/\/www.youtube.com\/embed\/WhqX7kuujeE\"\tframeborder=\"0\"\tallow=\"accelerometer; autoplay; clipboard-write; encrypted-media; gyroscope; picture-in-picture\" allowfullscreen><\/iframe>\n  <\/div><figcaption><\/figcaption><\/figure>\n<p>\n  <b><br \/>\n    Avqustun 10-da Bak\u0131 A\u011f\u0131r Cinay\u0259tl\u0259r M\u0259hk\u0259m\u0259sind\u0259 ara\u015fd\u0131rma\u00e7\u0131 jurnalist X\u0259dic\u0259 \u0130smay\u0131l\u0131n m\u0259hk\u0259m\u0259 prosesi ke\u00e7irilib.<br \/>\n  <\/b>\n<\/p>\n<p>\n  M\u0259hk\u0259m\u0259y\u0259 yen\u0259 d\u0259 m\u00fcst\u0259qil media v\u0259 ictimaiyy\u0259t n\u00fcmay\u0259nd\u0259l\u0259ri burax\u0131lmay\u0131b. V\u0259kil Fariz Namazl\u0131n\u0131n s\u00f6zl\u0259rin\u0259 g\u00f6r\u0259, Tural Mustafayevin yax\u0131nlar\u0131n\u0131n verdiyi ifad\u0259l\u0259rd\u0259n ayd\u0131n olur ki, Tural\u0131n \u00f6z\u00fcn\u0259q\u0259sdi X\u0259dic\u0259 \u0130smay\u0131lla ba\u011fl\u0131 yox, \u015f\u0259xsin psixoloji probleml\u0259ri il\u0259 ba\u011fl\u0131d\u0131r. Hal \u015fahidi kimi dindiril\u0259n Samir\u0259 A\u011fayevan\u0131n dedikl\u0259rin\u0259 g\u00f6r\u0259 is\u0259, Tural Mustafayev x\u0259st\u0259xanada olark\u0259n ona ni\u015fanl\u0131s\u0131 R\u00f6v\u015fan\u0259 R\u0259himovas\u0131z ya\u015faya bilm\u0259y\u0259c\u0259yini yaz\u0131b.\n<\/p>\n<p>\n  X\u0259dic\u0259 \u0130smay\u0131la qar\u015f\u0131 ir\u0259li s\u00fcr\u00fcl\u0259n ittihamlardan biri-v\u0259zif\u0259d\u0259n sui-istifad\u0259y\u0259 g\u0259linc\u0259 is\u0259, \u015fahidl\u0259r bunun \u0259sass\u0131z oldu\u011funu bildirir.\n<\/p>\n<p>\n  Proses i\u015ftirak\u00e7\u0131s\u0131 \u00c7ingiz Sultansoy\u00a0X\u0259dic\u0259 \u0130smay\u0131l\u0131n g\u00fcmrah oldu\u011funu deyir.\n<\/p>\n<p>\n  Jurnalistin m\u0259hk\u0259m\u0259si avqustun 11-i, saat 11-d\u0259 davam ed\u0259c\u0259k.<\/p>\n","protected":false},"excerpt":{"rendered":"<p>Ara\u015fd\u0131rma\u00e7\u0131 jurnalist X\u0259dic\u0259 \u0130smay\u0131l\u0131n m\u0259hk\u0259m\u0259 prosesind\u0259 \u015fahidl\u0259r dindirilib.<\/p>\n","protected":false},"author":11,"featured_media":31419,"comment_status":"closed","ping_status":"open","sticky":false,"template":"","format":"standard","meta":{"_acf_changed":false,"_sitemap_exclude":false,"_sitemap_priority":"","_sitemap_frequency":"","footnotes":""},"categories":[63],"tags":[],"class_list":["post-169395","post","type-post","status-publish","format-standard","has-post-thumbnail","hentry","category-video-2","infinite-scroll-item","generate-columns","tablet-grid-50","mobile-grid-100","grid-parent","grid-33","no-featured-image-padding"],"acf":[],"yoast_head":"<!-- This site is optimized with the Yoast SEO plugin v28.4 - https:\/\/yoast.com\/product\/yoast-seo-wordpress\/ -->\n<title>&#039;&#039;H\u0259bsxana h\u0259yat\u0131 onu s\u0131nd\u0131rmay\u0131b!&#039;&#039; (V\u0130DEO) - MEYDAN.TV<\/title>\n<meta name=\"robots\" content=\"index, follow, max-snippet:-1, max-image-preview:large, max-video-preview:-1\" \/>\n<link rel=\"canonical\" href=\"https:\/\/www.meydan.tv\/az\/article\/hebsxana-heyati-onu-sindirmayib-video\/\" \/>\n<meta property=\"og:locale\" content=\"az_AZ\" \/>\n<meta property=\"og:type\" content=\"article\" \/>\n<meta property=\"og:title\" content=\"&#039;&#039;H\u0259bsxana h\u0259yat\u0131 onu s\u0131nd\u0131rmay\u0131b!&#039;&#039; (V\u0130DEO) - MEYDAN.TV\" \/>\n<meta property=\"og:description\" content=\"Ara\u015fd\u0131rma\u00e7\u0131 jurnalist X\u0259dic\u0259 \u0130smay\u0131l\u0131n m\u0259hk\u0259m\u0259 prosesind\u0259 \u015fahidl\u0259r dindirilib.\" \/>\n<meta property=\"og:url\" content=\"https:\/\/www.meydan.tv\/az\/article\/hebsxana-heyati-onu-sindirmayib-video\/\" \/>\n<meta property=\"og:site_name\" content=\"MEYDAN.TV\" \/>\n<meta property=\"article:published_time\" content=\"2015-08-11T02:02:12+00:00\" \/>\n<meta property=\"og:image\" content=\"https:\/\/www.meydan.tv\/wp-content\/uploads\/11698.jpg\" \/>\n\t<meta property=\"og:image:width\" content=\"1416\" \/>\n\t<meta property=\"og:image:height\" content=\"794\" \/>\n\t<meta property=\"og:image:type\" content=\"image\/jpeg\" \/>\n<meta name=\"twitter:card\" content=\"summary_large_image\" \/>\n<!-- \/ Yoast SEO plugin. -->","yoast_head_json":{"title":"''H\u0259bsxana h\u0259yat\u0131 onu s\u0131nd\u0131rmay\u0131b!'' (V\u0130DEO) - MEYDAN.TV","robots":{"index":"index","follow":"follow","max-snippet":"max-snippet:-1","max-image-preview":"max-image-preview:large","max-video-preview":"max-video-preview:-1"},"canonical":"https:\/\/www.meydan.tv\/az\/article\/hebsxana-heyati-onu-sindirmayib-video\/","og_locale":"az_AZ","og_type":"article","og_title":"''H\u0259bsxana h\u0259yat\u0131 onu s\u0131nd\u0131rmay\u0131b!'' (V\u0130DEO) - MEYDAN.TV","og_description":"Ara\u015fd\u0131rma\u00e7\u0131 jurnalist X\u0259dic\u0259 \u0130smay\u0131l\u0131n m\u0259hk\u0259m\u0259 prosesind\u0259 \u015fahidl\u0259r dindirilib.","og_url":"https:\/\/www.meydan.tv\/az\/article\/hebsxana-heyati-onu-sindirmayib-video\/","og_site_name":"MEYDAN.TV","article_published_time":"2015-08-11T02:02:12+00:00","og_image":[{"width":1416,"height":794,"url":"https:\/\/www.meydan.tv\/wp-content\/uploads\/11698.jpg","type":"image\/jpeg"}],"twitter_card":"summary_large_image","schema":{"@context":"https:\/\/schema.org","@graph":[{"@type":"Article","@id":"https:\/\/www.meydan.tv\/az\/article\/hebsxana-heyati-onu-sindirmayib-video\/#article","isPartOf":{"@id":"https:\/\/www.meydan.tv\/az\/article\/hebsxana-heyati-onu-sindirmayib-video\/"},"author":{"name":"user-manager","@id":"https:\/\/www.meydan.tv\/az\/#\/schema\/person\/10d11eccf6da3662cf5fdab9806ea91a"},"headline":"&#8221;H\u0259bsxana h\u0259yat\u0131 onu s\u0131nd\u0131rmay\u0131b!&#8221; (V\u0130DEO)","datePublished":"2015-08-11T02:02:12+00:00","mainEntityOfPage":{"@id":"https:\/\/www.meydan.tv\/az\/article\/hebsxana-heyati-onu-sindirmayib-video\/"},"wordCount":204,"publisher":{"@id":"https:\/\/www.meydan.tv\/az\/#organization"},"image":{"@id":"https:\/\/www.meydan.tv\/az\/article\/hebsxana-heyati-onu-sindirmayib-video\/#primaryimage"},"thumbnailUrl":"https:\/\/www.meydan.tv\/wp-content\/uploads\/11698.jpg","articleSection":["Video"],"inLanguage":"az"},{"@type":"WebPage","@id":"https:\/\/www.meydan.tv\/az\/article\/hebsxana-heyati-onu-sindirmayib-video\/","url":"https:\/\/www.meydan.tv\/az\/article\/hebsxana-heyati-onu-sindirmayib-video\/","name":"''H\u0259bsxana h\u0259yat\u0131 onu s\u0131nd\u0131rmay\u0131b!'' (V\u0130DEO) - MEYDAN.TV","isPartOf":{"@id":"https:\/\/www.meydan.tv\/az\/#website"},"primaryImageOfPage":{"@id":"https:\/\/www.meydan.tv\/az\/article\/hebsxana-heyati-onu-sindirmayib-video\/#primaryimage"},"image":{"@id":"https:\/\/www.meydan.tv\/az\/article\/hebsxana-heyati-onu-sindirmayib-video\/#primaryimage"},"thumbnailUrl":"https:\/\/www.meydan.tv\/wp-content\/uploads\/11698.jpg","datePublished":"2015-08-11T02:02:12+00:00","breadcrumb":{"@id":"https:\/\/www.meydan.tv\/az\/article\/hebsxana-heyati-onu-sindirmayib-video\/#breadcrumb"},"inLanguage":"az","potentialAction":[{"@type":"ReadAction","target":["https:\/\/www.meydan.tv\/az\/article\/hebsxana-heyati-onu-sindirmayib-video\/"]}]},{"@type":"ImageObject","inLanguage":"az","@id":"https:\/\/www.meydan.tv\/az\/article\/hebsxana-heyati-onu-sindirmayib-video\/#primaryimage","url":"https:\/\/www.meydan.tv\/wp-content\/uploads\/11698.jpg","contentUrl":"https:\/\/www.meydan.tv\/wp-content\/uploads\/11698.jpg","width":1416,"height":794,"caption":"Source:"},{"@type":"BreadcrumbList","@id":"https:\/\/www.meydan.tv\/az\/article\/hebsxana-heyati-onu-sindirmayib-video\/#breadcrumb","itemListElement":[{"@type":"ListItem","position":1,"name":"Ana s\u0259hif\u0259","item":"https:\/\/www.meydan.tv\/az\/"},{"@type":"ListItem","position":2,"name":"Video","item":"https:\/\/www.meydan.tv\/az\/section\/video-2\/"},{"@type":"ListItem","position":3,"name":"&#8221;H\u0259bsxana h\u0259yat\u0131 onu s\u0131nd\u0131rmay\u0131b!&#8221; (V\u0130DEO)"}]},{"@type":"WebSite","@id":"https:\/\/www.meydan.tv\/az\/#website","url":"https:\/\/www.meydan.tv\/az\/","name":"MEYDAN.TV","description":"Meydan TV Az\u0259rbaycan\u0131n media m\u0259kan\u0131ndak\u0131 alternativ s\u0259sidir","publisher":{"@id":"https:\/\/www.meydan.tv\/az\/#organization"},"potentialAction":[{"@type":"SearchAction","target":{"@type":"EntryPoint","urlTemplate":"https:\/\/www.meydan.tv\/az\/?s={search_term_string}"},"query-input":{"@type":"PropertyValueSpecification","valueRequired":true,"valueName":"search_term_string"}}],"inLanguage":"az"},{"@type":"Organization","@id":"https:\/\/www.meydan.tv\/az\/#organization","name":"Meydan TV","url":"https:\/\/www.meydan.tv\/az\/","logo":{"@type":"ImageObject","inLanguage":"az","@id":"https:\/\/www.meydan.tv\/az\/#\/schema\/logo\/image\/","url":"https:\/\/www.meydan.tv\/wp-content\/uploads\/2021\/07\/meydan-logo.svg","contentUrl":"https:\/\/www.meydan.tv\/wp-content\/uploads\/2021\/07\/meydan-logo.svg","width":195,"height":46,"caption":"Meydan TV"},"image":{"@id":"https:\/\/www.meydan.tv\/az\/#\/schema\/logo\/image\/"}},{"@type":"Person","@id":"https:\/\/www.meydan.tv\/az\/#\/schema\/person\/10d11eccf6da3662cf5fdab9806ea91a","name":"user-manager"}]}},"_links":{"self":[{"href":"https:\/\/www.meydan.tv\/az\/wp-json\/wp\/v2\/posts\/169395","targetHints":{"allow":["GET"]}}],"collection":[{"href":"https:\/\/www.meydan.tv\/az\/wp-json\/wp\/v2\/posts"}],"about":[{"href":"https:\/\/www.meydan.tv\/az\/wp-json\/wp\/v2\/types\/post"}],"author":[{"embeddable":true,"href":"https:\/\/www.meydan.tv\/az\/wp-json\/wp\/v2\/users\/11"}],"replies":[{"embeddable":true,"href":"https:\/\/www.meydan.tv\/az\/wp-json\/wp\/v2\/comments?post=169395"}],"version-history":[{"count":0,"href":"https:\/\/www.meydan.tv\/az\/wp-json\/wp\/v2\/posts\/169395\/revisions"}],"wp:featuredmedia":[{"embeddable":true,"href":"https:\/\/www.meydan.tv\/az\/wp-json\/wp\/v2\/media\/31419"}],"wp:attachment":[{"href":"https:\/\/www.meydan.tv\/az\/wp-json\/wp\/v2\/media?parent=169395"}],"wp:term":[{"taxonomy":"category","embeddable":true,"href":"https:\/\/www.meydan.tv\/az\/wp-json\/wp\/v2\/categories?post=169395"},{"taxonomy":"post_tag","embeddable":true,"href":"https:\/\/www.meydan.tv\/az\/wp-json\/wp\/v2\/tags?post=169395"}],"curies":[{"name":"wp","href":"https:\/\/api.w.org\/{rel}","templated":true}]}}