{"id":169373,"date":"2015-08-10T00:49:44","date_gmt":"2015-08-10T00:49:44","guid":{"rendered":"https:\/\/www.meydan.tv\/article\/aynali-pehlevanlarin-qatil-sonu\/"},"modified":"2015-08-10T00:49:44","modified_gmt":"2015-08-10T00:49:44","slug":"aynali-pehlevanlarin-qatil-sonu","status":"publish","type":"post","link":"https:\/\/www.meydan.tv\/az\/article\/aynali-pehlevanlarin-qatil-sonu\/","title":{"rendered":"\u201cAynal\u0131 P\u0259hl\u0259van\u201dlar\u0131n qatil sonu"},"content":{"rendered":"<figure class=\"wp-block-image size-large\">\n  <img decoding=\"async\" src=\"https:\/\/www.meydan.tv\/az\/31310\/\" alt=\"\" class=\"wp-image-31310\"\/><figcaption><\/figcaption><\/figure>\n<figure class=\"wp-block-image size-large\">\n  <img decoding=\"async\" src=\"https:\/\/www.meydan.tv\/az\/31307\/\" alt=\"\" class=\"wp-image-31307\"\/><figcaption><\/figcaption><\/figure>\n<p>\n  Biri varm\u0131\u015f, biri yoxmu\u015f. Bir pad\u015fah varm\u0131\u015f. Pad\u015fah\u0131n bir sevimli p\u0259hl\u0259van\u0131 varm\u0131\u015f. Pad\u015fah bu p\u0259hl\u0259vana d\u0259rin bir sevgi b\u0259sl\u0259yirmi\u015f. \u00d6lk\u0259nin d\u00f6rd bir yan\u0131ndan p\u0259hl\u0259vanlar onunla g\u00fcl\u0259\u015fm\u0259y\u0259 g\u0259lir, amma ham\u0131s\u0131 z\u0259bun olub, geri qay\u0131d\u0131rm\u0131\u015f. \u0130ll\u0259rl\u0259 qalib g\u0259lm\u0259yi, he\u00e7 kim\u0259 m\u0259\u011flub olmama\u011f\u0131 p\u0259hl\u0259van\u0131 el\u0259 \u00f6z\u00fcnd\u0259n arxay\u0131n sal\u0131bm\u0131\u015f ki, dizl\u0259rin\u0259 ayna, g\u00fczg\u00fc ba\u011flay\u0131b g\u0259zirmi\u015f. Y\u0259ni dizl\u0259rinin yer\u0259 g\u0259lm\u0259y\u0259c\u0259yind\u0259n, bu aynalar\u0131n s\u0131n\u0131b, dizin\u0259 batmayaca\u011f\u0131ndan bu q\u0259d\u0259r \u0259min imi\u015f. Bu aynalara g\u00f6r\u0259 ad\u0131n\u0131 \u201cAynal\u0131 P\u0259hl\u0259van\u201d qoyubmu\u015flar.\n<\/p>\n<p>\n  G\u00fcnl\u0259rin bir g\u00fcn\u00fc Aynal\u0131 P\u0259hl\u0259van did\u0259rgin, s\u0259rg\u0259rdan bir p\u0259hl\u0259vana rast g\u0259lir. Ona la\u011f edir. S\u0259rg\u0259rdan p\u0259hl\u0259van Aynal\u0131 p\u0259hl\u0259van\u0131 birc\u0259 h\u0259ml\u0259d\u0259c\u0259 ba\u015f\u0131na al\u0131b, yer\u0259 \u00e7\u0131rp\u0131r v\u0259 Aynal\u0131n\u0131n dizl\u0259rind\u0259ki g\u00fcz\u011f\u00fcl\u0259r \u00e7ilik-\u00e7ilik olub, dizl\u0259rini qanad\u0131r.\n<\/p>\n<p>\n  S\u0259rg\u0259rdan p\u0259hl\u0259van deyir ki, q\u0131r\u0131lan t\u0259kc\u0259 g\u00fczg\u00fcl\u0259r deyil, h\u0259m d\u0259 s\u0259nin x\u0259yallar\u0131n idi. El\u0259 x\u0259yal edirdin ki, \u0259n g\u00fccl\u00fc p\u0259hl\u0259vansan. Halbuki, g\u00fcc\u00fcn dizl\u0259rind\u0259 deyildi, s\u0259ni sevimlisi elan ed\u0259n\u00a0 pad\u015fah\u0131n q\u0259z\u0259bind\u0259 idi. B\u00fct\u00fcn p\u0259hl\u0259vanlar onun q\u0259z\u0259bind\u0259n qorxub, s\u0259n\u0259 uduzurdular.<br \/>\n  <br \/>\n  G\u0259lin, bir az m\u00fcasir d\u00f6vr\u0259 qay\u0131daq.\n<\/p>\n<p>\n  Yaz\u0131m\u0131z\u0131n g\u00fcn\u00fcm\u00fcz\u0259 aid olan hiss\u0259sin\u0259 g\u0259nc ictimai f\u0259al xan\u0131mlardan birinin payla\u015f\u0131m\u0131 il\u0259 ba\u015flayaq.<br \/>\n  <br \/>\n  \u201cO g\u00fcn mar\u015fruta mindim. G\u00f6rd\u00fcm, yerl\u0259r ham\u0131s\u0131 m\u0259\u015f\u011fuldu. Bir oturaca\u011fa is\u0259 idman sumkas\u0131 qoyulub. Ayaq \u00fcst\u0259 durdum. Avtobus t\u0259rp\u0259n\u0259nd\u0259 bir idman\u00e7\u0131 g\u00f6rk\u0259mli, yo\u011fun boyunlu adam mindi. Durdu sumkan\u0131n ba\u015f\u0131n\u0131n \u00fcst\u00fcnd\u0259. Yol boyu bel\u0259c\u0259 durdu. Camaat ayaq \u00fcst\u0259 dayand\u0131, o is\u0259 \u00e7antas\u0131n\u0131 otuzdurdu.\n<\/p>\n<p>\n  \u00d6z\u00fcmd\u0259 fikirl\u0259\u015fdim ki, haqq\u0131d\u0131r. \u0130st\u0259yir, \u00f6z\u00fc oturur, ist\u0259yir, \u00e7antas\u0131n\u0131 otuzdurur. Avtobus dolu, istid\u0259n bi\u015firik. G\u0259ldik bir ma\u011fazan\u0131n qar\u015f\u0131s\u0131nda dayand\u0131q. \u0130dman\u00e7\u0131 o\u011flan s\u00fcr\u00fcc\u00fcy\u0259 n\u0259s\u0259 dedi, d\u00fc\u015fd\u00fc. \u015e\u00fc\u015f\u0259d\u0259n bax\u0131ram, g\u00f6r\u00fcr\u0259m, qarp\u0131z se\u00e7ir. S\u00fcr\u00fcc\u00fcy\u0259 dedim, indi biz bunu g\u00f6zl\u0259y\u0259c\u0259yik? S\u00fcr\u00fcc\u00fc dedi ki, g\u00f6zl\u0259y\u0259nd\u0259 n\u0259 olar? Cin vurdu t\u0259p\u0259m\u0259. Dedim:<br \/>\n  <br \/>\n  &#8211; At\u0131n onun \u00e7antas\u0131n bay\u0131ra, bir avtobus dolu adam g\u00f6zl\u0259y\u0259c\u0259k ki, bu qarp\u0131z se\u00e7sin?<br \/>\n  <br \/>\n  S\u00fcr\u00fcc\u00fc q\u0131m\u0131ldanm\u0131r. Ham\u0131 da susub. N\u0259 is\u0259, 3 d\u0259qiq\u0259y\u0259-filan qay\u0131td\u0131. Deyir\u0259m:<br \/>\n  <br \/>\n  &#8211; Biz sizi g\u00f6zl\u0259m\u0259liyik?!<br \/>\n  <br \/>\n  Deyir;<br \/>\n  <br \/>\n  S\u0259birli olun.<br \/>\n  <br \/>\n  Dedim:\n<\/p>\n<p>\n  Lap ag\u0131n \u00e7\u0131xartm\u0131s\u0131z. Sumkan\u0131z\u0131 otuzdurduz, haqq\u0131n\u0131zd\u0131r dedim, amma bele ab\u0131rs\u0131zl\u0131q olmaz ax\u0131. Utanm\u0131rs\u0131z?<br \/>\n  <br \/>\n  Cumdu \u00fcstum\u0259 ki, agz\u0131n\u0131n dan\u0131\u015f\u0131\u011f\u0131n\u0131 bil. B\u00fct\u00fcn avtobus da dayan\u0131b, bax\u0131r. He\u00e7 kim dill\u0259nmir. Ax\u0131r ki, birt\u0259h\u0259r \u00fczr ist\u0259di\u201d.\n<\/p>\n<p>\n  Xeyli utana-utana yaz\u0131ya sald\u0131\u011f\u0131m bu hadis\u0259, dialoq bir m\u0259nada \u00e7ox vacibdir. Bu hadis\u0259d\u0259, s\u0131radan bir az\u0259rbaycanl\u0131 idman\u00e7\u0131n\u0131n etik, m\u0259d\u0259ni s\u0259viyy\u0259sin\u0259, \u00fcnsiyy\u0259t m\u0259d\u0259niyy\u0259tin\u0259 \u015fahid oluruq. \u018flb\u0259tt\u0259, \u00fcmumil\u0259\u015fdirm\u0259 etm\u0259k \u0259dal\u0259tsizlikdir. \u0130dman adam\u0131 ola bil\u0259r v\u0259 var ki, oxumu\u015fdur, savadl\u0131d\u0131r, m\u0259d\u0259nidir, n\u0259zak\u0259t, etika qaydalar\u0131n\u0131 pozmaz. H\u0259tta b\u0259lk\u0259 onlar \u00e7oxdurlar. Amma onlar\u0131n varl\u0131\u011f\u0131 da, ill\u0259rdir formala\u015fan az\u0259rbaycanl\u0131 idman\u00e7\u0131 obraz\u0131n\u0131 d\u0259yi\u015fmir. Efird\u0259 dan\u0131\u015fanda iki c\u00fcml\u0259ni yana\u015f\u0131 dey\u0259 bilm\u0259y\u0259n, sad\u0259 etik qaydalara \u0259m\u0259l ed\u0259 bilm\u0259y\u0259n, h\u0259yatda \u0259n ciddi fenomenin \u0259z\u0259l\u0259 oldu\u011funa inanan insan kimi g\u00f6r\u00fcn\u00fcr biz\u0259 idman\u00e7\u0131lar\u0131m\u0131z. Bu obraz\u0131 biz uydurmam\u0131\u015f\u0131q. \u00d6zl\u0259ri ill\u0259rl\u0259 dan\u0131\u015f\u0131qlar\u0131, davran\u0131\u015flar\u0131, m\u0259d\u0259ni s\u0259viyy\u0259l\u0259ri il\u0259 yarad\u0131blar bu obraz\u0131.\n<\/p>\n<p>\n  Bu g\u00fcn is\u0259 biz idman\u00e7\u0131 har\u0131nl\u0131\u011f\u0131, \u00f6zba\u015f\u0131nal\u0131\u011f\u0131n\u0131 konkret \u0259m\u0259ld\u0259, \u00f6z\u00fc d\u0259 cinay\u0259t \u0259m\u0259lind\u0259 g\u00f6rd\u00fck.<br \/>\n  <br \/>\n  Amma bu kobudluq, bu \u00f6z\u00fcnd\u0259n raz\u0131l\u0131q, har\u0131nl\u0131q sad\u0259c\u0259 \u0259z\u0259l\u0259, bil\u0259k, ayaq g\u00fcc\u00fcn\u0259 olan inamdanm\u0131 do\u011fur? Yox.\n<\/p>\n<p>\n  T\u0259s\u0259vv\u00fcr edin, bir \u00f6lk\u0259d\u0259 kitaba diqq\u0259t yoxdur. Kinoya diqq\u0259t yoxdur. R\u0259ssamlara yat\u0131r\u0131m edilmir. \u0130nc\u0259s\u0259n\u0259t\u0259, tibb\u0259, elm\u0259, texnikaya yat\u0131r\u0131m edilmir. Yat\u0131r\u0131m edil\u0259n iki sah\u0259d\u0259n biri idmand\u0131r. Idman\u00e7\u0131lar efird\u0259, t\u0259dbrl\u0259rd\u0259, yar\u0131\u015flarda. Onlar bayraq qald\u0131d\u0131r. Onlar t\u0259rifl\u0259nir. Onlar m\u0259dh olunur. Onlar hakimiyy\u0259td\u0259n imtiyazlar, t\u0259rifnam\u0259l\u0259r, m\u00fckafatlar al\u0131r. M\u00fckafatlar\u0131 y\u00fcz minl\u0259rl\u0259 \u00f6l\u00e7\u00fcl\u00fcr. \u0259n \u00e7ox maa\u015f \u00f6d\u0259n\u0259n v\u0259zif\u0259l\u0259r verilir. Mitinql\u0259rd\u0259 onlar\u0131 etiraz\u00e7\u0131lar\u0131n \u00fcz\u0259rin\u0259 g\u00f6nd\u0259rir, icaz\u0259 verirl\u0259r ki, sad\u0259 v\u0259t\u0259nda\u015flarla ist\u0259dikl\u0259ri kimi r\u0259ftar etsinl\u0259r. Adam d\u00f6ys\u00fcnl\u0259r, burun s\u0131nd\u0131rs\u0131nlar, qol bursunlar, boyun \u00e7evirsinl\u0259r.\n<\/p>\n<p>\n  \u0130ndi \u00f6z\u00fcn\u00fcz d\u00fc\u015f\u00fcn\u00fcn, ciddi m\u0259n\u0259vi bazas\u0131 olmayan, b\u0259\u015f\u0259ri d\u0259y\u0259rl\u0259rd\u0259n yum\u015faqdes\u0259k, az x\u0259bardar olan insanlar \u00fc\u00e7\u00fcn n\u0259 dem\u0259kdir bu m\u00fcnasib\u0259t, bu imtiyazlar, bu icaz\u0259l\u0259r? \u0130dman sah\u0259si, idman\u00e7\u0131lar bu g\u00fcn el\u0259 imtiyazl\u0131 bir sah\u0259y\u0259, el\u0259 imtiyazl\u0131 z\u00fcmr\u0259y\u0259 \u00e7evrilibl\u0259r ki, onlar\u0131n hans\u0131nasa konkret, f\u0259rdi imtiyaz verm\u0259k d\u0259 laz\u0131m deyil. Konkret m\u00fckafatland\u0131rmaq da laz\u0131m deyil. F\u0259rdi \u015f\u0259kild\u0259 yaxas\u0131na medal taxmaq da laz\u0131m deyil. \u0130dman\u00e7\u0131 bilir, onun sah\u0259sin\u0259 diqq\u0259t, \u00f6z\u0259l m\u00fcnasib\u0259t el\u0259 s\u0259viyy\u0259d\u0259dir ki, \u00f6z\u00fc il\u0259 m\u00fcqayis\u0259d\u0259 bir jurnalistin, h\u0259kimin, m\u00fc\u0259llimin, t\u0259l\u0259b\u0259nin can\u0131, qan\u0131, heysiyy\u0259ti he\u00e7 n\u0259dir. \u0130dman\u00e7\u0131n\u0131 kobud. saymaz, har\u0131n ed\u0259n onun \u00f6z\u00fcn\u0259 yox, sah\u0259sin\u0259 veril\u0259n imtiyaz, \u00fcst\u00fcnl\u00fckd\u00fcr. V\u0259, \u0259n t\u0259hl\u00fck\u0259lisi budur ki, h\u0259r bir idman\u00e7\u0131 bunu hiss edir.\n<\/p>\n<p>\n  Rasimin q\u0259tlini \u015f\u0259rtl\u0259ndir\u0259n s\u0259b\u0259bl\u0259rd\u0259n daha biri d\u0259, \u00f6lk\u0259d\u0259 insan qan\u0131n\u0131n ucuz olmas\u0131 idi. B\u0259lk\u0259 d\u0259, onu d\u00f6y\u0259nl\u0259r he\u00e7 \u011fld\u00fcrm\u0259k ist\u0259m\u0259mi\u015fdil\u0259r. Amma \u00f6ld\u00fcr\u0259 bil\u0259c\u0259kl\u0259rind\u0259n d\u0259 \u00e7\u0259kinm\u0259mi\u015fdil\u0259r. Jurnalistin s\u00f6z\u00fcn\u00fc b\u0259y\u0259nm\u0259yib, ona zor t\u0259dbiq etm\u0259k ist\u0259y\u0259n Idman\u00e7\u0131 bilmirmi ki, adam d\u00f6ym\u0259yin d\u0259, \u00f6ld\u00fcrm\u0259yin d\u0259, zorlama\u011f\u0131n da, t\u0259hqir etm\u0259yin d\u0259 qiym\u0259ti var? Adam d\u00f6ym\u0259yin c\u0259zas\u0131 300 manat olan bir \u00f6lk\u0259d\u0259 jurnalisti d\u00f6ym\u0259k y\u00fcz minl\u0259rl\u0259 m\u00fckafat alan idman\u00e7\u0131n\u0131n cibin\u0259 g\u00f6r\u0259dir. Bu da var y\u0259ni. Bir d\u0259 ki, o idman\u00e7\u0131 \u015f\u0259hid qan\u0131n\u0131n, Qaraba\u011f qazisinin qan\u0131n\u0131n nec\u0259 pulla al\u0131nma\u011f\u0131n\u0131 g\u00f6rm\u0259dimi? G\u00f6rd\u00fc.\n<\/p>\n<p>\n  Varl\u0131, imkanl\u0131, imtiyazl\u0131 insanlar \u00fc\u00e7\u00fcn daha qanun yoxdur \u00f6lk\u0259d\u0259. X\u0259rc var. D\u00f6y\u0259nd\u0259 bir az x\u0259rcdi, d\u00f6y\u00fcl\u0259n adam \u00f6l\u0259nd\u0259 x\u0259rc bir az art\u0131q \u00e7\u0131xacaq. D\u00f6y\u00fcl\u00fcb, \u00f6l\u0259n jurnalist olanda is\u0259, lap \u00e7ox x\u0259rc \u00e7\u0131xacaq. Amma ham\u0131s\u0131 sad\u0259c\u0259 x\u0259rcdi. V\u0259ssalam.<br \/>\n  <br \/>\n  Bel\u0259c\u0259, Aynal\u0131 P\u0259hl\u0259vanlar\u0131 qatill\u0259rimiz\u0259 \u00e7eviriril\u0259r\u2026.<br \/>\n  <\/p>\n","protected":false},"excerpt":{"rendered":"<p>\u201cAynal\u0131 P\u0259hl\u0259van\u201d\u0131n na\u011f\u0131l\u0131.<\/p>\n","protected":false},"author":11,"featured_media":31310,"comment_status":"closed","ping_status":"open","sticky":false,"template":"","format":"standard","meta":{"_acf_changed":false,"_sitemap_exclude":false,"_sitemap_priority":"","_sitemap_frequency":"","footnotes":""},"categories":[57],"tags":[],"class_list":["post-169373","post","type-post","status-publish","format-standard","has-post-thumbnail","hentry","category-menim-fikrimce","infinite-scroll-item","generate-columns","tablet-grid-50","mobile-grid-100","grid-parent","grid-33","no-featured-image-padding"],"acf":[],"yoast_head":"<!-- This site is optimized with the Yoast SEO plugin v27.5 - https:\/\/yoast.com\/product\/yoast-seo-wordpress\/ -->\n<title>\u201cAynal\u0131 P\u0259hl\u0259van\u201dlar\u0131n qatil sonu - MEYDAN.TV<\/title>\n<meta name=\"robots\" content=\"index, follow, max-snippet:-1, max-image-preview:large, max-video-preview:-1\" \/>\n<link rel=\"canonical\" href=\"https:\/\/www.meydan.tv\/az\/article\/aynali-pehlevanlarin-qatil-sonu\/\" \/>\n<meta property=\"og:locale\" content=\"az_AZ\" \/>\n<meta property=\"og:type\" content=\"article\" \/>\n<meta property=\"og:title\" content=\"\u201cAynal\u0131 P\u0259hl\u0259van\u201dlar\u0131n qatil sonu - MEYDAN.TV\" \/>\n<meta property=\"og:description\" content=\"\u201cAynal\u0131 P\u0259hl\u0259van\u201d\u0131n na\u011f\u0131l\u0131.\" \/>\n<meta property=\"og:url\" content=\"https:\/\/www.meydan.tv\/az\/article\/aynali-pehlevanlarin-qatil-sonu\/\" \/>\n<meta property=\"og:site_name\" content=\"MEYDAN.TV\" \/>\n<meta property=\"article:published_time\" content=\"2015-08-10T00:49:44+00:00\" \/>\n<meta property=\"og:image\" content=\"https:\/\/www.meydan.tv\/wp-content\/uploads\/11658.png\" \/>\n\t<meta property=\"og:image:width\" content=\"500\" \/>\n\t<meta property=\"og:image:height\" content=\"500\" \/>\n\t<meta property=\"og:image:type\" content=\"image\/png\" \/>\n<meta name=\"author\" content=\"user-manager\" \/>\n<meta name=\"twitter:card\" content=\"summary_large_image\" \/>\n<script type=\"application\/ld+json\" class=\"yoast-schema-graph\">{\"@context\":\"https:\\\/\\\/schema.org\",\"@graph\":[{\"@type\":\"Article\",\"@id\":\"https:\\\/\\\/www.meydan.tv\\\/az\\\/article\\\/aynali-pehlevanlarin-qatil-sonu\\\/#article\",\"isPartOf\":{\"@id\":\"https:\\\/\\\/www.meydan.tv\\\/az\\\/article\\\/aynali-pehlevanlarin-qatil-sonu\\\/\"},\"author\":{\"name\":\"user-manager\",\"@id\":\"https:\\\/\\\/www.meydan.tv\\\/az\\\/#\\\/schema\\\/person\\\/10d11eccf6da3662cf5fdab9806ea91a\"},\"headline\":\"\u201cAynal\u0131 P\u0259hl\u0259van\u201dlar\u0131n qatil sonu\",\"datePublished\":\"2015-08-10T00:49:44+00:00\",\"mainEntityOfPage\":{\"@id\":\"https:\\\/\\\/www.meydan.tv\\\/az\\\/article\\\/aynali-pehlevanlarin-qatil-sonu\\\/\"},\"wordCount\":1314,\"publisher\":{\"@id\":\"https:\\\/\\\/www.meydan.tv\\\/az\\\/#organization\"},\"image\":{\"@id\":\"https:\\\/\\\/www.meydan.tv\\\/az\\\/article\\\/aynali-pehlevanlarin-qatil-sonu\\\/#primaryimage\"},\"thumbnailUrl\":\"https:\\\/\\\/www.meydan.tv\\\/wp-content\\\/uploads\\\/11658.png\",\"articleSection\":[\"M\u0259nim Fikrimc\u0259\"],\"inLanguage\":\"az\"},{\"@type\":\"WebPage\",\"@id\":\"https:\\\/\\\/www.meydan.tv\\\/az\\\/article\\\/aynali-pehlevanlarin-qatil-sonu\\\/\",\"url\":\"https:\\\/\\\/www.meydan.tv\\\/az\\\/article\\\/aynali-pehlevanlarin-qatil-sonu\\\/\",\"name\":\"\u201cAynal\u0131 P\u0259hl\u0259van\u201dlar\u0131n qatil sonu - MEYDAN.TV\",\"isPartOf\":{\"@id\":\"https:\\\/\\\/www.meydan.tv\\\/az\\\/#website\"},\"primaryImageOfPage\":{\"@id\":\"https:\\\/\\\/www.meydan.tv\\\/az\\\/article\\\/aynali-pehlevanlarin-qatil-sonu\\\/#primaryimage\"},\"image\":{\"@id\":\"https:\\\/\\\/www.meydan.tv\\\/az\\\/article\\\/aynali-pehlevanlarin-qatil-sonu\\\/#primaryimage\"},\"thumbnailUrl\":\"https:\\\/\\\/www.meydan.tv\\\/wp-content\\\/uploads\\\/11658.png\",\"datePublished\":\"2015-08-10T00:49:44+00:00\",\"breadcrumb\":{\"@id\":\"https:\\\/\\\/www.meydan.tv\\\/az\\\/article\\\/aynali-pehlevanlarin-qatil-sonu\\\/#breadcrumb\"},\"inLanguage\":\"az\",\"potentialAction\":[{\"@type\":\"ReadAction\",\"target\":[\"https:\\\/\\\/www.meydan.tv\\\/az\\\/article\\\/aynali-pehlevanlarin-qatil-sonu\\\/\"]}]},{\"@type\":\"ImageObject\",\"inLanguage\":\"az\",\"@id\":\"https:\\\/\\\/www.meydan.tv\\\/az\\\/article\\\/aynali-pehlevanlarin-qatil-sonu\\\/#primaryimage\",\"url\":\"https:\\\/\\\/www.meydan.tv\\\/wp-content\\\/uploads\\\/11658.png\",\"contentUrl\":\"https:\\\/\\\/www.meydan.tv\\\/wp-content\\\/uploads\\\/11658.png\",\"width\":500,\"height\":500,\"caption\":\"Source:\"},{\"@type\":\"BreadcrumbList\",\"@id\":\"https:\\\/\\\/www.meydan.tv\\\/az\\\/article\\\/aynali-pehlevanlarin-qatil-sonu\\\/#breadcrumb\",\"itemListElement\":[{\"@type\":\"ListItem\",\"position\":1,\"name\":\"Ana s\u0259hif\u0259\",\"item\":\"https:\\\/\\\/www.meydan.tv\\\/az\\\/\"},{\"@type\":\"ListItem\",\"position\":2,\"name\":\"M\u0259nim Fikrimc\u0259\",\"item\":\"https:\\\/\\\/www.meydan.tv\\\/az\\\/section\\\/menim-fikrimce\\\/\"},{\"@type\":\"ListItem\",\"position\":3,\"name\":\"\u201cAynal\u0131 P\u0259hl\u0259van\u201dlar\u0131n qatil sonu\"}]},{\"@type\":\"WebSite\",\"@id\":\"https:\\\/\\\/www.meydan.tv\\\/az\\\/#website\",\"url\":\"https:\\\/\\\/www.meydan.tv\\\/az\\\/\",\"name\":\"MEYDAN.TV\",\"description\":\"Meydan TV Az\u0259rbaycan\u0131n media m\u0259kan\u0131ndak\u0131 alternativ s\u0259sidir\",\"publisher\":{\"@id\":\"https:\\\/\\\/www.meydan.tv\\\/az\\\/#organization\"},\"potentialAction\":[{\"@type\":\"SearchAction\",\"target\":{\"@type\":\"EntryPoint\",\"urlTemplate\":\"https:\\\/\\\/www.meydan.tv\\\/az\\\/?s={search_term_string}\"},\"query-input\":{\"@type\":\"PropertyValueSpecification\",\"valueRequired\":true,\"valueName\":\"search_term_string\"}}],\"inLanguage\":\"az\"},{\"@type\":\"Organization\",\"@id\":\"https:\\\/\\\/www.meydan.tv\\\/az\\\/#organization\",\"name\":\"Meydan TV\",\"url\":\"https:\\\/\\\/www.meydan.tv\\\/az\\\/\",\"logo\":{\"@type\":\"ImageObject\",\"inLanguage\":\"az\",\"@id\":\"https:\\\/\\\/www.meydan.tv\\\/az\\\/#\\\/schema\\\/logo\\\/image\\\/\",\"url\":\"https:\\\/\\\/www.meydan.tv\\\/wp-content\\\/uploads\\\/2021\\\/07\\\/meydan-logo.svg\",\"contentUrl\":\"https:\\\/\\\/www.meydan.tv\\\/wp-content\\\/uploads\\\/2021\\\/07\\\/meydan-logo.svg\",\"width\":195,\"height\":46,\"caption\":\"Meydan TV\"},\"image\":{\"@id\":\"https:\\\/\\\/www.meydan.tv\\\/az\\\/#\\\/schema\\\/logo\\\/image\\\/\"}},{\"@type\":\"Person\",\"@id\":\"https:\\\/\\\/www.meydan.tv\\\/az\\\/#\\\/schema\\\/person\\\/10d11eccf6da3662cf5fdab9806ea91a\",\"name\":\"user-manager\"}]}<\/script>\n<!-- \/ Yoast SEO plugin. -->","yoast_head_json":{"title":"\u201cAynal\u0131 P\u0259hl\u0259van\u201dlar\u0131n qatil sonu - MEYDAN.TV","robots":{"index":"index","follow":"follow","max-snippet":"max-snippet:-1","max-image-preview":"max-image-preview:large","max-video-preview":"max-video-preview:-1"},"canonical":"https:\/\/www.meydan.tv\/az\/article\/aynali-pehlevanlarin-qatil-sonu\/","og_locale":"az_AZ","og_type":"article","og_title":"\u201cAynal\u0131 P\u0259hl\u0259van\u201dlar\u0131n qatil sonu - MEYDAN.TV","og_description":"\u201cAynal\u0131 P\u0259hl\u0259van\u201d\u0131n na\u011f\u0131l\u0131.","og_url":"https:\/\/www.meydan.tv\/az\/article\/aynali-pehlevanlarin-qatil-sonu\/","og_site_name":"MEYDAN.TV","article_published_time":"2015-08-10T00:49:44+00:00","og_image":[{"width":500,"height":500,"url":"https:\/\/www.meydan.tv\/wp-content\/uploads\/11658.png","type":"image\/png"}],"author":"user-manager","twitter_card":"summary_large_image","schema":{"@context":"https:\/\/schema.org","@graph":[{"@type":"Article","@id":"https:\/\/www.meydan.tv\/az\/article\/aynali-pehlevanlarin-qatil-sonu\/#article","isPartOf":{"@id":"https:\/\/www.meydan.tv\/az\/article\/aynali-pehlevanlarin-qatil-sonu\/"},"author":{"name":"user-manager","@id":"https:\/\/www.meydan.tv\/az\/#\/schema\/person\/10d11eccf6da3662cf5fdab9806ea91a"},"headline":"\u201cAynal\u0131 P\u0259hl\u0259van\u201dlar\u0131n qatil sonu","datePublished":"2015-08-10T00:49:44+00:00","mainEntityOfPage":{"@id":"https:\/\/www.meydan.tv\/az\/article\/aynali-pehlevanlarin-qatil-sonu\/"},"wordCount":1314,"publisher":{"@id":"https:\/\/www.meydan.tv\/az\/#organization"},"image":{"@id":"https:\/\/www.meydan.tv\/az\/article\/aynali-pehlevanlarin-qatil-sonu\/#primaryimage"},"thumbnailUrl":"https:\/\/www.meydan.tv\/wp-content\/uploads\/11658.png","articleSection":["M\u0259nim Fikrimc\u0259"],"inLanguage":"az"},{"@type":"WebPage","@id":"https:\/\/www.meydan.tv\/az\/article\/aynali-pehlevanlarin-qatil-sonu\/","url":"https:\/\/www.meydan.tv\/az\/article\/aynali-pehlevanlarin-qatil-sonu\/","name":"\u201cAynal\u0131 P\u0259hl\u0259van\u201dlar\u0131n qatil sonu - MEYDAN.TV","isPartOf":{"@id":"https:\/\/www.meydan.tv\/az\/#website"},"primaryImageOfPage":{"@id":"https:\/\/www.meydan.tv\/az\/article\/aynali-pehlevanlarin-qatil-sonu\/#primaryimage"},"image":{"@id":"https:\/\/www.meydan.tv\/az\/article\/aynali-pehlevanlarin-qatil-sonu\/#primaryimage"},"thumbnailUrl":"https:\/\/www.meydan.tv\/wp-content\/uploads\/11658.png","datePublished":"2015-08-10T00:49:44+00:00","breadcrumb":{"@id":"https:\/\/www.meydan.tv\/az\/article\/aynali-pehlevanlarin-qatil-sonu\/#breadcrumb"},"inLanguage":"az","potentialAction":[{"@type":"ReadAction","target":["https:\/\/www.meydan.tv\/az\/article\/aynali-pehlevanlarin-qatil-sonu\/"]}]},{"@type":"ImageObject","inLanguage":"az","@id":"https:\/\/www.meydan.tv\/az\/article\/aynali-pehlevanlarin-qatil-sonu\/#primaryimage","url":"https:\/\/www.meydan.tv\/wp-content\/uploads\/11658.png","contentUrl":"https:\/\/www.meydan.tv\/wp-content\/uploads\/11658.png","width":500,"height":500,"caption":"Source:"},{"@type":"BreadcrumbList","@id":"https:\/\/www.meydan.tv\/az\/article\/aynali-pehlevanlarin-qatil-sonu\/#breadcrumb","itemListElement":[{"@type":"ListItem","position":1,"name":"Ana s\u0259hif\u0259","item":"https:\/\/www.meydan.tv\/az\/"},{"@type":"ListItem","position":2,"name":"M\u0259nim Fikrimc\u0259","item":"https:\/\/www.meydan.tv\/az\/section\/menim-fikrimce\/"},{"@type":"ListItem","position":3,"name":"\u201cAynal\u0131 P\u0259hl\u0259van\u201dlar\u0131n qatil sonu"}]},{"@type":"WebSite","@id":"https:\/\/www.meydan.tv\/az\/#website","url":"https:\/\/www.meydan.tv\/az\/","name":"MEYDAN.TV","description":"Meydan TV Az\u0259rbaycan\u0131n media m\u0259kan\u0131ndak\u0131 alternativ s\u0259sidir","publisher":{"@id":"https:\/\/www.meydan.tv\/az\/#organization"},"potentialAction":[{"@type":"SearchAction","target":{"@type":"EntryPoint","urlTemplate":"https:\/\/www.meydan.tv\/az\/?s={search_term_string}"},"query-input":{"@type":"PropertyValueSpecification","valueRequired":true,"valueName":"search_term_string"}}],"inLanguage":"az"},{"@type":"Organization","@id":"https:\/\/www.meydan.tv\/az\/#organization","name":"Meydan TV","url":"https:\/\/www.meydan.tv\/az\/","logo":{"@type":"ImageObject","inLanguage":"az","@id":"https:\/\/www.meydan.tv\/az\/#\/schema\/logo\/image\/","url":"https:\/\/www.meydan.tv\/wp-content\/uploads\/2021\/07\/meydan-logo.svg","contentUrl":"https:\/\/www.meydan.tv\/wp-content\/uploads\/2021\/07\/meydan-logo.svg","width":195,"height":46,"caption":"Meydan TV"},"image":{"@id":"https:\/\/www.meydan.tv\/az\/#\/schema\/logo\/image\/"}},{"@type":"Person","@id":"https:\/\/www.meydan.tv\/az\/#\/schema\/person\/10d11eccf6da3662cf5fdab9806ea91a","name":"user-manager"}]}},"_links":{"self":[{"href":"https:\/\/www.meydan.tv\/az\/wp-json\/wp\/v2\/posts\/169373","targetHints":{"allow":["GET"]}}],"collection":[{"href":"https:\/\/www.meydan.tv\/az\/wp-json\/wp\/v2\/posts"}],"about":[{"href":"https:\/\/www.meydan.tv\/az\/wp-json\/wp\/v2\/types\/post"}],"author":[{"embeddable":true,"href":"https:\/\/www.meydan.tv\/az\/wp-json\/wp\/v2\/users\/11"}],"replies":[{"embeddable":true,"href":"https:\/\/www.meydan.tv\/az\/wp-json\/wp\/v2\/comments?post=169373"}],"version-history":[{"count":0,"href":"https:\/\/www.meydan.tv\/az\/wp-json\/wp\/v2\/posts\/169373\/revisions"}],"wp:featuredmedia":[{"embeddable":true,"href":"https:\/\/www.meydan.tv\/az\/wp-json\/wp\/v2\/media\/31310"}],"wp:attachment":[{"href":"https:\/\/www.meydan.tv\/az\/wp-json\/wp\/v2\/media?parent=169373"}],"wp:term":[{"taxonomy":"category","embeddable":true,"href":"https:\/\/www.meydan.tv\/az\/wp-json\/wp\/v2\/categories?post=169373"},{"taxonomy":"post_tag","embeddable":true,"href":"https:\/\/www.meydan.tv\/az\/wp-json\/wp\/v2\/tags?post=169373"}],"curies":[{"name":"wp","href":"https:\/\/api.w.org\/{rel}","templated":true}]}}