{"id":169350,"date":"2015-08-09T03:12:23","date_gmt":"2015-08-09T03:12:23","guid":{"rendered":"https:\/\/www.meydan.tv\/article\/xirosimanin-ilk-qurbanlari\/"},"modified":"2015-08-09T03:12:23","modified_gmt":"2015-08-09T03:12:23","slug":"xirosimanin-ilk-qurbanlari","status":"publish","type":"post","link":"https:\/\/www.meydan.tv\/az\/article\/xirosimanin-ilk-qurbanlari\/","title":{"rendered":"Xiro\u015fiman\u0131n ilk qurbanlar\u0131"},"content":{"rendered":"<figure class=\"wp-block-image size-large\">\n  <img decoding=\"async\" src=\"https:\/\/www.meydan.tv\/az\/31166\/\" alt=\"\" class=\"wp-image-31166\"\/><figcaption><\/figcaption><\/figure>\n<figure class=\"wp-block-image size-large\">\n  <img decoding=\"async\" src=\"https:\/\/www.meydan.tv\/az\/31169\/\" alt=\"\" class=\"wp-image-31169\"\/><figcaption><\/figcaption><\/figure>\n<p>\n  D\u00fcn\u0259n Xiro\u015fiman\u0131n f\u0259lak\u0259tinin 70 illiyi idi, bu haqda, do\u011frusu, n\u0259s\u0259 yazmaq ist\u0259mirdim, amma \u015f\u0259b\u0259k\u0259d\u0259 \u00e7ox-\u00e7ox statuslar g\u00f6rd\u00fcm. \u018flb\u0259tt\u0259 ki, \u0259ks\u0259ri bizd\u0259 lap \u00e7oxdan formala\u015f\u0131b-da\u015fla\u015fm\u0131\u015f \u201cHitleri \u00e7ezdir\u0259n Rusiy\u0259tin morozu olub\u201d v\u0259 ya \u201cAmerkannar bomban\u0131 yapona Stalini qorxutmaq \u00fc\u00e7\u00fcn at\u0131b\u201d kimi baya\u011f\u0131-m\u00fcdrik \u201cbuddist\u201d m\u00fclahiz\u0259l\u0259r idi.\n<\/p>\n<p>\n  \u018fsla t\u0259\u0259cc\u00fcbl\u00fc deyil, n\u0259yis\u0259 \u00f6yr\u0259nm\u0259k, birc\u0259 tarixi hadis\u0259ni ki\u00e7icik detallar\u0131na q\u0259d\u0259r t\u0259s\u0259vv\u00fcr etm\u0259k \u00fc\u00e7\u00fcn ill\u0259rl\u0259 tozlu arxivl\u0259rd\u0259 e\u015f\u0259l\u0259nm\u0259k, g\u00f6z\u00fcn\u00fcn nurunu minl\u0259rl\u0259 elmi i\u015f, ara\u015fd\u0131rma, elmi \u0259d\u0259biyyat oxuma\u011fa s\u0259rf etm\u0259yin \u0259n yax\u015f\u0131 halda axmaql\u0131q, d\u0259lilik say\u0131ld\u0131\u011f\u0131 c\u0259miyy\u0259t \u00fc\u00e7\u00fcn el\u0259 bel\u0259 d\u0259 olmal\u0131d\u0131r. H\u0259r bir b\u00f6y\u00fck tarixi hadis\u0259 \u00fc\u00e7\u00fcn haz\u0131r kli\u015fe-q\u0259libl\u0259r v\u0259 he\u00e7 ba\u015f\u0131n\u0131 a\u011fr\u0131tma\u011fa da d\u0259ym\u0259z. \u201cBir film idi, baxd\u0131q, ke\u00e7di, getdi\u201d.\n<\/p>\n<p>\n  \u0130kinci d\u00fcnya m\u00fcharib\u0259sinin bu m\u0259nada b\u0259xti \u00e7ox g\u0259tirib, h\u0259l\u0259 indiy\u0259d\u0259k bir \u00e7oxu onun 1941-ci ild\u0259 ba\u015flanmas\u0131na tam s\u0259mimi inanan az\u0259rbaycanl\u0131lar, bu hadis\u0259nin kvintessensiyas\u0131n\u0131 el\u0259 yuxar\u0131dak\u0131 iki c\u00fcml\u0259 ifad\u0259 ed\u0259 bilib. \u00c7ox konkret. Daha milyonlarla kitablar, elmi ara\u015fd\u0131rmalar, s\u0259n\u0259dli v\u0259 b\u0259dii filml\u0259r, muzey v\u0259 tarixi abid\u0259l\u0259r\u0259, m\u0259qal\u0259 v\u0259 m\u00fcsahib\u0259, memuar v\u0259 esse, x\u0259rit\u0259 v\u0259 infoqrafikalara enerji s\u0259rf etm\u0259y\u0259 n\u0259 ehtiyac vard\u0131 ki?\n<\/p>\n<p>\n  Yax\u015f\u0131, Xiro\u015fima &#8211; nec\u0259 dey\u0259rl\u0259r &#8211; \u201cc\u0259h\u0259nn\u0259m\u201d, g\u00f6r\u0259n aktiv hiss\u0259si h\u0259l\u0259 21 il \u00f6nc\u0259 bitmi\u015f Qaraba\u011f m\u00fcharib\u0259si haqda yetkin bir ara\u015fd\u0131rmalar\u0131m\u0131z varm\u0131? \u018fmin\u0259m ki, n\u0259 q\u0259d\u0259r d\u0259 g\u00fcc\u0259ns\u0259k d\u0259 ortaya yaln\u0131z 3-4 kitab \u00e7\u0131xa bil\u0259r ki, bunlardan b\u0259lk\u0259 \u0259n \u0259sasl\u0131s\u0131 el\u0259 Tomas de Vaal\u0131n \u201cQaraba\u011f \u2013 Qara Ba\u011f\u201d kitab\u0131 olacaq. \u018fsasl\u0131 bir tarixi-elmi ara\u015fd\u0131rmaya malesef rastlamam\u0131\u015fam. Yen\u0259 d\u0259 he\u00e7 t\u0259\u0259cc\u00fcbl\u00fc deyil.<br \/>\n  <br \/>\n  Amma onu da dem\u0259liy\u0259m ki, t\u0259k biz bel\u0259 deyilik, qon\u015fu, r\u0259qib \u00f6lk\u0259sind\u0259 d\u0259 v\u0259ziyy\u0259t bundan yax\u015f\u0131 deyil. Onlar\u0131n da ba\u015fqa x\u0259st\u0259liyi bu i\u015fd\u0259 \u00f6z\u00fcn\u00fc b\u00fcruz\u0259 verib. Bir d\u0259f\u0259, dostumuz \u015eahbaz b\u0259yl\u0259, g\u0259r\u0259k ki, 2009-un pay\u0131z\u0131nda Frankfurt Kitab Yarmarkas\u0131nda (Frankfurter Buchmesse) g\u00f6r\u00fc\u015fd\u00fck, heyran-heyran \u0259trafa bax\u0131rd\u0131q ki, dedim ged\u0259k bizim bu \u00fc\u00e7 \u201crepublika\u201dn\u0131n kitab fuarlar\u0131na baxaq, g\u00f6r\u0259k kim n\u0259 \u00e7\u0131xar\u0131b. \u0130lk \u00f6nc\u0259 \u00f6z\u00fcm\u00fcz\u00fcnkin\u0259 getdik, qar\u015f\u0131m\u0131za biz\u0259 \u015f\u00fcbh\u0259li-\u015f\u00fcbh\u0259li baxan qarakurtkal\u0131 b\u0131\u011fl\u0131 ki\u015fil\u0259r v\u0259 bir kostyumlu-qalstuklu g\u0259nci \u00e7\u0131xd\u0131, s\u0259rgiy\u0259 \u00e7\u0131xar\u0131lm\u0131\u015f kitablar\u0131n m\u0259zmunundan da b\u0259hs etm\u0259k \u0259b\u0259sdir, bunu \u00f6z t\u0259x\u0259yy\u00fcl\u00fcn\u00fcz\u0259 burax\u0131ram ki, o da na\u0259lac qalacaq orada g\u00f6rd\u00fckl\u0259rimizd\u0259n. Q\u0131sas\u0131, \u00f6z\u00fcn\u00fcz d\u00fc\u015f\u00fcn\u00fcn, orada n\u0259 kimi v\u0259 kim\u0259 ithaf edilmi\u015f kitablar ola bil\u0259rdi.\n<\/p>\n<p>\n  N\u0259s\u0259, getdik qon\u015fular\u0131m\u0131z\u0131n fuar\u0131na baxma\u011fa, burada v\u0259ziyy\u0259t bir q\u0259d\u0259r ba\u015fqa idi, \u201cvitrin\u0259\u201d g\u00fcl\u00fcms\u0259r v\u0259 yara\u015f\u0131ql\u0131 xan\u0131mlar \u00e7\u0131xar\u0131lm\u0131\u015fd\u0131, do\u011frudur, kim oldu\u011fumuzu e\u015fitc\u0259k, \u00e7ox tutuldularsa da, \u00f6zl\u0259rini \u00e7ox itirm\u0259dil\u0259r. H\u0259tta bir xan\u0131m (g\u00f6r\u00fcn\u00fcr, b\u00fct\u00fcn qonaqlara t\u0259klif edil\u0259n) \u0259ncir qurusundan biz\u0259 d\u0259 g\u0259tirdi. \u018fncird\u0259n sonra g\u00fcl\u00fcms\u0259m\u0259l\u0259rini birt\u0259h\u0259rl\u0259 b\u0259rpa edib, bir-iki sual\u0131m\u0131z\u0131 da cavablad\u0131lar. S\u0259rginin zahiri g\u00f6rk\u0259mi bir q\u0259d\u0259r babat olsa, buradak\u0131 kitablar\u0131n da m\u0259zmunu b\u0259rbad idi. G\u00f6z\u0259 g\u00f6r\u00fcn\u0259n yerl\u0259rd\u0259 qoyulmu\u015f yek\u0259-yek\u0259 kitablarda Njde, Andronikin \u015f\u0259kill\u0259ri g\u00f6z de\u015firdi.\n<\/p>\n<p>\n  Erm\u0259nic\u0259 oldu\u011fundan \u0259lb\u0259tt\u0259 bir \u015fey anlamad\u0131q, amma anlayas\u0131 bir \u015fey d\u0259 yox idi fikrimc\u0259, h\u0259r \u015fey ayd\u0131n idi. Lap ortaya qoyulmu\u015f v\u0259 \u00fcz\u0259rin\u0259 bir zabitin \u015f\u0259kli h\u0259kk edilmi\u015f rus dilind\u0259ki kitab\u0131 g\u00f6rc\u0259k, barma\u011f\u0131m\u0131 ona t\u0259r\u0259f uzatd\u0131m, xan\u0131mdan xahi\u015f etdim ki, onu m\u0259n\u0259 versin. Dostlar bilir ki, m\u00fcharib\u0259 haqda memuar janr\u0131n\u0131 \u00e7ox sev\u0259n birsiy\u0259m, indiy\u0259 kimi b\u0259lk\u0259 onlarla general\u0131n, \u00c7or\u00e7ilin, bir \u00e7ox ba\u015fqalar\u0131n\u0131n xatir\u0259l\u0259rini oxumu\u015fam, \u00e7ox \u201cisti\u201d janrd\u0131r, subyektiv olsa da, \u00e7ox informativdir.<br \/>\n  <br \/>\n  Bu kitab da memuar janr\u0131nda idi, hans\u0131sa bir erm\u0259ni general\u0131n xatir\u0259l\u0259ri v\u0259 qeydl\u0259ri, ismi d\u0259 \u201c\u041f\u043e\u0431\u0435\u0434\u044b: \u043a\u0430\u043a \u043e\u043d\u0438 \u0431\u044b\u043b\u0438\u201d. Y\u0259ni, qarda\u015f bizim \u00fc\u00e7\u00fcn burda Guderian-zad olub da, ayd\u0131nd\u0131r siz\u0259? N\u0259s\u0259, bir az v\u0259r\u0259ql\u0259dim, K\u0259lb\u0259c\u0259rin nec\u0259 al\u0131nmas\u0131ndan yaz\u0131rd\u0131, yax\u015f\u0131ca \u00fct\u00fcl\u0259nib-redakt\u0259 etmi\u015f dili vard\u0131, g\u00f6r\u00fcn\u00fcr kims\u0259, i\u015fi bil\u0259n \u0259d\u0259biyyat\u00e7\u0131ya sifari\u015f edilib-yaz\u0131lm\u0131\u015fd\u0131, daha iki k\u0259lm\u0259ni bir-birin\u0259 qo\u015fa bilm\u0259y\u0259n han\u0131sa qaraba\u011fl\u0131 \u201cgeneral\u201d t\u0259r\u0259find\u0259n yox.\n<\/p>\n<p>\n  N\u0259s\u0259, xan\u0131mlardan xahi\u015f etdim ki, bu kitab\u0131 m\u0259n\u0259 ya versinl\u0259r, ya da al\u0131m. \u00dc\u00e7\u00fc d\u0259 \u00e7ox b\u0259rk konfuza d\u00fc\u015f\u00fcb ba\u015flar\u0131n\u0131 y\u0131r\u011falad\u0131, (g\u00f6r\u00fcn\u00fcr, s\u0259rgi \u00fc\u00e7\u00fcn se\u00e7ilmi\u015f, m\u00fcxt\u0259lif dill\u0259ri bil\u0259n, bir q\u0259d\u0259r olsa da, sivil adamlar idi, az\u0131ndan utanc hissi ke\u00e7irirdil\u0259r) dedil\u0259r ki, bu kitab sat\u0131lm\u0131r v\u0259 h\u0259diyy\u0259 d\u0259 edil\u0259 bilm\u0259z. H\u0259r \u015fey ayd\u0131n idi.<br \/>\n  <br \/>\n  Bu m\u0259nada b\u0259lk\u0259 biz daha s\u0259mimiyik? Bu c\u00fcr \u201cmemuarlar\u201d v\u0259 \u201ch\u0259rbi \u0259d\u0259biyyat\u201ddansa, \u00fcmumiyy\u0259tl\u0259 ka\u011f\u0131z s\u0259rfin\u0259 he\u00e7 ehtiyac da duymuruq?\n<\/p>\n<p>\n  P.S. Xiro\u015fima q\u0259tliyam\u0131n\u0131nsa ilk qurbanlar\u0131sa yaponlar olmay\u0131b, dem\u0259k olar. Prezident Truman\u2019\u0131n \u0259mri il\u0259, AB\u015e-\u0131n \u201c\u0130ndianapolis\u201d kreyseri 27 iyul 1945 tarixind\u0259, \u201cbalaca\u201d (Little Boy) adland\u0131r\u0131lan atom bombas\u0131n\u0131 San-Fransisko \u015f\u0259h\u0259rind\u0259n Sakit okeandak\u0131 Tinian adas\u0131na g\u0259tirdi. Buradan is\u0259 \u201cbalaca\u201dn\u0131n \u00e7atd\u0131r\u0131laca\u011f\u0131 son n\u00f6qt\u0259 &#8211; Xiro\u015fima olmal\u0131 idi. Kreyserin \u015f\u0259xsi hey\u0259tind\u0259n bir kims\u0259nin a\u011fl\u0131na da g\u0259lmirdi ki, ki, d\u0259niz piyadalar\u0131n\u0131n g\u00fcnd\u00fcz-gec\u0259 g\u00f6z b\u0259b\u0259yi kimi qoruduqlar\u0131, a\u011f\u0131r &#8211; 4 tonluq v\u0259 3 metrlik &#8211; taxta qutunun i\u00e7ind\u0259 n\u0259 ola bil\u0259r. H\u0259tta d\u0259niz\u00e7il\u0259rd\u0259n kims\u0259 zarafatla demi\u015fdi ki, y\u0259qin el\u0259 qorunursa, orada Rita Hayworth\u2019un (o d\u00f6vr\u00fcn Hollywood ulduzu) alt paltar\u0131 olmal\u0131d\u0131r. G\u00f6r\u00fcn\u00fcr, \u00e7ox a\u011f\u0131r d\u0259qiq\u0259l\u0259rd\u0259 ki\u015fil\u0259r \u00fc\u00e7\u00fcn qad\u0131nlar haqdak\u0131 y\u00fcng\u00fcl zarafatlar son s\u0131\u011f\u0131nacaq yerin\u0259 \u00e7evrilir.\n<\/p>\n<p>\n  Bu \u00f6l\u00fcm y\u00fck\u00fcn\u00fc laz\u0131m olan yer\u0259 \u00e7atd\u0131ran \u201c\u0130ndianapolis\u201d 29 iyul gec\u0259si Guam adalar\u0131 t\u0259r\u0259f\u0259 geri d\u00f6n\u0259rk\u0259n yapon imperator donanmas\u0131n\u0131n \u201cI-58\u201d sualt\u0131 qay\u0131\u011f\u0131 t\u0259r\u0259find\u0259n h\u00fccuma m\u0259ruz qal\u0131r v\u0259 torpedo at\u0259\u015fin\u0259 tutulandan 12 d\u0259qiq\u0259 sonra okenda bat\u0131r. Kreyserin 1199 n\u0259f\u0259rlik \u015f\u0259xsi hey\u0259tinin\u00a0 dem\u0259k olar ki, ham\u0131s\u0131 m\u0259hv olur. Bel\u0259 300 n\u0259f\u0259rd\u0259n \u00e7ox d\u0259niz\u00e7i g\u0259mi il\u0259 d\u0259rhal bat\u0131r, qalan 880 n\u0259f\u0259r\u0259 yax\u0131n adam ki\u00e7ik qay\u0131qlarda okeanda 4 g\u00fcn susuzluq v\u0259 akulalar\u0131n h\u00fccumuna (yaral\u0131lar\u0131n qan\u0131 d\u0259niz\u0259 t\u00f6k\u00fclm\u0259si s\u0259b\u0259bind\u0259n peyda olmu\u015fdular) m\u0259ruz qal\u0131r, n\u0259hay\u0259t,\u00a0 2 avqustda onlar\u0131n xilas\u0131na g\u0259l\u0259nl\u0259r yaln\u0131z 321 n\u0259f\u0259ri (onlardan da be\u015fi sonra \u00f6l\u00fcr) xilas ed\u0259 bilir.<br \/>\n  <br \/>\n  Xilasetm\u0259 i\u015fl\u0259ri \u00e7ox a\u011f\u0131r oldu\u011fundan d\u00f6rd g\u00fcn \u00e7\u0259kir. O f\u0259lak\u0259td\u0259n sa\u011f \u00e7\u0131xanlar g\u00f6rd\u00fckl\u0259ri d\u0259h\u015f\u0259ti ifad\u0259 ed\u0259 bilmirdil\u0259r. A\u00e7\u0131q okeanda ke\u00e7irdikl\u0259r m\u00fcdhi\u015f 4 g\u00fcnd\u0259 onlar\u0131 m\u00fchasir\u0259y\u0259 alm\u0131\u015f akulalar, z\u0259ifl\u0259mi\u015f yolda\u015flar\u0131n\u0131 onlar\u0131n g\u00f6z\u00fc qar\u015f\u0131s\u0131nda yeyirmi\u015f v\u0259 onlar\u0131n xilas\u0131 \u00fc\u00e7\u00fcn he\u00e7 bir m\u00fcdaxil\u0259 m\u00fcmk\u00fcn deyilmi\u015f. Bel\u0259c\u0259 \u201c\u0130ndianapolisin\u201d d\u0259niz\u00e7il\u0259ri \u00e7ox d\u0259h\u015f\u0259tli bir \u00f6l\u00fcml\u0259, sanki (x\u0259b\u0259rl\u0259ri bel\u0259 olmadan) i\u015fl\u0259tdikl\u0259ri a\u011f\u0131r g\u00fcnah s\u0259b\u0259bind\u0259n, \u00e7ox ac\u0131nacaql\u0131 sur\u0259td\u0259 m\u0259hv olur. Y\u0259qin \u00e7ox r\u0259mzidir ki, bu b\u0259db\u0259xt insanlar\u0131 xilasetm\u0259 \u0259m\u0259liyyat\u0131n\u0131n son g\u00fcn\u00fc, 6 avqustda Amerika bombardman\u00e7\u0131s\u0131 Boeing B-29 \u201cEnola Gay\u201d art\u0131q \u00f6z d\u0259h\u015f\u0259tli y\u00fck\u00fcn\u00fc Xiro\u015fimadak\u0131 g\u00fcnahs\u0131z insanlar\u0131n \u00fcz\u0259rin\u0259 bo\u015faltmaqda idi.\n<\/p>\n<p>\n  \u0130ndianapolisin bel\u0259 d\u0259h\u0259tli \u00f6l\u00fcml\u0259 h\u0259yatlar\u0131n\u0131 ba\u015fa vurmu\u015f d\u0259niz\u00e7il\u0259rini, h\u0259tta t\u0259tbiqind\u0259n \u00f6nc\u0259 olsa da, bu d\u0259h\u015f\u0259tli silah\u0131n, atom bombas\u0131n\u0131n ilk qurbanlar\u0131 hesab etm\u0259k olar.<\/p>\n<p>\n  <b><br \/>\n    Yaz\u0131 m\u00fc\u0259llifin \u015f\u0259xsi m\u00f6vqeyini \u0259ks etdirir&#8230;<br \/>\n  <\/b><\/p>\n","protected":false},"excerpt":{"rendered":"<p>D\u0259h\u015f\u0259t y\u00fck\u00fc&#8230;<\/p>\n","protected":false},"author":11,"featured_media":31166,"comment_status":"closed","ping_status":"open","sticky":false,"template":"","format":"standard","meta":{"_acf_changed":false,"_sitemap_exclude":false,"_sitemap_priority":"","_sitemap_frequency":"","footnotes":""},"categories":[57],"tags":[],"class_list":["post-169350","post","type-post","status-publish","format-standard","has-post-thumbnail","hentry","category-menim-fikrimce","infinite-scroll-item","generate-columns","tablet-grid-50","mobile-grid-100","grid-parent","grid-33","no-featured-image-padding"],"acf":[],"yoast_head":"<!-- This site is optimized with the Yoast SEO plugin v27.5 - https:\/\/yoast.com\/product\/yoast-seo-wordpress\/ -->\n<title>Xiro\u015fiman\u0131n ilk qurbanlar\u0131 - MEYDAN.TV<\/title>\n<meta name=\"robots\" content=\"index, follow, max-snippet:-1, max-image-preview:large, max-video-preview:-1\" \/>\n<link rel=\"canonical\" href=\"https:\/\/www.meydan.tv\/az\/article\/xirosimanin-ilk-qurbanlari\/\" \/>\n<meta property=\"og:locale\" content=\"az_AZ\" \/>\n<meta property=\"og:type\" content=\"article\" \/>\n<meta property=\"og:title\" content=\"Xiro\u015fiman\u0131n ilk qurbanlar\u0131 - MEYDAN.TV\" \/>\n<meta property=\"og:description\" content=\"D\u0259h\u015f\u0259t y\u00fck\u00fc...\" \/>\n<meta property=\"og:url\" content=\"https:\/\/www.meydan.tv\/az\/article\/xirosimanin-ilk-qurbanlari\/\" \/>\n<meta property=\"og:site_name\" content=\"MEYDAN.TV\" \/>\n<meta property=\"article:published_time\" content=\"2015-08-09T03:12:23+00:00\" \/>\n<meta property=\"og:image\" content=\"https:\/\/www.meydan.tv\/wp-content\/uploads\/11604.jpg\" \/>\n\t<meta property=\"og:image:width\" content=\"500\" \/>\n\t<meta property=\"og:image:height\" content=\"500\" \/>\n\t<meta property=\"og:image:type\" content=\"image\/jpeg\" \/>\n<meta name=\"author\" content=\"user-manager\" \/>\n<meta name=\"twitter:card\" content=\"summary_large_image\" \/>\n<script type=\"application\/ld+json\" class=\"yoast-schema-graph\">{\"@context\":\"https:\\\/\\\/schema.org\",\"@graph\":[{\"@type\":\"Article\",\"@id\":\"https:\\\/\\\/www.meydan.tv\\\/az\\\/article\\\/xirosimanin-ilk-qurbanlari\\\/#article\",\"isPartOf\":{\"@id\":\"https:\\\/\\\/www.meydan.tv\\\/az\\\/article\\\/xirosimanin-ilk-qurbanlari\\\/\"},\"author\":{\"name\":\"user-manager\",\"@id\":\"https:\\\/\\\/www.meydan.tv\\\/az\\\/#\\\/schema\\\/person\\\/10d11eccf6da3662cf5fdab9806ea91a\"},\"headline\":\"Xiro\u015fiman\u0131n ilk qurbanlar\u0131\",\"datePublished\":\"2015-08-09T03:12:23+00:00\",\"mainEntityOfPage\":{\"@id\":\"https:\\\/\\\/www.meydan.tv\\\/az\\\/article\\\/xirosimanin-ilk-qurbanlari\\\/\"},\"wordCount\":1802,\"publisher\":{\"@id\":\"https:\\\/\\\/www.meydan.tv\\\/az\\\/#organization\"},\"image\":{\"@id\":\"https:\\\/\\\/www.meydan.tv\\\/az\\\/article\\\/xirosimanin-ilk-qurbanlari\\\/#primaryimage\"},\"thumbnailUrl\":\"https:\\\/\\\/www.meydan.tv\\\/wp-content\\\/uploads\\\/11604.jpg\",\"articleSection\":[\"M\u0259nim Fikrimc\u0259\"],\"inLanguage\":\"az\"},{\"@type\":\"WebPage\",\"@id\":\"https:\\\/\\\/www.meydan.tv\\\/az\\\/article\\\/xirosimanin-ilk-qurbanlari\\\/\",\"url\":\"https:\\\/\\\/www.meydan.tv\\\/az\\\/article\\\/xirosimanin-ilk-qurbanlari\\\/\",\"name\":\"Xiro\u015fiman\u0131n ilk qurbanlar\u0131 - MEYDAN.TV\",\"isPartOf\":{\"@id\":\"https:\\\/\\\/www.meydan.tv\\\/az\\\/#website\"},\"primaryImageOfPage\":{\"@id\":\"https:\\\/\\\/www.meydan.tv\\\/az\\\/article\\\/xirosimanin-ilk-qurbanlari\\\/#primaryimage\"},\"image\":{\"@id\":\"https:\\\/\\\/www.meydan.tv\\\/az\\\/article\\\/xirosimanin-ilk-qurbanlari\\\/#primaryimage\"},\"thumbnailUrl\":\"https:\\\/\\\/www.meydan.tv\\\/wp-content\\\/uploads\\\/11604.jpg\",\"datePublished\":\"2015-08-09T03:12:23+00:00\",\"breadcrumb\":{\"@id\":\"https:\\\/\\\/www.meydan.tv\\\/az\\\/article\\\/xirosimanin-ilk-qurbanlari\\\/#breadcrumb\"},\"inLanguage\":\"az\",\"potentialAction\":[{\"@type\":\"ReadAction\",\"target\":[\"https:\\\/\\\/www.meydan.tv\\\/az\\\/article\\\/xirosimanin-ilk-qurbanlari\\\/\"]}]},{\"@type\":\"ImageObject\",\"inLanguage\":\"az\",\"@id\":\"https:\\\/\\\/www.meydan.tv\\\/az\\\/article\\\/xirosimanin-ilk-qurbanlari\\\/#primaryimage\",\"url\":\"https:\\\/\\\/www.meydan.tv\\\/wp-content\\\/uploads\\\/11604.jpg\",\"contentUrl\":\"https:\\\/\\\/www.meydan.tv\\\/wp-content\\\/uploads\\\/11604.jpg\",\"width\":500,\"height\":500,\"caption\":\"Source:\"},{\"@type\":\"BreadcrumbList\",\"@id\":\"https:\\\/\\\/www.meydan.tv\\\/az\\\/article\\\/xirosimanin-ilk-qurbanlari\\\/#breadcrumb\",\"itemListElement\":[{\"@type\":\"ListItem\",\"position\":1,\"name\":\"Ana s\u0259hif\u0259\",\"item\":\"https:\\\/\\\/www.meydan.tv\\\/az\\\/\"},{\"@type\":\"ListItem\",\"position\":2,\"name\":\"M\u0259nim Fikrimc\u0259\",\"item\":\"https:\\\/\\\/www.meydan.tv\\\/az\\\/section\\\/menim-fikrimce\\\/\"},{\"@type\":\"ListItem\",\"position\":3,\"name\":\"Xiro\u015fiman\u0131n ilk qurbanlar\u0131\"}]},{\"@type\":\"WebSite\",\"@id\":\"https:\\\/\\\/www.meydan.tv\\\/az\\\/#website\",\"url\":\"https:\\\/\\\/www.meydan.tv\\\/az\\\/\",\"name\":\"MEYDAN.TV\",\"description\":\"Meydan TV Az\u0259rbaycan\u0131n media m\u0259kan\u0131ndak\u0131 alternativ s\u0259sidir\",\"publisher\":{\"@id\":\"https:\\\/\\\/www.meydan.tv\\\/az\\\/#organization\"},\"potentialAction\":[{\"@type\":\"SearchAction\",\"target\":{\"@type\":\"EntryPoint\",\"urlTemplate\":\"https:\\\/\\\/www.meydan.tv\\\/az\\\/?s={search_term_string}\"},\"query-input\":{\"@type\":\"PropertyValueSpecification\",\"valueRequired\":true,\"valueName\":\"search_term_string\"}}],\"inLanguage\":\"az\"},{\"@type\":\"Organization\",\"@id\":\"https:\\\/\\\/www.meydan.tv\\\/az\\\/#organization\",\"name\":\"Meydan TV\",\"url\":\"https:\\\/\\\/www.meydan.tv\\\/az\\\/\",\"logo\":{\"@type\":\"ImageObject\",\"inLanguage\":\"az\",\"@id\":\"https:\\\/\\\/www.meydan.tv\\\/az\\\/#\\\/schema\\\/logo\\\/image\\\/\",\"url\":\"https:\\\/\\\/www.meydan.tv\\\/wp-content\\\/uploads\\\/2021\\\/07\\\/meydan-logo.svg\",\"contentUrl\":\"https:\\\/\\\/www.meydan.tv\\\/wp-content\\\/uploads\\\/2021\\\/07\\\/meydan-logo.svg\",\"width\":195,\"height\":46,\"caption\":\"Meydan TV\"},\"image\":{\"@id\":\"https:\\\/\\\/www.meydan.tv\\\/az\\\/#\\\/schema\\\/logo\\\/image\\\/\"}},{\"@type\":\"Person\",\"@id\":\"https:\\\/\\\/www.meydan.tv\\\/az\\\/#\\\/schema\\\/person\\\/10d11eccf6da3662cf5fdab9806ea91a\",\"name\":\"user-manager\"}]}<\/script>\n<!-- \/ Yoast SEO plugin. -->","yoast_head_json":{"title":"Xiro\u015fiman\u0131n ilk qurbanlar\u0131 - MEYDAN.TV","robots":{"index":"index","follow":"follow","max-snippet":"max-snippet:-1","max-image-preview":"max-image-preview:large","max-video-preview":"max-video-preview:-1"},"canonical":"https:\/\/www.meydan.tv\/az\/article\/xirosimanin-ilk-qurbanlari\/","og_locale":"az_AZ","og_type":"article","og_title":"Xiro\u015fiman\u0131n ilk qurbanlar\u0131 - MEYDAN.TV","og_description":"D\u0259h\u015f\u0259t y\u00fck\u00fc...","og_url":"https:\/\/www.meydan.tv\/az\/article\/xirosimanin-ilk-qurbanlari\/","og_site_name":"MEYDAN.TV","article_published_time":"2015-08-09T03:12:23+00:00","og_image":[{"width":500,"height":500,"url":"https:\/\/www.meydan.tv\/wp-content\/uploads\/11604.jpg","type":"image\/jpeg"}],"author":"user-manager","twitter_card":"summary_large_image","schema":{"@context":"https:\/\/schema.org","@graph":[{"@type":"Article","@id":"https:\/\/www.meydan.tv\/az\/article\/xirosimanin-ilk-qurbanlari\/#article","isPartOf":{"@id":"https:\/\/www.meydan.tv\/az\/article\/xirosimanin-ilk-qurbanlari\/"},"author":{"name":"user-manager","@id":"https:\/\/www.meydan.tv\/az\/#\/schema\/person\/10d11eccf6da3662cf5fdab9806ea91a"},"headline":"Xiro\u015fiman\u0131n ilk qurbanlar\u0131","datePublished":"2015-08-09T03:12:23+00:00","mainEntityOfPage":{"@id":"https:\/\/www.meydan.tv\/az\/article\/xirosimanin-ilk-qurbanlari\/"},"wordCount":1802,"publisher":{"@id":"https:\/\/www.meydan.tv\/az\/#organization"},"image":{"@id":"https:\/\/www.meydan.tv\/az\/article\/xirosimanin-ilk-qurbanlari\/#primaryimage"},"thumbnailUrl":"https:\/\/www.meydan.tv\/wp-content\/uploads\/11604.jpg","articleSection":["M\u0259nim Fikrimc\u0259"],"inLanguage":"az"},{"@type":"WebPage","@id":"https:\/\/www.meydan.tv\/az\/article\/xirosimanin-ilk-qurbanlari\/","url":"https:\/\/www.meydan.tv\/az\/article\/xirosimanin-ilk-qurbanlari\/","name":"Xiro\u015fiman\u0131n ilk qurbanlar\u0131 - MEYDAN.TV","isPartOf":{"@id":"https:\/\/www.meydan.tv\/az\/#website"},"primaryImageOfPage":{"@id":"https:\/\/www.meydan.tv\/az\/article\/xirosimanin-ilk-qurbanlari\/#primaryimage"},"image":{"@id":"https:\/\/www.meydan.tv\/az\/article\/xirosimanin-ilk-qurbanlari\/#primaryimage"},"thumbnailUrl":"https:\/\/www.meydan.tv\/wp-content\/uploads\/11604.jpg","datePublished":"2015-08-09T03:12:23+00:00","breadcrumb":{"@id":"https:\/\/www.meydan.tv\/az\/article\/xirosimanin-ilk-qurbanlari\/#breadcrumb"},"inLanguage":"az","potentialAction":[{"@type":"ReadAction","target":["https:\/\/www.meydan.tv\/az\/article\/xirosimanin-ilk-qurbanlari\/"]}]},{"@type":"ImageObject","inLanguage":"az","@id":"https:\/\/www.meydan.tv\/az\/article\/xirosimanin-ilk-qurbanlari\/#primaryimage","url":"https:\/\/www.meydan.tv\/wp-content\/uploads\/11604.jpg","contentUrl":"https:\/\/www.meydan.tv\/wp-content\/uploads\/11604.jpg","width":500,"height":500,"caption":"Source:"},{"@type":"BreadcrumbList","@id":"https:\/\/www.meydan.tv\/az\/article\/xirosimanin-ilk-qurbanlari\/#breadcrumb","itemListElement":[{"@type":"ListItem","position":1,"name":"Ana s\u0259hif\u0259","item":"https:\/\/www.meydan.tv\/az\/"},{"@type":"ListItem","position":2,"name":"M\u0259nim Fikrimc\u0259","item":"https:\/\/www.meydan.tv\/az\/section\/menim-fikrimce\/"},{"@type":"ListItem","position":3,"name":"Xiro\u015fiman\u0131n ilk qurbanlar\u0131"}]},{"@type":"WebSite","@id":"https:\/\/www.meydan.tv\/az\/#website","url":"https:\/\/www.meydan.tv\/az\/","name":"MEYDAN.TV","description":"Meydan TV Az\u0259rbaycan\u0131n media m\u0259kan\u0131ndak\u0131 alternativ s\u0259sidir","publisher":{"@id":"https:\/\/www.meydan.tv\/az\/#organization"},"potentialAction":[{"@type":"SearchAction","target":{"@type":"EntryPoint","urlTemplate":"https:\/\/www.meydan.tv\/az\/?s={search_term_string}"},"query-input":{"@type":"PropertyValueSpecification","valueRequired":true,"valueName":"search_term_string"}}],"inLanguage":"az"},{"@type":"Organization","@id":"https:\/\/www.meydan.tv\/az\/#organization","name":"Meydan TV","url":"https:\/\/www.meydan.tv\/az\/","logo":{"@type":"ImageObject","inLanguage":"az","@id":"https:\/\/www.meydan.tv\/az\/#\/schema\/logo\/image\/","url":"https:\/\/www.meydan.tv\/wp-content\/uploads\/2021\/07\/meydan-logo.svg","contentUrl":"https:\/\/www.meydan.tv\/wp-content\/uploads\/2021\/07\/meydan-logo.svg","width":195,"height":46,"caption":"Meydan TV"},"image":{"@id":"https:\/\/www.meydan.tv\/az\/#\/schema\/logo\/image\/"}},{"@type":"Person","@id":"https:\/\/www.meydan.tv\/az\/#\/schema\/person\/10d11eccf6da3662cf5fdab9806ea91a","name":"user-manager"}]}},"_links":{"self":[{"href":"https:\/\/www.meydan.tv\/az\/wp-json\/wp\/v2\/posts\/169350","targetHints":{"allow":["GET"]}}],"collection":[{"href":"https:\/\/www.meydan.tv\/az\/wp-json\/wp\/v2\/posts"}],"about":[{"href":"https:\/\/www.meydan.tv\/az\/wp-json\/wp\/v2\/types\/post"}],"author":[{"embeddable":true,"href":"https:\/\/www.meydan.tv\/az\/wp-json\/wp\/v2\/users\/11"}],"replies":[{"embeddable":true,"href":"https:\/\/www.meydan.tv\/az\/wp-json\/wp\/v2\/comments?post=169350"}],"version-history":[{"count":0,"href":"https:\/\/www.meydan.tv\/az\/wp-json\/wp\/v2\/posts\/169350\/revisions"}],"wp:featuredmedia":[{"embeddable":true,"href":"https:\/\/www.meydan.tv\/az\/wp-json\/wp\/v2\/media\/31166"}],"wp:attachment":[{"href":"https:\/\/www.meydan.tv\/az\/wp-json\/wp\/v2\/media?parent=169350"}],"wp:term":[{"taxonomy":"category","embeddable":true,"href":"https:\/\/www.meydan.tv\/az\/wp-json\/wp\/v2\/categories?post=169350"},{"taxonomy":"post_tag","embeddable":true,"href":"https:\/\/www.meydan.tv\/az\/wp-json\/wp\/v2\/tags?post=169350"}],"curies":[{"name":"wp","href":"https:\/\/api.w.org\/{rel}","templated":true}]}}