{"id":169348,"date":"2015-08-09T02:07:56","date_gmt":"2015-08-09T02:07:56","guid":{"rendered":"https:\/\/www.meydan.tv\/article\/fahise-ve-cadugerlerin-ilahi-kecmisi\/"},"modified":"2015-08-09T02:07:56","modified_gmt":"2015-08-09T02:07:56","slug":"fahise-ve-cadugerlerin-ilahi-kecmisi","status":"publish","type":"post","link":"https:\/\/www.meydan.tv\/az\/article\/fahise-ve-cadugerlerin-ilahi-kecmisi\/","title":{"rendered":"Fahi\u015f\u0259 v\u0259 cadug\u0259rl\u0259rin ilahi ke\u00e7mi\u015fi"},"content":{"rendered":"<figure class=\"wp-block-image size-large\">\n  <img decoding=\"async\" src=\"https:\/\/www.meydan.tv\/az\/28128\/\" alt=\"\" class=\"wp-image-28128\"\/><figcaption><\/figcaption><\/figure>\n<figure class=\"wp-block-image size-large\">\n  <img decoding=\"async\" src=\"https:\/\/www.meydan.tv\/az\/28131\/\" alt=\"\" class=\"wp-image-28131\"\/><figcaption><\/figcaption><\/figure>\n<p>\n  <b><br \/>\n    1. Tanr\u0131-Analar\u0131n v\u0259 pey\u011f\u0259mb\u0259r qad\u0131nlar\u0131n fahi\u015f\u0259l\u0259\u015fdirilm\u0259si<br \/>\n  <\/b>\n<\/p>\n<p>\n  Qad\u0131n \u00fc\u00e7\u00fcn deyil\u0259n s\u00f6y\u00fc\u015fl\u0259rin \u00f6n\u00fcnd\u0259 \u0259r\u0259bl\u0259rd\u0259n biz\u0259 miras qalan,\u00a0 olduqca a\u011f\u0131r, al\u00e7ald\u0131c\u0131, \u0259ksildici \u201cfahi\u015f\u0259\u201d s\u00f6z\u00fc g\u0259lir. (Buradaca deyim, n\u0259 sirrdirs\u0259, dilimizd\u0259ki bu tipli s\u00f6y\u00fc\u015f s\u00f6zl\u0259rin dem\u0259k olar ki, ham\u0131s\u0131 \u2013 \u201cfahi\u015f\u0259\u201d, \u201cq\u0259hb\u0259\u201d, \u201cibn\u0259\u201d \u201carvad\u201d v\u0259 s. biz\u0259 \u0259r\u0259bl\u0259rd\u0259n ke\u00e7ib). Suallar yaran\u0131r:\n<\/p>\n<p>\n  a. Fahi\u015f\u0259 niy\u0259 \u0259n pisdir, b\u0259d\u0259nind\u0259n pul qazand\u0131\u011f\u0131na g\u00f6r\u0259mi? Ancaq b\u0259d\u0259nind\u0259n pul qazanan ba\u015fqa adamlar da var, manekenl\u0259r, modell\u0259r, kulturistl\u0259r, \u015fik\u0259st yerl\u0259rini g\u00f6st\u0259rib m\u0259rh\u0259m\u0259t oyand\u0131ran dil\u0259n\u00e7il\u0259r v\u0259 s. Onlar fahi\u015f\u0259 q\u0259d\u0259r\u00a0 \u201c\u015fudra\u201d (hind kasta sistemind\u0259 \u0259n murdar, toxunulmaz sinif) deyill\u0259r.\n<\/p>\n<p>\n  N\u0259 \u00fc\u00e7\u00fcn qad\u0131n b\u0259d\u0259ni h\u0259z vasit\u0259si kimi sat\u0131la bil\u0259n mal hal\u0131na d\u00fc\u015f\u00fcr\u00fcld\u00fc ki, onun al\u0131c\u0131lar\u0131 da meydana g\u0259ldi? Ax\u0131 iqtisadiyyat\u0131n q\u0131z\u0131l qanunlar\u0131ndan biri d\u0259 budur ki, \u201ct\u0259klif t\u0259l\u0259b yarad\u0131r.\u201d El\u0259 is\u0259 bunun \u0259ksin\u0259, y\u0259ni ki\u015fi b\u0259d\u0259ninin h\u0259z vasit\u0259si kimi sat\u0131\u015fa \u00e7\u0131xar\u0131lmas\u0131 tarix\u0259n m\u00fcmk\u00fcn idimi?\n<\/p>\n<p>\n  b. Yoxsa fahi\u015f\u0259, h\u0259yat\u0131ndan \u00e7ox adam ke\u00e7diyin\u0259 g\u00f6r\u0259mi pisdir? Bu pisdirs\u0259, eyni kriteri ki\u015fil\u0259r\u0259 niy\u0259 t\u0259tbiq edilmir? H\u0259yat\u0131ndak\u0131 qad\u0131nlar\u0131n say\u0131yla a\u00e7\u0131q v\u0259 gizli \u015f\u0259kild\u0259 \u00f6y\u00fcnm\u0259y\u0259n n\u0259 q\u0259d\u0259r ki\u015fi var? N\u0259y\u0259 g\u00f6r\u0259 v\u0259 n\u0259 zamandan etibar\u0259n t\u0259r\u0259fl\u0259rd\u0259n birin\u0259 partnyorlar\u0131n\u0131n \u00e7ox olmas\u0131 az qala ba\u015f ucal\u0131\u011f\u0131 g\u0259tirdiyi halda, o birin\u0259 \u0259ksiklik, g\u00f6z\u00fck\u00f6lg\u0259lilik, h\u0259tta \u00f6l\u00fcm g\u0259tirir? \u00c7ox partnyoru olmaq n\u0259 \u00fc\u00e7\u00fcn ki\u015fi \u00fc\u00e7\u00fcn deyil,\u00a0 qad\u0131n \u00fc\u00e7\u00fcn h\u0259m h\u0259rfi, h\u0259m d\u0259 m\u0259n\u0259vi m\u0259nada \u00f6l\u00fcmc\u00fcl g\u00fcnah say\u0131l\u0131r? \u015e\u0259rq \u00f6lk\u0259l\u0259rinin m\u0259d\u0259niyy\u0259tind\u0259 x\u00fcsusil\u0259. Bunun (pre)historik-kulturoloji s\u0259b\u0259bl\u0259ri n\u0259dir?\n<\/p>\n<p>\n  M\u00fcxt\u0259lif dill\u0259rd\u0259 qad\u0131na \u00fcnvanlanan s\u00f6y\u00fc\u015fl\u0259rin etimoloji k\u00f6kl\u0259rini ara\u015fd\u0131rark\u0259n bu s\u00f6zl\u0259rin bir zamanlar \u0259sla s\u00f6y\u00fc\u015f deyil, \u0259ksin\u0259, \u0259n h\u00f6rm\u0259tli, urvatl\u0131, m\u00fcq\u0259dd\u0259s m\u0259na v\u0259 status da\u015f\u0131malar\u0131 heyr\u0259tl\u0259ndiricidir. G\u0259lin, bir ne\u00e7\u0259 bel\u0259 s\u00f6z\u0259 baxaq:\n<\/p>\n<p>\n  Q\u0259dim \u015fumerlil\u0259r ana-tanr\u0131n\u0131n (\u015fumerc\u0259si: dingir-ama) m\u00fcq\u0259dd\u0259s rahib\u0259l\u0259rin\u0259 \u201cnu-nig\u201d, y\u0259ni, \u201cl\u0259k\u0259siz\u201d, akkatlar is\u0259 \u201cqadi\u015ftu\u201d, y\u0259ni, \u201cg\u00fcnahlar\u0131ndan ar\u0131nm\u0131\u015f\u201d deyirdil\u0259r. Bu g\u00fcnk\u00fc terminologiya il\u0259 onlar\u0131 \u201cm\u00fcq\u0259dd\u0259s fahi\u015f\u0259\u201d adland\u0131r\u0131rlar. Sual yaran\u0131r: m\u00fcq\u0259dd\u0259slikl\u0259 fahi\u015f\u0259lik, bir-birin\u0259 zidd olan iki s\u00f6z bir yerd\u0259 nec\u0259 olur? \u00d6z\u00fc d\u0259 bu qad\u0131nlar h\u0259mi\u015f\u0259 \u00f6lk\u0259nin v\u0259 m\u0259b\u0259din \u0259sas simalar\u0131 kimi aristokrat z\u00fcmr\u0259d\u0259n se\u00e7ilirdil\u0259r. O d\u00f6vr\u00fcn insanlar\u0131n\u0131n \u2013 n\u00fcfuzlu saray qad\u0131nlar\u0131 bir q\u0131ra\u011fa qals\u0131n \u2013 \u00f6zl\u0259rinin \u0259n uca ana-tanr\u0131lar\u0131na, \u00f6y\u00fcncl\u0259 \u201cG\u00f6yl\u0259rin m\u00fcq\u0259dd\u0259s fahi\u015f\u0259si\u201d titulu verm\u0259l\u0259rinin s\u0259b\u0259bi n\u0259dir?\n<\/p>\n<p>\n  Q\u0259dim insanlar\u0131n t\u0259s\u0259vv\u00fcr\u00fcnd\u0259 cinsi birl\u0259\u015fm\u0259 \u2013 art\u0131m\u0131, b\u0259r\u0259k\u0259ti, yaran\u0131\u015f\u0131\u00a0 t\u0259min ed\u0259c\u0259k dini ayinl\u0259rin bir par\u00e7as\u0131 idi. Bel\u0259 ayinl\u0259r t\u0259xmin\u0259n 15 min il q\u0259d\u0259r ya\u015f\u0131 olan,\u00a0 Q\u0131r\u011f\u0131z\u0131standa Saymal\u0131da\u015f qaya r\u0259sml\u0259rind\u0259 d\u0259 t\u0259svir edilir.\u00a0 \u015eumerd\u0259\u00a0 ana-tanr\u0131 \u0130nanna il\u0259 tanr\u0131 Dumuzid\u0259n ta Yunan\u0131standa ana-tanr\u0131 Hera v\u0259 tanr\u0131 Zevs\u0259 q\u0259d\u0259r uzanan bu ayin, yunanlarda \u201cHieros Gamos\u201d y\u0259ni, \u201cm\u00fcq\u0259dd\u0259s birl\u0259\u015fm\u0259\u201d adlan\u0131rd\u0131.\n<\/p>\n<p>\n  Bu sah\u0259 \u00fczr\u0259 ekspertl\u0259rin intersubyektiv uzla\u015fmas\u0131na g\u00f6r\u0259 bir zamanlar qad\u0131nlar t\u0259r\u0259find\u0259n yarad\u0131l\u0131\u015f, yenid\u0259n do\u011fulu\u015f, b\u0259r\u0259k\u0259t v\u0259 s. il\u0259 ba\u011fl\u0131 ayinl\u0259r ke\u00e7irilirdi v\u0259 bu ayinl\u0259rin \u0259sas personalar\u0131 ana-tanr\u0131lar olurdu. Ancaq g\u00f6r\u00fcn\u00fcr ki, cinsi birl\u0259\u015fm\u0259 v\u0259 do\u011fum aras\u0131nda \u0259laq\u0259nin k\u0259\u015ffind\u0259n sonra bu ayinl\u0259r\u0259 mifik q\u0259hr\u0259man kimi ki\u015fi partnyorlar (Dumuzi, Tammuz, Baal, Dionis, Bakhus v\u0259 s.) daxil edilm\u0259y\u0259 ba\u015flay\u0131r. M\u0259s\u0259l\u0259n, Zevs art\u0131q b\u00fct\u00fcnl\u00fckl\u0259\u00a0 patriarxalla\u015fm\u0131\u015f yunanlarda,\u00a0 ba\u015f tanr\u0131 olsa bel\u0259, \u201cHieros Gamos\u201d, y\u0259ni \u201cm\u00fcq\u0259dd\u0259s birl\u0259\u015fm\u0259\u201d festivallar\u0131nda hiyerarxik olaraq ana-tanr\u0131 Heradan sonra g\u0259lirdi. Ba\u015fqa bir yandan, ist\u0259r q\u0259dim Yunan\u0131standa, ist\u0259rs\u0259 d\u0259 q\u0259dim Romada da bu tipli ritual v\u0259 festivallar\u0131n \u0259sas t\u0259\u015fkilat\u00e7\u0131lar\u0131, i\u015ftirak\u00e7\u0131lar\u0131 qad\u0131nlar idi (sonralar buraya qad\u0131n paltar\u0131 geyinib qat\u0131lan ki\u015fil\u0259r bu festivallar\u0131n m\u0259zmununu d\u0259yi\u015fdirdil\u0259r).\n<\/p>\n<p>\n  Yen\u0259 q\u0259dim \u015eumer\u0259 qay\u0131daq. Burada h\u0259r il yazda (Novruz bayram\u0131 bu ayinl\u0259rin qal\u0131\u011f\u0131d\u0131r) ana-tanr\u0131yla tanr\u0131n\u0131n n\u0259h\u0259ng festival \u015f\u0259klind\u0259 evliliyini qeyd edirdil\u0259r. Ba\u015f rahib\u0259, y\u0259ni \u00f6lk\u0259nin krali\u00e7as\u0131 \u2013 ana-tanr\u0131n\u0131, bir rahib is\u0259 tanr\u0131n\u0131 t\u0259msil edirdi.\n<\/p>\n<p>\n  \u015eumer mifl\u0259rin\u0259 g\u00f6r\u0259, tanr\u0131 yeralt\u0131na ged\u0259nd\u0259 (\u00f6l\u0259nd\u0259) t\u0259bi\u0259t \u00f6l\u00fcr, tanr\u0131 yeralt\u0131ndan qay\u0131danda is\u0259 t\u0259bi\u0259t yenid\u0259n dirilirdi. H\u0259r il bir rahibi tanr\u0131n\u0131n \u0259v\u0259zedicisi\u00a0 kimi yer alt\u0131na g\u00f6nd\u0259rir (qurban edir), onun \u00fc\u00e7\u00fcn a\u011flay\u0131b \u015fiv\u0259n qopar\u0131rd\u0131lar. (M\u00fct\u0259x\u0259ssil\u0259rin fikrinc\u0259, haz\u0131rda y\u0259hidil\u0259rin \u201cA\u011flama divar\u0131\u201dnda ax\u0131td\u0131qlar\u0131 g\u00f6z ya\u015flar\u0131 h\u0259min ayinl\u0259rl\u0259 ba\u011fl\u0131d\u0131r). Yazda yenid\u0259n diril\u0259n tanr\u0131yla (t\u0259z\u0259 rahibl\u0259) ana-tanr\u0131n\u0131 (ba\u015f rahib\u0259ni, krali\u00e7an\u0131) evl\u0259ndirirdil\u0259r. Zaman \u00f6td\u00fckc\u0259 hakimiyy\u0259t krali\u00e7alardan krallara ke\u00e7di. Krallar ilk vaxtlar h\u0259qiq\u0259t\u0259n d\u0259 qurban edils\u0259l\u0259r d\u0259, sonralar hakimiyy\u0259ti, m\u00fcv\u0259qq\u0259ti olaraq onlar\u0131 \u0259v\u0259z ed\u0259n bir rahib\u0259 t\u0259hvil verirdil\u0259r\u00a0 v\u0259 ayin zaman\u0131 h\u0259min rahibi \u201co d\u00fcnya\u201dya g\u00f6nd\u0259rirdil\u0259r. (Bu bar\u0259d\u0259 ola bilsin ki, M.F. Axundovun m\u0259lumat\u0131 olub, \u00e7\u00fcnki o, h\u0259min n\u00fcans\u0131 \u201cAldanm\u0131\u015f k\u0259vakib\u201d povestind\u0259 s\u00fcjet x\u0259ttin\u0259 \u00e7evirib; I \u015eah Abbasa Novruz bayram\u0131 \u0259r\u0259f\u0259sind\u0259 (!) x\u0259b\u0259r verilir ki, 15 g\u00fcn sonra onun hakimiyy\u0259ti devril\u0259c\u0259k. Bundan \u00e7\u0131x\u0131\u015f yolu kimi h\u0259min m\u00fcdd\u0259t \u0259rzind\u0259 hakimiyy\u0259t\u0259 Yusif S\u0259rrac\u0131 g\u0259tirirl\u0259r ki, qurban ged\u0259c\u0259k adam Yusif S\u0259rrac olsun.)\n<\/p>\n<p>\n  Hakimiyy\u0259t maskulinl\u0259\u015fdikc\u0259 h\u0259r il d\u0259yi\u015fil\u0259n rahib-kral, h\u0259r il d\u0259yi\u015fil\u0259n rahib\u0259l\u0259rl\u0259 \u0259v\u0259zl\u0259ndi. Y\u0259ni, krallar ancaq \u201cqurban getm\u0259 d\u00f6vr\u00fcnd\u0259\u201d taxt-tac\u0131 t\u0259rk edirdil\u0259r v\u0259\u00a0 hakimiyy\u0259td\u0259\u00a0 bir illik deyil, sonacan qal\u0131rd\u0131lar.\u00a0 Bel\u0259likl\u0259, qad\u0131nlar\u0131n deyil, ki\u015fil\u0259rin h\u0259yat\u0131nda \u00e7ox\u00a0 partnyorunun olmas\u0131 v\u0259 bunun ki\u015fil\u0259r \u00fc\u00e7\u00fcn normal v\u0259 \u00fcst\u00fcn bir \u015fey kimi d\u00fc\u015f\u00fcn\u00fclm\u0259sinin tarixi burdan ba\u015flay\u0131r.\n<\/p>\n<p>\n  Etimoloqlara g\u00f6r\u0259, fahi\u015f\u0259 m\u0259nas\u0131nda farscadan T\u00fcrkiy\u0259 t\u00fcrkc\u0259sin\u0259 ke\u00e7\u0259n \u201corospu\u201d s\u00f6z\u00fc \u201cruspid\u201d s\u00f6z\u00fcnd\u0259n meydana g\u0259lib, m\u0259nas\u0131 \u201caln\u0131 a\u00e7\u0131q, \u00fcz\u00fc a\u011f\u201d dem\u0259kdir; ru: \u00fcz, sepid: a\u011f; bel\u0259likl\u0259: rusepid &gt; ruspid &gt; ruspi &gt; orospu. Y\u0259ni, c\u0259miyy\u0259t i\u00e7ind\u0259 \u00e7ox h\u00f6rm\u0259tli, aln\u0131 a\u00e7\u0131q, \u00fcz\u00fc a\u011f olan k\u0259s. \u018fminlikl\u0259 dey\u0259 bil\u0259r\u0259m ki, \u201ch\u00f6rm\u0259t\u201d m\u0259nas\u0131n\u0131 bildir\u0259n alman, ingilis, frans\u0131z dill\u0259rind\u0259 \u201crespect\u201d, ispan dilind\u0259 \u201crespeto\u201d, italyan dilind\u0259 \u201crispetto\u201d s\u00f6zl\u0259ri il\u0259 \u201cruspid\u201d eyni k\u00f6kl\u00fcd\u00fcr. Buyurun, h\u00f6rm\u0259tli, aln\u0131 a\u00e7\u0131q \u00fcz\u00fc a\u011f olan\u0131n (ana-tanr\u0131n\u0131n t\u0259s\u0259cc\u00fcm\u00fcn\u00fcn) nec\u0259 fahi\u015f\u0259y\u0259 \u00e7evrilm\u0259sinin \u015fahidi olun!\n<\/p>\n<p>\n  \u0130lk t\u0259ktanr\u0131l\u0131 din olan iudaizmd\u0259 ana-tanr\u0131lara v\u0259 onun simvollar\u0131na qar\u015f\u0131 amans\u0131z bir sava\u015f ba\u015flad\u0131\u011f\u0131n\u0131 g\u00f6r\u00fcr\u00fck. T\u00f6vratda bu ana-tanr\u0131lar l\u0259n\u0259tl\u0259nir, onlara tap\u0131nd\u0131\u011f\u0131na g\u00f6r\u0259 y\u0259hudil\u0259r d\u00f6n\u0259-d\u00f6n\u0259 R\u0259bb t\u0259r\u0259find\u0259n c\u0259zalan\u0131rlar. Y\u0259hudu qad\u0131nlar\u0131ndan is\u0259\u00a0\u00a0 israrla s\u0259daq\u0259t, iff\u0259t v\u0259 b\u0259kar\u0259t t\u0259l\u0259b edilir, bunlara \u0259m\u0259l etm\u0259y\u0259nin c\u0259zas\u0131 is\u0259 da\u015fqalaqd\u0131r. \u00c7oxpartnyorluluq qad\u0131nlara yasaqlansa da, ki\u015fil\u0259r\u0259 yara\u015fd\u0131r\u0131l\u0131r, m\u0259s\u0259l\u0259n, S\u00fcleyman pey\u011f\u0259mb\u0259rin 700 arvad\u0131ndan, 300 cariy\u0259sind\u0259n el\u0259 b\u0259hs edilir ki, sanki, bir insan\u0131n h\u0259yat\u0131nda bu q\u0259d\u0259r qad\u0131n\u0131n olmas\u0131 \u0259xlaqs\u0131zl\u0131q deyil, h\u0259tta t\u0259qdir\u0259layiq bir \u015feydir.\n<\/p>\n<p>\n  \u201cM\u00fcq\u0259dd\u0259s fahi\u015f\u0259\u201d v\u0259 \u201ck\u00fc\u00e7\u0259 fahi\u015f\u0259si\u201dnin f\u0259rqi 3500 il bundan qabaq bir Assuriya kral\u0131n\u0131n yazd\u0131rd\u0131\u011f\u0131 qanunlar toplusunda qoyulur: yaln\u0131z evli, dul v\u0259 m\u0259b\u0259d qad\u0131nlar\u0131 ba\u015flar\u0131n\u0131 \u00f6rt\u0259 bil\u0259r, q\u0131zlar, cariy\u0259l\u0259r v\u0259 k\u00fc\u00e7\u0259 fahi\u015f\u0259l\u0259ri \u00fc\u00e7\u00fcn \u00f6rt\u00fc qada\u011fand\u0131r. (Xristian rahib\u0259l\u0259ri h\u0259l\u0259 d\u0259 bu \u0259n\u0259n\u0259ni davam edirl\u0259r. El\u0259c\u0259 d\u0259 bizim b\u0259zi regionlar\u0131m\u0131zda \u0259r\u0259 ged\u0259n qad\u0131nlardan ba\u015f \u00f6rt\u00fcs\u00fc t\u0259l\u0259binin d\u0259 k\u00f6k\u00fc h\u0259min qanuna gedib \u00e7\u0131x\u0131r.)\n<\/p>\n<p>\n  T\u0259kallahl\u0131 dinl\u0259rin paqan dinl\u0259rind\u0259ki ana-tanr\u0131lar\u0131 taxtdan salmas\u0131ndan sonra g\u00f6r\u0259c\u0259yi i\u015f ana-tanr\u0131lar\u0131 v\u0259 onlar\u0131n simvollar\u0131n\u0131 m\u0259sx\u0259r\u0259y\u0259 qoymaq, onlara qar\u015f\u0131 ikrah oyatmaq \u00fc\u00e7\u00fcn onlar\u0131 k\u00fc\u00e7\u0259 fahi\u015f\u0259l\u0259riyl\u0259 eynil\u0259\u015fdirm\u0259k oldu.\n<\/p>\n<p>\n  Ana-tanr\u0131 simvollar\u0131ndan biri d\u0259 q\u0259dim romal\u0131larda x\u00fcsusi imtiyaza malik di\u015fi qurd idi. M\u0259s\u0259l\u0259n, Roma \u015f\u0259h\u0259rinin qurulmas\u0131yla ba\u011fl\u0131 \u0259fsan\u0259d\u0259 deyilir ki, bir di\u015fi qurd bu \u015f\u0259h\u0259rin qurucular\u0131 olacaq Remus v\u0259 Romulusu \u00e7a\u011fa hal\u0131nda tap\u0131b xilas edib. (Bu \u0259fsan\u0259d\u0259ki di\u015fi qurd \u0259slind\u0259, q\u0259dim t\u00fcrkl\u0259rin genezisind\u0259 i\u015ftirak ed\u0259n m\u0259\u015fhur mifik boz qurddur, k\u00f6kl\u0259ri t\u00fcrk olan etrusklar vasit\u0259sil\u0259 romal\u0131lara ke\u00e7ib.) M. Stouna g\u00f6r\u0259 Roma \u015f\u0259h\u0259rinin ad\u0131, he\u00e7 d\u0259 bu qarda\u015flar\u0131n \u2013 Remus v\u0259 Romulusun ad\u0131ndan deyil, qurd cildind\u0259 onlar\u0131 xilas ed\u0259n ana-tanr\u0131 Ruminan\u0131n ad\u0131ndan g\u00f6t\u00fcr\u00fcl\u00fcb. (Yeri g\u0259lmi\u015fk\u0259n, qad\u0131n ad\u0131n\u0131n \u015f\u0259h\u0259r\u0259 (\u00f6lk\u0259y\u0259, mill\u0259t\u0259 v\u0259 s.) qoyulmas\u0131\u00a0 t\u0259kc\u0259\u00a0 Roma il\u0259\u00a0 m\u0259hdudla\u015fm\u0131r, m\u0259s\u0259l\u0259n, yunanlar z\u0259ka ana-tanr\u0131s\u0131 Afinan\u0131n ad\u0131n\u0131\u00a0 paytaxtlar\u0131na veribl\u0259r. Lat\u0131n xalq\u0131n\u0131n ad\u0131 is\u0259 ana-tanr\u0131 Latia-n\u0131n ad\u0131ndand\u0131r, q\u0131r\u011f\u0131z t\u00fcrkl\u0259ri d\u0259 \u00f6zl\u0259rini \u201cq\u0131rx q\u0131z\u201d \u0259fsan\u0259sind\u0259ki q\u0131rx q\u0131z\u0131n soyundan g\u0259ldikl\u0259rin\u0259 g\u00f6r\u0259 q\u0131r\u011f\u0131z adland\u0131r\u0131rlar v\u0259 s. Misallar\u0131n say\u0131n\u0131 \u00e7oxaltmaq olar.) Ana-tanr\u0131-Ruminan\u0131n simvolu olan di\u015fi qurda romal\u0131lar \u201clupa\u201d deyirdil\u0259r. Xristianl\u0131\u011f\u0131n oturu\u015fmas\u0131ndan sonra bu s\u00f6z \u201cfahi\u015f\u0259\u201d m\u0259nas\u0131nda istifad\u0259 olunma\u011fa ba\u015flad\u0131. B.Eldem b\u0259nz\u0259r \u00f6rn\u0259kl\u0259rin Britaniyada da, arxaik ada k\u00fclt\u00fcr\u00fcnd\u0259 d\u0259 oldu\u011funu deyir. Bir Gal ana-tanr\u0131s\u0131 ikona v\u0259 qabartmalarda di\u015fi taz\u0131, it simvoluyla g\u00f6st\u0259rilir. V\u0259 xristianl\u0131q Romada oldu\u011fu kimi Britaniyada da yay\u0131ld\u0131qdan sonra ana-tanr\u0131n\u0131n simvolu olan, q\u0259dim ingilis dilind\u0259 \u201cdi\u015fi it\u201d, m\u0259nas\u0131na g\u0259l\u0259n \u201cbicce\u201d s\u00f6z\u00fc, yen\u0259 d\u0259 t\u0259hqir m\u0259nas\u0131nda \u201cfahi\u015f\u0259\u201d kimi istifad\u0259 edilm\u0259y\u0259 ba\u015flad\u0131. Bu s\u00f6z\u00fc m\u00fcasir ingilisl\u0259r h\u0259m d\u0259 homoseksuallara deyirl\u0259r, (bizd\u0259ki \u201cibn\u0259\u201d kimi). \u0130ngilis etimoloqlar\u0131na g\u00f6r\u0259 haz\u0131rda \u201cbitch\u201d kimi i\u015fl\u0259n\u0259n s\u00f6z\u00fcn k\u00f6k\u00fc \u201cpittja\u201dd\u0131r v\u0259 B. Eldem yaz\u0131r ki, bu da yunanlar\u0131n ocaq ana-tanr\u0131 Pithya-d\u0131r. Yunan dilind\u0259 Pithya Puta kimi t\u0259l\u0259ff\u00fcz edilirdi, indi haz\u0131rda bu s\u00f6z \u201cputana\u201d, y\u0259ni fahi\u015f\u0259 m\u0259nas\u0131nda i\u015fl\u0259dilir.\n<\/p>\n<p>\n  Frans\u0131z dilind\u0259 ana-tanr\u0131 Pithyadan t\u00f6r\u0259y\u0259n s\u00f6z\u00fc \u201cputain\u201d kimi fahi\u015f\u0259y\u0259\u00a0 deyirl\u0259r. Pithya anadolu t\u00fcrkl\u0259rinin a\u011fz\u0131nda \u201cpic\u201d, bizd\u0259 is\u0259 \u201cbic\u201d, \u201cbicbala\u201d \u015f\u0259klin\u0259 d\u00fc\u015f\u00fcb, bu s\u00f6z qeyri-qanuni do\u011fulmu\u015f u\u015faqlara \u00fcnvanlan\u0131r, ba\u015fqa deyi\u015fl\u0259 fahi\u015f\u0259 u\u015fa\u011f\u0131na deyilir.\n<\/p>\n<p>\n  Q\u0259dim t\u00fcrkl\u0259rd\u0259 oldu\u011fu kimi (Asena), romal\u0131lar\u0131n, qallar\u0131n v\u0259 yunanlar\u0131n ana-tanr\u0131lar\u0131 Lupan\u0131n, Ruminan\u0131n, Pitjan\u0131n simvollar\u0131 di\u015fi qurd v\u0259 ya di\u015fi it idi. V\u0259 g\u00f6r\u00fcnd\u00fcy\u00fc lupa, puta, putain, bitch, pic, bic v\u0259 s. kimi bu s\u00f6zl\u0259r \u2013 fahi\u015f\u0259 v\u0259 fahi\u015f\u0259 il\u0259 \u0259laq\u0259li s\u00f6zl\u0259r\u0259 \u00e7evrildi.\n<\/p>\n<p>\n  \u201cFahi\u015f\u0259l\u0259\u015fdirm\u0259 kampaniyas\u0131\u201d ana-tanr\u0131larla s\u0259rh\u0259dl\u0259nm\u0259di, pey\u011f\u0259mb\u0259r\u00a0\u00a0 qad\u0131nlara da y\u00f6n\u0259ldi. Pey\u011f\u0259mb\u0259rlik d\u0259 ba\u015flan\u011f\u0131cda qad\u0131nlara aid dini v\u0259zif\u0259 idi, m\u0259s\u0259l\u0259n, babilli pey\u011f\u0259mb\u0259r qad\u0131nlar\u0131 \u201cappiltu\u201d, ya da \u201cmuhhtu\u201d adland\u0131r\u0131rd\u0131lar. \u0130branic\u0259d\u0259 is\u0259 \u201czonahm\u201d \u2013 pey\u011f\u0259mbr qad\u0131n dem\u0259k idi, amma sonralar bu s\u00f6z k\u00fc\u00e7\u0259 fahi\u015f\u0259l\u0259rin\u0259 deyildi.\n<\/p>\n<p>\n  Eyni aqib\u0259t T\u00fcrkiy\u0259 t\u00fcrkc\u0259sind\u0259 m\u00f6vcud olan \u201cyosma\u201d s\u00f6z\u00fcn\u00fcn d\u0259 ba\u015f\u0131na g\u0259ldi, bu s\u00f6z ciddi \u0259xlaql\u0131 say\u0131lmayan qad\u0131nlar\u0131 g\u00f6z \u00f6n\u00fcn\u0259 g\u0259tirir, ancaq etimologiyas\u0131na g\u00f6r\u0259 us (a\u011f\u0131l) k\u00f6k\u00fcnd\u0259n yaran\u0131b, \u201ca\u011f\u0131ll\u0131, bilikli qad\u0131n\u201d dem\u0259kdir. B\u00f6y\u00fck ehtimal ki, \u201cyosma\u201d x\u00fcsusi dini qad\u0131n personalar\u0131n ad\u0131 olub. Bayaq haqq\u0131nda b\u0259hs olunan \u201cbic\u201d s\u00f6z\u00fcn\u00fcn dilimizd\u0259 ikinci m\u0259nas\u0131 \u201c\u00e7oxbilmi\u015f\u201d dem\u0259kdir. Olsun ki, sonralar bilikli qad\u0131nlar\u0131 g\u00f6zd\u0259n salmaq \u00fc\u00e7\u00fcn coxbilmi\u015fliy\u0259 fahi\u015f\u0259lik donu geyindirildi. \u00d6nc\u0259ki yaz\u0131da vur\u011fulad\u0131\u011f\u0131m kimi, \u201cibn\u0259\u201d s\u00f6z\u00fc d\u0259 bizd\u0259 h\u0259m b\u0259d\u0259nini satan ki\u015fiy\u0259, h\u0259m d\u0259 h\u0259ddind\u0259n art\u0131q coxbilmi\u015f qad\u0131na deyilir. Qad\u0131n \u00e7oxbilmi\u015fliyinin s\u00f6y\u00fc\u015fl\u00fck m\u0259nas\u0131 \u201cifrit\u0259\u201d s\u00f6z\u00fcnd\u0259 d\u0259 \u00f6z\u00fcn\u00fc g\u00f6st\u0259rir.\n<\/p>\n<p>\n  <b><br \/>\n    2. Bilikli qad\u0131nlar\u0131n cadug\u0259r v\u0259 ifrit\u0259l\u0259r\u0259 \u00e7evrilm\u0259si<br \/>\n  <\/b>\n<\/p>\n<p>\n  Qad\u0131nlar\u0131 n\u0259z\u0259rd\u0259 tutan s\u00f6y\u00fc\u015fl\u0259r i\u00e7ind\u0259 \u201cifrit\u0259\u201d, \u201ccadug\u0259r\u201d s\u00f6zl\u0259ri t\u0259hqir \u00e7\u0259kisin\u0259 g\u00f6r\u0259 \u201cfahi\u015f\u0259\u201dd\u0259n bir az geri qal\u0131r. D\u00fcnyan\u0131n \u0259n q\u0259dim dini d\u00fcnyag\u00f6r\u00fc\u015f\u00fc say\u0131lan \u015famanizmin deformasiya edilmi\u015f fiqurlar\u0131 olan cadug\u0259rl\u0259r d\u0259 monoteist dinl\u0259rd\u0259n sonra qaralanma\u011fa ba\u015flad\u0131. Rus dilind\u0259 cadug\u0259r, ifrit\u0259, yaxud k\u00fcp\u0259gir\u0259n qar\u0131 m\u0259nas\u0131nda i\u015fl\u0259dil\u0259n \u201cvedma\u201d s\u00f6z\u00fc d\u0259 bir zamanlar s\u00f6y\u00fc\u015f deyildi, bilikli, bilici\u00a0 qad\u0131nlara deyilirdi. S\u00f6z\u00fcn k\u00f6k\u00fc olan \u201cved, \u201cvid\u201d, indi d\u0259 rus dilind\u0259 bilikl\u0259, sezm\u0259 il\u0259, m\u00fcdriklikl\u0259 v\u0259 idar\u0259edicilikl\u0259 ba\u011fl\u0131 bir \u00e7ox s\u00f6zl\u0259rin \u0259sas\u0131nda dayan\u0131r: \u201cVidet\u201d s\u00f6z\u00fc g\u00f6rm\u0259k, duymaq, sezm\u0259k, ba\u015fa d\u00fc\u015fm\u0259k, bilm\u0259k dem\u0259kdir, \u201cvedayu\u015f\u015fiy\u201d s\u00f6z\u00fcn\u00fcn h\u0259m \u201cbil\u0259n\u201d, \u201cx\u0259b\u0259rdar olan\u201d, h\u0259m d\u0259 \u201cidar\u0259 ed\u0259n\u201d, \u201cbaxan\u201d kimi m\u0259nalar\u0131 var. El\u0259c\u0259 d\u0259 \u201cvedu\u015f\u015fiy\u201d s\u00f6z\u00fcn\u00fcn aparan, idar\u0259 ed\u0259n, qabaqda ged\u0259n m\u0259nalar\u0131 da bilikli insanla, daha do\u011frusu qad\u0131nla \u0259laq\u0259dar olaraq yaran\u0131b. M\u0259nas\u0131 \u201cd\u00fcnyag\u00f6rm\u00fc\u015f\u201d\u00a0 olan \u201cvidal\u0131y\u201d s\u00f6z\u00fcn\u00fcn d\u0259 k\u00f6k\u00fc \u201cvid\u201d, yaxud \u201cved\u201ddir.<br \/>\n  <br \/>\n  Hind f\u0259ls\u0259f\u0259sind\u0259 m\u0259rk\u0259zi yer tutan \u201cveda\u201d s\u00f6z\u00fc d\u0259 \u201cved\u201d y\u0259ni bilik, daha do\u011frusu m\u00fcq\u0259dd\u0259s, dini bilik m\u0259nas\u0131na g\u0259lir.\n<\/p>\n<p>\n  \u0130ngilisc\u0259 \u201cwitch\u201d s\u00f6z\u00fc d\u0259 bilik s\u00f6z\u00fcn\u00fcn k\u00f6k\u00fc oldu\u011fu halda, h\u0259m d\u0259 k\u00fcp\u0259gir\u0259n qar\u0131, cadug\u0259r, ifrit\u0259 m\u0259nalar\u0131nda i\u015fl\u0259nir. \u201cWitch\u201d s\u00f6z\u00fc, alman dilind\u0259 d\u0259 m\u0259nas\u0131 \u201cbilm\u0259k\u201d dem\u0259k olan \u201cwissen\u201c s\u00f6z\u00fc il\u0259 eynik\u00f6kl\u00fcd\u00fcr. H\u0259m\u00e7inin almanca alim s\u00f6z\u00fcn\u0259 d\u0259 \u201cWissenschaftler\u201d deyilir.\n<\/p>\n<p>\n  Ancaq g\u00f6r\u00fcnd\u00fcy\u00fc kimi, ist\u0259r rus dilind\u0259 (vedma), ist\u0259r d\u0259 ingilis dilind\u0259 (witch) \u2013 bilikli qad\u0131n cadug\u0259r, ifrit\u0259 qismind\u0259 t\u0259qdim edilir. Bu t\u0259sir bizim na\u011f\u0131llar\u0131m\u0131zdan da yan \u00f6tm\u0259yib; alt doda\u011f\u0131 yer s\u00fcp\u00fcr\u0259n, \u00fcst doda\u011f\u0131 g\u00f6y s\u00fcp\u00fcr\u0259n k\u00fcp\u0259gir\u0259n (cadug\u0259r) qar\u0131lar m\u0259nfi q\u0259hr\u0259manlard\u0131r, \u0259n sonda qaynar t\u0259ndirl\u0259r\u0259 at\u0131l\u0131r. Cadug\u0259rl\u0259r bizl\u0259rd\u0259 na\u011f\u0131llarda yand\u0131r\u0131lsa da, Orta \u0259srl\u0259r Avropas\u0131nda tam min il boyunca inkvizisiya tonqallar\u0131nda h\u0259rfi m\u0259nada yand\u0131r\u0131l\u0131blar. Bu g\u00fcn d\u0259 Afrikada v\u0259 Hindistanda cadug\u0259rlikd\u0259 g\u00fcnahland\u0131r\u0131lanlar\u0131 yand\u0131r\u0131rlar.<br \/>\n  <br \/>\n  \u0130rlandada bilici qad\u0131nlara \u201cputhones\u201d deyirdil\u0259r. Bu s\u00f6z, ingilsl\u0259rd\u0259 h\u0259m pey\u011f\u0259mb\u0259r, h\u0259m d\u0259 cadug\u0259r dem\u0259kdir.\n<\/p>\n<p>\n  Bilikli qad\u0131n\u0131 cadug\u0259r g\u00f6z\u00fcnd\u0259 g\u00f6rm\u0259k T\u00fcrkiy\u0259 t\u00fcrkc\u0259sind\u0259 bir atalar s\u00f6z\u00fcnd\u0259 bel\u0259 ifad\u0259 edilir: \u201cAdam\u0131n okuyan\u0131 kad\u0131, kad\u0131n\u0131n okuyan\u0131 cad\u0131 olar.\u201d Y\u0259ni, ki\u015finin oxuyan\u0131 qaz\u0131, qad\u0131n\u0131n oxuyan\u0131 cadug\u0259r olar.<br \/>\n  <br \/>\n  Bir zamanlar Babil karnavallar\u0131nda ana tanr\u0131 \u0130\u015ftar\u0131n roluna gir\u0259n rahib\u0259y\u0259 \u201csatari\u201d deyilirdi. Haz\u0131rada T\u00fcrkiy\u0259 t\u00fcrkc\u0259sind\u0259 \u201csoytar\u0131\u201d s\u00f6z\u00fc kimi kloun, oyunbaz, m\u00fctr\u00fcf m\u0259nas\u0131nda i\u015fl\u0259nir (Y.C\u0131b\u0131ro\u011flu).\n<\/p>\n<p>\n  Bel\u0259likl\u0259, m\u00fcxt\u0259lif dill\u0259rd\u0259 olan orospu, lupa, puta, putain, bicce, bic, vedma, soytar\u0131, yosma, v\u0259 s. kimi s\u00f6y\u00fc\u015f v\u0259 t\u0259hqir m\u0259nas\u0131 da\u015f\u0131yan s\u00f6zl\u0259rin etimologiyas\u0131, bir yandan bu s\u00f6zl\u0259rin bir zamanlar ana-tanr\u0131lara, pey\u011f\u0259mb\u0259r v\u0259 bilici qad\u0131nlara aid edil\u0259r\u0259k onlar\u0131 ucaldan s\u00f6zl\u0259r oldu\u011funu g\u00f6st\u0259rdi, ba\u015fqa bir yandan is\u0259 qad\u0131nlara qar\u015f\u0131 \u0259ksildici m\u00fcnasib\u0259tin tarixini ayd\u0131nla\u015fd\u0131rd\u0131.\n<\/p>\n<p>\n  <i><br \/>\n    (ard\u0131 olacaq)<br \/>\n  <\/i>\n<\/p>\n<p>\n  <i><br \/>\n    <b><br \/>\n      Yaz\u0131 m\u00fc\u0259llifin \u015f\u0259xsi fikirl\u0259rini \u0259ks etdirir&#8230;<br \/>\n    <\/b><br \/>\n  <\/i><\/p>\n","protected":false},"excerpt":{"rendered":"<p>Tanr\u0131-Analar\u0131n v\u0259 pey\u011f\u0259mb\u0259r qad\u0131nlar\u0131n fahi\u015f\u0259l\u0259\u015fdirilm\u0259si<\/p>\n","protected":false},"author":11,"featured_media":28128,"comment_status":"closed","ping_status":"open","sticky":false,"template":"","format":"standard","meta":{"_acf_changed":false,"_sitemap_exclude":false,"_sitemap_priority":"","_sitemap_frequency":"","footnotes":""},"categories":[57],"tags":[],"class_list":["post-169348","post","type-post","status-publish","format-standard","has-post-thumbnail","hentry","category-menim-fikrimce","infinite-scroll-item","generate-columns","tablet-grid-50","mobile-grid-100","grid-parent","grid-33","no-featured-image-padding"],"acf":[],"yoast_head":"<!-- This site is optimized with the Yoast SEO plugin v27.5 - https:\/\/yoast.com\/product\/yoast-seo-wordpress\/ -->\n<title>Fahi\u015f\u0259 v\u0259 cadug\u0259rl\u0259rin ilahi ke\u00e7mi\u015fi - MEYDAN.TV<\/title>\n<meta name=\"robots\" content=\"index, follow, max-snippet:-1, max-image-preview:large, max-video-preview:-1\" \/>\n<link rel=\"canonical\" href=\"https:\/\/www.meydan.tv\/az\/article\/fahise-ve-cadugerlerin-ilahi-kecmisi\/\" \/>\n<meta property=\"og:locale\" content=\"az_AZ\" \/>\n<meta property=\"og:type\" content=\"article\" \/>\n<meta property=\"og:title\" content=\"Fahi\u015f\u0259 v\u0259 cadug\u0259rl\u0259rin ilahi ke\u00e7mi\u015fi - MEYDAN.TV\" \/>\n<meta property=\"og:description\" content=\"Tanr\u0131-Analar\u0131n v\u0259 pey\u011f\u0259mb\u0259r qad\u0131nlar\u0131n fahi\u015f\u0259l\u0259\u015fdirilm\u0259si\" \/>\n<meta property=\"og:url\" content=\"https:\/\/www.meydan.tv\/az\/article\/fahise-ve-cadugerlerin-ilahi-kecmisi\/\" \/>\n<meta property=\"og:site_name\" content=\"MEYDAN.TV\" \/>\n<meta property=\"article:published_time\" content=\"2015-08-09T02:07:56+00:00\" \/>\n<meta property=\"og:image\" content=\"https:\/\/www.meydan.tv\/wp-content\/uploads\/10393.jpg\" \/>\n\t<meta property=\"og:image:width\" content=\"500\" \/>\n\t<meta property=\"og:image:height\" content=\"500\" \/>\n\t<meta property=\"og:image:type\" content=\"image\/jpeg\" \/>\n<meta name=\"author\" content=\"user-manager\" \/>\n<meta name=\"twitter:card\" content=\"summary_large_image\" \/>\n<script type=\"application\/ld+json\" class=\"yoast-schema-graph\">{\"@context\":\"https:\\\/\\\/schema.org\",\"@graph\":[{\"@type\":\"Article\",\"@id\":\"https:\\\/\\\/www.meydan.tv\\\/az\\\/article\\\/fahise-ve-cadugerlerin-ilahi-kecmisi\\\/#article\",\"isPartOf\":{\"@id\":\"https:\\\/\\\/www.meydan.tv\\\/az\\\/article\\\/fahise-ve-cadugerlerin-ilahi-kecmisi\\\/\"},\"author\":{\"name\":\"user-manager\",\"@id\":\"https:\\\/\\\/www.meydan.tv\\\/az\\\/#\\\/schema\\\/person\\\/10d11eccf6da3662cf5fdab9806ea91a\"},\"headline\":\"Fahi\u015f\u0259 v\u0259 cadug\u0259rl\u0259rin ilahi ke\u00e7mi\u015fi\",\"datePublished\":\"2015-08-09T02:07:56+00:00\",\"mainEntityOfPage\":{\"@id\":\"https:\\\/\\\/www.meydan.tv\\\/az\\\/article\\\/fahise-ve-cadugerlerin-ilahi-kecmisi\\\/\"},\"wordCount\":3056,\"publisher\":{\"@id\":\"https:\\\/\\\/www.meydan.tv\\\/az\\\/#organization\"},\"image\":{\"@id\":\"https:\\\/\\\/www.meydan.tv\\\/az\\\/article\\\/fahise-ve-cadugerlerin-ilahi-kecmisi\\\/#primaryimage\"},\"thumbnailUrl\":\"https:\\\/\\\/www.meydan.tv\\\/wp-content\\\/uploads\\\/10393.jpg\",\"articleSection\":[\"M\u0259nim Fikrimc\u0259\"],\"inLanguage\":\"az\"},{\"@type\":\"WebPage\",\"@id\":\"https:\\\/\\\/www.meydan.tv\\\/az\\\/article\\\/fahise-ve-cadugerlerin-ilahi-kecmisi\\\/\",\"url\":\"https:\\\/\\\/www.meydan.tv\\\/az\\\/article\\\/fahise-ve-cadugerlerin-ilahi-kecmisi\\\/\",\"name\":\"Fahi\u015f\u0259 v\u0259 cadug\u0259rl\u0259rin ilahi ke\u00e7mi\u015fi - MEYDAN.TV\",\"isPartOf\":{\"@id\":\"https:\\\/\\\/www.meydan.tv\\\/az\\\/#website\"},\"primaryImageOfPage\":{\"@id\":\"https:\\\/\\\/www.meydan.tv\\\/az\\\/article\\\/fahise-ve-cadugerlerin-ilahi-kecmisi\\\/#primaryimage\"},\"image\":{\"@id\":\"https:\\\/\\\/www.meydan.tv\\\/az\\\/article\\\/fahise-ve-cadugerlerin-ilahi-kecmisi\\\/#primaryimage\"},\"thumbnailUrl\":\"https:\\\/\\\/www.meydan.tv\\\/wp-content\\\/uploads\\\/10393.jpg\",\"datePublished\":\"2015-08-09T02:07:56+00:00\",\"breadcrumb\":{\"@id\":\"https:\\\/\\\/www.meydan.tv\\\/az\\\/article\\\/fahise-ve-cadugerlerin-ilahi-kecmisi\\\/#breadcrumb\"},\"inLanguage\":\"az\",\"potentialAction\":[{\"@type\":\"ReadAction\",\"target\":[\"https:\\\/\\\/www.meydan.tv\\\/az\\\/article\\\/fahise-ve-cadugerlerin-ilahi-kecmisi\\\/\"]}]},{\"@type\":\"ImageObject\",\"inLanguage\":\"az\",\"@id\":\"https:\\\/\\\/www.meydan.tv\\\/az\\\/article\\\/fahise-ve-cadugerlerin-ilahi-kecmisi\\\/#primaryimage\",\"url\":\"https:\\\/\\\/www.meydan.tv\\\/wp-content\\\/uploads\\\/10393.jpg\",\"contentUrl\":\"https:\\\/\\\/www.meydan.tv\\\/wp-content\\\/uploads\\\/10393.jpg\",\"width\":500,\"height\":500,\"caption\":\"Source:\"},{\"@type\":\"BreadcrumbList\",\"@id\":\"https:\\\/\\\/www.meydan.tv\\\/az\\\/article\\\/fahise-ve-cadugerlerin-ilahi-kecmisi\\\/#breadcrumb\",\"itemListElement\":[{\"@type\":\"ListItem\",\"position\":1,\"name\":\"Ana s\u0259hif\u0259\",\"item\":\"https:\\\/\\\/www.meydan.tv\\\/az\\\/\"},{\"@type\":\"ListItem\",\"position\":2,\"name\":\"M\u0259nim Fikrimc\u0259\",\"item\":\"https:\\\/\\\/www.meydan.tv\\\/az\\\/section\\\/menim-fikrimce\\\/\"},{\"@type\":\"ListItem\",\"position\":3,\"name\":\"Fahi\u015f\u0259 v\u0259 cadug\u0259rl\u0259rin ilahi ke\u00e7mi\u015fi\"}]},{\"@type\":\"WebSite\",\"@id\":\"https:\\\/\\\/www.meydan.tv\\\/az\\\/#website\",\"url\":\"https:\\\/\\\/www.meydan.tv\\\/az\\\/\",\"name\":\"MEYDAN.TV\",\"description\":\"Meydan TV Az\u0259rbaycan\u0131n media m\u0259kan\u0131ndak\u0131 alternativ s\u0259sidir\",\"publisher\":{\"@id\":\"https:\\\/\\\/www.meydan.tv\\\/az\\\/#organization\"},\"potentialAction\":[{\"@type\":\"SearchAction\",\"target\":{\"@type\":\"EntryPoint\",\"urlTemplate\":\"https:\\\/\\\/www.meydan.tv\\\/az\\\/?s={search_term_string}\"},\"query-input\":{\"@type\":\"PropertyValueSpecification\",\"valueRequired\":true,\"valueName\":\"search_term_string\"}}],\"inLanguage\":\"az\"},{\"@type\":\"Organization\",\"@id\":\"https:\\\/\\\/www.meydan.tv\\\/az\\\/#organization\",\"name\":\"Meydan TV\",\"url\":\"https:\\\/\\\/www.meydan.tv\\\/az\\\/\",\"logo\":{\"@type\":\"ImageObject\",\"inLanguage\":\"az\",\"@id\":\"https:\\\/\\\/www.meydan.tv\\\/az\\\/#\\\/schema\\\/logo\\\/image\\\/\",\"url\":\"https:\\\/\\\/www.meydan.tv\\\/wp-content\\\/uploads\\\/2021\\\/07\\\/meydan-logo.svg\",\"contentUrl\":\"https:\\\/\\\/www.meydan.tv\\\/wp-content\\\/uploads\\\/2021\\\/07\\\/meydan-logo.svg\",\"width\":195,\"height\":46,\"caption\":\"Meydan TV\"},\"image\":{\"@id\":\"https:\\\/\\\/www.meydan.tv\\\/az\\\/#\\\/schema\\\/logo\\\/image\\\/\"}},{\"@type\":\"Person\",\"@id\":\"https:\\\/\\\/www.meydan.tv\\\/az\\\/#\\\/schema\\\/person\\\/10d11eccf6da3662cf5fdab9806ea91a\",\"name\":\"user-manager\"}]}<\/script>\n<!-- \/ Yoast SEO plugin. -->","yoast_head_json":{"title":"Fahi\u015f\u0259 v\u0259 cadug\u0259rl\u0259rin ilahi ke\u00e7mi\u015fi - MEYDAN.TV","robots":{"index":"index","follow":"follow","max-snippet":"max-snippet:-1","max-image-preview":"max-image-preview:large","max-video-preview":"max-video-preview:-1"},"canonical":"https:\/\/www.meydan.tv\/az\/article\/fahise-ve-cadugerlerin-ilahi-kecmisi\/","og_locale":"az_AZ","og_type":"article","og_title":"Fahi\u015f\u0259 v\u0259 cadug\u0259rl\u0259rin ilahi ke\u00e7mi\u015fi - MEYDAN.TV","og_description":"Tanr\u0131-Analar\u0131n v\u0259 pey\u011f\u0259mb\u0259r qad\u0131nlar\u0131n fahi\u015f\u0259l\u0259\u015fdirilm\u0259si","og_url":"https:\/\/www.meydan.tv\/az\/article\/fahise-ve-cadugerlerin-ilahi-kecmisi\/","og_site_name":"MEYDAN.TV","article_published_time":"2015-08-09T02:07:56+00:00","og_image":[{"width":500,"height":500,"url":"https:\/\/www.meydan.tv\/wp-content\/uploads\/10393.jpg","type":"image\/jpeg"}],"author":"user-manager","twitter_card":"summary_large_image","schema":{"@context":"https:\/\/schema.org","@graph":[{"@type":"Article","@id":"https:\/\/www.meydan.tv\/az\/article\/fahise-ve-cadugerlerin-ilahi-kecmisi\/#article","isPartOf":{"@id":"https:\/\/www.meydan.tv\/az\/article\/fahise-ve-cadugerlerin-ilahi-kecmisi\/"},"author":{"name":"user-manager","@id":"https:\/\/www.meydan.tv\/az\/#\/schema\/person\/10d11eccf6da3662cf5fdab9806ea91a"},"headline":"Fahi\u015f\u0259 v\u0259 cadug\u0259rl\u0259rin ilahi ke\u00e7mi\u015fi","datePublished":"2015-08-09T02:07:56+00:00","mainEntityOfPage":{"@id":"https:\/\/www.meydan.tv\/az\/article\/fahise-ve-cadugerlerin-ilahi-kecmisi\/"},"wordCount":3056,"publisher":{"@id":"https:\/\/www.meydan.tv\/az\/#organization"},"image":{"@id":"https:\/\/www.meydan.tv\/az\/article\/fahise-ve-cadugerlerin-ilahi-kecmisi\/#primaryimage"},"thumbnailUrl":"https:\/\/www.meydan.tv\/wp-content\/uploads\/10393.jpg","articleSection":["M\u0259nim Fikrimc\u0259"],"inLanguage":"az"},{"@type":"WebPage","@id":"https:\/\/www.meydan.tv\/az\/article\/fahise-ve-cadugerlerin-ilahi-kecmisi\/","url":"https:\/\/www.meydan.tv\/az\/article\/fahise-ve-cadugerlerin-ilahi-kecmisi\/","name":"Fahi\u015f\u0259 v\u0259 cadug\u0259rl\u0259rin ilahi ke\u00e7mi\u015fi - MEYDAN.TV","isPartOf":{"@id":"https:\/\/www.meydan.tv\/az\/#website"},"primaryImageOfPage":{"@id":"https:\/\/www.meydan.tv\/az\/article\/fahise-ve-cadugerlerin-ilahi-kecmisi\/#primaryimage"},"image":{"@id":"https:\/\/www.meydan.tv\/az\/article\/fahise-ve-cadugerlerin-ilahi-kecmisi\/#primaryimage"},"thumbnailUrl":"https:\/\/www.meydan.tv\/wp-content\/uploads\/10393.jpg","datePublished":"2015-08-09T02:07:56+00:00","breadcrumb":{"@id":"https:\/\/www.meydan.tv\/az\/article\/fahise-ve-cadugerlerin-ilahi-kecmisi\/#breadcrumb"},"inLanguage":"az","potentialAction":[{"@type":"ReadAction","target":["https:\/\/www.meydan.tv\/az\/article\/fahise-ve-cadugerlerin-ilahi-kecmisi\/"]}]},{"@type":"ImageObject","inLanguage":"az","@id":"https:\/\/www.meydan.tv\/az\/article\/fahise-ve-cadugerlerin-ilahi-kecmisi\/#primaryimage","url":"https:\/\/www.meydan.tv\/wp-content\/uploads\/10393.jpg","contentUrl":"https:\/\/www.meydan.tv\/wp-content\/uploads\/10393.jpg","width":500,"height":500,"caption":"Source:"},{"@type":"BreadcrumbList","@id":"https:\/\/www.meydan.tv\/az\/article\/fahise-ve-cadugerlerin-ilahi-kecmisi\/#breadcrumb","itemListElement":[{"@type":"ListItem","position":1,"name":"Ana s\u0259hif\u0259","item":"https:\/\/www.meydan.tv\/az\/"},{"@type":"ListItem","position":2,"name":"M\u0259nim Fikrimc\u0259","item":"https:\/\/www.meydan.tv\/az\/section\/menim-fikrimce\/"},{"@type":"ListItem","position":3,"name":"Fahi\u015f\u0259 v\u0259 cadug\u0259rl\u0259rin ilahi ke\u00e7mi\u015fi"}]},{"@type":"WebSite","@id":"https:\/\/www.meydan.tv\/az\/#website","url":"https:\/\/www.meydan.tv\/az\/","name":"MEYDAN.TV","description":"Meydan TV Az\u0259rbaycan\u0131n media m\u0259kan\u0131ndak\u0131 alternativ s\u0259sidir","publisher":{"@id":"https:\/\/www.meydan.tv\/az\/#organization"},"potentialAction":[{"@type":"SearchAction","target":{"@type":"EntryPoint","urlTemplate":"https:\/\/www.meydan.tv\/az\/?s={search_term_string}"},"query-input":{"@type":"PropertyValueSpecification","valueRequired":true,"valueName":"search_term_string"}}],"inLanguage":"az"},{"@type":"Organization","@id":"https:\/\/www.meydan.tv\/az\/#organization","name":"Meydan TV","url":"https:\/\/www.meydan.tv\/az\/","logo":{"@type":"ImageObject","inLanguage":"az","@id":"https:\/\/www.meydan.tv\/az\/#\/schema\/logo\/image\/","url":"https:\/\/www.meydan.tv\/wp-content\/uploads\/2021\/07\/meydan-logo.svg","contentUrl":"https:\/\/www.meydan.tv\/wp-content\/uploads\/2021\/07\/meydan-logo.svg","width":195,"height":46,"caption":"Meydan TV"},"image":{"@id":"https:\/\/www.meydan.tv\/az\/#\/schema\/logo\/image\/"}},{"@type":"Person","@id":"https:\/\/www.meydan.tv\/az\/#\/schema\/person\/10d11eccf6da3662cf5fdab9806ea91a","name":"user-manager"}]}},"_links":{"self":[{"href":"https:\/\/www.meydan.tv\/az\/wp-json\/wp\/v2\/posts\/169348","targetHints":{"allow":["GET"]}}],"collection":[{"href":"https:\/\/www.meydan.tv\/az\/wp-json\/wp\/v2\/posts"}],"about":[{"href":"https:\/\/www.meydan.tv\/az\/wp-json\/wp\/v2\/types\/post"}],"author":[{"embeddable":true,"href":"https:\/\/www.meydan.tv\/az\/wp-json\/wp\/v2\/users\/11"}],"replies":[{"embeddable":true,"href":"https:\/\/www.meydan.tv\/az\/wp-json\/wp\/v2\/comments?post=169348"}],"version-history":[{"count":0,"href":"https:\/\/www.meydan.tv\/az\/wp-json\/wp\/v2\/posts\/169348\/revisions"}],"wp:featuredmedia":[{"embeddable":true,"href":"https:\/\/www.meydan.tv\/az\/wp-json\/wp\/v2\/media\/28128"}],"wp:attachment":[{"href":"https:\/\/www.meydan.tv\/az\/wp-json\/wp\/v2\/media?parent=169348"}],"wp:term":[{"taxonomy":"category","embeddable":true,"href":"https:\/\/www.meydan.tv\/az\/wp-json\/wp\/v2\/categories?post=169348"},{"taxonomy":"post_tag","embeddable":true,"href":"https:\/\/www.meydan.tv\/az\/wp-json\/wp\/v2\/tags?post=169348"}],"curies":[{"name":"wp","href":"https:\/\/api.w.org\/{rel}","templated":true}]}}