{"id":169343,"date":"2015-08-08T19:29:26","date_gmt":"2015-08-08T19:29:26","guid":{"rendered":"https:\/\/www.meydan.tv\/article\/derinlik-problemi\/"},"modified":"2015-08-08T19:29:26","modified_gmt":"2015-08-08T19:29:26","slug":"derinlik-problemi","status":"publish","type":"post","link":"https:\/\/www.meydan.tv\/az\/article\/derinlik-problemi\/","title":{"rendered":"D\u0259rinlik problemi"},"content":{"rendered":"<figure class=\"wp-block-image size-large\">\n  <img decoding=\"async\" src=\"https:\/\/www.meydan.tv\/az\/31136\/\" alt=\"\" class=\"wp-image-31136\"\/><figcaption><\/figcaption><\/figure>\n<figure class=\"wp-block-image size-large\">\n  <img decoding=\"async\" src=\"https:\/\/www.meydan.tv\/az\/31139\/\" alt=\"\" class=\"wp-image-31139\"\/><figcaption><\/figcaption><\/figure>\n<p>\n  \u0130nsan ruh\u0259n d\u0259yi\u015fdiyini, daha d\u0259rin\u0259 do\u011fru y\u00fcks\u0259ldiyini, m\u0259naland\u0131\u011f\u0131n\u0131 hiss edir. Bu, bir g\u00fcl tikan\u0131 kimi insana bat\u0131r. A\u011fr\u0131s\u0131z v\u0259 t\u0259sirli. Art\u0131q h\u0259yat onun \u00fc\u00e7\u00fcn daha b\u00f6y\u00fck m\u0259na da\u015f\u0131y\u0131r. Ham\u0131n\u0131n g\u00f6rd\u00fcy\u00fcn\u00fc g\u00f6rm\u00fcr, g\u00f6rm\u0259k ist\u0259mir, \u00f6z\u00fcn\u0259 yeni ideallar se\u00e7ir. Bu bir psixoanalizdir&#8230; Freyd demi\u015fk\u0259n. Psixoanalizin ba\u015fqa istiqam\u0259tl\u0259ri d\u0259 var h\u0259yat yolunda. Yuxar\u0131da insan\u0131n kamill\u0259\u015fm\u0259si, d\u0259rinl\u0259\u015fm\u0259si bir n\u00f6v dahiliy\u0259 do\u011fru getm\u0259sini t\u0259svir etm\u0259y\u0259 \u00e7al\u0131\u015fm\u0131\u015fam. H\u0259r \u015fey d\u0259 el\u0259 bundan sonra ba\u015flay\u0131r. Herman Hessesind\u0259n tutmu\u015f, adi kitab oxuyan \u015f\u0259xs\u0259 kimi ham\u0131 bu yolu ke\u00e7ir.\n<\/p>\n<p>\n  B\u0259s, d\u0259rinl\u0259\u015fm\u0259y\u0259nl\u0259r? D\u0259rind\u0259n qorxanlar ? Onlar niy\u0259 bu yola girm\u0259kd\u0259n qorxurlar? B\u0259\u015f\u0259riyy\u0259tin \u0259n b\u00f6y\u00fck probleml\u0259rind\u0259n biridir. Dahi insanlar bir n\u00f6v bu katarsisi, t\u0259mizl\u0259nm\u0259ni sona kimi gedirl\u0259r v\u0259 dahilik m\u0259qam\u0131na \u00e7at\u0131rlar ged\u0259 bilm\u0259y\u0259nl\u0259r is\u0259 c\u0259miyy\u0259tin ortalar\u0131nda hans\u0131sa m\u00f6vqeni tuturlar.\n<\/p>\n<p>\n  \u018fd\u0259biyyat tarixinin ke\u00e7diyi yol da bunu \u00f6z\u00fcnd\u0259 ehtiva edir. \u018fsrl\u0259r, ill\u0259r \u00f6td\u00fckc\u0259 insanl\u0131q daha m\u0259ntiqli, daha d\u0259rin m\u0259fhumlarla maraqlan\u0131r. T\u0259bii ki, burada insanl\u0131q dey\u0259nd\u0259 Palanik demi\u015fk\u0259n &#8220;n\u00f6qt\u0259y\u0259 \u00e7atm\u0131\u015f&#8221; insanlardan, intibah\u0131 adlam\u0131\u015f insanlardan s\u00f6hb\u0259t gedir. Yuxar\u0131dak\u0131 insanlardan. H\u0259min insanl\u0131q ki, \u00f6z s\u0259l\u0259fl\u0259rini\u00a0 art\u0131q m\u0259ntiqsiz q\u0259bul edir. Daha onlar\u0131 d\u0259rin saym\u0131r. Burada qeyd etdiyim katarsisin d\u0259 rolu b\u00f6y\u00fckd\u00fcr. M\u0259s\u0259l\u0259n, 100 il \u00f6nc\u0259 ham\u0131 F\u00fczulini, Nizaminin lap el\u0259 \u018flia\u011fa Vahidin q\u0259z\u0259ll\u0259rini sev\u0259-sev\u0259 oxuyurdusa, indi bu janr v\u0259 bunun kimi bir s\u0131ra heca \u015feirl\u0259ri d\u0259 s\u00f6nm\u0259y\u0259 ba\u015flay\u0131r.\n<\/p>\n<p>\n  Art\u0131q insanlar daha d\u0259rin m\u0259nal\u0131 yaz\u0131lar axtar\u0131rlar, daha \u00e7ox beyinl\u0259rini i\u015fl\u0259tm\u0259k ist\u0259yirl\u0259r. Art\u0131q d\u0259rin \u018flia\u011fa Vahid yox, Aq\u015fin Yenisey \u015feirl\u0259ri say\u0131l\u0131r. \u0130deallar s\u0131n\u0131r, tabular m\u0259hv edilir. Art\u0131q he\u00e7 bir yaz\u0131\u00e7\u0131, \u015fair ilahil\u0259\u015fdirilmir. \u015e\u0259xsi g\u00f6r\u00fc\u015fl\u0259rim\u0259 \u0259saslan\u0131b dey\u0259 bil\u0259r\u0259m ki, t\u0259kc\u0259 Az\u0259rbaycan yox, \u00fcmumd\u00fcnya s\u0259n\u0259t sah\u0259sind\u0259 bu proses gedir. \u018fvv\u0259lki yaz\u0131lar\u0131mdan birind\u0259 d\u0259 qeyd etmi\u015fdim ki, daha insanlara pafos n\u00fcmunl\u0259ri yox, d\u0259rin m\u0259nan\u0131 \u00f6z\u00fcnd\u0259 gizl\u0259d\u0259n, d\u00fcnyag\u00f6r\u00fc\u015f\u00fc, intellektuall\u0131q, f\u0259ls\u0259fi haz\u0131rl\u0131q t\u0259l\u0259b ed\u0259n \u0259s\u0259rl\u0259r maraql\u0131d\u0131r. Bu yaz\u0131mda da h\u0259min d\u0259rinliyin v\u0259 dayazl\u0131\u011f\u0131n \u0259slind\u0259 n\u0259 oldu\u011funa toxunmaq ist\u0259yir\u0259m. Daha rahat dill\u0259 des\u0259k, oxucular aras\u0131nda yay\u0131lm\u0131\u015f &#8220;bu z\u0259if \u0259s\u0259rdir; bu ciddi \u0259s\u0259rdir&#8221; m\u0259s\u0259l\u0259sin\u0259 yana\u015facam.\n<\/p>\n<p>\n  D\u0259rinlik v\u0259 dayazl\u0131q n\u0259dir ? Bu sual\u0131 bir ne\u00e7\u0259 ki\u00e7ik amma dol\u011fun arqumentl\u0259 cavabland\u0131rmaq ist\u0259yir\u0259m. Diqq\u0259t yetir\u0259k:<\/p>\n<p>  \u0130nsanl\u0131\u011f\u0131n \u0259z\u0259ld\u0259n \u00f6z\u00fcnd\u0259 zamanla yaratd\u0131\u011f\u0131 iki h\u0259yata bax\u0131\u015f t\u0259rzi, iki c\u0259bh\u0259 olub. Biri h\u0259yata h\u0259qiq\u0259t g\u00f6z\u00fc il\u0259 baxanlar dig\u0259ri is\u0259 co\u015f\u011fun h\u0259yat hissl\u0259ri il\u0259\u00a0 baxanlar .\n<\/p>\n<p>\n  1) \u0130ndi is\u0259 bir az da &#8220;d\u0259rin\u0259&#8221; d\u00fc\u015f\u0259k. Termin formas\u0131nda bu bax\u0131\u015f t\u0259rzl\u0259rini romantizm v\u0259 realizm\u0259 b\u00f6lm\u0259k olar.\n<\/p>\n<p>\n  2) H\u0259yat\u0131 bir oyun kimi t\u0259svir ed\u0259k v\u0259 n\u00f6vb\u0259ti d\u0259rinlik m\u0259rh\u0259l\u0259sin\u0259 ke\u00e7\u0259k, biz bunlar\u0131 &#8220;spiritual&#8221;(m\u0259n\u0259vi)\u00a0 v\u0259 &#8220;skeptik&#8221;(h\u0259qiq\u0259t\u00e7i) h\u0259yat t\u0259rzi adland\u0131raca\u011f\u0131q.\n<\/p>\n<p>\n  3) V\u0259 g\u0259l\u0259k h\u0259l\u0259lik sonuncu d\u0259rinlik m\u0259rh\u0259l\u0259sin\u0259. Burada is\u0259 biz onu Nit\u015fe termini il\u0259\u00a0 &#8220;Apollonsaya\u011f\u0131&#8221; v\u0259 &#8220;Dionissaya\u011f\u0131&#8221; adland\u0131raca\u011f\u0131q. H\u0259m\u00e7inin, misallara baxd\u0131qda, \u00fc\u00e7\u00fcnc\u00fc\u00a0 birincid\u0259n daha \u0259trafl\u0131 v\u0259 intellektual g\u00f6r\u00fcn\u00fcr. D\u00fczd\u00fcr &#8220;adland\u0131raca\u011f\u0131q&#8221; bir az iddial\u0131 s\u0259sl\u0259nir amma ged\u0259n m\u0259ntiql\u0259\u015fm\u0259 prosesl\u0259rin\u0259 baxsaq, h\u0259qiq\u0259t\u0259n insanlar\u0131n daha d\u0259rin\u0259 d\u00fc\u015fm\u0259 ist\u0259kl\u0259rini, d\u0259rinlik acl\u0131qlar\u0131n\u0131n n\u0259tic\u0259sinin bu olaca\u011f\u0131n\u0131 g\u00f6rm\u0259k olar.\n<\/p>\n<p>\n  G\u0259l\u0259k ikinci arqument\u0259 :\n<\/p>\n<p>\n  Hessenin &#8220;Ham\u0131 pay\u0131na d\u00fc\u015f\u0259n b\u0259db\u0259xtliyi \u0259n b\u00f6y\u00fck b\u0259db\u0259xtlik sayar&#8221; fikri il\u0259 el aras\u0131nda yay\u0131lm\u0131\u015f &#8220;Ham\u0131 \u00f6z &#8230;-ni yek\u0259 bil\u0259r&#8221; fikri aras\u0131nda hans\u0131 f\u0259rq var ?\n<\/p>\n<p>\n  Dem\u0259k olar ki, o q\u0259d\u0259r d\u0259 \u00e7ox f\u0259rq yoxdur. Burada d\u0259yi\u015f\u0259n sad\u0259c\u0259 \u00fcslub v\u0259 formad\u0131r. Daxil\u0259n strukturda he\u00e7 bir f\u0259rq yoxdur. Yuxar\u0131da misallara da fikir vers\u0259k orada da d\u0259yi\u015f\u0259nin sad\u0259c\u0259 zahiri g\u00f6r\u00fcn\u00fc\u015f oldu\u011funu g\u00f6r\u0259rik. Burada is\u0259 maraql\u0131 bir sual yaran\u0131r : \u0130nsanlar\u0131n d\u0259rin sayd\u0131qlar\u0131 m\u0259tnl\u0259r h\u0259qiq\u0259t\u0259n m\u0259nal\u0131d\u0131r, yoxsa, d\u0259yi\u015f\u0259n t\u0259kc\u0259 zahiri g\u00f6r\u00fcn\u00fc\u015fd\u00fc?\n<\/p>\n<p>\n  <b><br \/>\n    Yaz\u0131 m\u00fc\u0259llifin \u015f\u0259xsi m\u00f6vqeyini \u0259ks etdirir<br \/>\n  <\/b><\/p>\n","protected":false},"excerpt":{"rendered":"<p>Pay\u0131m\u0131za d\u00fc\u015f\u0259n b\u0259db\u0259xtlik<\/p>\n","protected":false},"author":11,"featured_media":31136,"comment_status":"closed","ping_status":"open","sticky":false,"template":"","format":"standard","meta":{"_acf_changed":false,"_sitemap_exclude":false,"_sitemap_priority":"","_sitemap_frequency":"","footnotes":""},"categories":[57],"tags":[],"class_list":["post-169343","post","type-post","status-publish","format-standard","has-post-thumbnail","hentry","category-menim-fikrimce","infinite-scroll-item","generate-columns","tablet-grid-50","mobile-grid-100","grid-parent","grid-33","no-featured-image-padding"],"acf":[],"yoast_head":"<!-- This site is optimized with the Yoast SEO plugin v27.5 - https:\/\/yoast.com\/product\/yoast-seo-wordpress\/ -->\n<title>D\u0259rinlik problemi - MEYDAN.TV<\/title>\n<meta name=\"robots\" content=\"index, follow, max-snippet:-1, max-image-preview:large, max-video-preview:-1\" \/>\n<link rel=\"canonical\" href=\"https:\/\/www.meydan.tv\/az\/article\/derinlik-problemi\/\" \/>\n<meta property=\"og:locale\" content=\"az_AZ\" \/>\n<meta property=\"og:type\" content=\"article\" \/>\n<meta property=\"og:title\" content=\"D\u0259rinlik problemi - MEYDAN.TV\" \/>\n<meta property=\"og:description\" content=\"Pay\u0131m\u0131za d\u00fc\u015f\u0259n b\u0259db\u0259xtlik\" \/>\n<meta property=\"og:url\" content=\"https:\/\/www.meydan.tv\/az\/article\/derinlik-problemi\/\" \/>\n<meta property=\"og:site_name\" content=\"MEYDAN.TV\" \/>\n<meta property=\"article:published_time\" content=\"2015-08-08T19:29:26+00:00\" \/>\n<meta property=\"og:image\" content=\"https:\/\/www.meydan.tv\/wp-content\/uploads\/11596.jpg\" \/>\n\t<meta property=\"og:image:width\" content=\"500\" \/>\n\t<meta property=\"og:image:height\" content=\"500\" \/>\n\t<meta property=\"og:image:type\" content=\"image\/jpeg\" \/>\n<meta name=\"author\" content=\"user-manager\" \/>\n<meta name=\"twitter:card\" content=\"summary_large_image\" \/>\n<script type=\"application\/ld+json\" class=\"yoast-schema-graph\">{\"@context\":\"https:\\\/\\\/schema.org\",\"@graph\":[{\"@type\":\"Article\",\"@id\":\"https:\\\/\\\/www.meydan.tv\\\/az\\\/article\\\/derinlik-problemi\\\/#article\",\"isPartOf\":{\"@id\":\"https:\\\/\\\/www.meydan.tv\\\/az\\\/article\\\/derinlik-problemi\\\/\"},\"author\":{\"name\":\"user-manager\",\"@id\":\"https:\\\/\\\/www.meydan.tv\\\/az\\\/#\\\/schema\\\/person\\\/10d11eccf6da3662cf5fdab9806ea91a\"},\"headline\":\"D\u0259rinlik problemi\",\"datePublished\":\"2015-08-08T19:29:26+00:00\",\"mainEntityOfPage\":{\"@id\":\"https:\\\/\\\/www.meydan.tv\\\/az\\\/article\\\/derinlik-problemi\\\/\"},\"wordCount\":882,\"publisher\":{\"@id\":\"https:\\\/\\\/www.meydan.tv\\\/az\\\/#organization\"},\"image\":{\"@id\":\"https:\\\/\\\/www.meydan.tv\\\/az\\\/article\\\/derinlik-problemi\\\/#primaryimage\"},\"thumbnailUrl\":\"https:\\\/\\\/www.meydan.tv\\\/wp-content\\\/uploads\\\/11596.jpg\",\"articleSection\":[\"M\u0259nim Fikrimc\u0259\"],\"inLanguage\":\"az\"},{\"@type\":\"WebPage\",\"@id\":\"https:\\\/\\\/www.meydan.tv\\\/az\\\/article\\\/derinlik-problemi\\\/\",\"url\":\"https:\\\/\\\/www.meydan.tv\\\/az\\\/article\\\/derinlik-problemi\\\/\",\"name\":\"D\u0259rinlik problemi - MEYDAN.TV\",\"isPartOf\":{\"@id\":\"https:\\\/\\\/www.meydan.tv\\\/az\\\/#website\"},\"primaryImageOfPage\":{\"@id\":\"https:\\\/\\\/www.meydan.tv\\\/az\\\/article\\\/derinlik-problemi\\\/#primaryimage\"},\"image\":{\"@id\":\"https:\\\/\\\/www.meydan.tv\\\/az\\\/article\\\/derinlik-problemi\\\/#primaryimage\"},\"thumbnailUrl\":\"https:\\\/\\\/www.meydan.tv\\\/wp-content\\\/uploads\\\/11596.jpg\",\"datePublished\":\"2015-08-08T19:29:26+00:00\",\"breadcrumb\":{\"@id\":\"https:\\\/\\\/www.meydan.tv\\\/az\\\/article\\\/derinlik-problemi\\\/#breadcrumb\"},\"inLanguage\":\"az\",\"potentialAction\":[{\"@type\":\"ReadAction\",\"target\":[\"https:\\\/\\\/www.meydan.tv\\\/az\\\/article\\\/derinlik-problemi\\\/\"]}]},{\"@type\":\"ImageObject\",\"inLanguage\":\"az\",\"@id\":\"https:\\\/\\\/www.meydan.tv\\\/az\\\/article\\\/derinlik-problemi\\\/#primaryimage\",\"url\":\"https:\\\/\\\/www.meydan.tv\\\/wp-content\\\/uploads\\\/11596.jpg\",\"contentUrl\":\"https:\\\/\\\/www.meydan.tv\\\/wp-content\\\/uploads\\\/11596.jpg\",\"width\":500,\"height\":500,\"caption\":\"Source:\"},{\"@type\":\"BreadcrumbList\",\"@id\":\"https:\\\/\\\/www.meydan.tv\\\/az\\\/article\\\/derinlik-problemi\\\/#breadcrumb\",\"itemListElement\":[{\"@type\":\"ListItem\",\"position\":1,\"name\":\"Ana s\u0259hif\u0259\",\"item\":\"https:\\\/\\\/www.meydan.tv\\\/az\\\/\"},{\"@type\":\"ListItem\",\"position\":2,\"name\":\"M\u0259nim Fikrimc\u0259\",\"item\":\"https:\\\/\\\/www.meydan.tv\\\/az\\\/section\\\/menim-fikrimce\\\/\"},{\"@type\":\"ListItem\",\"position\":3,\"name\":\"D\u0259rinlik problemi\"}]},{\"@type\":\"WebSite\",\"@id\":\"https:\\\/\\\/www.meydan.tv\\\/az\\\/#website\",\"url\":\"https:\\\/\\\/www.meydan.tv\\\/az\\\/\",\"name\":\"MEYDAN.TV\",\"description\":\"Meydan TV Az\u0259rbaycan\u0131n media m\u0259kan\u0131ndak\u0131 alternativ s\u0259sidir\",\"publisher\":{\"@id\":\"https:\\\/\\\/www.meydan.tv\\\/az\\\/#organization\"},\"potentialAction\":[{\"@type\":\"SearchAction\",\"target\":{\"@type\":\"EntryPoint\",\"urlTemplate\":\"https:\\\/\\\/www.meydan.tv\\\/az\\\/?s={search_term_string}\"},\"query-input\":{\"@type\":\"PropertyValueSpecification\",\"valueRequired\":true,\"valueName\":\"search_term_string\"}}],\"inLanguage\":\"az\"},{\"@type\":\"Organization\",\"@id\":\"https:\\\/\\\/www.meydan.tv\\\/az\\\/#organization\",\"name\":\"Meydan TV\",\"url\":\"https:\\\/\\\/www.meydan.tv\\\/az\\\/\",\"logo\":{\"@type\":\"ImageObject\",\"inLanguage\":\"az\",\"@id\":\"https:\\\/\\\/www.meydan.tv\\\/az\\\/#\\\/schema\\\/logo\\\/image\\\/\",\"url\":\"https:\\\/\\\/www.meydan.tv\\\/wp-content\\\/uploads\\\/2021\\\/07\\\/meydan-logo.svg\",\"contentUrl\":\"https:\\\/\\\/www.meydan.tv\\\/wp-content\\\/uploads\\\/2021\\\/07\\\/meydan-logo.svg\",\"width\":195,\"height\":46,\"caption\":\"Meydan TV\"},\"image\":{\"@id\":\"https:\\\/\\\/www.meydan.tv\\\/az\\\/#\\\/schema\\\/logo\\\/image\\\/\"}},{\"@type\":\"Person\",\"@id\":\"https:\\\/\\\/www.meydan.tv\\\/az\\\/#\\\/schema\\\/person\\\/10d11eccf6da3662cf5fdab9806ea91a\",\"name\":\"user-manager\"}]}<\/script>\n<!-- \/ Yoast SEO plugin. -->","yoast_head_json":{"title":"D\u0259rinlik problemi - MEYDAN.TV","robots":{"index":"index","follow":"follow","max-snippet":"max-snippet:-1","max-image-preview":"max-image-preview:large","max-video-preview":"max-video-preview:-1"},"canonical":"https:\/\/www.meydan.tv\/az\/article\/derinlik-problemi\/","og_locale":"az_AZ","og_type":"article","og_title":"D\u0259rinlik problemi - MEYDAN.TV","og_description":"Pay\u0131m\u0131za d\u00fc\u015f\u0259n b\u0259db\u0259xtlik","og_url":"https:\/\/www.meydan.tv\/az\/article\/derinlik-problemi\/","og_site_name":"MEYDAN.TV","article_published_time":"2015-08-08T19:29:26+00:00","og_image":[{"width":500,"height":500,"url":"https:\/\/www.meydan.tv\/wp-content\/uploads\/11596.jpg","type":"image\/jpeg"}],"author":"user-manager","twitter_card":"summary_large_image","schema":{"@context":"https:\/\/schema.org","@graph":[{"@type":"Article","@id":"https:\/\/www.meydan.tv\/az\/article\/derinlik-problemi\/#article","isPartOf":{"@id":"https:\/\/www.meydan.tv\/az\/article\/derinlik-problemi\/"},"author":{"name":"user-manager","@id":"https:\/\/www.meydan.tv\/az\/#\/schema\/person\/10d11eccf6da3662cf5fdab9806ea91a"},"headline":"D\u0259rinlik problemi","datePublished":"2015-08-08T19:29:26+00:00","mainEntityOfPage":{"@id":"https:\/\/www.meydan.tv\/az\/article\/derinlik-problemi\/"},"wordCount":882,"publisher":{"@id":"https:\/\/www.meydan.tv\/az\/#organization"},"image":{"@id":"https:\/\/www.meydan.tv\/az\/article\/derinlik-problemi\/#primaryimage"},"thumbnailUrl":"https:\/\/www.meydan.tv\/wp-content\/uploads\/11596.jpg","articleSection":["M\u0259nim Fikrimc\u0259"],"inLanguage":"az"},{"@type":"WebPage","@id":"https:\/\/www.meydan.tv\/az\/article\/derinlik-problemi\/","url":"https:\/\/www.meydan.tv\/az\/article\/derinlik-problemi\/","name":"D\u0259rinlik problemi - MEYDAN.TV","isPartOf":{"@id":"https:\/\/www.meydan.tv\/az\/#website"},"primaryImageOfPage":{"@id":"https:\/\/www.meydan.tv\/az\/article\/derinlik-problemi\/#primaryimage"},"image":{"@id":"https:\/\/www.meydan.tv\/az\/article\/derinlik-problemi\/#primaryimage"},"thumbnailUrl":"https:\/\/www.meydan.tv\/wp-content\/uploads\/11596.jpg","datePublished":"2015-08-08T19:29:26+00:00","breadcrumb":{"@id":"https:\/\/www.meydan.tv\/az\/article\/derinlik-problemi\/#breadcrumb"},"inLanguage":"az","potentialAction":[{"@type":"ReadAction","target":["https:\/\/www.meydan.tv\/az\/article\/derinlik-problemi\/"]}]},{"@type":"ImageObject","inLanguage":"az","@id":"https:\/\/www.meydan.tv\/az\/article\/derinlik-problemi\/#primaryimage","url":"https:\/\/www.meydan.tv\/wp-content\/uploads\/11596.jpg","contentUrl":"https:\/\/www.meydan.tv\/wp-content\/uploads\/11596.jpg","width":500,"height":500,"caption":"Source:"},{"@type":"BreadcrumbList","@id":"https:\/\/www.meydan.tv\/az\/article\/derinlik-problemi\/#breadcrumb","itemListElement":[{"@type":"ListItem","position":1,"name":"Ana s\u0259hif\u0259","item":"https:\/\/www.meydan.tv\/az\/"},{"@type":"ListItem","position":2,"name":"M\u0259nim Fikrimc\u0259","item":"https:\/\/www.meydan.tv\/az\/section\/menim-fikrimce\/"},{"@type":"ListItem","position":3,"name":"D\u0259rinlik problemi"}]},{"@type":"WebSite","@id":"https:\/\/www.meydan.tv\/az\/#website","url":"https:\/\/www.meydan.tv\/az\/","name":"MEYDAN.TV","description":"Meydan TV Az\u0259rbaycan\u0131n media m\u0259kan\u0131ndak\u0131 alternativ s\u0259sidir","publisher":{"@id":"https:\/\/www.meydan.tv\/az\/#organization"},"potentialAction":[{"@type":"SearchAction","target":{"@type":"EntryPoint","urlTemplate":"https:\/\/www.meydan.tv\/az\/?s={search_term_string}"},"query-input":{"@type":"PropertyValueSpecification","valueRequired":true,"valueName":"search_term_string"}}],"inLanguage":"az"},{"@type":"Organization","@id":"https:\/\/www.meydan.tv\/az\/#organization","name":"Meydan TV","url":"https:\/\/www.meydan.tv\/az\/","logo":{"@type":"ImageObject","inLanguage":"az","@id":"https:\/\/www.meydan.tv\/az\/#\/schema\/logo\/image\/","url":"https:\/\/www.meydan.tv\/wp-content\/uploads\/2021\/07\/meydan-logo.svg","contentUrl":"https:\/\/www.meydan.tv\/wp-content\/uploads\/2021\/07\/meydan-logo.svg","width":195,"height":46,"caption":"Meydan TV"},"image":{"@id":"https:\/\/www.meydan.tv\/az\/#\/schema\/logo\/image\/"}},{"@type":"Person","@id":"https:\/\/www.meydan.tv\/az\/#\/schema\/person\/10d11eccf6da3662cf5fdab9806ea91a","name":"user-manager"}]}},"_links":{"self":[{"href":"https:\/\/www.meydan.tv\/az\/wp-json\/wp\/v2\/posts\/169343","targetHints":{"allow":["GET"]}}],"collection":[{"href":"https:\/\/www.meydan.tv\/az\/wp-json\/wp\/v2\/posts"}],"about":[{"href":"https:\/\/www.meydan.tv\/az\/wp-json\/wp\/v2\/types\/post"}],"author":[{"embeddable":true,"href":"https:\/\/www.meydan.tv\/az\/wp-json\/wp\/v2\/users\/11"}],"replies":[{"embeddable":true,"href":"https:\/\/www.meydan.tv\/az\/wp-json\/wp\/v2\/comments?post=169343"}],"version-history":[{"count":0,"href":"https:\/\/www.meydan.tv\/az\/wp-json\/wp\/v2\/posts\/169343\/revisions"}],"wp:featuredmedia":[{"embeddable":true,"href":"https:\/\/www.meydan.tv\/az\/wp-json\/wp\/v2\/media\/31136"}],"wp:attachment":[{"href":"https:\/\/www.meydan.tv\/az\/wp-json\/wp\/v2\/media?parent=169343"}],"wp:term":[{"taxonomy":"category","embeddable":true,"href":"https:\/\/www.meydan.tv\/az\/wp-json\/wp\/v2\/categories?post=169343"},{"taxonomy":"post_tag","embeddable":true,"href":"https:\/\/www.meydan.tv\/az\/wp-json\/wp\/v2\/tags?post=169343"}],"curies":[{"name":"wp","href":"https:\/\/api.w.org\/{rel}","templated":true}]}}