{"id":169332,"date":"2015-08-08T02:48:23","date_gmt":"2015-08-08T02:48:23","guid":{"rendered":"https:\/\/www.meydan.tv\/article\/azerbaycan-kendlisi\/"},"modified":"2015-08-08T02:48:23","modified_gmt":"2015-08-08T02:48:23","slug":"azerbaycan-kendlisi","status":"publish","type":"post","link":"https:\/\/www.meydan.tv\/az\/article\/azerbaycan-kendlisi\/","title":{"rendered":"Az\u0259rbaycan k\u0259ndlisi"},"content":{"rendered":"<figure class=\"wp-block-image size-large\">\n  <img decoding=\"async\" src=\"https:\/\/www.meydan.tv\/az\/30878\/\" alt=\"\" class=\"wp-image-30878\"\/><figcaption><\/figcaption><\/figure>\n<figure class=\"wp-block-image size-large\">\n  <img decoding=\"async\" src=\"https:\/\/www.meydan.tv\/az\/30881\/\" alt=\"\" class=\"wp-image-30881\"\/><figcaption><\/figcaption><\/figure>\n<p>\n  <br \/>\n  Bizim insanlar aras\u0131nda qeyri-adi, q\u0259buledilm\u0259z, m\u0259nas\u0131z b\u00f6lg\u00fcl\u0259r var; bunlardan biri d\u0259 k\u0259ndli-\u015f\u0259h\u0259rli b\u00f6lg\u00fcs\u00fcd\u00fcr. Uzun zamand\u0131r fikir verir\u0259m, Az\u0259rbaycan k\u0259ndlisi h\u0259mi\u015f\u0259 ya\u015fay\u0131\u015f t\u0259rzin\u0259 g\u00f6r\u0259 t\u0259hqir olunur. M\u0259s\u0259l\u0259n bizd\u0259 insanlara \u201ck\u0259ndli\u201d, \u201ck\u0259nd\u00e7i\u201d s\u00f6zl\u0259ri k\u0259ndd\u0259ya\u015fad\u0131qlar\u0131 \u00fc\u00e7\u00fcn deyilmir, bu s\u00f6zl\u0259r insanlar aras\u0131nda a\u015fa\u011f\u0131lay\u0131c\u0131 bir s\u00f6z kimi i\u015fl\u0259nir.\n<\/p>\n<p>\n  \u0130ll\u0259rdir, Az\u0259rbaycan k\u0259ndlisi geyimin\u0259, davran\u0131\u015f qaydalar\u0131na, d\u00fc\u015f\u00fcnc\u0259 t\u0259rzin\u0259 v\u0259.s g\u00f6r\u0259 t\u0259hqir olunur, c\u0259miyy\u0259td\u0259 ayr\u0131-se\u00e7kiliy\u0259 m\u0259ruz qal\u0131r. H\u0259mi\u015f\u0259 yerlibazl\u0131q deyil\u0259n bir b\u00f6lg\u00fcn\u00fc daha \u00e7ox t\u0259nqid etmi\u015f\u0259m, yerlibazl\u0131q deyil\u0259nd\u0259 b\u00f6lg\u0259l\u0259r aras\u0131nda olan ayr\u0131-se\u00e7kilik n\u0259z\u0259rd\u0259 tutulur. Amma bizim insanlar t\u0259k b\u00f6lg\u0259l\u0259r\u0259 g\u00f6r\u0259 yox , h\u0259tta lap uza\u011fa gets\u0259k m\u0259h\u0259ll\u0259l\u0259r\u0259 g\u00f6r\u0259 d\u0259 bir-birl\u0259rini se\u00e7irl\u0259r. \u0130st\u0259r Bak\u0131, ist\u0259r hans\u0131sa b\u00f6lg\u0259miz olsun, m\u0259rk\u0259zd\u0259 ya\u015fayan insanlar h\u0259mi\u015f\u0259 k\u0259ndl\u0259rd\u0259 ya\u015fayan insanlar\u0131 \u00f6zl\u0259rind\u0259n a\u015fa\u011f\u0131 g\u00f6r\u00fcb, onlara \u201ck\u0259nd\u00e7i\u201d dey\u0259r\u0259k a\u015fa\u011f\u0131lay\u0131blar. \u00d6zl\u0259rind\u0259n se\u00e7ibl\u0259r.\n<\/p>\n<p>\n  Yax\u0131nda Tovuzun bir k\u0259ndind\u0259 qonaq olmu\u015fam, orada insanlar\u0131n ya\u015fay\u0131\u015f\u0131, ac\u0131nacaql\u0131 h\u0259yat t\u0259rzi tez g\u00f6z\u0259 \u00e7arp\u0131rd\u0131. \u00dcmumiyy\u0259tl\u0259, Az\u0259rbaycan k\u0259ndl\u0259rind\u0259 v\u0259ziyy\u0259t \u00e7ox g\u0259rgindi, bunlar haqq\u0131nda \u0259lav\u0259 bir yaz\u0131 yazma\u011f\u0131 d\u00fc\u015f\u00fcn\u00fcr\u0259m. Orada ya\u015f\u0131yan iki qarda\u015f vard\u0131 ki, onlarla xeyli s\u00f6hb\u0259t etdik. H\u0259r ikisi haz\u0131rda Bak\u0131da ali t\u0259hsil al\u0131r.\n<\/p>\n<p>\n  Onlar\u0131n bu s\u00f6z\u00fc m\u0259ni \u00e7ox d\u00fc\u015f\u00fcnd\u00fcrd\u00fc: \u201cBiz Bak\u0131ya ged\u0259nd\u0259n sonra c\u0259miyy\u0259t i\u00e7in\u0259 \u00e7\u0131xd\u0131q. \u201d 20-21 ya\u015fl\u0131 insanlardan bu s\u00f6z\u00fc e\u015fitm\u0259k h\u0259qiq\u0259t\u0259n d\u0259h\u015f\u0259t idi. M\u0259n\u0259 u\u015faql\u0131qdan hans\u0131 \u015f\u0259raitd\u0259 b\u00f6y\u00fcm\u0259kl\u0259rind\u0259n dan\u0131\u015fd\u0131lar. H\u0259l\u0259 onlar\u0131n u\u015faql\u0131\u011f\u0131ndan el\u0259 indiy\u0259 q\u0259d\u0259r k\u0259ndin su problemi olub, m\u0259kt\u0259b\u0259 getm\u0259k \u0259v\u0259zin\u0259 ev\u0259 su da\u015f\u0131maq, indi h\u0259ll olunsa da, o zamanlar k\u0259ndd\u0259 qaz olmay\u0131b. Q\u0131\u015fda odun da\u015f\u0131maq, yayda t\u0259s\u0259rufatda olan i\u015fl\u0259r. Bir az b\u00f6y\u00fcy\u0259nd\u0259n sonra da universitet\u0259 ged\u0259n\u0259 q\u0259d\u0259r mal-qaran\u0131 otlaqlara aparmaq. Onlar\u0131n bu dan\u0131\u015fd\u0131qlar\u0131n\u0131 e\u015fidib, haz\u0131rda universitetd\u0259 oxumaqlar\u0131na h\u0259qiq\u0259t\u0259n t\u0259\u0259cc\u00fcbl\u0259ndim. O insanlar h\u0259qiq\u0259t\u0259n c\u0259miyy\u0259t\u0259 universitet\u0259 ged\u0259nd\u0259n sonra qar\u0131\u015f\u0131b. T\u0259s\u0259vv\u00fcr edin, insanlar\u0131n televizora baxma\u011fa bel\u0259 vaxtlar\u0131 olmay\u0131b.\n<\/p>\n<p>\n  H\u0259mi\u015f\u0259 oldu\u011fu kimi, o insanlar\u0131n da Bak\u0131da ya\u015fayan insanlarla bir yol getm\u0259sind\u0259 problem olub. M\u0259n t\u0259kc\u0259 k\u0259ndd\u0259 u\u015faqlar\u0131n hans\u0131 i\u015fl\u0259r\u0259 ba\u015f qatmas\u0131ndan dan\u0131\u015fmaq ist\u0259mir\u0259m. Uzun ill\u0259r k\u0259nd m\u0259kt\u0259bl\u0259rinin hans\u0131 v\u0259ziyy\u0259td\u0259 oldu\u011funu yax\u015f\u0131 bilirik. Bu probleml\u0259r \u00e7ox heyf ki, indi d\u0259 qal\u0131b. K\u0259ndl\u0259rin yollar\u0131, k\u0259ndl\u0259rin m\u0259d\u0259niyy\u0259t ocaqlar\u0131, kitabxanalar\u0131 dem\u0259k olar ki, indi d\u0259 tam f\u0259aliyy\u0259tsiz qal\u0131b.<br \/>\n  <br \/>\n  M\u0259rk\u0259zd\u0259 oldu\u011fundan daha m\u00fchavizakar, daha ac\u0131nacaql\u0131 h\u0259yat g\u00f6r\u0259n bu g\u0259ncl\u0259r eyni zamanda k\u0259ndli dam\u011fas\u0131 il\u0259 c\u0259miyy\u0259td\u0259 ayr\u0131-se\u00e7kiliy\u0259 m\u0259ruz qal\u0131r. \u018fg\u0259r biz h\u0259r hans\u0131 insan\u0131n d\u00fc\u015f\u00fcnc\u0259sind\u0259, geyimind\u0259 v\u0259 ya f\u0259rqi yoxdur hans\u0131 bir \u015feyind\u0259 d\u0259yi\u015fiklikl\u0259rin olmas\u0131n\u0131 ist\u0259yiriks\u0259, birinci onu t\u0259hqir etm\u0259d\u0259n n\u0259y\u0259 g\u00f6r\u0259 bel\u0259 oldu\u011funu d\u00fc\u015f\u00fcnm\u0259liyik. T\u0259bii b\u00fct\u00fcn bunlar t\u0259nqid olunmal\u0131dr, amma t\u0259hqirl\u0259, onlar\u0131 ay\u0131rmaqla, se\u00e7m\u0259kl\u0259 he\u00e7n\u0259 d\u00fcz\u0259l\u0259n deyil.\n<\/p>\n<p>\n  D\u00f6vl\u0259tin k\u0259ndliy\u0259 qay\u011f\u0131s\u0131 g\u00f6z qaba\u011f\u0131ndad\u0131r, bu g\u00fcn Az\u0259rbaycan k\u0259ndlisinin h\u0259ll ed\u0259 bilm\u0259diyi, ba\u015f a\u00e7a bilm\u0259diyi kredit borclar\u0131 da g\u00f6z qaba\u011f\u0131ndad\u0131r. T\u0259s\u0259vv\u00fcr edin k\u0259nd m\u0259kt\u0259bl\u0259rin\u0259 m\u00fc\u0259llim tap\u0131lmayan zamanlar olub v\u0259 h\u0259l\u0259 d\u0259 var. D\u00fc\u015f\u00fcn\u00fcr\u0259m ki, \u201ck\u0259nd\u00e7i\u201d deyib\u00a0 \u00f6z\u00fcn\u00fczd\u0259n se\u00e7diyiniz insanlar\u0131 daha d\u0259rind\u0259n ara\u015fd\u0131rmal\u0131s\u0131n\u0131z, onlar\u0131n hans\u0131 \u015f\u0259raitd\u0259 g\u00f6z a\u00e7\u0131b- b\u00f6y\u00fcm\u0259kl\u0259ri, hans\u0131 qay\u011f\u0131lara ehtiyyac\u0131 olduqlar\u0131n\u0131 n\u0259z\u0259r\u0259 almal\u0131s\u0131n\u0131z.\n<\/p>\n<p>\n  D\u00fcnya irq\u00e7ilik kimi mundar anlay\u0131\u015fa qar\u015f\u0131 \u00e7\u0131xd\u0131\u011f\u0131 bir zamanda siz k\u0259ndli-\u015f\u0259h\u0259rli b\u00f6lg\u00fcs\u00fc edirsiniz. Bu g\u00fcn Az\u0259rbaycan k\u0259ndlisi f\u0259rql\u0259nirs\u0259, bunun konkret s\u0259b\u0259bl\u0259ri var, \u00e7al\u0131\u015f\u0131n o s\u0259b\u0259bl\u0259ri d\u00fc\u015f\u00fcn\u00fcn. K\u0259ndl\u0259rd\u0259 olan m\u00fchafiz\u0259karl\u0131q, mentall\u0131q, t\u0259hsilsizlik ancaq t\u0259nqidl\u0259, etirazla d\u00fcz\u0259l\u0259 bil\u0259r, yoxsa bel\u0259 bir ayr\u0131-se\u00e7kilikl\u0259 he\u00e7 n\u0259 \u0259ld\u0259 etm\u0259k olmaz. Bu d\u00fc\u015f\u00fcnc\u0259l\u0259r q\u0259buledilm\u0259zdi&#8230;\n<\/p>\n<p>\n  <b><br \/>\n    Yaz\u0131 m\u00fc\u0259llifin \u015f\u0259xsi fikirl\u0259rini \u0259ks etdirir&#8230;<br \/>\n  <\/b><\/p>\n","protected":false},"excerpt":{"rendered":"<p>\u0130ll\u0259rdir, t\u0259hqir olunur, la\u011fa qoulur, \u00f6gey tutulur&#8230;<br \/>\n.<\/p>\n","protected":false},"author":11,"featured_media":30878,"comment_status":"closed","ping_status":"open","sticky":false,"template":"","format":"standard","meta":{"_acf_changed":false,"_sitemap_exclude":false,"_sitemap_priority":"","_sitemap_frequency":"","footnotes":""},"categories":[57],"tags":[],"class_list":["post-169332","post","type-post","status-publish","format-standard","has-post-thumbnail","hentry","category-menim-fikrimce","infinite-scroll-item","generate-columns","tablet-grid-50","mobile-grid-100","grid-parent","grid-33","no-featured-image-padding"],"acf":[],"yoast_head":"<!-- This site is optimized with the Yoast SEO plugin v27.5 - https:\/\/yoast.com\/product\/yoast-seo-wordpress\/ -->\n<title>Az\u0259rbaycan k\u0259ndlisi - MEYDAN.TV<\/title>\n<meta name=\"robots\" content=\"index, follow, max-snippet:-1, max-image-preview:large, max-video-preview:-1\" \/>\n<link rel=\"canonical\" href=\"https:\/\/www.meydan.tv\/az\/article\/azerbaycan-kendlisi\/\" \/>\n<meta property=\"og:locale\" content=\"az_AZ\" \/>\n<meta property=\"og:type\" content=\"article\" \/>\n<meta property=\"og:title\" content=\"Az\u0259rbaycan k\u0259ndlisi - MEYDAN.TV\" \/>\n<meta property=\"og:description\" content=\"\u0130ll\u0259rdir, t\u0259hqir olunur, la\u011fa qoulur, \u00f6gey tutulur... .\" \/>\n<meta property=\"og:url\" content=\"https:\/\/www.meydan.tv\/az\/article\/azerbaycan-kendlisi\/\" \/>\n<meta property=\"og:site_name\" content=\"MEYDAN.TV\" \/>\n<meta property=\"article:published_time\" content=\"2015-08-08T02:48:23+00:00\" \/>\n<meta property=\"og:image\" content=\"https:\/\/www.meydan.tv\/wp-content\/uploads\/11584.jpg\" \/>\n\t<meta property=\"og:image:width\" content=\"500\" \/>\n\t<meta property=\"og:image:height\" content=\"500\" \/>\n\t<meta property=\"og:image:type\" content=\"image\/jpeg\" \/>\n<meta name=\"author\" content=\"user-manager\" \/>\n<meta name=\"twitter:card\" content=\"summary_large_image\" \/>\n<script type=\"application\/ld+json\" class=\"yoast-schema-graph\">{\"@context\":\"https:\\\/\\\/schema.org\",\"@graph\":[{\"@type\":\"Article\",\"@id\":\"https:\\\/\\\/www.meydan.tv\\\/az\\\/article\\\/azerbaycan-kendlisi\\\/#article\",\"isPartOf\":{\"@id\":\"https:\\\/\\\/www.meydan.tv\\\/az\\\/article\\\/azerbaycan-kendlisi\\\/\"},\"author\":{\"name\":\"user-manager\",\"@id\":\"https:\\\/\\\/www.meydan.tv\\\/az\\\/#\\\/schema\\\/person\\\/10d11eccf6da3662cf5fdab9806ea91a\"},\"headline\":\"Az\u0259rbaycan k\u0259ndlisi\",\"datePublished\":\"2015-08-08T02:48:23+00:00\",\"mainEntityOfPage\":{\"@id\":\"https:\\\/\\\/www.meydan.tv\\\/az\\\/article\\\/azerbaycan-kendlisi\\\/\"},\"wordCount\":904,\"publisher\":{\"@id\":\"https:\\\/\\\/www.meydan.tv\\\/az\\\/#organization\"},\"image\":{\"@id\":\"https:\\\/\\\/www.meydan.tv\\\/az\\\/article\\\/azerbaycan-kendlisi\\\/#primaryimage\"},\"thumbnailUrl\":\"https:\\\/\\\/www.meydan.tv\\\/wp-content\\\/uploads\\\/11584.jpg\",\"articleSection\":[\"M\u0259nim Fikrimc\u0259\"],\"inLanguage\":\"az\"},{\"@type\":\"WebPage\",\"@id\":\"https:\\\/\\\/www.meydan.tv\\\/az\\\/article\\\/azerbaycan-kendlisi\\\/\",\"url\":\"https:\\\/\\\/www.meydan.tv\\\/az\\\/article\\\/azerbaycan-kendlisi\\\/\",\"name\":\"Az\u0259rbaycan k\u0259ndlisi - MEYDAN.TV\",\"isPartOf\":{\"@id\":\"https:\\\/\\\/www.meydan.tv\\\/az\\\/#website\"},\"primaryImageOfPage\":{\"@id\":\"https:\\\/\\\/www.meydan.tv\\\/az\\\/article\\\/azerbaycan-kendlisi\\\/#primaryimage\"},\"image\":{\"@id\":\"https:\\\/\\\/www.meydan.tv\\\/az\\\/article\\\/azerbaycan-kendlisi\\\/#primaryimage\"},\"thumbnailUrl\":\"https:\\\/\\\/www.meydan.tv\\\/wp-content\\\/uploads\\\/11584.jpg\",\"datePublished\":\"2015-08-08T02:48:23+00:00\",\"breadcrumb\":{\"@id\":\"https:\\\/\\\/www.meydan.tv\\\/az\\\/article\\\/azerbaycan-kendlisi\\\/#breadcrumb\"},\"inLanguage\":\"az\",\"potentialAction\":[{\"@type\":\"ReadAction\",\"target\":[\"https:\\\/\\\/www.meydan.tv\\\/az\\\/article\\\/azerbaycan-kendlisi\\\/\"]}]},{\"@type\":\"ImageObject\",\"inLanguage\":\"az\",\"@id\":\"https:\\\/\\\/www.meydan.tv\\\/az\\\/article\\\/azerbaycan-kendlisi\\\/#primaryimage\",\"url\":\"https:\\\/\\\/www.meydan.tv\\\/wp-content\\\/uploads\\\/11584.jpg\",\"contentUrl\":\"https:\\\/\\\/www.meydan.tv\\\/wp-content\\\/uploads\\\/11584.jpg\",\"width\":500,\"height\":500,\"caption\":\"Source:\"},{\"@type\":\"BreadcrumbList\",\"@id\":\"https:\\\/\\\/www.meydan.tv\\\/az\\\/article\\\/azerbaycan-kendlisi\\\/#breadcrumb\",\"itemListElement\":[{\"@type\":\"ListItem\",\"position\":1,\"name\":\"Ana s\u0259hif\u0259\",\"item\":\"https:\\\/\\\/www.meydan.tv\\\/az\\\/\"},{\"@type\":\"ListItem\",\"position\":2,\"name\":\"M\u0259nim Fikrimc\u0259\",\"item\":\"https:\\\/\\\/www.meydan.tv\\\/az\\\/section\\\/menim-fikrimce\\\/\"},{\"@type\":\"ListItem\",\"position\":3,\"name\":\"Az\u0259rbaycan k\u0259ndlisi\"}]},{\"@type\":\"WebSite\",\"@id\":\"https:\\\/\\\/www.meydan.tv\\\/az\\\/#website\",\"url\":\"https:\\\/\\\/www.meydan.tv\\\/az\\\/\",\"name\":\"MEYDAN.TV\",\"description\":\"Meydan TV Az\u0259rbaycan\u0131n media m\u0259kan\u0131ndak\u0131 alternativ s\u0259sidir\",\"publisher\":{\"@id\":\"https:\\\/\\\/www.meydan.tv\\\/az\\\/#organization\"},\"potentialAction\":[{\"@type\":\"SearchAction\",\"target\":{\"@type\":\"EntryPoint\",\"urlTemplate\":\"https:\\\/\\\/www.meydan.tv\\\/az\\\/?s={search_term_string}\"},\"query-input\":{\"@type\":\"PropertyValueSpecification\",\"valueRequired\":true,\"valueName\":\"search_term_string\"}}],\"inLanguage\":\"az\"},{\"@type\":\"Organization\",\"@id\":\"https:\\\/\\\/www.meydan.tv\\\/az\\\/#organization\",\"name\":\"Meydan TV\",\"url\":\"https:\\\/\\\/www.meydan.tv\\\/az\\\/\",\"logo\":{\"@type\":\"ImageObject\",\"inLanguage\":\"az\",\"@id\":\"https:\\\/\\\/www.meydan.tv\\\/az\\\/#\\\/schema\\\/logo\\\/image\\\/\",\"url\":\"https:\\\/\\\/www.meydan.tv\\\/wp-content\\\/uploads\\\/2021\\\/07\\\/meydan-logo.svg\",\"contentUrl\":\"https:\\\/\\\/www.meydan.tv\\\/wp-content\\\/uploads\\\/2021\\\/07\\\/meydan-logo.svg\",\"width\":195,\"height\":46,\"caption\":\"Meydan TV\"},\"image\":{\"@id\":\"https:\\\/\\\/www.meydan.tv\\\/az\\\/#\\\/schema\\\/logo\\\/image\\\/\"}},{\"@type\":\"Person\",\"@id\":\"https:\\\/\\\/www.meydan.tv\\\/az\\\/#\\\/schema\\\/person\\\/10d11eccf6da3662cf5fdab9806ea91a\",\"name\":\"user-manager\"}]}<\/script>\n<!-- \/ Yoast SEO plugin. -->","yoast_head_json":{"title":"Az\u0259rbaycan k\u0259ndlisi - MEYDAN.TV","robots":{"index":"index","follow":"follow","max-snippet":"max-snippet:-1","max-image-preview":"max-image-preview:large","max-video-preview":"max-video-preview:-1"},"canonical":"https:\/\/www.meydan.tv\/az\/article\/azerbaycan-kendlisi\/","og_locale":"az_AZ","og_type":"article","og_title":"Az\u0259rbaycan k\u0259ndlisi - MEYDAN.TV","og_description":"\u0130ll\u0259rdir, t\u0259hqir olunur, la\u011fa qoulur, \u00f6gey tutulur... .","og_url":"https:\/\/www.meydan.tv\/az\/article\/azerbaycan-kendlisi\/","og_site_name":"MEYDAN.TV","article_published_time":"2015-08-08T02:48:23+00:00","og_image":[{"width":500,"height":500,"url":"https:\/\/www.meydan.tv\/wp-content\/uploads\/11584.jpg","type":"image\/jpeg"}],"author":"user-manager","twitter_card":"summary_large_image","schema":{"@context":"https:\/\/schema.org","@graph":[{"@type":"Article","@id":"https:\/\/www.meydan.tv\/az\/article\/azerbaycan-kendlisi\/#article","isPartOf":{"@id":"https:\/\/www.meydan.tv\/az\/article\/azerbaycan-kendlisi\/"},"author":{"name":"user-manager","@id":"https:\/\/www.meydan.tv\/az\/#\/schema\/person\/10d11eccf6da3662cf5fdab9806ea91a"},"headline":"Az\u0259rbaycan k\u0259ndlisi","datePublished":"2015-08-08T02:48:23+00:00","mainEntityOfPage":{"@id":"https:\/\/www.meydan.tv\/az\/article\/azerbaycan-kendlisi\/"},"wordCount":904,"publisher":{"@id":"https:\/\/www.meydan.tv\/az\/#organization"},"image":{"@id":"https:\/\/www.meydan.tv\/az\/article\/azerbaycan-kendlisi\/#primaryimage"},"thumbnailUrl":"https:\/\/www.meydan.tv\/wp-content\/uploads\/11584.jpg","articleSection":["M\u0259nim Fikrimc\u0259"],"inLanguage":"az"},{"@type":"WebPage","@id":"https:\/\/www.meydan.tv\/az\/article\/azerbaycan-kendlisi\/","url":"https:\/\/www.meydan.tv\/az\/article\/azerbaycan-kendlisi\/","name":"Az\u0259rbaycan k\u0259ndlisi - MEYDAN.TV","isPartOf":{"@id":"https:\/\/www.meydan.tv\/az\/#website"},"primaryImageOfPage":{"@id":"https:\/\/www.meydan.tv\/az\/article\/azerbaycan-kendlisi\/#primaryimage"},"image":{"@id":"https:\/\/www.meydan.tv\/az\/article\/azerbaycan-kendlisi\/#primaryimage"},"thumbnailUrl":"https:\/\/www.meydan.tv\/wp-content\/uploads\/11584.jpg","datePublished":"2015-08-08T02:48:23+00:00","breadcrumb":{"@id":"https:\/\/www.meydan.tv\/az\/article\/azerbaycan-kendlisi\/#breadcrumb"},"inLanguage":"az","potentialAction":[{"@type":"ReadAction","target":["https:\/\/www.meydan.tv\/az\/article\/azerbaycan-kendlisi\/"]}]},{"@type":"ImageObject","inLanguage":"az","@id":"https:\/\/www.meydan.tv\/az\/article\/azerbaycan-kendlisi\/#primaryimage","url":"https:\/\/www.meydan.tv\/wp-content\/uploads\/11584.jpg","contentUrl":"https:\/\/www.meydan.tv\/wp-content\/uploads\/11584.jpg","width":500,"height":500,"caption":"Source:"},{"@type":"BreadcrumbList","@id":"https:\/\/www.meydan.tv\/az\/article\/azerbaycan-kendlisi\/#breadcrumb","itemListElement":[{"@type":"ListItem","position":1,"name":"Ana s\u0259hif\u0259","item":"https:\/\/www.meydan.tv\/az\/"},{"@type":"ListItem","position":2,"name":"M\u0259nim Fikrimc\u0259","item":"https:\/\/www.meydan.tv\/az\/section\/menim-fikrimce\/"},{"@type":"ListItem","position":3,"name":"Az\u0259rbaycan k\u0259ndlisi"}]},{"@type":"WebSite","@id":"https:\/\/www.meydan.tv\/az\/#website","url":"https:\/\/www.meydan.tv\/az\/","name":"MEYDAN.TV","description":"Meydan TV Az\u0259rbaycan\u0131n media m\u0259kan\u0131ndak\u0131 alternativ s\u0259sidir","publisher":{"@id":"https:\/\/www.meydan.tv\/az\/#organization"},"potentialAction":[{"@type":"SearchAction","target":{"@type":"EntryPoint","urlTemplate":"https:\/\/www.meydan.tv\/az\/?s={search_term_string}"},"query-input":{"@type":"PropertyValueSpecification","valueRequired":true,"valueName":"search_term_string"}}],"inLanguage":"az"},{"@type":"Organization","@id":"https:\/\/www.meydan.tv\/az\/#organization","name":"Meydan TV","url":"https:\/\/www.meydan.tv\/az\/","logo":{"@type":"ImageObject","inLanguage":"az","@id":"https:\/\/www.meydan.tv\/az\/#\/schema\/logo\/image\/","url":"https:\/\/www.meydan.tv\/wp-content\/uploads\/2021\/07\/meydan-logo.svg","contentUrl":"https:\/\/www.meydan.tv\/wp-content\/uploads\/2021\/07\/meydan-logo.svg","width":195,"height":46,"caption":"Meydan TV"},"image":{"@id":"https:\/\/www.meydan.tv\/az\/#\/schema\/logo\/image\/"}},{"@type":"Person","@id":"https:\/\/www.meydan.tv\/az\/#\/schema\/person\/10d11eccf6da3662cf5fdab9806ea91a","name":"user-manager"}]}},"_links":{"self":[{"href":"https:\/\/www.meydan.tv\/az\/wp-json\/wp\/v2\/posts\/169332","targetHints":{"allow":["GET"]}}],"collection":[{"href":"https:\/\/www.meydan.tv\/az\/wp-json\/wp\/v2\/posts"}],"about":[{"href":"https:\/\/www.meydan.tv\/az\/wp-json\/wp\/v2\/types\/post"}],"author":[{"embeddable":true,"href":"https:\/\/www.meydan.tv\/az\/wp-json\/wp\/v2\/users\/11"}],"replies":[{"embeddable":true,"href":"https:\/\/www.meydan.tv\/az\/wp-json\/wp\/v2\/comments?post=169332"}],"version-history":[{"count":0,"href":"https:\/\/www.meydan.tv\/az\/wp-json\/wp\/v2\/posts\/169332\/revisions"}],"wp:featuredmedia":[{"embeddable":true,"href":"https:\/\/www.meydan.tv\/az\/wp-json\/wp\/v2\/media\/30878"}],"wp:attachment":[{"href":"https:\/\/www.meydan.tv\/az\/wp-json\/wp\/v2\/media?parent=169332"}],"wp:term":[{"taxonomy":"category","embeddable":true,"href":"https:\/\/www.meydan.tv\/az\/wp-json\/wp\/v2\/categories?post=169332"},{"taxonomy":"post_tag","embeddable":true,"href":"https:\/\/www.meydan.tv\/az\/wp-json\/wp\/v2\/tags?post=169332"}],"curies":[{"name":"wp","href":"https:\/\/api.w.org\/{rel}","templated":true}]}}