{"id":169306,"date":"2015-08-06T16:22:23","date_gmt":"2015-08-06T16:22:23","guid":{"rendered":"https:\/\/www.meydan.tv\/article\/antiqayidis\/"},"modified":"2015-08-06T16:22:23","modified_gmt":"2015-08-06T16:22:23","slug":"antiqayidis","status":"publish","type":"post","link":"https:\/\/www.meydan.tv\/az\/article\/antiqayidis\/","title":{"rendered":"Antiqay\u0131d\u0131\u015f"},"content":{"rendered":"<figure class=\"wp-block-image size-large\">\n  <img decoding=\"async\" src=\"https:\/\/www.meydan.tv\/az\/30902\/\" alt=\"\" class=\"wp-image-30902\"\/><figcaption><\/figcaption><\/figure>\n<figure class=\"wp-block-image size-large\">\n  <img decoding=\"async\" src=\"https:\/\/www.meydan.tv\/az\/30907\/\" alt=\"\" class=\"wp-image-30907\"\/><figcaption><\/figcaption><\/figure>\n<p>\n  Sizi dey\u0259 bilm\u0259r\u0259m, amma m\u0259n h\u0259mi\u015f\u0259 \u00f6z\u00fcm\u0259 bir sual verir\u0259m: \u201cAz\u0259rbaycanda Heyd\u0259r \u018fliyevi tan\u0131yan bir adam da yox idimi ki, onun ikinci d\u0259f\u0259 hakimiyy\u0259t\u0259 g\u0259li\u015finin n\u0259 il\u0259 n\u0259tic\u0259l\u0259n\u0259c\u0259yini bilsin?\u201d\n<\/p>\n<p>\n  Bunun cavab\u0131n\u0131 axtarmaq t\u0259kc\u0259 m\u0259nim i\u015fim deyil, t\u0259bii ki. Amma bu sual bizi, \u0259lli il\u0259 yax\u0131n tariximizi yenid\u0259n ara\u015fd\u0131rmaq \u00fc\u00e7\u00fcn istiqam\u0259tl\u0259ndir\u0259 bil\u0259r. Az\u0259rbaycan kommunist elitas\u0131ndan niy\u0259 \u015e\u0259rqi Avropada, Baltikyan\u0131nda oldu\u011fu kimi m\u00fct\u0259r\u0259qqi q\u00fcvv\u0259l\u0259r \u00e7\u0131xmad\u0131? Bunun qar\u015f\u0131s\u0131n\u0131 kim ald\u0131? Niy\u0259 \u201csolidarnost\u201d h\u0259r\u0259kat\u0131 yarand\u0131? Az\u0259rbaycanda b\u00f6y\u00fck xalq k\u00fctl\u0259l\u0259rinin d\u0259st\u0259yini qazanan Xalq C\u0259bh\u0259sind\u0259 n\u0259 \u00e7atm\u0131rd\u0131?\n<\/p>\n<p>\n  Biz bu suallar\u0131n cavab\u0131n\u0131 d\u00fc\u015f\u00fcnd\u00fckm\u00fc? D\u00fc\u015f\u00fcnm\u0259diks\u0259, niy\u0259? B\u0259lk\u0259 tariximizi sad\u0259c\u0259 r\u0259q\u0259ml\u0259rl\u0259 \u00f6yr\u0259nm\u0259y\u0259 y\u00f6n\u0259ldilmi\u015fik? Fikrimc\u0259, b\u00fct\u00fcn bunlar\u0131n cavab\u0131n\u0131 tapmaq \u00fc\u00e7\u00fcn tarix\u0259 ba\u015fqa n\u0259z\u0259rl\u0259rl\u0259 baxmal\u0131y\u0131q. B\u0259lk\u0259 o zaman g\u0259l\u0259c\u0259yimiz haqq\u0131nda da f\u0259rqli yeni d\u00fc\u015f\u00fcnc\u0259l\u0259rimiz, planlar\u0131m\u0131z formala\u015fd\u0131. M\u0259s\u0259l\u0259n, biz 1789-cu ild\u0259 yaran\u0131b Fransan\u0131 qana boyayan Yakobinl\u0259r klubunun etdikl\u0259rini \u00f6z tariximizd\u0259 \u018fliyevl\u0259rin icras\u0131nda g\u00f6r\u00fcr\u00fck.\n<\/p>\n<p>\n  Dem\u0259li, bir hadis\u0259nin n\u0259 vaxt ba\u015f verm\u0259si onun haqq\u0131nda d\u00fc\u015f\u00fcnm\u0259k \u00fc\u00e7\u00fcn el\u0259 d\u0259 \u0259h\u0259miyy\u0259tli m\u0259lumat deyil. B\u00fct\u00fcn hallarda \u0259n \u0259h\u0259miyy\u0259tli sual \u201cNiy\u0259?\u201d olaraq qal\u0131r. Hitler Almaniyada, Franko \u0130spaniyada, Mussolini \u0130taliyada, Muqabe Zimbabved\u0259, Kim ail\u0259si \u015eimali Koreyada, \u018fs\u0259d Suriyada, M\u00fcbar\u0259k Misird\u0259, Q\u0259ddafi Liviyada, Xomeyni \u0130randa&#8230; B\u00fct\u00fcn bu \u015f\u0259xsl\u0259rin zaman\u0131nda m\u0259tbuata n\u0259z\u0259r salsayd\u0131n\u0131z, g\u00f6r\u0259rdiniz ki, onlar\u0131n ham\u0131s\u0131 \u201cxilaskar\u201dd\u0131r.\n<\/p>\n<p>\n  B\u0259zil\u0259riniz bu an b\u0259lk\u0259 d\u0259 aln\u0131n\u0131z\u0131 q\u0131r\u0131\u015fd\u0131r\u0131b, qa\u015f\u0131n\u0131z\u0131 \u00e7atm\u0131s\u0131n\u0131z, dem\u0259k ist\u0259yirsiniz ki, bu siyah\u0131dak\u0131 bir \u00e7oxlar\u0131 il\u0259 Heyd\u0259r \u018fliyevi m\u00fcqayis\u0259 etm\u0259k olmaz. Amma \u0259min olun ki, olar. T\u00fcrkiy\u0259lil\u0259r demi\u015f, \u201cbal kimi olar\u201d. Onlardan ixtiyari biri \u00f6z mill\u0259tind\u0259n minl\u0259ri (\u0259n az\u0131) \u00f6z hakimiyy\u0259tin\u0259 qurban verib. Onlar\u0131n bir \u00e7oxu tarix qar\u015f\u0131s\u0131nda m\u0259\u011flub olub, bir \u00e7oxlar\u0131 da ideyalar\u0131n\u0131n \u00f6l\u00fcm\u00fcn\u00fc g\u00f6rm\u0259d\u0259n \u00f6l\u00fcbl\u0259r. Amma n\u0259 s\u0259b\u0259bl\u0259, n\u0259 \u0259sasla, daha do\u011frusu b\u0259han\u0259yl\u0259 olur olsun, onlar\u0131n ham\u0131s\u0131 k\u00fcrs\u00fc u\u011frunda qan t\u00f6k\u00fcbl\u0259r. \u00d6zl\u0259rin\u0259 verdikl\u0259ri \u00fcnvan\u0131 m\u00fcq\u0259dd\u0259s, toxunulmaz elan edibl\u0259r. S\u00f6zs\u00fcz ki, Heyd\u0259r \u018fliyevi bu \u015f\u0259xsl\u0259rd\u0259n ay\u0131ran tarixi, siyasi konyunkturad\u0131r. Bu konyuktur f\u0259rq bizim diktatoru ba\u015fqalar\u0131ndan f\u0259rql\u0259ndir\u0259n \u015f\u0259rt kimi, h\u0259m d\u0259 xalq\u0131m\u0131z\u0131n \u00fczl\u0259\u015fdiyi f\u0259rqli olaylar\u0131 \u015f\u0259rtl\u0259ndirib.\n<\/p>\n<p>\n  Amma b\u00fct\u00fcn t\u0259svirl\u0259ri il\u0259 birg\u0259 Az\u0259rbaycan xalq\u0131 \u00f6z ke\u00e7mi\u015fini \u00f6yr\u0259nm\u0259d\u0259n g\u0259l\u0259c\u0259yini qura bilm\u0259z. F\u0259q\u0259t bu g\u00fcn \u00fc\u00e7\u00fcn Heyd\u0259r \u018fliyev ke\u00e7mi\u015fdirmi? Fikrimc\u0259, onun o\u011flunun h\u0259r g\u00fcn davam ed\u0259n hakimiyy\u0259ti onu g\u0259lm\u0259si arzu olunmayan g\u0259l\u0259c\u0259y\u0259 \u00e7evirir. B\u0259s, nec\u0259 qurtulmal\u0131? Z\u0259nnimc\u0259, bir x\u0259st\u0259likd\u0259n m\u00fcalic\u0259nin \u0259n \u0259sas \u015f\u0259rti onu etiraf etm\u0259k v\u0259 yax\u015f\u0131 tan\u0131maqd\u0131r. Bel\u0259likl\u0259, \u018fliyevin yolunu v\u0259 yol yolda\u015flar\u0131n\u0131 tan\u0131yaq.\n<\/p>\n<p>\n  P.S. Bu m\u0259qal\u0259 Az\u0259rbaycan\u0131n 1991-2002, 2002-2014-c\u00fc ill\u0259rind\u0259n b\u0259hs ed\u0259n \u201cAntiqay\u0131d\u0131\u015f\u201d s\u0259n\u0259dli filminin ssenarisidir. Ard\u0131 var&#8230;\n<\/p>\n<p>\n  <b><br \/>\n    Yaz\u0131 m\u00fc\u0259llifin \u015f\u0259xsi m\u00f6vqeyini \u0259ks etdirir&#8230;<br \/>\n  <\/b>\n<\/p><\/p>\n","protected":false},"excerpt":{"rendered":"<p>Heyd\u0259r \u018fliyevin yol da\u015flar\u0131<\/p>\n","protected":false},"author":11,"featured_media":30902,"comment_status":"closed","ping_status":"open","sticky":false,"template":"","format":"standard","meta":{"_acf_changed":false,"_sitemap_exclude":false,"_sitemap_priority":"","_sitemap_frequency":"","footnotes":""},"categories":[57],"tags":[],"class_list":["post-169306","post","type-post","status-publish","format-standard","has-post-thumbnail","hentry","category-menim-fikrimce","infinite-scroll-item","generate-columns","tablet-grid-50","mobile-grid-100","grid-parent","grid-33","no-featured-image-padding"],"acf":[],"yoast_head":"<!-- This site is optimized with the Yoast SEO plugin v27.5 - https:\/\/yoast.com\/product\/yoast-seo-wordpress\/ -->\n<title>Antiqay\u0131d\u0131\u015f - MEYDAN.TV<\/title>\n<meta name=\"robots\" content=\"index, follow, max-snippet:-1, max-image-preview:large, max-video-preview:-1\" \/>\n<link rel=\"canonical\" href=\"https:\/\/www.meydan.tv\/az\/article\/antiqayidis\/\" \/>\n<meta property=\"og:locale\" content=\"az_AZ\" \/>\n<meta property=\"og:type\" content=\"article\" \/>\n<meta property=\"og:title\" content=\"Antiqay\u0131d\u0131\u015f - MEYDAN.TV\" \/>\n<meta property=\"og:description\" content=\"Heyd\u0259r \u018fliyevin yol da\u015flar\u0131\" \/>\n<meta property=\"og:url\" content=\"https:\/\/www.meydan.tv\/az\/article\/antiqayidis\/\" \/>\n<meta property=\"og:site_name\" content=\"MEYDAN.TV\" \/>\n<meta property=\"article:published_time\" content=\"2015-08-06T16:22:23+00:00\" \/>\n<meta property=\"og:image\" content=\"https:\/\/www.meydan.tv\/wp-content\/uploads\/11549.jpg\" \/>\n\t<meta property=\"og:image:width\" content=\"500\" \/>\n\t<meta property=\"og:image:height\" content=\"500\" \/>\n\t<meta property=\"og:image:type\" content=\"image\/jpeg\" \/>\n<meta name=\"author\" content=\"user-manager\" \/>\n<meta name=\"twitter:card\" content=\"summary_large_image\" \/>\n<script type=\"application\/ld+json\" class=\"yoast-schema-graph\">{\"@context\":\"https:\\\/\\\/schema.org\",\"@graph\":[{\"@type\":\"Article\",\"@id\":\"https:\\\/\\\/www.meydan.tv\\\/az\\\/article\\\/antiqayidis\\\/#article\",\"isPartOf\":{\"@id\":\"https:\\\/\\\/www.meydan.tv\\\/az\\\/article\\\/antiqayidis\\\/\"},\"author\":{\"name\":\"user-manager\",\"@id\":\"https:\\\/\\\/www.meydan.tv\\\/az\\\/#\\\/schema\\\/person\\\/10d11eccf6da3662cf5fdab9806ea91a\"},\"headline\":\"Antiqay\u0131d\u0131\u015f\",\"datePublished\":\"2015-08-06T16:22:23+00:00\",\"mainEntityOfPage\":{\"@id\":\"https:\\\/\\\/www.meydan.tv\\\/az\\\/article\\\/antiqayidis\\\/\"},\"wordCount\":648,\"publisher\":{\"@id\":\"https:\\\/\\\/www.meydan.tv\\\/az\\\/#organization\"},\"image\":{\"@id\":\"https:\\\/\\\/www.meydan.tv\\\/az\\\/article\\\/antiqayidis\\\/#primaryimage\"},\"thumbnailUrl\":\"https:\\\/\\\/www.meydan.tv\\\/wp-content\\\/uploads\\\/11549.jpg\",\"articleSection\":[\"M\u0259nim Fikrimc\u0259\"],\"inLanguage\":\"az\"},{\"@type\":\"WebPage\",\"@id\":\"https:\\\/\\\/www.meydan.tv\\\/az\\\/article\\\/antiqayidis\\\/\",\"url\":\"https:\\\/\\\/www.meydan.tv\\\/az\\\/article\\\/antiqayidis\\\/\",\"name\":\"Antiqay\u0131d\u0131\u015f - MEYDAN.TV\",\"isPartOf\":{\"@id\":\"https:\\\/\\\/www.meydan.tv\\\/az\\\/#website\"},\"primaryImageOfPage\":{\"@id\":\"https:\\\/\\\/www.meydan.tv\\\/az\\\/article\\\/antiqayidis\\\/#primaryimage\"},\"image\":{\"@id\":\"https:\\\/\\\/www.meydan.tv\\\/az\\\/article\\\/antiqayidis\\\/#primaryimage\"},\"thumbnailUrl\":\"https:\\\/\\\/www.meydan.tv\\\/wp-content\\\/uploads\\\/11549.jpg\",\"datePublished\":\"2015-08-06T16:22:23+00:00\",\"breadcrumb\":{\"@id\":\"https:\\\/\\\/www.meydan.tv\\\/az\\\/article\\\/antiqayidis\\\/#breadcrumb\"},\"inLanguage\":\"az\",\"potentialAction\":[{\"@type\":\"ReadAction\",\"target\":[\"https:\\\/\\\/www.meydan.tv\\\/az\\\/article\\\/antiqayidis\\\/\"]}]},{\"@type\":\"ImageObject\",\"inLanguage\":\"az\",\"@id\":\"https:\\\/\\\/www.meydan.tv\\\/az\\\/article\\\/antiqayidis\\\/#primaryimage\",\"url\":\"https:\\\/\\\/www.meydan.tv\\\/wp-content\\\/uploads\\\/11549.jpg\",\"contentUrl\":\"https:\\\/\\\/www.meydan.tv\\\/wp-content\\\/uploads\\\/11549.jpg\",\"width\":500,\"height\":500,\"caption\":\"Source:\"},{\"@type\":\"BreadcrumbList\",\"@id\":\"https:\\\/\\\/www.meydan.tv\\\/az\\\/article\\\/antiqayidis\\\/#breadcrumb\",\"itemListElement\":[{\"@type\":\"ListItem\",\"position\":1,\"name\":\"Ana s\u0259hif\u0259\",\"item\":\"https:\\\/\\\/www.meydan.tv\\\/az\\\/\"},{\"@type\":\"ListItem\",\"position\":2,\"name\":\"M\u0259nim Fikrimc\u0259\",\"item\":\"https:\\\/\\\/www.meydan.tv\\\/az\\\/section\\\/menim-fikrimce\\\/\"},{\"@type\":\"ListItem\",\"position\":3,\"name\":\"Antiqay\u0131d\u0131\u015f\"}]},{\"@type\":\"WebSite\",\"@id\":\"https:\\\/\\\/www.meydan.tv\\\/az\\\/#website\",\"url\":\"https:\\\/\\\/www.meydan.tv\\\/az\\\/\",\"name\":\"MEYDAN.TV\",\"description\":\"Meydan TV Az\u0259rbaycan\u0131n media m\u0259kan\u0131ndak\u0131 alternativ s\u0259sidir\",\"publisher\":{\"@id\":\"https:\\\/\\\/www.meydan.tv\\\/az\\\/#organization\"},\"potentialAction\":[{\"@type\":\"SearchAction\",\"target\":{\"@type\":\"EntryPoint\",\"urlTemplate\":\"https:\\\/\\\/www.meydan.tv\\\/az\\\/?s={search_term_string}\"},\"query-input\":{\"@type\":\"PropertyValueSpecification\",\"valueRequired\":true,\"valueName\":\"search_term_string\"}}],\"inLanguage\":\"az\"},{\"@type\":\"Organization\",\"@id\":\"https:\\\/\\\/www.meydan.tv\\\/az\\\/#organization\",\"name\":\"Meydan TV\",\"url\":\"https:\\\/\\\/www.meydan.tv\\\/az\\\/\",\"logo\":{\"@type\":\"ImageObject\",\"inLanguage\":\"az\",\"@id\":\"https:\\\/\\\/www.meydan.tv\\\/az\\\/#\\\/schema\\\/logo\\\/image\\\/\",\"url\":\"https:\\\/\\\/www.meydan.tv\\\/wp-content\\\/uploads\\\/2021\\\/07\\\/meydan-logo.svg\",\"contentUrl\":\"https:\\\/\\\/www.meydan.tv\\\/wp-content\\\/uploads\\\/2021\\\/07\\\/meydan-logo.svg\",\"width\":195,\"height\":46,\"caption\":\"Meydan TV\"},\"image\":{\"@id\":\"https:\\\/\\\/www.meydan.tv\\\/az\\\/#\\\/schema\\\/logo\\\/image\\\/\"}},{\"@type\":\"Person\",\"@id\":\"https:\\\/\\\/www.meydan.tv\\\/az\\\/#\\\/schema\\\/person\\\/10d11eccf6da3662cf5fdab9806ea91a\",\"name\":\"user-manager\"}]}<\/script>\n<!-- \/ Yoast SEO plugin. -->","yoast_head_json":{"title":"Antiqay\u0131d\u0131\u015f - MEYDAN.TV","robots":{"index":"index","follow":"follow","max-snippet":"max-snippet:-1","max-image-preview":"max-image-preview:large","max-video-preview":"max-video-preview:-1"},"canonical":"https:\/\/www.meydan.tv\/az\/article\/antiqayidis\/","og_locale":"az_AZ","og_type":"article","og_title":"Antiqay\u0131d\u0131\u015f - MEYDAN.TV","og_description":"Heyd\u0259r \u018fliyevin yol da\u015flar\u0131","og_url":"https:\/\/www.meydan.tv\/az\/article\/antiqayidis\/","og_site_name":"MEYDAN.TV","article_published_time":"2015-08-06T16:22:23+00:00","og_image":[{"width":500,"height":500,"url":"https:\/\/www.meydan.tv\/wp-content\/uploads\/11549.jpg","type":"image\/jpeg"}],"author":"user-manager","twitter_card":"summary_large_image","schema":{"@context":"https:\/\/schema.org","@graph":[{"@type":"Article","@id":"https:\/\/www.meydan.tv\/az\/article\/antiqayidis\/#article","isPartOf":{"@id":"https:\/\/www.meydan.tv\/az\/article\/antiqayidis\/"},"author":{"name":"user-manager","@id":"https:\/\/www.meydan.tv\/az\/#\/schema\/person\/10d11eccf6da3662cf5fdab9806ea91a"},"headline":"Antiqay\u0131d\u0131\u015f","datePublished":"2015-08-06T16:22:23+00:00","mainEntityOfPage":{"@id":"https:\/\/www.meydan.tv\/az\/article\/antiqayidis\/"},"wordCount":648,"publisher":{"@id":"https:\/\/www.meydan.tv\/az\/#organization"},"image":{"@id":"https:\/\/www.meydan.tv\/az\/article\/antiqayidis\/#primaryimage"},"thumbnailUrl":"https:\/\/www.meydan.tv\/wp-content\/uploads\/11549.jpg","articleSection":["M\u0259nim Fikrimc\u0259"],"inLanguage":"az"},{"@type":"WebPage","@id":"https:\/\/www.meydan.tv\/az\/article\/antiqayidis\/","url":"https:\/\/www.meydan.tv\/az\/article\/antiqayidis\/","name":"Antiqay\u0131d\u0131\u015f - MEYDAN.TV","isPartOf":{"@id":"https:\/\/www.meydan.tv\/az\/#website"},"primaryImageOfPage":{"@id":"https:\/\/www.meydan.tv\/az\/article\/antiqayidis\/#primaryimage"},"image":{"@id":"https:\/\/www.meydan.tv\/az\/article\/antiqayidis\/#primaryimage"},"thumbnailUrl":"https:\/\/www.meydan.tv\/wp-content\/uploads\/11549.jpg","datePublished":"2015-08-06T16:22:23+00:00","breadcrumb":{"@id":"https:\/\/www.meydan.tv\/az\/article\/antiqayidis\/#breadcrumb"},"inLanguage":"az","potentialAction":[{"@type":"ReadAction","target":["https:\/\/www.meydan.tv\/az\/article\/antiqayidis\/"]}]},{"@type":"ImageObject","inLanguage":"az","@id":"https:\/\/www.meydan.tv\/az\/article\/antiqayidis\/#primaryimage","url":"https:\/\/www.meydan.tv\/wp-content\/uploads\/11549.jpg","contentUrl":"https:\/\/www.meydan.tv\/wp-content\/uploads\/11549.jpg","width":500,"height":500,"caption":"Source:"},{"@type":"BreadcrumbList","@id":"https:\/\/www.meydan.tv\/az\/article\/antiqayidis\/#breadcrumb","itemListElement":[{"@type":"ListItem","position":1,"name":"Ana s\u0259hif\u0259","item":"https:\/\/www.meydan.tv\/az\/"},{"@type":"ListItem","position":2,"name":"M\u0259nim Fikrimc\u0259","item":"https:\/\/www.meydan.tv\/az\/section\/menim-fikrimce\/"},{"@type":"ListItem","position":3,"name":"Antiqay\u0131d\u0131\u015f"}]},{"@type":"WebSite","@id":"https:\/\/www.meydan.tv\/az\/#website","url":"https:\/\/www.meydan.tv\/az\/","name":"MEYDAN.TV","description":"Meydan TV Az\u0259rbaycan\u0131n media m\u0259kan\u0131ndak\u0131 alternativ s\u0259sidir","publisher":{"@id":"https:\/\/www.meydan.tv\/az\/#organization"},"potentialAction":[{"@type":"SearchAction","target":{"@type":"EntryPoint","urlTemplate":"https:\/\/www.meydan.tv\/az\/?s={search_term_string}"},"query-input":{"@type":"PropertyValueSpecification","valueRequired":true,"valueName":"search_term_string"}}],"inLanguage":"az"},{"@type":"Organization","@id":"https:\/\/www.meydan.tv\/az\/#organization","name":"Meydan TV","url":"https:\/\/www.meydan.tv\/az\/","logo":{"@type":"ImageObject","inLanguage":"az","@id":"https:\/\/www.meydan.tv\/az\/#\/schema\/logo\/image\/","url":"https:\/\/www.meydan.tv\/wp-content\/uploads\/2021\/07\/meydan-logo.svg","contentUrl":"https:\/\/www.meydan.tv\/wp-content\/uploads\/2021\/07\/meydan-logo.svg","width":195,"height":46,"caption":"Meydan TV"},"image":{"@id":"https:\/\/www.meydan.tv\/az\/#\/schema\/logo\/image\/"}},{"@type":"Person","@id":"https:\/\/www.meydan.tv\/az\/#\/schema\/person\/10d11eccf6da3662cf5fdab9806ea91a","name":"user-manager"}]}},"_links":{"self":[{"href":"https:\/\/www.meydan.tv\/az\/wp-json\/wp\/v2\/posts\/169306","targetHints":{"allow":["GET"]}}],"collection":[{"href":"https:\/\/www.meydan.tv\/az\/wp-json\/wp\/v2\/posts"}],"about":[{"href":"https:\/\/www.meydan.tv\/az\/wp-json\/wp\/v2\/types\/post"}],"author":[{"embeddable":true,"href":"https:\/\/www.meydan.tv\/az\/wp-json\/wp\/v2\/users\/11"}],"replies":[{"embeddable":true,"href":"https:\/\/www.meydan.tv\/az\/wp-json\/wp\/v2\/comments?post=169306"}],"version-history":[{"count":0,"href":"https:\/\/www.meydan.tv\/az\/wp-json\/wp\/v2\/posts\/169306\/revisions"}],"wp:featuredmedia":[{"embeddable":true,"href":"https:\/\/www.meydan.tv\/az\/wp-json\/wp\/v2\/media\/30902"}],"wp:attachment":[{"href":"https:\/\/www.meydan.tv\/az\/wp-json\/wp\/v2\/media?parent=169306"}],"wp:term":[{"taxonomy":"category","embeddable":true,"href":"https:\/\/www.meydan.tv\/az\/wp-json\/wp\/v2\/categories?post=169306"},{"taxonomy":"post_tag","embeddable":true,"href":"https:\/\/www.meydan.tv\/az\/wp-json\/wp\/v2\/tags?post=169306"}],"curies":[{"name":"wp","href":"https:\/\/api.w.org\/{rel}","templated":true}]}}