{"id":169245,"date":"2015-08-03T21:03:29","date_gmt":"2015-08-03T21:03:29","guid":{"rendered":"https:\/\/www.meydan.tv\/article\/heykeltarasin-gelisi\/"},"modified":"2015-08-03T21:03:29","modified_gmt":"2015-08-03T21:03:29","slug":"heykeltarasin-gelisi","status":"publish","type":"post","link":"https:\/\/www.meydan.tv\/az\/article\/heykeltarasin-gelisi\/","title":{"rendered":"Heyk\u0259ltara\u015f\u0131n g\u0259li\u015fi"},"content":{"rendered":"<figure class=\"wp-block-image size-large\">\n  <img decoding=\"async\" src=\"https:\/\/www.meydan.tv\/az\/30746\/\" alt=\"\" class=\"wp-image-30746\"\/><figcaption><\/figcaption><\/figure>\n<figure class=\"wp-block-image size-large\">\n  <img decoding=\"async\" src=\"https:\/\/www.meydan.tv\/az\/30749\/\" alt=\"\" class=\"wp-image-30749\"\/><figcaption><\/figcaption><\/figure>\n<p>\n  \u0130lham \u018fliyev, yoxsa atas\u0131? Hans\u0131 daha yax\u015f\u0131 idar\u0259 edib? Birm\u0259nal\u0131 olaraq, he\u00e7 biri. Amma des\u0259k ki, kim daha pis idar\u0259 edib, bu, daha \u00e7\u0259tin sual olar. \u00c7\u00fcnki biri daha pisdirs\u0259, biri daha yax\u015f\u0131 deyil, sad\u0259c\u0259 az pisdir.\u00a0 Az\u0259rbaycan bu g\u00fcnl\u0259ri b\u00f6y\u00fck \u00e7\u0259tinlikl\u0259rl\u0259 ya\u015fay\u0131r. Bu bizim \u00f6lk\u0259miz \u00fc\u00e7\u00fcn cari anlamda m\u00f6vcudluq tarixi, l\u0259yaq\u0259t sava\u015f\u0131d\u0131r.\n<\/p>\n<p>\n  Amma n\u0259d\u0259ns\u0259 yen\u0259 d\u00fcnyan\u0131n y\u00fck\u00fc Atlant\u0131n \u00e7iynind\u0259dir. \u015eir d\u0259risi geyinm\u0259s\u0259 d\u0259, \u015fir \u00fcr\u0259yi yem\u0259s\u0259 d\u0259, Atlant kimi \u00e7iynini tarixin bu a\u011f\u0131r y\u00fck\u00fc alt\u0131na vermi\u015f dostlar\u0131ma tanr\u0131dan \u0259zm v\u0259 d\u00f6z\u00fcm dil\u0259yir\u0259m. F\u0259q\u0259t b\u00fct\u00fcn bunlar b\u0259s edirmi? T\u0259bii ki, yox.\n<\/p>\n<p>\n  Heyd\u0259r \u018fliyev diktatordur, yoxsa onun davam\u00e7\u0131s\u0131? Xat\u0131rlamad\u0131\u011f\u0131m bir \u015e\u0259rq m\u00fcdriki deyib ki, ilan\u0131n h\u0259r t\u0259r\u0259fi iland\u0131r, amma o bir yeri il\u0259 sanc\u0131r. Ona g\u00f6r\u0259 d\u0259, biz bu diktaturan\u0131 bir ilana b\u0259nz\u0259ts\u0259k, siz \u00f6z\u00fcn\u00fcz onun ba\u015f\u0131n\u0131, b\u0259d\u0259nini ay\u0131rd edin. Amma bu da bizim tariximizin bir reall\u0131\u011f\u0131d\u0131r ki, \u0130lham \u018fliyev Az\u0259rbaycanda d\u00f6vl\u0259t ba\u015f\u00e7\u0131s\u0131d\u0131r. Atas\u0131n\u0131n k\u00fcrs\u00fcs\u00fcnd\u0259 oturub v\u0259 onu \u00f6z\u00fcn\u0259 m\u00fcq\u0259dd\u0259s miras say\u0131r. Amma m\u0259n yen\u0259 d\u0259 onunla atas\u0131n\u0131 m\u00fcqayis\u0259 ed\u0259nl\u0259ri ehtiyatl\u0131 olma\u011fa \u00e7a\u011f\u0131r\u0131ram. S\u00f6hb\u0259t diktaturadan, h\u00fcquq tapdamaqdan, can almaqdan gedirs\u0259, biri ba\u015fqas\u0131ndan daha qabiliyy\u0259tli deyil, daha q\u0259ddar ola bil\u0259r.\n<\/p>\n<p>\n  Heyd\u0259r \u018fliyev Az\u0259rbaycan\u0131n yay\u0131n\u0131 s\u0131xma\u011fa ba\u015flam\u0131\u015fd\u0131. Sad\u0259c\u0259 \u0130lham \u018fliyev zaman etibar\u0131 il\u0259 bu yay\u0131n daha s\u0259rt s\u0131x\u0131ld\u0131\u011f\u0131 d\u00f6vrd\u0259 r\u0259hb\u0259r oldu. \u0130nsan haqlar\u0131na, ya\u015famaq h\u00fcququna m\u00fcnasib\u0259td\u0259 is\u0259 c\u0259mi bir fakt\u0131 dey\u0259 bil\u0259rik ki, Az\u0259rbaycan A\u015ePA-ya \u00fczv olma\u011fa haz\u0131rla\u015fark\u0259nhaz\u0131rlanan bir hesabata g\u00f6r\u0259 \u00f6lk\u0259d\u0259 720-d\u0259n \u00e7ox siyasi m\u0259hbus vard\u0131. \u0130lham \u018fliyev h\u0259l\u0259 atas\u0131n\u0131n bu rekordunu q\u0131ra bilm\u0259yib. Biz is\u0259 onun hakimiyy\u0259t\u0259 ikinci g\u0259li\u015finin xroniki analitikas\u0131n\u0131 siz\u0259 t\u0259qdim etm\u0259y\u0259 \u00e7al\u0131\u015faca\u011f\u0131q.\n<\/p>\n<p>\n  Onun g\u0259li\u015fi \u00e7oxumuzun h\u0259yat\u0131nda unudulmaz a\u011fr\u0131larla izl\u0259r burax\u0131b. Amma b\u00fct\u00fcn Az\u0259rbaycana baxanda biz banklara, parklara, saraylara boylanan heyk\u0259ll\u0259ri g\u00f6r\u00fcr\u00fck. M\u0259nim n\u0259z\u0259rimd\u0259 o \u00f6z heyk\u0259ll\u0259rini quran istedads\u0131z bir heyk\u0259ltara\u015fd\u0131r. Bel\u0259likl\u0259, 1991-d\u0259n 2002-ci il\u0259 kimi s\u00fcr\u0259tli bax\u0131\u015flarla, daha az pisin daha \u00e7ox pis\u0259 \u00f6t\u00fcrd\u00fcy\u00fc hakimiyy\u0259t bu g\u00fcn m\u00fcasir yadelli i\u015f\u011fal\u00e7\u0131 kimi davrand\u0131\u011f\u0131 xalq\u0131m\u0131z hans\u0131 psixoloji t\u0259zyiql\u0259r, z\u0259h\u0259rl\u0259nm\u0259l\u0259r n\u0259tic\u0259sind\u0259 indiki hala d\u00fc\u015f\u00fcb.\n<\/p>\n<p>\n  \u201c\u00d6z\u00fcn\u00fc yatm\u0131\u015fl\u0131\u011fa vurmu\u015f xalq yatan xalqdan daha t\u0259hl\u00fck\u0259lidir\u201d Qandi bu fikirl\u0259rl\u0259 tarixd\u0259 n\u0259 q\u0259d\u0259r g\u0259lmi\u015f-getmi\u015f xalq\u0131n portretini c\u0131z\u0131b, dem\u0259k \u00e7\u0259tindir, amma o \u00e7\u0259r\u00e7iv\u0259y\u0259 bizim q\u0259d\u0259r oturan, uy\u011fun olan xalq y\u0259qin ki, bir d\u0259 el\u0259 hind xalq\u0131 olub. Ona g\u00f6r\u0259 d\u0259, m\u0259nim d\u00fc\u015f\u00fcnc\u0259m\u0259 g\u00f6r\u0259 xalq\u0131m\u0131z onu maarifl\u0259ndirm\u0259k ist\u0259y\u0259nl\u0259r\u0259 ac\u0131ql\u0131d\u0131r. \u00c7\u00fcnki n\u0259yin nec\u0259 ba\u015f verdiyini bilir. \u0130ndi onu ba\u015fqa sual\u0131n ard\u0131nca apar\u0131b t\u0259\u015fkilatland\u0131rmaq laz\u0131md\u0131r.\n<\/p>\n<p>\n  <b><br \/>\n    P.S. Bu m\u0259qal\u0259 Az\u0259rbaycan\u0131n 1991-2002, 2002-2014-c\u00fc ill\u0259rind\u0259n b\u0259hs ed\u0259n \u201cAntiqay\u0131d\u0131\u015f\u201d s\u0259n\u0259dli filminin ssenarisidir. Ard\u0131 var&#8230;<br \/>\n  <\/b><\/p>\n","protected":false},"excerpt":{"rendered":"<p>Diktator, yoxsa davam\u00e7\u0131s\u0131?<\/p>\n","protected":false},"author":11,"featured_media":30746,"comment_status":"closed","ping_status":"open","sticky":false,"template":"","format":"standard","meta":{"_acf_changed":false,"_sitemap_exclude":false,"_sitemap_priority":"","_sitemap_frequency":"","footnotes":""},"categories":[57],"tags":[],"class_list":["post-169245","post","type-post","status-publish","format-standard","has-post-thumbnail","hentry","category-menim-fikrimce","infinite-scroll-item","generate-columns","tablet-grid-50","mobile-grid-100","grid-parent","grid-33","no-featured-image-padding"],"acf":[],"yoast_head":"<!-- This site is optimized with the Yoast SEO plugin v27.5 - https:\/\/yoast.com\/product\/yoast-seo-wordpress\/ -->\n<title>Heyk\u0259ltara\u015f\u0131n g\u0259li\u015fi - MEYDAN.TV<\/title>\n<meta name=\"robots\" content=\"index, follow, max-snippet:-1, max-image-preview:large, max-video-preview:-1\" \/>\n<link rel=\"canonical\" href=\"https:\/\/www.meydan.tv\/az\/article\/heykeltarasin-gelisi\/\" \/>\n<meta property=\"og:locale\" content=\"az_AZ\" \/>\n<meta property=\"og:type\" content=\"article\" \/>\n<meta property=\"og:title\" content=\"Heyk\u0259ltara\u015f\u0131n g\u0259li\u015fi - MEYDAN.TV\" \/>\n<meta property=\"og:description\" content=\"Diktator, yoxsa davam\u00e7\u0131s\u0131?\" \/>\n<meta property=\"og:url\" content=\"https:\/\/www.meydan.tv\/az\/article\/heykeltarasin-gelisi\/\" \/>\n<meta property=\"og:site_name\" content=\"MEYDAN.TV\" \/>\n<meta property=\"article:published_time\" content=\"2015-08-03T21:03:29+00:00\" \/>\n<meta property=\"og:image\" content=\"https:\/\/www.meydan.tv\/wp-content\/uploads\/11450.jpg\" \/>\n\t<meta property=\"og:image:width\" content=\"400\" \/>\n\t<meta property=\"og:image:height\" content=\"400\" \/>\n\t<meta property=\"og:image:type\" content=\"image\/jpeg\" \/>\n<meta name=\"author\" content=\"user-manager\" \/>\n<meta name=\"twitter:card\" content=\"summary_large_image\" \/>\n<script type=\"application\/ld+json\" class=\"yoast-schema-graph\">{\"@context\":\"https:\\\/\\\/schema.org\",\"@graph\":[{\"@type\":\"Article\",\"@id\":\"https:\\\/\\\/www.meydan.tv\\\/az\\\/article\\\/heykeltarasin-gelisi\\\/#article\",\"isPartOf\":{\"@id\":\"https:\\\/\\\/www.meydan.tv\\\/az\\\/article\\\/heykeltarasin-gelisi\\\/\"},\"author\":{\"name\":\"user-manager\",\"@id\":\"https:\\\/\\\/www.meydan.tv\\\/az\\\/#\\\/schema\\\/person\\\/10d11eccf6da3662cf5fdab9806ea91a\"},\"headline\":\"Heyk\u0259ltara\u015f\u0131n g\u0259li\u015fi\",\"datePublished\":\"2015-08-03T21:03:29+00:00\",\"mainEntityOfPage\":{\"@id\":\"https:\\\/\\\/www.meydan.tv\\\/az\\\/article\\\/heykeltarasin-gelisi\\\/\"},\"wordCount\":636,\"publisher\":{\"@id\":\"https:\\\/\\\/www.meydan.tv\\\/az\\\/#organization\"},\"image\":{\"@id\":\"https:\\\/\\\/www.meydan.tv\\\/az\\\/article\\\/heykeltarasin-gelisi\\\/#primaryimage\"},\"thumbnailUrl\":\"https:\\\/\\\/www.meydan.tv\\\/wp-content\\\/uploads\\\/11450.jpg\",\"articleSection\":[\"M\u0259nim Fikrimc\u0259\"],\"inLanguage\":\"az\"},{\"@type\":\"WebPage\",\"@id\":\"https:\\\/\\\/www.meydan.tv\\\/az\\\/article\\\/heykeltarasin-gelisi\\\/\",\"url\":\"https:\\\/\\\/www.meydan.tv\\\/az\\\/article\\\/heykeltarasin-gelisi\\\/\",\"name\":\"Heyk\u0259ltara\u015f\u0131n g\u0259li\u015fi - MEYDAN.TV\",\"isPartOf\":{\"@id\":\"https:\\\/\\\/www.meydan.tv\\\/az\\\/#website\"},\"primaryImageOfPage\":{\"@id\":\"https:\\\/\\\/www.meydan.tv\\\/az\\\/article\\\/heykeltarasin-gelisi\\\/#primaryimage\"},\"image\":{\"@id\":\"https:\\\/\\\/www.meydan.tv\\\/az\\\/article\\\/heykeltarasin-gelisi\\\/#primaryimage\"},\"thumbnailUrl\":\"https:\\\/\\\/www.meydan.tv\\\/wp-content\\\/uploads\\\/11450.jpg\",\"datePublished\":\"2015-08-03T21:03:29+00:00\",\"breadcrumb\":{\"@id\":\"https:\\\/\\\/www.meydan.tv\\\/az\\\/article\\\/heykeltarasin-gelisi\\\/#breadcrumb\"},\"inLanguage\":\"az\",\"potentialAction\":[{\"@type\":\"ReadAction\",\"target\":[\"https:\\\/\\\/www.meydan.tv\\\/az\\\/article\\\/heykeltarasin-gelisi\\\/\"]}]},{\"@type\":\"ImageObject\",\"inLanguage\":\"az\",\"@id\":\"https:\\\/\\\/www.meydan.tv\\\/az\\\/article\\\/heykeltarasin-gelisi\\\/#primaryimage\",\"url\":\"https:\\\/\\\/www.meydan.tv\\\/wp-content\\\/uploads\\\/11450.jpg\",\"contentUrl\":\"https:\\\/\\\/www.meydan.tv\\\/wp-content\\\/uploads\\\/11450.jpg\",\"width\":400,\"height\":400,\"caption\":\"Source:\"},{\"@type\":\"BreadcrumbList\",\"@id\":\"https:\\\/\\\/www.meydan.tv\\\/az\\\/article\\\/heykeltarasin-gelisi\\\/#breadcrumb\",\"itemListElement\":[{\"@type\":\"ListItem\",\"position\":1,\"name\":\"Ana s\u0259hif\u0259\",\"item\":\"https:\\\/\\\/www.meydan.tv\\\/az\\\/\"},{\"@type\":\"ListItem\",\"position\":2,\"name\":\"M\u0259nim Fikrimc\u0259\",\"item\":\"https:\\\/\\\/www.meydan.tv\\\/az\\\/section\\\/menim-fikrimce\\\/\"},{\"@type\":\"ListItem\",\"position\":3,\"name\":\"Heyk\u0259ltara\u015f\u0131n g\u0259li\u015fi\"}]},{\"@type\":\"WebSite\",\"@id\":\"https:\\\/\\\/www.meydan.tv\\\/az\\\/#website\",\"url\":\"https:\\\/\\\/www.meydan.tv\\\/az\\\/\",\"name\":\"MEYDAN.TV\",\"description\":\"Meydan TV Az\u0259rbaycan\u0131n media m\u0259kan\u0131ndak\u0131 alternativ s\u0259sidir\",\"publisher\":{\"@id\":\"https:\\\/\\\/www.meydan.tv\\\/az\\\/#organization\"},\"potentialAction\":[{\"@type\":\"SearchAction\",\"target\":{\"@type\":\"EntryPoint\",\"urlTemplate\":\"https:\\\/\\\/www.meydan.tv\\\/az\\\/?s={search_term_string}\"},\"query-input\":{\"@type\":\"PropertyValueSpecification\",\"valueRequired\":true,\"valueName\":\"search_term_string\"}}],\"inLanguage\":\"az\"},{\"@type\":\"Organization\",\"@id\":\"https:\\\/\\\/www.meydan.tv\\\/az\\\/#organization\",\"name\":\"Meydan TV\",\"url\":\"https:\\\/\\\/www.meydan.tv\\\/az\\\/\",\"logo\":{\"@type\":\"ImageObject\",\"inLanguage\":\"az\",\"@id\":\"https:\\\/\\\/www.meydan.tv\\\/az\\\/#\\\/schema\\\/logo\\\/image\\\/\",\"url\":\"https:\\\/\\\/www.meydan.tv\\\/wp-content\\\/uploads\\\/2021\\\/07\\\/meydan-logo.svg\",\"contentUrl\":\"https:\\\/\\\/www.meydan.tv\\\/wp-content\\\/uploads\\\/2021\\\/07\\\/meydan-logo.svg\",\"width\":195,\"height\":46,\"caption\":\"Meydan TV\"},\"image\":{\"@id\":\"https:\\\/\\\/www.meydan.tv\\\/az\\\/#\\\/schema\\\/logo\\\/image\\\/\"}},{\"@type\":\"Person\",\"@id\":\"https:\\\/\\\/www.meydan.tv\\\/az\\\/#\\\/schema\\\/person\\\/10d11eccf6da3662cf5fdab9806ea91a\",\"name\":\"user-manager\"}]}<\/script>\n<!-- \/ Yoast SEO plugin. -->","yoast_head_json":{"title":"Heyk\u0259ltara\u015f\u0131n g\u0259li\u015fi - MEYDAN.TV","robots":{"index":"index","follow":"follow","max-snippet":"max-snippet:-1","max-image-preview":"max-image-preview:large","max-video-preview":"max-video-preview:-1"},"canonical":"https:\/\/www.meydan.tv\/az\/article\/heykeltarasin-gelisi\/","og_locale":"az_AZ","og_type":"article","og_title":"Heyk\u0259ltara\u015f\u0131n g\u0259li\u015fi - MEYDAN.TV","og_description":"Diktator, yoxsa davam\u00e7\u0131s\u0131?","og_url":"https:\/\/www.meydan.tv\/az\/article\/heykeltarasin-gelisi\/","og_site_name":"MEYDAN.TV","article_published_time":"2015-08-03T21:03:29+00:00","og_image":[{"width":400,"height":400,"url":"https:\/\/www.meydan.tv\/wp-content\/uploads\/11450.jpg","type":"image\/jpeg"}],"author":"user-manager","twitter_card":"summary_large_image","schema":{"@context":"https:\/\/schema.org","@graph":[{"@type":"Article","@id":"https:\/\/www.meydan.tv\/az\/article\/heykeltarasin-gelisi\/#article","isPartOf":{"@id":"https:\/\/www.meydan.tv\/az\/article\/heykeltarasin-gelisi\/"},"author":{"name":"user-manager","@id":"https:\/\/www.meydan.tv\/az\/#\/schema\/person\/10d11eccf6da3662cf5fdab9806ea91a"},"headline":"Heyk\u0259ltara\u015f\u0131n g\u0259li\u015fi","datePublished":"2015-08-03T21:03:29+00:00","mainEntityOfPage":{"@id":"https:\/\/www.meydan.tv\/az\/article\/heykeltarasin-gelisi\/"},"wordCount":636,"publisher":{"@id":"https:\/\/www.meydan.tv\/az\/#organization"},"image":{"@id":"https:\/\/www.meydan.tv\/az\/article\/heykeltarasin-gelisi\/#primaryimage"},"thumbnailUrl":"https:\/\/www.meydan.tv\/wp-content\/uploads\/11450.jpg","articleSection":["M\u0259nim Fikrimc\u0259"],"inLanguage":"az"},{"@type":"WebPage","@id":"https:\/\/www.meydan.tv\/az\/article\/heykeltarasin-gelisi\/","url":"https:\/\/www.meydan.tv\/az\/article\/heykeltarasin-gelisi\/","name":"Heyk\u0259ltara\u015f\u0131n g\u0259li\u015fi - MEYDAN.TV","isPartOf":{"@id":"https:\/\/www.meydan.tv\/az\/#website"},"primaryImageOfPage":{"@id":"https:\/\/www.meydan.tv\/az\/article\/heykeltarasin-gelisi\/#primaryimage"},"image":{"@id":"https:\/\/www.meydan.tv\/az\/article\/heykeltarasin-gelisi\/#primaryimage"},"thumbnailUrl":"https:\/\/www.meydan.tv\/wp-content\/uploads\/11450.jpg","datePublished":"2015-08-03T21:03:29+00:00","breadcrumb":{"@id":"https:\/\/www.meydan.tv\/az\/article\/heykeltarasin-gelisi\/#breadcrumb"},"inLanguage":"az","potentialAction":[{"@type":"ReadAction","target":["https:\/\/www.meydan.tv\/az\/article\/heykeltarasin-gelisi\/"]}]},{"@type":"ImageObject","inLanguage":"az","@id":"https:\/\/www.meydan.tv\/az\/article\/heykeltarasin-gelisi\/#primaryimage","url":"https:\/\/www.meydan.tv\/wp-content\/uploads\/11450.jpg","contentUrl":"https:\/\/www.meydan.tv\/wp-content\/uploads\/11450.jpg","width":400,"height":400,"caption":"Source:"},{"@type":"BreadcrumbList","@id":"https:\/\/www.meydan.tv\/az\/article\/heykeltarasin-gelisi\/#breadcrumb","itemListElement":[{"@type":"ListItem","position":1,"name":"Ana s\u0259hif\u0259","item":"https:\/\/www.meydan.tv\/az\/"},{"@type":"ListItem","position":2,"name":"M\u0259nim Fikrimc\u0259","item":"https:\/\/www.meydan.tv\/az\/section\/menim-fikrimce\/"},{"@type":"ListItem","position":3,"name":"Heyk\u0259ltara\u015f\u0131n g\u0259li\u015fi"}]},{"@type":"WebSite","@id":"https:\/\/www.meydan.tv\/az\/#website","url":"https:\/\/www.meydan.tv\/az\/","name":"MEYDAN.TV","description":"Meydan TV Az\u0259rbaycan\u0131n media m\u0259kan\u0131ndak\u0131 alternativ s\u0259sidir","publisher":{"@id":"https:\/\/www.meydan.tv\/az\/#organization"},"potentialAction":[{"@type":"SearchAction","target":{"@type":"EntryPoint","urlTemplate":"https:\/\/www.meydan.tv\/az\/?s={search_term_string}"},"query-input":{"@type":"PropertyValueSpecification","valueRequired":true,"valueName":"search_term_string"}}],"inLanguage":"az"},{"@type":"Organization","@id":"https:\/\/www.meydan.tv\/az\/#organization","name":"Meydan TV","url":"https:\/\/www.meydan.tv\/az\/","logo":{"@type":"ImageObject","inLanguage":"az","@id":"https:\/\/www.meydan.tv\/az\/#\/schema\/logo\/image\/","url":"https:\/\/www.meydan.tv\/wp-content\/uploads\/2021\/07\/meydan-logo.svg","contentUrl":"https:\/\/www.meydan.tv\/wp-content\/uploads\/2021\/07\/meydan-logo.svg","width":195,"height":46,"caption":"Meydan TV"},"image":{"@id":"https:\/\/www.meydan.tv\/az\/#\/schema\/logo\/image\/"}},{"@type":"Person","@id":"https:\/\/www.meydan.tv\/az\/#\/schema\/person\/10d11eccf6da3662cf5fdab9806ea91a","name":"user-manager"}]}},"_links":{"self":[{"href":"https:\/\/www.meydan.tv\/az\/wp-json\/wp\/v2\/posts\/169245","targetHints":{"allow":["GET"]}}],"collection":[{"href":"https:\/\/www.meydan.tv\/az\/wp-json\/wp\/v2\/posts"}],"about":[{"href":"https:\/\/www.meydan.tv\/az\/wp-json\/wp\/v2\/types\/post"}],"author":[{"embeddable":true,"href":"https:\/\/www.meydan.tv\/az\/wp-json\/wp\/v2\/users\/11"}],"replies":[{"embeddable":true,"href":"https:\/\/www.meydan.tv\/az\/wp-json\/wp\/v2\/comments?post=169245"}],"version-history":[{"count":0,"href":"https:\/\/www.meydan.tv\/az\/wp-json\/wp\/v2\/posts\/169245\/revisions"}],"wp:featuredmedia":[{"embeddable":true,"href":"https:\/\/www.meydan.tv\/az\/wp-json\/wp\/v2\/media\/30746"}],"wp:attachment":[{"href":"https:\/\/www.meydan.tv\/az\/wp-json\/wp\/v2\/media?parent=169245"}],"wp:term":[{"taxonomy":"category","embeddable":true,"href":"https:\/\/www.meydan.tv\/az\/wp-json\/wp\/v2\/categories?post=169245"},{"taxonomy":"post_tag","embeddable":true,"href":"https:\/\/www.meydan.tv\/az\/wp-json\/wp\/v2\/tags?post=169245"}],"curies":[{"name":"wp","href":"https:\/\/api.w.org\/{rel}","templated":true}]}}