{"id":169226,"date":"2015-08-02T02:53:23","date_gmt":"2015-08-02T02:53:23","guid":{"rendered":"https:\/\/www.meydan.tv\/article\/celsomino-yalancilar-olkesinde\/"},"modified":"2015-08-02T02:53:23","modified_gmt":"2015-08-02T02:53:23","slug":"celsomino-yalancilar-olkesinde","status":"publish","type":"post","link":"https:\/\/www.meydan.tv\/az\/article\/celsomino-yalancilar-olkesinde\/","title":{"rendered":"Celsomino yalan\u00e7\u0131lar \u00f6lk\u0259sind\u0259"},"content":{"rendered":"<figure class=\"wp-block-image size-large\">\n  <img decoding=\"async\" src=\"https:\/\/www.meydan.tv\/az\/30695\/\" alt=\"\" class=\"wp-image-30695\"\/><figcaption><\/figcaption><\/figure>\n<figure class=\"wp-block-image size-large\">\n  <img decoding=\"async\" src=\"https:\/\/www.meydan.tv\/az\/30698\/\" alt=\"\" class=\"wp-image-30698\"\/><figcaption><\/figcaption><\/figure>\n<p>\n  Son g\u00fcnl\u0259r \u00f6lk\u0259d\u0259 ba\u015f ver\u0259n ilginc hadis\u0259l\u0259r ild\u0131r\u0131m s\u00fcr\u0259ti il\u0259 inki\u015faf edir. Emin Millinin v\u0259 Q\u0259nim\u0259t Zahidin yax\u0131nlar\u0131n\u0131n, qohumlar\u0131n\u0131n repressiyaya u\u011framas\u0131, x\u00fcsusil\u0259 m\u0259lum \u201cimtina\u201d kampaniyas\u0131 c\u0259miyy\u0259td\u0259 az qala sonuncu, qism\u0259n azad p\u0259nc\u0259r\u0259y\u0259 \u00e7evrilmi\u015f sosial \u015f\u0259b\u0259k\u0259l\u0259rd\u0259 geni\u015f \u0259ks-s\u0259da do\u011furdu. B\u0259zil\u0259ri bu hadis\u0259l\u0259rin analogiyas\u0131n\u0131 sovet zaman\u0131nda axtard\u0131 \u2013 bunlar kifay\u0259t q\u0259d\u0259r \u00e7ox oldu, b\u0259zil\u0259ri is\u0259 daha ir\u0259li ged\u0259r\u0259k, h\u0259tta nasist rejiminin bel\u0259 bunlar\u0131 etm\u0259diyini yazd\u0131.\n<\/p>\n<p>\n  \u018flb\u0259tt\u0259 ki, b\u00fct\u00fcn bunlar emosiyalard\u0131r, nasizmin t\u00f6r\u0259tdiyi cinay\u0259tl\u0259r aras\u0131nda bu kimi hallar da olub. Bunlardan \u0259n m\u0259\u015fhuru yeni Almaniyan\u0131n qurucusu, onun ilk Bundeskanzleri Konrad Adenauer\u2019in xan\u0131m\u0131 Auguste il\u0259 edilmi\u015fdi. Nasizm\u0259 d\u0259rind\u0259n nifr\u0259t ed\u0259n Adenauer, h\u0259l\u0259 1933-c\u00fc ild\u0259 yenic\u0259 Bundeskanzler v\u0259zif\u0259sin\u0259 t\u0259yin edilmi\u015f Hiteri, B\u00fcrgermeisteri (meri) oldu\u011fu K\u00f6ln \u015f\u0259h\u0259rind\u0259 qar\u015f\u0131lamaqdan imtina etmi\u015f, aereportdan \u015f\u0259h\u0259r\u0259 kimi nasist bayraqlar\u0131n\u0131n sanc\u0131lmas\u0131n\u0131 da qada\u011fan etmi\u015fdi. Buna g\u00f6r\u0259 tutdu\u011fu b\u00fct\u00fcn v\u0259zif\u0259l\u0259rind\u0259n uzaqla\u015fd\u0131r\u0131lm\u0131\u015f bu g\u00f6rk\u0259mli siyasi xadim, repressiyalardan ehtiyatlanaraq uzun ill\u0259r gizlind\u0259 ya\u015fay\u0131r. Lakin 20 iyul 1944-c\u00fc ild\u0259 Hitl\u0259r\u0259 edilmi\u015f u\u011fursuz sui-q\u0259sdd\u0259n sonra K\u00f6ln\u00fcn ke\u00e7mi\u015f B\u00fcrgermeistri Gestaponun xatirin\u0259 d\u00fc\u015f\u00fcr v\u0259 axtar\u0131\u015f elan edilir. Bir ayl\u0131q axtar\u0131\u015f n\u0259tic\u0259 verm\u0259dikd\u0259 24 sentyabrda onun xan\u0131m\u0131 Auguste h\u0259bs edilir v\u0259 fahi\u015f\u0259l\u0259rl\u0259 bir kameraya at\u0131l\u0131r. Burada d\u0259rin m\u0259n\u0259vi v\u0259 psixoloji t\u0259zyiql\u0259r\u0259 m\u0259ruz qalan xan\u0131ma, \u0259rinin yerini h\u0259m\u0259n dem\u0259zs\u0259, 19 v\u0259 16 ya\u015flar\u0131nda iki q\u0131z\u0131n\u0131n da bu kameyara d\u00fc\u015f\u0259c\u0259yi h\u0259d\u0259sini g\u0259lirl\u0259r. O zaman m\u00fcst\u0259sna sars\u0131nt\u0131da yaln\u0131z iki k\u0259lm\u0259 &#8211; \u201cNister M\u00fchle\u201d (bu Adenauerin Westerwald b\u00f6lg\u0259sind\u0259 gizl\u0259ndiyi ki\u00e7ik hotelin ad\u0131 idi) t\u0259l\u0259ff\u00fcz ed\u0259 bilmi\u015f bu xan\u0131m, azad edil\u0259n kimi ilk \u00f6nc\u0259 damarlar\u0131n\u0131 k\u0259sir, lakin onu xilas edirl\u0259r. \u018frinin azad edilm\u0259sind\u0259n bir q\u0259d\u0259r sonra is\u0259 \u00f6z\u00fcn\u00fc z\u0259h\u0259rl\u0259mi\u015f bu qad\u0131n\u0131 bir daha xilas edirl\u0259r, lakin d\u0259rin intoksikasiya ke\u00e7irmi\u015f organizm buna davam g\u0259tir\u0259 bilmir v\u0259 \u00fc\u00e7 ild\u0259n sonra Auguste v\u0259fat edir.\n<\/p>\n<p>\n  Bel\u0259c\u0259 q\u0259ddar rejimin basq\u0131s\u0131 v\u0259 alman qad\u0131n\u0131n\u0131n \u015f\u0259r\u0259fi aras\u0131nda he\u00e7 bir kompromiss tapa bilm\u0259y\u0259n qad\u0131n, xilas\u0131n\u0131 yaln\u0131z intiharda g\u00f6r\u00fcr.\n<\/p>\n<p>\n  B\u0259s g\u00f6r\u0259s\u0259n Az\u0259rbaycan kimi tayfa-q\u0259bil\u0259-yerli m\u00fcnasib\u0259tl\u0259rinin indiy\u0259d\u0259k \u00e7ox d\u0259rin oldu\u011fu arxaik, h\u0259tta bir \u00e7ox zaman i\u015fl\u0259tdiyim arxetipik bir c\u0259miyy\u0259td\u0259, bir insan\u0131n qohumlar\u0131n\u0131n ondan imtina etm\u0259si n\u0259 dem\u0259kdir? G\u00f6r\u0259s\u0259n bu art\u0131q c\u0259miyy\u0259tin da\u011f\u0131d\u0131lmas\u0131n\u0131n, elementar insaniyy\u0259tin m\u0259hvinin, a\u015f\u0131nmas\u0131n\u0131n hans\u0131 hal\u0131, hans\u0131 h\u0259ddidir? V\u0259 bu kimi hallar\u0131n ba\u015f verdiyi c\u0259miyy\u0259ti art\u0131q nec\u0259 s\u0259ciyy\u0259l\u0259ndirm\u0259liyik, onun proobraz\u0131 n\u0259 zaman v\u0259 harada yarad\u0131l\u0131b?\n<\/p>\n<p>\n  Bu suallar indi yaranmay\u0131b, bunlar\u0131 biz c\u0259miyy\u0259timizin \u0259yri g\u00fczg\u00fcl\u0259rind\u0259 ham\u0131m\u0131z\u0131 g\u00f6r\u0259nd\u0259 zaman-zaman \u00f6z\u00fcm\u00fcz\u0259 sormu\u015fduq. V\u0259 t\u0259bii \u00a0ki, cavablar\u0131 da ham\u0131 d\u00fcnya klassikas\u0131nda \u2013 kimi Frans Kafkada, kimi Pelevin alleqiriyalar\u0131nda, kimisi daha q\u0259ddar verisya, Sorokin yarad\u0131c\u0131l\u0131\u011f\u0131, kimisi George Orwell\u2019in m\u0259\u015fhur \u201c1984\u201d-\u00fc, kimisi d\u0259 dahi Fran\u00e7ois Rabelais t\u0259r\u0259find\u0259n XVI \u0259srd\u0259 q\u0259l\u0259m\u0259 al\u0131nm\u0131\u015f \u00f6lm\u0259z \u201cQargantua v\u0259 Pantagruel\u201d \u0259s\u0259rind\u0259 tapm\u0131\u015fd\u0131.\n<\/p>\n<\/p>\n<figure class=\"wp-block-embed is-type-video is-provider-youtube wp-block-embed-youtube wp-embed-aspect-16-9 wp-has-aspect-ratio\">\n<div class=\"wp-block-embed__wrapper\">\n    <iframe\ttitle=\"\" width=\"1200\" height=\"675\" data-src=\"https:\/\/www.youtube.com\/embed\/watch?v=FEAN8xdVa2c\"\tframeborder=\"0\"\tallow=\"accelerometer; autoplay; clipboard-write; encrypted-media; gyroscope; picture-in-picture\" allowfullscreen src=\"data:image\/svg+xml;base64,PHN2ZyB3aWR0aD0iMSIgaGVpZ2h0PSIxIiB4bWxucz0iaHR0cDovL3d3dy53My5vcmcvMjAwMC9zdmciPjwvc3ZnPg==\" class=\"lazyload\" data-load-mode=\"1\"><\/iframe>\n  <\/div><figcaption><\/figcaption><\/figure>\n<p>\n  Deyirl\u0259r ki, he\u00e7 bir \u015fey t\u0259sad\u00fcf\u0259n olmur. Bu g\u00fcnl\u0259rd\u0259 facebookda #\u200eu\u015faql\u0131qkitablar\u0131m\u202c hashtag\u0131 yarad\u0131ld\u0131 v\u0259 bir \u00e7oxlar\u0131 u\u015faql\u0131\u011f\u0131n\u0131n sevimli kitablar\u0131n\u0131 bir daha xat\u0131rlad\u0131. Bu \u00e7a\u011f\u0131r\u0131\u015fa qo\u015fularaq m\u0259n d\u0259 bu xatir\u0259l\u0259ri b\u00f6l\u00fc\u015fd\u00fcm, orada u\u015faql\u0131qda \u00e7oxdan oxudu\u011fum, m\u0259n\u0259 \u00e7ox d\u0259rind\u0259n t\u0259sir etmi\u015f, amma kitab\u0131n v\u0259 m\u00fc\u0259llifinin ismini unutdu\u011fum bir \u0259s\u0259r d\u0259 vard\u0131. Dostlar\u0131n k\u00f6m\u0259yi il\u0259 xat\u0131rlad\u0131\u011f\u0131m\u0131z bu g\u00f6z\u0259l \u0259s\u0259rin ismini xat\u0131rlad\u0131q \u2013 bu m\u0259\u015fhur italiyal\u0131 m\u00fc\u0259llif Gianni Rodari\u2019nin 1959-cu ild\u0259 d\u0259rc etdiyi &#8220;Celsomino yalan\u00e7\u0131lar \u00f6lk\u0259sind\u0259&#8221; \u0259s\u0259ri idi.\n<\/p>\n<p>\n  U\u015faqlar \u00fc\u00e7\u00fcn q\u0259l\u0259m\u0259 al\u0131nm\u0131\u015f bu alleqorik \u0259s\u0259rin q\u0131sa m\u0259zmunu bel\u0259dir &#8211; Celsomino adl\u0131 balaca o\u011flan\u0131n (Celsomino-italyan dilind\u0259 \u201cyas\u0259m\u0259n\u201d dem\u0259kdir), anadang\u0259lm\u0259 \u00e7ox g\u00fccl\u00fc s\u0259si var, s\u0259sini bir azca qald\u0131ran kimi \u015f\u00fc\u015f\u0259l\u0259r s\u0131n\u0131r, a\u011faclardak\u0131 meyv\u0259l\u0259r t\u00f6k\u00fcl\u00fcr, h\u0259tta o, s\u0259sinin g\u00fcc\u00fc il\u0259 ist\u0259nil\u0259n divarlar\u0131 bel\u0259 da\u011f\u0131da, yen\u0259 bil\u0259rmi\u015f. Lakin bu s\u0259s onun ba\u015f\u0131na olmaz\u0131n b\u0259lalar g\u0259tirir, n\u0259hay\u0259t, g\u00fcnl\u0259rin bir g\u00fcn\u00fc Celsomino \u00e7\u0131x\u0131b getm\u0259y\u0259 m\u0259cbur olur v\u0259 g\u0259lib fantastik \u201cYalan\u00e7\u0131lar \u00d6lk\u0259sin\u0259\u201d \u00e7\u0131x\u0131r.\n<\/p>\n<p>\n  Buran\u0131n kral\u0131, \u00f6z d\u0259st\u0259si il\u0259 hakimiyy\u0259ti \u0259l\u0259 ke\u00e7irmi\u015f Cakomonun \u0259mri il\u0259 bu \u00f6lk\u0259d\u0259 h\u0259r k\u0259s, h\u0259tta heyvanlar da h\u0259r zaman yalan dan\u0131\u015fmal\u0131d\u0131rlar. Pi\u015fikl\u0259r h\u00fcrm\u0259li, itl\u0259r miyoldamal\u0131, atlar m\u0259l\u0259m\u0259li, in\u0259kl\u0259r is\u0259 ki\u015fn\u0259m\u0259lidirl\u0259r. U\u015faqlar m\u0259kt\u0259bd\u0259 vurma c\u0259dv\u0259lini t\u0259rsin\u0259 \u00f6yr\u0259nm\u0259kd\u0259dirl\u0259r. \u00d6lk\u0259d\u0259 he\u00e7 bir \u015fey \u00f6z ad\u0131nda deyil. \u00c7\u00f6r\u0259k d\u00fckan\u0131nda d\u0259ft\u0259r-q\u0259l\u0259m, d\u0259ft\u0259r-q\u0259l\u0259m d\u00fckan\u0131nda \u00e7\u00f6r\u0259k sat\u0131l\u0131r. Al\u0131\u015f-veri\u015f \u00fc\u00e7\u00fcn yaln\u0131z saxta \u0259skinaslar i\u015fl\u0259m\u0259li, r\u0259ssam atlar\u0131 13 ayaql\u0131, d\u0259v\u0259ni be\u015f be\u015f k\u00fcv\u0259nli, portretl\u0259ri 6 g\u00f6z v\u0259 3 burunlu \u00e7\u0259lm\u0259lidir. B\u00fct\u00fcn hadis\u0259l\u0259r haqda (t\u0259bii ki, t\u0259rsin\u0259 yaz\u0131lm\u0131\u015f) m\u0259lumat\u0131 insanlar yaln\u0131z \u201cN\u00fcmun\u0259vi yalan\u00e7\u0131\u201d q\u0259zetind\u0259n oxuya bil\u0259rdil\u0259r.\n<\/p>\n<p>\n  Q\u0131sas\u0131, bu \u00f6lk\u0259 ba\u015fdan-ba\u015fa yalan i\u00e7\u0259risind\u0259dir.\n<\/p>\n<p>\n  Celsomino g\u00fccl\u00fc s\u0259si il\u0259 divara t\u0259ba\u015firl\u0259 \u00e7\u0259klimi\u015f \u00fc\u00e7ayaql\u0131 (bu \u00fczd\u0259n onun ad\u0131 \u201caxsaq\u201d, orijinalda Zoppino olur) bir pi\u015fiyin divardan qopub canl\u0131 bir pi\u015fiy\u0259 \u00e7evrilm\u0259sin\u0259 s\u0259b\u0259b olur. Sonra is\u0259 onunla v\u0259 ba\u015fqa personajlarla (Pannocchia xala, divarda \u00fc\u00e7ayaql\u0131 pi\u015fiyi \u00e7\u0259kmi\u015f q\u0131z Romoletta, r\u0259ssam Bananito, maestro Domisol v\u0259 s.) birlikd\u0259 \u201cYalan\u00e7\u0131lar \u00d6lk\u0259sind\u0259\u201d ba\u015flar\u0131na olmaz\u0131n hadis\u0259l\u0259r g\u0259lir. M\u0259lum olur ki, b\u00fct\u00fcn bunlar\u0131n s\u0259b\u0259bi, kral Cakomonun daz oldu\u011funa g\u00f6r\u0259 nar\u0131nc\u0131 parikd\u0259 g\u0259zm\u0259si imi\u015f.\n<\/p>\n<p>\n  B\u00fct\u00fcn u\u015faq kitablar\u0131nda oldu\u011fu kimi, burada da \u0259n sonda Celsomino dostlar\u0131 il\u0259 birlikd\u0259 \u201cYalan\u00e7\u0131alr \u00d6lk\u0259sind\u0259\u201d h\u0259qiq\u0259tin qalib g\u0259lm\u0259sin\u0259 nail olur: bel\u0259 ki, Celsomino \u00f6z g\u00fccl\u00fc s\u0259si il\u0259 m\u0259\u015fhur m\u00fc\u011f\u0259nniy\u0259 \u00e7evrilir, kral Cakomon is\u0259 dazlar klubunun s\u0259dri olur.\n<\/p>\n<p>\n  U\u015faq \u0259d\u0259biyyat\u0131 do\u011frudan da \u00f6z\u00fcnd\u0259 \u00e7ox g\u00fccl\u00fc alleqorik v\u0259 m\u0259n\u0259vi y\u00fck da\u015f\u0131y\u0131rm\u0131\u015f.\n<\/p>\n<\/p>\n<figure class=\"wp-block-image size-large\">\n  <img decoding=\"async\" src=\"https:\/\/www.meydan.tv\/az\/30701\/\" alt=\"\" class=\"wp-image-30701\"\/><figcaption><\/figcaption><\/figure><\/p>\n","protected":false},"excerpt":{"rendered":"<p>\u201cN\u00fcmun\u0259vi yalan\u00e7\u0131\u201d q\u0259zeti&#8230;<\/p>\n","protected":false},"author":11,"featured_media":30695,"comment_status":"closed","ping_status":"open","sticky":false,"template":"","format":"standard","meta":{"_acf_changed":false,"_sitemap_exclude":false,"_sitemap_priority":"","_sitemap_frequency":"","footnotes":""},"categories":[57],"tags":[],"class_list":["post-169226","post","type-post","status-publish","format-standard","has-post-thumbnail","hentry","category-menim-fikrimce","infinite-scroll-item","generate-columns","tablet-grid-50","mobile-grid-100","grid-parent","grid-33","no-featured-image-padding"],"acf":[],"yoast_head":"<!-- This site is optimized with the Yoast SEO plugin v27.5 - https:\/\/yoast.com\/product\/yoast-seo-wordpress\/ -->\n<title>Celsomino yalan\u00e7\u0131lar \u00f6lk\u0259sind\u0259 - MEYDAN.TV<\/title>\n<meta name=\"robots\" content=\"index, follow, max-snippet:-1, max-image-preview:large, max-video-preview:-1\" \/>\n<link rel=\"canonical\" href=\"https:\/\/www.meydan.tv\/az\/article\/celsomino-yalancilar-olkesinde\/\" \/>\n<meta property=\"og:locale\" content=\"az_AZ\" \/>\n<meta property=\"og:type\" content=\"article\" \/>\n<meta property=\"og:title\" content=\"Celsomino yalan\u00e7\u0131lar \u00f6lk\u0259sind\u0259 - MEYDAN.TV\" \/>\n<meta property=\"og:description\" content=\"\u201cN\u00fcmun\u0259vi yalan\u00e7\u0131\u201d q\u0259zeti...\" \/>\n<meta property=\"og:url\" content=\"https:\/\/www.meydan.tv\/az\/article\/celsomino-yalancilar-olkesinde\/\" \/>\n<meta property=\"og:site_name\" content=\"MEYDAN.TV\" \/>\n<meta property=\"article:published_time\" content=\"2015-08-02T02:53:23+00:00\" \/>\n<meta property=\"og:image\" content=\"https:\/\/www.meydan.tv\/wp-content\/uploads\/11424.jpg\" \/>\n\t<meta property=\"og:image:width\" content=\"500\" \/>\n\t<meta property=\"og:image:height\" content=\"500\" \/>\n\t<meta property=\"og:image:type\" content=\"image\/jpeg\" \/>\n<meta name=\"author\" content=\"user-manager\" \/>\n<meta name=\"twitter:card\" content=\"summary_large_image\" \/>\n<script type=\"application\/ld+json\" class=\"yoast-schema-graph\">{\"@context\":\"https:\\\/\\\/schema.org\",\"@graph\":[{\"@type\":\"Article\",\"@id\":\"https:\\\/\\\/www.meydan.tv\\\/az\\\/article\\\/celsomino-yalancilar-olkesinde\\\/#article\",\"isPartOf\":{\"@id\":\"https:\\\/\\\/www.meydan.tv\\\/az\\\/article\\\/celsomino-yalancilar-olkesinde\\\/\"},\"author\":{\"name\":\"user-manager\",\"@id\":\"https:\\\/\\\/www.meydan.tv\\\/az\\\/#\\\/schema\\\/person\\\/10d11eccf6da3662cf5fdab9806ea91a\"},\"headline\":\"Celsomino yalan\u00e7\u0131lar \u00f6lk\u0259sind\u0259\",\"datePublished\":\"2015-08-02T02:53:23+00:00\",\"mainEntityOfPage\":{\"@id\":\"https:\\\/\\\/www.meydan.tv\\\/az\\\/article\\\/celsomino-yalancilar-olkesinde\\\/\"},\"wordCount\":1264,\"publisher\":{\"@id\":\"https:\\\/\\\/www.meydan.tv\\\/az\\\/#organization\"},\"image\":{\"@id\":\"https:\\\/\\\/www.meydan.tv\\\/az\\\/article\\\/celsomino-yalancilar-olkesinde\\\/#primaryimage\"},\"thumbnailUrl\":\"https:\\\/\\\/www.meydan.tv\\\/wp-content\\\/uploads\\\/11424.jpg\",\"articleSection\":[\"M\u0259nim Fikrimc\u0259\"],\"inLanguage\":\"az\"},{\"@type\":\"WebPage\",\"@id\":\"https:\\\/\\\/www.meydan.tv\\\/az\\\/article\\\/celsomino-yalancilar-olkesinde\\\/\",\"url\":\"https:\\\/\\\/www.meydan.tv\\\/az\\\/article\\\/celsomino-yalancilar-olkesinde\\\/\",\"name\":\"Celsomino yalan\u00e7\u0131lar \u00f6lk\u0259sind\u0259 - MEYDAN.TV\",\"isPartOf\":{\"@id\":\"https:\\\/\\\/www.meydan.tv\\\/az\\\/#website\"},\"primaryImageOfPage\":{\"@id\":\"https:\\\/\\\/www.meydan.tv\\\/az\\\/article\\\/celsomino-yalancilar-olkesinde\\\/#primaryimage\"},\"image\":{\"@id\":\"https:\\\/\\\/www.meydan.tv\\\/az\\\/article\\\/celsomino-yalancilar-olkesinde\\\/#primaryimage\"},\"thumbnailUrl\":\"https:\\\/\\\/www.meydan.tv\\\/wp-content\\\/uploads\\\/11424.jpg\",\"datePublished\":\"2015-08-02T02:53:23+00:00\",\"breadcrumb\":{\"@id\":\"https:\\\/\\\/www.meydan.tv\\\/az\\\/article\\\/celsomino-yalancilar-olkesinde\\\/#breadcrumb\"},\"inLanguage\":\"az\",\"potentialAction\":[{\"@type\":\"ReadAction\",\"target\":[\"https:\\\/\\\/www.meydan.tv\\\/az\\\/article\\\/celsomino-yalancilar-olkesinde\\\/\"]}]},{\"@type\":\"ImageObject\",\"inLanguage\":\"az\",\"@id\":\"https:\\\/\\\/www.meydan.tv\\\/az\\\/article\\\/celsomino-yalancilar-olkesinde\\\/#primaryimage\",\"url\":\"https:\\\/\\\/www.meydan.tv\\\/wp-content\\\/uploads\\\/11424.jpg\",\"contentUrl\":\"https:\\\/\\\/www.meydan.tv\\\/wp-content\\\/uploads\\\/11424.jpg\",\"width\":500,\"height\":500,\"caption\":\"Source:\"},{\"@type\":\"BreadcrumbList\",\"@id\":\"https:\\\/\\\/www.meydan.tv\\\/az\\\/article\\\/celsomino-yalancilar-olkesinde\\\/#breadcrumb\",\"itemListElement\":[{\"@type\":\"ListItem\",\"position\":1,\"name\":\"Ana s\u0259hif\u0259\",\"item\":\"https:\\\/\\\/www.meydan.tv\\\/az\\\/\"},{\"@type\":\"ListItem\",\"position\":2,\"name\":\"M\u0259nim Fikrimc\u0259\",\"item\":\"https:\\\/\\\/www.meydan.tv\\\/az\\\/section\\\/menim-fikrimce\\\/\"},{\"@type\":\"ListItem\",\"position\":3,\"name\":\"Celsomino yalan\u00e7\u0131lar \u00f6lk\u0259sind\u0259\"}]},{\"@type\":\"WebSite\",\"@id\":\"https:\\\/\\\/www.meydan.tv\\\/az\\\/#website\",\"url\":\"https:\\\/\\\/www.meydan.tv\\\/az\\\/\",\"name\":\"MEYDAN.TV\",\"description\":\"Meydan TV Az\u0259rbaycan\u0131n media m\u0259kan\u0131ndak\u0131 alternativ s\u0259sidir\",\"publisher\":{\"@id\":\"https:\\\/\\\/www.meydan.tv\\\/az\\\/#organization\"},\"potentialAction\":[{\"@type\":\"SearchAction\",\"target\":{\"@type\":\"EntryPoint\",\"urlTemplate\":\"https:\\\/\\\/www.meydan.tv\\\/az\\\/?s={search_term_string}\"},\"query-input\":{\"@type\":\"PropertyValueSpecification\",\"valueRequired\":true,\"valueName\":\"search_term_string\"}}],\"inLanguage\":\"az\"},{\"@type\":\"Organization\",\"@id\":\"https:\\\/\\\/www.meydan.tv\\\/az\\\/#organization\",\"name\":\"Meydan TV\",\"url\":\"https:\\\/\\\/www.meydan.tv\\\/az\\\/\",\"logo\":{\"@type\":\"ImageObject\",\"inLanguage\":\"az\",\"@id\":\"https:\\\/\\\/www.meydan.tv\\\/az\\\/#\\\/schema\\\/logo\\\/image\\\/\",\"url\":\"https:\\\/\\\/www.meydan.tv\\\/wp-content\\\/uploads\\\/2021\\\/07\\\/meydan-logo.svg\",\"contentUrl\":\"https:\\\/\\\/www.meydan.tv\\\/wp-content\\\/uploads\\\/2021\\\/07\\\/meydan-logo.svg\",\"width\":195,\"height\":46,\"caption\":\"Meydan TV\"},\"image\":{\"@id\":\"https:\\\/\\\/www.meydan.tv\\\/az\\\/#\\\/schema\\\/logo\\\/image\\\/\"}},{\"@type\":\"Person\",\"@id\":\"https:\\\/\\\/www.meydan.tv\\\/az\\\/#\\\/schema\\\/person\\\/10d11eccf6da3662cf5fdab9806ea91a\",\"name\":\"user-manager\"}]}<\/script>\n<!-- \/ Yoast SEO plugin. -->","yoast_head_json":{"title":"Celsomino yalan\u00e7\u0131lar \u00f6lk\u0259sind\u0259 - MEYDAN.TV","robots":{"index":"index","follow":"follow","max-snippet":"max-snippet:-1","max-image-preview":"max-image-preview:large","max-video-preview":"max-video-preview:-1"},"canonical":"https:\/\/www.meydan.tv\/az\/article\/celsomino-yalancilar-olkesinde\/","og_locale":"az_AZ","og_type":"article","og_title":"Celsomino yalan\u00e7\u0131lar \u00f6lk\u0259sind\u0259 - MEYDAN.TV","og_description":"\u201cN\u00fcmun\u0259vi yalan\u00e7\u0131\u201d q\u0259zeti...","og_url":"https:\/\/www.meydan.tv\/az\/article\/celsomino-yalancilar-olkesinde\/","og_site_name":"MEYDAN.TV","article_published_time":"2015-08-02T02:53:23+00:00","og_image":[{"width":500,"height":500,"url":"https:\/\/www.meydan.tv\/wp-content\/uploads\/11424.jpg","type":"image\/jpeg"}],"author":"user-manager","twitter_card":"summary_large_image","schema":{"@context":"https:\/\/schema.org","@graph":[{"@type":"Article","@id":"https:\/\/www.meydan.tv\/az\/article\/celsomino-yalancilar-olkesinde\/#article","isPartOf":{"@id":"https:\/\/www.meydan.tv\/az\/article\/celsomino-yalancilar-olkesinde\/"},"author":{"name":"user-manager","@id":"https:\/\/www.meydan.tv\/az\/#\/schema\/person\/10d11eccf6da3662cf5fdab9806ea91a"},"headline":"Celsomino yalan\u00e7\u0131lar \u00f6lk\u0259sind\u0259","datePublished":"2015-08-02T02:53:23+00:00","mainEntityOfPage":{"@id":"https:\/\/www.meydan.tv\/az\/article\/celsomino-yalancilar-olkesinde\/"},"wordCount":1264,"publisher":{"@id":"https:\/\/www.meydan.tv\/az\/#organization"},"image":{"@id":"https:\/\/www.meydan.tv\/az\/article\/celsomino-yalancilar-olkesinde\/#primaryimage"},"thumbnailUrl":"https:\/\/www.meydan.tv\/wp-content\/uploads\/11424.jpg","articleSection":["M\u0259nim Fikrimc\u0259"],"inLanguage":"az"},{"@type":"WebPage","@id":"https:\/\/www.meydan.tv\/az\/article\/celsomino-yalancilar-olkesinde\/","url":"https:\/\/www.meydan.tv\/az\/article\/celsomino-yalancilar-olkesinde\/","name":"Celsomino yalan\u00e7\u0131lar \u00f6lk\u0259sind\u0259 - MEYDAN.TV","isPartOf":{"@id":"https:\/\/www.meydan.tv\/az\/#website"},"primaryImageOfPage":{"@id":"https:\/\/www.meydan.tv\/az\/article\/celsomino-yalancilar-olkesinde\/#primaryimage"},"image":{"@id":"https:\/\/www.meydan.tv\/az\/article\/celsomino-yalancilar-olkesinde\/#primaryimage"},"thumbnailUrl":"https:\/\/www.meydan.tv\/wp-content\/uploads\/11424.jpg","datePublished":"2015-08-02T02:53:23+00:00","breadcrumb":{"@id":"https:\/\/www.meydan.tv\/az\/article\/celsomino-yalancilar-olkesinde\/#breadcrumb"},"inLanguage":"az","potentialAction":[{"@type":"ReadAction","target":["https:\/\/www.meydan.tv\/az\/article\/celsomino-yalancilar-olkesinde\/"]}]},{"@type":"ImageObject","inLanguage":"az","@id":"https:\/\/www.meydan.tv\/az\/article\/celsomino-yalancilar-olkesinde\/#primaryimage","url":"https:\/\/www.meydan.tv\/wp-content\/uploads\/11424.jpg","contentUrl":"https:\/\/www.meydan.tv\/wp-content\/uploads\/11424.jpg","width":500,"height":500,"caption":"Source:"},{"@type":"BreadcrumbList","@id":"https:\/\/www.meydan.tv\/az\/article\/celsomino-yalancilar-olkesinde\/#breadcrumb","itemListElement":[{"@type":"ListItem","position":1,"name":"Ana s\u0259hif\u0259","item":"https:\/\/www.meydan.tv\/az\/"},{"@type":"ListItem","position":2,"name":"M\u0259nim Fikrimc\u0259","item":"https:\/\/www.meydan.tv\/az\/section\/menim-fikrimce\/"},{"@type":"ListItem","position":3,"name":"Celsomino yalan\u00e7\u0131lar \u00f6lk\u0259sind\u0259"}]},{"@type":"WebSite","@id":"https:\/\/www.meydan.tv\/az\/#website","url":"https:\/\/www.meydan.tv\/az\/","name":"MEYDAN.TV","description":"Meydan TV Az\u0259rbaycan\u0131n media m\u0259kan\u0131ndak\u0131 alternativ s\u0259sidir","publisher":{"@id":"https:\/\/www.meydan.tv\/az\/#organization"},"potentialAction":[{"@type":"SearchAction","target":{"@type":"EntryPoint","urlTemplate":"https:\/\/www.meydan.tv\/az\/?s={search_term_string}"},"query-input":{"@type":"PropertyValueSpecification","valueRequired":true,"valueName":"search_term_string"}}],"inLanguage":"az"},{"@type":"Organization","@id":"https:\/\/www.meydan.tv\/az\/#organization","name":"Meydan TV","url":"https:\/\/www.meydan.tv\/az\/","logo":{"@type":"ImageObject","inLanguage":"az","@id":"https:\/\/www.meydan.tv\/az\/#\/schema\/logo\/image\/","url":"https:\/\/www.meydan.tv\/wp-content\/uploads\/2021\/07\/meydan-logo.svg","contentUrl":"https:\/\/www.meydan.tv\/wp-content\/uploads\/2021\/07\/meydan-logo.svg","width":195,"height":46,"caption":"Meydan TV"},"image":{"@id":"https:\/\/www.meydan.tv\/az\/#\/schema\/logo\/image\/"}},{"@type":"Person","@id":"https:\/\/www.meydan.tv\/az\/#\/schema\/person\/10d11eccf6da3662cf5fdab9806ea91a","name":"user-manager"}]}},"_links":{"self":[{"href":"https:\/\/www.meydan.tv\/az\/wp-json\/wp\/v2\/posts\/169226","targetHints":{"allow":["GET"]}}],"collection":[{"href":"https:\/\/www.meydan.tv\/az\/wp-json\/wp\/v2\/posts"}],"about":[{"href":"https:\/\/www.meydan.tv\/az\/wp-json\/wp\/v2\/types\/post"}],"author":[{"embeddable":true,"href":"https:\/\/www.meydan.tv\/az\/wp-json\/wp\/v2\/users\/11"}],"replies":[{"embeddable":true,"href":"https:\/\/www.meydan.tv\/az\/wp-json\/wp\/v2\/comments?post=169226"}],"version-history":[{"count":0,"href":"https:\/\/www.meydan.tv\/az\/wp-json\/wp\/v2\/posts\/169226\/revisions"}],"wp:featuredmedia":[{"embeddable":true,"href":"https:\/\/www.meydan.tv\/az\/wp-json\/wp\/v2\/media\/30695"}],"wp:attachment":[{"href":"https:\/\/www.meydan.tv\/az\/wp-json\/wp\/v2\/media?parent=169226"}],"wp:term":[{"taxonomy":"category","embeddable":true,"href":"https:\/\/www.meydan.tv\/az\/wp-json\/wp\/v2\/categories?post=169226"},{"taxonomy":"post_tag","embeddable":true,"href":"https:\/\/www.meydan.tv\/az\/wp-json\/wp\/v2\/tags?post=169226"}],"curies":[{"name":"wp","href":"https:\/\/api.w.org\/{rel}","templated":true}]}}