{"id":169212,"date":"2015-08-01T03:55:26","date_gmt":"2015-08-01T03:55:26","guid":{"rendered":"https:\/\/www.meydan.tv\/article\/menim-sozum-dirileredir\/"},"modified":"2015-08-01T03:55:26","modified_gmt":"2015-08-01T03:55:26","slug":"menim-sozum-dirileredir","status":"publish","type":"post","link":"https:\/\/www.meydan.tv\/az\/article\/menim-sozum-dirileredir\/","title":{"rendered":"M\u0259nim s\u00f6z\u00fcm diril\u0259r\u0259dir!"},"content":{"rendered":"<figure class=\"wp-block-image size-large\">\n  <img decoding=\"async\" src=\"https:\/\/www.meydan.tv\/az\/30608\/\" alt=\"\" class=\"wp-image-30608\"\/><figcaption><\/figcaption><\/figure>\n<figure class=\"wp-block-image size-large\">\n  <img decoding=\"async\" src=\"https:\/\/www.meydan.tv\/az\/30611\/\" alt=\"\" class=\"wp-image-30611\"\/><figcaption><\/figcaption><\/figure>\n<p>\n  Bu g\u00fcn art\u0131q g\u00fcl\u0259 bilmir\u0259m.<br \/>\n  <br \/>\n  Faci\u0259 g\u00fcl\u00fc\u015f\u0259 qalib g\u0259ldi. S\u00f6zsuz ki, ba\u015f ver\u0259nl\u0259r b\u00f6y\u00fck bir faci\u0259dir. Bunlar bir insan\u0131n ail\u0259sin\u0259 bu q\u0259d\u0259r z\u0259rb\u0259l\u0259r endirirl\u0259r. Sad\u0259 v\u0259 g\u00fcnahs\u0131z insanlar\u0131 tam m\u0259hv etm\u0259k ist\u0259yirl\u0259r. Bunlar\u0131n etdikl\u0259ri m\u0259n\u0259 he\u00e7 t\u0259sir d\u0259 etmir, amma \u0259traf\u0131mda olan insanlar\u0131 qorxudurlar, al\u00e7ald\u0131rlar, qohumlar\u0131ndan imtina etm\u0259y\u0259 m\u0259cbur edirl\u0259r, l\u0259yaq\u0259tl\u0259rini \u0259ll\u0259rind\u0259n almaq ist\u0259yirl\u0259r, insanlar\u0131 h\u0259bsl\u0259rl\u0259 v\u0259 \u00f6l\u00fcml\u0259 h\u0259d\u0259l\u0259yirl\u0259r.\n<\/p>\n<p>\n  Bu m\u00fcbariz\u0259d\u0259 \u00f6l\u00fcm m\u0259nim \u00fc\u00e7\u00fcn n\u00f6vb\u0259ti bir m\u0259rh\u0259l\u0259dir v\u0259 m\u0259n buna \u00e7oxdan haz\u0131ram. \u015e\u0259rl\u0259 xeyirin tarixi m\u00fcbariz\u0259si gedir, h\u0259r \u015fey g\u00fcn kimi ayd\u0131nd\u0131r. Kimin kim oldu\u011fu b\u0259llidir. Amma \u0259trafdak\u0131lar bu faci\u0259 haqq\u0131nda yazma\u011fa v\u0259 ciddi dan\u0131\u015fma\u011fa bel\u0259 qorxurlar, yazanda da bel\u0259 m\u0259nas\u0131z m\u00f6vqel\u0259r v\u0259 \u015fit zarafatlar bel\u0259 yaz\u0131larda v\u0259 \u015f\u0259rhl\u0259rd\u0259 bol olur.\n<\/p>\n<p>\n  M\u0259nim s\u00f6z\u00fcm m\u00f6vqesizl\u0259r\u0259, qorxanlara, h\u00f6kum\u0259t\u0259, \u00fcm\u00fcmiyy\u0259tl\u0259, \u00f6l\u00fcl\u0259r\u0259 deyil. Onlara dey\u0259c\u0259kl\u0259rimi g\u00fcl\u0259r\u0259k d\u00fcn\u0259n dedim. M\u0259nim s\u00f6z\u00fcm diril\u0259r\u0259dir. Son iki il \u0259rzind\u0259 Meydan Tv \u00e7ox b\u00f6y\u00fck bir yol ke\u00e7ib. \u0130\u015fimiz bar\u0259sind\u0259, onun t\u0259siri v\u0259 g\u00fcc\u00fc haqq\u0131nda indi esse yazmaq fikrim, h\u0259v\u0259sim v\u0259 vaxt\u0131m yoxdur. Bil\u0259n bilir v\u0259 g\u00f6r\u0259n g\u00f6r\u00fcr.\n<\/p>\n<p>\n  Amma hesab edir\u0259m ki, g\u00f6r\u00fcl\u0259n i\u015fl\u0259r h\u0259l\u0259 ist\u0259nil\u0259n s\u0259viyy\u0259d\u0259 deyil. N\u00f6qsanlar v\u0259 probleml\u0259r \u00e7oxdur. Bu h\u0259m d\u0259 biziml\u0259 \u0259m\u0259kda\u015fl\u0131qdan qa\u00e7an, \u00e7\u0259kin\u0259n ictimai fiqurlar\u0131n, jurnalistl\u0259rin, dostlar\u0131n, ekspertl\u0259rin, v\u0259t\u0259nda\u015flar\u0131n g\u00fcnah\u0131d\u0131r. M\u0259n\u0259 bu g\u00fcn Sizin d\u0259st\u0259yiniz laz\u0131md\u0131r. Meydan TV-ni yeni m\u0259rh\u0259l\u0259y\u0259 qald\u0131rmaq \u00fc\u00e7\u00fcn m\u0259n\u0259 Sizin c\u0259sar\u0259tiniz, d\u0259st\u0259yiniz, vaxt\u0131n\u0131z, istedad\u0131n\u0131z, intellektiniz, pulunuz v\u0259 enerjiniz laz\u0131md\u0131r.\n<\/p>\n<p>\n  M\u0259n 2005-ci ild\u0259 \u00f6z\u00fcm\u00fcn v\u0259 Sizin azadl\u0131\u011f\u0131n\u0131z u\u011frunda m\u00fcbariz\u0259y\u0259 qo\u015fulanda, Elmar H\u00fcseynovun \u00f6ld\u00fcr\u00fclm\u0259sin\u0259 g\u00f6r\u0259 qo\u015fuldum. M\u0259n gecikdim v\u0259 o zaman Elmara k\u00f6m\u0259k ed\u0259 bilm\u0259dim. \u00c7ox gec ay\u0131ld\u0131m. Buna g\u00f6r\u0259, bu g\u00fcn \u00e7ox pe\u015fmanam. Amma ill\u0259r sonra onun ruhunu \u015fad ed\u0259n bir i\u015f qurmaq m\u0259n\u0259 qism\u0259t oldu. S\u0130zd\u0259n is\u0259 indi bu i\u015fi yaln\u0131z d\u0259st\u0259kl\u0259m\u0259k v\u0259 inki\u015faf etdirm\u0259k xahi\u015f olunur.\u00a0Biz indi on minl\u0259rl\u0259 insana d\u0259qiq informasiya \u00e7atd\u0131ra bilirik, amma ist\u0259yirik ki, bizi milyonlarla insan izl\u0259sin. M\u0259n\u0259 vurulan b\u00fct\u00fcn z\u0259rb\u0259l\u0259r d\u0259 buna g\u00f6r\u0259dir.\n<\/p>\n<p>\n  M\u00fcst\u0259qil medias\u0131 olmayan mill\u0259t k\u00f6l\u0259liy\u0259 v\u0259 c\u0259hal\u0259t\u0259 m\u0259hk\u00fcmdur. M\u00fcst\u0259qil median\u0131z\u0131 d\u0259st\u0259kl\u0259yin ki, bu mill\u0259ti k\u00f6l\u0259likd\u0259n xilas ed\u0259k.\n<\/p>\n<p>\n  Sizin v\u0259 bizim azadl\u0131\u011f\u0131m\u0131z u\u011frunda!\n<\/p>\n<p>\n  31 \u0130yul, 2015<\/p>\n","protected":false},"excerpt":{"rendered":"<p>D\u00fcn\u0259n g\u00fclm\u0259kd\u0259n ba\u015fqa he\u00e7 n\u0259y\u0259 g\u00fcc\u00fcm \u00e7atmad\u0131.<\/p>\n","protected":false},"author":11,"featured_media":30608,"comment_status":"closed","ping_status":"open","sticky":false,"template":"","format":"standard","meta":{"_acf_changed":false,"_sitemap_exclude":false,"_sitemap_priority":"","_sitemap_frequency":"","footnotes":""},"categories":[57],"tags":[],"class_list":["post-169212","post","type-post","status-publish","format-standard","has-post-thumbnail","hentry","category-menim-fikrimce","infinite-scroll-item","generate-columns","tablet-grid-50","mobile-grid-100","grid-parent","grid-33","no-featured-image-padding"],"acf":[],"yoast_head":"<!-- This site is optimized with the Yoast SEO plugin v27.5 - https:\/\/yoast.com\/product\/yoast-seo-wordpress\/ -->\n<title>M\u0259nim s\u00f6z\u00fcm diril\u0259r\u0259dir! - MEYDAN.TV<\/title>\n<meta name=\"robots\" content=\"index, follow, max-snippet:-1, max-image-preview:large, max-video-preview:-1\" \/>\n<link rel=\"canonical\" href=\"https:\/\/www.meydan.tv\/az\/article\/menim-sozum-dirileredir\/\" \/>\n<meta property=\"og:locale\" content=\"az_AZ\" \/>\n<meta property=\"og:type\" content=\"article\" \/>\n<meta property=\"og:title\" content=\"M\u0259nim s\u00f6z\u00fcm diril\u0259r\u0259dir! - MEYDAN.TV\" \/>\n<meta property=\"og:description\" content=\"D\u00fcn\u0259n g\u00fclm\u0259kd\u0259n ba\u015fqa he\u00e7 n\u0259y\u0259 g\u00fcc\u00fcm \u00e7atmad\u0131.\" \/>\n<meta property=\"og:url\" content=\"https:\/\/www.meydan.tv\/az\/article\/menim-sozum-dirileredir\/\" \/>\n<meta property=\"og:site_name\" content=\"MEYDAN.TV\" \/>\n<meta property=\"article:published_time\" content=\"2015-08-01T03:55:26+00:00\" \/>\n<meta property=\"og:image\" content=\"https:\/\/www.meydan.tv\/wp-content\/uploads\/11403.jpg\" \/>\n\t<meta property=\"og:image:width\" content=\"500\" \/>\n\t<meta property=\"og:image:height\" content=\"500\" \/>\n\t<meta property=\"og:image:type\" content=\"image\/jpeg\" \/>\n<meta name=\"author\" content=\"user-manager\" \/>\n<meta name=\"twitter:card\" content=\"summary_large_image\" \/>\n<script type=\"application\/ld+json\" class=\"yoast-schema-graph\">{\"@context\":\"https:\\\/\\\/schema.org\",\"@graph\":[{\"@type\":\"Article\",\"@id\":\"https:\\\/\\\/www.meydan.tv\\\/az\\\/article\\\/menim-sozum-dirileredir\\\/#article\",\"isPartOf\":{\"@id\":\"https:\\\/\\\/www.meydan.tv\\\/az\\\/article\\\/menim-sozum-dirileredir\\\/\"},\"author\":{\"name\":\"user-manager\",\"@id\":\"https:\\\/\\\/www.meydan.tv\\\/az\\\/#\\\/schema\\\/person\\\/10d11eccf6da3662cf5fdab9806ea91a\"},\"headline\":\"M\u0259nim s\u00f6z\u00fcm diril\u0259r\u0259dir!\",\"datePublished\":\"2015-08-01T03:55:26+00:00\",\"mainEntityOfPage\":{\"@id\":\"https:\\\/\\\/www.meydan.tv\\\/az\\\/article\\\/menim-sozum-dirileredir\\\/\"},\"wordCount\":566,\"publisher\":{\"@id\":\"https:\\\/\\\/www.meydan.tv\\\/az\\\/#organization\"},\"image\":{\"@id\":\"https:\\\/\\\/www.meydan.tv\\\/az\\\/article\\\/menim-sozum-dirileredir\\\/#primaryimage\"},\"thumbnailUrl\":\"https:\\\/\\\/www.meydan.tv\\\/wp-content\\\/uploads\\\/11403.jpg\",\"articleSection\":[\"M\u0259nim Fikrimc\u0259\"],\"inLanguage\":\"az\"},{\"@type\":\"WebPage\",\"@id\":\"https:\\\/\\\/www.meydan.tv\\\/az\\\/article\\\/menim-sozum-dirileredir\\\/\",\"url\":\"https:\\\/\\\/www.meydan.tv\\\/az\\\/article\\\/menim-sozum-dirileredir\\\/\",\"name\":\"M\u0259nim s\u00f6z\u00fcm diril\u0259r\u0259dir! - MEYDAN.TV\",\"isPartOf\":{\"@id\":\"https:\\\/\\\/www.meydan.tv\\\/az\\\/#website\"},\"primaryImageOfPage\":{\"@id\":\"https:\\\/\\\/www.meydan.tv\\\/az\\\/article\\\/menim-sozum-dirileredir\\\/#primaryimage\"},\"image\":{\"@id\":\"https:\\\/\\\/www.meydan.tv\\\/az\\\/article\\\/menim-sozum-dirileredir\\\/#primaryimage\"},\"thumbnailUrl\":\"https:\\\/\\\/www.meydan.tv\\\/wp-content\\\/uploads\\\/11403.jpg\",\"datePublished\":\"2015-08-01T03:55:26+00:00\",\"breadcrumb\":{\"@id\":\"https:\\\/\\\/www.meydan.tv\\\/az\\\/article\\\/menim-sozum-dirileredir\\\/#breadcrumb\"},\"inLanguage\":\"az\",\"potentialAction\":[{\"@type\":\"ReadAction\",\"target\":[\"https:\\\/\\\/www.meydan.tv\\\/az\\\/article\\\/menim-sozum-dirileredir\\\/\"]}]},{\"@type\":\"ImageObject\",\"inLanguage\":\"az\",\"@id\":\"https:\\\/\\\/www.meydan.tv\\\/az\\\/article\\\/menim-sozum-dirileredir\\\/#primaryimage\",\"url\":\"https:\\\/\\\/www.meydan.tv\\\/wp-content\\\/uploads\\\/11403.jpg\",\"contentUrl\":\"https:\\\/\\\/www.meydan.tv\\\/wp-content\\\/uploads\\\/11403.jpg\",\"width\":500,\"height\":500,\"caption\":\"Source:\"},{\"@type\":\"BreadcrumbList\",\"@id\":\"https:\\\/\\\/www.meydan.tv\\\/az\\\/article\\\/menim-sozum-dirileredir\\\/#breadcrumb\",\"itemListElement\":[{\"@type\":\"ListItem\",\"position\":1,\"name\":\"Ana s\u0259hif\u0259\",\"item\":\"https:\\\/\\\/www.meydan.tv\\\/az\\\/\"},{\"@type\":\"ListItem\",\"position\":2,\"name\":\"M\u0259nim Fikrimc\u0259\",\"item\":\"https:\\\/\\\/www.meydan.tv\\\/az\\\/section\\\/menim-fikrimce\\\/\"},{\"@type\":\"ListItem\",\"position\":3,\"name\":\"M\u0259nim s\u00f6z\u00fcm diril\u0259r\u0259dir!\"}]},{\"@type\":\"WebSite\",\"@id\":\"https:\\\/\\\/www.meydan.tv\\\/az\\\/#website\",\"url\":\"https:\\\/\\\/www.meydan.tv\\\/az\\\/\",\"name\":\"MEYDAN.TV\",\"description\":\"Meydan TV Az\u0259rbaycan\u0131n media m\u0259kan\u0131ndak\u0131 alternativ s\u0259sidir\",\"publisher\":{\"@id\":\"https:\\\/\\\/www.meydan.tv\\\/az\\\/#organization\"},\"potentialAction\":[{\"@type\":\"SearchAction\",\"target\":{\"@type\":\"EntryPoint\",\"urlTemplate\":\"https:\\\/\\\/www.meydan.tv\\\/az\\\/?s={search_term_string}\"},\"query-input\":{\"@type\":\"PropertyValueSpecification\",\"valueRequired\":true,\"valueName\":\"search_term_string\"}}],\"inLanguage\":\"az\"},{\"@type\":\"Organization\",\"@id\":\"https:\\\/\\\/www.meydan.tv\\\/az\\\/#organization\",\"name\":\"Meydan TV\",\"url\":\"https:\\\/\\\/www.meydan.tv\\\/az\\\/\",\"logo\":{\"@type\":\"ImageObject\",\"inLanguage\":\"az\",\"@id\":\"https:\\\/\\\/www.meydan.tv\\\/az\\\/#\\\/schema\\\/logo\\\/image\\\/\",\"url\":\"https:\\\/\\\/www.meydan.tv\\\/wp-content\\\/uploads\\\/2021\\\/07\\\/meydan-logo.svg\",\"contentUrl\":\"https:\\\/\\\/www.meydan.tv\\\/wp-content\\\/uploads\\\/2021\\\/07\\\/meydan-logo.svg\",\"width\":195,\"height\":46,\"caption\":\"Meydan TV\"},\"image\":{\"@id\":\"https:\\\/\\\/www.meydan.tv\\\/az\\\/#\\\/schema\\\/logo\\\/image\\\/\"}},{\"@type\":\"Person\",\"@id\":\"https:\\\/\\\/www.meydan.tv\\\/az\\\/#\\\/schema\\\/person\\\/10d11eccf6da3662cf5fdab9806ea91a\",\"name\":\"user-manager\"}]}<\/script>\n<!-- \/ Yoast SEO plugin. -->","yoast_head_json":{"title":"M\u0259nim s\u00f6z\u00fcm diril\u0259r\u0259dir! - MEYDAN.TV","robots":{"index":"index","follow":"follow","max-snippet":"max-snippet:-1","max-image-preview":"max-image-preview:large","max-video-preview":"max-video-preview:-1"},"canonical":"https:\/\/www.meydan.tv\/az\/article\/menim-sozum-dirileredir\/","og_locale":"az_AZ","og_type":"article","og_title":"M\u0259nim s\u00f6z\u00fcm diril\u0259r\u0259dir! - MEYDAN.TV","og_description":"D\u00fcn\u0259n g\u00fclm\u0259kd\u0259n ba\u015fqa he\u00e7 n\u0259y\u0259 g\u00fcc\u00fcm \u00e7atmad\u0131.","og_url":"https:\/\/www.meydan.tv\/az\/article\/menim-sozum-dirileredir\/","og_site_name":"MEYDAN.TV","article_published_time":"2015-08-01T03:55:26+00:00","og_image":[{"width":500,"height":500,"url":"https:\/\/www.meydan.tv\/wp-content\/uploads\/11403.jpg","type":"image\/jpeg"}],"author":"user-manager","twitter_card":"summary_large_image","schema":{"@context":"https:\/\/schema.org","@graph":[{"@type":"Article","@id":"https:\/\/www.meydan.tv\/az\/article\/menim-sozum-dirileredir\/#article","isPartOf":{"@id":"https:\/\/www.meydan.tv\/az\/article\/menim-sozum-dirileredir\/"},"author":{"name":"user-manager","@id":"https:\/\/www.meydan.tv\/az\/#\/schema\/person\/10d11eccf6da3662cf5fdab9806ea91a"},"headline":"M\u0259nim s\u00f6z\u00fcm diril\u0259r\u0259dir!","datePublished":"2015-08-01T03:55:26+00:00","mainEntityOfPage":{"@id":"https:\/\/www.meydan.tv\/az\/article\/menim-sozum-dirileredir\/"},"wordCount":566,"publisher":{"@id":"https:\/\/www.meydan.tv\/az\/#organization"},"image":{"@id":"https:\/\/www.meydan.tv\/az\/article\/menim-sozum-dirileredir\/#primaryimage"},"thumbnailUrl":"https:\/\/www.meydan.tv\/wp-content\/uploads\/11403.jpg","articleSection":["M\u0259nim Fikrimc\u0259"],"inLanguage":"az"},{"@type":"WebPage","@id":"https:\/\/www.meydan.tv\/az\/article\/menim-sozum-dirileredir\/","url":"https:\/\/www.meydan.tv\/az\/article\/menim-sozum-dirileredir\/","name":"M\u0259nim s\u00f6z\u00fcm diril\u0259r\u0259dir! - MEYDAN.TV","isPartOf":{"@id":"https:\/\/www.meydan.tv\/az\/#website"},"primaryImageOfPage":{"@id":"https:\/\/www.meydan.tv\/az\/article\/menim-sozum-dirileredir\/#primaryimage"},"image":{"@id":"https:\/\/www.meydan.tv\/az\/article\/menim-sozum-dirileredir\/#primaryimage"},"thumbnailUrl":"https:\/\/www.meydan.tv\/wp-content\/uploads\/11403.jpg","datePublished":"2015-08-01T03:55:26+00:00","breadcrumb":{"@id":"https:\/\/www.meydan.tv\/az\/article\/menim-sozum-dirileredir\/#breadcrumb"},"inLanguage":"az","potentialAction":[{"@type":"ReadAction","target":["https:\/\/www.meydan.tv\/az\/article\/menim-sozum-dirileredir\/"]}]},{"@type":"ImageObject","inLanguage":"az","@id":"https:\/\/www.meydan.tv\/az\/article\/menim-sozum-dirileredir\/#primaryimage","url":"https:\/\/www.meydan.tv\/wp-content\/uploads\/11403.jpg","contentUrl":"https:\/\/www.meydan.tv\/wp-content\/uploads\/11403.jpg","width":500,"height":500,"caption":"Source:"},{"@type":"BreadcrumbList","@id":"https:\/\/www.meydan.tv\/az\/article\/menim-sozum-dirileredir\/#breadcrumb","itemListElement":[{"@type":"ListItem","position":1,"name":"Ana s\u0259hif\u0259","item":"https:\/\/www.meydan.tv\/az\/"},{"@type":"ListItem","position":2,"name":"M\u0259nim Fikrimc\u0259","item":"https:\/\/www.meydan.tv\/az\/section\/menim-fikrimce\/"},{"@type":"ListItem","position":3,"name":"M\u0259nim s\u00f6z\u00fcm diril\u0259r\u0259dir!"}]},{"@type":"WebSite","@id":"https:\/\/www.meydan.tv\/az\/#website","url":"https:\/\/www.meydan.tv\/az\/","name":"MEYDAN.TV","description":"Meydan TV Az\u0259rbaycan\u0131n media m\u0259kan\u0131ndak\u0131 alternativ s\u0259sidir","publisher":{"@id":"https:\/\/www.meydan.tv\/az\/#organization"},"potentialAction":[{"@type":"SearchAction","target":{"@type":"EntryPoint","urlTemplate":"https:\/\/www.meydan.tv\/az\/?s={search_term_string}"},"query-input":{"@type":"PropertyValueSpecification","valueRequired":true,"valueName":"search_term_string"}}],"inLanguage":"az"},{"@type":"Organization","@id":"https:\/\/www.meydan.tv\/az\/#organization","name":"Meydan TV","url":"https:\/\/www.meydan.tv\/az\/","logo":{"@type":"ImageObject","inLanguage":"az","@id":"https:\/\/www.meydan.tv\/az\/#\/schema\/logo\/image\/","url":"https:\/\/www.meydan.tv\/wp-content\/uploads\/2021\/07\/meydan-logo.svg","contentUrl":"https:\/\/www.meydan.tv\/wp-content\/uploads\/2021\/07\/meydan-logo.svg","width":195,"height":46,"caption":"Meydan TV"},"image":{"@id":"https:\/\/www.meydan.tv\/az\/#\/schema\/logo\/image\/"}},{"@type":"Person","@id":"https:\/\/www.meydan.tv\/az\/#\/schema\/person\/10d11eccf6da3662cf5fdab9806ea91a","name":"user-manager"}]}},"_links":{"self":[{"href":"https:\/\/www.meydan.tv\/az\/wp-json\/wp\/v2\/posts\/169212","targetHints":{"allow":["GET"]}}],"collection":[{"href":"https:\/\/www.meydan.tv\/az\/wp-json\/wp\/v2\/posts"}],"about":[{"href":"https:\/\/www.meydan.tv\/az\/wp-json\/wp\/v2\/types\/post"}],"author":[{"embeddable":true,"href":"https:\/\/www.meydan.tv\/az\/wp-json\/wp\/v2\/users\/11"}],"replies":[{"embeddable":true,"href":"https:\/\/www.meydan.tv\/az\/wp-json\/wp\/v2\/comments?post=169212"}],"version-history":[{"count":0,"href":"https:\/\/www.meydan.tv\/az\/wp-json\/wp\/v2\/posts\/169212\/revisions"}],"wp:featuredmedia":[{"embeddable":true,"href":"https:\/\/www.meydan.tv\/az\/wp-json\/wp\/v2\/media\/30608"}],"wp:attachment":[{"href":"https:\/\/www.meydan.tv\/az\/wp-json\/wp\/v2\/media?parent=169212"}],"wp:term":[{"taxonomy":"category","embeddable":true,"href":"https:\/\/www.meydan.tv\/az\/wp-json\/wp\/v2\/categories?post=169212"},{"taxonomy":"post_tag","embeddable":true,"href":"https:\/\/www.meydan.tv\/az\/wp-json\/wp\/v2\/tags?post=169212"}],"curies":[{"name":"wp","href":"https:\/\/api.w.org\/{rel}","templated":true}]}}