{"id":169209,"date":"2015-08-01T01:11:57","date_gmt":"2015-08-01T01:11:57","guid":{"rendered":"https:\/\/www.meydan.tv\/article\/angela-merkele-aciq-mektub\/"},"modified":"2015-08-01T01:11:57","modified_gmt":"2015-08-01T01:11:57","slug":"angela-merkele-aciq-mektub","status":"publish","type":"post","link":"https:\/\/www.meydan.tv\/az\/article\/angela-merkele-aciq-mektub\/","title":{"rendered":"Angela Merkel\u0259 a\u00e7\u0131q m\u0259ktub"},"content":{"rendered":"<figure class=\"wp-block-image size-large\">\n  <img decoding=\"async\" src=\"https:\/\/www.meydan.tv\/az\/30593\/\" alt=\"\" class=\"wp-image-30593\"\/><figcaption><\/figcaption><\/figure>\n<figure class=\"wp-block-image size-large\">\n  <img decoding=\"async\" src=\"https:\/\/www.meydan.tv\/az\/30596\/\" alt=\"\" class=\"wp-image-30596\"\/><figcaption><\/figcaption><\/figure>\n<p>\n  M\u0259n Az\u0259rbaycan Respublikas\u0131 v\u0259t\u0259nda\u015f\u0131yam. Ba\u015fqa vaxt olsa, izah ed\u0259rdim ki, Az\u0259rbaycan harad\u0131r. Amma sizin \u00f6lk\u0259nin federal parlamentinin m\u00fct\u0259madi q\u0259bul etdiyi q\u0259tnam\u0259l\u0259rd\u0259n g\u00f6r\u00fcn\u00fcr ki, siz bizim \u00f6lk\u0259ni yax\u015f\u0131 tan\u0131y\u0131rs\u0131n\u0131z. Ona g\u00f6r\u0259 d\u0259 izah etm\u0259y\u0259 ehtiyac yoxdur ki, biz nec\u0259 bir qeyri-demokratik rejim alt\u0131nda ya\u015fay\u0131r\u0131q. Amma bir \u015feyi bilib-bilm\u0259diyiniz\u0259 \u0259min deyil\u0259m.\n<\/p>\n<p>\n  Dem\u0259li, siz h\u0259r d\u0259f\u0259 Almaniyada bizd\u0259ki insan h\u00fcquqlar\u0131n\u0131n v\u0259ziyy\u0259tini pisl\u0259y\u0259n q\u0259tnam\u0259 q\u0259bul etdikc\u0259, bizim prezident v\u0259 dig\u0259r d\u00f6vl\u0259t m\u0259murlar\u0131 \u0259s\u0259bl\u0259\u015firl\u0259r. Onlar bizim h\u00fcquq v\u0259 azadl\u0131qlar\u0131m\u0131z\u0131 beyn\u0259lxalq yox, bizim yox, m\u0259hz \u00f6zl\u0259rinin daxili i\u015fi hesab edirl\u0259r. Ona g\u00f6r\u0259 d\u0259 sizin t\u0259r\u0259fd\u0259n g\u0259l\u0259n h\u0259r hans\u0131 etiraz bizimkil\u0259ri \u0259s\u0259bl\u0259\u015fdirir.\n<\/p>\n<p>\n  D\u00f6vl\u0259t televiziya kanal\u0131, nazirl\u0259rin internet saytlar\u0131 (bizd\u0259 \u00e7ox oxunan \u201cm\u00fcst\u0259qil\u201d internet saytlar\u0131n\u0131n \u0259ks\u0259riyy\u0259tini nazirl\u0259r maliyy\u0259l\u0259\u015fdirir) Almaniya haqda o q\u0259d\u0259r komik b\u00f6htanlar yay\u0131rlar ki, biz \u00fcr\u0259kd\u0259n g\u00fclm\u0259k \u00fc\u00e7\u00fcn sizd\u0259n yeni q\u0259tnam\u0259ni s\u0259birsizlikl\u0259 g\u00f6zl\u0259yirik.<br \/>\n  <br \/>\n  Amma m\u0259s\u0259l\u0259 bunda deyil. \u018fsas problem odur ki, Q\u0259rbd\u0259n g\u0259l\u0259n h\u0259r hans\u0131 q\u0131naq, etiraz bizd\u0259 siyasi m\u0259hbuslar\u0131n h\u0259bs m\u00fcdd\u0259tini daha da uzad\u0131r. M\u0259s\u0259l\u0259n, \u0259fv s\u0259r\u0259ncam\u0131 haz\u0131rlan\u0131r, m\u00fcxt\u0259lif kanallarla c\u0259miyy\u0259t\u0259 m\u0259lumat verilir. Lakin bayrama (Az\u0259rbaycanda \u0259fv s\u0259r\u0259ncamlar\u0131 n\u0259d\u0259ns\u0259 bayram g\u00fcnl\u0259rind\u0259n bir g\u00fcn \u00f6nc\u0259 verilir) bir ne\u00e7\u0259 g\u00fcn qalm\u0131\u015f avropal\u0131lar bizd\u0259ki insan h\u00fcquqlar\u0131n\u0131 pisl\u0259y\u0259n b\u0259yanat, q\u0259tnam\u0259 verirl\u0259r, ard\u0131nca bizim r\u0259smi \u015f\u0259xsl\u0259r \u0259s\u0259bl\u0259\u015firl\u0259r, deyirl\u0259r ki, \u201cbiz\u0259 he\u00e7 kim g\u00f6st\u0259ri\u015f ver\u0259 bilm\u0259z\u201d v\u0259 \u0259fv s\u0259r\u0259ncam\u0131 verilmir.\n<\/p>\n<p>\n  \u018fziz xan\u0131m Kansler!\n<\/p>\n<p>\n  M\u0259n Siz\u0259 n\u0259 is\u0259 \u00f6yr\u0259tm\u0259k fikrind\u0259 deyil\u0259m. Lakin hesab edir\u0259m ki, sizin prinsipl\u0259r\u0259 sadiqlik namin\u0259 verdiyiniz b\u0259yanat v\u0259 q\u0259tnam\u0259l\u0259r sad\u0259c\u0259 g\u00f6zd\u0259n p\u0259rd\u0259 asmaqd\u0131r. \u00c7\u00fcnki prinsipiall\u0131q q\u0259tnam\u0259ni, b\u0259yanat\u0131 verib ard\u0131nca qeyri-demokratik rejiml\u0259 ticar\u0259t etm\u0259yi, onu strateji t\u0259r\u0259fda\u015f adland\u0131rma\u011f\u0131, geopolitik maraqlara g\u00f6r\u0259 1 \u00f6lk\u0259nin t\u0259drici m\u0259hvin\u0259 g\u00f6z yumma\u011f\u0131 istisna edir.\n<\/p>\n<p>\n  Siz prinsipial davranmaq ist\u0259yirsinizs\u0259, g\u0259r\u0259k Az\u0259rbaycana bu m\u00fcnasib\u0259tinizi \u0259m\u0259ld\u0259 d\u0259 g\u00f6st\u0259r\u0259siniz. Yoxsa bu rejimin ya\u015famas\u0131 \u00fc\u00e7\u00fcn b\u00fct\u00fcn t\u0259dbirl\u0259ri g\u00f6r\u00fcb, \u00fcst\u00fcnd\u0259n d\u0259 v\u0259ziyy\u0259ti t\u0259nqid ed\u0259n, q\u0131nayan b\u0259yanat, q\u0259tnam\u0259 verm\u0259k sad\u0259c\u0259 siyasi h\u0259bsl\u0259ri uzatma\u011fa xidm\u0259t edir. Bu b\u0259yanatlar\u0131, q\u0259tnam\u0259l\u0259ri m\u0259tbuata verm\u0259y\u0259 ehtiyac yoxdur. R\u0259smi g\u00f6r\u00fc\u015fl\u0259rd\u0259 yar\u0131m saatl\u0131q gizli g\u00f6r\u00fc\u015f olur, onda deyin \u00fc\u0259ryinizd\u0259kil\u0259ri, onda h\u0259d\u0259l\u0259yin ki, sizinl\u0259 \u0259laq\u0259ni k\u0259s\u0259rik v\u0259 s.. Yoxsa gizli g\u00f6r\u00fc\u015fl\u0259rd\u0259 legitimliyi tan\u0131y\u0131b parlamentd\u0259n \u201csizd\u0259 insan h\u00fcquqlar\u0131 pozulur\u201d dem\u0259k prinsipiall\u0131q deyil.\n<\/p>\n<p>\n  Bizd\u0259 bir qrup \u201ch\u00fcquq m\u00fcdafi\u0259\u00e7isi\u201d var ki, h\u0259r bayramdan \u0259vv\u0259l \u201csiyasi m\u0259hbuslar burax\u0131lacaq\u201d deyirdil\u0259r. O q\u0259d\u0259r yalan\u00e7\u0131 \u00e7\u0131xd\u0131lar ki, indi susublar. \u0130ndi siyasi m\u0259hbus ail\u0259l\u0259ri bayramlara bir m\u00fcdd\u0259t qalm\u0131\u015f tanr\u0131ya dua edir ki, xan\u0131m Merkel d\u00f6vl\u0259tl\u0259raras\u0131 ticar\u0259t m\u00fcnasib\u0259tl\u0259rind\u0259ki kimi davrans\u0131n, bizimkil\u0259rin \u0259lini s\u0131xs\u0131n, onlara g\u00fcld\u0259n a\u011f\u0131r s\u00f6z dem\u0259sin, yoxsa onlar\u0131n \u00f6vladlar\u0131 daha \u00e7ox h\u0259bsd\u0259 qalacaqlar.\n<\/p>\n<p>\n  H\u00f6rm\u0259tli Angela xan\u0131m!\n<\/p>\n<p>\n  Qar\u015f\u0131dan Qurban bayram\u0131, parlament se\u00e7kil\u0259ri g\u0259lir. \u0130nan\u0131r\u0131q ki, bizim xalq\u0131n xilas\u0131 il\u0259 ba\u011fl\u0131 ciddi plan\u0131n\u0131z yoxdur. Ona g\u00f6r\u0259 l\u00fctf\u0259n, b\u0259yanat verm\u0259yin, q\u0259tnam\u0259 q\u0259bul etm\u0259yin. Bunu Bundestaqa da \u00e7atd\u0131r\u0131n, xahi\u015f edir\u0259m. Burax\u0131n ba\u015f\u0131m\u0131z\u0131, g\u00f6r\u0259k, kimi burax\u0131rlar, kim qal\u0131r i\u00e7\u0259rid\u0259.\n<\/p>\n<p>\n  Yaz\u0131 m\u00fc\u0259llifin \u015f\u0259xsi m\u00f6vqeyini \u0259ks etdirir&#8230;<\/p>\n","protected":false},"excerpt":{"rendered":"<p>\u00dcr\u0259kd\u0259n g\u00fclm\u0259k \u00fc\u00e7\u00fcn&#8230;<\/p>\n","protected":false},"author":11,"featured_media":30593,"comment_status":"closed","ping_status":"open","sticky":false,"template":"","format":"standard","meta":{"_acf_changed":false,"_sitemap_exclude":false,"_sitemap_priority":"","_sitemap_frequency":"","footnotes":""},"categories":[57],"tags":[],"class_list":["post-169209","post","type-post","status-publish","format-standard","has-post-thumbnail","hentry","category-menim-fikrimce","infinite-scroll-item","generate-columns","tablet-grid-50","mobile-grid-100","grid-parent","grid-33","no-featured-image-padding"],"acf":[],"yoast_head":"<!-- This site is optimized with the Yoast SEO plugin v27.5 - https:\/\/yoast.com\/product\/yoast-seo-wordpress\/ -->\n<title>Angela Merkel\u0259 a\u00e7\u0131q m\u0259ktub - MEYDAN.TV<\/title>\n<meta name=\"robots\" content=\"index, follow, max-snippet:-1, max-image-preview:large, max-video-preview:-1\" \/>\n<link rel=\"canonical\" href=\"https:\/\/www.meydan.tv\/az\/article\/angela-merkele-aciq-mektub\/\" \/>\n<meta property=\"og:locale\" content=\"az_AZ\" \/>\n<meta property=\"og:type\" content=\"article\" \/>\n<meta property=\"og:title\" content=\"Angela Merkel\u0259 a\u00e7\u0131q m\u0259ktub - MEYDAN.TV\" \/>\n<meta property=\"og:description\" content=\"\u00dcr\u0259kd\u0259n g\u00fclm\u0259k \u00fc\u00e7\u00fcn...\" \/>\n<meta property=\"og:url\" content=\"https:\/\/www.meydan.tv\/az\/article\/angela-merkele-aciq-mektub\/\" \/>\n<meta property=\"og:site_name\" content=\"MEYDAN.TV\" \/>\n<meta property=\"article:published_time\" content=\"2015-08-01T01:11:57+00:00\" \/>\n<meta property=\"og:image\" content=\"https:\/\/www.meydan.tv\/wp-content\/uploads\/11399.jpg\" \/>\n\t<meta property=\"og:image:width\" content=\"500\" \/>\n\t<meta property=\"og:image:height\" content=\"500\" \/>\n\t<meta property=\"og:image:type\" content=\"image\/jpeg\" \/>\n<meta name=\"author\" content=\"user-manager\" \/>\n<meta name=\"twitter:card\" content=\"summary_large_image\" \/>\n<script type=\"application\/ld+json\" class=\"yoast-schema-graph\">{\"@context\":\"https:\\\/\\\/schema.org\",\"@graph\":[{\"@type\":\"Article\",\"@id\":\"https:\\\/\\\/www.meydan.tv\\\/az\\\/article\\\/angela-merkele-aciq-mektub\\\/#article\",\"isPartOf\":{\"@id\":\"https:\\\/\\\/www.meydan.tv\\\/az\\\/article\\\/angela-merkele-aciq-mektub\\\/\"},\"author\":{\"name\":\"user-manager\",\"@id\":\"https:\\\/\\\/www.meydan.tv\\\/az\\\/#\\\/schema\\\/person\\\/10d11eccf6da3662cf5fdab9806ea91a\"},\"headline\":\"Angela Merkel\u0259 a\u00e7\u0131q m\u0259ktub\",\"datePublished\":\"2015-08-01T01:11:57+00:00\",\"mainEntityOfPage\":{\"@id\":\"https:\\\/\\\/www.meydan.tv\\\/az\\\/article\\\/angela-merkele-aciq-mektub\\\/\"},\"wordCount\":748,\"publisher\":{\"@id\":\"https:\\\/\\\/www.meydan.tv\\\/az\\\/#organization\"},\"image\":{\"@id\":\"https:\\\/\\\/www.meydan.tv\\\/az\\\/article\\\/angela-merkele-aciq-mektub\\\/#primaryimage\"},\"thumbnailUrl\":\"https:\\\/\\\/www.meydan.tv\\\/wp-content\\\/uploads\\\/11399.jpg\",\"articleSection\":[\"M\u0259nim Fikrimc\u0259\"],\"inLanguage\":\"az\"},{\"@type\":\"WebPage\",\"@id\":\"https:\\\/\\\/www.meydan.tv\\\/az\\\/article\\\/angela-merkele-aciq-mektub\\\/\",\"url\":\"https:\\\/\\\/www.meydan.tv\\\/az\\\/article\\\/angela-merkele-aciq-mektub\\\/\",\"name\":\"Angela Merkel\u0259 a\u00e7\u0131q m\u0259ktub - MEYDAN.TV\",\"isPartOf\":{\"@id\":\"https:\\\/\\\/www.meydan.tv\\\/az\\\/#website\"},\"primaryImageOfPage\":{\"@id\":\"https:\\\/\\\/www.meydan.tv\\\/az\\\/article\\\/angela-merkele-aciq-mektub\\\/#primaryimage\"},\"image\":{\"@id\":\"https:\\\/\\\/www.meydan.tv\\\/az\\\/article\\\/angela-merkele-aciq-mektub\\\/#primaryimage\"},\"thumbnailUrl\":\"https:\\\/\\\/www.meydan.tv\\\/wp-content\\\/uploads\\\/11399.jpg\",\"datePublished\":\"2015-08-01T01:11:57+00:00\",\"breadcrumb\":{\"@id\":\"https:\\\/\\\/www.meydan.tv\\\/az\\\/article\\\/angela-merkele-aciq-mektub\\\/#breadcrumb\"},\"inLanguage\":\"az\",\"potentialAction\":[{\"@type\":\"ReadAction\",\"target\":[\"https:\\\/\\\/www.meydan.tv\\\/az\\\/article\\\/angela-merkele-aciq-mektub\\\/\"]}]},{\"@type\":\"ImageObject\",\"inLanguage\":\"az\",\"@id\":\"https:\\\/\\\/www.meydan.tv\\\/az\\\/article\\\/angela-merkele-aciq-mektub\\\/#primaryimage\",\"url\":\"https:\\\/\\\/www.meydan.tv\\\/wp-content\\\/uploads\\\/11399.jpg\",\"contentUrl\":\"https:\\\/\\\/www.meydan.tv\\\/wp-content\\\/uploads\\\/11399.jpg\",\"width\":500,\"height\":500,\"caption\":\"Source:\"},{\"@type\":\"BreadcrumbList\",\"@id\":\"https:\\\/\\\/www.meydan.tv\\\/az\\\/article\\\/angela-merkele-aciq-mektub\\\/#breadcrumb\",\"itemListElement\":[{\"@type\":\"ListItem\",\"position\":1,\"name\":\"Ana s\u0259hif\u0259\",\"item\":\"https:\\\/\\\/www.meydan.tv\\\/az\\\/\"},{\"@type\":\"ListItem\",\"position\":2,\"name\":\"M\u0259nim Fikrimc\u0259\",\"item\":\"https:\\\/\\\/www.meydan.tv\\\/az\\\/section\\\/menim-fikrimce\\\/\"},{\"@type\":\"ListItem\",\"position\":3,\"name\":\"Angela Merkel\u0259 a\u00e7\u0131q m\u0259ktub\"}]},{\"@type\":\"WebSite\",\"@id\":\"https:\\\/\\\/www.meydan.tv\\\/az\\\/#website\",\"url\":\"https:\\\/\\\/www.meydan.tv\\\/az\\\/\",\"name\":\"MEYDAN.TV\",\"description\":\"Meydan TV Az\u0259rbaycan\u0131n media m\u0259kan\u0131ndak\u0131 alternativ s\u0259sidir\",\"publisher\":{\"@id\":\"https:\\\/\\\/www.meydan.tv\\\/az\\\/#organization\"},\"potentialAction\":[{\"@type\":\"SearchAction\",\"target\":{\"@type\":\"EntryPoint\",\"urlTemplate\":\"https:\\\/\\\/www.meydan.tv\\\/az\\\/?s={search_term_string}\"},\"query-input\":{\"@type\":\"PropertyValueSpecification\",\"valueRequired\":true,\"valueName\":\"search_term_string\"}}],\"inLanguage\":\"az\"},{\"@type\":\"Organization\",\"@id\":\"https:\\\/\\\/www.meydan.tv\\\/az\\\/#organization\",\"name\":\"Meydan TV\",\"url\":\"https:\\\/\\\/www.meydan.tv\\\/az\\\/\",\"logo\":{\"@type\":\"ImageObject\",\"inLanguage\":\"az\",\"@id\":\"https:\\\/\\\/www.meydan.tv\\\/az\\\/#\\\/schema\\\/logo\\\/image\\\/\",\"url\":\"https:\\\/\\\/www.meydan.tv\\\/wp-content\\\/uploads\\\/2021\\\/07\\\/meydan-logo.svg\",\"contentUrl\":\"https:\\\/\\\/www.meydan.tv\\\/wp-content\\\/uploads\\\/2021\\\/07\\\/meydan-logo.svg\",\"width\":195,\"height\":46,\"caption\":\"Meydan TV\"},\"image\":{\"@id\":\"https:\\\/\\\/www.meydan.tv\\\/az\\\/#\\\/schema\\\/logo\\\/image\\\/\"}},{\"@type\":\"Person\",\"@id\":\"https:\\\/\\\/www.meydan.tv\\\/az\\\/#\\\/schema\\\/person\\\/10d11eccf6da3662cf5fdab9806ea91a\",\"name\":\"user-manager\"}]}<\/script>\n<!-- \/ Yoast SEO plugin. -->","yoast_head_json":{"title":"Angela Merkel\u0259 a\u00e7\u0131q m\u0259ktub - MEYDAN.TV","robots":{"index":"index","follow":"follow","max-snippet":"max-snippet:-1","max-image-preview":"max-image-preview:large","max-video-preview":"max-video-preview:-1"},"canonical":"https:\/\/www.meydan.tv\/az\/article\/angela-merkele-aciq-mektub\/","og_locale":"az_AZ","og_type":"article","og_title":"Angela Merkel\u0259 a\u00e7\u0131q m\u0259ktub - MEYDAN.TV","og_description":"\u00dcr\u0259kd\u0259n g\u00fclm\u0259k \u00fc\u00e7\u00fcn...","og_url":"https:\/\/www.meydan.tv\/az\/article\/angela-merkele-aciq-mektub\/","og_site_name":"MEYDAN.TV","article_published_time":"2015-08-01T01:11:57+00:00","og_image":[{"width":500,"height":500,"url":"https:\/\/www.meydan.tv\/wp-content\/uploads\/11399.jpg","type":"image\/jpeg"}],"author":"user-manager","twitter_card":"summary_large_image","schema":{"@context":"https:\/\/schema.org","@graph":[{"@type":"Article","@id":"https:\/\/www.meydan.tv\/az\/article\/angela-merkele-aciq-mektub\/#article","isPartOf":{"@id":"https:\/\/www.meydan.tv\/az\/article\/angela-merkele-aciq-mektub\/"},"author":{"name":"user-manager","@id":"https:\/\/www.meydan.tv\/az\/#\/schema\/person\/10d11eccf6da3662cf5fdab9806ea91a"},"headline":"Angela Merkel\u0259 a\u00e7\u0131q m\u0259ktub","datePublished":"2015-08-01T01:11:57+00:00","mainEntityOfPage":{"@id":"https:\/\/www.meydan.tv\/az\/article\/angela-merkele-aciq-mektub\/"},"wordCount":748,"publisher":{"@id":"https:\/\/www.meydan.tv\/az\/#organization"},"image":{"@id":"https:\/\/www.meydan.tv\/az\/article\/angela-merkele-aciq-mektub\/#primaryimage"},"thumbnailUrl":"https:\/\/www.meydan.tv\/wp-content\/uploads\/11399.jpg","articleSection":["M\u0259nim Fikrimc\u0259"],"inLanguage":"az"},{"@type":"WebPage","@id":"https:\/\/www.meydan.tv\/az\/article\/angela-merkele-aciq-mektub\/","url":"https:\/\/www.meydan.tv\/az\/article\/angela-merkele-aciq-mektub\/","name":"Angela Merkel\u0259 a\u00e7\u0131q m\u0259ktub - MEYDAN.TV","isPartOf":{"@id":"https:\/\/www.meydan.tv\/az\/#website"},"primaryImageOfPage":{"@id":"https:\/\/www.meydan.tv\/az\/article\/angela-merkele-aciq-mektub\/#primaryimage"},"image":{"@id":"https:\/\/www.meydan.tv\/az\/article\/angela-merkele-aciq-mektub\/#primaryimage"},"thumbnailUrl":"https:\/\/www.meydan.tv\/wp-content\/uploads\/11399.jpg","datePublished":"2015-08-01T01:11:57+00:00","breadcrumb":{"@id":"https:\/\/www.meydan.tv\/az\/article\/angela-merkele-aciq-mektub\/#breadcrumb"},"inLanguage":"az","potentialAction":[{"@type":"ReadAction","target":["https:\/\/www.meydan.tv\/az\/article\/angela-merkele-aciq-mektub\/"]}]},{"@type":"ImageObject","inLanguage":"az","@id":"https:\/\/www.meydan.tv\/az\/article\/angela-merkele-aciq-mektub\/#primaryimage","url":"https:\/\/www.meydan.tv\/wp-content\/uploads\/11399.jpg","contentUrl":"https:\/\/www.meydan.tv\/wp-content\/uploads\/11399.jpg","width":500,"height":500,"caption":"Source:"},{"@type":"BreadcrumbList","@id":"https:\/\/www.meydan.tv\/az\/article\/angela-merkele-aciq-mektub\/#breadcrumb","itemListElement":[{"@type":"ListItem","position":1,"name":"Ana s\u0259hif\u0259","item":"https:\/\/www.meydan.tv\/az\/"},{"@type":"ListItem","position":2,"name":"M\u0259nim Fikrimc\u0259","item":"https:\/\/www.meydan.tv\/az\/section\/menim-fikrimce\/"},{"@type":"ListItem","position":3,"name":"Angela Merkel\u0259 a\u00e7\u0131q m\u0259ktub"}]},{"@type":"WebSite","@id":"https:\/\/www.meydan.tv\/az\/#website","url":"https:\/\/www.meydan.tv\/az\/","name":"MEYDAN.TV","description":"Meydan TV Az\u0259rbaycan\u0131n media m\u0259kan\u0131ndak\u0131 alternativ s\u0259sidir","publisher":{"@id":"https:\/\/www.meydan.tv\/az\/#organization"},"potentialAction":[{"@type":"SearchAction","target":{"@type":"EntryPoint","urlTemplate":"https:\/\/www.meydan.tv\/az\/?s={search_term_string}"},"query-input":{"@type":"PropertyValueSpecification","valueRequired":true,"valueName":"search_term_string"}}],"inLanguage":"az"},{"@type":"Organization","@id":"https:\/\/www.meydan.tv\/az\/#organization","name":"Meydan TV","url":"https:\/\/www.meydan.tv\/az\/","logo":{"@type":"ImageObject","inLanguage":"az","@id":"https:\/\/www.meydan.tv\/az\/#\/schema\/logo\/image\/","url":"https:\/\/www.meydan.tv\/wp-content\/uploads\/2021\/07\/meydan-logo.svg","contentUrl":"https:\/\/www.meydan.tv\/wp-content\/uploads\/2021\/07\/meydan-logo.svg","width":195,"height":46,"caption":"Meydan TV"},"image":{"@id":"https:\/\/www.meydan.tv\/az\/#\/schema\/logo\/image\/"}},{"@type":"Person","@id":"https:\/\/www.meydan.tv\/az\/#\/schema\/person\/10d11eccf6da3662cf5fdab9806ea91a","name":"user-manager"}]}},"_links":{"self":[{"href":"https:\/\/www.meydan.tv\/az\/wp-json\/wp\/v2\/posts\/169209","targetHints":{"allow":["GET"]}}],"collection":[{"href":"https:\/\/www.meydan.tv\/az\/wp-json\/wp\/v2\/posts"}],"about":[{"href":"https:\/\/www.meydan.tv\/az\/wp-json\/wp\/v2\/types\/post"}],"author":[{"embeddable":true,"href":"https:\/\/www.meydan.tv\/az\/wp-json\/wp\/v2\/users\/11"}],"replies":[{"embeddable":true,"href":"https:\/\/www.meydan.tv\/az\/wp-json\/wp\/v2\/comments?post=169209"}],"version-history":[{"count":0,"href":"https:\/\/www.meydan.tv\/az\/wp-json\/wp\/v2\/posts\/169209\/revisions"}],"wp:featuredmedia":[{"embeddable":true,"href":"https:\/\/www.meydan.tv\/az\/wp-json\/wp\/v2\/media\/30593"}],"wp:attachment":[{"href":"https:\/\/www.meydan.tv\/az\/wp-json\/wp\/v2\/media?parent=169209"}],"wp:term":[{"taxonomy":"category","embeddable":true,"href":"https:\/\/www.meydan.tv\/az\/wp-json\/wp\/v2\/categories?post=169209"},{"taxonomy":"post_tag","embeddable":true,"href":"https:\/\/www.meydan.tv\/az\/wp-json\/wp\/v2\/tags?post=169209"}],"curies":[{"name":"wp","href":"https:\/\/api.w.org\/{rel}","templated":true}]}}