{"id":169207,"date":"2015-07-31T20:59:20","date_gmt":"2015-07-31T20:59:20","guid":{"rendered":"https:\/\/www.meydan.tv\/article\/onlarin-olkesi\/"},"modified":"2015-07-31T20:59:20","modified_gmt":"2015-07-31T20:59:20","slug":"onlarin-olkesi","status":"publish","type":"post","link":"https:\/\/www.meydan.tv\/az\/article\/onlarin-olkesi\/","title":{"rendered":"Onlar\u0131n \u00f6lk\u0259si"},"content":{"rendered":"<figure class=\"wp-block-image size-large\">\n  <img decoding=\"async\" src=\"https:\/\/www.meydan.tv\/az\/30539\/\" alt=\"\" class=\"wp-image-30539\"\/><figcaption><\/figcaption><\/figure>\n<figure class=\"wp-block-image size-large\">\n  <img decoding=\"async\" src=\"https:\/\/www.meydan.tv\/az\/30542\/\" alt=\"\" class=\"wp-image-30542\"\/><figcaption><\/figcaption><\/figure>\n<p>\n  M\u00fcxt\u0259lif \u00f6lk\u0259l\u0259rd\u0259, m\u00fcxt\u0259lif etnikl\u0259rl\u0259 ba\u011fl\u0131 h\u0259mi\u015f\u0259 n\u0259s\u0259 \u00e7at\u0131\u015fmayanlar var. \u0130spaniyada ya\u015fayan katalonlar muxtariyy\u0259t ist\u0259yir. T\u00fcrkiy\u0259d\u0259 ya\u015fayan k\u00fcrdl\u0259r \u00f6z d\u00f6vl\u0259tl\u0259rini qurmaq ist\u0259yir. Bu m\u0259nada \u0259n \u00e7ox i\u015f g\u00f6r\u0259n k\u00fcrdl\u0259rdir, da\u011flara \u00e7\u0131x\u0131b d\u00f6y\u00fc\u015f\u00fcrl\u0259r, \u00f6l\u00fcrl\u0259r H\u0259qiq\u0259t\u0259n d\u0259 bir ne\u00e7\u0259 siyas\u0259t\u00e7i, ziyal\u0131 v\u0259 ya h\u0259r kims\u0259 aya\u011fa durub m\u0259nsub olduqlar\u0131 mill\u0259tin azadl\u0131\u011f\u0131 \u00fc\u00e7\u00fcn m\u00fcbariz\u0259 aparmada haql\u0131d\u0131rlarm\u0131?\n<\/p>\n<p>\n  M\u0259s\u0259l\u0259n, Faiq A\u011fayev G\u00fcrc\u00fcstanda ya\u015fayan az\u0259ri etnikl\u0259ri bar\u0259d\u0259 futbol meydan\u00e7as\u0131nda bir ne\u00e7\u0259 milliy\u0259t\u00e7inin qald\u0131rd\u0131\u011f\u0131 \u015f\u00fcar\u0131 \u0259lind\u0259 bayraq tutaraq \u00f6z\u00fcn\u00fc v\u0259t\u0259np\u0259rv\u0259r g\u00f6st\u0259r\u0259 bil\u0259rmi? B\u00fct\u00f6v Az\u0259rbaycan haqq\u0131nda \u00e7a\u011f\u0131r\u0131\u015flar ed\u0259 bil\u0259rmi? Faiq A\u011fayev Az\u0259rbaycanda xalq \u00fc\u00e7\u00fcn n\u0259 edib ki, b\u00fct\u00f6vl\u00fck arzusuna d\u00fc\u015f\u00fcb? Yax\u015f\u0131 olard\u0131 ki, xalq artisti \u00f6lk\u0259d\u0259ki probleml\u0259ri dilin\u0259 g\u0259tir\u0259 bilsin. Yaln\u0131z bu zaman onu s\u0259mimi q\u0259bul ed\u0259 bil\u0259rik. Ed\u0259 bil\u0259r, ya yox?! Bu saul art\u0131q gecdir. \u00c7\u00fcnki bu ba\u015f verib.\n<\/p>\n<p>\n  Faiq A\u011fayev \u00f6z facebook s\u0259hif\u0259sind\u0259 bunu yaz\u0131b, r\u0259\u011fb\u0259t g\u00f6r\u00fcb. Az\u0259rbaycanda ya\u015fayan milliy\u0259t\u00e7il\u0259rin Marneuli bar\u0259d\u0259 bildikl\u0259ri n\u0259 q\u0259d\u0259rdir? Hara kimidir? N\u0259 ist\u0259yirl\u0259r? Oran\u0131 Az\u0259rbaycana birl\u0259\u015fdirm\u0259k? Ay hay! Bunu onlardan kims\u0259 d\u00fc\u015f\u00fcn\u00fcbm\u00fc ki, o \u0259razid\u0259 ya\u015fayan etnik az\u0259rbaycanl\u0131lar Az\u0259rbaycana birl\u0259\u015fm\u0259k ist\u0259yirmi? Bunun m\u0259n\u0259vi y\u00fck\u00fcn\u00fc \u00f6zl\u0259rind\u0259 da\u015f\u0131y\u0131rlarm\u0131? V\u0259 ya bunu Z\u0259limxan M\u0259mm\u0259dlid\u0259n xahi\u015f edibl\u0259rmi? Sanm\u0131ram.\n<\/p>\n<p>\n  H\u0259r iki t\u0259r\u0259fd\u0259 kifay\u0259t q\u0259d\u0259r savads\u0131zl\u0131q var. Ona g\u00f6r\u0259 kort\u0259bii olmalar\u0131 \u00e7ox normald\u0131r. Kitabs\u0131z c\u0259miyy\u0259tl\u0259rd\u0259 milliy\u0259t\u00e7ilik hissi daha g\u00fccl\u00fc olur. Daha v\u0259t\u0259np\u0259rv\u0259r olma\u011fa meyilli olurlar. Kims\u0259 d\u0259 k\u00f6n\u00fcl ox\u015fayan bir ne\u00e7\u0259 m\u0259nas\u0131z c\u00fcml\u0259 i\u015fl\u0259d\u0259nd\u0259 `bu ki\u015fi adamd\u0131r` dey\u0259 bilirl\u0259r. Milliy\u0259t\u00e7iliyin mill\u0259tin hal\u0131na yanmaq oldu\u011fu art\u0131q populyar deyils\u0259, m\u0259n s\u0259hv edir\u0259m. M\u0259n bildiyim milliy\u0259t\u00e7ilik xalq\u0131n\u0131n probleml\u0259rinin h\u0259lli \u00fc\u00e7\u00fcn \u00e7al\u0131\u015fmaq, bu amal u\u011frunda m\u00fcbariz\u0259 aparmaqd\u0131r. Bel\u0259l\u0259ri d\u0259 var.\n<\/p>\n<p>\n  Milliy\u0259t\u00e7ilik ad\u0131 alt\u0131nda avant\u00fcra axtar\u0131\u015f\u0131nda olanlar daha \u00e7oxdur, daha \u00e7ox \u00e7al\u0131\u015f\u0131rlar m\u0259qs\u0259dl\u0259ri \u00fc\u00e7\u00fcn. Q\u0259nir\u0259 Pa\u015fayevayan\u0131n T\u00fcrkiy\u0259d\u0259 &#8220;\u0130smayil B\u0259y Qasp\u0131ral\u0131&#8221; m\u00fckafat\u0131na layiq g\u00f6r\u00fclm\u0259si buna n\u00fcmun\u0259dir. T\u0259nzil\u0259 R\u00fcst\u0259mxanl\u0131n\u0131n &#8220;ilin qad\u0131n\u0131&#8221; (2001), &#8220;ilin v\u0259t\u0259p\u0259rv\u0259ri&#8221; (2002), &#8220;Az\u0259rbaycan\u0131n tan\u0131nm\u0131\u015f ziyal\u0131s\u0131&#8221;(2003) adlar\u0131 il\u0259 t\u0259ltif olunmas\u0131 bunun t\u0259sdiqidir.\n<\/p>\n<p>\n  Bir ne\u00e7\u0259 g\u00fcn \u0259vv\u0259l Tiflisd\u0259 bazarda olduq. Corab alacaqd\u0131q. Qiym\u0259tini soru\u015fanda, 10-11 ya\u015flar\u0131nda u\u015faq &#8220;yeddi&#8221; dedi. Bir anl\u0131q cavab verm\u0259dim. M\u0259n sual\u0131 rusca verdim, cavab az\u0259rbaycan dilind\u0259 oldu. T\u0259krar \u00f6z dilimizd\u0259 soru\u015fdum. Balaca o\u011flan \u0259s\u0259bl\u0259\u015fdi. `Musulmancax da deyir\u0259m, ba\u015fa d\u00fc\u015fm\u00fcr` dedi. Atas\u0131 ona \u0259s\u0259bl\u0259\u015fdi, g\u00fcld\u00fck ke\u00e7di, h\u0259yat da bir filmdi, baxd\u0131q ke\u00e7di. Sonra bazarda g\u0259z\u0259rk\u0259n bir sat\u0131c\u0131n\u0131n az\u0259rbaycan dilind\u0259 dan\u0131\u015fd\u0131\u011f\u0131n\u0131 g\u00f6rd\u00fcm. Ondan biz\u0259 alaca\u011f\u0131m\u0131z \u015feyl\u0259 ba\u011fl\u0131 k\u00f6m\u0259k etm\u0259sini xahi\u015f etdim. Xahi\u015fimizi yer\u0259 salmad\u0131. `Burda musurman u\u015faxlar var, ged\u0259k onlar\u0131n yan\u0131na` dedi.\n<\/p>\n<p>\n  Xeyli bel\u0259 n\u00fcmun\u0259 saya bil\u0259r\u0259m. Bor\u00e7al\u0131 camaat\u0131n\u0131n h\u0259l\u0259 d\u0259 bir ne\u00e7\u0259 \u0259sr \u0259vv\u0259ld\u0259 ya\u015fad\u0131\u011f\u0131 hissi m\u0259ni \u00f6z a\u011fu\u015funa al\u0131b.Buna g\u00f6r\u0259 narahat oluram. Az\u0259rbaycan dilini mus\u0259lman dili olaraq q\u0259bul edirl\u0259r. Az\u0259rbaycanda ya\u015fayan milliy\u0259t\u00e7il\u0259r bu bar\u0259d\u0259 d\u00fc\u015f\u00fcns\u00fcnl\u0259r. Gedib 20 n\u0259f\u0259rin eyni topun dal\u0131nca qa\u00e7\u0131d\u0131\u011f\u0131 bir oyunda (az\u0259rbaycan \u00fc\u00e7\u00fcn deyilmi\u015f s\u00f6z) `Bor\u00e7al\u0131` bizimdir dem\u0259sinl\u0259r. 350000-d\u0259n \u00e7ox olan bir etnik xalq\u0131n 20-d\u0259n \u00e7ox milliy\u0259t\u00e7i y\u00f6n\u00fcml\u00fc t\u0259\u015fkilat\u0131n\u0131n olmas\u0131, bir ne\u00e7\u0259 \u015f\u0259xsin \u015f\u0259xsi maraqlar\u0131 \u00fc\u00e7\u00fcn milliy\u0259t\u00e7ilik etm\u0259sini g\u00f6st\u0259rir.\n<\/p>\n<p>\n  Az\u0259rbaycanda ya\u015fayan milliy\u0259t\u00e7il\u0259r, \u00f6z dilind\u0259 dan\u0131\u015fa bilm\u0259y\u0259n Xarici \u0130\u015fl\u0259r naziri Elmar M\u0259mm\u0259dyarovdan soru\u015fa bilm\u0259lidirl\u0259r ki, Bor\u00e7al\u0131dak\u0131 g\u00f6r\u00fc\u015fd\u0259 onlar\u0131n \u015fikay\u0259tl\u0259rini dinl\u0259dikd\u0259n sonra n\u0259 edib? Niy\u0259 g\u00f6zl\u0259r\u0259 k\u00fcl \u00fcf\u00fcrm\u0259k siyas\u0259tind\u0259n \u0259l \u00e7\u0259kmirl\u0259r? Bu sual\u0131 verm\u0259kl\u0259 ba\u015flay\u0131r Bor\u00e7al\u0131 bar\u0259d\u0259 hans\u0131sa m\u0259nada d\u0259rdl\u0259nm\u0259k, yard\u0131m etm\u0259k. Bu g\u00fcn soyda\u015flar\u0131m\u0131za Az\u0259rbaycanda 3 ayl\u0131q qalmaq icaz\u0259si verilir. \u018fks t\u0259r\u0259f is\u0259 Az\u0259rbaycan v\u0259t\u0259nda\u015flar\u0131 \u00fc\u00e7\u00fcn 1 illik vizas\u0131z qala bilm\u0259 g\u00fcz\u0259\u015ftini edib. Marneulid\u0259ki soyda\u015flar \u00fc\u00e7\u00fcn bu daha aktuald\u0131r. Bunu soru\u015fun. Bunun aradan qalxmas\u0131 \u00fc\u00e7\u00fcn \u00e7al\u0131\u015fmaq laz\u0131md\u0131r.\n<\/p>\n<p>\n  Onlar\u0131n \u00f6lk\u0259sind\u0259 8 milyardl\u0131q olimpiada ke\u00e7ir\u0259n h\u00f6k\u00fcm\u0259t yoxdur. Ay\u0131 \u0259ti yem\u0259k \u00fc\u00e7\u00fcn y\u00fczminl\u0259rl\u0259 pul ver\u0259n m\u0259mur \u00f6vlad\u0131 yoxdur. Onlar\u0131n da \u00f6lk\u0259sind\u0259 olimpiada ke\u00e7irilir. G\u0259l\u0259c\u0259k olan 3800 idma\u00e7\u0131n\u0131n pulu \u00f6d\u0259nilmir. Olimpiada \u00fc\u00e7\u00fcn 15 min dollar x\u0259rcl\u0259nib. Stadionu r\u0259ngl\u0259m\u0259y\u0259 bel\u0259 l\u00fczum g\u00f6rm\u00fcrl\u0259r. M\u0259qs\u0259dl\u0259ri var: az x\u0259rcl\u0259 \u00e7ox qazanmaq, b\u00fcdc\u0259y\u0259 pul qata bilm\u0259k. 30 ya\u015f\u0131na \u00e7atm\u0131\u015f bir ki\u015finin h\u0259l\u0259 d\u0259 ail\u0259sinin maddi d\u0259st\u0259yin\u0259 ehtiyac\u0131 vark\u0259n, evl\u0259nm\u0259k ist\u0259m\u0259sin\u0259 b\u0259nz\u0259yir bu ist\u0259kl\u0259r.\n<\/p>\n<p>\n  Yox, \u0259zizl\u0259rim, yox! Bu yolla n\u0259y\u0259s\u0259 nail olmaq olmaz. Onlar Az\u0259rbaycana birl\u0259\u015fm\u0259k ist\u0259m\u0259z. Onlar \u00f6z \u00f6lk\u0259l\u0259rind\u0259 kas\u0131b, amma rahat ya\u015fay\u0131rlar. Onlar\u0131 rahat burax\u0131n!\n<\/p>\n<p>\n  <b><br \/>\n    Yaz\u0131 m\u00fc\u0259llifin \u015f\u0259xsi fikirl\u0259rini \u0259ks etdirir&#8230;<br \/>\n  <\/b><\/p>\n","protected":false},"excerpt":{"rendered":"<p>Faiq A\u011fayev Marneulid\u0259n n\u0259 ist\u0259yir?<\/p>\n","protected":false},"author":11,"featured_media":30539,"comment_status":"closed","ping_status":"open","sticky":false,"template":"","format":"standard","meta":{"_acf_changed":false,"_sitemap_exclude":false,"_sitemap_priority":"","_sitemap_frequency":"","footnotes":""},"categories":[57],"tags":[],"class_list":["post-169207","post","type-post","status-publish","format-standard","has-post-thumbnail","hentry","category-menim-fikrimce","infinite-scroll-item","generate-columns","tablet-grid-50","mobile-grid-100","grid-parent","grid-33","no-featured-image-padding"],"acf":[],"yoast_head":"<!-- This site is optimized with the Yoast SEO plugin v27.5 - https:\/\/yoast.com\/product\/yoast-seo-wordpress\/ -->\n<title>Onlar\u0131n \u00f6lk\u0259si - MEYDAN.TV<\/title>\n<meta name=\"robots\" content=\"index, follow, max-snippet:-1, max-image-preview:large, max-video-preview:-1\" \/>\n<link rel=\"canonical\" href=\"https:\/\/www.meydan.tv\/az\/article\/onlarin-olkesi\/\" \/>\n<meta property=\"og:locale\" content=\"az_AZ\" \/>\n<meta property=\"og:type\" content=\"article\" \/>\n<meta property=\"og:title\" content=\"Onlar\u0131n \u00f6lk\u0259si - MEYDAN.TV\" \/>\n<meta property=\"og:description\" content=\"Faiq A\u011fayev Marneulid\u0259n n\u0259 ist\u0259yir?\" \/>\n<meta property=\"og:url\" content=\"https:\/\/www.meydan.tv\/az\/article\/onlarin-olkesi\/\" \/>\n<meta property=\"og:site_name\" content=\"MEYDAN.TV\" \/>\n<meta property=\"article:published_time\" content=\"2015-07-31T20:59:20+00:00\" \/>\n<meta property=\"og:image\" content=\"https:\/\/www.meydan.tv\/wp-content\/uploads\/11396.jpg\" \/>\n\t<meta property=\"og:image:width\" content=\"500\" \/>\n\t<meta property=\"og:image:height\" content=\"500\" \/>\n\t<meta property=\"og:image:type\" content=\"image\/jpeg\" \/>\n<meta name=\"author\" content=\"user-manager\" \/>\n<meta name=\"twitter:card\" content=\"summary_large_image\" \/>\n<script type=\"application\/ld+json\" class=\"yoast-schema-graph\">{\"@context\":\"https:\\\/\\\/schema.org\",\"@graph\":[{\"@type\":\"Article\",\"@id\":\"https:\\\/\\\/www.meydan.tv\\\/az\\\/article\\\/onlarin-olkesi\\\/#article\",\"isPartOf\":{\"@id\":\"https:\\\/\\\/www.meydan.tv\\\/az\\\/article\\\/onlarin-olkesi\\\/\"},\"author\":{\"name\":\"user-manager\",\"@id\":\"https:\\\/\\\/www.meydan.tv\\\/az\\\/#\\\/schema\\\/person\\\/10d11eccf6da3662cf5fdab9806ea91a\"},\"headline\":\"Onlar\u0131n \u00f6lk\u0259si\",\"datePublished\":\"2015-07-31T20:59:20+00:00\",\"mainEntityOfPage\":{\"@id\":\"https:\\\/\\\/www.meydan.tv\\\/az\\\/article\\\/onlarin-olkesi\\\/\"},\"wordCount\":1072,\"publisher\":{\"@id\":\"https:\\\/\\\/www.meydan.tv\\\/az\\\/#organization\"},\"image\":{\"@id\":\"https:\\\/\\\/www.meydan.tv\\\/az\\\/article\\\/onlarin-olkesi\\\/#primaryimage\"},\"thumbnailUrl\":\"https:\\\/\\\/www.meydan.tv\\\/wp-content\\\/uploads\\\/11396.jpg\",\"articleSection\":[\"M\u0259nim Fikrimc\u0259\"],\"inLanguage\":\"az\"},{\"@type\":\"WebPage\",\"@id\":\"https:\\\/\\\/www.meydan.tv\\\/az\\\/article\\\/onlarin-olkesi\\\/\",\"url\":\"https:\\\/\\\/www.meydan.tv\\\/az\\\/article\\\/onlarin-olkesi\\\/\",\"name\":\"Onlar\u0131n \u00f6lk\u0259si - MEYDAN.TV\",\"isPartOf\":{\"@id\":\"https:\\\/\\\/www.meydan.tv\\\/az\\\/#website\"},\"primaryImageOfPage\":{\"@id\":\"https:\\\/\\\/www.meydan.tv\\\/az\\\/article\\\/onlarin-olkesi\\\/#primaryimage\"},\"image\":{\"@id\":\"https:\\\/\\\/www.meydan.tv\\\/az\\\/article\\\/onlarin-olkesi\\\/#primaryimage\"},\"thumbnailUrl\":\"https:\\\/\\\/www.meydan.tv\\\/wp-content\\\/uploads\\\/11396.jpg\",\"datePublished\":\"2015-07-31T20:59:20+00:00\",\"breadcrumb\":{\"@id\":\"https:\\\/\\\/www.meydan.tv\\\/az\\\/article\\\/onlarin-olkesi\\\/#breadcrumb\"},\"inLanguage\":\"az\",\"potentialAction\":[{\"@type\":\"ReadAction\",\"target\":[\"https:\\\/\\\/www.meydan.tv\\\/az\\\/article\\\/onlarin-olkesi\\\/\"]}]},{\"@type\":\"ImageObject\",\"inLanguage\":\"az\",\"@id\":\"https:\\\/\\\/www.meydan.tv\\\/az\\\/article\\\/onlarin-olkesi\\\/#primaryimage\",\"url\":\"https:\\\/\\\/www.meydan.tv\\\/wp-content\\\/uploads\\\/11396.jpg\",\"contentUrl\":\"https:\\\/\\\/www.meydan.tv\\\/wp-content\\\/uploads\\\/11396.jpg\",\"width\":500,\"height\":500,\"caption\":\"Source:\"},{\"@type\":\"BreadcrumbList\",\"@id\":\"https:\\\/\\\/www.meydan.tv\\\/az\\\/article\\\/onlarin-olkesi\\\/#breadcrumb\",\"itemListElement\":[{\"@type\":\"ListItem\",\"position\":1,\"name\":\"Ana s\u0259hif\u0259\",\"item\":\"https:\\\/\\\/www.meydan.tv\\\/az\\\/\"},{\"@type\":\"ListItem\",\"position\":2,\"name\":\"M\u0259nim Fikrimc\u0259\",\"item\":\"https:\\\/\\\/www.meydan.tv\\\/az\\\/section\\\/menim-fikrimce\\\/\"},{\"@type\":\"ListItem\",\"position\":3,\"name\":\"Onlar\u0131n \u00f6lk\u0259si\"}]},{\"@type\":\"WebSite\",\"@id\":\"https:\\\/\\\/www.meydan.tv\\\/az\\\/#website\",\"url\":\"https:\\\/\\\/www.meydan.tv\\\/az\\\/\",\"name\":\"MEYDAN.TV\",\"description\":\"Meydan TV Az\u0259rbaycan\u0131n media m\u0259kan\u0131ndak\u0131 alternativ s\u0259sidir\",\"publisher\":{\"@id\":\"https:\\\/\\\/www.meydan.tv\\\/az\\\/#organization\"},\"potentialAction\":[{\"@type\":\"SearchAction\",\"target\":{\"@type\":\"EntryPoint\",\"urlTemplate\":\"https:\\\/\\\/www.meydan.tv\\\/az\\\/?s={search_term_string}\"},\"query-input\":{\"@type\":\"PropertyValueSpecification\",\"valueRequired\":true,\"valueName\":\"search_term_string\"}}],\"inLanguage\":\"az\"},{\"@type\":\"Organization\",\"@id\":\"https:\\\/\\\/www.meydan.tv\\\/az\\\/#organization\",\"name\":\"Meydan TV\",\"url\":\"https:\\\/\\\/www.meydan.tv\\\/az\\\/\",\"logo\":{\"@type\":\"ImageObject\",\"inLanguage\":\"az\",\"@id\":\"https:\\\/\\\/www.meydan.tv\\\/az\\\/#\\\/schema\\\/logo\\\/image\\\/\",\"url\":\"https:\\\/\\\/www.meydan.tv\\\/wp-content\\\/uploads\\\/2021\\\/07\\\/meydan-logo.svg\",\"contentUrl\":\"https:\\\/\\\/www.meydan.tv\\\/wp-content\\\/uploads\\\/2021\\\/07\\\/meydan-logo.svg\",\"width\":195,\"height\":46,\"caption\":\"Meydan TV\"},\"image\":{\"@id\":\"https:\\\/\\\/www.meydan.tv\\\/az\\\/#\\\/schema\\\/logo\\\/image\\\/\"}},{\"@type\":\"Person\",\"@id\":\"https:\\\/\\\/www.meydan.tv\\\/az\\\/#\\\/schema\\\/person\\\/10d11eccf6da3662cf5fdab9806ea91a\",\"name\":\"user-manager\"}]}<\/script>\n<!-- \/ Yoast SEO plugin. -->","yoast_head_json":{"title":"Onlar\u0131n \u00f6lk\u0259si - MEYDAN.TV","robots":{"index":"index","follow":"follow","max-snippet":"max-snippet:-1","max-image-preview":"max-image-preview:large","max-video-preview":"max-video-preview:-1"},"canonical":"https:\/\/www.meydan.tv\/az\/article\/onlarin-olkesi\/","og_locale":"az_AZ","og_type":"article","og_title":"Onlar\u0131n \u00f6lk\u0259si - MEYDAN.TV","og_description":"Faiq A\u011fayev Marneulid\u0259n n\u0259 ist\u0259yir?","og_url":"https:\/\/www.meydan.tv\/az\/article\/onlarin-olkesi\/","og_site_name":"MEYDAN.TV","article_published_time":"2015-07-31T20:59:20+00:00","og_image":[{"width":500,"height":500,"url":"https:\/\/www.meydan.tv\/wp-content\/uploads\/11396.jpg","type":"image\/jpeg"}],"author":"user-manager","twitter_card":"summary_large_image","schema":{"@context":"https:\/\/schema.org","@graph":[{"@type":"Article","@id":"https:\/\/www.meydan.tv\/az\/article\/onlarin-olkesi\/#article","isPartOf":{"@id":"https:\/\/www.meydan.tv\/az\/article\/onlarin-olkesi\/"},"author":{"name":"user-manager","@id":"https:\/\/www.meydan.tv\/az\/#\/schema\/person\/10d11eccf6da3662cf5fdab9806ea91a"},"headline":"Onlar\u0131n \u00f6lk\u0259si","datePublished":"2015-07-31T20:59:20+00:00","mainEntityOfPage":{"@id":"https:\/\/www.meydan.tv\/az\/article\/onlarin-olkesi\/"},"wordCount":1072,"publisher":{"@id":"https:\/\/www.meydan.tv\/az\/#organization"},"image":{"@id":"https:\/\/www.meydan.tv\/az\/article\/onlarin-olkesi\/#primaryimage"},"thumbnailUrl":"https:\/\/www.meydan.tv\/wp-content\/uploads\/11396.jpg","articleSection":["M\u0259nim Fikrimc\u0259"],"inLanguage":"az"},{"@type":"WebPage","@id":"https:\/\/www.meydan.tv\/az\/article\/onlarin-olkesi\/","url":"https:\/\/www.meydan.tv\/az\/article\/onlarin-olkesi\/","name":"Onlar\u0131n \u00f6lk\u0259si - MEYDAN.TV","isPartOf":{"@id":"https:\/\/www.meydan.tv\/az\/#website"},"primaryImageOfPage":{"@id":"https:\/\/www.meydan.tv\/az\/article\/onlarin-olkesi\/#primaryimage"},"image":{"@id":"https:\/\/www.meydan.tv\/az\/article\/onlarin-olkesi\/#primaryimage"},"thumbnailUrl":"https:\/\/www.meydan.tv\/wp-content\/uploads\/11396.jpg","datePublished":"2015-07-31T20:59:20+00:00","breadcrumb":{"@id":"https:\/\/www.meydan.tv\/az\/article\/onlarin-olkesi\/#breadcrumb"},"inLanguage":"az","potentialAction":[{"@type":"ReadAction","target":["https:\/\/www.meydan.tv\/az\/article\/onlarin-olkesi\/"]}]},{"@type":"ImageObject","inLanguage":"az","@id":"https:\/\/www.meydan.tv\/az\/article\/onlarin-olkesi\/#primaryimage","url":"https:\/\/www.meydan.tv\/wp-content\/uploads\/11396.jpg","contentUrl":"https:\/\/www.meydan.tv\/wp-content\/uploads\/11396.jpg","width":500,"height":500,"caption":"Source:"},{"@type":"BreadcrumbList","@id":"https:\/\/www.meydan.tv\/az\/article\/onlarin-olkesi\/#breadcrumb","itemListElement":[{"@type":"ListItem","position":1,"name":"Ana s\u0259hif\u0259","item":"https:\/\/www.meydan.tv\/az\/"},{"@type":"ListItem","position":2,"name":"M\u0259nim Fikrimc\u0259","item":"https:\/\/www.meydan.tv\/az\/section\/menim-fikrimce\/"},{"@type":"ListItem","position":3,"name":"Onlar\u0131n \u00f6lk\u0259si"}]},{"@type":"WebSite","@id":"https:\/\/www.meydan.tv\/az\/#website","url":"https:\/\/www.meydan.tv\/az\/","name":"MEYDAN.TV","description":"Meydan TV Az\u0259rbaycan\u0131n media m\u0259kan\u0131ndak\u0131 alternativ s\u0259sidir","publisher":{"@id":"https:\/\/www.meydan.tv\/az\/#organization"},"potentialAction":[{"@type":"SearchAction","target":{"@type":"EntryPoint","urlTemplate":"https:\/\/www.meydan.tv\/az\/?s={search_term_string}"},"query-input":{"@type":"PropertyValueSpecification","valueRequired":true,"valueName":"search_term_string"}}],"inLanguage":"az"},{"@type":"Organization","@id":"https:\/\/www.meydan.tv\/az\/#organization","name":"Meydan TV","url":"https:\/\/www.meydan.tv\/az\/","logo":{"@type":"ImageObject","inLanguage":"az","@id":"https:\/\/www.meydan.tv\/az\/#\/schema\/logo\/image\/","url":"https:\/\/www.meydan.tv\/wp-content\/uploads\/2021\/07\/meydan-logo.svg","contentUrl":"https:\/\/www.meydan.tv\/wp-content\/uploads\/2021\/07\/meydan-logo.svg","width":195,"height":46,"caption":"Meydan TV"},"image":{"@id":"https:\/\/www.meydan.tv\/az\/#\/schema\/logo\/image\/"}},{"@type":"Person","@id":"https:\/\/www.meydan.tv\/az\/#\/schema\/person\/10d11eccf6da3662cf5fdab9806ea91a","name":"user-manager"}]}},"_links":{"self":[{"href":"https:\/\/www.meydan.tv\/az\/wp-json\/wp\/v2\/posts\/169207","targetHints":{"allow":["GET"]}}],"collection":[{"href":"https:\/\/www.meydan.tv\/az\/wp-json\/wp\/v2\/posts"}],"about":[{"href":"https:\/\/www.meydan.tv\/az\/wp-json\/wp\/v2\/types\/post"}],"author":[{"embeddable":true,"href":"https:\/\/www.meydan.tv\/az\/wp-json\/wp\/v2\/users\/11"}],"replies":[{"embeddable":true,"href":"https:\/\/www.meydan.tv\/az\/wp-json\/wp\/v2\/comments?post=169207"}],"version-history":[{"count":0,"href":"https:\/\/www.meydan.tv\/az\/wp-json\/wp\/v2\/posts\/169207\/revisions"}],"wp:featuredmedia":[{"embeddable":true,"href":"https:\/\/www.meydan.tv\/az\/wp-json\/wp\/v2\/media\/30539"}],"wp:attachment":[{"href":"https:\/\/www.meydan.tv\/az\/wp-json\/wp\/v2\/media?parent=169207"}],"wp:term":[{"taxonomy":"category","embeddable":true,"href":"https:\/\/www.meydan.tv\/az\/wp-json\/wp\/v2\/categories?post=169207"},{"taxonomy":"post_tag","embeddable":true,"href":"https:\/\/www.meydan.tv\/az\/wp-json\/wp\/v2\/tags?post=169207"}],"curies":[{"name":"wp","href":"https:\/\/api.w.org\/{rel}","templated":true}]}}