{"id":169142,"date":"2015-07-29T18:32:05","date_gmt":"2015-07-29T18:32:05","guid":{"rendered":"https:\/\/www.meydan.tv\/article\/ideoloji-girisler\/"},"modified":"2015-07-29T18:32:05","modified_gmt":"2015-07-29T18:32:05","slug":"ideoloji-girisler","status":"publish","type":"post","link":"https:\/\/www.meydan.tv\/az\/article\/ideoloji-girisler\/","title":{"rendered":"\u0130deoloji giri\u015fl\u0259r"},"content":{"rendered":"<figure class=\"wp-block-image size-large\">\n  <img decoding=\"async\" src=\"https:\/\/www.meydan.tv\/az\/30335\/\" alt=\"\" class=\"wp-image-30335\"\/><figcaption><\/figcaption><\/figure>\n<figure class=\"wp-block-image size-large\">\n  <img decoding=\"async\" src=\"https:\/\/www.meydan.tv\/az\/30338\/\" alt=\"\" class=\"wp-image-30338\"\/><figcaption><\/figcaption><\/figure>\n<p>\n  He\u00e7 birin\u0259 \u00fcst\u00fcnl\u00fck verm\u0259d\u0259n deyim ki, insan\u00a0 h\u00fcquq v\u0259 azadl\u0131qlar\u0131 i\u00e7\u0259risind\u0259 s\u00f6z, fikir, d\u00fc\u015f\u00fcnc\u0259 azadl\u0131\u011f\u0131 vacib yerl\u0259rd\u0259n birini tutur. Bu aralar \u00fcz\u0259rind\u0259 d\u00fc\u015f\u00fcnd\u00fcy\u00fcm m\u00f6vzulardan biri d\u0259, d\u00fc\u015f\u00fcnc\u0259 azadl\u0131\u011f\u0131n\u0131n bir qolu kimi oxucu azadl\u0131\u011f\u0131d\u0131r. Oxucu azadl\u0131\u011f\u0131 dedikd\u0259, dar m\u0259nada,\u00a0 oxucunun oxudu\u011fu m\u0259tnl\u0259rl\u0259 ba\u011fl\u0131 he\u00e7 bir k\u00f6m\u0259klik, y\u00f6nl\u0259ndirm\u0259 olmadan t\u0259kba\u015f\u0131na n\u0259tic\u0259y\u0259 g\u0259lm\u0259si, oxudu\u011fu m\u0259tni \u201ct\u0259kba\u015f\u0131na olaraq h\u0259ll etm\u0259si\u201d, h\u0259zm etm\u0259sini n\u0259z\u0259rd\u0259 tuturam.\n<\/p>\n<p>\n  Bir\u00a0 az geriy\u0259 ged\u0259k, Sovet d\u00f6vr\u00fcn\u0259. Sovet d\u00f6vr\u00fcnd\u0259 \u00e7ap edil\u0259n b\u00fct\u00fcn kitablar\u0131n giri\u015f hiss\u0259si sosial-realizm bax\u0131\u015f buca\u011f\u0131ndan analiz edilmi\u015f m\u0259tnl\u0259rd\u0259n ibar\u0259t idi. \u00d6n s\u00f6z v\u0259 ya giri\u015f \u00e7evrilib olmu\u015fdu idealoji-analitik m\u0259tn. O d\u00f6vrd\u0259n qalm\u0131\u015f kitablar aras\u0131nda \u0259n \u00e7ox oxudu\u011fum b\u0259dii \u0259d\u0259biyyat olub. \u0130lk d\u00f6vrl\u0259rd\u0259 kitab\u0131n haras\u0131ndan ba\u015flamal\u0131 oldu\u011fumu bilmirdim, y\u0259ni \u201cgiri\u015fi\u201d oxuyum ya bir ba\u015fa m\u0259tn\u0259 ke\u00e7im dey\u0259 t\u0259r\u0259dd\u00fcd edirdim. T\u0259bii ki, \u0259f\u0259l, na\u015f\u0131 oldu\u011fumdan b\u00fct\u00fcn kitablar\u0131 \u201cgiri\u015fd\u0259n\u201d ba\u015flayaraq oxuma\u011fa ba\u015flad\u0131m. Sonradan bu, xo\u015fuma g\u0259ldi, \u00e7\u00fcnki oxudu\u011fumu rahatl\u0131qla \u201canlay\u0131rd\u0131m\u201d. Geriy\u0259 d\u00f6n\u00fcb baxanda, bel\u0259 etm\u0259kl\u0259 s\u0259hv etdiyimi, \u00f6z\u00fcm\u00fc dar idealoji \u00e7\u0259r\u00e7iv\u0259y\u0259 sald\u0131\u011f\u0131m\u0131, d\u00fc\u015f\u00fcnc\u0259 azadl\u0131\u011f\u0131m\u0131 m\u0259hdudla\u015fd\u0131rd\u0131\u011f\u0131m\u0131, \u00f6z yolumla deyil, m\u0259n\u0259 t\u0259lqin edil\u0259n yolla getdiyim \u00fc\u00e7\u00fcn m\u0259tni \u00f6z daxilimd\u0259 h\u0259ll ed\u0259 bilm\u0259mi\u015f\u0259m. Pe\u015fmanamm\u0131? H\u0259, pe\u015fmanam, g\u0259r\u0259k kitablar\u0131 giri\u015find\u0259n oxumayard\u0131m.\n<\/p>\n<p>\n  O d\u00f6vr\u00fcn kitablar\u0131 il\u0259 t\u0259mas\u0131 olmayanlar \u00fc\u00e7\u00fcn bir az ayd\u0131nl\u0131q g\u0259tirim. Dem\u0259li, m\u0259s\u0259l\u0259n, Cek Londonun \u201cMartin Eden\u201d roman\u0131n\u0131 oxumaq ist\u0259yirs\u0259n. Kitabda romanla ba\u011fl\u0131 \u201cgiri\u015f\u201d yazan t\u0259nqidci v\u0259 ya Cek London\u00e7u roman\u0131 sosializm bax\u0131\u015f buca\u011f\u0131ndan analiz edir. Romandak\u0131 m\u00fc\u0259yy\u0259n hiss\u0259l\u0259rd\u0259n misal ver\u0259r\u0259k, kapitalist c\u0259miyy\u0259tinin iyr\u0259nclikl\u0259ri kimi t\u0259qdim edir. Siz, y\u0259ni, oxucu, roman\u0131 oxuduqca, giri\u015f hiss\u0259d\u0259 verilmi\u015f bu y\u00f6nl\u0259ndirm\u0259 il\u0259 romana yana\u015f\u0131r, onu ba\u015fqas\u0131n\u0131n bax\u0131\u015f buca\u011f\u0131ndan d\u0259rk etm\u0259y\u0259 ba\u015flay\u0131rs\u0131z. Buna uyaraq oxudu\u011funuz roman\u0131 anlad\u0131\u011f\u0131n\u0131z\u0131 fikirl\u0259\u015firsiz, amma, \u0259slind\u0259, art\u0131q o m\u0259tn, o roman sizin deyil, siz onu anlamam\u0131s\u0131z. Siz roman\u0131 \u00f6z\u00fcn\u00fcz t\u0259kba\u015f\u0131na h\u0259zm ed\u0259 bilm\u0259misiz. Siz, sisteml\u0259, s\u00fcni yolla qidaland\u0131r\u0131lm\u0131s\u0131z.\n<\/p>\n<p>\n  Bu tipli analizin dig\u0259r m\u0259nfi t\u0259r\u0259fi odur ki, roman\u0131 bir insan\u0131n yazd\u0131\u011f\u0131n\u0131 unudursuz. \u201cGiri\u015f\u201d sizi idealoji-siyasi bataql\u0131\u011fa sal\u0131r, roman insanilikd\u0259n \u00e7\u0131x\u0131b siyasil\u0259\u015fir. Siz roman\u0131 oxuduqca, f\u0259rdin ya\u015fad\u0131\u011f\u0131 faic\u0259l\u0259r\u0259\u2013 acl\u0131\u011fa, yoxsullu\u011fa, h\u0259tta sevgiy\u0259, nifr\u0259t\u0259 &#8211; insani bax\u0131\u015fdan deyil, siyasi sistem, kapitalist-iqtisadiyyat\u0131n f\u0259sadlar\u0131 buca\u011f\u0131ndan bax\u0131rs\u0131z. M\u0259s\u0259l\u0259n, bu giri\u015fin dediyin\u0259 g\u00f6r\u0259, A-n\u0131n, B-y\u0259 olan sevgisinin faci\u0259 il\u0259 n\u0259tic\u0259l\u0259nm\u0259sinin s\u0259b\u0259bi m\u00f6vcud siyasi-sosial-iqtisadi sistemd\u0259n qaynaqlan\u0131r. G\u00fclm\u0259lidir deyilmi? M\u0259n d\u0259 o c\u00fcr oxumu\u015f, o c\u00fcr alq\u0131lam\u0131\u015fd\u0131m.\n<\/p>\n<p>\n  Daha sonralar f\u0259rqli dill\u0259rd\u0259 kitablar al\u0131b oxuma\u011fa ba\u015flad\u0131qda, bu kitablarda giri\u015fl\u0259rin olmamas\u0131, roman\u0131n birba\u015fa ba\u015flamas\u0131 m\u0259ni \u00e7a\u015fd\u0131rd\u0131. \u0130lk vaxtlar qorxu-h\u00fcrk\u00fc m\u0259ni b\u00fcr\u00fcy\u00fcrd\u00fc, ax\u0131 m\u0259n izahat olmadan nec\u0259 oxuyacam bunlar\u0131? Qorxurdum ki, oxudu\u011fum roman\u0131, m\u0259tni anlamayacaq, onu ba\u015fa d\u00fc\u015fm\u0259y\u0259c\u0259m. H\u0259r yeni kitabda bu qorxunu yenid\u0259n ya\u015fay\u0131r, kitab\u0131 oxuyub bitirdikd\u0259n sonra bu d\u0259f\u0259 d\u0259 \u201cg\u00f6r\u0259s\u0259n, yaz\u0131\u00e7\u0131n\u0131n dem\u0259k ist\u0259dikl\u0259rini anlad\u0131mm\u0131?\u201d sual\u0131n\u0131n yaratd\u0131\u011f\u0131 qorxunu ya\u015fay\u0131rd\u0131m. \u00d6z\u00fcm\u00fc he\u00e7 bir x\u0259rit\u0259, kompas olmadan a\u00e7\u0131q d\u0259niz\u0259 burax\u0131lm\u0131\u015f kimi hiss edirdim, hara ged\u0259c\u0259m, nec\u0259 ged\u0259c\u0259m, gedib \u00e7atd\u0131qdan sonra n\u0259 ed\u0259c\u0259m (bu sonuncu suala cavab\u0131n axtar\u0131\u015f\u0131 yen\u0259 d\u0259 \u201cgiri\u015fl\u0259r\u201d t\u0259r\u0259find\u0259n m\u0259n\u0259 a\u015f\u0131lanm\u0131\u015fd\u0131, sanki h\u0259r \u015fey sonda m\u0259nalanmal\u0131d\u0131r dey\u0259) bilmirdim. \u0130lk vaxtlarda \u00e7\u0259tin oldu, amma, dostlarla oxuduqlar\u0131m\u0131z \u00fcz\u0259rin\u0259 m\u00fczakir\u0259l\u0259r a\u00e7d\u0131qca, kitab\u0131 \u00f6z\u00fcm\u00fcn anlad\u0131\u011f\u0131m bax\u0131\u015f buca\u011f\u0131ndan izah etm\u0259y\u0259 ba\u015flay\u0131r, yava\u015f-yava\u015f \u00f6z yolumu tap\u0131rd\u0131m. Bu h\u0259y\u0259canverici idi, sanki d\u0259nizi \u00f6z\u00fcm \u00fczm\u00fc\u015f, sahil\u0259 x\u0259tas\u0131z-b\u0259las\u0131z yan alm\u0131\u015fd\u0131m.\n<\/p>\n<p>\n  Bu yaz\u0131 il\u0259 sosializm\u0259 qar\u015f\u0131 oldu\u011fumu demir\u0259m. M\u0259nim m\u00fcbahis\u0259l\u0259ndirdiyim, yanl\u0131\u015f hesab etdiyim, \u00fcmumiyy\u0259tl\u0259, yaz\u0131\u00e7\u0131 il\u0259 oxucu aras\u0131na girmi\u015f m\u0259tnl\u0259rl\u0259 ba\u011fl\u0131d\u0131r. Bunun solu-sa\u011f\u0131 yoxdur, m\u0259n b\u00fct\u00fcn izahatlar, giri\u015fl\u0259r, \u00f6n s\u00f6zl\u0259r bar\u0259d\u0259 dan\u0131\u015f\u0131ram. \u018fd\u0259biyyat, m\u0259xsusi olaraq, b\u0259dii \u0259d\u0259biyyat yaz\u0131\u00e7\u0131 il\u0259 oxucunun aras\u0131na p\u0259r\u00e7iml\u0259ndirilmi\u015f, institutla\u015fm\u0131\u015f analizl\u0259rd\u0259n t\u0259mizl\u0259nm\u0259lidir. D\u00fcnya art\u0131q bunu \u00e7oxdan edib.\n<\/p>\n<p>\n  Orta m\u0259kt\u0259bd\u0259 oxuyanda \u0259d\u0259biyyat d\u0259rsliyind\u0259 bu c\u00fcr m\u0259tnl\u0259r\u00a0 it\u0259-t\u00f6k idi. Y\u0259qin indi d\u0259 durur, d\u0259qiq bilmir\u0259m. Bu d\u0259rslikl\u0259rd\u0259 romanlar\u0131, \u015feirl\u0259ri, \u00fcmumi olaraq des\u0259k, m\u0259tnl\u0259ri analiz etmi\u015f t\u0259nqidcil\u0259r oxucunu \u00f6z arxas\u0131nca s\u00fcr\u00fckl\u0259yir, ona y\u00f6n verir. M\u0259n, Nizaminin \u201c\u0130sg\u0259nd\u0259rnam\u0259\u201dsini oxuyanda orda kommunist c\u0259miyy\u0259ti axtarmamal\u0131 idim, ba\u015fqa c\u00fcr ifad\u0259 ets\u0259m, ya \u00f6z\u00fcm bunu k\u0259\u015ff etm\u0259li idim,\u00a0 ya da m\u0259nim tapd\u0131\u011f\u0131m bu c\u0259miyy\u0259t\u0259 \u00f6z\u00fcm ad qoymal\u0131 idim. Nizaminin \u0130sg\u0259nd\u0259rnam\u0259sind\u0259 komunist c\u0259miyy\u0259td\u0259n dan\u0131\u015f\u0131ld\u0131\u011f\u0131n\u0131 he\u00e7 kim m\u0259n\u0259 dikt\u0259 etm\u0259m\u0259li idi, \u00e7\u00fcnki m\u0259hz bu y\u00f6nl\u0259ndirm\u0259nin n\u0259tic\u0259sidir ki, m\u0259nim o kitabdan yad\u0131mda qalan s\u0131rf bu olub. Daha d\u0259qiq, m\u0259n bu g\u00fcn d\u0259 d\u00fc\u015f\u00fcn\u00fcr\u0259m ki, Nizami bu kitab\u0131 utopik c\u0259miyy\u0259t t\u0259svir etm\u0259k \u00fc\u00e7\u00fcn yaz\u0131b. \u018fslind\u0259 is\u0259, o kitabda ba\u015fqa \u00e7ox m\u0259tl\u0259bl\u0259r olub, anlamam\u0131\u015fam.\n<\/p>\n<p>\n  \u0130talo Kalvino \u201cHekay\u0259l\u0259r\u201d adl\u0131 kitab\u0131\u0131n giri\u015f hiss\u0259sind\u0259 yaz\u0131r:\n<\/p>\n<p>\n  &#8230;Montalenin \u201cOccasioni\u201d (F\u00fcrs\u0259tl\u0259r) notlar\u0131n\u0131 xat\u0131rlay\u0131rs\u0131z? G\u0259nc bir oxucu kimi, x\u00fcsus\u0259n d\u0259 \u00e7\u0259tin anla\u015f\u0131lan bir \u015feir oxuduqdan sonra, d\u0259rhal kitab\u0131n sonundak\u0131 ki\u00e7ik notlar hiss\u0259sin\u0259 bax\u0131rd\u0131m, bir yard\u0131m, bir k\u00f6m\u0259k varm\u0131 dey\u0259. Xeyr, g\u00f6zl\u0259diyimiz \u015fey haqq\u0131nda he\u00e7 bir \u015fey dem\u0259y\u0259n, m\u0259lumat xarakterli ki\u00e7ik notlar idi bunlar. Amma h\u0259qiqi d\u0259rs d\u0259 m\u0259hz burda idi: \u00f6z\u00fcn t\u0259kba\u015f\u0131na h\u0259ll et! B\u0259lk\u0259 d\u0259, bu biz\u0259 veril\u0259n \u0259n yax\u015f\u0131 d\u0259rs idi\u201d.\n<\/p>\n<p>\n  Sonda, bir daha ba\u015fl\u0131\u011fa geri qay\u0131daraq deyim ki, m\u0259n\u0259 g\u00f6r\u0259 yaz\u0131\u00e7\u0131 il\u0259 oxucunun aras\u0131na girmi\u015f m\u0259tn oxucunun \u00f6z\u00fc ist\u0259diyi kimi d\u00fc\u015f\u00fcn\u00fcb anlamaq, d\u0259rk etm\u0259k azadl\u0131\u011f\u0131na m\u00fcdaxil\u0259dir. Oxucunun n\u0259 anlamas\u0131n\u0131 onun \u00f6z\u00fcn\u0259 buraxmal\u0131, onun n\u0259tic\u0259l\u0259r\u0259 g\u0259lm\u0259sin\u0259 k\u00f6m\u0259k edilm\u0259m\u0259lidir. D\u00fc\u015f\u00fcn\u00fcr\u0259m ki, kitab haqq\u0131nda giri\u015fl\u0259r analitik yox, informatik \u0259sasl\u0131 olmal\u0131d\u0131r. \u0130ndiki internet \u0259srind\u0259 oxucu \u00f6z\u00fc ist\u0259s\u0259, gedib kitab haqq\u0131nda yaz\u0131lm\u0131\u015f analizl\u0259ri tap\u0131b oxuya bil\u0259r.\n<\/p>\n<p>\n  <b><br \/>\n    Yaz\u0131 m\u00fc\u0259llifin \u015f\u0259xsi m\u00f6vqeyini \u0259ks etdirir&#8230;<br \/>\n  <\/b><\/p>\n","protected":false},"excerpt":{"rendered":"<p>Pe\u015fmanamm\u0131, h\u0259, pe\u015fmanam&#8230;<\/p>\n","protected":false},"author":11,"featured_media":30335,"comment_status":"closed","ping_status":"open","sticky":false,"template":"","format":"standard","meta":{"_acf_changed":false,"_sitemap_exclude":false,"_sitemap_priority":"","_sitemap_frequency":"","footnotes":""},"categories":[57],"tags":[],"class_list":["post-169142","post","type-post","status-publish","format-standard","has-post-thumbnail","hentry","category-menim-fikrimce","infinite-scroll-item","generate-columns","tablet-grid-50","mobile-grid-100","grid-parent","grid-33","no-featured-image-padding"],"acf":[],"yoast_head":"<!-- This site is optimized with the Yoast SEO plugin v27.5 - https:\/\/yoast.com\/product\/yoast-seo-wordpress\/ -->\n<title>\u0130deoloji giri\u015fl\u0259r - MEYDAN.TV<\/title>\n<meta name=\"robots\" content=\"index, follow, max-snippet:-1, max-image-preview:large, max-video-preview:-1\" \/>\n<link rel=\"canonical\" href=\"https:\/\/www.meydan.tv\/az\/article\/ideoloji-girisler\/\" \/>\n<meta property=\"og:locale\" content=\"az_AZ\" \/>\n<meta property=\"og:type\" content=\"article\" \/>\n<meta property=\"og:title\" content=\"\u0130deoloji giri\u015fl\u0259r - MEYDAN.TV\" \/>\n<meta property=\"og:description\" content=\"Pe\u015fmanamm\u0131, h\u0259, pe\u015fmanam...\" \/>\n<meta property=\"og:url\" content=\"https:\/\/www.meydan.tv\/az\/article\/ideoloji-girisler\/\" \/>\n<meta property=\"og:site_name\" content=\"MEYDAN.TV\" \/>\n<meta property=\"article:published_time\" content=\"2015-07-29T18:32:05+00:00\" \/>\n<meta property=\"og:image\" content=\"https:\/\/www.meydan.tv\/wp-content\/uploads\/11316.jpg\" \/>\n\t<meta property=\"og:image:width\" content=\"500\" \/>\n\t<meta property=\"og:image:height\" content=\"500\" \/>\n\t<meta property=\"og:image:type\" content=\"image\/jpeg\" \/>\n<meta name=\"author\" content=\"user-manager\" \/>\n<meta name=\"twitter:card\" content=\"summary_large_image\" \/>\n<script type=\"application\/ld+json\" class=\"yoast-schema-graph\">{\"@context\":\"https:\\\/\\\/schema.org\",\"@graph\":[{\"@type\":\"Article\",\"@id\":\"https:\\\/\\\/www.meydan.tv\\\/az\\\/article\\\/ideoloji-girisler\\\/#article\",\"isPartOf\":{\"@id\":\"https:\\\/\\\/www.meydan.tv\\\/az\\\/article\\\/ideoloji-girisler\\\/\"},\"author\":{\"name\":\"user-manager\",\"@id\":\"https:\\\/\\\/www.meydan.tv\\\/az\\\/#\\\/schema\\\/person\\\/10d11eccf6da3662cf5fdab9806ea91a\"},\"headline\":\"\u0130deoloji giri\u015fl\u0259r\",\"datePublished\":\"2015-07-29T18:32:05+00:00\",\"mainEntityOfPage\":{\"@id\":\"https:\\\/\\\/www.meydan.tv\\\/az\\\/article\\\/ideoloji-girisler\\\/\"},\"wordCount\":1321,\"publisher\":{\"@id\":\"https:\\\/\\\/www.meydan.tv\\\/az\\\/#organization\"},\"image\":{\"@id\":\"https:\\\/\\\/www.meydan.tv\\\/az\\\/article\\\/ideoloji-girisler\\\/#primaryimage\"},\"thumbnailUrl\":\"https:\\\/\\\/www.meydan.tv\\\/wp-content\\\/uploads\\\/11316.jpg\",\"articleSection\":[\"M\u0259nim Fikrimc\u0259\"],\"inLanguage\":\"az\"},{\"@type\":\"WebPage\",\"@id\":\"https:\\\/\\\/www.meydan.tv\\\/az\\\/article\\\/ideoloji-girisler\\\/\",\"url\":\"https:\\\/\\\/www.meydan.tv\\\/az\\\/article\\\/ideoloji-girisler\\\/\",\"name\":\"\u0130deoloji giri\u015fl\u0259r - MEYDAN.TV\",\"isPartOf\":{\"@id\":\"https:\\\/\\\/www.meydan.tv\\\/az\\\/#website\"},\"primaryImageOfPage\":{\"@id\":\"https:\\\/\\\/www.meydan.tv\\\/az\\\/article\\\/ideoloji-girisler\\\/#primaryimage\"},\"image\":{\"@id\":\"https:\\\/\\\/www.meydan.tv\\\/az\\\/article\\\/ideoloji-girisler\\\/#primaryimage\"},\"thumbnailUrl\":\"https:\\\/\\\/www.meydan.tv\\\/wp-content\\\/uploads\\\/11316.jpg\",\"datePublished\":\"2015-07-29T18:32:05+00:00\",\"breadcrumb\":{\"@id\":\"https:\\\/\\\/www.meydan.tv\\\/az\\\/article\\\/ideoloji-girisler\\\/#breadcrumb\"},\"inLanguage\":\"az\",\"potentialAction\":[{\"@type\":\"ReadAction\",\"target\":[\"https:\\\/\\\/www.meydan.tv\\\/az\\\/article\\\/ideoloji-girisler\\\/\"]}]},{\"@type\":\"ImageObject\",\"inLanguage\":\"az\",\"@id\":\"https:\\\/\\\/www.meydan.tv\\\/az\\\/article\\\/ideoloji-girisler\\\/#primaryimage\",\"url\":\"https:\\\/\\\/www.meydan.tv\\\/wp-content\\\/uploads\\\/11316.jpg\",\"contentUrl\":\"https:\\\/\\\/www.meydan.tv\\\/wp-content\\\/uploads\\\/11316.jpg\",\"width\":500,\"height\":500,\"caption\":\"Source:\"},{\"@type\":\"BreadcrumbList\",\"@id\":\"https:\\\/\\\/www.meydan.tv\\\/az\\\/article\\\/ideoloji-girisler\\\/#breadcrumb\",\"itemListElement\":[{\"@type\":\"ListItem\",\"position\":1,\"name\":\"Ana s\u0259hif\u0259\",\"item\":\"https:\\\/\\\/www.meydan.tv\\\/az\\\/\"},{\"@type\":\"ListItem\",\"position\":2,\"name\":\"M\u0259nim Fikrimc\u0259\",\"item\":\"https:\\\/\\\/www.meydan.tv\\\/az\\\/section\\\/menim-fikrimce\\\/\"},{\"@type\":\"ListItem\",\"position\":3,\"name\":\"\u0130deoloji giri\u015fl\u0259r\"}]},{\"@type\":\"WebSite\",\"@id\":\"https:\\\/\\\/www.meydan.tv\\\/az\\\/#website\",\"url\":\"https:\\\/\\\/www.meydan.tv\\\/az\\\/\",\"name\":\"MEYDAN.TV\",\"description\":\"Meydan TV Az\u0259rbaycan\u0131n media m\u0259kan\u0131ndak\u0131 alternativ s\u0259sidir\",\"publisher\":{\"@id\":\"https:\\\/\\\/www.meydan.tv\\\/az\\\/#organization\"},\"potentialAction\":[{\"@type\":\"SearchAction\",\"target\":{\"@type\":\"EntryPoint\",\"urlTemplate\":\"https:\\\/\\\/www.meydan.tv\\\/az\\\/?s={search_term_string}\"},\"query-input\":{\"@type\":\"PropertyValueSpecification\",\"valueRequired\":true,\"valueName\":\"search_term_string\"}}],\"inLanguage\":\"az\"},{\"@type\":\"Organization\",\"@id\":\"https:\\\/\\\/www.meydan.tv\\\/az\\\/#organization\",\"name\":\"Meydan TV\",\"url\":\"https:\\\/\\\/www.meydan.tv\\\/az\\\/\",\"logo\":{\"@type\":\"ImageObject\",\"inLanguage\":\"az\",\"@id\":\"https:\\\/\\\/www.meydan.tv\\\/az\\\/#\\\/schema\\\/logo\\\/image\\\/\",\"url\":\"https:\\\/\\\/www.meydan.tv\\\/wp-content\\\/uploads\\\/2021\\\/07\\\/meydan-logo.svg\",\"contentUrl\":\"https:\\\/\\\/www.meydan.tv\\\/wp-content\\\/uploads\\\/2021\\\/07\\\/meydan-logo.svg\",\"width\":195,\"height\":46,\"caption\":\"Meydan TV\"},\"image\":{\"@id\":\"https:\\\/\\\/www.meydan.tv\\\/az\\\/#\\\/schema\\\/logo\\\/image\\\/\"}},{\"@type\":\"Person\",\"@id\":\"https:\\\/\\\/www.meydan.tv\\\/az\\\/#\\\/schema\\\/person\\\/10d11eccf6da3662cf5fdab9806ea91a\",\"name\":\"user-manager\"}]}<\/script>\n<!-- \/ Yoast SEO plugin. -->","yoast_head_json":{"title":"\u0130deoloji giri\u015fl\u0259r - MEYDAN.TV","robots":{"index":"index","follow":"follow","max-snippet":"max-snippet:-1","max-image-preview":"max-image-preview:large","max-video-preview":"max-video-preview:-1"},"canonical":"https:\/\/www.meydan.tv\/az\/article\/ideoloji-girisler\/","og_locale":"az_AZ","og_type":"article","og_title":"\u0130deoloji giri\u015fl\u0259r - MEYDAN.TV","og_description":"Pe\u015fmanamm\u0131, h\u0259, pe\u015fmanam...","og_url":"https:\/\/www.meydan.tv\/az\/article\/ideoloji-girisler\/","og_site_name":"MEYDAN.TV","article_published_time":"2015-07-29T18:32:05+00:00","og_image":[{"width":500,"height":500,"url":"https:\/\/www.meydan.tv\/wp-content\/uploads\/11316.jpg","type":"image\/jpeg"}],"author":"user-manager","twitter_card":"summary_large_image","schema":{"@context":"https:\/\/schema.org","@graph":[{"@type":"Article","@id":"https:\/\/www.meydan.tv\/az\/article\/ideoloji-girisler\/#article","isPartOf":{"@id":"https:\/\/www.meydan.tv\/az\/article\/ideoloji-girisler\/"},"author":{"name":"user-manager","@id":"https:\/\/www.meydan.tv\/az\/#\/schema\/person\/10d11eccf6da3662cf5fdab9806ea91a"},"headline":"\u0130deoloji giri\u015fl\u0259r","datePublished":"2015-07-29T18:32:05+00:00","mainEntityOfPage":{"@id":"https:\/\/www.meydan.tv\/az\/article\/ideoloji-girisler\/"},"wordCount":1321,"publisher":{"@id":"https:\/\/www.meydan.tv\/az\/#organization"},"image":{"@id":"https:\/\/www.meydan.tv\/az\/article\/ideoloji-girisler\/#primaryimage"},"thumbnailUrl":"https:\/\/www.meydan.tv\/wp-content\/uploads\/11316.jpg","articleSection":["M\u0259nim Fikrimc\u0259"],"inLanguage":"az"},{"@type":"WebPage","@id":"https:\/\/www.meydan.tv\/az\/article\/ideoloji-girisler\/","url":"https:\/\/www.meydan.tv\/az\/article\/ideoloji-girisler\/","name":"\u0130deoloji giri\u015fl\u0259r - MEYDAN.TV","isPartOf":{"@id":"https:\/\/www.meydan.tv\/az\/#website"},"primaryImageOfPage":{"@id":"https:\/\/www.meydan.tv\/az\/article\/ideoloji-girisler\/#primaryimage"},"image":{"@id":"https:\/\/www.meydan.tv\/az\/article\/ideoloji-girisler\/#primaryimage"},"thumbnailUrl":"https:\/\/www.meydan.tv\/wp-content\/uploads\/11316.jpg","datePublished":"2015-07-29T18:32:05+00:00","breadcrumb":{"@id":"https:\/\/www.meydan.tv\/az\/article\/ideoloji-girisler\/#breadcrumb"},"inLanguage":"az","potentialAction":[{"@type":"ReadAction","target":["https:\/\/www.meydan.tv\/az\/article\/ideoloji-girisler\/"]}]},{"@type":"ImageObject","inLanguage":"az","@id":"https:\/\/www.meydan.tv\/az\/article\/ideoloji-girisler\/#primaryimage","url":"https:\/\/www.meydan.tv\/wp-content\/uploads\/11316.jpg","contentUrl":"https:\/\/www.meydan.tv\/wp-content\/uploads\/11316.jpg","width":500,"height":500,"caption":"Source:"},{"@type":"BreadcrumbList","@id":"https:\/\/www.meydan.tv\/az\/article\/ideoloji-girisler\/#breadcrumb","itemListElement":[{"@type":"ListItem","position":1,"name":"Ana s\u0259hif\u0259","item":"https:\/\/www.meydan.tv\/az\/"},{"@type":"ListItem","position":2,"name":"M\u0259nim Fikrimc\u0259","item":"https:\/\/www.meydan.tv\/az\/section\/menim-fikrimce\/"},{"@type":"ListItem","position":3,"name":"\u0130deoloji giri\u015fl\u0259r"}]},{"@type":"WebSite","@id":"https:\/\/www.meydan.tv\/az\/#website","url":"https:\/\/www.meydan.tv\/az\/","name":"MEYDAN.TV","description":"Meydan TV Az\u0259rbaycan\u0131n media m\u0259kan\u0131ndak\u0131 alternativ s\u0259sidir","publisher":{"@id":"https:\/\/www.meydan.tv\/az\/#organization"},"potentialAction":[{"@type":"SearchAction","target":{"@type":"EntryPoint","urlTemplate":"https:\/\/www.meydan.tv\/az\/?s={search_term_string}"},"query-input":{"@type":"PropertyValueSpecification","valueRequired":true,"valueName":"search_term_string"}}],"inLanguage":"az"},{"@type":"Organization","@id":"https:\/\/www.meydan.tv\/az\/#organization","name":"Meydan TV","url":"https:\/\/www.meydan.tv\/az\/","logo":{"@type":"ImageObject","inLanguage":"az","@id":"https:\/\/www.meydan.tv\/az\/#\/schema\/logo\/image\/","url":"https:\/\/www.meydan.tv\/wp-content\/uploads\/2021\/07\/meydan-logo.svg","contentUrl":"https:\/\/www.meydan.tv\/wp-content\/uploads\/2021\/07\/meydan-logo.svg","width":195,"height":46,"caption":"Meydan TV"},"image":{"@id":"https:\/\/www.meydan.tv\/az\/#\/schema\/logo\/image\/"}},{"@type":"Person","@id":"https:\/\/www.meydan.tv\/az\/#\/schema\/person\/10d11eccf6da3662cf5fdab9806ea91a","name":"user-manager"}]}},"_links":{"self":[{"href":"https:\/\/www.meydan.tv\/az\/wp-json\/wp\/v2\/posts\/169142","targetHints":{"allow":["GET"]}}],"collection":[{"href":"https:\/\/www.meydan.tv\/az\/wp-json\/wp\/v2\/posts"}],"about":[{"href":"https:\/\/www.meydan.tv\/az\/wp-json\/wp\/v2\/types\/post"}],"author":[{"embeddable":true,"href":"https:\/\/www.meydan.tv\/az\/wp-json\/wp\/v2\/users\/11"}],"replies":[{"embeddable":true,"href":"https:\/\/www.meydan.tv\/az\/wp-json\/wp\/v2\/comments?post=169142"}],"version-history":[{"count":0,"href":"https:\/\/www.meydan.tv\/az\/wp-json\/wp\/v2\/posts\/169142\/revisions"}],"wp:featuredmedia":[{"embeddable":true,"href":"https:\/\/www.meydan.tv\/az\/wp-json\/wp\/v2\/media\/30335"}],"wp:attachment":[{"href":"https:\/\/www.meydan.tv\/az\/wp-json\/wp\/v2\/media?parent=169142"}],"wp:term":[{"taxonomy":"category","embeddable":true,"href":"https:\/\/www.meydan.tv\/az\/wp-json\/wp\/v2\/categories?post=169142"},{"taxonomy":"post_tag","embeddable":true,"href":"https:\/\/www.meydan.tv\/az\/wp-json\/wp\/v2\/tags?post=169142"}],"curies":[{"name":"wp","href":"https:\/\/api.w.org\/{rel}","templated":true}]}}