{"id":169140,"date":"2015-07-29T17:33:25","date_gmt":"2015-07-29T17:33:25","guid":{"rendered":"https:\/\/www.meydan.tv\/article\/menim-subyektiv-fikrim\/"},"modified":"2015-07-29T17:33:25","modified_gmt":"2015-07-29T17:33:25","slug":"menim-subyektiv-fikrim","status":"publish","type":"post","link":"https:\/\/www.meydan.tv\/az\/article\/menim-subyektiv-fikrim\/","title":{"rendered":"M\u0259nim subyektiv fikrim"},"content":{"rendered":"<figure class=\"wp-block-image size-large\">\n  <img decoding=\"async\" src=\"https:\/\/www.meydan.tv\/az\/30295\/\" alt=\"\" class=\"wp-image-30295\"\/><figcaption><\/figcaption><\/figure>\n<figure class=\"wp-block-image size-large\">\n  <img decoding=\"async\" src=\"https:\/\/www.meydan.tv\/az\/30298\/\" alt=\"\" class=\"wp-image-30298\"\/><figcaption><\/figcaption><\/figure>\n<p>\n  Bu yax\u0131nlarda Amerika<br \/>\n  <a href=\"http:\/\/www.houstonpress.com\/arts\/no-it-s-not-your-opinion-you-re-just-wrong-7611752\" target=\"_blank\" rel=\"noopener\"><br \/>\n    m\u0259tbuat\u0131nda<br \/>\n  <\/a><br \/>\n  \u201csubyektiv fikir\u201d deyil\u0259n n\u0259sn\u0259 bar\u0259d\u0259 yaz\u0131 oxudum. Yaz\u0131 m\u0259nim \u00fc\u00e7\u00fcn maraql\u0131 oldu\u011funa g\u00f6r\u0259 v\u0259 Az\u0259rbaycanda a\u015fa\u011f\u0131 s\u0259viyy\u0259d\u0259 olan diskussiya m\u0259d\u0259niyy\u0259tin\u0259 minimal t\u00f6hf\u0259 verm\u0259k m\u0259qs\u0259dil\u0259 ilk \u00f6nc\u0259 onu ingilisc\u0259d\u0259n dilimiz\u0259 \u00e7evirm\u0259k ist\u0259s\u0259m d\u0259, sonradan d\u00fc\u015f\u00fcnd\u00fcm ki, yaz\u0131da yer alan kontekst v\u0259 misallar Amerikaya daha uy\u011fun oldu\u011funa g\u00f6r\u0259, ad\u0131\u00e7\u0259kil\u0259n yaz\u0131dan h\u0259v\u0259sl\u0259nib Az\u0259rbaycan kontekstin\u0259 v\u0259 g\u00fcn\u00fcm\u00fcz\u00fcn reall\u0131\u011f\u0131na uy\u011fun fikirl\u0259rimi yaz\u0131m.\n<\/p>\n<p>\n  \u0130nternet v\u0259 sosial \u015f\u0259b\u0259k\u0259l\u0259r h\u0259r k\u0259s\u0259 a\u011f\u0131ll\u0131-a\u011f\u0131ls\u0131z, m\u0259nal\u0131-m\u0259nas\u0131z, istinadl\u0131-istinads\u0131z fikir bildirm\u0259y\u0259 \u015f\u0259rait yarad\u0131r v\u0259 \u00e7oxumuz saatlarla vaxt\u0131m\u0131z\u0131 m\u00fcxt\u0259lif s\u0259viyy\u0259li m\u00fczakir\u0259l\u0259r\u0259 s\u0259rf edirik. Bu imkan b\u0259zi tendensiyalar\u0131 m\u00fc\u015fahid\u0259 etm\u0259k f\u00fcrs\u0259ti verir. \u018fsas tendensiyalardan biri insanlar\u0131n m\u00fczakir\u0259 zaman\u0131 divara s\u0131x\u0131\u015fd\u0131r\u0131landa \u201cbu m\u0259nim subyektiv fikrimdir\u201d arqumentind\u0259n genin\u0259-boluna istifad\u0259sidir. Bu s\u00f6z\u00fc dey\u0259n\/yazan \u015f\u0259xs d\u00fc\u015f\u00fcn\u00fcr ki, onun subyektiv fikrin\u0259 n\u0259 olursa, olsun, h\u00f6rm\u0259t edilm\u0259lidir. \u201cBu, m\u0259nim subyektiv fikrimdir\u201d ifad\u0259si bir \u00e7ox m\u00fczakir\u0259l\u0259rd\u0259 dua kimi t\u0259krarlan\u0131r v\u0259 m\u0259qs\u0259di \u0259ks halda he\u00e7 bir t\u0259nqid\u0259 tab g\u0259tirm\u0259y\u0259c\u0259k fikr\u0259 legitimlik qazand\u0131rmaqd\u0131r. Ancaq burada b\u0259zi \u0259mmalar var.\n<\/p>\n<p>\n  Faktlar, he\u00e7 bir dart\u0131\u015fmas\u0131 olmayan bilikl\u0259r var. M\u0259s\u0259l\u0259n, qat\u0131q a\u011fd\u0131r (a\u011f\u0131n h\u0259r hans\u0131 bir \u00e7alar\u0131). Bu, g\u00f6zl\u0259 g\u00f6r\u00fcn\u0259n bir \u015feydir v\u0259 m\u00fczakir\u0259y\u0259 a\u00e7\u0131q deyil. Ancaq b\u0259zil\u0259ri m\u00fczakir\u0259 zaman\u0131 d\u00fc\u015f\u00fcn\u00fcrl\u0259r ki, \u201cqat\u0131q qarad\u0131r v\u0259 bu m\u0259nim subyektiv fikrimdir v\u0259 s\u0259n ona h\u00f6rm\u0259t etm\u0259lis\u0259n\u201d dey\u0259nd\u0259, qar\u015f\u0131 t\u0259r\u0259f sakitc\u0259 ba\u015f\u0131n\u0131 a\u015fa\u011f\u0131 sal\u0131b raz\u0131la\u015fmal\u0131d\u0131r ki, qat\u0131\u011f\u0131n h\u0259qiq\u0259t\u0259n d\u0259 qara olmaq ehtimal\u0131 var.\n<\/p>\n<p>\n  V\u0259 ya g\u00f6zl\u0259 g\u00f6r\u00fcn\u0259n olmasa da, d\u00fc\u015f\u00fcn\u00fcb, oxuyub, ara\u015fd\u0131r\u0131b \u201cJirinovski Rusiyan\u0131n \u0259n populyar siyas\u0259t\u00e7isi deyil\u201d tipli g\u0259ldiyin q\u0259na\u0259tl\u0259r var. Bu q\u0259na\u0259t\u0259 g\u0259lm\u0259k \u00fc\u00e7\u00fcn vaxt v\u0259 enerji x\u0259rcl\u0259yirs\u0259n, m\u0259tbuat izl\u0259yirs\u0259n v\u0259s. lakin qar\u015f\u0131 t\u0259r\u0259f he\u00e7 bir ara\u015fd\u0131rma aparmadan, m\u00f6vzu bar\u0259d\u0259 m\u0259lumat\u0131 olmadan deyir ki, \u201cyox, \u0259n populyar\u0131 el\u0259 Jirinovskidir, bu m\u0259nim subyektiv fikrimdir v\u0259 s\u0259n ona h\u00f6rm\u0259t etm\u0259lis\u0259n\u201d.\n<\/p>\n<p>\n  M\u00fczakir\u0259d\u0259 layiqli t\u0259r\u0259f m\u00fcqabili olmaq ist\u0259y\u0259nl\u0259r anlamal\u0131d\u0131r ki, b\u0259zi m\u0259s\u0259l\u0259l\u0259rd\u0259 subyektiv fikir ola bilm\u0259z, sual alt\u0131nda olmayan faktlar var. Qat\u0131q subyektiv fikird\u0259n as\u0131l\u0131 olmayaraq a\u011fd\u0131r. M\u0259tbuat\u0131 v\u0259 Rusiya g\u00fcnd\u0259mini az-\u00e7ox daimi izl\u0259m\u0259k Jirinovskinin \u0259n az\u0131 Putind\u0259n az populyar oldu\u011funu s\u00f6yl\u0259m\u0259y\u0259 d\u0259 kifay\u0259t edir, bu dart\u0131\u015fma m\u00f6vzusu ola bilm\u0259z. \u201cBu m\u0259nim subyektiv fikrimdir\u201d duas\u0131 b\u0259zi h\u0259qiq\u0259tl\u0259ri d\u0259yi\u015fmir v\u0259 absurd fikirl\u0259ri legitiml\u0259\u015fdir\u0259 bilm\u0259z.\n<\/p>\n<p>\n  \u201cReal Madrid d\u00fcnyan\u0131n \u0259n g\u00fccl\u00fc komandas\u0131d\u0131r\u201d, \u201cq\u0131rm\u0131z\u0131 r\u0259ng g\u00f6z\u0259ldir\u201d is\u0259 subyektiv fikirl\u0259rdir v\u0259 futbol v\u0259 ya r\u0259ngl\u0259rl\u0259 ba\u011fl\u0131 m\u00fczakir\u0259d\u0259 legitim q\u0259na\u0259t (m\u00fctl\u0259q h\u0259qiq\u0259t yox) kimi s\u0259sl\u0259ndiril\u0259 v\u0259 m\u00fcdafi\u0259 oluna bil\u0259r. Yuxar\u0131da qeyd etdiyim n\u00fcmun\u0259l\u0259rd\u0259n f\u0259rqi a\u00e7\u0131q-ayd\u0131n g\u00f6r\u00fcn\u00fcr.\n<\/p>\n<p>\n  Odur ki, m\u0259nim subyektiv fikrim\u0259 g\u00f6r\u0259, m\u00fczakir\u0259 zaman\u0131 fakt v\u0259 h\u0259qiq\u0259tl\u0259ri subyektiv m\u00fclahiz\u0259l\u0259rd\u0259n ay\u0131rma\u011f\u0131 bacarmaq laz\u0131md\u0131r. Bu, normal m\u00fczakir\u0259nin getm\u0259si \u00fc\u00e7\u00fcn ilkin \u015f\u0259rtdir.\n<\/p>\n<p>\n  <b><br \/>\n    Yaz\u0131 m\u00fc\u0259llifin \u015f\u0259xsi m\u00f6vqeyini \u0259ks etdirir&#8230;<br \/>\n  <\/b><\/p>\n","protected":false},"excerpt":{"rendered":"<p>\u0130nternet trollar\u0131 bu yaz\u0131n\u0131 oxumaya da bil\u0259rl\u0259r<\/p>\n","protected":false},"author":11,"featured_media":30295,"comment_status":"closed","ping_status":"open","sticky":false,"template":"","format":"standard","meta":{"_acf_changed":false,"_sitemap_exclude":false,"_sitemap_priority":"","_sitemap_frequency":"","footnotes":""},"categories":[57],"tags":[],"class_list":["post-169140","post","type-post","status-publish","format-standard","has-post-thumbnail","hentry","category-menim-fikrimce","infinite-scroll-item","generate-columns","tablet-grid-50","mobile-grid-100","grid-parent","grid-33","no-featured-image-padding"],"acf":[],"yoast_head":"<!-- This site is optimized with the Yoast SEO plugin v27.5 - https:\/\/yoast.com\/product\/yoast-seo-wordpress\/ -->\n<title>M\u0259nim subyektiv fikrim - MEYDAN.TV<\/title>\n<meta name=\"robots\" content=\"index, follow, max-snippet:-1, max-image-preview:large, max-video-preview:-1\" \/>\n<link rel=\"canonical\" href=\"https:\/\/www.meydan.tv\/az\/article\/menim-subyektiv-fikrim\/\" \/>\n<meta property=\"og:locale\" content=\"az_AZ\" \/>\n<meta property=\"og:type\" content=\"article\" \/>\n<meta property=\"og:title\" content=\"M\u0259nim subyektiv fikrim - MEYDAN.TV\" \/>\n<meta property=\"og:description\" content=\"\u0130nternet trollar\u0131 bu yaz\u0131n\u0131 oxumaya da bil\u0259rl\u0259r\" \/>\n<meta property=\"og:url\" content=\"https:\/\/www.meydan.tv\/az\/article\/menim-subyektiv-fikrim\/\" \/>\n<meta property=\"og:site_name\" content=\"MEYDAN.TV\" \/>\n<meta property=\"article:published_time\" content=\"2015-07-29T17:33:25+00:00\" \/>\n<meta property=\"og:image\" content=\"https:\/\/www.meydan.tv\/wp-content\/uploads\/11291.jpg\" \/>\n\t<meta property=\"og:image:width\" content=\"500\" \/>\n\t<meta property=\"og:image:height\" content=\"500\" \/>\n\t<meta property=\"og:image:type\" content=\"image\/jpeg\" \/>\n<meta name=\"author\" content=\"user-manager\" \/>\n<meta name=\"twitter:card\" content=\"summary_large_image\" \/>\n<script type=\"application\/ld+json\" class=\"yoast-schema-graph\">{\"@context\":\"https:\\\/\\\/schema.org\",\"@graph\":[{\"@type\":\"Article\",\"@id\":\"https:\\\/\\\/www.meydan.tv\\\/az\\\/article\\\/menim-subyektiv-fikrim\\\/#article\",\"isPartOf\":{\"@id\":\"https:\\\/\\\/www.meydan.tv\\\/az\\\/article\\\/menim-subyektiv-fikrim\\\/\"},\"author\":{\"name\":\"user-manager\",\"@id\":\"https:\\\/\\\/www.meydan.tv\\\/az\\\/#\\\/schema\\\/person\\\/10d11eccf6da3662cf5fdab9806ea91a\"},\"headline\":\"M\u0259nim subyektiv fikrim\",\"datePublished\":\"2015-07-29T17:33:25+00:00\",\"mainEntityOfPage\":{\"@id\":\"https:\\\/\\\/www.meydan.tv\\\/az\\\/article\\\/menim-subyektiv-fikrim\\\/\"},\"wordCount\":694,\"publisher\":{\"@id\":\"https:\\\/\\\/www.meydan.tv\\\/az\\\/#organization\"},\"image\":{\"@id\":\"https:\\\/\\\/www.meydan.tv\\\/az\\\/article\\\/menim-subyektiv-fikrim\\\/#primaryimage\"},\"thumbnailUrl\":\"https:\\\/\\\/www.meydan.tv\\\/wp-content\\\/uploads\\\/11291.jpg\",\"articleSection\":[\"M\u0259nim Fikrimc\u0259\"],\"inLanguage\":\"az\"},{\"@type\":\"WebPage\",\"@id\":\"https:\\\/\\\/www.meydan.tv\\\/az\\\/article\\\/menim-subyektiv-fikrim\\\/\",\"url\":\"https:\\\/\\\/www.meydan.tv\\\/az\\\/article\\\/menim-subyektiv-fikrim\\\/\",\"name\":\"M\u0259nim subyektiv fikrim - MEYDAN.TV\",\"isPartOf\":{\"@id\":\"https:\\\/\\\/www.meydan.tv\\\/az\\\/#website\"},\"primaryImageOfPage\":{\"@id\":\"https:\\\/\\\/www.meydan.tv\\\/az\\\/article\\\/menim-subyektiv-fikrim\\\/#primaryimage\"},\"image\":{\"@id\":\"https:\\\/\\\/www.meydan.tv\\\/az\\\/article\\\/menim-subyektiv-fikrim\\\/#primaryimage\"},\"thumbnailUrl\":\"https:\\\/\\\/www.meydan.tv\\\/wp-content\\\/uploads\\\/11291.jpg\",\"datePublished\":\"2015-07-29T17:33:25+00:00\",\"breadcrumb\":{\"@id\":\"https:\\\/\\\/www.meydan.tv\\\/az\\\/article\\\/menim-subyektiv-fikrim\\\/#breadcrumb\"},\"inLanguage\":\"az\",\"potentialAction\":[{\"@type\":\"ReadAction\",\"target\":[\"https:\\\/\\\/www.meydan.tv\\\/az\\\/article\\\/menim-subyektiv-fikrim\\\/\"]}]},{\"@type\":\"ImageObject\",\"inLanguage\":\"az\",\"@id\":\"https:\\\/\\\/www.meydan.tv\\\/az\\\/article\\\/menim-subyektiv-fikrim\\\/#primaryimage\",\"url\":\"https:\\\/\\\/www.meydan.tv\\\/wp-content\\\/uploads\\\/11291.jpg\",\"contentUrl\":\"https:\\\/\\\/www.meydan.tv\\\/wp-content\\\/uploads\\\/11291.jpg\",\"width\":500,\"height\":500,\"caption\":\"Source:\"},{\"@type\":\"BreadcrumbList\",\"@id\":\"https:\\\/\\\/www.meydan.tv\\\/az\\\/article\\\/menim-subyektiv-fikrim\\\/#breadcrumb\",\"itemListElement\":[{\"@type\":\"ListItem\",\"position\":1,\"name\":\"Ana s\u0259hif\u0259\",\"item\":\"https:\\\/\\\/www.meydan.tv\\\/az\\\/\"},{\"@type\":\"ListItem\",\"position\":2,\"name\":\"M\u0259nim Fikrimc\u0259\",\"item\":\"https:\\\/\\\/www.meydan.tv\\\/az\\\/section\\\/menim-fikrimce\\\/\"},{\"@type\":\"ListItem\",\"position\":3,\"name\":\"M\u0259nim subyektiv fikrim\"}]},{\"@type\":\"WebSite\",\"@id\":\"https:\\\/\\\/www.meydan.tv\\\/az\\\/#website\",\"url\":\"https:\\\/\\\/www.meydan.tv\\\/az\\\/\",\"name\":\"MEYDAN.TV\",\"description\":\"Meydan TV Az\u0259rbaycan\u0131n media m\u0259kan\u0131ndak\u0131 alternativ s\u0259sidir\",\"publisher\":{\"@id\":\"https:\\\/\\\/www.meydan.tv\\\/az\\\/#organization\"},\"potentialAction\":[{\"@type\":\"SearchAction\",\"target\":{\"@type\":\"EntryPoint\",\"urlTemplate\":\"https:\\\/\\\/www.meydan.tv\\\/az\\\/?s={search_term_string}\"},\"query-input\":{\"@type\":\"PropertyValueSpecification\",\"valueRequired\":true,\"valueName\":\"search_term_string\"}}],\"inLanguage\":\"az\"},{\"@type\":\"Organization\",\"@id\":\"https:\\\/\\\/www.meydan.tv\\\/az\\\/#organization\",\"name\":\"Meydan TV\",\"url\":\"https:\\\/\\\/www.meydan.tv\\\/az\\\/\",\"logo\":{\"@type\":\"ImageObject\",\"inLanguage\":\"az\",\"@id\":\"https:\\\/\\\/www.meydan.tv\\\/az\\\/#\\\/schema\\\/logo\\\/image\\\/\",\"url\":\"https:\\\/\\\/www.meydan.tv\\\/wp-content\\\/uploads\\\/2021\\\/07\\\/meydan-logo.svg\",\"contentUrl\":\"https:\\\/\\\/www.meydan.tv\\\/wp-content\\\/uploads\\\/2021\\\/07\\\/meydan-logo.svg\",\"width\":195,\"height\":46,\"caption\":\"Meydan TV\"},\"image\":{\"@id\":\"https:\\\/\\\/www.meydan.tv\\\/az\\\/#\\\/schema\\\/logo\\\/image\\\/\"}},{\"@type\":\"Person\",\"@id\":\"https:\\\/\\\/www.meydan.tv\\\/az\\\/#\\\/schema\\\/person\\\/10d11eccf6da3662cf5fdab9806ea91a\",\"name\":\"user-manager\"}]}<\/script>\n<!-- \/ Yoast SEO plugin. -->","yoast_head_json":{"title":"M\u0259nim subyektiv fikrim - MEYDAN.TV","robots":{"index":"index","follow":"follow","max-snippet":"max-snippet:-1","max-image-preview":"max-image-preview:large","max-video-preview":"max-video-preview:-1"},"canonical":"https:\/\/www.meydan.tv\/az\/article\/menim-subyektiv-fikrim\/","og_locale":"az_AZ","og_type":"article","og_title":"M\u0259nim subyektiv fikrim - MEYDAN.TV","og_description":"\u0130nternet trollar\u0131 bu yaz\u0131n\u0131 oxumaya da bil\u0259rl\u0259r","og_url":"https:\/\/www.meydan.tv\/az\/article\/menim-subyektiv-fikrim\/","og_site_name":"MEYDAN.TV","article_published_time":"2015-07-29T17:33:25+00:00","og_image":[{"width":500,"height":500,"url":"https:\/\/www.meydan.tv\/wp-content\/uploads\/11291.jpg","type":"image\/jpeg"}],"author":"user-manager","twitter_card":"summary_large_image","schema":{"@context":"https:\/\/schema.org","@graph":[{"@type":"Article","@id":"https:\/\/www.meydan.tv\/az\/article\/menim-subyektiv-fikrim\/#article","isPartOf":{"@id":"https:\/\/www.meydan.tv\/az\/article\/menim-subyektiv-fikrim\/"},"author":{"name":"user-manager","@id":"https:\/\/www.meydan.tv\/az\/#\/schema\/person\/10d11eccf6da3662cf5fdab9806ea91a"},"headline":"M\u0259nim subyektiv fikrim","datePublished":"2015-07-29T17:33:25+00:00","mainEntityOfPage":{"@id":"https:\/\/www.meydan.tv\/az\/article\/menim-subyektiv-fikrim\/"},"wordCount":694,"publisher":{"@id":"https:\/\/www.meydan.tv\/az\/#organization"},"image":{"@id":"https:\/\/www.meydan.tv\/az\/article\/menim-subyektiv-fikrim\/#primaryimage"},"thumbnailUrl":"https:\/\/www.meydan.tv\/wp-content\/uploads\/11291.jpg","articleSection":["M\u0259nim Fikrimc\u0259"],"inLanguage":"az"},{"@type":"WebPage","@id":"https:\/\/www.meydan.tv\/az\/article\/menim-subyektiv-fikrim\/","url":"https:\/\/www.meydan.tv\/az\/article\/menim-subyektiv-fikrim\/","name":"M\u0259nim subyektiv fikrim - MEYDAN.TV","isPartOf":{"@id":"https:\/\/www.meydan.tv\/az\/#website"},"primaryImageOfPage":{"@id":"https:\/\/www.meydan.tv\/az\/article\/menim-subyektiv-fikrim\/#primaryimage"},"image":{"@id":"https:\/\/www.meydan.tv\/az\/article\/menim-subyektiv-fikrim\/#primaryimage"},"thumbnailUrl":"https:\/\/www.meydan.tv\/wp-content\/uploads\/11291.jpg","datePublished":"2015-07-29T17:33:25+00:00","breadcrumb":{"@id":"https:\/\/www.meydan.tv\/az\/article\/menim-subyektiv-fikrim\/#breadcrumb"},"inLanguage":"az","potentialAction":[{"@type":"ReadAction","target":["https:\/\/www.meydan.tv\/az\/article\/menim-subyektiv-fikrim\/"]}]},{"@type":"ImageObject","inLanguage":"az","@id":"https:\/\/www.meydan.tv\/az\/article\/menim-subyektiv-fikrim\/#primaryimage","url":"https:\/\/www.meydan.tv\/wp-content\/uploads\/11291.jpg","contentUrl":"https:\/\/www.meydan.tv\/wp-content\/uploads\/11291.jpg","width":500,"height":500,"caption":"Source:"},{"@type":"BreadcrumbList","@id":"https:\/\/www.meydan.tv\/az\/article\/menim-subyektiv-fikrim\/#breadcrumb","itemListElement":[{"@type":"ListItem","position":1,"name":"Ana s\u0259hif\u0259","item":"https:\/\/www.meydan.tv\/az\/"},{"@type":"ListItem","position":2,"name":"M\u0259nim Fikrimc\u0259","item":"https:\/\/www.meydan.tv\/az\/section\/menim-fikrimce\/"},{"@type":"ListItem","position":3,"name":"M\u0259nim subyektiv fikrim"}]},{"@type":"WebSite","@id":"https:\/\/www.meydan.tv\/az\/#website","url":"https:\/\/www.meydan.tv\/az\/","name":"MEYDAN.TV","description":"Meydan TV Az\u0259rbaycan\u0131n media m\u0259kan\u0131ndak\u0131 alternativ s\u0259sidir","publisher":{"@id":"https:\/\/www.meydan.tv\/az\/#organization"},"potentialAction":[{"@type":"SearchAction","target":{"@type":"EntryPoint","urlTemplate":"https:\/\/www.meydan.tv\/az\/?s={search_term_string}"},"query-input":{"@type":"PropertyValueSpecification","valueRequired":true,"valueName":"search_term_string"}}],"inLanguage":"az"},{"@type":"Organization","@id":"https:\/\/www.meydan.tv\/az\/#organization","name":"Meydan TV","url":"https:\/\/www.meydan.tv\/az\/","logo":{"@type":"ImageObject","inLanguage":"az","@id":"https:\/\/www.meydan.tv\/az\/#\/schema\/logo\/image\/","url":"https:\/\/www.meydan.tv\/wp-content\/uploads\/2021\/07\/meydan-logo.svg","contentUrl":"https:\/\/www.meydan.tv\/wp-content\/uploads\/2021\/07\/meydan-logo.svg","width":195,"height":46,"caption":"Meydan TV"},"image":{"@id":"https:\/\/www.meydan.tv\/az\/#\/schema\/logo\/image\/"}},{"@type":"Person","@id":"https:\/\/www.meydan.tv\/az\/#\/schema\/person\/10d11eccf6da3662cf5fdab9806ea91a","name":"user-manager"}]}},"_links":{"self":[{"href":"https:\/\/www.meydan.tv\/az\/wp-json\/wp\/v2\/posts\/169140","targetHints":{"allow":["GET"]}}],"collection":[{"href":"https:\/\/www.meydan.tv\/az\/wp-json\/wp\/v2\/posts"}],"about":[{"href":"https:\/\/www.meydan.tv\/az\/wp-json\/wp\/v2\/types\/post"}],"author":[{"embeddable":true,"href":"https:\/\/www.meydan.tv\/az\/wp-json\/wp\/v2\/users\/11"}],"replies":[{"embeddable":true,"href":"https:\/\/www.meydan.tv\/az\/wp-json\/wp\/v2\/comments?post=169140"}],"version-history":[{"count":0,"href":"https:\/\/www.meydan.tv\/az\/wp-json\/wp\/v2\/posts\/169140\/revisions"}],"wp:featuredmedia":[{"embeddable":true,"href":"https:\/\/www.meydan.tv\/az\/wp-json\/wp\/v2\/media\/30295"}],"wp:attachment":[{"href":"https:\/\/www.meydan.tv\/az\/wp-json\/wp\/v2\/media?parent=169140"}],"wp:term":[{"taxonomy":"category","embeddable":true,"href":"https:\/\/www.meydan.tv\/az\/wp-json\/wp\/v2\/categories?post=169140"},{"taxonomy":"post_tag","embeddable":true,"href":"https:\/\/www.meydan.tv\/az\/wp-json\/wp\/v2\/tags?post=169140"}],"curies":[{"name":"wp","href":"https:\/\/api.w.org\/{rel}","templated":true}]}}