{"id":169069,"date":"2015-07-25T13:02:54","date_gmt":"2015-07-25T13:02:54","guid":{"rendered":"https:\/\/www.meydan.tv\/article\/ezel-azal\/"},"modified":"2015-07-25T13:02:54","modified_gmt":"2015-07-25T13:02:54","slug":"ezel-azal","status":"publish","type":"post","link":"https:\/\/www.meydan.tv\/az\/article\/ezel-azal\/","title":{"rendered":"\u018fz\u0259l Azal"},"content":{"rendered":"<figure class=\"wp-block-image size-large\">\n  <img decoding=\"async\" src=\"https:\/\/www.meydan.tv\/az\/27887\/\" alt=\"\" class=\"wp-image-27887\"\/><figcaption><\/figcaption><\/figure>\n<figure class=\"wp-block-image size-large\">\n  <img decoding=\"async\" src=\"https:\/\/www.meydan.tv\/az\/27890\/\" alt=\"\" class=\"wp-image-27890\"\/><figcaption><\/figcaption><\/figure>\n<p>\n  \u0130caz\u0259li m\u00f6vzu art\u0131q on g\u00fcnl\u0259rdi g\u00fcnd\u0259mi z\u0259bt edib, he\u00e7 bu \u201c\u0259m\u0259kdar jurnalist\u201d s\u00f6hb\u0259tl\u0259ri d\u0259 ondan iki q\u0131z\u0131l k\u0259rpicd\u0259n \u00e7ox qopara bilm\u0259di. M\u0259s\u0259l\u0259 o h\u0259dd\u0259 \u00e7at\u0131b ki, art\u0131q ANS-filan da AZAL-\u0131 l\u0259n\u0259tl\u0259yir, deyir ki, inhisar\u00e7\u0131-monopolist-filand\u0131, rusdilli qaqa\u015flar ne\u00e7\u0259 g\u00fcnd\u00fcr forumlarda \u00f6z\u00fcn\u0259 \u201clezva\u201d vurur, \u201cqan su yerin\u0259 ax\u0131r\u201d, \u00f6l\u0259nl\u0259rin g\u00f6z\u00fcnd\u0259 d\u0259h\u015f\u0259t var, \u00f6ld\u00fcr\u00fcl\u0259nl\u0259rin g\u00f6z\u00fcnd\u0259 v\u0259h\u015f\u0259t!\n<\/p>\n<p>\n  H\u0259tta AZAL il\u0259 ne\u00e7\u0259 ill\u0259r m\u00fcft\u0259 u\u00e7mu\u015f Az\u0259r Q\u0259ribov yolda\u015f da dil\u0259 g\u0259lib, i\u015f g\u00f6r n\u0259 h\u0259dd\u0259 \u00e7at\u0131b, ay camaat! G\u00f6r xalq\u0131, sad\u0259 camaat\u0131, v\u0259t\u0259nda\u015flar\u0131 nec\u0259 sev\u0259nl\u0259r varm\u0131\u015f, he\u00e7 bir maraqlara-filana baxmay\u0131b, s\u00f6z\u00fc nec\u0259 \u015fax deyirl\u0259r sif\u0259t\u0259?! \u0130ndi nec\u0259 onlar\u0131n k\u00f6lg\u0259sind\u0259 dan\u0131\u015fmayaq biz d\u0259 bu haqda, ax\u0131 \u015fair demi\u015fk\u0259n?!:\n<\/p>\n<p>\n  <i><br \/>\n    Ey m\u00fcs\u0259lmanlar, bu g\u00fcn ol yari-p\u00fcnhan ayr\u0131l\u0131r,<br \/>\n  <\/i>\n<\/p>\n<p>\n  <i><br \/>\n    A\u011flamay\u0131m neyl\u0259yim, \u00e7\u00fcn g\u00f6vd\u0259d\u0259n can ayr\u0131l\u0131r.<br \/>\n  <\/i>\n<\/p>\n<p>\n  B\u00fct\u00fcn s\u00f6hb\u0259t g\u0259lib dir\u0259nib ona ki, bu AZAL monopolistdi, xalq\u0131n g\u00fcl kimi \u201clow cost\u201d u\u00e7u\u015flar\u0131na qada\u011fa qoyub. Do\u011frudur, yolda\u015flar, nec\u0259 d\u0259 bizi bu q\u0259d\u0259r uzun ill\u0259r aldad\u0131bm\u0131\u015f bunlar, g\u00fcl kimi \u015f\u0259ffaf \u00f6lk\u0259d\u0259 aram\u0131zda t\u00fcfeyli \u00fcns\u00fcrl\u0259r varm\u0131\u015f!\n<\/p>\n<p>\n  \u018fslind\u0259 is\u0259 bu \u201clow cost airlines\u201d-zad s\u00f6hb\u0259tl\u0259ri \u00e7ox m\u0259nas\u0131zd\u0131r. \u00c7\u00fcnki bu m\u0259s\u0259l\u0259 indinin s\u00f6hb\u0259ti deyil, bunu anlatmaq \u00fc\u00e7\u00fcn \u00e7ox-\u00e7ox uzaqlardan ba\u015flamaq g\u0259r\u0259kdir. H\u0259l\u0259 2002-ci ild\u0259, o zamank\u0131 Lufthansa-n\u0131n ba\u015f meneceri \u00e7\u0131x\u0131b demi\u015fdi ki, biz bu bazar\u0131 t\u0259rk ed\u0259c\u0259yik, \u00e7\u00fcnki Bak\u0131 aeroportu vergi y\u0131\u011f\u0131m\u0131 \u00fczr\u0259 d\u00fcnyan\u0131n (!) \u0259n bahal\u0131 aeroportudur. E\u015fidib, mat qalm\u0131\u015fd\u0131m &#8211; o zamanlar \u00e7ox sad\u0259l\u00f6vh idik, duza gedirdik h\u0259l\u0259. H\u0259l\u0259 o zaman kims\u0259 \u00f6lk\u0259nin b\u00fct\u00fcnl\u00fckl\u0259 i\u015f\u011fal edildiyinin f\u0259rqind\u0259 deyildi.\n<\/p>\n<p>\n  Dem\u0259li, bu, art\u0131q h\u0259l\u0259 2002-ci ild\u0259 h\u0259min o menecer t\u0259r\u0259find\u0259n b\u0259yan edilmi\u015fdi v\u0259 Bak\u0131ya u\u00e7an bir \u00e7ox n\u00fcfuzlu \u015firk\u0259tl\u0259r t\u0259rk etmi\u015fdi buran\u0131 \u2013 KLM, Emirates v\u0259 s. H\u0259min b\u0259yanatdan d\u00fcz 12 il sonra, ke\u00e7\u0259n ilin dekabr\u0131nda \u201c<br \/>\n  <i><br \/>\n    Miles&amp;smiles\u201d<br \/>\n  <\/i><br \/>\n  proqram\u0131 \u00fczr\u0259 T\u00fcrk Hava yollar\u0131 il\u0259 K\u00f6lnd\u0259n Bak\u0131ya m\u00fcft\u0259 biletl\u0259 g\u0259lm\u0259li idim. Bileti almaq \u00fc\u00e7\u00fcn K\u00f6ln aeroportuna yolland\u0131m. M\u0259lum oldu ki, bilet pulsuz olsa da, \u00fcst\u00fcnd\u0259n daha 267\u20ac (!) \u00f6d\u0259m\u0259liy\u0259m, bunlar da aeroport y\u0131\u011f\u0131mlar\u0131d\u0131r. Bu y\u0131\u011f\u0131mlar\u0131n niy\u0259 bu q\u0259d\u0259r baha oldu\u011funu soru\u015fanda f\u0259rql\u0259r\u0259 mat qald\u0131m &#8211; K\u00f6ln v\u0259 \u0130stanbul kifay\u0259t q\u0259d\u0259r ucuz idi, Bak\u0131 is\u0259 onlar\u0131n c\u0259mind\u0259n d\u0259 xeyli baha! Dem\u0259li, 12 il \u00f6nc\u0259ki durum uzun ill\u0259r davam etmi\u015f, indi d\u0259 davam etm\u0259kd\u0259dir. H\u0259l\u0259 12 il \u00f6nc\u0259 bu haqda alman qarda\u015f r\u0259smi b\u0259yanat vermi\u015fdi, onunla birt\u0259h\u0259r anla\u015fd\u0131lar, sonralar da nec\u0259 laz\u0131md\u0131 uzun-uzun ill\u0259r bel\u0259 gedildi, bel\u0259 d\u0259 ged\u0259c\u0259k. 12 ildir biz ham\u0131m\u0131z, harayasa s\u0259f\u0259r ed\u0259nd\u0259 bu pullar\u0131 hara laz\u0131msa, ora da \u00f6d\u0259yirik.\n<\/p>\n<p>\n  Odur ki, l\u00fctf\u0259n, m\u0259nas\u0131z adamlar ortaya d\u00fc\u015f\u00fcb az oynas\u0131n, h\u00f6rm\u0259tli rusdillil\u0259r d\u0259 bir balaca toxdas\u0131n, n\u0259f\u0259sini d\u0259rsin &#8211; ba\u015fa d\u00fc\u015f\u00fcr\u00fck ki, siz ham\u0131n\u0131z intellektual, mental, dental, b\u0259lk\u0259 h\u0259tta genital patriotsunuz, amma bu i\u015fd\u0259 b\u00fct\u00fcn bunlar \u00e7ox az k\u00f6m\u0259k ed\u0259c\u0259k. \u00d6lk\u0259d\u0259 k\u00f6kl\u00fc islahatlar g\u0259r\u0259kdir.\n<\/p>\n<p>\n  U\u00e7urumun az qala astanas\u0131nda dayanm\u0131\u015f bir \u00f6lk\u0259d\u0259 kosmetik d\u0259yi\u015fiklikl\u0259rd\u0259n icaz\u0259li dan\u0131\u015fan bac\u0131-qarda\u015flar, \u0259slind\u0259 el\u0259 siz d\u0259 u\u00e7urumun astanas\u0131ndas\u0131n\u0131z. Dem\u0259k, AZAL monopolistdi. Yax\u015f\u0131, \u00e7a\u015f\u0131b sonra ba\u015fqalar\u0131na da inhisar\u00e7\u0131-filan des\u0259niz, onda n\u0259 olar g\u00f6r\u0259n? M\u0259\u015fhur mahn\u0131da deyil\u0259n kimi, \u201cn\u0259 ed\u0259rs\u0259n m\u0259n\u0259, n\u0259 ed\u0259rs\u0259n?\u201d\n<\/p>\n<p>\n  Burada m\u0259n\u0259 etiraz edib dey\u0259 bil\u0259rl\u0259r ki, haqs\u0131zsan, d\u00fcz dan\u0131\u015fm\u0131rsan, m\u0259s\u0259l\u0259n, q\u0131sa m\u00fcdd\u0259t \u0259rzind\u0259 olsa da, \u201clow cost airlines\u201d \u201cWizz-air\u201d Bak\u0131-Budape\u015ft reysini yerin\u0259 yetirirdi, bu reys\u0259 bileti \u00f6nc\u0259d\u0259n alsan Avropaya t\u0259xmini 55-60\u20ac (!) qiym\u0259tin\u0259 ged\u0259 bil\u0259rdin.\n<\/p>\n<p>\n  \u018flb\u0259tt\u0259 ki, haql\u0131s\u0131n\u0131z, \u0259zizl\u0259rim. O m\u00f6c\u00fcz\u0259 olub, m\u0259n d\u0259 onun \u015fahidi idim, amma o s\u00f6hb\u0259t sizi \u00e7a\u015fd\u0131rmas\u0131n, g\u00f6z\u0259l insanlar. Nec\u0259 d\u00fc\u015f\u00fcn\u00fcrs\u00fcn\u00fcz, o \u201clow cost airlines\u201d x\u00fcsusi icaz\u0259siz buralara daxil ola bil\u0259rdimi v\u0259 o bu xidm\u0259ti o qiym\u0259t\u0259 nec\u0259 ed\u0259 bil\u0259rdi? Bir d\u00fc\u015f\u00fcn\u00fcn, \u201cWizz-air\u201d \u015firk\u0259ti hans\u0131 \u00f6lk\u0259y\u0259 m\u0259xsusdur v\u0259 o zamanlar hans\u0131 \u00f6lk\u0259nin konsullu\u011fu viza (Schengen qiym\u0259ti o zaman h\u0259l\u0259 60\u20ac idi, zarafat-zad deyil ha!) m\u00fcraci\u0259tind\u0259n az qala partlay\u0131rd\u0131?\n<\/p>\n<p>\n  Cavab do\u011frudur \u2013 Macar\u0131stand\u0131r bu \u00f6lk\u0259 &#8211; o zaman bizim Avropadak\u0131 \u201cmuxtariyy\u0259timiz\u201d. Niy\u0259 bel\u0259 adland\u0131r\u0131ram? L\u00fctf\u0259n \u00f6z\u00fcn\u00fcz\u0259 sual edin; o zaman biziml\u0259 Macar\u0131stan aras\u0131ndak\u0131 b\u00f6y\u00fck anla\u015fma n\u0259d\u0259n ibar\u0259t idi v\u0259 bizim m\u0259hb\u0259sd\u0259ki zabitimiz hans\u0131 yollarla v\u0259t\u0259n\u0259 ekstradisiya edilmi\u015fdi? Bunlar bo\u015funam\u0131 edilm\u0259li idi? \u201cKe\u00e7\u0259l halva yey\u0259r, puluna minn\u0259t\u201d \u2013 m\u0259s\u0259li xatirinizd\u0259mi? \u201cLiberalizm dalana dir\u0259nib, bizim yolumuz oradan ke\u00e7mir, biz q\u0259dim (t\u00fcrk) k\u00f6kl\u0259rimiz\u0259 qay\u0131tmal\u0131y\u0131q, nicat oradad\u0131r\u201d \u2013 deyib, Erdo\u011fanla bizimkil\u0259rin r\u0259\u011fb\u0259tini (pul da\u011far\u00e7\u0131\u011f\u0131n\u0131) qazanan Macar\u0131stan\u0131n haz\u0131rk\u0131 ba\u015f naziri Victor Urban\u0131n \u00e7\u0131x\u0131\u015flar\u0131na diqq\u0259t ets\u0259niz, h\u0259r \u015fey yerin\u0259 d\u00fc\u015f\u0259rdi.\n<\/p>\n<p>\n  Amma v\u0259 lakin, \u0259b\u0259di he\u00e7 n\u0259 yoxdur, \u201cmuxtariyy\u0259t\u201d \u00f6z yerind\u0259, b\u00fct\u00fcn bunlar m\u00fcv\u0259qq\u0259ti olmal\u0131 idi. \u0130ndi n\u0259 deyirsiz, bir zabitd\u0259n \u00f6tr\u00fc, h\u0259tta onun ad\u0131 Ramil S\u0259f\u0259rov olsa bel\u0259, bizim h\u00f6rm\u0259tli m\u0259mur c\u0259nablar\u0131m\u0131z halal qazanclar\u0131ndan ke\u00e7m\u0259liydi? Ke\u00e7dil\u0259r d\u0259, daha n\u0259 q\u0259d\u0259r ist\u0259yirsiz ki? Anlayanlar bil\u0259r ki, burda b\u00f6y\u00fck hikm\u0259t var \u2013 h\u0259yat fani, \u00f6l\u00fcm ani. Neynirsiz bu fani d\u00fcnyada \u201clow cost\u201ddu-n\u0259di, onu, d\u0259d\u0259miz-bavam\u0131z \u201clow cost\u201d g\u00f6rm\u00fc\u015fd\u00fc?\n<\/p>\n<p>\n  <i><br \/>\n    Ey cig\u0259rsuz nari-firq\u0259td\u0259n N\u0259simi \u00e7ar\u0259 n\u0259?<br \/>\n  <\/i>\n<\/p>\n<p>\n  <i><br \/>\n    H\u0259r kim\u0259 &#8220;n\u0259hn\u00fc q\u0259s\u0259mna&#8221; \u00e7\u00fcn \u0259z\u0259ld\u0259n ayr\u0131l\u0131r..<br \/>\n  <\/i>\n<\/p>\n<p>\n  <i><br \/>\n    <b><br \/>\n      Yaz\u0131 m\u00fc\u0259llifin \u015f\u0259xsi m\u00f6vqeyini \u0259ks etdirir&#8230;<br \/>\n    <\/b><br \/>\n  <\/i><\/p>\n","protected":false},"excerpt":{"rendered":"<p>\u0130caz\u0259li m\u00f6vzu haqda dal\u011f\u0131n esse<\/p>\n","protected":false},"author":11,"featured_media":27887,"comment_status":"closed","ping_status":"open","sticky":false,"template":"","format":"standard","meta":{"_acf_changed":false,"_sitemap_exclude":false,"_sitemap_priority":"","_sitemap_frequency":"","footnotes":""},"categories":[57],"tags":[],"class_list":["post-169069","post","type-post","status-publish","format-standard","has-post-thumbnail","hentry","category-menim-fikrimce","infinite-scroll-item","generate-columns","tablet-grid-50","mobile-grid-100","grid-parent","grid-33","no-featured-image-padding"],"acf":[],"yoast_head":"<!-- This site is optimized with the Yoast SEO plugin v27.5 - https:\/\/yoast.com\/product\/yoast-seo-wordpress\/ -->\n<title>\u018fz\u0259l Azal - MEYDAN.TV<\/title>\n<meta name=\"robots\" content=\"index, follow, max-snippet:-1, max-image-preview:large, max-video-preview:-1\" \/>\n<link rel=\"canonical\" href=\"https:\/\/www.meydan.tv\/az\/article\/ezel-azal\/\" \/>\n<meta property=\"og:locale\" content=\"az_AZ\" \/>\n<meta property=\"og:type\" content=\"article\" \/>\n<meta property=\"og:title\" content=\"\u018fz\u0259l Azal - MEYDAN.TV\" \/>\n<meta property=\"og:description\" content=\"\u0130caz\u0259li m\u00f6vzu haqda dal\u011f\u0131n esse\" \/>\n<meta property=\"og:url\" content=\"https:\/\/www.meydan.tv\/az\/article\/ezel-azal\/\" \/>\n<meta property=\"og:site_name\" content=\"MEYDAN.TV\" \/>\n<meta property=\"article:published_time\" content=\"2015-07-25T13:02:54+00:00\" \/>\n<meta property=\"og:image\" content=\"https:\/\/www.meydan.tv\/wp-content\/uploads\/10271.png\" \/>\n\t<meta property=\"og:image:width\" content=\"500\" \/>\n\t<meta property=\"og:image:height\" content=\"500\" \/>\n\t<meta property=\"og:image:type\" content=\"image\/png\" \/>\n<meta name=\"author\" content=\"user-manager\" \/>\n<meta name=\"twitter:card\" content=\"summary_large_image\" \/>\n<script type=\"application\/ld+json\" class=\"yoast-schema-graph\">{\"@context\":\"https:\\\/\\\/schema.org\",\"@graph\":[{\"@type\":\"Article\",\"@id\":\"https:\\\/\\\/www.meydan.tv\\\/az\\\/article\\\/ezel-azal\\\/#article\",\"isPartOf\":{\"@id\":\"https:\\\/\\\/www.meydan.tv\\\/az\\\/article\\\/ezel-azal\\\/\"},\"author\":{\"name\":\"user-manager\",\"@id\":\"https:\\\/\\\/www.meydan.tv\\\/az\\\/#\\\/schema\\\/person\\\/10d11eccf6da3662cf5fdab9806ea91a\"},\"headline\":\"\u018fz\u0259l Azal\",\"datePublished\":\"2015-07-25T13:02:54+00:00\",\"mainEntityOfPage\":{\"@id\":\"https:\\\/\\\/www.meydan.tv\\\/az\\\/article\\\/ezel-azal\\\/\"},\"wordCount\":1176,\"publisher\":{\"@id\":\"https:\\\/\\\/www.meydan.tv\\\/az\\\/#organization\"},\"image\":{\"@id\":\"https:\\\/\\\/www.meydan.tv\\\/az\\\/article\\\/ezel-azal\\\/#primaryimage\"},\"thumbnailUrl\":\"https:\\\/\\\/www.meydan.tv\\\/wp-content\\\/uploads\\\/10271.png\",\"articleSection\":[\"M\u0259nim Fikrimc\u0259\"],\"inLanguage\":\"az\"},{\"@type\":\"WebPage\",\"@id\":\"https:\\\/\\\/www.meydan.tv\\\/az\\\/article\\\/ezel-azal\\\/\",\"url\":\"https:\\\/\\\/www.meydan.tv\\\/az\\\/article\\\/ezel-azal\\\/\",\"name\":\"\u018fz\u0259l Azal - MEYDAN.TV\",\"isPartOf\":{\"@id\":\"https:\\\/\\\/www.meydan.tv\\\/az\\\/#website\"},\"primaryImageOfPage\":{\"@id\":\"https:\\\/\\\/www.meydan.tv\\\/az\\\/article\\\/ezel-azal\\\/#primaryimage\"},\"image\":{\"@id\":\"https:\\\/\\\/www.meydan.tv\\\/az\\\/article\\\/ezel-azal\\\/#primaryimage\"},\"thumbnailUrl\":\"https:\\\/\\\/www.meydan.tv\\\/wp-content\\\/uploads\\\/10271.png\",\"datePublished\":\"2015-07-25T13:02:54+00:00\",\"breadcrumb\":{\"@id\":\"https:\\\/\\\/www.meydan.tv\\\/az\\\/article\\\/ezel-azal\\\/#breadcrumb\"},\"inLanguage\":\"az\",\"potentialAction\":[{\"@type\":\"ReadAction\",\"target\":[\"https:\\\/\\\/www.meydan.tv\\\/az\\\/article\\\/ezel-azal\\\/\"]}]},{\"@type\":\"ImageObject\",\"inLanguage\":\"az\",\"@id\":\"https:\\\/\\\/www.meydan.tv\\\/az\\\/article\\\/ezel-azal\\\/#primaryimage\",\"url\":\"https:\\\/\\\/www.meydan.tv\\\/wp-content\\\/uploads\\\/10271.png\",\"contentUrl\":\"https:\\\/\\\/www.meydan.tv\\\/wp-content\\\/uploads\\\/10271.png\",\"width\":500,\"height\":500,\"caption\":\"Source:\"},{\"@type\":\"BreadcrumbList\",\"@id\":\"https:\\\/\\\/www.meydan.tv\\\/az\\\/article\\\/ezel-azal\\\/#breadcrumb\",\"itemListElement\":[{\"@type\":\"ListItem\",\"position\":1,\"name\":\"Ana s\u0259hif\u0259\",\"item\":\"https:\\\/\\\/www.meydan.tv\\\/az\\\/\"},{\"@type\":\"ListItem\",\"position\":2,\"name\":\"M\u0259nim Fikrimc\u0259\",\"item\":\"https:\\\/\\\/www.meydan.tv\\\/az\\\/section\\\/menim-fikrimce\\\/\"},{\"@type\":\"ListItem\",\"position\":3,\"name\":\"\u018fz\u0259l Azal\"}]},{\"@type\":\"WebSite\",\"@id\":\"https:\\\/\\\/www.meydan.tv\\\/az\\\/#website\",\"url\":\"https:\\\/\\\/www.meydan.tv\\\/az\\\/\",\"name\":\"MEYDAN.TV\",\"description\":\"Meydan TV Az\u0259rbaycan\u0131n media m\u0259kan\u0131ndak\u0131 alternativ s\u0259sidir\",\"publisher\":{\"@id\":\"https:\\\/\\\/www.meydan.tv\\\/az\\\/#organization\"},\"potentialAction\":[{\"@type\":\"SearchAction\",\"target\":{\"@type\":\"EntryPoint\",\"urlTemplate\":\"https:\\\/\\\/www.meydan.tv\\\/az\\\/?s={search_term_string}\"},\"query-input\":{\"@type\":\"PropertyValueSpecification\",\"valueRequired\":true,\"valueName\":\"search_term_string\"}}],\"inLanguage\":\"az\"},{\"@type\":\"Organization\",\"@id\":\"https:\\\/\\\/www.meydan.tv\\\/az\\\/#organization\",\"name\":\"Meydan TV\",\"url\":\"https:\\\/\\\/www.meydan.tv\\\/az\\\/\",\"logo\":{\"@type\":\"ImageObject\",\"inLanguage\":\"az\",\"@id\":\"https:\\\/\\\/www.meydan.tv\\\/az\\\/#\\\/schema\\\/logo\\\/image\\\/\",\"url\":\"https:\\\/\\\/www.meydan.tv\\\/wp-content\\\/uploads\\\/2021\\\/07\\\/meydan-logo.svg\",\"contentUrl\":\"https:\\\/\\\/www.meydan.tv\\\/wp-content\\\/uploads\\\/2021\\\/07\\\/meydan-logo.svg\",\"width\":195,\"height\":46,\"caption\":\"Meydan TV\"},\"image\":{\"@id\":\"https:\\\/\\\/www.meydan.tv\\\/az\\\/#\\\/schema\\\/logo\\\/image\\\/\"}},{\"@type\":\"Person\",\"@id\":\"https:\\\/\\\/www.meydan.tv\\\/az\\\/#\\\/schema\\\/person\\\/10d11eccf6da3662cf5fdab9806ea91a\",\"name\":\"user-manager\"}]}<\/script>\n<!-- \/ Yoast SEO plugin. -->","yoast_head_json":{"title":"\u018fz\u0259l Azal - MEYDAN.TV","robots":{"index":"index","follow":"follow","max-snippet":"max-snippet:-1","max-image-preview":"max-image-preview:large","max-video-preview":"max-video-preview:-1"},"canonical":"https:\/\/www.meydan.tv\/az\/article\/ezel-azal\/","og_locale":"az_AZ","og_type":"article","og_title":"\u018fz\u0259l Azal - MEYDAN.TV","og_description":"\u0130caz\u0259li m\u00f6vzu haqda dal\u011f\u0131n esse","og_url":"https:\/\/www.meydan.tv\/az\/article\/ezel-azal\/","og_site_name":"MEYDAN.TV","article_published_time":"2015-07-25T13:02:54+00:00","og_image":[{"width":500,"height":500,"url":"https:\/\/www.meydan.tv\/wp-content\/uploads\/10271.png","type":"image\/png"}],"author":"user-manager","twitter_card":"summary_large_image","schema":{"@context":"https:\/\/schema.org","@graph":[{"@type":"Article","@id":"https:\/\/www.meydan.tv\/az\/article\/ezel-azal\/#article","isPartOf":{"@id":"https:\/\/www.meydan.tv\/az\/article\/ezel-azal\/"},"author":{"name":"user-manager","@id":"https:\/\/www.meydan.tv\/az\/#\/schema\/person\/10d11eccf6da3662cf5fdab9806ea91a"},"headline":"\u018fz\u0259l Azal","datePublished":"2015-07-25T13:02:54+00:00","mainEntityOfPage":{"@id":"https:\/\/www.meydan.tv\/az\/article\/ezel-azal\/"},"wordCount":1176,"publisher":{"@id":"https:\/\/www.meydan.tv\/az\/#organization"},"image":{"@id":"https:\/\/www.meydan.tv\/az\/article\/ezel-azal\/#primaryimage"},"thumbnailUrl":"https:\/\/www.meydan.tv\/wp-content\/uploads\/10271.png","articleSection":["M\u0259nim Fikrimc\u0259"],"inLanguage":"az"},{"@type":"WebPage","@id":"https:\/\/www.meydan.tv\/az\/article\/ezel-azal\/","url":"https:\/\/www.meydan.tv\/az\/article\/ezel-azal\/","name":"\u018fz\u0259l Azal - MEYDAN.TV","isPartOf":{"@id":"https:\/\/www.meydan.tv\/az\/#website"},"primaryImageOfPage":{"@id":"https:\/\/www.meydan.tv\/az\/article\/ezel-azal\/#primaryimage"},"image":{"@id":"https:\/\/www.meydan.tv\/az\/article\/ezel-azal\/#primaryimage"},"thumbnailUrl":"https:\/\/www.meydan.tv\/wp-content\/uploads\/10271.png","datePublished":"2015-07-25T13:02:54+00:00","breadcrumb":{"@id":"https:\/\/www.meydan.tv\/az\/article\/ezel-azal\/#breadcrumb"},"inLanguage":"az","potentialAction":[{"@type":"ReadAction","target":["https:\/\/www.meydan.tv\/az\/article\/ezel-azal\/"]}]},{"@type":"ImageObject","inLanguage":"az","@id":"https:\/\/www.meydan.tv\/az\/article\/ezel-azal\/#primaryimage","url":"https:\/\/www.meydan.tv\/wp-content\/uploads\/10271.png","contentUrl":"https:\/\/www.meydan.tv\/wp-content\/uploads\/10271.png","width":500,"height":500,"caption":"Source:"},{"@type":"BreadcrumbList","@id":"https:\/\/www.meydan.tv\/az\/article\/ezel-azal\/#breadcrumb","itemListElement":[{"@type":"ListItem","position":1,"name":"Ana s\u0259hif\u0259","item":"https:\/\/www.meydan.tv\/az\/"},{"@type":"ListItem","position":2,"name":"M\u0259nim Fikrimc\u0259","item":"https:\/\/www.meydan.tv\/az\/section\/menim-fikrimce\/"},{"@type":"ListItem","position":3,"name":"\u018fz\u0259l Azal"}]},{"@type":"WebSite","@id":"https:\/\/www.meydan.tv\/az\/#website","url":"https:\/\/www.meydan.tv\/az\/","name":"MEYDAN.TV","description":"Meydan TV Az\u0259rbaycan\u0131n media m\u0259kan\u0131ndak\u0131 alternativ s\u0259sidir","publisher":{"@id":"https:\/\/www.meydan.tv\/az\/#organization"},"potentialAction":[{"@type":"SearchAction","target":{"@type":"EntryPoint","urlTemplate":"https:\/\/www.meydan.tv\/az\/?s={search_term_string}"},"query-input":{"@type":"PropertyValueSpecification","valueRequired":true,"valueName":"search_term_string"}}],"inLanguage":"az"},{"@type":"Organization","@id":"https:\/\/www.meydan.tv\/az\/#organization","name":"Meydan TV","url":"https:\/\/www.meydan.tv\/az\/","logo":{"@type":"ImageObject","inLanguage":"az","@id":"https:\/\/www.meydan.tv\/az\/#\/schema\/logo\/image\/","url":"https:\/\/www.meydan.tv\/wp-content\/uploads\/2021\/07\/meydan-logo.svg","contentUrl":"https:\/\/www.meydan.tv\/wp-content\/uploads\/2021\/07\/meydan-logo.svg","width":195,"height":46,"caption":"Meydan TV"},"image":{"@id":"https:\/\/www.meydan.tv\/az\/#\/schema\/logo\/image\/"}},{"@type":"Person","@id":"https:\/\/www.meydan.tv\/az\/#\/schema\/person\/10d11eccf6da3662cf5fdab9806ea91a","name":"user-manager"}]}},"_links":{"self":[{"href":"https:\/\/www.meydan.tv\/az\/wp-json\/wp\/v2\/posts\/169069","targetHints":{"allow":["GET"]}}],"collection":[{"href":"https:\/\/www.meydan.tv\/az\/wp-json\/wp\/v2\/posts"}],"about":[{"href":"https:\/\/www.meydan.tv\/az\/wp-json\/wp\/v2\/types\/post"}],"author":[{"embeddable":true,"href":"https:\/\/www.meydan.tv\/az\/wp-json\/wp\/v2\/users\/11"}],"replies":[{"embeddable":true,"href":"https:\/\/www.meydan.tv\/az\/wp-json\/wp\/v2\/comments?post=169069"}],"version-history":[{"count":0,"href":"https:\/\/www.meydan.tv\/az\/wp-json\/wp\/v2\/posts\/169069\/revisions"}],"wp:featuredmedia":[{"embeddable":true,"href":"https:\/\/www.meydan.tv\/az\/wp-json\/wp\/v2\/media\/27887"}],"wp:attachment":[{"href":"https:\/\/www.meydan.tv\/az\/wp-json\/wp\/v2\/media?parent=169069"}],"wp:term":[{"taxonomy":"category","embeddable":true,"href":"https:\/\/www.meydan.tv\/az\/wp-json\/wp\/v2\/categories?post=169069"},{"taxonomy":"post_tag","embeddable":true,"href":"https:\/\/www.meydan.tv\/az\/wp-json\/wp\/v2\/tags?post=169069"}],"curies":[{"name":"wp","href":"https:\/\/api.w.org\/{rel}","templated":true}]}}