{"id":168997,"date":"2015-07-21T00:03:27","date_gmt":"2015-07-21T00:03:27","guid":{"rendered":"https:\/\/www.meydan.tv\/article\/turkiye-maceralari-2\/"},"modified":"2015-07-21T00:03:27","modified_gmt":"2015-07-21T00:03:27","slug":"turkiye-maceralari-2","status":"publish","type":"post","link":"https:\/\/www.meydan.tv\/az\/article\/turkiye-maceralari-2\/","title":{"rendered":"T\u00fcrkiy\u0259 mac\u0259ralar\u0131 \u2013 2"},"content":{"rendered":"<figure class=\"wp-block-image size-large\">\n  <img decoding=\"async\" src=\"https:\/\/www.meydan.tv\/az\/29631\/\" alt=\"\" class=\"wp-image-29631\"\/><figcaption><\/figcaption><\/figure>\n<figure class=\"wp-block-image size-large\">\n  <img decoding=\"async\" src=\"https:\/\/www.meydan.tv\/az\/29634\/\" alt=\"\" class=\"wp-image-29634\"\/><figcaption><\/figcaption><\/figure>\n<p>\n  M\u00f6vzulara tullana-tullana \u201cG\u0259zi hadis\u0259l\u0259ri\u201d-n\u0259 g\u0259lib \u00e7\u0131x\u0131r\u0131q. Son ill\u0259r m\u0259ni b\u0259rk m\u0259\u015f\u011ful ed\u0259n tarixin refleksiyas\u0131 \u00fcz\u0259rind\u0259 dururam, suallar\u0131m\u0131 s\u0131ralaya-s\u0131ralaya Montosyk\u00f6n\u00fcn \u201c\u0130rana m\u0259ktublar\u201d \u0259s\u0259rind\u0259 yazd\u0131\u011f\u0131 c\u00fcml\u0259ni yad\u0131ma sal\u0131ram. (\u201cOsmanl\u0131 imperatorlu\u011funun s\u00fcqutunun bir dig\u0259r b\u00f6y\u00fck s\u0259b\u0259bi onlar\u0131n \u015fanl\u0131 tarixl\u0259rini he\u00e7 zaman yazmamas\u0131 olub. Onlar qazand\u0131qlar\u0131 h\u0259r b\u00f6y\u00fck q\u0259l\u0259b\u0259d\u0259n sonra daha b\u00f6y\u00fck q\u0259l\u0259b\u0259l\u0259r qazanacaqlar\u0131na inand\u0131qlar\u0131 \u00fc\u00e7\u00fcn he\u00e7 birini yaz\u0131ya k\u00f6\u00e7\u00fcrm\u0259yibl\u0259r\u201d): \u201cG\u0259zi hadisl\u0259rini kiml\u0259rs\u0259, \u00fcmumi olaraq, tarixl\u0259\u015fdirdimi? Musiqi b\u0259st\u0259l\u0259ndimi, mahn\u0131lar qo\u015fuldumu? Kitablar \u00e7\u0131xd\u0131m\u0131? Romanla\u015fma oldumu?\u201d. Sual\u0131 \u00e7ox d\u00fc\u015f\u00fcnm\u0259d\u0259n cavablay\u0131r: \u201c\u00c7oxsu oldu, musiqi, mahn\u0131 b\u0259st\u0259l\u0259ndi, siyasi analizl\u0259r kitabla\u015fd\u0131r\u0131ld\u0131, amma h\u0259l\u0259 ki, roman v\u0259 ya hekay\u0259sin yazan olmay\u0131b\u201d. C\u00fcml\u0259sin yekunla\u015fd\u0131r\u0131r, kitab r\u0259fin\u0259 yax\u0131nla\u015faraq ordan m\u0259n\u0259 bir jurnal uzad\u0131r. Jurnal, \u201cG\u0259zi hadis\u0259l\u0259ri\u201d-ni xronoloji ard\u0131c\u0131ll\u0131qla verir. Jurnalda ged\u0259n yaz\u0131n\u0131n n\u0259\u015fr olunmas\u0131ndan bir \u00e7ox n\u0259\u015friyyat imtina ets\u0259 d\u0259, ax\u0131rda bir qeyr\u0259tlisi tap\u0131l\u0131b.\n<\/p>\n<p>\n  Az\u0259rbaycan\u0131n bu bax\u0131mdan bir xeyli axsad\u0131\u011f\u0131n\u0131 dil\u0259 g\u0259tirib gileyl\u0259nir\u0259m, amma s\u00f6z\u00fcm\u00fc yar\u0131da k\u0259sib soru\u015fur: \u201cSiz ne\u00e7\u0259 ildir m\u00fcst\u0259qilsiz?\u201d, \u201c\u0130yirmi ild\u0259n \u00e7oxdur\u201d. \u0130zah edir: \u201cBizd\u0259 cumhuriyy\u0259t qurulandan b\u0259ri otuz il m\u00fcdd\u0259tind\u0259 normal he\u00e7n\u0259 yaz\u0131lmad\u0131, proses daha \u00e7ox yetmi\u015fl\u0259rd\u0259n sonra ba\u015flad\u0131. Odur ki, t\u0259l\u0259sm\u0259yin, n\u0259s\u0259 olacaq\u201d.\n<\/p>\n<p>\n  T\u00fcrkiy\u0259d\u0259n ald\u0131\u011f\u0131m kitablara bax\u0131r, \u00fcz\u00fcn\u00fc tur\u015fudaraq yaz\u0131\u00e7\u0131lar\u0131n pozitivist olduqlar\u0131n\u0131 dey\u0259n bu xan\u0131m, T\u00fcrkiy\u0259nin oras\u0131ndan-buras\u0131ndan bir xeyli dan\u0131\u015fd\u0131qdan sonra s\u00f6hb\u0259ti \u00f6z ruh hal\u0131na uy\u011fun olaraq yekunla\u015fd\u0131r\u0131r: \u201cBu \u00f6lk\u0259, bu insanlar \u00fc\u00e7\u00fcn daha n\u0259s\u0259 etm\u0259k ist\u0259mir\u0259m. Do\u011fuldu\u011fum yeri m\u0259n se\u00e7m\u0259dim, onu sevm\u0259k kimi d\u0259 bir \u00f6hd\u0259\u00e7iliyim yoxdur\u201d. Ev sahibi bizi t\u0259rk edir, amma dan\u0131\u015fd\u0131qlar\u0131m\u0131z uzun m\u00fcdd\u0259t beynimd\u0259 f\u0131rlan\u0131r.\n<\/p>\n<p>\n  \u201cG\u0259zi hadisl\u0259ri\u201d il\u0259 ba\u011fl\u0131 T\u00fcrkiy\u0259d\u0259 ya\u015fayan bir ba\u015fqa tan\u0131\u015f\u0131mdan e\u015fitdiyim maraql\u0131 hadis\u0259l\u0259rd\u0259n biri d\u0259 bel\u0259 idi : Polisd\u0259n gizl\u0259nm\u0259k \u00fc\u00e7\u00fcn q\u0131rx ild\u0259n \u00e7oxdur f\u0259aliyy\u0259t g\u00f6st\u0259r\u0259n \u201cKafka\u201d adl\u0131 bir kitab ma\u011fazas\u0131na s\u0131\u011f\u0131nan insanlar\u0131, oran\u0131n sahibi \u0259l\u0259 verir. Bundan sonra insanlar h\u0259min d\u00fckan\u0131 baykot ed\u0259r\u0259k, ordan he\u00e7 bir kitab alm\u0131r. N\u0259tic\u0259d\u0259, d\u00fckan ba\u011flanmal\u0131 olur. \u201cG\u0259zi\u201d i\u015ftirak\u00e7\u0131lar\u0131 kitab oxuyanlar idi (?) n\u0259tic\u0259sini \u00e7\u0131xard\u0131ram.\n<\/p>\n<p>\n  Kitablar\n<\/p>\n<p>\n  \u0130stanbul s\u0259f\u0259rimd\u0259 \u0259n \u00e7ox etm\u0259k ist\u0259dikl\u0259rimd\u0259n biri d\u0259 kitab ma\u011fazalar\u0131na getm\u0259k, vitrinl\u0259rin aras\u0131 il\u0259 g\u0259zib, T\u00fcrkiy\u0259nin n\u0259l\u0259r oxudu\u011funu, n\u0259l\u0259ri t\u0259rc\u00fcm\u0259 etdiyini g\u00f6rm\u0259k, \u00f6z\u00fcm\u0259 d\u0259 bir ne\u00e7\u0259 kitab almaq idi. \u0130stiqlal v\u0259 Kad\u0131k\u00f6yd\u0259ki kitab ma\u011fazalar\u0131nda oldum. B\u0259dii \u0259d\u0259biyyat\u0131n, klasikl\u0259rin \u0259ks\u0259riyy\u0259ti t\u00fcrk dilin\u0259 \u00e7evrilib, dig\u0259r elm sah\u0259l\u0259ri \u00fczr\u0259 is\u0259 m\u0259n\u0259 \u0259n \u00e7ox humanitar sah\u0259 maraql\u0131 oldu\u011fundan, daha \u00e7ox onlara baxd\u0131m. Bir \u00e7ox f\u0259ls\u0259f\u0259, sosialogiya, iqtisadiyyata aid kitablar\u0131n t\u0259rc\u00fcm\u0259sin g\u00f6rd\u00fcm. Dili \u00e7ox yax\u015f\u0131 bilm\u0259diyimd\u0259n t\u0259rc\u00fcm\u0259nin keyfiyy\u0259ti haqq\u0131nda he\u00e7n\u0259 dey\u0259 bilmir\u0259m.\n<\/p>\n<p>\n  Adalar\n<\/p>\n<p>\n  \u0130stanbulda \u0259n \u00e7ox sevdiyim yerl\u0259r adalar oldu. D\u0259niz &#8211; ya\u015f\u0131ll\u0131q, ya\u015f\u0131ll\u0131q &#8211; d\u0259niz. Sakit, harmonik, h\u0259lim h\u0259yat. B\u00f6y\u00fck Ada ilk ayaq basd\u0131\u011f\u0131m\u0131z ada oldu. Adaya ayaq a\u00e7an kimi g\u00f6z\u00fcm\u0259 ilk d\u0259y\u0259n faytonlar idi. Bunun ekzotik g\u00f6r\u00fcnt\u00fc \u00fc\u00e7\u00fcn oldu\u011funu d\u00fc\u015f\u00fcnd\u00fcm, amma sonradan adada \u00e7oxlu sayda fayton g\u00f6rd\u00fckd\u0259, \u201cbu i\u015fd\u0259 bir i\u015f oldu\u011funu\u201d anlad\u0131m. Adada ma\u015f\u0131n yoxdu. N\u0259qliyyat kimi insanlar velosiped, fayton, motorlu ki\u00e7ik motosikletl\u0259r istifad\u0259 edir. Adan\u0131 g\u0259zdikc\u0259 onu daha \u00e7ox xo\u015flama\u011fa ba\u015flad\u0131m. M\u0259niml\u0259 s\u0259f\u0259r ed\u0259n sevgilimin ilk s\u00f6z\u00fc: \u201cAdaya a\u015fiq oldum!\u201d. Burada itl\u0259 pi\u015fiyin d\u0259 s\u00fclh, \u0259min-amanl\u0131q i\u00e7\u0259risind\u0259 ya\u015fad\u0131\u011f\u0131n\u0131 d\u00fc\u015f\u00fcn\u00fcrd\u00fcm ki, onlar\u0131n do\u011furdan da q\u0259ssab d\u00fckan\u0131 qaba\u011f\u0131nda yan-yana uzand\u0131qlar\u0131n\u0131 g\u00f6rd\u00fcm.\n<\/p>\n<p>\n  B\u00f6y\u00fck Adada insanlar\u0131n \u00e7oxsu \u0259l\u0259vidir, bunu m\u0259n\u0259 s\u00f6hb\u0259tl\u0259\u015fdiyim bir ada sakini deyir. \u00c7oxlu\u011fun dili il\u0259 des\u0259k, \u0259sl\u00a0 m\u00fcs\u0259lman deyill\u0259r. Son se\u00e7kil\u0259rd\u0259 d\u0259, burdan CHP siyasi partiyas\u0131 \u00e7ox s\u0259s al\u0131b. \u0130\u00e7m\u0259yi, \u0259yl\u0259nm\u0259yi, h\u0259yat\u0131 ya\u015fama\u011f\u0131 sev\u0259n insanlar t\u0259siri ba\u011f\u0131\u015flad\u0131 ada sakinl\u0259ri. O adan\u0131, o adan\u0131n insanlar\u0131n\u0131 m\u0259n d\u0259 sevdim. Nahar \u00fc\u00e7\u00fcn oturdu\u011fumuz kafel\u0259rin birind\u0259 idar\u0259\u00e7i il\u0259 dialoqa girir\u0259m. \u201cAdada son se\u00e7kid\u0259 sand\u0131qdan kim \u00e7\u0131xd\u0131?\u201d, \u201cCHP\u201d.\u00a0 M\u0259ni n\u0259s\u0259 g\u00f6z\u00fc tutmur, oturanda i\u00e7ki sifari\u015fi verm\u0259diyimd\u0259ndir ki, sual edir: \u201cSiz \u201cAK Parti\u201d-y\u0259 s\u0259s verdiniz?\u201d Az\u0259rbaycandan g\u0259ldiyimi deyib, \u00fcst\u00fcn\u0259 \u018frdo\u011fan\u0131 sevm\u0259diyimi bildirir\u0259m. \u201c\u00c7ox g\u00f6z\u0259l, buradak\u0131 insanlar\u0131n \u00e7oxsu \u0259l\u0259vil\u0259rdir, \u201cAK Parti\u201d-ni he\u00e7 sevmirik\u201d. Suallar bizi \u0259l\u0259vil\u0259r \u00fcz\u0259rin\u0259 g\u0259tirir, adam dil-dil \u00f6tm\u0259y\u0259 ba\u015flay\u0131r: \u201cBizim \u00fc\u00e7\u00fcn kimin n\u0259y\u0259 inand\u0131\u011f\u0131 he\u00e7 f\u0259rq etm\u0259z. \u0130st\u0259yirs\u0259n, in\u0259y\u0259 inan, ist\u0259yirs\u0259n bo\u015fqaba, ist\u0259yirs\u0259n he\u00e7 n\u0259y\u0259 inanma, \u0259sas olan i\u00e7ind\u0259ki t\u0259mizliyindir. M\u0259nim babam dey\u0259rdi: \u201cQ\u0259\u015f\u0259ng g\u00fcldan\u0131n i\u00e7in\u0259 pox t\u00f6k, \u00fcst\u00fcn n\u0259 q\u0259d\u0259r t\u0259mizl\u0259yirs\u0259n t\u0259mizl\u0259, i\u00e7i yen\u0259 poxdur. Amma \u00fcst\u00fc poxlu g\u00fcldan olsun, i\u00e7ind\u0259 \u015f\u0259rb\u0259t saxla, \u00fcst\u00fc n\u0259 q\u0259d\u0259r pox olsa da, i\u00e7i \u015f\u0259rb\u0259tdir\u201d. \u0130ndiki hakimiyy\u0259t din p\u0259rd\u0259si il\u0259 \u00f6rt\u00fclm\u00fc\u015f, i\u00e7i saxtakarl\u0131q, yalan\u00e7\u0131l\u0131qla doludur\u201d. \u00c7ox k\u0259skin s\u00f6zl\u0259rdir. Amma Erdo\u011fana aid edildiyi iddia edil\u0259n, o\u011flu il\u0259 dan\u0131\u015fark\u0259n dinl\u0259nilmi\u015f telefon s\u00f6hb\u0259ti d\u0259 yad\u0131mdan \u00e7\u0131xm\u0131r.\n<\/p>\n<p>\n  \u0130stanbul g\u0259zintim d\u0259, bu yaz\u0131 kimi q\u0131r\u0131la-q\u0131r\u0131la, spontan gedir. Getdiyim ist\u0259nil\u0259n \u00f6lk\u0259d\u0259, oxudu\u011fum ist\u0259nil\u0259n kitabda b\u00fct\u00fcn m\u00fcqayis\u0259l\u0259r g\u0259lib Az\u0259rbaycanla ba\u011flan\u0131r. \u201cO \u0259jdahadan bizd\u0259 niy\u0259 yoxdur\u201d deying\u0259nliyi m\u0259nd\u0259n d\u0259 yan ke\u00e7m\u0259yib. Bu anlamda, T\u00fcrkiy\u0259d\u0259 olanlarla Az\u0259rbaycanda olanlar aras\u0131nda m\u00fcqayis\u0259 apar\u0131r, azad bazar\u0131n monopolist bazardan, korrupsiyaya u\u011fram\u0131\u015f idar\u0259\u00e7ilik sisteminin korrupsiyas\u0131z idar\u0259\u00e7ilikd\u0259n v\u0259 bir \u00e7ox ba\u015fqa \u015feyl\u0259rin bir-birind\u0259n n\u0259 il\u0259 f\u0259rql\u0259ndiyini ayd\u0131nla\u015fd\u0131rma\u011fa \u00e7al\u0131\u015f\u0131ram.<br \/>\n  <br \/>\n  \u0130stanbulun yerl\u0259rind\u0259n as\u0131l\u0131 olaraq h\u0259r \u015feyin (qida, geyim, icar\u0259 v\u0259 s.) qiym\u0259ti bir-birind\u0259n f\u0259rql\u0259nir. Amma \u00fcmumi g\u00f6t\u00fcrd\u00fckd\u0259, \u0130stanbul Bak\u0131dan daha ucuzdur. Adi bir k\u00fc\u00e7\u0259d\u0259 olan kafe, restoran, barlar\u0131n say\u0131 Bak\u0131dak\u0131ndan daha \u00e7oxdur. Bunun obyektiv s\u0259b\u0259bl\u0259ri olsa da, subyektiv (idar\u0259\u00e7ilik m\u0259nas\u0131nda) s\u0259b\u0259bl\u0259r\u00a0 daha \u00e7oxdur. \u0130\u015f oras\u0131ndad\u0131r ki, onlar inki\u015faf edir, bir yerd\u0259 dayanm\u0131r, biz is\u0259 inki\u015faf\u0131 n\u0259yinki dondurmu\u015f, h\u0259tta \u00f6z\u00fcm\u00fcz\u00fc bir xeyli geriy\u0259 atm\u0131\u015f\u0131q. T\u00fcrkiy\u0259ni g\u00f6rd\u00fckc\u0259, Az\u0259rbaycanla ba\u011fl\u0131 g\u00f6r\u00fcl\u0259c\u0259k i\u015fl\u0259rin n\u0259 q\u0259d\u0259r \u00e7ox oldu\u011fu insan\u0131 vahim\u0259l\u0259ndirir.\n<\/p>\n<p>\n  Axr\u0131m\u0131z xeyir olsun.\n<\/p>\n<p>\n  <b><br \/>\n    Yaz\u0131dak\u0131 fikirl\u0259r m\u00fc\u0259llifin \u015f\u0259xsi m\u00f6vqeyini \u0259ks etdirir&#8230;<br \/>\n  <\/b><\/p>\n","protected":false},"excerpt":{"rendered":"<p>\u0130\u00e7m\u0259yi, \u0259yl\u0259nm\u0259yi, h\u0259yat\u0131 ya\u015fama\u011f\u0131 sev\u0259n insanlar<\/p>\n","protected":false},"author":11,"featured_media":29631,"comment_status":"closed","ping_status":"open","sticky":false,"template":"","format":"standard","meta":{"_acf_changed":false,"_sitemap_exclude":false,"_sitemap_priority":"","_sitemap_frequency":"","footnotes":""},"categories":[57],"tags":[],"class_list":["post-168997","post","type-post","status-publish","format-standard","has-post-thumbnail","hentry","category-menim-fikrimce","infinite-scroll-item","generate-columns","tablet-grid-50","mobile-grid-100","grid-parent","grid-33","no-featured-image-padding"],"acf":[],"yoast_head":"<!-- This site is optimized with the Yoast SEO plugin v27.5 - https:\/\/yoast.com\/product\/yoast-seo-wordpress\/ -->\n<title>T\u00fcrkiy\u0259 mac\u0259ralar\u0131 \u2013 2 - MEYDAN.TV<\/title>\n<meta name=\"robots\" content=\"index, follow, max-snippet:-1, max-image-preview:large, max-video-preview:-1\" \/>\n<link rel=\"canonical\" href=\"https:\/\/www.meydan.tv\/az\/article\/turkiye-maceralari-2\/\" \/>\n<meta property=\"og:locale\" content=\"az_AZ\" \/>\n<meta property=\"og:type\" content=\"article\" \/>\n<meta property=\"og:title\" content=\"T\u00fcrkiy\u0259 mac\u0259ralar\u0131 \u2013 2 - MEYDAN.TV\" \/>\n<meta property=\"og:description\" content=\"\u0130\u00e7m\u0259yi, \u0259yl\u0259nm\u0259yi, h\u0259yat\u0131 ya\u015fama\u011f\u0131 sev\u0259n insanlar\" \/>\n<meta property=\"og:url\" content=\"https:\/\/www.meydan.tv\/az\/article\/turkiye-maceralari-2\/\" \/>\n<meta property=\"og:site_name\" content=\"MEYDAN.TV\" \/>\n<meta property=\"article:published_time\" content=\"2015-07-21T00:03:27+00:00\" \/>\n<meta property=\"og:image\" content=\"https:\/\/www.meydan.tv\/wp-content\/uploads\/10990.jpg\" \/>\n\t<meta property=\"og:image:width\" content=\"500\" \/>\n\t<meta property=\"og:image:height\" content=\"500\" \/>\n\t<meta property=\"og:image:type\" content=\"image\/jpeg\" \/>\n<meta name=\"author\" content=\"user-manager\" \/>\n<meta name=\"twitter:card\" content=\"summary_large_image\" \/>\n<script type=\"application\/ld+json\" class=\"yoast-schema-graph\">{\"@context\":\"https:\\\/\\\/schema.org\",\"@graph\":[{\"@type\":\"Article\",\"@id\":\"https:\\\/\\\/www.meydan.tv\\\/az\\\/article\\\/turkiye-maceralari-2\\\/#article\",\"isPartOf\":{\"@id\":\"https:\\\/\\\/www.meydan.tv\\\/az\\\/article\\\/turkiye-maceralari-2\\\/\"},\"author\":{\"name\":\"user-manager\",\"@id\":\"https:\\\/\\\/www.meydan.tv\\\/az\\\/#\\\/schema\\\/person\\\/10d11eccf6da3662cf5fdab9806ea91a\"},\"headline\":\"T\u00fcrkiy\u0259 mac\u0259ralar\u0131 \u2013 2\",\"datePublished\":\"2015-07-21T00:03:27+00:00\",\"mainEntityOfPage\":{\"@id\":\"https:\\\/\\\/www.meydan.tv\\\/az\\\/article\\\/turkiye-maceralari-2\\\/\"},\"wordCount\":1359,\"publisher\":{\"@id\":\"https:\\\/\\\/www.meydan.tv\\\/az\\\/#organization\"},\"image\":{\"@id\":\"https:\\\/\\\/www.meydan.tv\\\/az\\\/article\\\/turkiye-maceralari-2\\\/#primaryimage\"},\"thumbnailUrl\":\"https:\\\/\\\/www.meydan.tv\\\/wp-content\\\/uploads\\\/10990.jpg\",\"articleSection\":[\"M\u0259nim Fikrimc\u0259\"],\"inLanguage\":\"az\"},{\"@type\":\"WebPage\",\"@id\":\"https:\\\/\\\/www.meydan.tv\\\/az\\\/article\\\/turkiye-maceralari-2\\\/\",\"url\":\"https:\\\/\\\/www.meydan.tv\\\/az\\\/article\\\/turkiye-maceralari-2\\\/\",\"name\":\"T\u00fcrkiy\u0259 mac\u0259ralar\u0131 \u2013 2 - MEYDAN.TV\",\"isPartOf\":{\"@id\":\"https:\\\/\\\/www.meydan.tv\\\/az\\\/#website\"},\"primaryImageOfPage\":{\"@id\":\"https:\\\/\\\/www.meydan.tv\\\/az\\\/article\\\/turkiye-maceralari-2\\\/#primaryimage\"},\"image\":{\"@id\":\"https:\\\/\\\/www.meydan.tv\\\/az\\\/article\\\/turkiye-maceralari-2\\\/#primaryimage\"},\"thumbnailUrl\":\"https:\\\/\\\/www.meydan.tv\\\/wp-content\\\/uploads\\\/10990.jpg\",\"datePublished\":\"2015-07-21T00:03:27+00:00\",\"breadcrumb\":{\"@id\":\"https:\\\/\\\/www.meydan.tv\\\/az\\\/article\\\/turkiye-maceralari-2\\\/#breadcrumb\"},\"inLanguage\":\"az\",\"potentialAction\":[{\"@type\":\"ReadAction\",\"target\":[\"https:\\\/\\\/www.meydan.tv\\\/az\\\/article\\\/turkiye-maceralari-2\\\/\"]}]},{\"@type\":\"ImageObject\",\"inLanguage\":\"az\",\"@id\":\"https:\\\/\\\/www.meydan.tv\\\/az\\\/article\\\/turkiye-maceralari-2\\\/#primaryimage\",\"url\":\"https:\\\/\\\/www.meydan.tv\\\/wp-content\\\/uploads\\\/10990.jpg\",\"contentUrl\":\"https:\\\/\\\/www.meydan.tv\\\/wp-content\\\/uploads\\\/10990.jpg\",\"width\":500,\"height\":500,\"caption\":\"Source:\"},{\"@type\":\"BreadcrumbList\",\"@id\":\"https:\\\/\\\/www.meydan.tv\\\/az\\\/article\\\/turkiye-maceralari-2\\\/#breadcrumb\",\"itemListElement\":[{\"@type\":\"ListItem\",\"position\":1,\"name\":\"Ana s\u0259hif\u0259\",\"item\":\"https:\\\/\\\/www.meydan.tv\\\/az\\\/\"},{\"@type\":\"ListItem\",\"position\":2,\"name\":\"M\u0259nim Fikrimc\u0259\",\"item\":\"https:\\\/\\\/www.meydan.tv\\\/az\\\/section\\\/menim-fikrimce\\\/\"},{\"@type\":\"ListItem\",\"position\":3,\"name\":\"T\u00fcrkiy\u0259 mac\u0259ralar\u0131 \u2013 2\"}]},{\"@type\":\"WebSite\",\"@id\":\"https:\\\/\\\/www.meydan.tv\\\/az\\\/#website\",\"url\":\"https:\\\/\\\/www.meydan.tv\\\/az\\\/\",\"name\":\"MEYDAN.TV\",\"description\":\"Meydan TV Az\u0259rbaycan\u0131n media m\u0259kan\u0131ndak\u0131 alternativ s\u0259sidir\",\"publisher\":{\"@id\":\"https:\\\/\\\/www.meydan.tv\\\/az\\\/#organization\"},\"potentialAction\":[{\"@type\":\"SearchAction\",\"target\":{\"@type\":\"EntryPoint\",\"urlTemplate\":\"https:\\\/\\\/www.meydan.tv\\\/az\\\/?s={search_term_string}\"},\"query-input\":{\"@type\":\"PropertyValueSpecification\",\"valueRequired\":true,\"valueName\":\"search_term_string\"}}],\"inLanguage\":\"az\"},{\"@type\":\"Organization\",\"@id\":\"https:\\\/\\\/www.meydan.tv\\\/az\\\/#organization\",\"name\":\"Meydan TV\",\"url\":\"https:\\\/\\\/www.meydan.tv\\\/az\\\/\",\"logo\":{\"@type\":\"ImageObject\",\"inLanguage\":\"az\",\"@id\":\"https:\\\/\\\/www.meydan.tv\\\/az\\\/#\\\/schema\\\/logo\\\/image\\\/\",\"url\":\"https:\\\/\\\/www.meydan.tv\\\/wp-content\\\/uploads\\\/2021\\\/07\\\/meydan-logo.svg\",\"contentUrl\":\"https:\\\/\\\/www.meydan.tv\\\/wp-content\\\/uploads\\\/2021\\\/07\\\/meydan-logo.svg\",\"width\":195,\"height\":46,\"caption\":\"Meydan TV\"},\"image\":{\"@id\":\"https:\\\/\\\/www.meydan.tv\\\/az\\\/#\\\/schema\\\/logo\\\/image\\\/\"}},{\"@type\":\"Person\",\"@id\":\"https:\\\/\\\/www.meydan.tv\\\/az\\\/#\\\/schema\\\/person\\\/10d11eccf6da3662cf5fdab9806ea91a\",\"name\":\"user-manager\"}]}<\/script>\n<!-- \/ Yoast SEO plugin. -->","yoast_head_json":{"title":"T\u00fcrkiy\u0259 mac\u0259ralar\u0131 \u2013 2 - MEYDAN.TV","robots":{"index":"index","follow":"follow","max-snippet":"max-snippet:-1","max-image-preview":"max-image-preview:large","max-video-preview":"max-video-preview:-1"},"canonical":"https:\/\/www.meydan.tv\/az\/article\/turkiye-maceralari-2\/","og_locale":"az_AZ","og_type":"article","og_title":"T\u00fcrkiy\u0259 mac\u0259ralar\u0131 \u2013 2 - MEYDAN.TV","og_description":"\u0130\u00e7m\u0259yi, \u0259yl\u0259nm\u0259yi, h\u0259yat\u0131 ya\u015fama\u011f\u0131 sev\u0259n insanlar","og_url":"https:\/\/www.meydan.tv\/az\/article\/turkiye-maceralari-2\/","og_site_name":"MEYDAN.TV","article_published_time":"2015-07-21T00:03:27+00:00","og_image":[{"width":500,"height":500,"url":"https:\/\/www.meydan.tv\/wp-content\/uploads\/10990.jpg","type":"image\/jpeg"}],"author":"user-manager","twitter_card":"summary_large_image","schema":{"@context":"https:\/\/schema.org","@graph":[{"@type":"Article","@id":"https:\/\/www.meydan.tv\/az\/article\/turkiye-maceralari-2\/#article","isPartOf":{"@id":"https:\/\/www.meydan.tv\/az\/article\/turkiye-maceralari-2\/"},"author":{"name":"user-manager","@id":"https:\/\/www.meydan.tv\/az\/#\/schema\/person\/10d11eccf6da3662cf5fdab9806ea91a"},"headline":"T\u00fcrkiy\u0259 mac\u0259ralar\u0131 \u2013 2","datePublished":"2015-07-21T00:03:27+00:00","mainEntityOfPage":{"@id":"https:\/\/www.meydan.tv\/az\/article\/turkiye-maceralari-2\/"},"wordCount":1359,"publisher":{"@id":"https:\/\/www.meydan.tv\/az\/#organization"},"image":{"@id":"https:\/\/www.meydan.tv\/az\/article\/turkiye-maceralari-2\/#primaryimage"},"thumbnailUrl":"https:\/\/www.meydan.tv\/wp-content\/uploads\/10990.jpg","articleSection":["M\u0259nim Fikrimc\u0259"],"inLanguage":"az"},{"@type":"WebPage","@id":"https:\/\/www.meydan.tv\/az\/article\/turkiye-maceralari-2\/","url":"https:\/\/www.meydan.tv\/az\/article\/turkiye-maceralari-2\/","name":"T\u00fcrkiy\u0259 mac\u0259ralar\u0131 \u2013 2 - MEYDAN.TV","isPartOf":{"@id":"https:\/\/www.meydan.tv\/az\/#website"},"primaryImageOfPage":{"@id":"https:\/\/www.meydan.tv\/az\/article\/turkiye-maceralari-2\/#primaryimage"},"image":{"@id":"https:\/\/www.meydan.tv\/az\/article\/turkiye-maceralari-2\/#primaryimage"},"thumbnailUrl":"https:\/\/www.meydan.tv\/wp-content\/uploads\/10990.jpg","datePublished":"2015-07-21T00:03:27+00:00","breadcrumb":{"@id":"https:\/\/www.meydan.tv\/az\/article\/turkiye-maceralari-2\/#breadcrumb"},"inLanguage":"az","potentialAction":[{"@type":"ReadAction","target":["https:\/\/www.meydan.tv\/az\/article\/turkiye-maceralari-2\/"]}]},{"@type":"ImageObject","inLanguage":"az","@id":"https:\/\/www.meydan.tv\/az\/article\/turkiye-maceralari-2\/#primaryimage","url":"https:\/\/www.meydan.tv\/wp-content\/uploads\/10990.jpg","contentUrl":"https:\/\/www.meydan.tv\/wp-content\/uploads\/10990.jpg","width":500,"height":500,"caption":"Source:"},{"@type":"BreadcrumbList","@id":"https:\/\/www.meydan.tv\/az\/article\/turkiye-maceralari-2\/#breadcrumb","itemListElement":[{"@type":"ListItem","position":1,"name":"Ana s\u0259hif\u0259","item":"https:\/\/www.meydan.tv\/az\/"},{"@type":"ListItem","position":2,"name":"M\u0259nim Fikrimc\u0259","item":"https:\/\/www.meydan.tv\/az\/section\/menim-fikrimce\/"},{"@type":"ListItem","position":3,"name":"T\u00fcrkiy\u0259 mac\u0259ralar\u0131 \u2013 2"}]},{"@type":"WebSite","@id":"https:\/\/www.meydan.tv\/az\/#website","url":"https:\/\/www.meydan.tv\/az\/","name":"MEYDAN.TV","description":"Meydan TV Az\u0259rbaycan\u0131n media m\u0259kan\u0131ndak\u0131 alternativ s\u0259sidir","publisher":{"@id":"https:\/\/www.meydan.tv\/az\/#organization"},"potentialAction":[{"@type":"SearchAction","target":{"@type":"EntryPoint","urlTemplate":"https:\/\/www.meydan.tv\/az\/?s={search_term_string}"},"query-input":{"@type":"PropertyValueSpecification","valueRequired":true,"valueName":"search_term_string"}}],"inLanguage":"az"},{"@type":"Organization","@id":"https:\/\/www.meydan.tv\/az\/#organization","name":"Meydan TV","url":"https:\/\/www.meydan.tv\/az\/","logo":{"@type":"ImageObject","inLanguage":"az","@id":"https:\/\/www.meydan.tv\/az\/#\/schema\/logo\/image\/","url":"https:\/\/www.meydan.tv\/wp-content\/uploads\/2021\/07\/meydan-logo.svg","contentUrl":"https:\/\/www.meydan.tv\/wp-content\/uploads\/2021\/07\/meydan-logo.svg","width":195,"height":46,"caption":"Meydan TV"},"image":{"@id":"https:\/\/www.meydan.tv\/az\/#\/schema\/logo\/image\/"}},{"@type":"Person","@id":"https:\/\/www.meydan.tv\/az\/#\/schema\/person\/10d11eccf6da3662cf5fdab9806ea91a","name":"user-manager"}]}},"_links":{"self":[{"href":"https:\/\/www.meydan.tv\/az\/wp-json\/wp\/v2\/posts\/168997","targetHints":{"allow":["GET"]}}],"collection":[{"href":"https:\/\/www.meydan.tv\/az\/wp-json\/wp\/v2\/posts"}],"about":[{"href":"https:\/\/www.meydan.tv\/az\/wp-json\/wp\/v2\/types\/post"}],"author":[{"embeddable":true,"href":"https:\/\/www.meydan.tv\/az\/wp-json\/wp\/v2\/users\/11"}],"replies":[{"embeddable":true,"href":"https:\/\/www.meydan.tv\/az\/wp-json\/wp\/v2\/comments?post=168997"}],"version-history":[{"count":0,"href":"https:\/\/www.meydan.tv\/az\/wp-json\/wp\/v2\/posts\/168997\/revisions"}],"wp:featuredmedia":[{"embeddable":true,"href":"https:\/\/www.meydan.tv\/az\/wp-json\/wp\/v2\/media\/29631"}],"wp:attachment":[{"href":"https:\/\/www.meydan.tv\/az\/wp-json\/wp\/v2\/media?parent=168997"}],"wp:term":[{"taxonomy":"category","embeddable":true,"href":"https:\/\/www.meydan.tv\/az\/wp-json\/wp\/v2\/categories?post=168997"},{"taxonomy":"post_tag","embeddable":true,"href":"https:\/\/www.meydan.tv\/az\/wp-json\/wp\/v2\/tags?post=168997"}],"curies":[{"name":"wp","href":"https:\/\/api.w.org\/{rel}","templated":true}]}}