{"id":168989,"date":"2015-07-20T15:32:23","date_gmt":"2015-07-20T15:32:23","guid":{"rendered":"https:\/\/www.meydan.tv\/article\/qacirilan-mektebli-qizlarin-yarimciq-qalan-arzulari-video\/"},"modified":"2015-07-20T15:32:23","modified_gmt":"2015-07-20T15:32:23","slug":"qacirilan-mektebli-qizlarin-yarimciq-qalan-arzulari-video","status":"publish","type":"post","link":"https:\/\/www.meydan.tv\/az\/article\/qacirilan-mektebli-qizlarin-yarimciq-qalan-arzulari-video\/","title":{"rendered":"Qa\u00e7\u0131r\u0131lan m\u0259kt\u0259bli q\u0131zlar\u0131n yar\u0131m\u00e7\u0131q qalan arzular\u0131 (V\u0130DEO)"},"content":{"rendered":"<figure class=\"wp-block-embed is-type-video is-provider-youtube wp-block-embed-youtube wp-embed-aspect-16-9 wp-has-aspect-ratio\">\n<div class=\"wp-block-embed__wrapper\">\n    <iframe loading=\"lazy\"\ttitle=\"\" width=\"1200\" height=\"675\" src=\"https:\/\/www.youtube.com\/embed\/E_gEhtITmm4\"\tframeborder=\"0\"\tallow=\"accelerometer; autoplay; clipboard-write; encrypted-media; gyroscope; picture-in-picture\" allowfullscreen><\/iframe>\n  <\/div><figcaption><\/figcaption><\/figure>\n<p>\n  <i><br \/>\n    \u201c M\u0259ni tan\u0131mad\u0131\u011f\u0131m yer\u0259 apar\u0131b bir g\u00fcn saxlad\u0131lar. Sonra m\u0259n\u0259 dedil\u0259r ki \u0259g\u0259r \u015fikay\u0259t etm\u0259s\u0259m, m\u0259ni geri qaytaracaqlar \u201d.<br \/>\n  <\/i><br \/>\n  <br \/>\n  G\u00fcrc\u00fcstan\u0131n Qardabani rayonunun 17 ya\u015fl\u0131 sakini S\u0259bin\u0259ni bir ne\u00e7\u0259 g\u00fcn \u0259vv\u0259l haz\u0131rl\u0131qdan ev\u0259 g\u0259l\u0259rk\u0259n yolda raz\u0131l\u0131\u011f\u0131 olmadan qa\u00e7\u0131rd\u0131blar. H\u0259min vaxt onun yan\u0131nda olan anas\u0131 o\u011flanlar t\u0259r\u0259find\u0259n d\u00f6y\u00fcl\u0259r\u0259k, yax\u0131nl\u0131qdak\u0131 su arx\u0131na at\u0131l\u0131b. Bir g\u00fcn tan\u0131mad\u0131\u011f\u0131 yerd\u0259 qalan S\u0259bin\u0259 \u015fikay\u0259t etm\u0259y\u0259c\u0259yi t\u0259qdird\u0259 geri qaytar\u0131l\u0131b. O deyir ki, m\u0259kt\u0259bd\u0259 yax\u015f\u0131 oxuyub, arzusu h\u0259kim olmaq olub. Lakin m\u0259kt\u0259bd\u0259 oxuyark\u0259n bir o\u011flan\u0131n onu ist\u0259diyini bils\u0259 d\u0259, buna m\u0259h\u0259l qoymad\u0131\u011f\u0131ndan onun S\u0259bin\u0259ni qa\u00e7\u0131raca\u011f\u0131n\u0131 e\u015fidib. Bu s\u0259b\u0259bd\u0259n d\u0259 h\u0259r g\u00fcn haz\u0131rl\u0131\u011fa atas\u0131 il\u0259 gedib-g\u0259lirmi\u015f:\n<\/p>\n<figure class=\"wp-block-image size-large\">\n  <img decoding=\"async\" src=\"https:\/\/www.meydan.tv\/az\/29610\/\" alt=\"\" class=\"wp-image-29610\"\/><figcaption><\/figcaption><\/figure>\n<\/p>\n<\/p><\/p>\n","protected":false},"excerpt":{"rendered":"<p>G\u00fcrc\u00fcstan\u0131n az\u0259rbaycanl\u0131lar ya\u015fayan k\u0259ndl\u0259rind\u0259 m\u0259kt\u0259bli q\u0131zlar zorla qa\u00e7\u0131r\u0131ld\u0131qdan sonra, bir \u00e7oxlar\u0131 b\u0259zi \u015f\u0259rtl\u0259rl\u0259 geri qaytar\u0131l\u0131r&#8230;<\/p>\n","protected":false},"author":11,"featured_media":29610,"comment_status":"closed","ping_status":"open","sticky":false,"template":"","format":"standard","meta":{"_acf_changed":false,"_sitemap_exclude":false,"_sitemap_priority":"","_sitemap_frequency":"","footnotes":""},"categories":[63],"tags":[],"class_list":["post-168989","post","type-post","status-publish","format-standard","has-post-thumbnail","hentry","category-video-2","infinite-scroll-item","generate-columns","tablet-grid-50","mobile-grid-100","grid-parent","grid-33","no-featured-image-padding"],"acf":[],"yoast_head":"<!-- This site is optimized with the Yoast SEO plugin v28.3 - https:\/\/yoast.com\/product\/yoast-seo-wordpress\/ -->\n<title>Qa\u00e7\u0131r\u0131lan m\u0259kt\u0259bli q\u0131zlar\u0131n yar\u0131m\u00e7\u0131q qalan arzular\u0131 (V\u0130DEO) - MEYDAN.TV<\/title>\n<meta name=\"robots\" content=\"index, follow, max-snippet:-1, max-image-preview:large, max-video-preview:-1\" \/>\n<link rel=\"canonical\" href=\"https:\/\/www.meydan.tv\/az\/article\/qacirilan-mektebli-qizlarin-yarimciq-qalan-arzulari-video\/\" \/>\n<meta property=\"og:locale\" content=\"az_AZ\" \/>\n<meta property=\"og:type\" content=\"article\" \/>\n<meta property=\"og:title\" content=\"Qa\u00e7\u0131r\u0131lan m\u0259kt\u0259bli q\u0131zlar\u0131n yar\u0131m\u00e7\u0131q qalan arzular\u0131 (V\u0130DEO) - MEYDAN.TV\" \/>\n<meta property=\"og:description\" content=\"G\u00fcrc\u00fcstan\u0131n az\u0259rbaycanl\u0131lar ya\u015fayan k\u0259ndl\u0259rind\u0259 m\u0259kt\u0259bli q\u0131zlar zorla qa\u00e7\u0131r\u0131ld\u0131qdan sonra, bir \u00e7oxlar\u0131 b\u0259zi \u015f\u0259rtl\u0259rl\u0259 geri qaytar\u0131l\u0131r...\" \/>\n<meta property=\"og:url\" content=\"https:\/\/www.meydan.tv\/az\/article\/qacirilan-mektebli-qizlarin-yarimciq-qalan-arzulari-video\/\" \/>\n<meta property=\"og:site_name\" content=\"MEYDAN.TV\" \/>\n<meta property=\"article:published_time\" content=\"2015-07-20T15:32:23+00:00\" \/>\n<meta property=\"og:image\" content=\"https:\/\/www.meydan.tv\/wp-content\/uploads\/10978.jpg\" \/>\n\t<meta property=\"og:image:width\" content=\"1280\" \/>\n\t<meta property=\"og:image:height\" content=\"720\" \/>\n\t<meta property=\"og:image:type\" content=\"image\/jpeg\" \/>\n<meta name=\"twitter:card\" content=\"summary_large_image\" \/>\n<!-- \/ Yoast SEO plugin. -->","yoast_head_json":{"title":"Qa\u00e7\u0131r\u0131lan m\u0259kt\u0259bli q\u0131zlar\u0131n yar\u0131m\u00e7\u0131q qalan arzular\u0131 (V\u0130DEO) - MEYDAN.TV","robots":{"index":"index","follow":"follow","max-snippet":"max-snippet:-1","max-image-preview":"max-image-preview:large","max-video-preview":"max-video-preview:-1"},"canonical":"https:\/\/www.meydan.tv\/az\/article\/qacirilan-mektebli-qizlarin-yarimciq-qalan-arzulari-video\/","og_locale":"az_AZ","og_type":"article","og_title":"Qa\u00e7\u0131r\u0131lan m\u0259kt\u0259bli q\u0131zlar\u0131n yar\u0131m\u00e7\u0131q qalan arzular\u0131 (V\u0130DEO) - MEYDAN.TV","og_description":"G\u00fcrc\u00fcstan\u0131n az\u0259rbaycanl\u0131lar ya\u015fayan k\u0259ndl\u0259rind\u0259 m\u0259kt\u0259bli q\u0131zlar zorla qa\u00e7\u0131r\u0131ld\u0131qdan sonra, bir \u00e7oxlar\u0131 b\u0259zi \u015f\u0259rtl\u0259rl\u0259 geri qaytar\u0131l\u0131r...","og_url":"https:\/\/www.meydan.tv\/az\/article\/qacirilan-mektebli-qizlarin-yarimciq-qalan-arzulari-video\/","og_site_name":"MEYDAN.TV","article_published_time":"2015-07-20T15:32:23+00:00","og_image":[{"width":1280,"height":720,"url":"https:\/\/www.meydan.tv\/wp-content\/uploads\/10978.jpg","type":"image\/jpeg"}],"twitter_card":"summary_large_image","schema":{"@context":"https:\/\/schema.org","@graph":[{"@type":"Article","@id":"https:\/\/www.meydan.tv\/az\/article\/qacirilan-mektebli-qizlarin-yarimciq-qalan-arzulari-video\/#article","isPartOf":{"@id":"https:\/\/www.meydan.tv\/az\/article\/qacirilan-mektebli-qizlarin-yarimciq-qalan-arzulari-video\/"},"author":{"name":"user-manager","@id":"https:\/\/www.meydan.tv\/az\/#\/schema\/person\/10d11eccf6da3662cf5fdab9806ea91a"},"headline":"Qa\u00e7\u0131r\u0131lan m\u0259kt\u0259bli q\u0131zlar\u0131n yar\u0131m\u00e7\u0131q qalan arzular\u0131 (V\u0130DEO)","datePublished":"2015-07-20T15:32:23+00:00","mainEntityOfPage":{"@id":"https:\/\/www.meydan.tv\/az\/article\/qacirilan-mektebli-qizlarin-yarimciq-qalan-arzulari-video\/"},"wordCount":188,"publisher":{"@id":"https:\/\/www.meydan.tv\/az\/#organization"},"image":{"@id":"https:\/\/www.meydan.tv\/az\/article\/qacirilan-mektebli-qizlarin-yarimciq-qalan-arzulari-video\/#primaryimage"},"thumbnailUrl":"https:\/\/www.meydan.tv\/wp-content\/uploads\/10978.jpg","articleSection":["Video"],"inLanguage":"az"},{"@type":"WebPage","@id":"https:\/\/www.meydan.tv\/az\/article\/qacirilan-mektebli-qizlarin-yarimciq-qalan-arzulari-video\/","url":"https:\/\/www.meydan.tv\/az\/article\/qacirilan-mektebli-qizlarin-yarimciq-qalan-arzulari-video\/","name":"Qa\u00e7\u0131r\u0131lan m\u0259kt\u0259bli q\u0131zlar\u0131n yar\u0131m\u00e7\u0131q qalan arzular\u0131 (V\u0130DEO) - MEYDAN.TV","isPartOf":{"@id":"https:\/\/www.meydan.tv\/az\/#website"},"primaryImageOfPage":{"@id":"https:\/\/www.meydan.tv\/az\/article\/qacirilan-mektebli-qizlarin-yarimciq-qalan-arzulari-video\/#primaryimage"},"image":{"@id":"https:\/\/www.meydan.tv\/az\/article\/qacirilan-mektebli-qizlarin-yarimciq-qalan-arzulari-video\/#primaryimage"},"thumbnailUrl":"https:\/\/www.meydan.tv\/wp-content\/uploads\/10978.jpg","datePublished":"2015-07-20T15:32:23+00:00","breadcrumb":{"@id":"https:\/\/www.meydan.tv\/az\/article\/qacirilan-mektebli-qizlarin-yarimciq-qalan-arzulari-video\/#breadcrumb"},"inLanguage":"az","potentialAction":[{"@type":"ReadAction","target":["https:\/\/www.meydan.tv\/az\/article\/qacirilan-mektebli-qizlarin-yarimciq-qalan-arzulari-video\/"]}]},{"@type":"ImageObject","inLanguage":"az","@id":"https:\/\/www.meydan.tv\/az\/article\/qacirilan-mektebli-qizlarin-yarimciq-qalan-arzulari-video\/#primaryimage","url":"https:\/\/www.meydan.tv\/wp-content\/uploads\/10978.jpg","contentUrl":"https:\/\/www.meydan.tv\/wp-content\/uploads\/10978.jpg","width":1280,"height":720,"caption":"Source:"},{"@type":"BreadcrumbList","@id":"https:\/\/www.meydan.tv\/az\/article\/qacirilan-mektebli-qizlarin-yarimciq-qalan-arzulari-video\/#breadcrumb","itemListElement":[{"@type":"ListItem","position":1,"name":"Ana s\u0259hif\u0259","item":"https:\/\/www.meydan.tv\/az\/"},{"@type":"ListItem","position":2,"name":"Video","item":"https:\/\/www.meydan.tv\/az\/section\/video-2\/"},{"@type":"ListItem","position":3,"name":"Qa\u00e7\u0131r\u0131lan m\u0259kt\u0259bli q\u0131zlar\u0131n yar\u0131m\u00e7\u0131q qalan arzular\u0131 (V\u0130DEO)"}]},{"@type":"WebSite","@id":"https:\/\/www.meydan.tv\/az\/#website","url":"https:\/\/www.meydan.tv\/az\/","name":"MEYDAN.TV","description":"Meydan TV Az\u0259rbaycan\u0131n media m\u0259kan\u0131ndak\u0131 alternativ s\u0259sidir","publisher":{"@id":"https:\/\/www.meydan.tv\/az\/#organization"},"potentialAction":[{"@type":"SearchAction","target":{"@type":"EntryPoint","urlTemplate":"https:\/\/www.meydan.tv\/az\/?s={search_term_string}"},"query-input":{"@type":"PropertyValueSpecification","valueRequired":true,"valueName":"search_term_string"}}],"inLanguage":"az"},{"@type":"Organization","@id":"https:\/\/www.meydan.tv\/az\/#organization","name":"Meydan TV","url":"https:\/\/www.meydan.tv\/az\/","logo":{"@type":"ImageObject","inLanguage":"az","@id":"https:\/\/www.meydan.tv\/az\/#\/schema\/logo\/image\/","url":"https:\/\/www.meydan.tv\/wp-content\/uploads\/2021\/07\/meydan-logo.svg","contentUrl":"https:\/\/www.meydan.tv\/wp-content\/uploads\/2021\/07\/meydan-logo.svg","width":195,"height":46,"caption":"Meydan TV"},"image":{"@id":"https:\/\/www.meydan.tv\/az\/#\/schema\/logo\/image\/"}},{"@type":"Person","@id":"https:\/\/www.meydan.tv\/az\/#\/schema\/person\/10d11eccf6da3662cf5fdab9806ea91a","name":"user-manager"}]}},"_links":{"self":[{"href":"https:\/\/www.meydan.tv\/az\/wp-json\/wp\/v2\/posts\/168989","targetHints":{"allow":["GET"]}}],"collection":[{"href":"https:\/\/www.meydan.tv\/az\/wp-json\/wp\/v2\/posts"}],"about":[{"href":"https:\/\/www.meydan.tv\/az\/wp-json\/wp\/v2\/types\/post"}],"author":[{"embeddable":true,"href":"https:\/\/www.meydan.tv\/az\/wp-json\/wp\/v2\/users\/11"}],"replies":[{"embeddable":true,"href":"https:\/\/www.meydan.tv\/az\/wp-json\/wp\/v2\/comments?post=168989"}],"version-history":[{"count":0,"href":"https:\/\/www.meydan.tv\/az\/wp-json\/wp\/v2\/posts\/168989\/revisions"}],"wp:featuredmedia":[{"embeddable":true,"href":"https:\/\/www.meydan.tv\/az\/wp-json\/wp\/v2\/media\/29610"}],"wp:attachment":[{"href":"https:\/\/www.meydan.tv\/az\/wp-json\/wp\/v2\/media?parent=168989"}],"wp:term":[{"taxonomy":"category","embeddable":true,"href":"https:\/\/www.meydan.tv\/az\/wp-json\/wp\/v2\/categories?post=168989"},{"taxonomy":"post_tag","embeddable":true,"href":"https:\/\/www.meydan.tv\/az\/wp-json\/wp\/v2\/tags?post=168989"}],"curies":[{"name":"wp","href":"https:\/\/api.w.org\/{rel}","templated":true}]}}