{"id":168979,"date":"2015-07-18T17:11:10","date_gmt":"2015-07-18T17:11:10","guid":{"rendered":"https:\/\/www.meydan.tv\/article\/merkel-bunu-ozune-bagislaya-bilecekmi\/"},"modified":"2015-07-18T17:11:10","modified_gmt":"2015-07-18T17:11:10","slug":"merkel-bunu-ozune-bagislaya-bilecekmi","status":"publish","type":"post","link":"https:\/\/www.meydan.tv\/az\/article\/merkel-bunu-ozune-bagislaya-bilecekmi\/","title":{"rendered":"Merkel bunu \u00f6z\u00fcn\u0259 ba\u011f\u0131\u015flaya bil\u0259c\u0259kmi?"},"content":{"rendered":"<figure class=\"wp-block-image size-large\">\n  <img decoding=\"async\" src=\"https:\/\/www.meydan.tv\/az\/29474\/\" alt=\"\" class=\"wp-image-29474\"\/><figcaption><\/figcaption><\/figure>\n<figure class=\"wp-block-image size-large\">\n  <img decoding=\"async\" src=\"https:\/\/www.meydan.tv\/az\/29468\/\" alt=\"\" class=\"wp-image-29468\"\/><figcaption><\/figcaption><\/figure>\n<p>\n  Bu g\u00fcnl\u0259rd\u0259 sosial \u015f\u0259b\u0259k\u0259l\u0259rd\u0259 alman bundeskansleri (ba\u015f naziri) Angela Merkel il\u0259 bir f\u0259l\u0259stinli q\u0131zc\u0131\u011faz\u0131n dialoqunun videosu yay\u0131ld\u0131. S\u00f6hb\u0259t \u0259snas\u0131nda ba\u015f nazir bir u\u015fa\u011fa onun yerlil\u0259rinin n\u0259d\u0259n deportasiya edildiyi v\u0259 ba\u015fqa qa\u00e7q\u0131nlar\u0131n\u0131n g\u0259lm\u0259sinin \u0259ng\u0259ll\u0259nm\u0259sini ba\u015fa salma\u011fa \u00e7al\u0131\u015fd\u0131. Bu ibar\u0259tamiz dialoq YouTube \u015f\u0259b\u0259k\u0259sind\u0259 var, ist\u0259y\u0259nl\u0259r dinl\u0259y\u0259 bil\u0259r.\n<\/p>\n<p>\n  Hadis\u0259nin q\u0131sa \u00f6z\u0259tini verim. Angela Merkel Almaniyan\u0131n \u015fimal\u0131nda yerl\u0259\u015f\u0259n Rostok \u015f\u0259h\u0259rind\u0259 bir m\u0259kt\u0259b\u0259 g\u00f6r\u00fc\u015f\u0259 g\u0259lir, orada m\u00fc\u0259llim v\u0259 t\u0259l\u0259b\u0259l\u0259rl\u0259 g\u00f6r\u00fc\u015f\u00fcr. Bir q\u0131zc\u0131\u011faz\u0131n m\u00fchacirl\u0259rin a\u011f\u0131r h\u0259yat\u0131 haqdak\u0131 replikas\u0131na cavab ver\u0259n kansler deyir \u201c\u018flb\u0259tt\u0259 siyas\u0259t \u2013 \u00e7ox \u00e7\u0259tin i\u015fdir v\u0259 \u0259lb\u0259tt\u0259 ki, s\u0259n \u00f6zl\u00fcy\u00fcnd\u0259 \u00e7ox yax\u015f\u0131 bir insansan. Lakin s\u0259n bilirs\u0259n ki, Livandak\u0131 F\u0259l\u0259stin d\u00fc\u015f\u0259rg\u0259l\u0259rind\u0259 minl\u0259rl\u0259 insan ya\u015fay\u0131r. V\u0259 biz onlar\u0131n ham\u0131s\u0131na \u201cbiz\u0259 g\u0259lin\u201d des\u0259k, bundan \u0259lav\u0259, m\u0259s\u0259l\u0259n Afrikadan b\u00fct\u00fcn arzu ed\u0259nl\u0259ri d\u0259 \u00e7a\u011f\u0131rsaq \u2013 biz sad\u0259c\u0259 bunun \u00f6hd\u0259sind\u0259n g\u0259l\u0259 bilm\u0259rik. Biz onlara yaln\u0131z onlar\u0131n \u0259riz\u0259l\u0259rinin m\u00fcmk\u00fcn q\u0259d\u0259r tez cavabland\u0131r\u0131laca\u011f\u0131n\u0131\u00a0 s\u00f6z ver\u0259 bil\u0259rik. Amma b\u0259zil\u0259ri ist\u0259nil\u0259n halda, geri d\u00f6nm\u0259li olacaqlar\u201d.\n<\/p>\n<p>\n  Amma h\u0259m\u0259n tiradadan sonra f\u0259l\u0259stinli m\u00fchacirin \u00f6vlad\u0131 olan Rim adl\u0131 q\u0131zc\u0131\u011faq a\u011flad\u0131, kansler \u0259lb\u0259tt\u0259 ki, \u00e7ox p\u0259rt oldu v\u0259 u\u015fa\u011f\u0131 ovundurma\u011fa \u00e7al\u0131\u015fd\u0131. Onun almancas\u0131n\u0131 t\u0259rifl\u0259di, dedi ki, q\u0131sa zamanda \u00e7ox b\u00f6y\u00fck u\u011furlar \u0259ld\u0259 edib. M\u0259lum oldu ki, u\u015fa\u011f\u0131n atas\u0131n\u0131n yaln\u0131z m\u00fcv\u0259qq\u0259ti oturum izni var, i\u015fl\u0259m\u0259k icaz\u0259si is\u0259, \u00fcmumiyy\u0259tl\u0259, yoxdur. Kansler bunlar\u0131 dinl\u0259yib, q\u0131za m\u00fcraci\u0259tl\u0259 ham\u0131ya dedi ki, Rim bu v\u0259ziyy\u0259td\u0259 t\u0259nha deyil, bu situasiyada minl\u0259rl\u0259 insan ya\u015fay\u0131r.\n<\/p>\n<p>\n  Bu hadis\u0259d\u0259n sonra Spiegel jurnal\u0131 da bir karakatura yay\u0131nlad\u0131, m\u0259z\u0259li idi, orada kansler\u0259 \u201cB\u0259lk\u0259 s\u0259n DDR-\u0259 d\u00f6n\u0259s\u0259n?\u201d sual\u0131 verilir. Bir n\u00f6v onun u\u015faqla q\u0259ddarcas\u0131na dan\u0131\u015fd\u0131\u011f\u0131na i\u015far\u0259 idi. \u018flb\u0259tt\u0259 ki, bu da \u00e7ox pozitiv hal idi, \u015f\u0259ffaf c\u0259miyy\u0259td\u0259 media, ist\u0259nil\u0259n ictimai fiqurlar, h\u0259tta o Bundeskanzler bel\u0259 olsa, onu q\u0131na\u011fa da, zarafata da tuta bil\u0259r. V\u0259 bu \u0259lb\u0259tt\u0259 ki, \u00f6lk\u0259d\u0259ki minl\u0259rl\u0259, h\u0259tta milyonlarla m\u00fchacirl\u0259r\u0259 sars\u0131lmamalar\u0131 \u00fc\u00e7\u00fcn c\u0259miyy\u0259tin bir mesaj\u0131 idi.\n<\/p>\n<p>\n  \u018fslind\u0259, bu situasiyan\u0131 \u015f\u0259rh etm\u0259k he\u00e7 d\u0259 asan deyil. B\u0259li, bu almanlar h\u0259tta u\u015faqlarla da bizim kimi ya cici-mici etm\u0259k, ya da \u015feir dedirtm\u0259k yerin\u0259, ciddi m\u0259s\u0259l\u0259l\u0259ri s\u0259mimic\u0259sin\u0259 m\u00fczakir\u0259 edirl\u0259r. N\u0259 q\u0259d\u0259r q\u0259ddarl\u0131\u011fa b\u0259nz\u0259s\u0259 d\u0259, b\u0259lk\u0259 bel\u0259 daha yax\u015f\u0131d\u0131r? S\u0259mimi deyim ki, bilmir\u0259m. B\u0259s kanslerin dedikl\u0259ri nec\u0259 &#8211; do\u011frudurmu, yoxsa onu do\u011frudan DDR-\u0259 g\u00f6nd\u0259rm\u0259k laz\u0131md\u0131r? Sokrat demi\u015f, \u201cm\u0259n yaln\u0131z onu bilir\u0259m ki, bilmir\u0259m.\u201d\n<\/p>\n<p>\n  Amma o dialoqu davam etdirm\u0259k m\u00fcmk\u00fcn olsayd\u0131, o q\u0131zc\u0131\u011faza n\u0259l\u0259ris\u0259 dem\u0259k ist\u0259rdim.<br \/>\n  <br \/>\n  Bilirs\u0259nmi Rim, h\u0259yat \u00e7ox q\u0259ddard\u0131r, s\u0259nin ail\u0259n qa\u00e7q\u0131n taleyi ya\u015fay\u0131b, bizd\u0259 &#8211; Az\u0259rbaycandak\u0131 y\u00fczminl\u0259rl\u0259 insan kimi. Amma s\u0259n art\u0131q d\u00f6rd ildir ki, Avropan\u0131n m\u0259rk\u0259zind\u0259 qurulmu\u015f d\u0259rin m\u0259d\u0259niyy\u0259t\u0259 malik sosial d\u00f6vl\u0259td\u0259 ya\u015fay\u0131rsan, \u00fcmid ed\u0259k ki, atan\u0131n da i\u015fl\u0259ri tezlikl\u0259 d\u00fcz\u0259l\u0259r v\u0259 siz \u00f6z\u00fcn\u00fcz\u0259 yeni V\u0259t\u0259n tapars\u0131n\u0131z.\n<\/p>\n<p>\n  Amma evlad\u0131m, l\u00fctf\u0259n diqq\u0259tl\u0259 dinl\u0259 v\u0259 bu g\u00fcnl\u0259ri d\u0259 unutma, s\u0259n q\u0131zsan v\u0259 ana olacaqsan, y\u0259qin ki, \u00e7oxlu u\u015faqlar\u0131n da olar, onlar\u0131 da t\u0259rbiy\u0259 ed\u0259c\u0259ks\u0259n. L\u00fctf\u0259n ail\u0259nizin \u0259n a\u011f\u0131r an\u0131nda haran\u0131n, hans\u0131 \u00f6lk\u0259nin siz\u0259 qucaq a\u00e7d\u0131\u011f\u0131n\u0131 unutma. \u0130st\u0259nil\u0259n \u00f6lk\u0259 d\u0259 insanlar dem\u0259kdir Rim, yaln\u0131z insanlar v\u0259 onlar\u0131n yaratd\u0131\u011f\u0131 c\u0259miyy\u0259t. V\u0259 \u0259g\u0259r bu c\u0259miyy\u0259t xo\u015funa g\u0259libs\u0259, bu toplumda ya\u015fama\u011f\u0131 q\u0259rar vermis\u0259ns\u0259, onda bu c\u0259miyy\u0259tin insan\u0131 ol, evlad\u0131m.\n<\/p>\n<p>\n  Bu c\u0259miyy\u0259ti yaratmaq he\u00e7 d\u0259 asanl\u0131qla ba\u015fa g\u0259lm\u0259yib. Orta \u0259srl\u0259rin qarag\u00fcruhundan, kils\u0259nin meydanlarda yand\u0131rd\u0131\u011f\u0131 insanlar\u0131n tonqallar\u0131ndan, reformasiyadan, din m\u00fcharib\u0259l\u0259rind\u0259n, i\u015fg\u0259nc\u0259l\u0259rd\u0259n, irq\u00e7ilikd\u0259n, nasizmd\u0259n, \u00f6l\u00fcm d\u00fc\u015f\u0259rg\u0259l\u0259rind\u0259n, iki d\u00fcnya m\u00fcharib\u0259sind\u0259n ke\u00e7ilib bu c\u0259miyy\u0259ti qura bilm\u0259k \u00fc\u00e7\u00fcn. Bunlar\u0131 ke\u00e7\u0259 bildikl\u0259ri \u00fc\u00e7\u00fcn almanlar bel\u0259 bir rafah d\u00f6vl\u0259ti yarada bilib v\u0259 indi siz\u0259 d\u0259 yard\u0131m etm\u0259y\u0259 \u00e7al\u0131\u015f\u0131rlar.\n<\/p>\n<p>\n  S\u0259n F\u0259l\u0259stin \u0259sillis\u0259n, y\u0259qin ki, siz m\u00fcs\u0259lmans\u0131n\u0131z, \u00f6z tanr\u0131na \u00fcr\u0259yind\u0259 inan, ona ibad\u0259t et, bu c\u0259miyy\u0259td\u0259 s\u0259n\u0259 he\u00e7 kims\u0259 mane olmayacaqd\u0131r, amma bu s\u0259nin \u015f\u0259xsi i\u015fin olsun evlad\u0131m, bunu he\u00e7 bir zaman kim\u0259s\u0259 qar\u015f\u0131 ictimai q\u0131naq kimi istifad\u0259 etm\u0259, ba\u015fqalar\u0131n\u0131n \u015f\u0259xsi h\u0259yat\u0131na girm\u0259, onlar\u0131n i\u015fl\u0259rin\u0259 qar\u0131\u015fma, kimin nec\u0259 paltar geyindiyini, nec\u0259 h\u0259yat t\u0259rzi se\u00e7diyini m\u00fczakir\u0259 etm\u0259, ba\u015fqa insanlara da \u00f6z subyektiv inanclar\u0131nla \u0259xlaq d\u0259rsi ke\u00e7m\u0259. G\u0259ldiyiniz bu c\u0259miyy\u0259tin ba\u015fl\u0131ca \u015f\u00fcar\u0131 uzun ill\u0259r \u201c\u0130ttiham etm\u0259, ittiham olunmayacaqsan\u201d idi, amma bunu da dini-filan yox, insani m\u0259nada anlamaq \u00fc\u00e7\u00fcn \u00e7ox d\u0259rin t\u0259f\u0259kk\u00fcr\u0259 malik olmaq g\u0259r\u0259kdir.\n<\/p>\n<p>\n  Kansler dedi ki, ham\u0131n\u0131 Almaniyaya \u00e7a\u011f\u0131ra bilm\u0259rik, amma burada m\u0259s\u0259l\u0259 yaln\u0131z sayda deyil, evlad\u0131m.<br \/>\n  <br \/>\n  M\u0259s\u0259l\u0259nin m\u00fc\u015fk\u00fcl t\u0259r\u0259fi odur ki, almanlar\u0131n nicat verdiyi bir \u00e7ox insanlar sonra bunu tezlikl\u0259 unudur, g\u0259ldiyi \u00f6lk\u0259nin dilini bel\u0259 \u00f6yr\u0259nm\u0259k ist\u0259mir, m\u0259d\u0259niyy\u0259tini v\u0259 h\u0259yat t\u0259rzini q\u0259bul etmir, yaln\u0131z bu \u00f6lk\u0259nin insanlar\u0131n\u0131n \u0259srl\u0259rl\u0259 yaratd\u0131\u011f\u0131 rifah v\u0259 vergi \u00f6d\u0259yicil\u0259rinin hesab\u0131na olan sosial\u0131n istehlak\u00e7\u0131s\u0131 qismind\u0259 h\u0259yat s\u00fcr\u00fcr. \u018fn pisi is\u0259 onlar\u0131n \u201cG\u0259mid\u0259 oturub g\u0259mi\u00e7i il\u0259 dava etm\u0259si\u201ddir. Onlar\u0131n almanlar, alman k\u00fclt\u00fcr\u00fc, h\u0259yat t\u0259rzi haqda h\u0259qar\u0259tl\u0259 dan\u0131\u015fd\u0131qlar\u0131n\u0131n \u015fahidi olmu\u015fam. V\u0259 maraql\u0131d\u0131r ki, onlar\u0131n he\u00e7 birinin \u201ch\u0259qiqi \u0259xlaqa uy\u011fun\u201d hesab etdiyi \u00f6lk\u0259l\u0259r\u0259 getm\u0259k fikri yoxdur. \u0130nan ki, alman c\u0259miyy\u0259tind\u0259 bu tipli m\u00fcnasib\u0259ti \u00e7ox yax\u015f\u0131 bilirl\u0259r, sad\u0259c\u0259 bu toplum \u00e7ox inki\u015faf yollar\u0131 ke\u00e7ib, h\u0259qiq\u0259t\u0259n tolerantd\u0131r v\u0259 bu hallara fikir verilmir, \u00f6t\u00fcb ke\u00e7ilir. Amma he\u00e7 d\u0259 o dem\u0259k deyil ki, onlar bunu g\u00f6r\u0259c\u0259k deyill\u0259r. \u201cMultikulturalizm siyas\u0259ti iflasa u\u011fray\u0131b\u201d ifad\u0259si el\u0259 o kansler t\u0259r\u0259find\u0259n bo\u015funa deyilm\u0259mi\u015fdi.\n<\/p>\n<p>\n  Dostoyevski demi\u015fdi ki, \u201cd\u00fcnyan\u0131n b\u00fct\u00fcn dahi ideyalar\u0131 bir u\u015fa\u011f\u0131n g\u00f6z ya\u015flar\u0131na d\u0259ym\u0259z\u201d &#8211; \u0259lb\u0259tt\u0259 bu bel\u0259dir. S\u0259n u\u015faqsan, atan\u0131n taleyi s\u0259n\u0259 qaranl\u0131q g\u0259ldi, s\u0259n\u0259 deyil\u0259n s\u00f6zl\u0259r s\u0259ni a\u011flatd\u0131. Bilmir\u0259m bunu Merkel \u00f6z\u00fcn\u0259 ba\u011f\u0131\u015flaya bil\u0259c\u0259kmi, ya yox. Bu sualla qar\u015f\u0131la\u015fmaq art\u0131q onun taleyidir. \u00c7ox \u00fcmid edir\u0259m ki, s\u0259nin h\u0259r i\u015fin yax\u015f\u0131 olacaq, oxuyacaq, b\u00f6y\u00fcy\u0259c\u0259k, alman c\u0259miyy\u0259tin\u0259 inteqrasiya olacaq v\u0259 \u00f6z\u00fcn\u00fc orada tapacaqsan. Amma l\u00fctf\u0259n, b\u00f6y\u00fcy\u0259nd\u0259 m\u00fctl\u0259q \u00f6z\u00fcn\u0259 bu sual\u0131 ver &#8211; \u0259g\u0259r bu v\u0259ziyy\u0259t tam \u0259ksin\u0259 olsayd\u0131, almanlar qa\u00e7q\u0131n olsayd\u0131, siz onlar\u0131 F\u0259l\u0259stin, v\u0259 ya ba\u015fqa \u0259r\u0259b \u00f6lk\u0259sind\u0259 q\u0259bul ed\u0259rdinizmi?\n<\/p>\n<p>\n  <b><br \/>\n    Yaz\u0131dak\u0131 fikirl\u0259r m\u00fc\u0259llifin \u015f\u0259xsi m\u00f6vqeyini \u0259ks etdirir&#8230;<br \/>\n  <\/b><\/p>\n","protected":false},"excerpt":{"rendered":"<p>F\u0259l\u0259stinli q\u0131zc\u0131\u011faza dey\u0259c\u0259kl\u0259rim<\/p>\n","protected":false},"author":11,"featured_media":29474,"comment_status":"closed","ping_status":"open","sticky":false,"template":"","format":"standard","meta":{"_acf_changed":false,"_sitemap_exclude":false,"_sitemap_priority":"","_sitemap_frequency":"","footnotes":""},"categories":[57],"tags":[],"class_list":["post-168979","post","type-post","status-publish","format-standard","has-post-thumbnail","hentry","category-menim-fikrimce","infinite-scroll-item","generate-columns","tablet-grid-50","mobile-grid-100","grid-parent","grid-33","no-featured-image-padding"],"acf":[],"yoast_head":"<!-- This site is optimized with the Yoast SEO plugin v27.5 - https:\/\/yoast.com\/product\/yoast-seo-wordpress\/ -->\n<title>Merkel bunu \u00f6z\u00fcn\u0259 ba\u011f\u0131\u015flaya bil\u0259c\u0259kmi? - MEYDAN.TV<\/title>\n<meta name=\"robots\" content=\"index, follow, max-snippet:-1, max-image-preview:large, max-video-preview:-1\" \/>\n<link rel=\"canonical\" href=\"https:\/\/www.meydan.tv\/az\/article\/merkel-bunu-ozune-bagislaya-bilecekmi\/\" \/>\n<meta property=\"og:locale\" content=\"az_AZ\" \/>\n<meta property=\"og:type\" content=\"article\" \/>\n<meta property=\"og:title\" content=\"Merkel bunu \u00f6z\u00fcn\u0259 ba\u011f\u0131\u015flaya bil\u0259c\u0259kmi? - MEYDAN.TV\" \/>\n<meta property=\"og:description\" content=\"F\u0259l\u0259stinli q\u0131zc\u0131\u011faza dey\u0259c\u0259kl\u0259rim\" \/>\n<meta property=\"og:url\" content=\"https:\/\/www.meydan.tv\/az\/article\/merkel-bunu-ozune-bagislaya-bilecekmi\/\" \/>\n<meta property=\"og:site_name\" content=\"MEYDAN.TV\" \/>\n<meta property=\"article:published_time\" content=\"2015-07-18T17:11:10+00:00\" \/>\n<meta property=\"og:image\" content=\"https:\/\/www.meydan.tv\/wp-content\/uploads\/10950.jpg\" \/>\n\t<meta property=\"og:image:width\" content=\"500\" \/>\n\t<meta property=\"og:image:height\" content=\"500\" \/>\n\t<meta property=\"og:image:type\" content=\"image\/jpeg\" \/>\n<meta name=\"author\" content=\"user-manager\" \/>\n<meta name=\"twitter:card\" content=\"summary_large_image\" \/>\n<script type=\"application\/ld+json\" class=\"yoast-schema-graph\">{\"@context\":\"https:\\\/\\\/schema.org\",\"@graph\":[{\"@type\":\"Article\",\"@id\":\"https:\\\/\\\/www.meydan.tv\\\/az\\\/article\\\/merkel-bunu-ozune-bagislaya-bilecekmi\\\/#article\",\"isPartOf\":{\"@id\":\"https:\\\/\\\/www.meydan.tv\\\/az\\\/article\\\/merkel-bunu-ozune-bagislaya-bilecekmi\\\/\"},\"author\":{\"name\":\"user-manager\",\"@id\":\"https:\\\/\\\/www.meydan.tv\\\/az\\\/#\\\/schema\\\/person\\\/10d11eccf6da3662cf5fdab9806ea91a\"},\"headline\":\"Merkel bunu \u00f6z\u00fcn\u0259 ba\u011f\u0131\u015flaya bil\u0259c\u0259kmi?\",\"datePublished\":\"2015-07-18T17:11:10+00:00\",\"mainEntityOfPage\":{\"@id\":\"https:\\\/\\\/www.meydan.tv\\\/az\\\/article\\\/merkel-bunu-ozune-bagislaya-bilecekmi\\\/\"},\"wordCount\":1440,\"publisher\":{\"@id\":\"https:\\\/\\\/www.meydan.tv\\\/az\\\/#organization\"},\"image\":{\"@id\":\"https:\\\/\\\/www.meydan.tv\\\/az\\\/article\\\/merkel-bunu-ozune-bagislaya-bilecekmi\\\/#primaryimage\"},\"thumbnailUrl\":\"https:\\\/\\\/www.meydan.tv\\\/wp-content\\\/uploads\\\/10950.jpg\",\"articleSection\":[\"M\u0259nim Fikrimc\u0259\"],\"inLanguage\":\"az\"},{\"@type\":\"WebPage\",\"@id\":\"https:\\\/\\\/www.meydan.tv\\\/az\\\/article\\\/merkel-bunu-ozune-bagislaya-bilecekmi\\\/\",\"url\":\"https:\\\/\\\/www.meydan.tv\\\/az\\\/article\\\/merkel-bunu-ozune-bagislaya-bilecekmi\\\/\",\"name\":\"Merkel bunu \u00f6z\u00fcn\u0259 ba\u011f\u0131\u015flaya bil\u0259c\u0259kmi? - MEYDAN.TV\",\"isPartOf\":{\"@id\":\"https:\\\/\\\/www.meydan.tv\\\/az\\\/#website\"},\"primaryImageOfPage\":{\"@id\":\"https:\\\/\\\/www.meydan.tv\\\/az\\\/article\\\/merkel-bunu-ozune-bagislaya-bilecekmi\\\/#primaryimage\"},\"image\":{\"@id\":\"https:\\\/\\\/www.meydan.tv\\\/az\\\/article\\\/merkel-bunu-ozune-bagislaya-bilecekmi\\\/#primaryimage\"},\"thumbnailUrl\":\"https:\\\/\\\/www.meydan.tv\\\/wp-content\\\/uploads\\\/10950.jpg\",\"datePublished\":\"2015-07-18T17:11:10+00:00\",\"breadcrumb\":{\"@id\":\"https:\\\/\\\/www.meydan.tv\\\/az\\\/article\\\/merkel-bunu-ozune-bagislaya-bilecekmi\\\/#breadcrumb\"},\"inLanguage\":\"az\",\"potentialAction\":[{\"@type\":\"ReadAction\",\"target\":[\"https:\\\/\\\/www.meydan.tv\\\/az\\\/article\\\/merkel-bunu-ozune-bagislaya-bilecekmi\\\/\"]}]},{\"@type\":\"ImageObject\",\"inLanguage\":\"az\",\"@id\":\"https:\\\/\\\/www.meydan.tv\\\/az\\\/article\\\/merkel-bunu-ozune-bagislaya-bilecekmi\\\/#primaryimage\",\"url\":\"https:\\\/\\\/www.meydan.tv\\\/wp-content\\\/uploads\\\/10950.jpg\",\"contentUrl\":\"https:\\\/\\\/www.meydan.tv\\\/wp-content\\\/uploads\\\/10950.jpg\",\"width\":500,\"height\":500,\"caption\":\"Source:\"},{\"@type\":\"BreadcrumbList\",\"@id\":\"https:\\\/\\\/www.meydan.tv\\\/az\\\/article\\\/merkel-bunu-ozune-bagislaya-bilecekmi\\\/#breadcrumb\",\"itemListElement\":[{\"@type\":\"ListItem\",\"position\":1,\"name\":\"Ana s\u0259hif\u0259\",\"item\":\"https:\\\/\\\/www.meydan.tv\\\/az\\\/\"},{\"@type\":\"ListItem\",\"position\":2,\"name\":\"M\u0259nim Fikrimc\u0259\",\"item\":\"https:\\\/\\\/www.meydan.tv\\\/az\\\/section\\\/menim-fikrimce\\\/\"},{\"@type\":\"ListItem\",\"position\":3,\"name\":\"Merkel bunu \u00f6z\u00fcn\u0259 ba\u011f\u0131\u015flaya bil\u0259c\u0259kmi?\"}]},{\"@type\":\"WebSite\",\"@id\":\"https:\\\/\\\/www.meydan.tv\\\/az\\\/#website\",\"url\":\"https:\\\/\\\/www.meydan.tv\\\/az\\\/\",\"name\":\"MEYDAN.TV\",\"description\":\"Meydan TV Az\u0259rbaycan\u0131n media m\u0259kan\u0131ndak\u0131 alternativ s\u0259sidir\",\"publisher\":{\"@id\":\"https:\\\/\\\/www.meydan.tv\\\/az\\\/#organization\"},\"potentialAction\":[{\"@type\":\"SearchAction\",\"target\":{\"@type\":\"EntryPoint\",\"urlTemplate\":\"https:\\\/\\\/www.meydan.tv\\\/az\\\/?s={search_term_string}\"},\"query-input\":{\"@type\":\"PropertyValueSpecification\",\"valueRequired\":true,\"valueName\":\"search_term_string\"}}],\"inLanguage\":\"az\"},{\"@type\":\"Organization\",\"@id\":\"https:\\\/\\\/www.meydan.tv\\\/az\\\/#organization\",\"name\":\"Meydan TV\",\"url\":\"https:\\\/\\\/www.meydan.tv\\\/az\\\/\",\"logo\":{\"@type\":\"ImageObject\",\"inLanguage\":\"az\",\"@id\":\"https:\\\/\\\/www.meydan.tv\\\/az\\\/#\\\/schema\\\/logo\\\/image\\\/\",\"url\":\"https:\\\/\\\/www.meydan.tv\\\/wp-content\\\/uploads\\\/2021\\\/07\\\/meydan-logo.svg\",\"contentUrl\":\"https:\\\/\\\/www.meydan.tv\\\/wp-content\\\/uploads\\\/2021\\\/07\\\/meydan-logo.svg\",\"width\":195,\"height\":46,\"caption\":\"Meydan TV\"},\"image\":{\"@id\":\"https:\\\/\\\/www.meydan.tv\\\/az\\\/#\\\/schema\\\/logo\\\/image\\\/\"}},{\"@type\":\"Person\",\"@id\":\"https:\\\/\\\/www.meydan.tv\\\/az\\\/#\\\/schema\\\/person\\\/10d11eccf6da3662cf5fdab9806ea91a\",\"name\":\"user-manager\"}]}<\/script>\n<!-- \/ Yoast SEO plugin. -->","yoast_head_json":{"title":"Merkel bunu \u00f6z\u00fcn\u0259 ba\u011f\u0131\u015flaya bil\u0259c\u0259kmi? - MEYDAN.TV","robots":{"index":"index","follow":"follow","max-snippet":"max-snippet:-1","max-image-preview":"max-image-preview:large","max-video-preview":"max-video-preview:-1"},"canonical":"https:\/\/www.meydan.tv\/az\/article\/merkel-bunu-ozune-bagislaya-bilecekmi\/","og_locale":"az_AZ","og_type":"article","og_title":"Merkel bunu \u00f6z\u00fcn\u0259 ba\u011f\u0131\u015flaya bil\u0259c\u0259kmi? - MEYDAN.TV","og_description":"F\u0259l\u0259stinli q\u0131zc\u0131\u011faza dey\u0259c\u0259kl\u0259rim","og_url":"https:\/\/www.meydan.tv\/az\/article\/merkel-bunu-ozune-bagislaya-bilecekmi\/","og_site_name":"MEYDAN.TV","article_published_time":"2015-07-18T17:11:10+00:00","og_image":[{"width":500,"height":500,"url":"https:\/\/www.meydan.tv\/wp-content\/uploads\/10950.jpg","type":"image\/jpeg"}],"author":"user-manager","twitter_card":"summary_large_image","schema":{"@context":"https:\/\/schema.org","@graph":[{"@type":"Article","@id":"https:\/\/www.meydan.tv\/az\/article\/merkel-bunu-ozune-bagislaya-bilecekmi\/#article","isPartOf":{"@id":"https:\/\/www.meydan.tv\/az\/article\/merkel-bunu-ozune-bagislaya-bilecekmi\/"},"author":{"name":"user-manager","@id":"https:\/\/www.meydan.tv\/az\/#\/schema\/person\/10d11eccf6da3662cf5fdab9806ea91a"},"headline":"Merkel bunu \u00f6z\u00fcn\u0259 ba\u011f\u0131\u015flaya bil\u0259c\u0259kmi?","datePublished":"2015-07-18T17:11:10+00:00","mainEntityOfPage":{"@id":"https:\/\/www.meydan.tv\/az\/article\/merkel-bunu-ozune-bagislaya-bilecekmi\/"},"wordCount":1440,"publisher":{"@id":"https:\/\/www.meydan.tv\/az\/#organization"},"image":{"@id":"https:\/\/www.meydan.tv\/az\/article\/merkel-bunu-ozune-bagislaya-bilecekmi\/#primaryimage"},"thumbnailUrl":"https:\/\/www.meydan.tv\/wp-content\/uploads\/10950.jpg","articleSection":["M\u0259nim Fikrimc\u0259"],"inLanguage":"az"},{"@type":"WebPage","@id":"https:\/\/www.meydan.tv\/az\/article\/merkel-bunu-ozune-bagislaya-bilecekmi\/","url":"https:\/\/www.meydan.tv\/az\/article\/merkel-bunu-ozune-bagislaya-bilecekmi\/","name":"Merkel bunu \u00f6z\u00fcn\u0259 ba\u011f\u0131\u015flaya bil\u0259c\u0259kmi? - MEYDAN.TV","isPartOf":{"@id":"https:\/\/www.meydan.tv\/az\/#website"},"primaryImageOfPage":{"@id":"https:\/\/www.meydan.tv\/az\/article\/merkel-bunu-ozune-bagislaya-bilecekmi\/#primaryimage"},"image":{"@id":"https:\/\/www.meydan.tv\/az\/article\/merkel-bunu-ozune-bagislaya-bilecekmi\/#primaryimage"},"thumbnailUrl":"https:\/\/www.meydan.tv\/wp-content\/uploads\/10950.jpg","datePublished":"2015-07-18T17:11:10+00:00","breadcrumb":{"@id":"https:\/\/www.meydan.tv\/az\/article\/merkel-bunu-ozune-bagislaya-bilecekmi\/#breadcrumb"},"inLanguage":"az","potentialAction":[{"@type":"ReadAction","target":["https:\/\/www.meydan.tv\/az\/article\/merkel-bunu-ozune-bagislaya-bilecekmi\/"]}]},{"@type":"ImageObject","inLanguage":"az","@id":"https:\/\/www.meydan.tv\/az\/article\/merkel-bunu-ozune-bagislaya-bilecekmi\/#primaryimage","url":"https:\/\/www.meydan.tv\/wp-content\/uploads\/10950.jpg","contentUrl":"https:\/\/www.meydan.tv\/wp-content\/uploads\/10950.jpg","width":500,"height":500,"caption":"Source:"},{"@type":"BreadcrumbList","@id":"https:\/\/www.meydan.tv\/az\/article\/merkel-bunu-ozune-bagislaya-bilecekmi\/#breadcrumb","itemListElement":[{"@type":"ListItem","position":1,"name":"Ana s\u0259hif\u0259","item":"https:\/\/www.meydan.tv\/az\/"},{"@type":"ListItem","position":2,"name":"M\u0259nim Fikrimc\u0259","item":"https:\/\/www.meydan.tv\/az\/section\/menim-fikrimce\/"},{"@type":"ListItem","position":3,"name":"Merkel bunu \u00f6z\u00fcn\u0259 ba\u011f\u0131\u015flaya bil\u0259c\u0259kmi?"}]},{"@type":"WebSite","@id":"https:\/\/www.meydan.tv\/az\/#website","url":"https:\/\/www.meydan.tv\/az\/","name":"MEYDAN.TV","description":"Meydan TV Az\u0259rbaycan\u0131n media m\u0259kan\u0131ndak\u0131 alternativ s\u0259sidir","publisher":{"@id":"https:\/\/www.meydan.tv\/az\/#organization"},"potentialAction":[{"@type":"SearchAction","target":{"@type":"EntryPoint","urlTemplate":"https:\/\/www.meydan.tv\/az\/?s={search_term_string}"},"query-input":{"@type":"PropertyValueSpecification","valueRequired":true,"valueName":"search_term_string"}}],"inLanguage":"az"},{"@type":"Organization","@id":"https:\/\/www.meydan.tv\/az\/#organization","name":"Meydan TV","url":"https:\/\/www.meydan.tv\/az\/","logo":{"@type":"ImageObject","inLanguage":"az","@id":"https:\/\/www.meydan.tv\/az\/#\/schema\/logo\/image\/","url":"https:\/\/www.meydan.tv\/wp-content\/uploads\/2021\/07\/meydan-logo.svg","contentUrl":"https:\/\/www.meydan.tv\/wp-content\/uploads\/2021\/07\/meydan-logo.svg","width":195,"height":46,"caption":"Meydan TV"},"image":{"@id":"https:\/\/www.meydan.tv\/az\/#\/schema\/logo\/image\/"}},{"@type":"Person","@id":"https:\/\/www.meydan.tv\/az\/#\/schema\/person\/10d11eccf6da3662cf5fdab9806ea91a","name":"user-manager"}]}},"_links":{"self":[{"href":"https:\/\/www.meydan.tv\/az\/wp-json\/wp\/v2\/posts\/168979","targetHints":{"allow":["GET"]}}],"collection":[{"href":"https:\/\/www.meydan.tv\/az\/wp-json\/wp\/v2\/posts"}],"about":[{"href":"https:\/\/www.meydan.tv\/az\/wp-json\/wp\/v2\/types\/post"}],"author":[{"embeddable":true,"href":"https:\/\/www.meydan.tv\/az\/wp-json\/wp\/v2\/users\/11"}],"replies":[{"embeddable":true,"href":"https:\/\/www.meydan.tv\/az\/wp-json\/wp\/v2\/comments?post=168979"}],"version-history":[{"count":0,"href":"https:\/\/www.meydan.tv\/az\/wp-json\/wp\/v2\/posts\/168979\/revisions"}],"wp:featuredmedia":[{"embeddable":true,"href":"https:\/\/www.meydan.tv\/az\/wp-json\/wp\/v2\/media\/29474"}],"wp:attachment":[{"href":"https:\/\/www.meydan.tv\/az\/wp-json\/wp\/v2\/media?parent=168979"}],"wp:term":[{"taxonomy":"category","embeddable":true,"href":"https:\/\/www.meydan.tv\/az\/wp-json\/wp\/v2\/categories?post=168979"},{"taxonomy":"post_tag","embeddable":true,"href":"https:\/\/www.meydan.tv\/az\/wp-json\/wp\/v2\/tags?post=168979"}],"curies":[{"name":"wp","href":"https:\/\/api.w.org\/{rel}","templated":true}]}}