{"id":168972,"date":"2015-07-17T23:25:27","date_gmt":"2015-07-17T23:25:27","guid":{"rendered":"https:\/\/www.meydan.tv\/article\/sorgu-azerbaycanlilar-avropa-ile-bagli-ne-dusunur\/"},"modified":"2015-07-17T23:25:27","modified_gmt":"2015-07-17T23:25:27","slug":"sorgu-azerbaycanlilar-avropa-ile-bagli-ne-dusunur","status":"publish","type":"post","link":"https:\/\/www.meydan.tv\/az\/article\/sorgu-azerbaycanlilar-avropa-ile-bagli-ne-dusunur\/","title":{"rendered":"Sor\u011fu &#8211; Az\u0259rbaycanl\u0131lar Avropa il\u0259 ba\u011fl\u0131 n\u0259 d\u00fc\u015f\u00fcn\u00fcr?"},"content":{"rendered":"<figure class=\"wp-block-embed is-type-video is-provider-youtube wp-block-embed-youtube wp-embed-aspect-16-9 wp-has-aspect-ratio\">\n<div class=\"wp-block-embed__wrapper\">\n    <iframe loading=\"lazy\"\ttitle=\"\" width=\"1200\" height=\"675\" src=\"https:\/\/www.youtube.com\/embed\/CXy9NI2XUXw\"\tframeborder=\"0\"\tallow=\"accelerometer; autoplay; clipboard-write; encrypted-media; gyroscope; picture-in-picture\" allowfullscreen><\/iframe>\n  <\/div><figcaption><\/figcaption><\/figure>\n<p>\n  Prezident \u0130lham \u018fliyev iyulun 13-d\u0259 ke\u00e7irdiyi iclasda Avropan\u0131 s\u0259rt \u015f\u0259kild\u0259 t\u0259nqid etmi\u015fdi. \u0130lham \u018fliyev Avropan\u0131 antiaz\u0259rbaycan m\u00f6vqeyind\u0259 oldu\u011funu deyib v\u0259 a\u011f\u0131r ittihamlar s\u0259sl\u0259ndirib. Bir ne\u00e7\u0259 g\u00fcn \u0259vv\u0259l is\u0259 Prezident Administrasiyas\u0131n\u0131n xarici \u0259laq\u0259l\u0259r \u015f\u00f6b\u0259sinin r\u0259hb\u0259ri Novruz M\u0259mm\u0259dov \u00f6z twitter s\u0259hif\u0259sind\u0259 Az\u0259rbaycan\u0131n Avropa \u015euras\u0131ndan \u00e7\u0131xa bil\u0259c\u0259yin\u0259 dair fikirl\u0259r yaz\u0131b. Hakimiyy\u0259t\u0259 yax\u0131n mediada da buna dair fikirl\u0259r yer almaqdad\u0131r. B\u0259s \u00f6lk\u0259 v\u0259t\u0259nda\u015flar\u0131 n\u0259 d\u00fc\u015f\u00fcn\u00fcr? Meydan TV v\u0259t\u0259nda\u015flar aras\u0131nda ke\u00e7irdiyi sor\u011fuda onlar\u0131n Avropa \u015euras\u0131na m\u00fcnasib\u0259tini \u00f6yr\u0259nm\u0259y\u0259 \u00e7al\u0131\u015f\u0131b.<\/p>\n","protected":false},"excerpt":{"rendered":"<p>\u0130lham \u018fliyev Avropan\u0131 antiaz\u0259rbaycan m\u00f6vqeyind\u0259 oldu\u011funu deyib b\u0259s v\u0259t\u0259nda\u015flar n\u0259 d\u00fc\u015f\u00fcn\u00fcr?<\/p>\n","protected":false},"author":11,"featured_media":29539,"comment_status":"closed","ping_status":"open","sticky":false,"template":"","format":"standard","meta":{"_acf_changed":false,"_sitemap_exclude":false,"_sitemap_priority":"","_sitemap_frequency":"","footnotes":""},"categories":[63],"tags":[],"class_list":["post-168972","post","type-post","status-publish","format-standard","has-post-thumbnail","hentry","category-video-2","infinite-scroll-item","generate-columns","tablet-grid-50","mobile-grid-100","grid-parent","grid-33","no-featured-image-padding"],"acf":[],"yoast_head":"<!-- This site is optimized with the Yoast SEO plugin v28.3 - https:\/\/yoast.com\/product\/yoast-seo-wordpress\/ -->\n<title>Sor\u011fu - Az\u0259rbaycanl\u0131lar Avropa il\u0259 ba\u011fl\u0131 n\u0259 d\u00fc\u015f\u00fcn\u00fcr? - MEYDAN.TV<\/title>\n<meta name=\"robots\" content=\"index, follow, max-snippet:-1, max-image-preview:large, max-video-preview:-1\" \/>\n<link rel=\"canonical\" href=\"https:\/\/www.meydan.tv\/az\/article\/sorgu-azerbaycanlilar-avropa-ile-bagli-ne-dusunur\/\" \/>\n<meta property=\"og:locale\" content=\"az_AZ\" \/>\n<meta property=\"og:type\" content=\"article\" \/>\n<meta property=\"og:title\" content=\"Sor\u011fu - Az\u0259rbaycanl\u0131lar Avropa il\u0259 ba\u011fl\u0131 n\u0259 d\u00fc\u015f\u00fcn\u00fcr? - MEYDAN.TV\" \/>\n<meta property=\"og:description\" content=\"\u0130lham \u018fliyev Avropan\u0131 antiaz\u0259rbaycan m\u00f6vqeyind\u0259 oldu\u011funu deyib b\u0259s v\u0259t\u0259nda\u015flar n\u0259 d\u00fc\u015f\u00fcn\u00fcr?\" \/>\n<meta property=\"og:url\" content=\"https:\/\/www.meydan.tv\/az\/article\/sorgu-azerbaycanlilar-avropa-ile-bagli-ne-dusunur\/\" \/>\n<meta property=\"og:site_name\" content=\"MEYDAN.TV\" \/>\n<meta property=\"article:published_time\" content=\"2015-07-17T23:25:27+00:00\" \/>\n<meta property=\"og:image\" content=\"https:\/\/www.meydan.tv\/wp-content\/uploads\/10943.jpg\" \/>\n\t<meta property=\"og:image:width\" content=\"992\" \/>\n\t<meta property=\"og:image:height\" content=\"552\" \/>\n\t<meta property=\"og:image:type\" content=\"image\/jpeg\" \/>\n<meta name=\"twitter:card\" content=\"summary_large_image\" \/>\n<!-- \/ Yoast SEO plugin. -->","yoast_head_json":{"title":"Sor\u011fu - Az\u0259rbaycanl\u0131lar Avropa il\u0259 ba\u011fl\u0131 n\u0259 d\u00fc\u015f\u00fcn\u00fcr? - MEYDAN.TV","robots":{"index":"index","follow":"follow","max-snippet":"max-snippet:-1","max-image-preview":"max-image-preview:large","max-video-preview":"max-video-preview:-1"},"canonical":"https:\/\/www.meydan.tv\/az\/article\/sorgu-azerbaycanlilar-avropa-ile-bagli-ne-dusunur\/","og_locale":"az_AZ","og_type":"article","og_title":"Sor\u011fu - Az\u0259rbaycanl\u0131lar Avropa il\u0259 ba\u011fl\u0131 n\u0259 d\u00fc\u015f\u00fcn\u00fcr? - MEYDAN.TV","og_description":"\u0130lham \u018fliyev Avropan\u0131 antiaz\u0259rbaycan m\u00f6vqeyind\u0259 oldu\u011funu deyib b\u0259s v\u0259t\u0259nda\u015flar n\u0259 d\u00fc\u015f\u00fcn\u00fcr?","og_url":"https:\/\/www.meydan.tv\/az\/article\/sorgu-azerbaycanlilar-avropa-ile-bagli-ne-dusunur\/","og_site_name":"MEYDAN.TV","article_published_time":"2015-07-17T23:25:27+00:00","og_image":[{"width":992,"height":552,"url":"https:\/\/www.meydan.tv\/wp-content\/uploads\/10943.jpg","type":"image\/jpeg"}],"twitter_card":"summary_large_image","schema":{"@context":"https:\/\/schema.org","@graph":[{"@type":"Article","@id":"https:\/\/www.meydan.tv\/az\/article\/sorgu-azerbaycanlilar-avropa-ile-bagli-ne-dusunur\/#article","isPartOf":{"@id":"https:\/\/www.meydan.tv\/az\/article\/sorgu-azerbaycanlilar-avropa-ile-bagli-ne-dusunur\/"},"author":{"name":"user-manager","@id":"https:\/\/www.meydan.tv\/az\/#\/schema\/person\/10d11eccf6da3662cf5fdab9806ea91a"},"headline":"Sor\u011fu &#8211; Az\u0259rbaycanl\u0131lar Avropa il\u0259 ba\u011fl\u0131 n\u0259 d\u00fc\u015f\u00fcn\u00fcr?","datePublished":"2015-07-17T23:25:27+00:00","mainEntityOfPage":{"@id":"https:\/\/www.meydan.tv\/az\/article\/sorgu-azerbaycanlilar-avropa-ile-bagli-ne-dusunur\/"},"wordCount":140,"publisher":{"@id":"https:\/\/www.meydan.tv\/az\/#organization"},"image":{"@id":"https:\/\/www.meydan.tv\/az\/article\/sorgu-azerbaycanlilar-avropa-ile-bagli-ne-dusunur\/#primaryimage"},"thumbnailUrl":"https:\/\/www.meydan.tv\/wp-content\/uploads\/10943.jpg","articleSection":["Video"],"inLanguage":"az"},{"@type":"WebPage","@id":"https:\/\/www.meydan.tv\/az\/article\/sorgu-azerbaycanlilar-avropa-ile-bagli-ne-dusunur\/","url":"https:\/\/www.meydan.tv\/az\/article\/sorgu-azerbaycanlilar-avropa-ile-bagli-ne-dusunur\/","name":"Sor\u011fu - Az\u0259rbaycanl\u0131lar Avropa il\u0259 ba\u011fl\u0131 n\u0259 d\u00fc\u015f\u00fcn\u00fcr? - MEYDAN.TV","isPartOf":{"@id":"https:\/\/www.meydan.tv\/az\/#website"},"primaryImageOfPage":{"@id":"https:\/\/www.meydan.tv\/az\/article\/sorgu-azerbaycanlilar-avropa-ile-bagli-ne-dusunur\/#primaryimage"},"image":{"@id":"https:\/\/www.meydan.tv\/az\/article\/sorgu-azerbaycanlilar-avropa-ile-bagli-ne-dusunur\/#primaryimage"},"thumbnailUrl":"https:\/\/www.meydan.tv\/wp-content\/uploads\/10943.jpg","datePublished":"2015-07-17T23:25:27+00:00","breadcrumb":{"@id":"https:\/\/www.meydan.tv\/az\/article\/sorgu-azerbaycanlilar-avropa-ile-bagli-ne-dusunur\/#breadcrumb"},"inLanguage":"az","potentialAction":[{"@type":"ReadAction","target":["https:\/\/www.meydan.tv\/az\/article\/sorgu-azerbaycanlilar-avropa-ile-bagli-ne-dusunur\/"]}]},{"@type":"ImageObject","inLanguage":"az","@id":"https:\/\/www.meydan.tv\/az\/article\/sorgu-azerbaycanlilar-avropa-ile-bagli-ne-dusunur\/#primaryimage","url":"https:\/\/www.meydan.tv\/wp-content\/uploads\/10943.jpg","contentUrl":"https:\/\/www.meydan.tv\/wp-content\/uploads\/10943.jpg","width":992,"height":552,"caption":"Source:"},{"@type":"BreadcrumbList","@id":"https:\/\/www.meydan.tv\/az\/article\/sorgu-azerbaycanlilar-avropa-ile-bagli-ne-dusunur\/#breadcrumb","itemListElement":[{"@type":"ListItem","position":1,"name":"Ana s\u0259hif\u0259","item":"https:\/\/www.meydan.tv\/az\/"},{"@type":"ListItem","position":2,"name":"Video","item":"https:\/\/www.meydan.tv\/az\/section\/video-2\/"},{"@type":"ListItem","position":3,"name":"Sor\u011fu &#8211; Az\u0259rbaycanl\u0131lar Avropa il\u0259 ba\u011fl\u0131 n\u0259 d\u00fc\u015f\u00fcn\u00fcr?"}]},{"@type":"WebSite","@id":"https:\/\/www.meydan.tv\/az\/#website","url":"https:\/\/www.meydan.tv\/az\/","name":"MEYDAN.TV","description":"Meydan TV Az\u0259rbaycan\u0131n media m\u0259kan\u0131ndak\u0131 alternativ s\u0259sidir","publisher":{"@id":"https:\/\/www.meydan.tv\/az\/#organization"},"potentialAction":[{"@type":"SearchAction","target":{"@type":"EntryPoint","urlTemplate":"https:\/\/www.meydan.tv\/az\/?s={search_term_string}"},"query-input":{"@type":"PropertyValueSpecification","valueRequired":true,"valueName":"search_term_string"}}],"inLanguage":"az"},{"@type":"Organization","@id":"https:\/\/www.meydan.tv\/az\/#organization","name":"Meydan TV","url":"https:\/\/www.meydan.tv\/az\/","logo":{"@type":"ImageObject","inLanguage":"az","@id":"https:\/\/www.meydan.tv\/az\/#\/schema\/logo\/image\/","url":"https:\/\/www.meydan.tv\/wp-content\/uploads\/2021\/07\/meydan-logo.svg","contentUrl":"https:\/\/www.meydan.tv\/wp-content\/uploads\/2021\/07\/meydan-logo.svg","width":195,"height":46,"caption":"Meydan TV"},"image":{"@id":"https:\/\/www.meydan.tv\/az\/#\/schema\/logo\/image\/"}},{"@type":"Person","@id":"https:\/\/www.meydan.tv\/az\/#\/schema\/person\/10d11eccf6da3662cf5fdab9806ea91a","name":"user-manager"}]}},"_links":{"self":[{"href":"https:\/\/www.meydan.tv\/az\/wp-json\/wp\/v2\/posts\/168972","targetHints":{"allow":["GET"]}}],"collection":[{"href":"https:\/\/www.meydan.tv\/az\/wp-json\/wp\/v2\/posts"}],"about":[{"href":"https:\/\/www.meydan.tv\/az\/wp-json\/wp\/v2\/types\/post"}],"author":[{"embeddable":true,"href":"https:\/\/www.meydan.tv\/az\/wp-json\/wp\/v2\/users\/11"}],"replies":[{"embeddable":true,"href":"https:\/\/www.meydan.tv\/az\/wp-json\/wp\/v2\/comments?post=168972"}],"version-history":[{"count":0,"href":"https:\/\/www.meydan.tv\/az\/wp-json\/wp\/v2\/posts\/168972\/revisions"}],"wp:featuredmedia":[{"embeddable":true,"href":"https:\/\/www.meydan.tv\/az\/wp-json\/wp\/v2\/media\/29539"}],"wp:attachment":[{"href":"https:\/\/www.meydan.tv\/az\/wp-json\/wp\/v2\/media?parent=168972"}],"wp:term":[{"taxonomy":"category","embeddable":true,"href":"https:\/\/www.meydan.tv\/az\/wp-json\/wp\/v2\/categories?post=168972"},{"taxonomy":"post_tag","embeddable":true,"href":"https:\/\/www.meydan.tv\/az\/wp-json\/wp\/v2\/tags?post=168972"}],"curies":[{"name":"wp","href":"https:\/\/api.w.org\/{rel}","templated":true}]}}