{"id":168943,"date":"2015-07-15T23:27:29","date_gmt":"2015-07-15T23:27:29","guid":{"rendered":"https:\/\/www.meydan.tv\/article\/tehluke-her-zaman-rusiyadan\/"},"modified":"2015-07-15T23:27:29","modified_gmt":"2015-07-15T23:27:29","slug":"tehluke-her-zaman-rusiyadan","status":"publish","type":"post","link":"https:\/\/www.meydan.tv\/az\/article\/tehluke-her-zaman-rusiyadan\/","title":{"rendered":"T\u0259hl\u00fck\u0259 h\u0259r zaman Rusiyadan&#8230;"},"content":{"rendered":"<figure class=\"wp-block-image size-large\">\n  <img decoding=\"async\" src=\"https:\/\/www.meydan.tv\/az\/29300\/\" alt=\"\" class=\"wp-image-29300\"\/><figcaption><\/figcaption><\/figure>\n<figure class=\"wp-block-image size-large\">\n  <img decoding=\"async\" src=\"https:\/\/www.meydan.tv\/az\/29303\/\" alt=\"\" class=\"wp-image-29303\"\/><figcaption><\/figcaption><\/figure>\n<p>\n  Nazirl\u0259r Kabinetinin 2015-ci ilin birinci yar\u0131s\u0131n\u0131n sosial-iqtisadi inki\u015faf\u0131n\u0131n yekunlar\u0131na v\u0259 qar\u015f\u0131da duran v\u0259zif\u0259l\u0259r\u0259 h\u0259sr olunan iclasda \u0130.\u018fliyev \u00e7\u0131x\u0131\u015f edib.\n<\/p>\n<p>\n  Almaniya Bundestaq\u0131n\u0131n (Federal m\u0259clis) 12 iyun 2015-ci ild\u0259 q\u0259bul etdiyi q\u0259tnam\u0259 bar\u0259d\u0259 \u0130.\u018fliyev odlu-alovlu dan\u0131\u015fd\u0131. S\u0259b\u0259b d\u0259 Bundestaq\u0131n Az\u0259rbaycan hakimiyy\u0259tini \u00f6lk\u0259d\u0259 apard\u0131\u011f\u0131 antodemokratik, avtoritar siyas\u0259tini,insan haqlar\u0131n\u0131n pozulmas\u0131n\u0131 t\u0259nqid edir v\u0259 siyasi m\u0259hbuslar\u0131n azadl\u0131\u011f\u0131n\u0131 t\u0259l\u0259b edir.\n<\/p>\n<p>\n  Amma Almaniya Bundestaq\u0131 14 may 2015-ci ild\u0259 q\u0259tnam\u0259 q\u0259bul ed\u0259r\u0259k Erm\u0259nistan\u0131 i\u015f\u011fal\u00e7\u0131 d\u00f6vl\u0259t adland\u0131r\u0131b v\u0259 parlamentarlar Erm\u0259nistan\u0131n Az\u0259rbaycan \u0259razil\u0259rind\u0259n geri \u00e7\u0259kilm\u0259sinin vacibliyini vur\u011fulay\u0131blar.\n<\/p>\n<p>\n  12 iyundak\u0131 q\u0259tnam\u0259 hakimiyy\u0259tin mara\u011f\u0131na toxundu\u011fu \u00fc\u00e7\u00fcn bu c\u00fcr \u0259s\u0259bl\u0259\u015fibl\u0259r. Halbuki, buna d\u00f6z\u00fcml\u00fc yana\u015f\u0131b 14 maydak\u0131 d\u00f6vl\u0259tin mara\u011f\u0131na daha uy\u011fun olan q\u0259tnam\u0259nin m\u00fch\u00fcml\u00fcy\u00fcn\u00fc qabartmal\u0131yd\u0131 hakimiyy\u0259t. \u00c7\u00fcnki, Erm\u0259nistan\u0131n i\u015f\u011fal\u00e7\u0131l\u0131q siyas\u0259ti BMT-nin q\u0259tnam\u0259l\u0259rind\u0259n sonra b\u0259lk\u0259 d\u0259 Almaniyan\u0131n bu q\u0259rar\u0131 il\u0259 daha \u00e7ox g\u00fcnd\u0259m\u0259 g\u0259ldi. V\u0259 bundan istifad\u0259 ed\u0259r\u0259k dig\u0259r d\u00f6vl\u0259tl\u0259rin d\u0259 bel\u0259 q\u0259rarlar q\u0259bul etm\u0259si \u00fc\u00e7\u00fcn lobbi\u00e7ilik f\u0259aliyy\u0259tini g\u00fccl\u0259ndirm\u0259k aparmaq olar. \u0130.\u018fliyev m\u00fc\u015favir\u0259d\u0259 sual verib ki, &#8220;Almaniya Bundestqan\u0131n biziml\u0259 n\u0259 i\u015fi var? Almaniya Bundestaq\u0131 \u00f6z\u00fcn\u00fc n\u0259 z\u0259nn edir? Bu q\u0259tnam\u0259l\u0259r bizim \u00fc\u00e7\u00fcn ka\u011f\u0131z par\u00e7as\u0131d\u0131r.&#8221;\n<\/p>\n<p>\n  B\u0259s Almaniya Bundestaq\u0131n\u0131n 14.05.2015-ci ild\u0259 q\u0259bul etdiyi q\u0259tnam\u0259d\u0259 Ermanistan\u0131 i\u015f\u011fal\u00e7\u0131 adland\u0131rmas\u0131 nec\u0259? Ax\u0131 bu q\u0259tnam\u0259 Az\u0259rbaycan\u0131n maraqlar\u0131na zidd deyildi. Qaraba\u011f\u0131n i\u015f\u011faldan azad edilm\u0259si \u00fc\u00e7\u00fcn Almaniya kimi d\u00f6vl\u0259tl\u0259rl\u0259 daha s\u0131x \u0259laq\u0259l\u0259r qurmaq laz\u0131md\u0131r. Erm\u0259ni lobbil\u0259ri \u00e7\u00fcr\u00fck t\u0259bli\u011fatlar\u0131 il\u0259 olmayan soyq\u0131r\u0131m\u0131 d\u00fcnyaya tan\u0131td\u0131rmaq \u00fc\u00e7\u00fcn d\u0259rid\u0259n qab\u0131qdan \u00e7\u0131x\u0131rlar, amma biz faktiki i\u015f\u011falda olan \u0259razil\u0259rimizin azad olunmas\u0131 \u00fc\u00e7\u00fcn n\u0259l\u0259r etm\u0259liyik? Bu g\u00fcn Almaniyan\u0131 topa tutduq, sabah dig\u0259r \u00f6lk\u0259l\u0259ri. B\u0259s balansla\u015fd\u0131rlm\u0131\u015f xarici siyas\u0259t harada qald\u0131?\n<\/p>\n<p>\n  Az\u0259rbaycan Xalq C\u00fcmhuriyy\u0259ti 1920-ci il 12 yanvarda Q\u0259rb d\u00f6vl\u0259tl\u0259ri t\u0259r\u0259find\u0259n r\u0259sm\u0259n tan\u0131nma\u011fa ba\u015flayanda bizim \u00fc\u00e7\u00fcn \u00e7ox m\u00fch\u00fcm hadis\u0259 idi bu. Aylarla dan\u0131\u015f\u0131qlar aparan c\u00fcmhuriyy\u0259t f\u0259dail\u0259ri sonda nail olmu\u015fdular Az\u0259rbaycan\u0131n tan\u0131nmas\u0131na. \u015e\u0259rqd\u0259 ilk demokratik c\u00fcmhuriyy\u0259t quran R\u0259sulzad\u0259 v\u0259 silahda\u015flar\u0131 bu g\u00fcn sa\u011f olsa idil\u0259r bel\u0259 xarici siyas\u0259t aparmazd\u0131lar.\n<\/p>\n<p>\n  Az\u0259rbaycana \u0259n b\u00f6y\u00fck t\u0259hlik\u0259 h\u0259r zaman Rusiyadan g\u0259lib. Amma Rusiya bu g\u00fcn Erm\u0259nistana silah sat\u0131r, b\u00f6y\u00fck maliyy\u0259 yard\u0131mlar\u0131 edir. Rusiya v\u0259 ya dig\u0259r \u00f6lk\u0259l\u0259r n\u0259 vaxt q\u0259rar q\u0259bul edib Erm\u0259nistan\u0131 i\u015f\u011fal\u00e7\u0131 d\u00f6vl\u0259t adland\u0131r\u0131blar?\n<\/p>\n<p>\n  Avropan\u0131n, Almaniyan\u0131n \u00f6z maraqlar\u0131 ola bil\u0259r, amma Az\u0259rbaycan \u00f6z\u00fcn\u00fc t\u0259crid siyas\u0259ti aparmamal\u0131d\u0131r. \u00d6lk\u0259d\u0259 onlarla siyasi m\u0259hbus var, inancl\u0131 m\u0259hbuslar\u0131m\u0131z var, topla\u015fma v\u0259 fikir azadl\u0131\u011f\u0131na t\u0259zyiql\u0259r var. T\u0259bii ki, bunlar varsa Avropa n\u0259 vaxtsa bunlar\u0131 t\u0259nqid ed\u0259c\u0259k. Siyasi m\u0259hbuslar olmasa, s\u00f6z v\u0259 topla\u015fma azadl\u0131\u011f\u0131na basq\u0131lar olmasa bu t\u0259nqidl\u0259r, q\u0259tnam\u0259l\u0259r d\u0259 olmaz m\u0259nc\u0259. Az\u0259rbaycan\u0131n inki\u015faf\u0131, Qaraba\u011f\u0131n i\u015f\u011faldan azad edilm\u0259si, azad se\u00e7kid\u0259n, demokratik prinsipl\u0259r\u0259 \u0259m\u0259l etm\u0259kd\u0259n, qanunlar\u0131n qar\u015f\u0131s\u0131nda h\u0259r k\u0259sin b\u0259rab\u0259r olmas\u0131ndan, iqtisadi azadl\u0131qdan ke\u00e7ir.\n<\/p>\n<p>\n  <b><br \/>\n    Yaz\u0131dak\u0131 fikirl\u0259r m\u00fc\u0259llifin \u015f\u0259xsi fikirl\u0259ridir&#8230;<br \/>\n  <\/b><\/p>\n","protected":false},"excerpt":{"rendered":"<p>Az\u0259rbaycan\u0131n \u00f6z maraqlar\u0131 olmal\u0131d\u0131r&#8230;<\/p>\n","protected":false},"author":11,"featured_media":29300,"comment_status":"closed","ping_status":"open","sticky":false,"template":"","format":"standard","meta":{"_acf_changed":false,"_sitemap_exclude":false,"_sitemap_priority":"","_sitemap_frequency":"","footnotes":""},"categories":[57],"tags":[],"class_list":["post-168943","post","type-post","status-publish","format-standard","has-post-thumbnail","hentry","category-menim-fikrimce","infinite-scroll-item","generate-columns","tablet-grid-50","mobile-grid-100","grid-parent","grid-33","no-featured-image-padding"],"acf":[],"yoast_head":"<!-- This site is optimized with the Yoast SEO plugin v27.5 - https:\/\/yoast.com\/product\/yoast-seo-wordpress\/ -->\n<title>T\u0259hl\u00fck\u0259 h\u0259r zaman Rusiyadan... - MEYDAN.TV<\/title>\n<meta name=\"robots\" content=\"index, follow, max-snippet:-1, max-image-preview:large, max-video-preview:-1\" \/>\n<link rel=\"canonical\" href=\"https:\/\/www.meydan.tv\/az\/article\/tehluke-her-zaman-rusiyadan\/\" \/>\n<meta property=\"og:locale\" content=\"az_AZ\" \/>\n<meta property=\"og:type\" content=\"article\" \/>\n<meta property=\"og:title\" content=\"T\u0259hl\u00fck\u0259 h\u0259r zaman Rusiyadan... - MEYDAN.TV\" \/>\n<meta property=\"og:description\" content=\"Az\u0259rbaycan\u0131n \u00f6z maraqlar\u0131 olmal\u0131d\u0131r...\" \/>\n<meta property=\"og:url\" content=\"https:\/\/www.meydan.tv\/az\/article\/tehluke-her-zaman-rusiyadan\/\" \/>\n<meta property=\"og:site_name\" content=\"MEYDAN.TV\" \/>\n<meta property=\"article:published_time\" content=\"2015-07-15T23:27:29+00:00\" \/>\n<meta property=\"og:image\" content=\"https:\/\/www.meydan.tv\/wp-content\/uploads\/10859.jpg\" \/>\n\t<meta property=\"og:image:width\" content=\"500\" \/>\n\t<meta property=\"og:image:height\" content=\"500\" \/>\n\t<meta property=\"og:image:type\" content=\"image\/jpeg\" \/>\n<meta name=\"author\" content=\"user-manager\" \/>\n<meta name=\"twitter:card\" content=\"summary_large_image\" \/>\n<script type=\"application\/ld+json\" class=\"yoast-schema-graph\">{\"@context\":\"https:\\\/\\\/schema.org\",\"@graph\":[{\"@type\":\"Article\",\"@id\":\"https:\\\/\\\/www.meydan.tv\\\/az\\\/article\\\/tehluke-her-zaman-rusiyadan\\\/#article\",\"isPartOf\":{\"@id\":\"https:\\\/\\\/www.meydan.tv\\\/az\\\/article\\\/tehluke-her-zaman-rusiyadan\\\/\"},\"author\":{\"name\":\"user-manager\",\"@id\":\"https:\\\/\\\/www.meydan.tv\\\/az\\\/#\\\/schema\\\/person\\\/10d11eccf6da3662cf5fdab9806ea91a\"},\"headline\":\"T\u0259hl\u00fck\u0259 h\u0259r zaman Rusiyadan&#8230;\",\"datePublished\":\"2015-07-15T23:27:29+00:00\",\"mainEntityOfPage\":{\"@id\":\"https:\\\/\\\/www.meydan.tv\\\/az\\\/article\\\/tehluke-her-zaman-rusiyadan\\\/\"},\"wordCount\":677,\"publisher\":{\"@id\":\"https:\\\/\\\/www.meydan.tv\\\/az\\\/#organization\"},\"image\":{\"@id\":\"https:\\\/\\\/www.meydan.tv\\\/az\\\/article\\\/tehluke-her-zaman-rusiyadan\\\/#primaryimage\"},\"thumbnailUrl\":\"https:\\\/\\\/www.meydan.tv\\\/wp-content\\\/uploads\\\/10859.jpg\",\"articleSection\":[\"M\u0259nim Fikrimc\u0259\"],\"inLanguage\":\"az\"},{\"@type\":\"WebPage\",\"@id\":\"https:\\\/\\\/www.meydan.tv\\\/az\\\/article\\\/tehluke-her-zaman-rusiyadan\\\/\",\"url\":\"https:\\\/\\\/www.meydan.tv\\\/az\\\/article\\\/tehluke-her-zaman-rusiyadan\\\/\",\"name\":\"T\u0259hl\u00fck\u0259 h\u0259r zaman Rusiyadan... - MEYDAN.TV\",\"isPartOf\":{\"@id\":\"https:\\\/\\\/www.meydan.tv\\\/az\\\/#website\"},\"primaryImageOfPage\":{\"@id\":\"https:\\\/\\\/www.meydan.tv\\\/az\\\/article\\\/tehluke-her-zaman-rusiyadan\\\/#primaryimage\"},\"image\":{\"@id\":\"https:\\\/\\\/www.meydan.tv\\\/az\\\/article\\\/tehluke-her-zaman-rusiyadan\\\/#primaryimage\"},\"thumbnailUrl\":\"https:\\\/\\\/www.meydan.tv\\\/wp-content\\\/uploads\\\/10859.jpg\",\"datePublished\":\"2015-07-15T23:27:29+00:00\",\"breadcrumb\":{\"@id\":\"https:\\\/\\\/www.meydan.tv\\\/az\\\/article\\\/tehluke-her-zaman-rusiyadan\\\/#breadcrumb\"},\"inLanguage\":\"az\",\"potentialAction\":[{\"@type\":\"ReadAction\",\"target\":[\"https:\\\/\\\/www.meydan.tv\\\/az\\\/article\\\/tehluke-her-zaman-rusiyadan\\\/\"]}]},{\"@type\":\"ImageObject\",\"inLanguage\":\"az\",\"@id\":\"https:\\\/\\\/www.meydan.tv\\\/az\\\/article\\\/tehluke-her-zaman-rusiyadan\\\/#primaryimage\",\"url\":\"https:\\\/\\\/www.meydan.tv\\\/wp-content\\\/uploads\\\/10859.jpg\",\"contentUrl\":\"https:\\\/\\\/www.meydan.tv\\\/wp-content\\\/uploads\\\/10859.jpg\",\"width\":500,\"height\":500,\"caption\":\"Source:\"},{\"@type\":\"BreadcrumbList\",\"@id\":\"https:\\\/\\\/www.meydan.tv\\\/az\\\/article\\\/tehluke-her-zaman-rusiyadan\\\/#breadcrumb\",\"itemListElement\":[{\"@type\":\"ListItem\",\"position\":1,\"name\":\"Ana s\u0259hif\u0259\",\"item\":\"https:\\\/\\\/www.meydan.tv\\\/az\\\/\"},{\"@type\":\"ListItem\",\"position\":2,\"name\":\"M\u0259nim Fikrimc\u0259\",\"item\":\"https:\\\/\\\/www.meydan.tv\\\/az\\\/section\\\/menim-fikrimce\\\/\"},{\"@type\":\"ListItem\",\"position\":3,\"name\":\"T\u0259hl\u00fck\u0259 h\u0259r zaman Rusiyadan&#8230;\"}]},{\"@type\":\"WebSite\",\"@id\":\"https:\\\/\\\/www.meydan.tv\\\/az\\\/#website\",\"url\":\"https:\\\/\\\/www.meydan.tv\\\/az\\\/\",\"name\":\"MEYDAN.TV\",\"description\":\"Meydan TV Az\u0259rbaycan\u0131n media m\u0259kan\u0131ndak\u0131 alternativ s\u0259sidir\",\"publisher\":{\"@id\":\"https:\\\/\\\/www.meydan.tv\\\/az\\\/#organization\"},\"potentialAction\":[{\"@type\":\"SearchAction\",\"target\":{\"@type\":\"EntryPoint\",\"urlTemplate\":\"https:\\\/\\\/www.meydan.tv\\\/az\\\/?s={search_term_string}\"},\"query-input\":{\"@type\":\"PropertyValueSpecification\",\"valueRequired\":true,\"valueName\":\"search_term_string\"}}],\"inLanguage\":\"az\"},{\"@type\":\"Organization\",\"@id\":\"https:\\\/\\\/www.meydan.tv\\\/az\\\/#organization\",\"name\":\"Meydan TV\",\"url\":\"https:\\\/\\\/www.meydan.tv\\\/az\\\/\",\"logo\":{\"@type\":\"ImageObject\",\"inLanguage\":\"az\",\"@id\":\"https:\\\/\\\/www.meydan.tv\\\/az\\\/#\\\/schema\\\/logo\\\/image\\\/\",\"url\":\"https:\\\/\\\/www.meydan.tv\\\/wp-content\\\/uploads\\\/2021\\\/07\\\/meydan-logo.svg\",\"contentUrl\":\"https:\\\/\\\/www.meydan.tv\\\/wp-content\\\/uploads\\\/2021\\\/07\\\/meydan-logo.svg\",\"width\":195,\"height\":46,\"caption\":\"Meydan TV\"},\"image\":{\"@id\":\"https:\\\/\\\/www.meydan.tv\\\/az\\\/#\\\/schema\\\/logo\\\/image\\\/\"}},{\"@type\":\"Person\",\"@id\":\"https:\\\/\\\/www.meydan.tv\\\/az\\\/#\\\/schema\\\/person\\\/10d11eccf6da3662cf5fdab9806ea91a\",\"name\":\"user-manager\"}]}<\/script>\n<!-- \/ Yoast SEO plugin. -->","yoast_head_json":{"title":"T\u0259hl\u00fck\u0259 h\u0259r zaman Rusiyadan... - MEYDAN.TV","robots":{"index":"index","follow":"follow","max-snippet":"max-snippet:-1","max-image-preview":"max-image-preview:large","max-video-preview":"max-video-preview:-1"},"canonical":"https:\/\/www.meydan.tv\/az\/article\/tehluke-her-zaman-rusiyadan\/","og_locale":"az_AZ","og_type":"article","og_title":"T\u0259hl\u00fck\u0259 h\u0259r zaman Rusiyadan... - MEYDAN.TV","og_description":"Az\u0259rbaycan\u0131n \u00f6z maraqlar\u0131 olmal\u0131d\u0131r...","og_url":"https:\/\/www.meydan.tv\/az\/article\/tehluke-her-zaman-rusiyadan\/","og_site_name":"MEYDAN.TV","article_published_time":"2015-07-15T23:27:29+00:00","og_image":[{"width":500,"height":500,"url":"https:\/\/www.meydan.tv\/wp-content\/uploads\/10859.jpg","type":"image\/jpeg"}],"author":"user-manager","twitter_card":"summary_large_image","schema":{"@context":"https:\/\/schema.org","@graph":[{"@type":"Article","@id":"https:\/\/www.meydan.tv\/az\/article\/tehluke-her-zaman-rusiyadan\/#article","isPartOf":{"@id":"https:\/\/www.meydan.tv\/az\/article\/tehluke-her-zaman-rusiyadan\/"},"author":{"name":"user-manager","@id":"https:\/\/www.meydan.tv\/az\/#\/schema\/person\/10d11eccf6da3662cf5fdab9806ea91a"},"headline":"T\u0259hl\u00fck\u0259 h\u0259r zaman Rusiyadan&#8230;","datePublished":"2015-07-15T23:27:29+00:00","mainEntityOfPage":{"@id":"https:\/\/www.meydan.tv\/az\/article\/tehluke-her-zaman-rusiyadan\/"},"wordCount":677,"publisher":{"@id":"https:\/\/www.meydan.tv\/az\/#organization"},"image":{"@id":"https:\/\/www.meydan.tv\/az\/article\/tehluke-her-zaman-rusiyadan\/#primaryimage"},"thumbnailUrl":"https:\/\/www.meydan.tv\/wp-content\/uploads\/10859.jpg","articleSection":["M\u0259nim Fikrimc\u0259"],"inLanguage":"az"},{"@type":"WebPage","@id":"https:\/\/www.meydan.tv\/az\/article\/tehluke-her-zaman-rusiyadan\/","url":"https:\/\/www.meydan.tv\/az\/article\/tehluke-her-zaman-rusiyadan\/","name":"T\u0259hl\u00fck\u0259 h\u0259r zaman Rusiyadan... - MEYDAN.TV","isPartOf":{"@id":"https:\/\/www.meydan.tv\/az\/#website"},"primaryImageOfPage":{"@id":"https:\/\/www.meydan.tv\/az\/article\/tehluke-her-zaman-rusiyadan\/#primaryimage"},"image":{"@id":"https:\/\/www.meydan.tv\/az\/article\/tehluke-her-zaman-rusiyadan\/#primaryimage"},"thumbnailUrl":"https:\/\/www.meydan.tv\/wp-content\/uploads\/10859.jpg","datePublished":"2015-07-15T23:27:29+00:00","breadcrumb":{"@id":"https:\/\/www.meydan.tv\/az\/article\/tehluke-her-zaman-rusiyadan\/#breadcrumb"},"inLanguage":"az","potentialAction":[{"@type":"ReadAction","target":["https:\/\/www.meydan.tv\/az\/article\/tehluke-her-zaman-rusiyadan\/"]}]},{"@type":"ImageObject","inLanguage":"az","@id":"https:\/\/www.meydan.tv\/az\/article\/tehluke-her-zaman-rusiyadan\/#primaryimage","url":"https:\/\/www.meydan.tv\/wp-content\/uploads\/10859.jpg","contentUrl":"https:\/\/www.meydan.tv\/wp-content\/uploads\/10859.jpg","width":500,"height":500,"caption":"Source:"},{"@type":"BreadcrumbList","@id":"https:\/\/www.meydan.tv\/az\/article\/tehluke-her-zaman-rusiyadan\/#breadcrumb","itemListElement":[{"@type":"ListItem","position":1,"name":"Ana s\u0259hif\u0259","item":"https:\/\/www.meydan.tv\/az\/"},{"@type":"ListItem","position":2,"name":"M\u0259nim Fikrimc\u0259","item":"https:\/\/www.meydan.tv\/az\/section\/menim-fikrimce\/"},{"@type":"ListItem","position":3,"name":"T\u0259hl\u00fck\u0259 h\u0259r zaman Rusiyadan&#8230;"}]},{"@type":"WebSite","@id":"https:\/\/www.meydan.tv\/az\/#website","url":"https:\/\/www.meydan.tv\/az\/","name":"MEYDAN.TV","description":"Meydan TV Az\u0259rbaycan\u0131n media m\u0259kan\u0131ndak\u0131 alternativ s\u0259sidir","publisher":{"@id":"https:\/\/www.meydan.tv\/az\/#organization"},"potentialAction":[{"@type":"SearchAction","target":{"@type":"EntryPoint","urlTemplate":"https:\/\/www.meydan.tv\/az\/?s={search_term_string}"},"query-input":{"@type":"PropertyValueSpecification","valueRequired":true,"valueName":"search_term_string"}}],"inLanguage":"az"},{"@type":"Organization","@id":"https:\/\/www.meydan.tv\/az\/#organization","name":"Meydan TV","url":"https:\/\/www.meydan.tv\/az\/","logo":{"@type":"ImageObject","inLanguage":"az","@id":"https:\/\/www.meydan.tv\/az\/#\/schema\/logo\/image\/","url":"https:\/\/www.meydan.tv\/wp-content\/uploads\/2021\/07\/meydan-logo.svg","contentUrl":"https:\/\/www.meydan.tv\/wp-content\/uploads\/2021\/07\/meydan-logo.svg","width":195,"height":46,"caption":"Meydan TV"},"image":{"@id":"https:\/\/www.meydan.tv\/az\/#\/schema\/logo\/image\/"}},{"@type":"Person","@id":"https:\/\/www.meydan.tv\/az\/#\/schema\/person\/10d11eccf6da3662cf5fdab9806ea91a","name":"user-manager"}]}},"_links":{"self":[{"href":"https:\/\/www.meydan.tv\/az\/wp-json\/wp\/v2\/posts\/168943","targetHints":{"allow":["GET"]}}],"collection":[{"href":"https:\/\/www.meydan.tv\/az\/wp-json\/wp\/v2\/posts"}],"about":[{"href":"https:\/\/www.meydan.tv\/az\/wp-json\/wp\/v2\/types\/post"}],"author":[{"embeddable":true,"href":"https:\/\/www.meydan.tv\/az\/wp-json\/wp\/v2\/users\/11"}],"replies":[{"embeddable":true,"href":"https:\/\/www.meydan.tv\/az\/wp-json\/wp\/v2\/comments?post=168943"}],"version-history":[{"count":0,"href":"https:\/\/www.meydan.tv\/az\/wp-json\/wp\/v2\/posts\/168943\/revisions"}],"wp:featuredmedia":[{"embeddable":true,"href":"https:\/\/www.meydan.tv\/az\/wp-json\/wp\/v2\/media\/29300"}],"wp:attachment":[{"href":"https:\/\/www.meydan.tv\/az\/wp-json\/wp\/v2\/media?parent=168943"}],"wp:term":[{"taxonomy":"category","embeddable":true,"href":"https:\/\/www.meydan.tv\/az\/wp-json\/wp\/v2\/categories?post=168943"},{"taxonomy":"post_tag","embeddable":true,"href":"https:\/\/www.meydan.tv\/az\/wp-json\/wp\/v2\/tags?post=168943"}],"curies":[{"name":"wp","href":"https:\/\/api.w.org\/{rel}","templated":true}]}}