{"id":168936,"date":"2015-07-15T18:53:19","date_gmt":"2015-07-15T18:53:19","guid":{"rendered":"https:\/\/www.meydan.tv\/article\/gencin-qarsisinda-susan-agsaqqal\/"},"modified":"2015-07-15T18:53:19","modified_gmt":"2015-07-15T18:53:19","slug":"gencin-qarsisinda-susan-agsaqqal","status":"publish","type":"post","link":"https:\/\/www.meydan.tv\/az\/article\/gencin-qarsisinda-susan-agsaqqal\/","title":{"rendered":"G\u0259ncin qar\u015f\u0131s\u0131nda susan a\u011fsaqqal&#8230;"},"content":{"rendered":"<figure class=\"wp-block-image size-large\">\n  <img decoding=\"async\" src=\"https:\/\/www.meydan.tv\/az\/29137\/\" alt=\"\" class=\"wp-image-29137\"\/><figcaption><\/figcaption><\/figure>\n<figure class=\"wp-block-image size-large\">\n  <img decoding=\"async\" src=\"https:\/\/www.meydan.tv\/az\/29140\/\" alt=\"\" class=\"wp-image-29140\"\/><figcaption><\/figcaption><\/figure>\n<p>\n  \u00c7ox vaxt xalq\u0131n etiraz etm\u0259m\u0259sind\u0259n, susmas\u0131ndan, haqs\u0131zl\u0131\u011fa boyun \u0259ym\u0259sind\u0259n dan\u0131\u015f\u0131r\u0131q. Amma diqq\u0259tli olsaq g\u00f6r\u0259rik ki, xalq h\u0259r d\u0259qiq\u0259 n\u0259y\u0259s\u0259 etiraz edir, n\u0259y\u0259s\u0259 qar\u015f\u0131 \u00e7\u0131x\u0131r. Bir c\u0259miyy\u0259td\u0259 n\u0259y\u0259 etiraz olunursa, bu etirazlar h\u0259min c\u0259miyy\u0259tin t\u0259f\u0259kk\u00fcr\u00fcn\u0259, maraqlar\u0131na ba\u011fl\u0131d\u0131r.<br \/>\n  <br \/>\n  M\u0259s\u0259l\u0259n, bu \u00f6lk\u0259d\u0259 bir kinoteatr\u0131n ill\u0259rl\u0259 bo\u015f qalmas\u0131na c\u0259miyy\u0259tin etiraz\u0131n\u0131 g\u00f6r\u0259 bilm\u0259rik. Amma h\u0259min kinoteatr binas\u0131n\u0131n qar\u015f\u0131s\u0131nda bir qad\u0131n m\u0259lum \u201c\u0259xlaql\u0131 geyim\u201d etikas\u0131ndan f\u0259rli bir geyimd\u0259 g\u00f6r\u00fcns\u0259, m\u00fctl\u0259q k\u0259nardan ke\u00e7\u0259n insanlar narahatl\u0131q hissi ke\u00e7ir\u0259c\u0259k. \u0130kinci d\u0259f\u0259 bel\u0259 bir hadis\u0259 t\u0259krarlansa, insanlar art\u0131q buna ciddi etiraz ed\u0259c\u0259k, deyin\u0259c\u0259k, laz\u0131m g\u0259ls\u0259, o qad\u0131n\u0131 da\u015flayacaq. H\u0259tta biri \u00e7\u0131x\u0131b dey\u0259c\u0259k ki, g\u00fcn\u00fcm\u00fcz qara olub, m\u0259d\u0259niyy\u0259t oca\u011f\u0131n\u0131n qaba\u011f\u0131nda milli d\u0259y\u0259rl\u0259rimiz ayaqlan\u0131r.\n<\/p>\n<p>\n  Telekanallar\u0131m\u0131z haqq\u0131nda kifayy\u0259t q\u0259d\u0259r yaz\u0131lar oxumu\u015fam, h\u0259r bir yaz\u0131da \u00f6z n\u00f6vb\u0259sind\u0259 bir etiraz var. Amma \u00e7ox az hallarda m\u0259s\u0259l\u0259nin \u0259sl t\u0259r\u0259f\u0259nin\u0259 etiraz g\u00f6r\u00fcr\u0259m. \u018fn\u0259n\u0259vi olaraq, kanallarda \u201c\u0259xlaq\u201d qaydalar\u0131n\u0131n pozulmas\u0131na etiraz olunur. S\u00f6y\u00fc\u015f s\u00f6y\u00fcls\u00fcn, h\u0259min an xalq buna etiraz ed\u0259c\u0259k, eyni zamanda geyim v\u0259.s bunun kimi d\u0131rnaqaras\u0131 \u0259xlaq m\u00f6vzular\u0131na.<br \/>\n  <br \/>\n  Amma bir d\u0259f\u0259 g\u00f6rm\u0259dim ki, ill\u0259rdir x\u0259b\u0259r proqramlar\u0131nda biz\u0259 s\u0131r\u0131nan yalanlara, daha do\u011frusu \u0259sl \u0259xlaqs\u0131zl\u0131\u011fa k\u00fctl\u0259vi olaraq etiraz olunsun. Bununla b\u0259rab\u0259r toy abuhavas\u0131nda olan dig\u0259r verili\u015fl\u0259r\u0259 qar\u015f\u0131. \u018fslind\u0259 h\u0259min toy abuhaval\u0131 verili\u015fl\u0259r xalq\u0131n dilind\u0259n des\u0259k u\u015faqlar\u0131n baxmas\u0131 \u00fc\u00e7\u00fcn \u0259n ideald\u0131r.\n<\/p>\n<p>\n  M\u0259s\u0259l\u0259n bir m\u0259kt\u0259bd\u0259 m\u00fc\u0259llim\u00a0 \u015fagird\u0259 qar\u015f\u0131 h\u0259r \u015fey ed\u0259 bil\u0259r: r\u00fc\u015fv\u0259t alar, d\u0259rs ke\u00e7m\u0259z, vurar, t\u0259hqir ed\u0259r amma h\u0259min m\u00fc\u0259llimdig\u0259r d\u0131rnaqaras\u0131 \u0259xlaq m\u00f6vzular\u0131na toxunsa, al\u0259m d\u0259y\u0259r bir-birin\u0259.<br \/>\n  <br \/>\n  \u00d6lk\u0259d\u0259 milyonlarla yeyinti olur, ill\u0259rdir buna etiraz etm\u0259k laz\u0131m oldu\u011fu xalqa, n\u0259d\u0259ns\u0259, t\u0259sir etmir.<br \/>\n  <br \/>\n  M\u00fcxt\u0259lif b\u0259han\u0259l\u0259rl\u0259 bundan boyun qa\u00e7\u0131r\u0131rlar amma hans\u0131sa restoranda stola hesab art\u0131q g\u0259ls\u0259, bu mill\u0259t \u00fc\u00e7\u00fcn haqq\u0131n\u0131n tapdalanma\u011f\u0131, \u0259dal\u0259tsizlik, aldanmaq n\u0259 q\u0259d\u0259r q\u0259buledilm\u0259z oldu\u011funu o restoran\u0131n h\u0259y\u0259tind\u0259 hiss ed\u0259rik. \u0130nsanlar etiraz\u0131n pik n\u00f6qt\u0259sin\u0259 \u00e7at\u0131b h\u0259tta bir-birini \u00f6ld\u00fcr\u0259 bil\u0259rl\u0259r. H\u0259min an adam d\u00fc\u015f\u00fcn\u00fcr ki, bu xalq haqq\u0131n\u0131 he\u00e7 vaxt taptalatmaz, bu xalq h\u0259r \u015fey\u0259 etiraz ed\u0259 bil\u0259r. Amma biz bunu heyf ki, restoranlarda g\u00f6r\u00fcr\u00fck.\n<\/p>\n<p>\n  Bizim \u00f6lk\u0259nin k\u00fc\u00e7\u0259l\u0259ri etirazla doludur. Hara baxsan qar\u015f\u0131na aqressiv, kinli, \u0259s\u0259bi, naraz\u0131 insanlar \u00e7\u0131xar.H\u0259min insanlar\u0131 he\u00e7 vaxt k\u00fc\u00e7\u0259ni zibilliy\u0259n biri incitm\u0259z, amma \u00f6p\u00fc\u015f\u0259n k\u0259sl\u0259ri g\u00f6rs\u0259l\u0259r ba\u015flar\u0131ndan a\u011fr\u0131 qalxar. Bizim insanlar\u0131n h\u0259r g\u00fcn\u00fc etirazla ke\u00e7ir, m\u0259nc\u0259 ona g\u00f6r\u0259 b\u00f6y\u00fck k\u0259\u015ffl\u0259r ed\u0259 bilmirik. Ba\u015f\u0131m\u0131z etirazlara qar\u0131\u015f\u0131r.\n<\/p>\n<p>\n  C\u0259miyy\u0259td\u0259 \u0259n b\u00f6y\u00fck etirazlar \u00f6z \u00e7\u0259r\u00e7iv\u0259y\u0259 sald\u0131qlar\u0131 h\u0259yatad\u0131r. Onlar\u0131n etiraz\u0131 beyinl\u0259rinin k\u00fcnc\u00fcnd\u0259 iyl\u0259nib qalm\u0131\u015f h\u0259yat qanunlar\u0131nad\u0131r. Onlar \u00f6zl\u0259ri \u00f6zl\u0259rini yeyib bitirir. \u00d6zl\u0259rini bir q\u0259f\u0259s\u0259 at\u0131blar, hans\u0131 ki, orada \u00e7abalay\u0131b qocal\u0131rlar v\u0259 bir d\u0259 ay\u0131l\u0131rlar ki, \u00f6l\u00fcm qap\u0131n\u0131n astanas\u0131ndad\u0131r, baxmayaraqki, h\u0259l\u0259 d\u0259 h\u0259yatlar\u0131n\u0131 qurban verdikl\u0259ri d\u00fc\u015f\u00fcnc\u0259l\u0259rini yen\u0259 bilm\u0259yibl\u0259r.<br \/>\n  <br \/>\n  D\u00fc\u015f\u00fcn\u00fcn, g\u00fcn\u00fcn yar\u0131s\u0131ndan \u00e7oxunu evd\u0259 ke\u00e7ir\u0259n qad\u0131nlar\u0131m\u0131z qeyb\u0259tl\u0259 silahlanmasa bizim m\u0259tb\u0259ximiz q\u0259d\u0259r z\u0259ngin ikinci m\u0259tb\u0259x tap\u0131lard\u0131m\u0131?! Bizim c\u0259miyy\u0259tin \u0259n b\u00f6y\u00fck k\u0259\u015ffi qeyb\u0259t olub, onu m\u00fcxt\u0259lif n\u00f6vl\u0259rd\u0259 m\u0259nims\u0259yib n\u0259sild\u0259n-n\u0259sil\u0259 \u00f6t\u00fcrm\u0259k kimi bir borclar\u0131 var. M\u0259tb\u0259xinin z\u0259ngin olmas\u0131 he\u00e7 bir xalqa laz\u0131m deyil, amma bizim xalq\u0131 qeyb\u0259td\u0259n, bo\u015fluqdan xilas ed\u0259c\u0259ks\u0259, biz\u0259 laz\u0131md\u0131r. \u018fn az\u0131 bilm\u0259k olar ki, ortada bir i\u015f var.\n<\/p>\n<p>\n  M\u0259n burada xalq\u0131 ciddi narahat ed\u0259n v\u0259 ciddi \u015f\u0259kild\u0259 xalq\u0131n etiraz\u0131na s\u0259b\u0259b olan hadis\u0259l\u0259ri izzah etm\u0259y\u0259 \u00e7al\u0131\u015fd\u0131m. Ham\u0131m\u0131z\u0131n bildiyi bir h\u0259qiq\u0259t var ki, xalq bel\u0259 olmaqda sistemin qurban\u0131 olub.\n<\/p>\n<p>\n  H\u0259r bir problemimizin minl\u0259rl\u0259 ammas\u0131 oldu\u011fu kimi burada da bir amma \u00e7\u0131x\u0131r ortaya. G\u00f6r\u00fcn\u0259n odur ki, bel\u0259 ya\u015famaq xalq \u00fc\u00e7\u00fcn daha s\u0259rf\u0259li v\u0259 daha rahatd\u0131r. Hakimiyy\u0259tin i\u015fi onda asanla\u015f\u0131b ki, bizim xalq \u00f6z b\u0259db\u0259xtliyini sevir v\u0259 \u00f6l\u0259n\u0259 q\u0259d\u0259r onun \u00e7\u0259r\u00e7iv\u0259sind\u0259n \u00e7\u0131xa bilmir.<br \/>\n  <br \/>\n  D\u00fcnyada ba\u015f ver\u0259n he\u00e7 bir hadis\u0259 onlar\u0131 ciddi maraqland\u0131rm\u0131r, \u00f6lk\u0259d\u0259 olan he\u00e7 bir qanunsuzluq onlar\u0131 ciddi narahat etmir. Xalq\u0131n ba\u015f\u0131 \u00f6z qanunlar\u0131na qar\u0131\u015f\u0131b v\u0259 laz\u0131m g\u0259l\u0259nd\u0259 o qanunlar\u0131 pozanlara qar\u015f\u0131 \u00e7\u0131xa bilirl\u0259r.\n<\/p>\n<p>\n  \u018fn ciddi i\u015fl\u0259ri g\u0259ncl\u0259r g\u00f6rm\u0259lidirs\u0259, bizim c\u0259miyy\u0259td\u0259 g\u0259nc el\u0259 birinci ail\u0259d\u0259 s\u0131nd\u0131r\u0131l\u0131r. B\u00f6y\u00fckd\u00fcrs\u0259, dem\u0259k d\u00fcz deyir, b\u00f6y\u00fckd\u00fcrs\u0259, onun qar\u015f\u0131s\u0131nda susmal\u0131san. \u0130yirmi iki ya\u015f\u0131m var, m\u0259n h\u0259l\u0259 d\u0259 bu \u00f6lk\u0259d\u0259 g\u0259nci sonacan dinl\u0259y\u0259 bil\u0259n, onun qar\u015f\u0131s\u0131nda susma\u011f\u0131 bacaran bir a\u011fsaqqal insan g\u00f6rm\u0259dim. Bu q\u0259d\u0259r oxu, \u0259ziyy\u0259t \u00e7\u0259k, i\u015f g\u00f6r, h\u0259qiq\u0259tin arxas\u0131nca get, haqq\u0131n\u0131 m\u00fcdafi\u0259 et v\u0259 bird\u0259n bir a\u011fsaqqal ortaya \u00e7\u0131x\u0131b s\u0259n\u0259 qar\u015f\u0131 \u201cu\u015faqsan\u201d deyib, etiraz etsin. Onlara anlatmaq olmur ki, bizim b\u0259db\u0259xtliyimizin k\u00f6k\u00fcnd\u0259 sizin bu m\u0259nas\u0131z etirazlar\u0131n\u0131z durur.<br \/>\n  \n<\/p>\n<p>\n  <b><br \/>\n    Yaz\u0131dak\u0131 fikirl\u0259r m\u00fc\u0259llifin \u015f\u0259xsi m\u00fclahiz\u0259l\u0259ridir.<br \/>\n  <\/b><\/p>\n","protected":false},"excerpt":{"rendered":"<p>Iyirmi iki ya\u015f\u0131m var, amma bu vaxta q\u0259d\u0259r&#8230;<\/p>\n","protected":false},"author":11,"featured_media":29137,"comment_status":"closed","ping_status":"open","sticky":false,"template":"","format":"standard","meta":{"_acf_changed":false,"_sitemap_exclude":false,"_sitemap_priority":"","_sitemap_frequency":"","footnotes":""},"categories":[57],"tags":[],"class_list":["post-168936","post","type-post","status-publish","format-standard","has-post-thumbnail","hentry","category-menim-fikrimce","infinite-scroll-item","generate-columns","tablet-grid-50","mobile-grid-100","grid-parent","grid-33","no-featured-image-padding"],"acf":[],"yoast_head":"<!-- This site is optimized with the Yoast SEO plugin v27.5 - https:\/\/yoast.com\/product\/yoast-seo-wordpress\/ -->\n<title>G\u0259ncin qar\u015f\u0131s\u0131nda susan a\u011fsaqqal... - MEYDAN.TV<\/title>\n<meta name=\"robots\" content=\"index, follow, max-snippet:-1, max-image-preview:large, max-video-preview:-1\" \/>\n<link rel=\"canonical\" href=\"https:\/\/www.meydan.tv\/az\/article\/gencin-qarsisinda-susan-agsaqqal\/\" \/>\n<meta property=\"og:locale\" content=\"az_AZ\" \/>\n<meta property=\"og:type\" content=\"article\" \/>\n<meta property=\"og:title\" content=\"G\u0259ncin qar\u015f\u0131s\u0131nda susan a\u011fsaqqal... - MEYDAN.TV\" \/>\n<meta property=\"og:description\" content=\"Iyirmi iki ya\u015f\u0131m var, amma bu vaxta q\u0259d\u0259r...\" \/>\n<meta property=\"og:url\" content=\"https:\/\/www.meydan.tv\/az\/article\/gencin-qarsisinda-susan-agsaqqal\/\" \/>\n<meta property=\"og:site_name\" content=\"MEYDAN.TV\" \/>\n<meta property=\"article:published_time\" content=\"2015-07-15T18:53:19+00:00\" \/>\n<meta property=\"og:image\" content=\"https:\/\/www.meydan.tv\/wp-content\/uploads\/10850.jpg\" \/>\n\t<meta property=\"og:image:width\" content=\"500\" \/>\n\t<meta property=\"og:image:height\" content=\"500\" \/>\n\t<meta property=\"og:image:type\" content=\"image\/jpeg\" \/>\n<meta name=\"author\" content=\"user-manager\" \/>\n<meta name=\"twitter:card\" content=\"summary_large_image\" \/>\n<script type=\"application\/ld+json\" class=\"yoast-schema-graph\">{\"@context\":\"https:\\\/\\\/schema.org\",\"@graph\":[{\"@type\":\"Article\",\"@id\":\"https:\\\/\\\/www.meydan.tv\\\/az\\\/article\\\/gencin-qarsisinda-susan-agsaqqal\\\/#article\",\"isPartOf\":{\"@id\":\"https:\\\/\\\/www.meydan.tv\\\/az\\\/article\\\/gencin-qarsisinda-susan-agsaqqal\\\/\"},\"author\":{\"name\":\"user-manager\",\"@id\":\"https:\\\/\\\/www.meydan.tv\\\/az\\\/#\\\/schema\\\/person\\\/10d11eccf6da3662cf5fdab9806ea91a\"},\"headline\":\"G\u0259ncin qar\u015f\u0131s\u0131nda susan a\u011fsaqqal&#8230;\",\"datePublished\":\"2015-07-15T18:53:19+00:00\",\"mainEntityOfPage\":{\"@id\":\"https:\\\/\\\/www.meydan.tv\\\/az\\\/article\\\/gencin-qarsisinda-susan-agsaqqal\\\/\"},\"wordCount\":1107,\"publisher\":{\"@id\":\"https:\\\/\\\/www.meydan.tv\\\/az\\\/#organization\"},\"image\":{\"@id\":\"https:\\\/\\\/www.meydan.tv\\\/az\\\/article\\\/gencin-qarsisinda-susan-agsaqqal\\\/#primaryimage\"},\"thumbnailUrl\":\"https:\\\/\\\/www.meydan.tv\\\/wp-content\\\/uploads\\\/10850.jpg\",\"articleSection\":[\"M\u0259nim Fikrimc\u0259\"],\"inLanguage\":\"az\"},{\"@type\":\"WebPage\",\"@id\":\"https:\\\/\\\/www.meydan.tv\\\/az\\\/article\\\/gencin-qarsisinda-susan-agsaqqal\\\/\",\"url\":\"https:\\\/\\\/www.meydan.tv\\\/az\\\/article\\\/gencin-qarsisinda-susan-agsaqqal\\\/\",\"name\":\"G\u0259ncin qar\u015f\u0131s\u0131nda susan a\u011fsaqqal... - MEYDAN.TV\",\"isPartOf\":{\"@id\":\"https:\\\/\\\/www.meydan.tv\\\/az\\\/#website\"},\"primaryImageOfPage\":{\"@id\":\"https:\\\/\\\/www.meydan.tv\\\/az\\\/article\\\/gencin-qarsisinda-susan-agsaqqal\\\/#primaryimage\"},\"image\":{\"@id\":\"https:\\\/\\\/www.meydan.tv\\\/az\\\/article\\\/gencin-qarsisinda-susan-agsaqqal\\\/#primaryimage\"},\"thumbnailUrl\":\"https:\\\/\\\/www.meydan.tv\\\/wp-content\\\/uploads\\\/10850.jpg\",\"datePublished\":\"2015-07-15T18:53:19+00:00\",\"breadcrumb\":{\"@id\":\"https:\\\/\\\/www.meydan.tv\\\/az\\\/article\\\/gencin-qarsisinda-susan-agsaqqal\\\/#breadcrumb\"},\"inLanguage\":\"az\",\"potentialAction\":[{\"@type\":\"ReadAction\",\"target\":[\"https:\\\/\\\/www.meydan.tv\\\/az\\\/article\\\/gencin-qarsisinda-susan-agsaqqal\\\/\"]}]},{\"@type\":\"ImageObject\",\"inLanguage\":\"az\",\"@id\":\"https:\\\/\\\/www.meydan.tv\\\/az\\\/article\\\/gencin-qarsisinda-susan-agsaqqal\\\/#primaryimage\",\"url\":\"https:\\\/\\\/www.meydan.tv\\\/wp-content\\\/uploads\\\/10850.jpg\",\"contentUrl\":\"https:\\\/\\\/www.meydan.tv\\\/wp-content\\\/uploads\\\/10850.jpg\",\"width\":500,\"height\":500,\"caption\":\"Source:\"},{\"@type\":\"BreadcrumbList\",\"@id\":\"https:\\\/\\\/www.meydan.tv\\\/az\\\/article\\\/gencin-qarsisinda-susan-agsaqqal\\\/#breadcrumb\",\"itemListElement\":[{\"@type\":\"ListItem\",\"position\":1,\"name\":\"Ana s\u0259hif\u0259\",\"item\":\"https:\\\/\\\/www.meydan.tv\\\/az\\\/\"},{\"@type\":\"ListItem\",\"position\":2,\"name\":\"M\u0259nim Fikrimc\u0259\",\"item\":\"https:\\\/\\\/www.meydan.tv\\\/az\\\/section\\\/menim-fikrimce\\\/\"},{\"@type\":\"ListItem\",\"position\":3,\"name\":\"G\u0259ncin qar\u015f\u0131s\u0131nda susan a\u011fsaqqal&#8230;\"}]},{\"@type\":\"WebSite\",\"@id\":\"https:\\\/\\\/www.meydan.tv\\\/az\\\/#website\",\"url\":\"https:\\\/\\\/www.meydan.tv\\\/az\\\/\",\"name\":\"MEYDAN.TV\",\"description\":\"Meydan TV Az\u0259rbaycan\u0131n media m\u0259kan\u0131ndak\u0131 alternativ s\u0259sidir\",\"publisher\":{\"@id\":\"https:\\\/\\\/www.meydan.tv\\\/az\\\/#organization\"},\"potentialAction\":[{\"@type\":\"SearchAction\",\"target\":{\"@type\":\"EntryPoint\",\"urlTemplate\":\"https:\\\/\\\/www.meydan.tv\\\/az\\\/?s={search_term_string}\"},\"query-input\":{\"@type\":\"PropertyValueSpecification\",\"valueRequired\":true,\"valueName\":\"search_term_string\"}}],\"inLanguage\":\"az\"},{\"@type\":\"Organization\",\"@id\":\"https:\\\/\\\/www.meydan.tv\\\/az\\\/#organization\",\"name\":\"Meydan TV\",\"url\":\"https:\\\/\\\/www.meydan.tv\\\/az\\\/\",\"logo\":{\"@type\":\"ImageObject\",\"inLanguage\":\"az\",\"@id\":\"https:\\\/\\\/www.meydan.tv\\\/az\\\/#\\\/schema\\\/logo\\\/image\\\/\",\"url\":\"https:\\\/\\\/www.meydan.tv\\\/wp-content\\\/uploads\\\/2021\\\/07\\\/meydan-logo.svg\",\"contentUrl\":\"https:\\\/\\\/www.meydan.tv\\\/wp-content\\\/uploads\\\/2021\\\/07\\\/meydan-logo.svg\",\"width\":195,\"height\":46,\"caption\":\"Meydan TV\"},\"image\":{\"@id\":\"https:\\\/\\\/www.meydan.tv\\\/az\\\/#\\\/schema\\\/logo\\\/image\\\/\"}},{\"@type\":\"Person\",\"@id\":\"https:\\\/\\\/www.meydan.tv\\\/az\\\/#\\\/schema\\\/person\\\/10d11eccf6da3662cf5fdab9806ea91a\",\"name\":\"user-manager\"}]}<\/script>\n<!-- \/ Yoast SEO plugin. -->","yoast_head_json":{"title":"G\u0259ncin qar\u015f\u0131s\u0131nda susan a\u011fsaqqal... - MEYDAN.TV","robots":{"index":"index","follow":"follow","max-snippet":"max-snippet:-1","max-image-preview":"max-image-preview:large","max-video-preview":"max-video-preview:-1"},"canonical":"https:\/\/www.meydan.tv\/az\/article\/gencin-qarsisinda-susan-agsaqqal\/","og_locale":"az_AZ","og_type":"article","og_title":"G\u0259ncin qar\u015f\u0131s\u0131nda susan a\u011fsaqqal... - MEYDAN.TV","og_description":"Iyirmi iki ya\u015f\u0131m var, amma bu vaxta q\u0259d\u0259r...","og_url":"https:\/\/www.meydan.tv\/az\/article\/gencin-qarsisinda-susan-agsaqqal\/","og_site_name":"MEYDAN.TV","article_published_time":"2015-07-15T18:53:19+00:00","og_image":[{"width":500,"height":500,"url":"https:\/\/www.meydan.tv\/wp-content\/uploads\/10850.jpg","type":"image\/jpeg"}],"author":"user-manager","twitter_card":"summary_large_image","schema":{"@context":"https:\/\/schema.org","@graph":[{"@type":"Article","@id":"https:\/\/www.meydan.tv\/az\/article\/gencin-qarsisinda-susan-agsaqqal\/#article","isPartOf":{"@id":"https:\/\/www.meydan.tv\/az\/article\/gencin-qarsisinda-susan-agsaqqal\/"},"author":{"name":"user-manager","@id":"https:\/\/www.meydan.tv\/az\/#\/schema\/person\/10d11eccf6da3662cf5fdab9806ea91a"},"headline":"G\u0259ncin qar\u015f\u0131s\u0131nda susan a\u011fsaqqal&#8230;","datePublished":"2015-07-15T18:53:19+00:00","mainEntityOfPage":{"@id":"https:\/\/www.meydan.tv\/az\/article\/gencin-qarsisinda-susan-agsaqqal\/"},"wordCount":1107,"publisher":{"@id":"https:\/\/www.meydan.tv\/az\/#organization"},"image":{"@id":"https:\/\/www.meydan.tv\/az\/article\/gencin-qarsisinda-susan-agsaqqal\/#primaryimage"},"thumbnailUrl":"https:\/\/www.meydan.tv\/wp-content\/uploads\/10850.jpg","articleSection":["M\u0259nim Fikrimc\u0259"],"inLanguage":"az"},{"@type":"WebPage","@id":"https:\/\/www.meydan.tv\/az\/article\/gencin-qarsisinda-susan-agsaqqal\/","url":"https:\/\/www.meydan.tv\/az\/article\/gencin-qarsisinda-susan-agsaqqal\/","name":"G\u0259ncin qar\u015f\u0131s\u0131nda susan a\u011fsaqqal... - MEYDAN.TV","isPartOf":{"@id":"https:\/\/www.meydan.tv\/az\/#website"},"primaryImageOfPage":{"@id":"https:\/\/www.meydan.tv\/az\/article\/gencin-qarsisinda-susan-agsaqqal\/#primaryimage"},"image":{"@id":"https:\/\/www.meydan.tv\/az\/article\/gencin-qarsisinda-susan-agsaqqal\/#primaryimage"},"thumbnailUrl":"https:\/\/www.meydan.tv\/wp-content\/uploads\/10850.jpg","datePublished":"2015-07-15T18:53:19+00:00","breadcrumb":{"@id":"https:\/\/www.meydan.tv\/az\/article\/gencin-qarsisinda-susan-agsaqqal\/#breadcrumb"},"inLanguage":"az","potentialAction":[{"@type":"ReadAction","target":["https:\/\/www.meydan.tv\/az\/article\/gencin-qarsisinda-susan-agsaqqal\/"]}]},{"@type":"ImageObject","inLanguage":"az","@id":"https:\/\/www.meydan.tv\/az\/article\/gencin-qarsisinda-susan-agsaqqal\/#primaryimage","url":"https:\/\/www.meydan.tv\/wp-content\/uploads\/10850.jpg","contentUrl":"https:\/\/www.meydan.tv\/wp-content\/uploads\/10850.jpg","width":500,"height":500,"caption":"Source:"},{"@type":"BreadcrumbList","@id":"https:\/\/www.meydan.tv\/az\/article\/gencin-qarsisinda-susan-agsaqqal\/#breadcrumb","itemListElement":[{"@type":"ListItem","position":1,"name":"Ana s\u0259hif\u0259","item":"https:\/\/www.meydan.tv\/az\/"},{"@type":"ListItem","position":2,"name":"M\u0259nim Fikrimc\u0259","item":"https:\/\/www.meydan.tv\/az\/section\/menim-fikrimce\/"},{"@type":"ListItem","position":3,"name":"G\u0259ncin qar\u015f\u0131s\u0131nda susan a\u011fsaqqal&#8230;"}]},{"@type":"WebSite","@id":"https:\/\/www.meydan.tv\/az\/#website","url":"https:\/\/www.meydan.tv\/az\/","name":"MEYDAN.TV","description":"Meydan TV Az\u0259rbaycan\u0131n media m\u0259kan\u0131ndak\u0131 alternativ s\u0259sidir","publisher":{"@id":"https:\/\/www.meydan.tv\/az\/#organization"},"potentialAction":[{"@type":"SearchAction","target":{"@type":"EntryPoint","urlTemplate":"https:\/\/www.meydan.tv\/az\/?s={search_term_string}"},"query-input":{"@type":"PropertyValueSpecification","valueRequired":true,"valueName":"search_term_string"}}],"inLanguage":"az"},{"@type":"Organization","@id":"https:\/\/www.meydan.tv\/az\/#organization","name":"Meydan TV","url":"https:\/\/www.meydan.tv\/az\/","logo":{"@type":"ImageObject","inLanguage":"az","@id":"https:\/\/www.meydan.tv\/az\/#\/schema\/logo\/image\/","url":"https:\/\/www.meydan.tv\/wp-content\/uploads\/2021\/07\/meydan-logo.svg","contentUrl":"https:\/\/www.meydan.tv\/wp-content\/uploads\/2021\/07\/meydan-logo.svg","width":195,"height":46,"caption":"Meydan TV"},"image":{"@id":"https:\/\/www.meydan.tv\/az\/#\/schema\/logo\/image\/"}},{"@type":"Person","@id":"https:\/\/www.meydan.tv\/az\/#\/schema\/person\/10d11eccf6da3662cf5fdab9806ea91a","name":"user-manager"}]}},"_links":{"self":[{"href":"https:\/\/www.meydan.tv\/az\/wp-json\/wp\/v2\/posts\/168936","targetHints":{"allow":["GET"]}}],"collection":[{"href":"https:\/\/www.meydan.tv\/az\/wp-json\/wp\/v2\/posts"}],"about":[{"href":"https:\/\/www.meydan.tv\/az\/wp-json\/wp\/v2\/types\/post"}],"author":[{"embeddable":true,"href":"https:\/\/www.meydan.tv\/az\/wp-json\/wp\/v2\/users\/11"}],"replies":[{"embeddable":true,"href":"https:\/\/www.meydan.tv\/az\/wp-json\/wp\/v2\/comments?post=168936"}],"version-history":[{"count":0,"href":"https:\/\/www.meydan.tv\/az\/wp-json\/wp\/v2\/posts\/168936\/revisions"}],"wp:featuredmedia":[{"embeddable":true,"href":"https:\/\/www.meydan.tv\/az\/wp-json\/wp\/v2\/media\/29137"}],"wp:attachment":[{"href":"https:\/\/www.meydan.tv\/az\/wp-json\/wp\/v2\/media?parent=168936"}],"wp:term":[{"taxonomy":"category","embeddable":true,"href":"https:\/\/www.meydan.tv\/az\/wp-json\/wp\/v2\/categories?post=168936"},{"taxonomy":"post_tag","embeddable":true,"href":"https:\/\/www.meydan.tv\/az\/wp-json\/wp\/v2\/tags?post=168936"}],"curies":[{"name":"wp","href":"https:\/\/api.w.org\/{rel}","templated":true}]}}