{"id":168894,"date":"2015-07-14T01:05:13","date_gmt":"2015-07-14T01:05:13","guid":{"rendered":"https:\/\/www.meydan.tv\/article\/turkiye-maceralari\/"},"modified":"2015-07-14T01:05:13","modified_gmt":"2015-07-14T01:05:13","slug":"turkiye-maceralari","status":"publish","type":"post","link":"https:\/\/www.meydan.tv\/az\/article\/turkiye-maceralari\/","title":{"rendered":"T\u00fcrkiy\u0259 mac\u0259ralar\u0131&#8230;"},"content":{"rendered":"<figure class=\"wp-block-image size-large\">\n  <img decoding=\"async\" src=\"https:\/\/www.meydan.tv\/az\/29131\/\" alt=\"\" class=\"wp-image-29131\"\/><figcaption><\/figcaption><\/figure>\n<figure class=\"wp-block-image size-large\">\n  <img decoding=\"async\" src=\"https:\/\/www.meydan.tv\/az\/29133\/\" alt=\"\" class=\"wp-image-29133\"\/><figcaption><\/figcaption><\/figure>\n<p>\n  Uzun m\u00fcdd\u0259t idi T\u00fcrkiy\u0259y\u0259 getm\u0259k, onun haqq\u0131nda dil\u0259 g\u0259tiril\u0259n, bir-birind\u0259n k\u0259skin f\u0259ql\u0259n\u0259n, ziddiy\u0259tl\u0259rl\u0259 dolu fikirl\u0259rd\u0259n hans\u0131lar\u0131n\u0131n daha do\u011fru oldu\u011funu canl\u0131 olaraq g\u00f6rm\u0259k ist\u0259yirdim. Anlay\u0131ram, on d\u00f6rd g\u00fcn \u0259rzind\u0259 T\u00fcrkiy\u0259ni canl\u0131 g\u00f6r\u00fcb onu anlamaq m\u00fcmk\u00fcns\u00fczd\u00fcr. \u0130kincisi, m\u0259n T\u00fcrkiy\u0259nin tamam\u0131n\u0131 yox, yaln\u0131z \u0130stanbulu g\u00f6rd\u00fcm. Haqq\u0131nda y\u00fczl\u0259rl\u0259 mahn\u0131 b\u0259st\u0259l\u0259n\u0259n, y\u00fczl\u0259rl\u0259 kitab yaz\u0131lan bu \u015f\u0259h\u0259rin \u00f6z\u00fcn\u00fc bel\u0259 bu q\u0131sa m\u00fcdd\u0259td\u0259 dan\u0131\u015f\u0131b bitirm\u0259k m\u00fc\u015fk\u00fcl m\u0259s\u0259l\u0259dir. Ona g\u00f6r\u0259 yaln\u0131z g\u00f6rd\u00fckl\u0259rim haqq\u0131nda, \u00f6z p\u0259nc\u0259r\u0259md\u0259n baxaraq t\u0259\u0259s\u00fcratlar\u0131m\u0131 b\u00f6l\u00fc\u015fm\u0259k ist\u0259dim.\n<\/p>\n<p>\n  S\u0259f\u0259rimiz\u0259 \u0130stanbulun m\u0259rk\u0259zi yerl\u0259rind\u0259n biri olan Taksimd\u0259 ev tutmaqla ba\u015flad\u0131q. \u0130nternet sayt\u0131ndan istifad\u0259 ed\u0259r\u0259k tapd\u0131\u011f\u0131m\u0131z bu evin \u015f\u0259kill\u0259rd\u0259n g\u00f6r\u00fcn\u00fc\u015f\u00fc \u00e7ox geni\u015f, rahat idi, amma, ora \u00e7atd\u0131\u011f\u0131m\u0131zda bizi qar\u015f\u0131layan t\u00fcrkm\u0259n q\u0131z\u0131n\u0131n biz\u0259 g\u00f6st\u0259rdiyi evl\u0259, \u015f\u0259kill\u0259rd\u0259ki ev aras\u0131nda insan\u0131 d\u0259rhal q\u0259z\u0259bl\u0259ndir\u0259n m\u0259nfi bir f\u0259rq vard\u0131. Ev dar, yataq is\u0259 divandan ibar\u0259t idi. T\u00fcrkm\u0259n q\u0131z\u0131 il\u0259 rus dilind\u0259 \u0259s\u0259bi formada dan\u0131\u015f\u0131r, biz\u0259 k\u0259l\u0259k g\u0259ldikl\u0259rini deyir, ev sahibinin d\u0259rhal g\u0259lm\u0259sini t\u0259l\u0259b edirdim. N\u0259ys\u0259 ki, ev sahibi g\u0259ldi v\u0259 ist\u0259kl\u0259rimiz\u0259 uy\u011fun otaq tap\u0131b biz\u0259 bu otaqda qalma\u011f\u0131m\u0131z\u0131 t\u0259klif etdi. \u0130stanbul m\u0259ni yax\u015f\u0131 qar\u015f\u0131lamad\u0131, ilk andan k\u0259l\u0259yin qurban\u0131 oldum. H\u0259min g\u00fcnd\u0259n b\u0259ri, h\u0259r g\u00fcn aldad\u0131laram qorxusu il\u0259 on d\u00f6rd g\u00fcn\u00fc ke\u00e7irm\u0259li, ya da bu \u00f6nyar\u011f\u0131dan qurtulmaq \u00fc\u00e7\u00fcn ya\u015fanm\u0131\u015f hadis\u0259ni \u00e7\u0259k-\u00e7evr edib \u00f6z i\u00e7imd\u0259 onu h\u0259ll etm\u0259li idim. \u0130kinci yolu tutdum.\n<\/p>\n<p>\n  \u0130nsan bel\u0259dir, qar\u015f\u0131la\u015fd\u0131\u011f\u0131 h\u0259yat hadis\u0259l\u0259ri onun \u00f6nyar\u011f\u0131lar\u0131n\u0131 formala\u015fd\u0131r\u0131r. \u00d6nyar\u011f\u0131lar is\u0259 enerji s\u0259rf etm\u0259d\u0259n n\u0259l\u0259ris\u0259 bir anda anlama\u011fa biz\u0259 k\u00f6m\u0259k etdiyind\u0259n bu m\u0259nada yax\u015f\u0131d\u0131r, amma, onun m\u0259nfi n\u0259tic\u0259l\u0259ri m\u00fcsb\u0259tind\u0259n qat-qat \u00e7oxdur. B\u0259z\u0259n, oxumaqla, g\u0259zm\u0259kl\u0259 deyil, yaln\u0131z ya\u015fayaraq d\u00fcnya, insanlar, bir s\u00f6zl\u0259, h\u0259yat haqq\u0131nda d\u00fc\u015f\u00fcnc\u0259y\u0259 sahibl\u0259n\u0259n bizim a\u011fsaqqal-a\u011fbir\u00e7\u0259kl\u0259rin \u00f6z altm\u0131\u015f-yetmi\u015f illik h\u0259yatlar\u0131nda bu k\u00f6hn\u0259lmi\u015f, dar, q\u0131s\u0131r \u00f6nyar\u011f\u0131lar\u0131 il\u0259 ne\u00e7\u0259-ne\u00e7\u0259 n\u0259sli m\u0259hv etdiyini, m\u0259hv etm\u0259kd\u0259 davam etdiyini d\u00fc\u015f\u00fcn\u0259nd\u0259, insan\u0131n t\u00fckl\u0259ri biz-biz olur.\n<\/p>\n<p>\n  \u0130stanbula \u201cturist anlay\u0131\u015f\u0131\u201d il\u0259 g\u0259lm\u0259mi\u015fdim. Y\u0259ni, m\u0259n b\u0259zi turistl\u0259r kimi \u0130stanbulun \u0259n m\u0259\u015fhur tarixi yerl\u0259rini g\u0259zib, \u015f\u0259kil \u00e7\u0259kdirm\u0259kd\u0259n qa\u00e7ma\u011fa \u00e7al\u0131\u015fd\u0131m. \u201cYapon turistl\u0259ri\u201d kimi davranmaqdan uzaq duraraq, maksimum az \u015f\u0259kill\u0259 \u015f\u0259h\u0259ri \u00f6z g\u00f6z kamerlar\u0131ma k\u00f6\u00e7\u00fcrtm\u0259yi \u00fcst\u00fcn tutdum. M\u0259nz\u0259r\u0259d\u0259n tam h\u0259zz alma\u011f\u0131n yollar\u0131ndan biri d\u0259, kameran\u0131 k\u0259nara qoyub ona doyunca baxmaqdan ke\u00e7ir. Bir s\u00f6zl\u0259, \u201cm\u0259n burda oldum\u201d d\u00fc\u015f\u00fcnc\u0259si il\u0259 davranan turist d\u00fc\u015f\u00fcnc\u0259 t\u0259rzind\u0259n qa\u00e7ma\u011fa, iki add\u0131mdan bir \u015f\u0259kil \u00e7\u0259k\u0259n \u201cyapon turistl\u0259ri\u201d-nin tam \u0259ksin\u0259 davranmaqla g\u00fcnl\u0259rimi maraql\u0131 ke\u00e7irtm\u0259y\u0259 \u00e7al\u0131\u015fd\u0131m.\u00a0 Yeri g\u0259lmi\u015fk\u0259n, yaponlar\u0131n xarici \u00f6lk\u0259l\u0259rd\u0259 niy\u0259 bu q\u0259d\u0259r \u015f\u0259kil \u00e7\u0259km\u0259si il\u0259 ba\u011fl\u0131 \u0259fsan\u0259y\u0259 ox\u015far bir s\u00f6hb\u0259t d\u0259 e\u015fitmi\u015f\u0259m. Deyil\u0259n\u0259 g\u00f6r\u0259, Yaponiyada d\u00f6vl\u0259t\u0259 m\u0259xsus olan agentikl\u0259rin biri xaric\u0259 s\u0259f\u0259r edib \u015f\u0259kil, video \u00e7\u0259k\u0259n turist yaponlar\u0131n h\u0259min fotolar\u0131n\u0131 pul il\u0259 al\u0131r, onlar\u0131 h\u0259min egentliyin arxivind\u0259 saxlay\u0131r.\u00a0 \u201cOnlar bunu niy\u0259 edir\u201d sual\u0131na \u00e7oxlu f\u0259rqli cavab veril\u0259 bil\u0259r.\u00a0 \u00c7ox uza\u011fa getm\u0259y\u0259k, qay\u0131daq \u0130stanbula&#8230;\n<\/p>\n<p>\n  <i><br \/>\n    Sanki insanlar he\u00e7 yatm\u0131r<br \/>\n  <\/i>\n<\/p>\n<p>\n  \u0130stanbulun bir \u00e7ox m\u0259\u015fhur, m\u0259rk\u0259zi k\u00fc\u00e7\u0259l\u0259rinin s\u0259h\u0259r-ax\u015fam insanla qaynamas\u0131, ma\u011fazalar\u0131n s\u0259h\u0259r saat doqquzdan, gec\u0259 saat bir\u0259-ikiy\u0259 kimi a\u00e7\u0131q olmas\u0131, ictimai n\u0259qliyyat\u0131n b\u0259zil\u0259rinin 24 saat i\u015fl\u0259m\u0259si ilk diqq\u0259timi \u00e7\u0259k\u0259n c\u0259h\u0259tl\u0259rd\u0259n oldu. Yeni g\u00fccl\u0259n\u0259n \u00f6lk\u0259nin taleyi budur. Y\u00fcks\u0259k inki\u015fafa \u00e7atmaq \u00fc\u00e7\u00fcn h\u0259r bir \u00f6lk\u0259, tarixinin m\u00fc\u0259yy\u0259n periodunda b\u00fct\u00fcn m\u0259rh\u0259l\u0259l\u0259ri ke\u00e7m\u0259li olur. Tez v\u0259 ya gec, iqtisadi inki\u015faf\u0131 \u00f6z\u00fcn\u0259 m\u0259qs\u0259d etmi\u015f b\u00fct\u00fcn \u00f6lk\u0259l\u0259r bu yolu ke\u00e7m\u0259lidir. Kapitalizm sistemi m\u0259hz bunu t\u0259l\u0259b edir. G\u0259l\u0259c\u0259k n\u0259sill\u0259rin daha\u00a0 yax\u015f\u0131 ya\u015famas\u0131 \u00fc\u00e7\u00fcn bir \u00e7ox n\u0259sill\u0259r \u0259zilir, \u0259ziyy\u0259t v\u0259 m\u0259hrumiyy\u0259t \u00e7\u0259kir. T\u00fcrkiy\u0259 indi m\u0259hz bu ill\u0259rini ya\u015fay\u0131r.\n<\/p>\n<p>\n  <i><br \/>\n    \u015e\u0259h\u0259ri \u015f\u0259h\u0259r, \u00f6lk\u0259ni \u00f6lk\u0259 ed\u0259n onlar\u0131n insanlar\u0131d\u0131r \u2013 \u201cG\u0259zi hadis\u0259l\u0259ri\u201d, kitablar, ev sahibinin dilind\u0259n<br \/>\n  <\/i>\n<\/p>\n<p>\n  Beyo\u011flundak\u0131 evimizd\u0259 \u00e7ox qalmad\u0131q, n\u00f6vb\u0259ti evimiz Kad\u0131k\u00f6y oldu. Bizi qar\u015f\u0131layan ev sahibi ixtisasca redaktor \u00e7\u0131xd\u0131. Maraq m\u0259ni b\u00fcr\u00fcy\u00fcr. D\u00f6rd g\u00fcn \u0259rzind\u0259 ma\u011faza, pal-paltar, bina, da\u015f, qum g\u00f6rd\u00fckc\u0259 \u015f\u0259h\u0259r\u0259 yadla\u015fan m\u0259n, ax\u0131r ki, insanla qar\u015f\u0131la\u015f\u0131rd\u0131m.\u00a0 A\u011f\u0131ll\u0131, intelektual, m\u0259d\u0259niyy\u0259t sahibi olan bu insan m\u0259\u015fhur \u00c7ilili yaz\u0131\u00e7\u0131 Roberto Bolanonun \u201c2666\u201d roman\u0131n\u0131n redaktoru olub. Suallar\u0131m\u0131n ard\u0131-aras\u0131 k\u0259silmir. Kitab il\u0259 bu v\u0259 ya dig\u0259r \u015f\u0259kild\u0259 ba\u011fl\u0131l\u0131\u011f\u0131 olan, ona d\u0259y\u0259r ver\u0259n insanlar g\u00f6z\u00fcmd\u0259 y\u00fcks\u0259k sinifdir. \u201c\u0130\u015finizi sevirsinizmi?\u201d, \u201cSevir\u0259m, amma, bu i\u015fl\u0259 kiray\u0259mi bel\u0259 \u00e7ox \u00e7\u0259tinlikl\u0259 \u00f6d\u0259y\u0259 bilir\u0259m\u201d. M\u0259lum olur ki, biz\u0259 evini kiray\u0259 ver\u0259n bu qad\u0131n\u0131n \u00f6z\u00fc bel\u0259 bu evin kiray\u0259\u00e7isiymi\u015f.\n<\/p>\n<p>\n  \u0130stanbulda ald\u0131\u011f\u0131m kitablarda ilk baxd\u0131\u011f\u0131m m\u00fc\u0259llifl\u0259rdirs\u0259, dig\u0259ri kitab n\u0259\u015friyyatlar\u0131n\u0131n adlar\u0131d\u0131r. Diqq\u0259timi \u00e7\u0259kdiyind\u0259n sual\u0131m\u0131 bu istiqam\u0259td\u0259 y\u00f6n\u0259ldir\u0259m: \u201cT\u00fcrkiy\u0259d\u0259 hans\u0131 n\u0259\u015friyyatlar yax\u015f\u0131, hans\u0131lar pisdir?\u201d. M\u0259ni maraqland\u0131ran n\u0259\u015friyyatlar\u0131n keyfiyy\u0259tli i\u015fidir. Amma o, dey\u0259s\u0259n, sual\u0131 daha d\u0259rind\u0259n qavray\u0131r, cavab verir: \u201cM\u0259s\u0259l\u0259n, \u201cCAN\u201d n\u0259\u015friyyat\u0131 uzun ill\u0259r keyfiyy\u0259tli i\u015fl\u0259r ortaya qoydu, insanlarda etibar yaratd\u0131. \u0130nsanlar \u201cCAN\u201d n\u0259\u015friyyat\u0131n\u0131n yeni \u00e7\u0131xan b\u00fct\u00fcn kitablar\u0131n\u0131 cumaraq al\u0131r. Bundan istifad\u0259 ed\u0259n n\u0259\u015friyyat, art\u0131q bir \u00e7ox kitablar\u0131n\u0131 zay \u00e7\u0131xard\u0131b. \u0130kincisi, klassik yaz\u0131\u00e7\u0131lar\u0131 n\u0259\u015fr ed\u0259r\u0259k \u00e7ox baha qiym\u0259t\u0259 sat\u0131r. Klassik yaz\u0131\u00e7\u0131lar \u00fc\u00e7\u00fcn pul \u00f6d\u0259nilm\u0259diyind\u0259n, onlar\u0131n n\u0259\u015fri \u00e7ox ucuz ba\u015fa g\u0259lir. Amma onlar\u0131 \u00e7ox baha qiym\u0259t\u0259 sat\u0131rlar\u201d\n<\/p>\n<p>\n  Ad\u0131n\u0131 unutdu\u011fum bir ba\u015fqa n\u0259\u015friyyat haqq\u0131nda deyir: \u201cOnlar o\u011fra\u015fd\u0131lar, ortaya yax\u015f\u0131 kitablar \u00e7\u0131xartsalar da, o\u011fra\u015fd\u0131lar.\u201d M\u0259lum olur ki, qad\u0131n sol\u00e7udur, h\u0259min bu \u201co\u011fra\u015f n\u0259\u015friyyat\u201d is\u0259 n\u0259s\u0259 \u201csa\u011f\u00e7\u0131l\u0131qla\u201d m\u0259\u015f\u011fuldur. D\u0259rin\u0259 getmir\u0259m, \u015f\u0259xsiyy\u0259t v\u0259 ortaya qoyulan i\u015f sivilizasiya yarand\u0131qdan b\u0259ri qov\u011fas\u0131 apar\u0131lan m\u00f6vzulardand\u0131r. Ev sahibi, son ill\u0259rd\u0259 T\u00fcrkiy\u0259d\u0259 oxucu say\u0131n\u0131n azalmas\u0131ndan, daha \u00e7ox y\u00fcng\u00fcl \u201cbestseller\u201d kitablar oxunulmas\u0131ndan b\u0259rk gileyl\u0259nir. O, bu bar\u0259d\u0259 dan\u0131\u015fd\u0131qca bizim nec\u0259 ac\u0131nacaql\u0131 durumda olma\u011f\u0131m\u0131z a\u011fl\u0131m\u0131 qurcalay\u0131r. S\u00f6z\u00fcn\u00fc k\u0259sib, bizim daha bet\u0259r v\u0259ziyy\u0259td\u0259 oldu\u011fumuzu dem\u0259k ist\u0259yir\u0259m.\u00a0 Onlarda v\u0259ziyy\u0259t n\u0259 q\u0259d\u0259r pis olsa da, bizimki il\u0259 m\u00fcqayis\u0259y\u0259 bel\u0259 g\u0259lm\u0259z. Amma \u00f6z\u00fcm\u00fc saxlay\u0131ram, bura d\u0259rdl\u0259rimi dan\u0131\u015fma\u011fa g\u0259lm\u0259mi\u015f\u0259m.\n<\/p>\n<p>\n  S\u00f6hb\u0259t \u0259snas\u0131nda ev sahibi rus dilini bildiyimi \u00f6yr\u0259nir, m\u0259n d\u0259 rus klassikas\u0131n\u0131 orjinal\u0131ndan oxudu\u011fumu deyib, bir az da \u015fe\u015f\u0259l\u0259nm\u0259k, ki\u00e7ik mill\u0259tin b\u00f6y\u00fck kompleksinin a\u011f\u0131rl\u0131\u011f\u0131 il\u0259 \u0259lav\u0259mi edir\u0259m: \u201cM\u0259n sizin t\u0259rc\u00fcm\u0259 etdiyiniz Dostoyevskini oxumu\u015fam, o Dostoyevski m\u0259n bildiyim Dostoyevski deyil\u201d. Ev sahibi ruh hal\u0131n\u0131 pozmadan cavab verir: \u201dDediyim kimi, bizd\u0259 bir \u00e7ox n\u0259\u015friyyatlar var, bildiyim q\u0259d\u0259ri il\u0259 ona yax\u0131n n\u0259\u015friyyat Dostoyevskini t\u0259rc\u00fcm\u0259 edib. Ona g\u00f6r\u0259 d\u0259 y\u0259qin, sizin \u0259liniz\u0259 d\u00fc\u015f\u0259n Dostoyevski yax\u015f\u0131 t\u0259rc\u00fcm\u0259 edilm\u0259yib, amma, keyfiyy\u0259tlisi \u00e7oxdur\u201d. N\u0259 dey\u0259 bil\u0259r\u0259m ki?!\n<\/p>\n<p>\n  (Ard\u0131 var&#8230;)\n<\/p>\n<p>\n  <b><br \/>\n    Yaz\u0131 m\u00fc\u0259llifin \u015f\u0259xsi m\u00f6vqeyini \u0259ks etdirir.<br \/>\n  <\/b>\n<\/p><\/p>\n","protected":false},"excerpt":{"rendered":"<p>Turizm \u00f6lk\u0259sin\u0259 qeyri-turist s\u0259f\u0259r&#8230;<\/p>\n","protected":false},"author":11,"featured_media":29131,"comment_status":"closed","ping_status":"open","sticky":false,"template":"","format":"standard","meta":{"_acf_changed":false,"_sitemap_exclude":false,"_sitemap_priority":"","_sitemap_frequency":"","footnotes":""},"categories":[57],"tags":[],"class_list":["post-168894","post","type-post","status-publish","format-standard","has-post-thumbnail","hentry","category-menim-fikrimce","infinite-scroll-item","generate-columns","tablet-grid-50","mobile-grid-100","grid-parent","grid-33","no-featured-image-padding"],"acf":[],"yoast_head":"<!-- This site is optimized with the Yoast SEO plugin v27.5 - https:\/\/yoast.com\/product\/yoast-seo-wordpress\/ -->\n<title>T\u00fcrkiy\u0259 mac\u0259ralar\u0131... - MEYDAN.TV<\/title>\n<meta name=\"robots\" content=\"index, follow, max-snippet:-1, max-image-preview:large, max-video-preview:-1\" \/>\n<link rel=\"canonical\" href=\"https:\/\/www.meydan.tv\/az\/article\/turkiye-maceralari\/\" \/>\n<meta property=\"og:locale\" content=\"az_AZ\" \/>\n<meta property=\"og:type\" content=\"article\" \/>\n<meta property=\"og:title\" content=\"T\u00fcrkiy\u0259 mac\u0259ralar\u0131... - MEYDAN.TV\" \/>\n<meta property=\"og:description\" content=\"Turizm \u00f6lk\u0259sin\u0259 qeyri-turist s\u0259f\u0259r...\" \/>\n<meta property=\"og:url\" content=\"https:\/\/www.meydan.tv\/az\/article\/turkiye-maceralari\/\" \/>\n<meta property=\"og:site_name\" content=\"MEYDAN.TV\" \/>\n<meta property=\"article:published_time\" content=\"2015-07-14T01:05:13+00:00\" \/>\n<meta property=\"og:image\" content=\"https:\/\/www.meydan.tv\/wp-content\/uploads\/10796.jpg\" \/>\n\t<meta property=\"og:image:width\" content=\"500\" \/>\n\t<meta property=\"og:image:height\" content=\"500\" \/>\n\t<meta property=\"og:image:type\" content=\"image\/jpeg\" \/>\n<meta name=\"author\" content=\"user-manager\" \/>\n<meta name=\"twitter:card\" content=\"summary_large_image\" \/>\n<script type=\"application\/ld+json\" class=\"yoast-schema-graph\">{\"@context\":\"https:\\\/\\\/schema.org\",\"@graph\":[{\"@type\":\"Article\",\"@id\":\"https:\\\/\\\/www.meydan.tv\\\/az\\\/article\\\/turkiye-maceralari\\\/#article\",\"isPartOf\":{\"@id\":\"https:\\\/\\\/www.meydan.tv\\\/az\\\/article\\\/turkiye-maceralari\\\/\"},\"author\":{\"name\":\"user-manager\",\"@id\":\"https:\\\/\\\/www.meydan.tv\\\/az\\\/#\\\/schema\\\/person\\\/10d11eccf6da3662cf5fdab9806ea91a\"},\"headline\":\"T\u00fcrkiy\u0259 mac\u0259ralar\u0131&#8230;\",\"datePublished\":\"2015-07-14T01:05:13+00:00\",\"mainEntityOfPage\":{\"@id\":\"https:\\\/\\\/www.meydan.tv\\\/az\\\/article\\\/turkiye-maceralari\\\/\"},\"wordCount\":1527,\"publisher\":{\"@id\":\"https:\\\/\\\/www.meydan.tv\\\/az\\\/#organization\"},\"image\":{\"@id\":\"https:\\\/\\\/www.meydan.tv\\\/az\\\/article\\\/turkiye-maceralari\\\/#primaryimage\"},\"thumbnailUrl\":\"https:\\\/\\\/www.meydan.tv\\\/wp-content\\\/uploads\\\/10796.jpg\",\"articleSection\":[\"M\u0259nim Fikrimc\u0259\"],\"inLanguage\":\"az\"},{\"@type\":\"WebPage\",\"@id\":\"https:\\\/\\\/www.meydan.tv\\\/az\\\/article\\\/turkiye-maceralari\\\/\",\"url\":\"https:\\\/\\\/www.meydan.tv\\\/az\\\/article\\\/turkiye-maceralari\\\/\",\"name\":\"T\u00fcrkiy\u0259 mac\u0259ralar\u0131... - MEYDAN.TV\",\"isPartOf\":{\"@id\":\"https:\\\/\\\/www.meydan.tv\\\/az\\\/#website\"},\"primaryImageOfPage\":{\"@id\":\"https:\\\/\\\/www.meydan.tv\\\/az\\\/article\\\/turkiye-maceralari\\\/#primaryimage\"},\"image\":{\"@id\":\"https:\\\/\\\/www.meydan.tv\\\/az\\\/article\\\/turkiye-maceralari\\\/#primaryimage\"},\"thumbnailUrl\":\"https:\\\/\\\/www.meydan.tv\\\/wp-content\\\/uploads\\\/10796.jpg\",\"datePublished\":\"2015-07-14T01:05:13+00:00\",\"breadcrumb\":{\"@id\":\"https:\\\/\\\/www.meydan.tv\\\/az\\\/article\\\/turkiye-maceralari\\\/#breadcrumb\"},\"inLanguage\":\"az\",\"potentialAction\":[{\"@type\":\"ReadAction\",\"target\":[\"https:\\\/\\\/www.meydan.tv\\\/az\\\/article\\\/turkiye-maceralari\\\/\"]}]},{\"@type\":\"ImageObject\",\"inLanguage\":\"az\",\"@id\":\"https:\\\/\\\/www.meydan.tv\\\/az\\\/article\\\/turkiye-maceralari\\\/#primaryimage\",\"url\":\"https:\\\/\\\/www.meydan.tv\\\/wp-content\\\/uploads\\\/10796.jpg\",\"contentUrl\":\"https:\\\/\\\/www.meydan.tv\\\/wp-content\\\/uploads\\\/10796.jpg\",\"width\":500,\"height\":500,\"caption\":\"Source:\"},{\"@type\":\"BreadcrumbList\",\"@id\":\"https:\\\/\\\/www.meydan.tv\\\/az\\\/article\\\/turkiye-maceralari\\\/#breadcrumb\",\"itemListElement\":[{\"@type\":\"ListItem\",\"position\":1,\"name\":\"Ana s\u0259hif\u0259\",\"item\":\"https:\\\/\\\/www.meydan.tv\\\/az\\\/\"},{\"@type\":\"ListItem\",\"position\":2,\"name\":\"M\u0259nim Fikrimc\u0259\",\"item\":\"https:\\\/\\\/www.meydan.tv\\\/az\\\/section\\\/menim-fikrimce\\\/\"},{\"@type\":\"ListItem\",\"position\":3,\"name\":\"T\u00fcrkiy\u0259 mac\u0259ralar\u0131&#8230;\"}]},{\"@type\":\"WebSite\",\"@id\":\"https:\\\/\\\/www.meydan.tv\\\/az\\\/#website\",\"url\":\"https:\\\/\\\/www.meydan.tv\\\/az\\\/\",\"name\":\"MEYDAN.TV\",\"description\":\"Meydan TV Az\u0259rbaycan\u0131n media m\u0259kan\u0131ndak\u0131 alternativ s\u0259sidir\",\"publisher\":{\"@id\":\"https:\\\/\\\/www.meydan.tv\\\/az\\\/#organization\"},\"potentialAction\":[{\"@type\":\"SearchAction\",\"target\":{\"@type\":\"EntryPoint\",\"urlTemplate\":\"https:\\\/\\\/www.meydan.tv\\\/az\\\/?s={search_term_string}\"},\"query-input\":{\"@type\":\"PropertyValueSpecification\",\"valueRequired\":true,\"valueName\":\"search_term_string\"}}],\"inLanguage\":\"az\"},{\"@type\":\"Organization\",\"@id\":\"https:\\\/\\\/www.meydan.tv\\\/az\\\/#organization\",\"name\":\"Meydan TV\",\"url\":\"https:\\\/\\\/www.meydan.tv\\\/az\\\/\",\"logo\":{\"@type\":\"ImageObject\",\"inLanguage\":\"az\",\"@id\":\"https:\\\/\\\/www.meydan.tv\\\/az\\\/#\\\/schema\\\/logo\\\/image\\\/\",\"url\":\"https:\\\/\\\/www.meydan.tv\\\/wp-content\\\/uploads\\\/2021\\\/07\\\/meydan-logo.svg\",\"contentUrl\":\"https:\\\/\\\/www.meydan.tv\\\/wp-content\\\/uploads\\\/2021\\\/07\\\/meydan-logo.svg\",\"width\":195,\"height\":46,\"caption\":\"Meydan TV\"},\"image\":{\"@id\":\"https:\\\/\\\/www.meydan.tv\\\/az\\\/#\\\/schema\\\/logo\\\/image\\\/\"}},{\"@type\":\"Person\",\"@id\":\"https:\\\/\\\/www.meydan.tv\\\/az\\\/#\\\/schema\\\/person\\\/10d11eccf6da3662cf5fdab9806ea91a\",\"name\":\"user-manager\"}]}<\/script>\n<!-- \/ Yoast SEO plugin. -->","yoast_head_json":{"title":"T\u00fcrkiy\u0259 mac\u0259ralar\u0131... - MEYDAN.TV","robots":{"index":"index","follow":"follow","max-snippet":"max-snippet:-1","max-image-preview":"max-image-preview:large","max-video-preview":"max-video-preview:-1"},"canonical":"https:\/\/www.meydan.tv\/az\/article\/turkiye-maceralari\/","og_locale":"az_AZ","og_type":"article","og_title":"T\u00fcrkiy\u0259 mac\u0259ralar\u0131... - MEYDAN.TV","og_description":"Turizm \u00f6lk\u0259sin\u0259 qeyri-turist s\u0259f\u0259r...","og_url":"https:\/\/www.meydan.tv\/az\/article\/turkiye-maceralari\/","og_site_name":"MEYDAN.TV","article_published_time":"2015-07-14T01:05:13+00:00","og_image":[{"width":500,"height":500,"url":"https:\/\/www.meydan.tv\/wp-content\/uploads\/10796.jpg","type":"image\/jpeg"}],"author":"user-manager","twitter_card":"summary_large_image","schema":{"@context":"https:\/\/schema.org","@graph":[{"@type":"Article","@id":"https:\/\/www.meydan.tv\/az\/article\/turkiye-maceralari\/#article","isPartOf":{"@id":"https:\/\/www.meydan.tv\/az\/article\/turkiye-maceralari\/"},"author":{"name":"user-manager","@id":"https:\/\/www.meydan.tv\/az\/#\/schema\/person\/10d11eccf6da3662cf5fdab9806ea91a"},"headline":"T\u00fcrkiy\u0259 mac\u0259ralar\u0131&#8230;","datePublished":"2015-07-14T01:05:13+00:00","mainEntityOfPage":{"@id":"https:\/\/www.meydan.tv\/az\/article\/turkiye-maceralari\/"},"wordCount":1527,"publisher":{"@id":"https:\/\/www.meydan.tv\/az\/#organization"},"image":{"@id":"https:\/\/www.meydan.tv\/az\/article\/turkiye-maceralari\/#primaryimage"},"thumbnailUrl":"https:\/\/www.meydan.tv\/wp-content\/uploads\/10796.jpg","articleSection":["M\u0259nim Fikrimc\u0259"],"inLanguage":"az"},{"@type":"WebPage","@id":"https:\/\/www.meydan.tv\/az\/article\/turkiye-maceralari\/","url":"https:\/\/www.meydan.tv\/az\/article\/turkiye-maceralari\/","name":"T\u00fcrkiy\u0259 mac\u0259ralar\u0131... - MEYDAN.TV","isPartOf":{"@id":"https:\/\/www.meydan.tv\/az\/#website"},"primaryImageOfPage":{"@id":"https:\/\/www.meydan.tv\/az\/article\/turkiye-maceralari\/#primaryimage"},"image":{"@id":"https:\/\/www.meydan.tv\/az\/article\/turkiye-maceralari\/#primaryimage"},"thumbnailUrl":"https:\/\/www.meydan.tv\/wp-content\/uploads\/10796.jpg","datePublished":"2015-07-14T01:05:13+00:00","breadcrumb":{"@id":"https:\/\/www.meydan.tv\/az\/article\/turkiye-maceralari\/#breadcrumb"},"inLanguage":"az","potentialAction":[{"@type":"ReadAction","target":["https:\/\/www.meydan.tv\/az\/article\/turkiye-maceralari\/"]}]},{"@type":"ImageObject","inLanguage":"az","@id":"https:\/\/www.meydan.tv\/az\/article\/turkiye-maceralari\/#primaryimage","url":"https:\/\/www.meydan.tv\/wp-content\/uploads\/10796.jpg","contentUrl":"https:\/\/www.meydan.tv\/wp-content\/uploads\/10796.jpg","width":500,"height":500,"caption":"Source:"},{"@type":"BreadcrumbList","@id":"https:\/\/www.meydan.tv\/az\/article\/turkiye-maceralari\/#breadcrumb","itemListElement":[{"@type":"ListItem","position":1,"name":"Ana s\u0259hif\u0259","item":"https:\/\/www.meydan.tv\/az\/"},{"@type":"ListItem","position":2,"name":"M\u0259nim Fikrimc\u0259","item":"https:\/\/www.meydan.tv\/az\/section\/menim-fikrimce\/"},{"@type":"ListItem","position":3,"name":"T\u00fcrkiy\u0259 mac\u0259ralar\u0131&#8230;"}]},{"@type":"WebSite","@id":"https:\/\/www.meydan.tv\/az\/#website","url":"https:\/\/www.meydan.tv\/az\/","name":"MEYDAN.TV","description":"Meydan TV Az\u0259rbaycan\u0131n media m\u0259kan\u0131ndak\u0131 alternativ s\u0259sidir","publisher":{"@id":"https:\/\/www.meydan.tv\/az\/#organization"},"potentialAction":[{"@type":"SearchAction","target":{"@type":"EntryPoint","urlTemplate":"https:\/\/www.meydan.tv\/az\/?s={search_term_string}"},"query-input":{"@type":"PropertyValueSpecification","valueRequired":true,"valueName":"search_term_string"}}],"inLanguage":"az"},{"@type":"Organization","@id":"https:\/\/www.meydan.tv\/az\/#organization","name":"Meydan TV","url":"https:\/\/www.meydan.tv\/az\/","logo":{"@type":"ImageObject","inLanguage":"az","@id":"https:\/\/www.meydan.tv\/az\/#\/schema\/logo\/image\/","url":"https:\/\/www.meydan.tv\/wp-content\/uploads\/2021\/07\/meydan-logo.svg","contentUrl":"https:\/\/www.meydan.tv\/wp-content\/uploads\/2021\/07\/meydan-logo.svg","width":195,"height":46,"caption":"Meydan TV"},"image":{"@id":"https:\/\/www.meydan.tv\/az\/#\/schema\/logo\/image\/"}},{"@type":"Person","@id":"https:\/\/www.meydan.tv\/az\/#\/schema\/person\/10d11eccf6da3662cf5fdab9806ea91a","name":"user-manager"}]}},"_links":{"self":[{"href":"https:\/\/www.meydan.tv\/az\/wp-json\/wp\/v2\/posts\/168894","targetHints":{"allow":["GET"]}}],"collection":[{"href":"https:\/\/www.meydan.tv\/az\/wp-json\/wp\/v2\/posts"}],"about":[{"href":"https:\/\/www.meydan.tv\/az\/wp-json\/wp\/v2\/types\/post"}],"author":[{"embeddable":true,"href":"https:\/\/www.meydan.tv\/az\/wp-json\/wp\/v2\/users\/11"}],"replies":[{"embeddable":true,"href":"https:\/\/www.meydan.tv\/az\/wp-json\/wp\/v2\/comments?post=168894"}],"version-history":[{"count":0,"href":"https:\/\/www.meydan.tv\/az\/wp-json\/wp\/v2\/posts\/168894\/revisions"}],"wp:featuredmedia":[{"embeddable":true,"href":"https:\/\/www.meydan.tv\/az\/wp-json\/wp\/v2\/media\/29131"}],"wp:attachment":[{"href":"https:\/\/www.meydan.tv\/az\/wp-json\/wp\/v2\/media?parent=168894"}],"wp:term":[{"taxonomy":"category","embeddable":true,"href":"https:\/\/www.meydan.tv\/az\/wp-json\/wp\/v2\/categories?post=168894"},{"taxonomy":"post_tag","embeddable":true,"href":"https:\/\/www.meydan.tv\/az\/wp-json\/wp\/v2\/tags?post=168894"}],"curies":[{"name":"wp","href":"https:\/\/api.w.org\/{rel}","templated":true}]}}