{"id":168876,"date":"2015-07-12T02:16:11","date_gmt":"2015-07-12T02:16:11","guid":{"rendered":"https:\/\/www.meydan.tv\/article\/cemil-hesenli-de-rauf-arifoglu-da-haqsizdir\/"},"modified":"2015-07-12T02:16:11","modified_gmt":"2015-07-12T02:16:11","slug":"cemil-hesenli-de-rauf-arifoglu-da-haqsizdir","status":"publish","type":"post","link":"https:\/\/www.meydan.tv\/az\/article\/cemil-hesenli-de-rauf-arifoglu-da-haqsizdir\/","title":{"rendered":"C\u0259mil H\u0259s\u0259nli d\u0259, Rauf Arifo\u011flu da haqs\u0131zd\u0131r&#8230;"},"content":{"rendered":"<figure class=\"wp-block-image size-large\">\n  <img decoding=\"async\" src=\"https:\/\/www.meydan.tv\/az\/29070\/\" alt=\"\" class=\"wp-image-29070\"\/><figcaption><\/figcaption><\/figure>\n<figure class=\"wp-block-image size-large\">\n  <img decoding=\"async\" src=\"https:\/\/www.meydan.tv\/az\/29073\/\" alt=\"\" class=\"wp-image-29073\"\/><figcaption><\/figcaption><\/figure>\n<p>\n  \u018fziz dostlar, xan\u0131mlar v\u0259 b\u0259yl\u0259r, bilm\u0259yinizi ist\u0259yir\u0259m ki, m\u00fcmk\u00fcn q\u0259d\u0259r \u00e7al\u0131\u015fd\u0131m ki, AXCP (Azadl\u0131q) &#8211; &#8220;Yeni M\u00fcsavat&#8221; &#8220;m\u00fcharib\u0259sin\u0259&#8221; m\u00fcnasib\u0259t bildirm\u0259yim, imkan daxilind\u0259 m\u00fcnasib\u0259t bildir\u0259nl\u0259ri d\u0259 \u00e7al\u0131\u015fd\u0131m, bu i\u015fd\u0259n \u00e7\u0259kindirim. B\u0259zi h\u00f6k\u00fcm\u0259ty\u00f6n\u00fcml\u00fc v\u0259 m\u0259n\u015f\u0259yi m\u0259lum olmayan saytlar z\u0259ng vurub, soru\u015fsalar da, bu m\u00f6vzuda he\u00e7 kimin suallar\u0131na cavab verm\u0259dim.<br \/>\n  <br \/>\n  Ona g\u00f6r\u0259 ki, bu &#8220;m\u00fcharib\u0259&#8221; xalq\u0131n v\u0259 \u00fcmumi prosesin z\u0259r\u0259rin\u0259dir, ona g\u00f6r\u0259 ki, bu m\u00fcxalif\u0259tin maraqlar\u0131na zidd m\u0259s\u0259l\u0259dir, daha do\u011frusu, \u015f\u0259xsi maraqlardan v\u0259 naraz\u0131l\u0131qlardan b\u0259hr\u0259l\u0259n\u0259n m\u0259s\u0259l\u0259dir. Yekunda is\u0259 bu s\u00f6y\u00fc\u015fm\u0259 hakimiyy\u0259tin maraqlar\u0131na uy\u011fundur, bu &#8220;siyas\u0259t&#8221; yaln\u0131z hakimiyy\u0259t\u0259 faydal\u0131d\u0131r.<br \/>\n  <br \/>\n  A\u00e7\u0131\u011f\u0131, biri-birini s\u00f6y\u0259n iki v\u0259 daha art\u0131q \u015f\u0259xsin fikir v\u0259 d\u00fcs\u00fcnc\u0259l\u0259rin\u0259 m\u00fcnasib\u0259t bildirm\u0259yi, bel\u0259 v\u0259ziyy\u0259td\u0259 t\u0259r\u0259f olma\u011f\u0131 da \u00f6z\u00fcm\u0259 yara\u015fd\u0131rm\u0131ram! Siyas\u0259td\u0259 \u00f6yr\u0259ndiyim, q\u0259bul etdiyim, inand\u0131\u011f\u0131m \u0259sas prinsipl\u0259rd\u0259n biri d\u0259 odur ki, he\u00e7 kimi s\u00f6ym\u0259k, he\u00e7 kimin ail\u0259sini siyas\u0259t\u0259 qatmaq, he\u00e7 kimin \u015f\u0259xsi i\u015fl\u0259rini t\u0259fti\u015f etm\u0259k yolverilm\u0259zdir. Olmaz. Bel\u0259 olarsa, u\u011fur \u0259ld\u0259 etm\u0259k m\u00fcmk\u00fcn deyil.<br \/>\n  <br \/>\n  Hakimiyy\u0259td\u0259 t\u0259msil olunanlar\u0131n t\u0259hqir olunmas\u0131 il\u0259 m\u00fcxalif\u0259td\u0259 t\u0259msil olunanlar\u0131n t\u0259hqir olunmas\u0131na m\u00fcnasib\u0259tim f\u0259rqli deyil. T\u0259hqir he\u00e7 kim\u0259 u\u011fur v\u0259dd etmir, t\u0259hqir yaln\u0131z nifr\u0259t yarad\u0131r v\u0259 yay\u0131r. H\u0259tta, qar\u015f\u0131 t\u0259r\u0259f, hakimiyy\u0259td\u0259kil\u0259r bizi t\u0259hqir ets\u0259 bel\u0259, biz t\u0259hqir etm\u0259m\u0259liyik. \u018fn az\u0131 ona g\u00f6r\u0259 ki, siyas\u0259tl\u0259 m\u0259\u015f\u011ful olub, xalqa fayda verm\u0259k ist\u0259yiriks\u0259, bunu t\u0259hqir v\u0259 s\u00f6y\u00fc\u015f\u00fcn m\u00fc\u015fay\u0259ti il\u0259 ed\u0259 bilm\u0259y\u0259c\u0259yik.<br \/>\n  <br \/>\n  \u00d6z\u00fcm\u00fcz\u00fc hakimiyy\u0259t\u0259 alternativ g\u00f6r\u00fcr\u00fcks\u0259, bu s\u00f6y\u00fc\u015fl\u0259r\u0259, \u00fcmumiyy\u0259tl\u0259, cavab verm\u0259m\u0259liyik. F\u0259rqli oldu\u011fumuzu, h\u0259qiqi alternativ oldu\u011fumuzu h\u0259r k\u0259s bilm\u0259lidir, davaml\u0131 bel\u0259 davranmal\u0131y\u0131q ki, xalq bunu ayd\u0131n s\u0259kild\u0259 g\u00f6rs\u00fcn. Davran\u0131\u015flar\u0131m\u0131zla, ir\u0259li s\u00fcrd\u00fcy\u00fcm\u00fcz t\u0259klifl\u0259rl\u0259, q\u0259bul etdiyimiz q\u0259rarlarla, g\u00f6r\u00fcl\u0259n \u0131\u015fl\u0259r\u0259 f\u0259rqli m\u00fcnasib\u0259timizl\u0259, h\u0259m d\u0259 alternativ \u0259xlaq\u0131m\u0131zla c\u0259miyy\u0259t\u0259 h\u0259qiqi alternativ oldu\u011fumuzu g\u00f6st\u0259rm\u0259liyik.<br \/>\n  <br \/>\n  \u018fg\u0259r\u00a0 bu d\u00f6vl\u0259tin g\u0259l\u0259c\u0259yini d\u00fc\u015f\u00fcn\u00fcr\u00fcks\u0259, insanlar\u0131m\u0131z\u0131n insan kimi ya\u015famas\u0131ni ist\u0259yiriks\u0259, bunun \u00fc\u00e7\u00fcn normal siyasi m\u00fcnasib\u0259tl\u0259r bel\u0259 olmal\u0131dr, yoxdursa, \u00e7al\u0131\u015f\u0131b, bunu m\u0259cras\u0131na qaytarmal\u0131y\u0131q. Biz normal siyasi m\u00fcnasib\u0259tl\u0259r sistemind\u0259n k\u0259narda xalqa faydal\u0131 ola bilm\u0259rik.<br \/>\n  <br \/>\n  Yuxar\u0131da dediyimiz kimi, kimliyind\u0259n as\u0131l\u0131 olmayaraq biri-birini s\u00f6y\u0259n he\u00e7 bir t\u0259r\u0259f haql\u0131 ola bilm\u0259z. \u0130ndiki halda bu kimi davran\u0131\u015flar hakimiyy\u0259tin maraqlar\u0131na xidm\u0259t edir (Bax\u0131n, g\u00f6r\u00fcn, bunlar n\u0259 g\u00fcnd\u0259dir, biri-birl\u0259rini indid\u0259n q\u0131r\u0131rlar, biri-birini s\u00f6y\u00fcr, hakimiyy\u0259t\u0259 g\u0259ls\u0259l\u0259r, n\u0259 ed\u0259c\u0259kl\u0259r)<br \/>\n  <br \/>\n  Haqq\u0131nda narahatl\u0131q bildirdiyimiz m\u00f6vzuda &#8220;Azadl\u0131q&#8221; v\u0259 &#8220;Yeni M\u00fcsavat&#8221; eyni d\u0259r\u0259c\u0259d\u0259 g\u00fcnahkard\u0131r. Bu siyas\u0259ti d\u0259st\u0259kl\u0259y\u0259n h\u0259r k\u0259s hakimiyy\u0259tin maraqlar\u0131na xidm\u0259t etmi\u015f olur. &#8220;M\u00fcsavat&#8221; \u0259lehin\u0259 &#8220;S\u0259s&#8221; q\u0259zetind\u0259 yaz\u0131lanlar\u0131, &#8220;Lider&#8221;tv-d\u0259 s\u0259sl\u0259n\u0259n m\u0259tnl\u0259ri oldu\u011fu kimi d\u0259rc ed\u0259n &#8220;Azadl\u0131q&#8221; q\u0259zeti d\u0259, AXCP haqq\u0131nda buna ox\u015far f\u0259aliyy\u0259ti h\u0259yata ke\u00e7ir\u0259n &#8220;Yeni M\u00fcsavat&#8221;da.<\/p>\n<p>  Rauf Arifo\u011flunu t\u0259hqir ed\u0259n C\u0259mil H\u0259s\u0259nli d\u0259 bu i\u015fd\u0259 hakimiyy\u0259tin ist\u0259diyi durumun yaranmas\u0131na xidm\u0259t etmi\u015f oldu, C\u0259mil H\u0259s\u0259nlini t\u0259hqir ed\u0259n Rauf Arifo\u011flu da. (T\u0259hqirl\u0259rl\u0259 dolu yaz\u0131lar, m\u00fcsahib\u0259l\u0259r). Siyas\u0259td\u0259 s\u0259rt ritorikan\u0131n olmas\u0131 normald\u0131r, t\u0259biidir. Sad\u0259c\u0259, bu s\u0259rt ritorika hakimiyy\u0259tl\u0259 m\u00fcxalif\u0259t aras\u0131nda getm\u0259lidir, m\u00fcxalif\u0259t daxilind\u0259 yox. M\u00fcxalif\u0259t daxilind\u0259 d\u0259 r\u0259qab\u0259t normald\u0131r, daha siyasi t\u0259\u015fkilatla m\u0259tbuat orqan\u0131 aras\u0131nda ged\u0259n s\u00f6y\u00fc\u015fm\u0259 formas\u0131nda yox\u2026<\/p>\n<p>  Hakimiyy\u0259t,\u00a0 t\u0259bii, maraql\u0131d\u0131r ki, m\u00fcnasib\u0259tl\u0259ri siyasi sistem, siyasi yar\u0131\u015f \u00e7\u0259r\u00e7iv\u0259sind\u0259n k\u0259nara \u00e7\u0131xars\u0131n. Ax\u0131 bel\u0259 olduqda, o daha g\u00fccl\u00fc g\u00f6rs\u0259nir. Sad\u0259 m\u0259ntiql\u0259 biz bunun \u0259ksini etm\u0259li deyilikmi?<br \/>\n  <br \/>\n  Biz\u00a0 d\u0259qiql\u0259\u015fdirm\u0259liyik, hans\u0131 davran\u0131\u015f t\u0259rzi xalqa, biz\u0259 s\u0259rf edir?<br \/>\n  <br \/>\n  Biz hakimiy\u0259tl\u0259 m\u00fcnasib\u0259tl\u0259rin normal, svil siyasi sistemin daxilind\u0259 ba\u015f verm\u0259sin\u0259 \u00e7al\u0131\u015fmal\u0131 oldu\u011fumuz halda, m\u00fcxalif\u0259tdaxili m\u00fcnasib\u0259tl\u0259rin hakimiyy\u0259tin ist\u0259diyi s\u0259mt\u0259 getm\u0259sind\u0259 niy\u0259 i\u015ftirak\u00e7\u0131 olmal\u0131y\u0131q?<\/p>\n<p>  Bundan, c\u0131z\u0131lm\u0131\u015f dair\u0259d\u0259n k\u0259nara \u00e7\u0131xmaq laz\u0131md\u0131r, bu siyas\u0259tin yed\u0259yind\u0259 getm\u0259k normal d\u00fc\u015f\u00fcnc\u0259nin m\u0259hsulu deyil. Bu\u00a0 m\u0259nada m\u00fcdafi\u0259 olunas\u0131 t\u0259r\u0259f yoxdur. Bu i\u015fd\u0259 &#8220;Azadl\u0131q&#8221; q\u0259zeti il\u0259 &#8220;Yeni M\u00fcsavat&#8221;in g\u00fcnah\u0131 dem\u0259k olar ki, eynidir. Ortada eyni n\u0259tic\u0259y\u0259 g\u0259tir\u0259n f\u0259rqli davran\u0131\u015flar var. Bir vacib f\u0259rq var, c\u0259bh\u0259\u00e7il\u0259r , &#8220;Azadl\u0131q&#8221; q\u0259zeti &#8220;Yeni M\u00fcsavat&#8221;\u0131 s\u00f6yd\u00fcy\u00fc \u00fc\u00e7\u00fcn&#8221;Yeni M\u00fcsavat&#8221; onlara qar\u015f\u0131 el\u0259 davran\u0131r, \u0259ks t\u0259bli\u011fat apar\u0131r.<\/p>\n<p>  M\u00fcsavat Partiyas\u0131 is\u0259 azad m\u0259tbuat\u0131 d\u0259st\u0259kl\u0259diyi halda, &#8220;Azadl\u0131q&#8221; q\u0259zetinin d\u0259, &#8220;Yeni M\u00fcsavat&#8221;\u0131n da, Meydan tv-nin v\u0259 ba\u015fqa azad m\u0259tbuat n\u00fcmun\u0259l\u0259rinin u\u011furunu u\u011fur, u\u011frsuzlu\u011funu u\u011fursuzluqu hesab etdiyi halda, &#8220;Azadl\u0131q&#8221; q\u0259zeti M\u00fcsavat Partiyas\u0131na qar\u015f\u0131 davaml\u0131 olaraq \u0259ks t\u0259bli\u011fatla m\u0259\u015f\u011ful olub. F\u0259rq budur. \u00d6zl\u0259ri d\u0259 etiraf edirl\u0259r bunu.<\/p>\n<p>  Qay\u0131daq haqq\u0131nda dan\u0131\u015f\u0131\u011f\u0131m\u0131z &#8220;m\u00fcharib\u0259y\u0259&#8221;. \u00d6lk\u0259nin \u0259n tirajl\u0131 iki q\u0259zeti vuru\u015fur, fakt odur ki, AXCP bu i\u015fd\u0259 bir q\u0259zetin siyas\u0259tini m\u00fc\u0259yy\u0259nl\u0259sdirir. Q\u0259rib\u0259 olan odur ki, \u00e7al\u0131\u015f\u0131rlar ki, M\u00fcsavat Partiyas\u0131 da bu z\u00fclm\u0259t\u0259 daxil olsun, &#8220;m\u00fcharib\u0259y\u0259&#8221; qo\u015fulsun. Bu siyas\u0259ti m\u00fc\u0259yy\u0259nl\u0259sdir\u0259n(l\u0259r)\u0259 sual \u00fcnvanlay\u0131ram, bunun c\u0259miyy\u0259t\u0259, d\u00f6vl\u0259t\u0259 faydas\u0131 n\u0259dir?<br \/>\n  <br \/>\n  Bu yaz\u0131n\u0131n yaz\u0131lmas\u0131na \u0259sas s\u0259sb\u0259bl\u0259rd\u0259n biri &#8220;Azadliq&#8221;da ged\u0259n &#8220;Rauf Arifo\u011flu yen\u0259 \u00f6z\u00fcn\u00fc if\u015fa etdi&#8221; ba\u015fl\u0131ql\u0131 yaz\u0131dak\u0131 ziddiyy\u0259tli fikirl\u0259rdir ki, konkret olaraq diqq\u0259tinizi h\u0259min ziddiyy\u0259tli fikirl\u0259r\u0259 \u00e7\u0259km\u0259k ist\u0259yir\u0259m.<br \/>\n  <br \/>\n  M\u00fc\u0259llif anonim oldu\u011fu \u00fc\u00e7\u00fcn, konkret ad \u00e7\u0259k\u0259 bilm\u0259y\u0259c\u0259m, b\u00f6y\u00fck ehtimalla h\u0259min siyas\u0259ti m\u00fc\u0259yy\u0259nl\u0259sdir\u0259n s\u0259xsin m\u00f6vqeyidir.<br \/>\n  <br \/>\n  H\u0259min yaz\u0131da &#8220;Yeni M\u00fcsavat&#8221;\u0131n AXCP il\u0259 m\u00fcnasib\u0259td\u0259 ittiham olundu\u011fu davran\u0131\u015flar\u0131 kobud \u015f\u0259kild\u0259 \u00f6zl\u0259ri M\u00fcsavat\u00a0 Partiyas\u0131na qar\u015f\u0131 edirl\u0259r. Eyni yaz\u0131da.<\/p>\n<p>  &#8220;Azadl\u0131q&#8221; q\u0259zetind\u0259 &#8220;M\u00fcsavat&#8221; llehin\u0259 son ill\u0259rd\u0259 bir m\u00fcsb\u0259t x\u0259b\u0259r olmad\u0131\u011f\u0131 halda, y\u00fczl\u0259rl\u0259 \u0259kst\u0259bli\u011fat xarakterli yaz\u0131ya rast g\u0259l\u0259 bil\u0259rsiz.<br \/>\n  <br \/>\n  Baxaq. El\u0259 h\u0259min yaz\u0131da qeyd olunanlar\u0131 oxuyaq: &#8220;\u201cYeni M\u00fcsavat\u201ddan f\u0259rqli olaraq, bizim h\u00f6kum\u0259t qar\u015f\u0131s\u0131nda \u00f6hd\u0259liyimiz yoxdur. \u00dcst\u0259lik, M\u00fcsavat Partiyas\u0131n\u0131n bu v\u0259ziyy\u0259t\u0259 d\u00fc\u015fm\u0259si&#8230;&#8230;.&#8221; hans\u0131 v\u0259ziyy\u0259t\u0259 d\u00fc\u015f\u00fcb M\u00fcsavat Partiyas\u0131, ay h\u00f6rm\u0259tli &#8220;Azadl\u0131q&#8221;:!? Bu ritorika il\u0259 kiml\u0259r dan\u0131\u015f\u0131r bilirsizmi?\u201d\n<\/p>\n<p>\n  M\u00fcsavat Partiyas\u0131 \u00f6lk\u0259d\u0259 \u0259n prinsipial m\u00fcbariz\u0259 aparan, \u00fczvl\u0259ri rejimin m\u0259hb\u0259sind\u0259 olan \u0259sas siyasi partiyad\u0131r. Bel\u0259 bir partiyaya qar\u015f\u0131 \u0259ks-t\u0259bli\u011fat apar\u0131b da, \u00f6lk\u0259d\u0259 yegan\u0259 demokratik, azad m\u0259tbuat iddias\u0131nda olmaq do\u011frudurmu?\n<\/p>\n<p>\n  Daha sonra yaz\u0131da qeyd olunur: &#8221; Rauf Arifo\u011flu sad\u0259c\u0259 olaraq h\u00f6kum\u0259tin qar\u015f\u0131s\u0131na hesabatl\u0131 \u00e7\u0131xmaq \u00fc\u00e7\u00fcn \u201cAXCP da\u011f\u0131ld\u0131\u201d kitab\u0131n\u0131 t\u0259qdim etm\u0259lidir&#8230;&#8221; El\u0259 h\u0259min yaz\u0131da m\u00fc\u0259llif yaz\u0131r: &#8220;M\u00fcsavat boyda partiyan\u0131 par\u00e7alad\u0131qdan sonra&#8230;.&#8221; bu fikirl\u0259ri yaln\u0131z hakimiyy\u0259t v\u0259 \u0259lalt\u0131lar\u0131 deyir. Bel\u0259 \u015fey olmad\u0131\u011f\u0131 halda, siz bu yalan\u0131 kim\u0259 t\u0259qdim edirsiz?<br \/>\n  <br \/>\n  Siyavu\u015f Novruzov v\u0259 partiyadan ayr\u0131lanlardan ba\u015fqa he\u00e7 kim bel\u0259 fikirl\u0259r s\u0259sl\u0259ndirmir, bel\u0259 d\u00fc\u015f\u00fcnm\u00fcr. Siz niy\u0259 Siyavus Novruzovun v\u0259 \u015f\u00fcbh\u0259li f\u0259aliyy\u0259t g\u00f6st\u0259r\u0259nl\u0259rin dedikl\u0259rini &#8220;Azadl\u0131q&#8221; q\u0259zeti olaraq m\u00fctl\u0259q h\u0259qiqt kimi xalqa s\u0131r\u0131ma\u011fa \u00e7al\u0131s\u0131rs\u0131z, n\u0259dir mara\u011f\u0131n\u0131z? \u0130ttihamlar\u0131n\u0131z n\u0259dir, etdiyiniz b\u00f6htan v\u0259 \u0259ks t\u0259bligat n\u0259dir?<\/p>\n<p>  Daha bir maraql\u0131 m\u0259qam\u0131 oxucular\u0131n diqq\u0259tin\u0259 \u00e7atd\u0131rmaq ist\u0259yir\u0259m- el\u0259 h\u0259min yaz\u0131dan: &#8220;m\u00fc\u0259llif&#8221; yaz\u0131r: &#8220;H\u0259tta M\u00fcsavat\u0131n Avropa Oyunlar\u0131 il\u0259 ba\u011fl\u0131 b\u0259yanat\u0131n\u0131 da \u201cYeni M\u00fcsavat\u201d tirajlamaqdan imtina v\u0259 partiyan\u0131 t\u0259nbeh d\u0259 etdi&#8221;.<\/p>\n<p>  \u018fziz dostlar, \u0259n maraql\u0131 olan, bilirsiz, n\u0259dir? &#8220;Azadl\u0131q&#8221; q\u0259zeti M\u00fcsavat Partiyas\u0131n\u0131n m\u0259lum b\u0259yanat\u0131ni Rauf Arifo\u011flunun h\u0259min b\u0259yanata qar\u015f\u0131 olan m\u00f6vqeyi il\u0259 birlikd\u0259 \u00e7ap etmi\u015fdi.<\/p>\n<p>  B\u0259li, haql\u0131s\u0131z &#8220;Yeni M\u00fcsavat&#8221; q\u0259zetind\u0259 M\u00fcsavat Partiyas\u0131 \u0259lehin\u0259 yaz\u0131lar getdi, do\u011fru olmayan, h\u0259qiq\u0259ti \u0259ks etdirm\u0259y\u0259n, &#8220;M\u00fcsavat&#8221;\u0131n maraqlar\u0131na AXCP haqq\u0131nda olandan daha \u00e7ox. Amma, biz q\u0259zetl\u0259 m\u00fcharib\u0259 etm\u0259dik, q\u0259zet\u00e7il\u0259ri s\u00f6ym\u0259dik. D\u0259f\u0259l\u0259rl\u0259 dediyimiz kimi &#8220;Yeni M\u00fcsavat&#8221; q\u0259zetinin siyas\u0259tinin M\u00fcsavat Partiyas\u0131 il\u0259 he\u00e7 bir ba\u011fl\u0131l\u0131\u011f\u0131 yoxdur, ola da bilm\u0259z.<br \/>\n  <br \/>\n  Q\u0259zetin siyasi x\u0259ttini Rauf Arifo\u011flu v\u0259 q\u0259zetin kollektivi m\u00fc\u0259yy\u0259nl\u0259\u015fdirir.\u00a0 &#8220;Azadl\u0131q&#8221; q\u0259zeti d\u0259 h\u0259min yaz\u0131lar\u0131 tirajlad\u0131 (\u00f6zl\u0259ri dediyi kimi q\u0259bul ets\u0259k) &#8220;Azadl\u0131q&#8221;la da m\u00fcharib\u0259 etm\u0259dik, q\u0259zet\u00e7il\u0259ri s\u00f6ym\u0259dik.<br \/>\n  <br \/>\n  Bu yaz\u0131n\u0131 is\u0259 yazmaqda m\u0259qs\u0259dim kimin haql\u0131, kimin haqs\u0131z olmas\u0131n\u0131 g\u00f6st\u0259rm\u0259k deyil, h\u0259r iki t\u0259r\u0259f haqs\u0131zd\u0131r. M\u0259qs\u0259dim oxucunun h\u0259qiq\u0259tl\u0259ri m\u00fcqayis\u0259 etm\u0259k imkan\u0131 yaratmaqd\u0131r. Bu m\u00f6vzunun uzanmamas\u0131 \u00fc\u00e7\u00fcn \u0259lav\u0259 x\u0131rdal\u0131qlara getm\u0259k ist\u0259mir\u0259m.<\/p>\n<p>  Davaml\u0131 olaraq M\u00fcsavat Partiyas\u0131 \u0259lehin\u0259 onlarla yaz\u0131\u00a0 ged\u0259nd\u0259 bir cavab verm\u0259k haqq\u0131m\u0131z\u0131n oldu\u011funu, s\u00f6y\u00fc\u015fs\u00fcz v\u0259 t\u0259mkinl\u0259 h\u0259qiq\u0259tl\u0259ri dil\u0259 g\u0259tirm\u0259k haqq\u0131m\u0131z\u0131n oldu\u011funa h\u00f6m\u0259tl\u0259 yana\u015facaq\u0131n\u0131za \u00fcmid edir\u0259m.<br \/>\n  <br \/>\n  Bir daha yuxar\u0131da dediyim fikirl\u0259ri t\u0259krarlay\u0131ram, AXCP- Azadl\u0131q-Yeni M\u00fcsavat &#8220;at\u0131\u015fmas\u0131&#8221; xalqa he\u00e7 bir fayda vermir.<br \/>\n  <br \/>\n  M\u00fcmk\u00fcns\u0259, bu m\u00fcharib\u0259ni durdurun, yox, m\u00fcmk\u00fcn deyils\u0259, he\u00e7 olmasa &#8220;M\u00fcsavat&#8221;\u0131 bu &#8220;at\u0131\u015fmaya&#8221; qo\u015fma\u011fa \u00e7al\u0131\u015fmay\u0131n. M\u00fcsavat Partiyas\u0131n\u0131n m\u0259suliyy\u0259ti v\u0259 g\u00f6rm\u0259li i\u015fl\u0259ri \u00e7oxdur. Niy\u0259 bizi m\u0259cbur edirsiz ki, bu yalanlara cavab verm\u0259k zorunda qalaq?<\/p>\n<p>  N\u0259dir maraq\u0131n\u0131z?<\/p>\n<p>  Sizin i\u015finiz- g\u00fcc\u00fcn\u00fcz yoxdurmu?\n<\/p>\n<p>\n  <b><br \/>\n    Yaz\u0131 m\u00fc\u0259llifin \u015f\u0259xsi m\u00f6vqeyini \u0259ks etdirir.<br \/>\n  <\/b>\n<\/p>\n<p>\n  <b><br \/>\n    Meydan Tv yaz\u0131da s\u00f6z\u00fcke\u00e7\u0259n b\u00fct\u00fcn t\u0259r\u0259fl\u0259rin m\u00f6vqeyini i\u015f\u0131qland\u0131rma\u011fa haz\u0131rd\u0131r.<br \/>\n  <\/b><\/p>\n","protected":false},"excerpt":{"rendered":"<p>Bu t\u0259hqirl\u0259r ancaq hakimiyy\u0259tin xeyrin\u0259 i\u015fl\u0259yir<\/p>\n","protected":false},"author":11,"featured_media":29070,"comment_status":"closed","ping_status":"open","sticky":false,"template":"","format":"standard","meta":{"_acf_changed":false,"_sitemap_exclude":false,"_sitemap_priority":"","_sitemap_frequency":"","footnotes":""},"categories":[57],"tags":[],"class_list":["post-168876","post","type-post","status-publish","format-standard","has-post-thumbnail","hentry","category-menim-fikrimce","infinite-scroll-item","generate-columns","tablet-grid-50","mobile-grid-100","grid-parent","grid-33","no-featured-image-padding"],"acf":[],"yoast_head":"<!-- This site is optimized with the Yoast SEO plugin v27.5 - https:\/\/yoast.com\/product\/yoast-seo-wordpress\/ -->\n<title>C\u0259mil H\u0259s\u0259nli d\u0259, Rauf Arifo\u011flu da haqs\u0131zd\u0131r... - MEYDAN.TV<\/title>\n<meta name=\"robots\" content=\"index, follow, max-snippet:-1, max-image-preview:large, max-video-preview:-1\" \/>\n<link rel=\"canonical\" href=\"https:\/\/www.meydan.tv\/az\/article\/cemil-hesenli-de-rauf-arifoglu-da-haqsizdir\/\" \/>\n<meta property=\"og:locale\" content=\"az_AZ\" \/>\n<meta property=\"og:type\" content=\"article\" \/>\n<meta property=\"og:title\" content=\"C\u0259mil H\u0259s\u0259nli d\u0259, Rauf Arifo\u011flu da haqs\u0131zd\u0131r... - MEYDAN.TV\" \/>\n<meta property=\"og:description\" content=\"Bu t\u0259hqirl\u0259r ancaq hakimiyy\u0259tin xeyrin\u0259 i\u015fl\u0259yir\" \/>\n<meta property=\"og:url\" content=\"https:\/\/www.meydan.tv\/az\/article\/cemil-hesenli-de-rauf-arifoglu-da-haqsizdir\/\" \/>\n<meta property=\"og:site_name\" content=\"MEYDAN.TV\" \/>\n<meta property=\"article:published_time\" content=\"2015-07-12T02:16:11+00:00\" \/>\n<meta property=\"og:image\" content=\"https:\/\/www.meydan.tv\/wp-content\/uploads\/10763.jpg\" \/>\n\t<meta property=\"og:image:width\" content=\"500\" \/>\n\t<meta property=\"og:image:height\" content=\"500\" \/>\n\t<meta property=\"og:image:type\" content=\"image\/jpeg\" \/>\n<meta name=\"author\" content=\"user-manager\" \/>\n<meta name=\"twitter:card\" content=\"summary_large_image\" \/>\n<script type=\"application\/ld+json\" class=\"yoast-schema-graph\">{\"@context\":\"https:\\\/\\\/schema.org\",\"@graph\":[{\"@type\":\"Article\",\"@id\":\"https:\\\/\\\/www.meydan.tv\\\/az\\\/article\\\/cemil-hesenli-de-rauf-arifoglu-da-haqsizdir\\\/#article\",\"isPartOf\":{\"@id\":\"https:\\\/\\\/www.meydan.tv\\\/az\\\/article\\\/cemil-hesenli-de-rauf-arifoglu-da-haqsizdir\\\/\"},\"author\":{\"name\":\"user-manager\",\"@id\":\"https:\\\/\\\/www.meydan.tv\\\/az\\\/#\\\/schema\\\/person\\\/10d11eccf6da3662cf5fdab9806ea91a\"},\"headline\":\"C\u0259mil H\u0259s\u0259nli d\u0259, Rauf Arifo\u011flu da haqs\u0131zd\u0131r&#8230;\",\"datePublished\":\"2015-07-12T02:16:11+00:00\",\"mainEntityOfPage\":{\"@id\":\"https:\\\/\\\/www.meydan.tv\\\/az\\\/article\\\/cemil-hesenli-de-rauf-arifoglu-da-haqsizdir\\\/\"},\"wordCount\":1990,\"publisher\":{\"@id\":\"https:\\\/\\\/www.meydan.tv\\\/az\\\/#organization\"},\"image\":{\"@id\":\"https:\\\/\\\/www.meydan.tv\\\/az\\\/article\\\/cemil-hesenli-de-rauf-arifoglu-da-haqsizdir\\\/#primaryimage\"},\"thumbnailUrl\":\"https:\\\/\\\/www.meydan.tv\\\/wp-content\\\/uploads\\\/10763.jpg\",\"articleSection\":[\"M\u0259nim Fikrimc\u0259\"],\"inLanguage\":\"az\"},{\"@type\":\"WebPage\",\"@id\":\"https:\\\/\\\/www.meydan.tv\\\/az\\\/article\\\/cemil-hesenli-de-rauf-arifoglu-da-haqsizdir\\\/\",\"url\":\"https:\\\/\\\/www.meydan.tv\\\/az\\\/article\\\/cemil-hesenli-de-rauf-arifoglu-da-haqsizdir\\\/\",\"name\":\"C\u0259mil H\u0259s\u0259nli d\u0259, Rauf Arifo\u011flu da haqs\u0131zd\u0131r... - MEYDAN.TV\",\"isPartOf\":{\"@id\":\"https:\\\/\\\/www.meydan.tv\\\/az\\\/#website\"},\"primaryImageOfPage\":{\"@id\":\"https:\\\/\\\/www.meydan.tv\\\/az\\\/article\\\/cemil-hesenli-de-rauf-arifoglu-da-haqsizdir\\\/#primaryimage\"},\"image\":{\"@id\":\"https:\\\/\\\/www.meydan.tv\\\/az\\\/article\\\/cemil-hesenli-de-rauf-arifoglu-da-haqsizdir\\\/#primaryimage\"},\"thumbnailUrl\":\"https:\\\/\\\/www.meydan.tv\\\/wp-content\\\/uploads\\\/10763.jpg\",\"datePublished\":\"2015-07-12T02:16:11+00:00\",\"breadcrumb\":{\"@id\":\"https:\\\/\\\/www.meydan.tv\\\/az\\\/article\\\/cemil-hesenli-de-rauf-arifoglu-da-haqsizdir\\\/#breadcrumb\"},\"inLanguage\":\"az\",\"potentialAction\":[{\"@type\":\"ReadAction\",\"target\":[\"https:\\\/\\\/www.meydan.tv\\\/az\\\/article\\\/cemil-hesenli-de-rauf-arifoglu-da-haqsizdir\\\/\"]}]},{\"@type\":\"ImageObject\",\"inLanguage\":\"az\",\"@id\":\"https:\\\/\\\/www.meydan.tv\\\/az\\\/article\\\/cemil-hesenli-de-rauf-arifoglu-da-haqsizdir\\\/#primaryimage\",\"url\":\"https:\\\/\\\/www.meydan.tv\\\/wp-content\\\/uploads\\\/10763.jpg\",\"contentUrl\":\"https:\\\/\\\/www.meydan.tv\\\/wp-content\\\/uploads\\\/10763.jpg\",\"width\":500,\"height\":500,\"caption\":\"Source:\"},{\"@type\":\"BreadcrumbList\",\"@id\":\"https:\\\/\\\/www.meydan.tv\\\/az\\\/article\\\/cemil-hesenli-de-rauf-arifoglu-da-haqsizdir\\\/#breadcrumb\",\"itemListElement\":[{\"@type\":\"ListItem\",\"position\":1,\"name\":\"Ana s\u0259hif\u0259\",\"item\":\"https:\\\/\\\/www.meydan.tv\\\/az\\\/\"},{\"@type\":\"ListItem\",\"position\":2,\"name\":\"M\u0259nim Fikrimc\u0259\",\"item\":\"https:\\\/\\\/www.meydan.tv\\\/az\\\/section\\\/menim-fikrimce\\\/\"},{\"@type\":\"ListItem\",\"position\":3,\"name\":\"C\u0259mil H\u0259s\u0259nli d\u0259, Rauf Arifo\u011flu da haqs\u0131zd\u0131r&#8230;\"}]},{\"@type\":\"WebSite\",\"@id\":\"https:\\\/\\\/www.meydan.tv\\\/az\\\/#website\",\"url\":\"https:\\\/\\\/www.meydan.tv\\\/az\\\/\",\"name\":\"MEYDAN.TV\",\"description\":\"Meydan TV Az\u0259rbaycan\u0131n media m\u0259kan\u0131ndak\u0131 alternativ s\u0259sidir\",\"publisher\":{\"@id\":\"https:\\\/\\\/www.meydan.tv\\\/az\\\/#organization\"},\"potentialAction\":[{\"@type\":\"SearchAction\",\"target\":{\"@type\":\"EntryPoint\",\"urlTemplate\":\"https:\\\/\\\/www.meydan.tv\\\/az\\\/?s={search_term_string}\"},\"query-input\":{\"@type\":\"PropertyValueSpecification\",\"valueRequired\":true,\"valueName\":\"search_term_string\"}}],\"inLanguage\":\"az\"},{\"@type\":\"Organization\",\"@id\":\"https:\\\/\\\/www.meydan.tv\\\/az\\\/#organization\",\"name\":\"Meydan TV\",\"url\":\"https:\\\/\\\/www.meydan.tv\\\/az\\\/\",\"logo\":{\"@type\":\"ImageObject\",\"inLanguage\":\"az\",\"@id\":\"https:\\\/\\\/www.meydan.tv\\\/az\\\/#\\\/schema\\\/logo\\\/image\\\/\",\"url\":\"https:\\\/\\\/www.meydan.tv\\\/wp-content\\\/uploads\\\/2021\\\/07\\\/meydan-logo.svg\",\"contentUrl\":\"https:\\\/\\\/www.meydan.tv\\\/wp-content\\\/uploads\\\/2021\\\/07\\\/meydan-logo.svg\",\"width\":195,\"height\":46,\"caption\":\"Meydan TV\"},\"image\":{\"@id\":\"https:\\\/\\\/www.meydan.tv\\\/az\\\/#\\\/schema\\\/logo\\\/image\\\/\"}},{\"@type\":\"Person\",\"@id\":\"https:\\\/\\\/www.meydan.tv\\\/az\\\/#\\\/schema\\\/person\\\/10d11eccf6da3662cf5fdab9806ea91a\",\"name\":\"user-manager\"}]}<\/script>\n<!-- \/ Yoast SEO plugin. -->","yoast_head_json":{"title":"C\u0259mil H\u0259s\u0259nli d\u0259, Rauf Arifo\u011flu da haqs\u0131zd\u0131r... - MEYDAN.TV","robots":{"index":"index","follow":"follow","max-snippet":"max-snippet:-1","max-image-preview":"max-image-preview:large","max-video-preview":"max-video-preview:-1"},"canonical":"https:\/\/www.meydan.tv\/az\/article\/cemil-hesenli-de-rauf-arifoglu-da-haqsizdir\/","og_locale":"az_AZ","og_type":"article","og_title":"C\u0259mil H\u0259s\u0259nli d\u0259, Rauf Arifo\u011flu da haqs\u0131zd\u0131r... - MEYDAN.TV","og_description":"Bu t\u0259hqirl\u0259r ancaq hakimiyy\u0259tin xeyrin\u0259 i\u015fl\u0259yir","og_url":"https:\/\/www.meydan.tv\/az\/article\/cemil-hesenli-de-rauf-arifoglu-da-haqsizdir\/","og_site_name":"MEYDAN.TV","article_published_time":"2015-07-12T02:16:11+00:00","og_image":[{"width":500,"height":500,"url":"https:\/\/www.meydan.tv\/wp-content\/uploads\/10763.jpg","type":"image\/jpeg"}],"author":"user-manager","twitter_card":"summary_large_image","schema":{"@context":"https:\/\/schema.org","@graph":[{"@type":"Article","@id":"https:\/\/www.meydan.tv\/az\/article\/cemil-hesenli-de-rauf-arifoglu-da-haqsizdir\/#article","isPartOf":{"@id":"https:\/\/www.meydan.tv\/az\/article\/cemil-hesenli-de-rauf-arifoglu-da-haqsizdir\/"},"author":{"name":"user-manager","@id":"https:\/\/www.meydan.tv\/az\/#\/schema\/person\/10d11eccf6da3662cf5fdab9806ea91a"},"headline":"C\u0259mil H\u0259s\u0259nli d\u0259, Rauf Arifo\u011flu da haqs\u0131zd\u0131r&#8230;","datePublished":"2015-07-12T02:16:11+00:00","mainEntityOfPage":{"@id":"https:\/\/www.meydan.tv\/az\/article\/cemil-hesenli-de-rauf-arifoglu-da-haqsizdir\/"},"wordCount":1990,"publisher":{"@id":"https:\/\/www.meydan.tv\/az\/#organization"},"image":{"@id":"https:\/\/www.meydan.tv\/az\/article\/cemil-hesenli-de-rauf-arifoglu-da-haqsizdir\/#primaryimage"},"thumbnailUrl":"https:\/\/www.meydan.tv\/wp-content\/uploads\/10763.jpg","articleSection":["M\u0259nim Fikrimc\u0259"],"inLanguage":"az"},{"@type":"WebPage","@id":"https:\/\/www.meydan.tv\/az\/article\/cemil-hesenli-de-rauf-arifoglu-da-haqsizdir\/","url":"https:\/\/www.meydan.tv\/az\/article\/cemil-hesenli-de-rauf-arifoglu-da-haqsizdir\/","name":"C\u0259mil H\u0259s\u0259nli d\u0259, Rauf Arifo\u011flu da haqs\u0131zd\u0131r... - MEYDAN.TV","isPartOf":{"@id":"https:\/\/www.meydan.tv\/az\/#website"},"primaryImageOfPage":{"@id":"https:\/\/www.meydan.tv\/az\/article\/cemil-hesenli-de-rauf-arifoglu-da-haqsizdir\/#primaryimage"},"image":{"@id":"https:\/\/www.meydan.tv\/az\/article\/cemil-hesenli-de-rauf-arifoglu-da-haqsizdir\/#primaryimage"},"thumbnailUrl":"https:\/\/www.meydan.tv\/wp-content\/uploads\/10763.jpg","datePublished":"2015-07-12T02:16:11+00:00","breadcrumb":{"@id":"https:\/\/www.meydan.tv\/az\/article\/cemil-hesenli-de-rauf-arifoglu-da-haqsizdir\/#breadcrumb"},"inLanguage":"az","potentialAction":[{"@type":"ReadAction","target":["https:\/\/www.meydan.tv\/az\/article\/cemil-hesenli-de-rauf-arifoglu-da-haqsizdir\/"]}]},{"@type":"ImageObject","inLanguage":"az","@id":"https:\/\/www.meydan.tv\/az\/article\/cemil-hesenli-de-rauf-arifoglu-da-haqsizdir\/#primaryimage","url":"https:\/\/www.meydan.tv\/wp-content\/uploads\/10763.jpg","contentUrl":"https:\/\/www.meydan.tv\/wp-content\/uploads\/10763.jpg","width":500,"height":500,"caption":"Source:"},{"@type":"BreadcrumbList","@id":"https:\/\/www.meydan.tv\/az\/article\/cemil-hesenli-de-rauf-arifoglu-da-haqsizdir\/#breadcrumb","itemListElement":[{"@type":"ListItem","position":1,"name":"Ana s\u0259hif\u0259","item":"https:\/\/www.meydan.tv\/az\/"},{"@type":"ListItem","position":2,"name":"M\u0259nim Fikrimc\u0259","item":"https:\/\/www.meydan.tv\/az\/section\/menim-fikrimce\/"},{"@type":"ListItem","position":3,"name":"C\u0259mil H\u0259s\u0259nli d\u0259, Rauf Arifo\u011flu da haqs\u0131zd\u0131r&#8230;"}]},{"@type":"WebSite","@id":"https:\/\/www.meydan.tv\/az\/#website","url":"https:\/\/www.meydan.tv\/az\/","name":"MEYDAN.TV","description":"Meydan TV Az\u0259rbaycan\u0131n media m\u0259kan\u0131ndak\u0131 alternativ s\u0259sidir","publisher":{"@id":"https:\/\/www.meydan.tv\/az\/#organization"},"potentialAction":[{"@type":"SearchAction","target":{"@type":"EntryPoint","urlTemplate":"https:\/\/www.meydan.tv\/az\/?s={search_term_string}"},"query-input":{"@type":"PropertyValueSpecification","valueRequired":true,"valueName":"search_term_string"}}],"inLanguage":"az"},{"@type":"Organization","@id":"https:\/\/www.meydan.tv\/az\/#organization","name":"Meydan TV","url":"https:\/\/www.meydan.tv\/az\/","logo":{"@type":"ImageObject","inLanguage":"az","@id":"https:\/\/www.meydan.tv\/az\/#\/schema\/logo\/image\/","url":"https:\/\/www.meydan.tv\/wp-content\/uploads\/2021\/07\/meydan-logo.svg","contentUrl":"https:\/\/www.meydan.tv\/wp-content\/uploads\/2021\/07\/meydan-logo.svg","width":195,"height":46,"caption":"Meydan TV"},"image":{"@id":"https:\/\/www.meydan.tv\/az\/#\/schema\/logo\/image\/"}},{"@type":"Person","@id":"https:\/\/www.meydan.tv\/az\/#\/schema\/person\/10d11eccf6da3662cf5fdab9806ea91a","name":"user-manager"}]}},"_links":{"self":[{"href":"https:\/\/www.meydan.tv\/az\/wp-json\/wp\/v2\/posts\/168876","targetHints":{"allow":["GET"]}}],"collection":[{"href":"https:\/\/www.meydan.tv\/az\/wp-json\/wp\/v2\/posts"}],"about":[{"href":"https:\/\/www.meydan.tv\/az\/wp-json\/wp\/v2\/types\/post"}],"author":[{"embeddable":true,"href":"https:\/\/www.meydan.tv\/az\/wp-json\/wp\/v2\/users\/11"}],"replies":[{"embeddable":true,"href":"https:\/\/www.meydan.tv\/az\/wp-json\/wp\/v2\/comments?post=168876"}],"version-history":[{"count":0,"href":"https:\/\/www.meydan.tv\/az\/wp-json\/wp\/v2\/posts\/168876\/revisions"}],"wp:featuredmedia":[{"embeddable":true,"href":"https:\/\/www.meydan.tv\/az\/wp-json\/wp\/v2\/media\/29070"}],"wp:attachment":[{"href":"https:\/\/www.meydan.tv\/az\/wp-json\/wp\/v2\/media?parent=168876"}],"wp:term":[{"taxonomy":"category","embeddable":true,"href":"https:\/\/www.meydan.tv\/az\/wp-json\/wp\/v2\/categories?post=168876"},{"taxonomy":"post_tag","embeddable":true,"href":"https:\/\/www.meydan.tv\/az\/wp-json\/wp\/v2\/tags?post=168876"}],"curies":[{"name":"wp","href":"https:\/\/api.w.org\/{rel}","templated":true}]}}