{"id":168864,"date":"2015-07-10T22:12:18","date_gmt":"2015-07-10T22:12:18","guid":{"rendered":"https:\/\/www.meydan.tv\/article\/o-melum-qezaya-qeder\/"},"modified":"2015-07-10T22:12:18","modified_gmt":"2015-07-10T22:12:18","slug":"o-melum-qezaya-qeder","status":"publish","type":"post","link":"https:\/\/www.meydan.tv\/az\/article\/o-melum-qezaya-qeder\/","title":{"rendered":"O m\u0259lum q\u0259zaya q\u0259d\u0259r&#8230;"},"content":{"rendered":"<figure class=\"wp-block-image size-large\">\n  <img decoding=\"async\" src=\"https:\/\/www.meydan.tv\/az\/28871\/\" alt=\"\" class=\"wp-image-28871\"\/><figcaption><\/figcaption><\/figure>\n<figure class=\"wp-block-image size-large\">\n  <img decoding=\"async\" src=\"https:\/\/www.meydan.tv\/az\/28877\/\" alt=\"\" class=\"wp-image-28877\"\/><figcaption><\/figcaption><\/figure>\n<p>\n  <br \/>\n  H\u0259l\u0259 u\u015faq idik. Orta m\u0259kt\u0259bd\u0259 oxuyurduq. O zamanlar h\u0259yat\u0131n qay\u011f\u0131lar\u0131ndan, probleml\u0259rind\u0259n uzaq idik. G\u00fcnl\u0259rimiz m\u0259k\u0259t\u0259b\u0259 gedib-g\u0259lm\u0259kl\u0259 ke\u00e7irdi. D\u0259rs dey\u0259n m\u00fc\u0259lliml\u0259r tez-tez u\u015faqlara dey\u0259rdil\u0259r ki, bu g\u00fcnl\u0259rin q\u0259drini bilin. Vaxt g\u0259l\u0259c\u0259k, qay\u011f\u0131lar ba\u015f\u0131n\u0131z\u0131 el\u0259 qatacaq ki, bu g\u00fcnl\u0259ri \u00e7ox \u00f6zl\u0259y\u0259c\u0259ksiniz. Onda bu s\u00f6zl\u0259rin f\u0259rqin\u0259 varm\u0131rd\u0131q. Biz d\u0259 b\u00fct\u00fcn u\u015faqlar kimi, tez b\u00f6y\u00fcy\u00fcb g\u0259nc olmaq, onlar kimi davranmaq, ya\u015famaq ist\u0259yirdik.\u00a0 N\u0259 bil\u0259ydik ki, g\u00f6r\u0259c\u0259k g\u00fcnl\u0259rimiz h\u0259l\u0259 qabaqdad\u0131r.\n<\/p>\n<p>\n  N\u0259rgizl\u0259 u\u015faql\u0131qdan eyni ruhda b\u00f6y\u00fcm\u00fc\u015f\u00fck. Z\u00f6vql\u0259rimiz, ist\u0259kl\u0259rimiz m\u00f6vqeyimiz, hadis\u0259l\u0259r\u0259 yana\u015fmam\u0131z \u00e7ox zaman \u00fcst-\u00fcst\u0259 d\u00fc\u015f\u00fcrd\u00fc. Ona g\u00f6r\u0259 h\u0259mi\u015f\u0259 bir-birimiz\u0259 arxay\u0131n idik. Birimiz olmayanda, \u0259min idik ki, o birimiz do\u011fru q\u0259rar ver\u0259c\u0259k. Biz\u0259 bu x\u00fcsusiyy\u0259tl\u0259r \u0259n \u00e7ox atadan ke\u00e7ib. \u201cBiz\u201d dey\u0259rk\u0259n N\u0259rgizl\u0259 \u00f6z\u00fcm\u00fc n\u0259z\u0259rd\u0259 tuturam. \u00c7\u00fcnki ikimiz \u201cbiz\u201d d\u0259 c\u0259ml\u0259\u015firdi v\u0259 h\u0259mi\u015f\u0259 bir-birimizi tamamlay\u0131rd\u0131q.\n<\/p>\n<p>\n  M\u0259kt\u0259bd\u0259 \u0259d\u0259biyyat f\u0259nnind\u0259 repressiya d\u00f6vr\u00fcn\u00fcn qurbanlar\u0131ndan olan H\u00fcseyn Cavidi, Mikay\u0131l M\u00fc\u015ffiqi, \u018fhm\u0259d Cavad\u0131 \u00f6yr\u0259n\u0259rk\u0259n onlar\u0131n \u00e7\u0259kdikl\u0259ri c\u0259falara h\u0259s\u0259d apar\u0131rd\u0131q. Onlar haqda ba\u015fqa \u0259d\u0259biyyatlardan \u0259trafl\u0131 m\u0259lumatlar \u0259ld\u0259 etdikc\u0259, daha \u00e7ox onlara heyran olurduq. D\u00fc\u015f\u00fcn\u00fcrd\u00fck ki, insan bu q\u0259d\u0259r iztirablara d\u00f6zm\u0259k \u00fc\u00e7\u00fcn n\u0259 q\u0259d\u0259r g\u00fccl\u00fc olmal\u0131d\u0131r v\u0259 biz o g\u00fcc\u00fc onlarda g\u00f6r\u00fcrd\u00fck. Niy\u0259 onlar\u0131n etdikl\u0259rini etmirik dey\u0259 \u00f6z\u00fcm\u00fcz\u0259 sual edirdik. \u00c7\u00fcnki biz d\u0259 onlar kimi g\u00fccl\u00fc olmaq ist\u0259yirdik.\n<\/p>\n<p>\n  He\u00e7 vaxt tipik az\u0259ri q\u0131z\u0131 olmaq ist\u0259m\u0259mi\u015fik. M\u0259kt\u0259b, universitet, daha sonra is\u0259 ail\u0259 h\u0259yat\u0131 quraraq m\u0259i\u015f\u0259t h\u0259yat\u0131 ya\u015famaqla \u00f6mr\u00fcn\u00fc ba\u015fa vurmaq. Bu he\u00e7 vaxt bizim h\u0259yata yana\u015fmam\u0131z olmay\u0131b. D\u00fc\u015f\u00fcn\u00fcrd\u00fck ki, insan d\u00fcnyaya bir d\u0259f\u0259 g\u0259lirs\u0259, bu d\u00fcnyadan ged\u0259nd\u0259 d\u0259 \u00f6z\u00fcnd\u0259n sonra bir iz qoymal\u0131d\u0131r. Tarixd\u0259 ad\u0131 qalmal\u0131d\u0131r. Ancaq bu hans\u0131 sah\u0259 \u00fcz\u0259rind\u0259 olaca\u011f\u0131n\u0131 bilmirdik M\u0259nas\u0131z bir h\u0259yat ya\u015famaqdansa, \u015f\u0259r\u0259fli v\u0259 f\u0259xr edil\u0259si bir h\u0259yat\u0131 \u00fcst\u00fcn tutmu\u015fuq. Siyasi f\u0259aliyy\u0259t\u0259 ba\u015flayanda is\u0259 he\u00e7 a\u011fl\u0131m\u0131za g\u0259lm\u0259zdi ki, biz f\u0259aliyy\u0259timizd\u0259 bu q\u0259d\u0259r ir\u0259lil\u0259y\u0259c\u0259yik.\n<\/p>\n<p>\n  Bizl\u0259r d\u0259 sad\u0259 Az\u0259rbaycan v\u0259t\u0259nda\u015f\u0131 kimi, bir t\u0259h\u0259r dolan\u0131rd\u0131q. Valideynl\u0259rimiz\u00a0 n\u0259 q\u0259d\u0259r \u00e7\u0259tin olsa da, h\u0259mi\u015f\u0259 bizim yax\u015f\u0131 ya\u015fama\u011f\u0131m\u0131z \u00fc\u00e7\u00fcn \u00e7al\u0131\u015f\u0131blar v\u0259 \u0259ll\u0259rind\u0259n g\u0259l\u0259ni edibl\u0259r.\n<\/p>\n<p>\n  H\u0259yat\u0131m\u0131z 3 il \u0259vv\u0259l\u0259 q\u0259d\u0259r \u00f6z axar\u0131nda davam edirdi. Ta ki, m\u0259n o m\u0259lum q\u0259zaya d\u00fc\u015f\u0259n\u0259 q\u0259d\u0259r. Sanki ondan sonra ail\u0259mizin ba\u015f\u0131 \u00fcz\u0259rind\u0259 qara buludlar dola\u015fma\u011fa ba\u015flad\u0131 v\u0259 bir t\u00fcrl\u00fc d\u0259 s\u0259ngim\u0259k bilm\u0259di. M\u0259n h\u0259bsd\u0259 oldu\u011fuma g\u00f6r\u0259 he\u00e7 vaxt pe\u015fman olmam\u0131\u015fam. C\u0259zam\u0131 \u00e7\u0259kdiyim \u00fc\u00e7\u00fcn, \u0259n az\u0131ndan, vicdan\u0131m rahatd\u0131r. Ancaq Tofiq Yaqublunun h\u0259bsin\u0259 is\u0259 eyni c\u00fcr yana\u015fa bilmir\u0259m. G\u00fcnahs\u0131z yer\u0259 h\u0259bs etm\u0259k azm\u0131\u015f kimi, hakimiyy\u0259tin yaratd\u0131\u011f\u0131 bu \u00e7\u0259tinlikl\u0259r \u00fcz\u00fcnd\u0259n ail\u0259mizin \u00e7\u0259km\u0259diyi b\u0259lalar qalmad\u0131. B\u0259li, Tofiq Yaqublu h\u0259bs olunmasayd\u0131, n\u0259 ana il\u0259 N\u0259rgiz\u00a0 G\u0259nc\u0259, \u015e\u0259ki yollar\u0131nda qalacaqd\u0131, n\u0259 d\u0259 ki, m\u0259hk\u0259m\u0259 d\u00f6n\u00fc\u015f\u00fc \u0130smay\u0131ll\u0131 yolunda q\u0259zaya d\u00fc\u015f\u0259c\u0259kdil\u0259r. Q\u0259za olsa da, can itkisi olmad\u0131\u011f\u0131na g\u00f6r\u0259 \u00e7ox sevinirdim. D\u00fczd\u00fcr, m\u0259nim \u00fc\u00e7\u00fcn \u00e7ox \u00e7\u0259tin d\u00f6n\u0259ml\u0259r idi. Ata yan\u0131mda yox, ana, bac\u0131 yaral\u0131, qarda\u015f is\u0259 balaca. Ail\u0259nin b\u00fct\u00fcn m\u0259suliyy\u0259ti v\u0259 y\u00fck\u00fc yen\u0259 m\u0259nim \u00fcz\u0259rim\u0259 d\u00fc\u015fm\u00fc\u015fd\u00fc. Amma onun \u00f6hd\u0259sind\u0259n d\u0259 g\u0259ldik. Bu da ke\u00e7\u0259r, deyirdim. Bu olub-bit\u0259nl\u0259r\u0259 m\u00fcv\u0259qq\u0259ti \u00e7\u0259tinlik kimi bax\u0131rd\u0131m.\n<\/p>\n<p>\n  Bu 3 ild\u0259 ail\u0259d\u0259 h\u0259r k\u0259s sanki bird\u0259n &#8211; bir\u0259 olqunla\u015fd\u0131, daha da b\u00f6y\u00fcd\u00fc. H\u0259r k\u0259sin h\u0259yata bax\u0131\u015f\u0131 d\u0259yi\u015fmi\u015fdi. R\u0259him ya\u015fca bizd\u0259n \u00e7ox balaca olsa da, o da art\u0131q oldu\u011fundan \u00e7ox b\u00f6y\u00fcm\u00fc\u015fd\u00fc.\u00a0 Ke\u00e7\u0259n ill\u0259r\u00a0 \u0259rzind\u0259 ail\u0259d\u0259 h\u0259r k\u0259s dem\u0259k olar ki, bir-birin\u0259 h\u0259sr\u0259t qald\u0131. Evd\u0259 kimins\u0259 \u0259ksikliyi h\u0259r zaman hiss olundu. Birimiz\u00a0 azad olunanda, birimiz h\u0259bsd\u0259 olduq. Bizi ancaq bir \u00fcmid ya\u015fad\u0131rd\u0131. N\u0259 vaxtsa ail\u0259 tablomuz tamamlanacaq v\u0259 biz yen\u0259 bir arada olaca\u011f\u0131q.\n<\/p>\n<p>\n  S\u00f6z vaxt\u0131na \u00e7\u0259k\u0259r, deyibl\u0259r. Ke\u00e7\u0259n ilin bu g\u00fcnl\u0259rind\u0259 N\u0259rgizin el\u00e7ilik g\u00fcn\u00fcn\u00fc m\u00fc\u0259yy\u0259nl\u0259\u015fdirirdik. G\u00f6r\u00fcn\u00fcb, el\u00e7iliy\u0259 q\u0131z evin\u0259 g\u0259l\u0259rl\u0259r. Bizd\u0259 is\u0259 t\u0259rsin\u0259 oldu. El\u00e7iliy\u0259 h\u0259bsxanaya getdil\u0259r. Ata demokrat adam oldu\u011fundan, q\u0259rar\u0131 g\u0259ncl\u0259rin \u00f6hd\u0259sin\u0259 vermi\u015fdi. Ona is\u0259 g\u0259ncl\u0259rin q\u0259rar\u0131 il\u0259 raz\u0131la\u015fmaq qald\u0131\u011f\u0131n\u0131 bildirdi. Avqust ay\u0131n\u0131n 5-d\u0259 N\u0259rgizin ni\u015fan\u0131 oldu. Onda nec\u0259 d\u0259 xo\u015fb\u0259xt idik.Baxmayaraq ki,\u00a0 bir yan\u0131m\u0131z yen\u0259 d\u0259 \u0259ksik idi, yen\u0259 d\u0259 birimiz\u0259 h\u0259sr\u0259t qalm\u0131\u015fd\u0131q, yen\u0259 d\u0259 atam\u0131z yan\u0131m\u0131zda yox idi.<br \/>\n  <br \/>\n  N\u0259rgiz Bak\u0131dan ged\u0259nd\u0259 \u00e7ox sevindik ki, he\u00e7 olmasa o rahat ya\u015fayacaq. N\u0259n\u0259m is\u0259 demi\u015fdi ki, \u201che\u00e7 olmasa mitinq olanda birinizd\u0259n rahat olacam. Polis birinizi tutmayacaq\u201d.\n<\/p>\n<p>\n  N\u0259hay\u0259t, vaxt-v\u0259d\u0259 N\u0259rgizin toyuna g\u0259ldi. Bu d\u0259f\u0259 d\u0259 bir-birimiz\u0259 h\u0259sr\u0259t qald\u0131q. Ata h\u0259bsd\u0259 oldu\u011fu \u00fc\u00e7\u00fcn, m\u0259ns\u0259 \u00f6lk\u0259d\u0259n \u00e7\u0131x\u0131\u015f\u0131ma qada\u011fa oldu\u011fu \u00fc\u00e7\u00fcn, N\u0259rgizin toyuna ged\u0259 bilm\u0259dik. Halbuki, N\u0259rgiz nec\u0259 ist\u0259yirdi orada olaq. Bir\u00a0 ata v\u0259 bac\u0131 olaraq do\u011fal haqq\u0131m\u0131z idi N\u0259rgizin sevincin\u0259 \u015f\u0259rik olmaq. Onun toyunu g\u00f6r\u0259 bilm\u0259s\u0259k d\u0259 t\u0259ki N\u0259rgiz xo\u015fb\u0259xt olsun, deyib, buna da d\u00f6zd\u00fck.<br \/>\n  <br \/>\n  Aprel ay\u0131n\u0131n 12-i idi N\u0259rgizin x\u0259st\u0259 oldu\u011funu e\u015fid\u0259nd\u0259&#8230; H\u0259min g\u00fcn\u00fc atayla g\u00f6r\u00fc\u015fd\u0259n g\u0259lmi\u015fdik. D\u00fc\u015f\u00fcnm\u00fcrd\u00fcm ki, durumu bu q\u0259d\u0259r ciddidir. O q\u0259d\u0259r inan\u0131rd\u0131m ki, sa\u011falaca\u011f\u0131na. Bu\u00a0 inam aprelin 23-n\u0259 kimi o q\u0259d\u0259r \u00e7ox idi ki&#8230;\n<\/p>\n<p>\n  Arada ke\u00e7\u0259n 10 g\u00fcn nec\u0259 a\u011fr\u0131l\u0131 v\u0259 \u00e7\u0259tin idi. G\u00f6z\u00fcm telefonda qalm\u0131\u015fd\u0131 ki, indic\u0259 bir xo\u015f x\u0259b\u0259r g\u0259l\u0259c\u0259k. Bi yandan da ata durumu bilmir. H\u0259r g\u00fcn ev telefonuna z\u0259ng g\u0259l\u0259nd\u0259, qorxurdum. Ataya ne deyim, durumu nec\u0259 izah edim? Hans\u0131 g\u00fcn z\u0259ng etmirdis\u0259, sevinirdim. \u0259n az\u0131ndan g\u00fcn qazanm\u0131\u015f olurdum. B\u0259lk\u0259 N\u0259rgiz yax\u015f\u0131 olacaq sabah dey\u0259, ataya yax\u015f\u0131 x\u0259b\u0259r \u00e7atd\u0131rmaq ist\u0259yirdim. Ancaq bir ata olaraq durumu bilm\u0259k onun haqq\u0131 idi. Y\u00fcng\u00fclvari sar\u0131l\u0131q deyib, aldatm\u0131\u015fd\u0131. M\u0259n n\u0259 bil\u0259ydim ki,\u00a0 \u00f6z\u00fcm d\u0259 onun durumundayam&#8230;\n<\/p>\n<p>\n  Bu 3 ild\u0259 \u00e7\u0259kdiyimiz \u0259zablar, iztirablar, probleml\u0259r, h\u0259bsxanalar, m\u0259hk\u0259m\u0259l\u0259r, qay\u011f\u0131lar sanki he\u00e7 n\u0259 imi\u015f. Yen\u0259 onun son g\u00fcnl\u0259rind\u0259 n\u0259 m\u0259n, n\u0259 ata yan\u0131nda ola bildik. Bu d\u0259f\u0259 d\u0259 N\u0259rgizim yaln\u0131z qald\u0131. Bunun hesab\u0131n\u0131 kim ver\u0259c\u0259k? Biz\u0259 ya\u015fatd\u0131\u011f\u0131n\u0131z bu q\u0259d\u0259r\u00a0 ezablar\u0131n, iztirablar\u0131n hesab\u0131n\u0131 kim ver\u0259c\u0259k? M\u0259hv etdiyiniz h\u0259yat\u0131m\u0131z\u0131n hesab\u0131n\u0131 kim ver\u0259c\u0259k?\n<\/p>\n<p>\n  Amma N\u0259rgiz \u00fc\u00e7\u00fcn bizim ev\u0259 topla\u015fan, bizi bu ac\u0131l\u0131 g\u00fcnl\u0259rimizd\u0259 t\u0259k qoymayan v\u0259 d\u0259rdimiz\u0259 \u015f\u0259rik \u00e7\u0131xan\u00a0 insanlar g\u00f6st\u0259rdi ki, N\u0259rgiz bu q\u0131sac\u0131q h\u0259yat\u0131nda tarixd\u0259 bir iz qoydu. Yaqublular\u00a0 ail\u0259sinin\u00a0 bu itkisi sanki t\u0259k bizim yox, b\u00fct\u00fcn elin oldu. Bu ac\u0131n\u0131 biziml\u0259 b\u0259rab\u0259r ya\u015fayan insanlar N\u0259rgizi bir d\u0259y\u0259r olaraq and\u0131lar.\u00a0 B\u00fct\u00fcn bunlara g\u00f6r\u0259 h\u0259r k\u0259s\u0259 t\u0259\u015f\u0259kk\u00fcr\u00a0 edir\u0259m.\n<\/p>\n<p>\n  <b><br \/>\n    Yaz\u0131dak\u0131 fikirl\u0259r m\u00fc\u0259llif\u0259 m\u0259xsusdur v\u0259 onlara g\u00f6r\u0259 Meydan TV m\u0259suliyy\u0259t da\u015f\u0131m\u0131r.<br \/>\n  <\/b><\/p>\n","protected":false},"excerpt":{"rendered":"<p>Bunun hesab\u0131n\u0131 kim ver\u0259c\u0259k?<\/p>\n","protected":false},"author":11,"featured_media":28871,"comment_status":"closed","ping_status":"open","sticky":false,"template":"","format":"standard","meta":{"_acf_changed":false,"_sitemap_exclude":false,"_sitemap_priority":"","_sitemap_frequency":"","footnotes":""},"categories":[57],"tags":[],"class_list":["post-168864","post","type-post","status-publish","format-standard","has-post-thumbnail","hentry","category-menim-fikrimce","infinite-scroll-item","generate-columns","tablet-grid-50","mobile-grid-100","grid-parent","grid-33","no-featured-image-padding"],"acf":[],"yoast_head":"<!-- This site is optimized with the Yoast SEO plugin v27.5 - https:\/\/yoast.com\/product\/yoast-seo-wordpress\/ -->\n<title>O m\u0259lum q\u0259zaya q\u0259d\u0259r... - MEYDAN.TV<\/title>\n<meta name=\"robots\" content=\"index, follow, max-snippet:-1, max-image-preview:large, max-video-preview:-1\" \/>\n<link rel=\"canonical\" href=\"https:\/\/www.meydan.tv\/az\/article\/o-melum-qezaya-qeder\/\" \/>\n<meta property=\"og:locale\" content=\"az_AZ\" \/>\n<meta property=\"og:type\" content=\"article\" \/>\n<meta property=\"og:title\" content=\"O m\u0259lum q\u0259zaya q\u0259d\u0259r... - MEYDAN.TV\" \/>\n<meta property=\"og:description\" content=\"Bunun hesab\u0131n\u0131 kim ver\u0259c\u0259k?\" \/>\n<meta property=\"og:url\" content=\"https:\/\/www.meydan.tv\/az\/article\/o-melum-qezaya-qeder\/\" \/>\n<meta property=\"og:site_name\" content=\"MEYDAN.TV\" \/>\n<meta property=\"article:published_time\" content=\"2015-07-10T22:12:18+00:00\" \/>\n<meta property=\"og:image\" content=\"https:\/\/www.meydan.tv\/wp-content\/uploads\/10725.jpg\" \/>\n\t<meta property=\"og:image:width\" content=\"500\" \/>\n\t<meta property=\"og:image:height\" content=\"500\" \/>\n\t<meta property=\"og:image:type\" content=\"image\/jpeg\" \/>\n<meta name=\"author\" content=\"user-manager\" \/>\n<meta name=\"twitter:card\" content=\"summary_large_image\" \/>\n<script type=\"application\/ld+json\" class=\"yoast-schema-graph\">{\"@context\":\"https:\\\/\\\/schema.org\",\"@graph\":[{\"@type\":\"Article\",\"@id\":\"https:\\\/\\\/www.meydan.tv\\\/az\\\/article\\\/o-melum-qezaya-qeder\\\/#article\",\"isPartOf\":{\"@id\":\"https:\\\/\\\/www.meydan.tv\\\/az\\\/article\\\/o-melum-qezaya-qeder\\\/\"},\"author\":{\"name\":\"user-manager\",\"@id\":\"https:\\\/\\\/www.meydan.tv\\\/az\\\/#\\\/schema\\\/person\\\/10d11eccf6da3662cf5fdab9806ea91a\"},\"headline\":\"O m\u0259lum q\u0259zaya q\u0259d\u0259r&#8230;\",\"datePublished\":\"2015-07-10T22:12:18+00:00\",\"mainEntityOfPage\":{\"@id\":\"https:\\\/\\\/www.meydan.tv\\\/az\\\/article\\\/o-melum-qezaya-qeder\\\/\"},\"wordCount\":1478,\"publisher\":{\"@id\":\"https:\\\/\\\/www.meydan.tv\\\/az\\\/#organization\"},\"image\":{\"@id\":\"https:\\\/\\\/www.meydan.tv\\\/az\\\/article\\\/o-melum-qezaya-qeder\\\/#primaryimage\"},\"thumbnailUrl\":\"https:\\\/\\\/www.meydan.tv\\\/wp-content\\\/uploads\\\/10725.jpg\",\"articleSection\":[\"M\u0259nim Fikrimc\u0259\"],\"inLanguage\":\"az\"},{\"@type\":\"WebPage\",\"@id\":\"https:\\\/\\\/www.meydan.tv\\\/az\\\/article\\\/o-melum-qezaya-qeder\\\/\",\"url\":\"https:\\\/\\\/www.meydan.tv\\\/az\\\/article\\\/o-melum-qezaya-qeder\\\/\",\"name\":\"O m\u0259lum q\u0259zaya q\u0259d\u0259r... - MEYDAN.TV\",\"isPartOf\":{\"@id\":\"https:\\\/\\\/www.meydan.tv\\\/az\\\/#website\"},\"primaryImageOfPage\":{\"@id\":\"https:\\\/\\\/www.meydan.tv\\\/az\\\/article\\\/o-melum-qezaya-qeder\\\/#primaryimage\"},\"image\":{\"@id\":\"https:\\\/\\\/www.meydan.tv\\\/az\\\/article\\\/o-melum-qezaya-qeder\\\/#primaryimage\"},\"thumbnailUrl\":\"https:\\\/\\\/www.meydan.tv\\\/wp-content\\\/uploads\\\/10725.jpg\",\"datePublished\":\"2015-07-10T22:12:18+00:00\",\"breadcrumb\":{\"@id\":\"https:\\\/\\\/www.meydan.tv\\\/az\\\/article\\\/o-melum-qezaya-qeder\\\/#breadcrumb\"},\"inLanguage\":\"az\",\"potentialAction\":[{\"@type\":\"ReadAction\",\"target\":[\"https:\\\/\\\/www.meydan.tv\\\/az\\\/article\\\/o-melum-qezaya-qeder\\\/\"]}]},{\"@type\":\"ImageObject\",\"inLanguage\":\"az\",\"@id\":\"https:\\\/\\\/www.meydan.tv\\\/az\\\/article\\\/o-melum-qezaya-qeder\\\/#primaryimage\",\"url\":\"https:\\\/\\\/www.meydan.tv\\\/wp-content\\\/uploads\\\/10725.jpg\",\"contentUrl\":\"https:\\\/\\\/www.meydan.tv\\\/wp-content\\\/uploads\\\/10725.jpg\",\"width\":500,\"height\":500,\"caption\":\"Source:\"},{\"@type\":\"BreadcrumbList\",\"@id\":\"https:\\\/\\\/www.meydan.tv\\\/az\\\/article\\\/o-melum-qezaya-qeder\\\/#breadcrumb\",\"itemListElement\":[{\"@type\":\"ListItem\",\"position\":1,\"name\":\"Ana s\u0259hif\u0259\",\"item\":\"https:\\\/\\\/www.meydan.tv\\\/az\\\/\"},{\"@type\":\"ListItem\",\"position\":2,\"name\":\"M\u0259nim Fikrimc\u0259\",\"item\":\"https:\\\/\\\/www.meydan.tv\\\/az\\\/section\\\/menim-fikrimce\\\/\"},{\"@type\":\"ListItem\",\"position\":3,\"name\":\"O m\u0259lum q\u0259zaya q\u0259d\u0259r&#8230;\"}]},{\"@type\":\"WebSite\",\"@id\":\"https:\\\/\\\/www.meydan.tv\\\/az\\\/#website\",\"url\":\"https:\\\/\\\/www.meydan.tv\\\/az\\\/\",\"name\":\"MEYDAN.TV\",\"description\":\"Meydan TV Az\u0259rbaycan\u0131n media m\u0259kan\u0131ndak\u0131 alternativ s\u0259sidir\",\"publisher\":{\"@id\":\"https:\\\/\\\/www.meydan.tv\\\/az\\\/#organization\"},\"potentialAction\":[{\"@type\":\"SearchAction\",\"target\":{\"@type\":\"EntryPoint\",\"urlTemplate\":\"https:\\\/\\\/www.meydan.tv\\\/az\\\/?s={search_term_string}\"},\"query-input\":{\"@type\":\"PropertyValueSpecification\",\"valueRequired\":true,\"valueName\":\"search_term_string\"}}],\"inLanguage\":\"az\"},{\"@type\":\"Organization\",\"@id\":\"https:\\\/\\\/www.meydan.tv\\\/az\\\/#organization\",\"name\":\"Meydan TV\",\"url\":\"https:\\\/\\\/www.meydan.tv\\\/az\\\/\",\"logo\":{\"@type\":\"ImageObject\",\"inLanguage\":\"az\",\"@id\":\"https:\\\/\\\/www.meydan.tv\\\/az\\\/#\\\/schema\\\/logo\\\/image\\\/\",\"url\":\"https:\\\/\\\/www.meydan.tv\\\/wp-content\\\/uploads\\\/2021\\\/07\\\/meydan-logo.svg\",\"contentUrl\":\"https:\\\/\\\/www.meydan.tv\\\/wp-content\\\/uploads\\\/2021\\\/07\\\/meydan-logo.svg\",\"width\":195,\"height\":46,\"caption\":\"Meydan TV\"},\"image\":{\"@id\":\"https:\\\/\\\/www.meydan.tv\\\/az\\\/#\\\/schema\\\/logo\\\/image\\\/\"}},{\"@type\":\"Person\",\"@id\":\"https:\\\/\\\/www.meydan.tv\\\/az\\\/#\\\/schema\\\/person\\\/10d11eccf6da3662cf5fdab9806ea91a\",\"name\":\"user-manager\"}]}<\/script>\n<!-- \/ Yoast SEO plugin. -->","yoast_head_json":{"title":"O m\u0259lum q\u0259zaya q\u0259d\u0259r... - MEYDAN.TV","robots":{"index":"index","follow":"follow","max-snippet":"max-snippet:-1","max-image-preview":"max-image-preview:large","max-video-preview":"max-video-preview:-1"},"canonical":"https:\/\/www.meydan.tv\/az\/article\/o-melum-qezaya-qeder\/","og_locale":"az_AZ","og_type":"article","og_title":"O m\u0259lum q\u0259zaya q\u0259d\u0259r... - MEYDAN.TV","og_description":"Bunun hesab\u0131n\u0131 kim ver\u0259c\u0259k?","og_url":"https:\/\/www.meydan.tv\/az\/article\/o-melum-qezaya-qeder\/","og_site_name":"MEYDAN.TV","article_published_time":"2015-07-10T22:12:18+00:00","og_image":[{"width":500,"height":500,"url":"https:\/\/www.meydan.tv\/wp-content\/uploads\/10725.jpg","type":"image\/jpeg"}],"author":"user-manager","twitter_card":"summary_large_image","schema":{"@context":"https:\/\/schema.org","@graph":[{"@type":"Article","@id":"https:\/\/www.meydan.tv\/az\/article\/o-melum-qezaya-qeder\/#article","isPartOf":{"@id":"https:\/\/www.meydan.tv\/az\/article\/o-melum-qezaya-qeder\/"},"author":{"name":"user-manager","@id":"https:\/\/www.meydan.tv\/az\/#\/schema\/person\/10d11eccf6da3662cf5fdab9806ea91a"},"headline":"O m\u0259lum q\u0259zaya q\u0259d\u0259r&#8230;","datePublished":"2015-07-10T22:12:18+00:00","mainEntityOfPage":{"@id":"https:\/\/www.meydan.tv\/az\/article\/o-melum-qezaya-qeder\/"},"wordCount":1478,"publisher":{"@id":"https:\/\/www.meydan.tv\/az\/#organization"},"image":{"@id":"https:\/\/www.meydan.tv\/az\/article\/o-melum-qezaya-qeder\/#primaryimage"},"thumbnailUrl":"https:\/\/www.meydan.tv\/wp-content\/uploads\/10725.jpg","articleSection":["M\u0259nim Fikrimc\u0259"],"inLanguage":"az"},{"@type":"WebPage","@id":"https:\/\/www.meydan.tv\/az\/article\/o-melum-qezaya-qeder\/","url":"https:\/\/www.meydan.tv\/az\/article\/o-melum-qezaya-qeder\/","name":"O m\u0259lum q\u0259zaya q\u0259d\u0259r... - MEYDAN.TV","isPartOf":{"@id":"https:\/\/www.meydan.tv\/az\/#website"},"primaryImageOfPage":{"@id":"https:\/\/www.meydan.tv\/az\/article\/o-melum-qezaya-qeder\/#primaryimage"},"image":{"@id":"https:\/\/www.meydan.tv\/az\/article\/o-melum-qezaya-qeder\/#primaryimage"},"thumbnailUrl":"https:\/\/www.meydan.tv\/wp-content\/uploads\/10725.jpg","datePublished":"2015-07-10T22:12:18+00:00","breadcrumb":{"@id":"https:\/\/www.meydan.tv\/az\/article\/o-melum-qezaya-qeder\/#breadcrumb"},"inLanguage":"az","potentialAction":[{"@type":"ReadAction","target":["https:\/\/www.meydan.tv\/az\/article\/o-melum-qezaya-qeder\/"]}]},{"@type":"ImageObject","inLanguage":"az","@id":"https:\/\/www.meydan.tv\/az\/article\/o-melum-qezaya-qeder\/#primaryimage","url":"https:\/\/www.meydan.tv\/wp-content\/uploads\/10725.jpg","contentUrl":"https:\/\/www.meydan.tv\/wp-content\/uploads\/10725.jpg","width":500,"height":500,"caption":"Source:"},{"@type":"BreadcrumbList","@id":"https:\/\/www.meydan.tv\/az\/article\/o-melum-qezaya-qeder\/#breadcrumb","itemListElement":[{"@type":"ListItem","position":1,"name":"Ana s\u0259hif\u0259","item":"https:\/\/www.meydan.tv\/az\/"},{"@type":"ListItem","position":2,"name":"M\u0259nim Fikrimc\u0259","item":"https:\/\/www.meydan.tv\/az\/section\/menim-fikrimce\/"},{"@type":"ListItem","position":3,"name":"O m\u0259lum q\u0259zaya q\u0259d\u0259r&#8230;"}]},{"@type":"WebSite","@id":"https:\/\/www.meydan.tv\/az\/#website","url":"https:\/\/www.meydan.tv\/az\/","name":"MEYDAN.TV","description":"Meydan TV Az\u0259rbaycan\u0131n media m\u0259kan\u0131ndak\u0131 alternativ s\u0259sidir","publisher":{"@id":"https:\/\/www.meydan.tv\/az\/#organization"},"potentialAction":[{"@type":"SearchAction","target":{"@type":"EntryPoint","urlTemplate":"https:\/\/www.meydan.tv\/az\/?s={search_term_string}"},"query-input":{"@type":"PropertyValueSpecification","valueRequired":true,"valueName":"search_term_string"}}],"inLanguage":"az"},{"@type":"Organization","@id":"https:\/\/www.meydan.tv\/az\/#organization","name":"Meydan TV","url":"https:\/\/www.meydan.tv\/az\/","logo":{"@type":"ImageObject","inLanguage":"az","@id":"https:\/\/www.meydan.tv\/az\/#\/schema\/logo\/image\/","url":"https:\/\/www.meydan.tv\/wp-content\/uploads\/2021\/07\/meydan-logo.svg","contentUrl":"https:\/\/www.meydan.tv\/wp-content\/uploads\/2021\/07\/meydan-logo.svg","width":195,"height":46,"caption":"Meydan TV"},"image":{"@id":"https:\/\/www.meydan.tv\/az\/#\/schema\/logo\/image\/"}},{"@type":"Person","@id":"https:\/\/www.meydan.tv\/az\/#\/schema\/person\/10d11eccf6da3662cf5fdab9806ea91a","name":"user-manager"}]}},"_links":{"self":[{"href":"https:\/\/www.meydan.tv\/az\/wp-json\/wp\/v2\/posts\/168864","targetHints":{"allow":["GET"]}}],"collection":[{"href":"https:\/\/www.meydan.tv\/az\/wp-json\/wp\/v2\/posts"}],"about":[{"href":"https:\/\/www.meydan.tv\/az\/wp-json\/wp\/v2\/types\/post"}],"author":[{"embeddable":true,"href":"https:\/\/www.meydan.tv\/az\/wp-json\/wp\/v2\/users\/11"}],"replies":[{"embeddable":true,"href":"https:\/\/www.meydan.tv\/az\/wp-json\/wp\/v2\/comments?post=168864"}],"version-history":[{"count":0,"href":"https:\/\/www.meydan.tv\/az\/wp-json\/wp\/v2\/posts\/168864\/revisions"}],"wp:featuredmedia":[{"embeddable":true,"href":"https:\/\/www.meydan.tv\/az\/wp-json\/wp\/v2\/media\/28871"}],"wp:attachment":[{"href":"https:\/\/www.meydan.tv\/az\/wp-json\/wp\/v2\/media?parent=168864"}],"wp:term":[{"taxonomy":"category","embeddable":true,"href":"https:\/\/www.meydan.tv\/az\/wp-json\/wp\/v2\/categories?post=168864"},{"taxonomy":"post_tag","embeddable":true,"href":"https:\/\/www.meydan.tv\/az\/wp-json\/wp\/v2\/tags?post=168864"}],"curies":[{"name":"wp","href":"https:\/\/api.w.org\/{rel}","templated":true}]}}