{"id":168783,"date":"2015-07-06T23:04:25","date_gmt":"2015-07-06T23:04:25","guid":{"rendered":"https:\/\/www.meydan.tv\/article\/hebib-muntezire-cavab\/"},"modified":"2015-07-06T23:04:25","modified_gmt":"2015-07-06T23:04:25","slug":"hebib-muntezire-cavab","status":"publish","type":"post","link":"https:\/\/www.meydan.tv\/az\/article\/hebib-muntezire-cavab\/","title":{"rendered":"H\u0259bib M\u00fcnt\u0259zir\u0259 cavab"},"content":{"rendered":"<figure class=\"wp-block-image size-large\">\n  <img decoding=\"async\" src=\"https:\/\/www.meydan.tv\/az\/28633\/\" alt=\"\" class=\"wp-image-28633\"\/><figcaption><\/figcaption><\/figure>\n<\/p>\n<figure class=\"wp-block-image size-large\">\n  <img decoding=\"async\" src=\"https:\/\/www.meydan.tv\/az\/28636\/\" alt=\"\" class=\"wp-image-28636\"\/><figcaption><\/figcaption><\/figure>\n<p>\n  \u015e\u0259rqi T\u00fcrk\u00fcstanda olan olaylar\u0131n, basq\u0131lar\u0131n, k\u00fctl\u0259vi soyq\u0131r\u0131m siyas\u0259tinin saxta oldu\u011funu iddia ed\u0259nl\u0259r\u0259 v\u0259 bu olaylara qara yaxmaq ist\u0259y\u0259nl\u0259r\u0259 cavab verm\u0259k ist\u0259yir\u0259m. Son Uy\u011furlara d\u0259st\u0259k aksiyas\u0131ndan sonra bu olaylar\u0131n saxta oldu\u011funu iddia ed\u0259nl\u0259r \u0259sas olaraq payla\u015f\u0131lan m\u00fcxt\u0259lif r\u0259siml\u0259rin saxta oldu\u011funu iddia edirl\u0259r.<\/p>\n<p>  B\u0259li, m\u0259n d\u0259 \u00f6nc\u0259ki statuslar\u0131mda, r\u0259yl\u0259rimd\u0259 qeyd etmi\u015f\u0259m, bu fotolar\u0131n \u00e7oxunun Uy\u011furlarla \u0259laq\u0259si yoxdur. Bu c\u00fcr fotolar\u0131 Uy\u011fur T\u00fcrkl\u0259rinin ad\u0131na ba\u011flay\u0131b, payla\u015fmaq \u00f6z\u00fc bir provokasiyad\u0131r, qarayaxmad\u0131r. H\u0259min olaylara bel\u0259 saxta r\u0259sml\u0259ri calayaraq, \u0259sl olaylar\u0131n s\u00f6zd\u0259 saxta oldu\u011funu d\u00fcnya ictiamiyy\u0259tin\u0259 \u00e7atd\u0131rmaqdan \u00f6tr\u00fcd\u00fcr.<\/p>\n<p>  V\u0259 bel\u0259c\u0259, \u0259sl t\u0259qibl\u0259r\u0259 k\u00f6lg\u0259 sal\u0131n\u0131r. Bilm\u0259y\u0259nl\u0259rin n\u0259z\u0259rin\u0259 \u00e7atd\u0131r\u0131m ki, m\u0259n \u015f\u0259xs\u0259n Urum\u00e7id\u0259n tutmu\u015f Xorqos ke\u00e7id m\u0259nt\u0259q\u0259sin\u0259 q\u0259d\u0259r b\u00fct\u00fcn \u015f\u0259h\u0259r v\u0259 q\u0259s\u0259b\u0259l\u0259rd\u0259 olmu\u015fam. Oradan \u015f\u0259xs\u0259n \u00f6z\u00fcm\u00fcn m\u00fc\u015fahid\u0259l\u0259rimi qeyd ed\u0259c\u0259m.<\/p>\n<p>  \u0130lk olaraq n\u0259z\u0259riniz\u0259 \u00e7atd\u0131r\u0131m ki, \u00c7in d\u0259 internet\u0259 girm\u0259k \u00fc\u00e7\u00fcn klublarda pasport t\u0259l\u0259b olunur. Y\u0259ni internet\u0259 x\u00fcsusi n\u0259zar\u0259t var v\u0259 oradan m\u0259lumat payla\u015fmaq \u00e7ox q\u0259liz m\u0259s\u0259l\u0259dir. D\u00f6vl\u0259tin s\u0131rf internet istifad\u0259\u00e7il\u0259rin\u0259 n\u0259zar\u0259ti var. Ke\u00e7\u0259k ikinci m\u0259s\u0259l\u0259y\u0259 \u00c7ind\u0259 iftar s\u00fcfr\u0259sind\u0259 m\u00fcs\u0259lmanlar\u0131n fotosu payla\u015f\u0131l\u0131b. \u018fld\u0259 bayraq edilib ki, bax\u0131n bu da Uy\u011fur T\u00fcrkl\u0259ri, he\u00e7 bir basq\u0131 yoxdur.<\/p>\n<p>  Birincisi, bu foto Pekind\u0259 \u00e7\u0259kilib v\u0259 orada bel\u0259 fotolar\u0131n \u00e7\u0259kilm\u0259si normald\u0131r. Urum\u00e7i \u015f\u0259h\u0259rind\u0259 is\u0259 k\u00fctl\u0259vi olaraq \u00e7inlil\u0259rin k\u00f6\u00e7\u00fcr\u00fclm\u0259si n\u0259tic\u0259sind\u0259 \u0259halinin 25% Uy\u011fur T\u00fcrk\u00fc qalm\u0131\u015fd\u0131r. Bak\u0131dan Urum\u00e7iy\u0259 ged\u0259n alver\u00e7il\u0259rin t\u0259bii olaraq bu x\u0259b\u0259rl\u0259rd\u0259n, oradak\u0131 \u015fidd\u0259td\u0259n x\u0259b\u0259ri olmayacaqd\u0131r. Gedib g\u00f6rd\u00fckl\u0259ri iki yer var Benjan bazar\u0131 v\u0259 \u015ey\u00fc oteli. Alver\u00e7i ora alver\u0259 gedir , oradak\u0131 olaylar\u0131 ara\u015fd\u0131rma\u011fa yox.<\/p>\n<p>  Soru\u015fun, o Urum\u00e7id\u0259 he\u00e7 bir problemin olmad\u0131\u011f\u0131n\u0131 dey\u0259n alver\u00e7id\u0259n. Qara\u015f\u0259h\u0259rd\u0259, Qaramayda, G\u00fclc\u0259d\u0259, Yark\u0259ndd\u0259, A\u011fsuda, Kunesd\u0259, Qa\u015fqarda v\u0259 bir ne\u00e7\u0259 uy\u011furlar\u0131n ya\u015fad\u0131qlar\u0131 \u015f\u0259h\u0259r v\u0259 q\u0259s\u0259b\u0259l\u0259rd\u0259 olublarm\u0131? Urum\u00e7id\u0259 m\u0259n d\u0259 bilir\u0259m, h\u0259r \u015fey qaydas\u0131ndad\u0131r, zat\u0259n Urum\u00e7id\u0259 Uy\u011fur qalmay\u0131b. \u00c7in qapal\u0131 \u00f6lk\u0259dir v\u0259 Uy\u011furlara edil\u0259n siyasi, m\u0259n\u0259vi, etnik bask\u0131n\u0131 maksimum \u00f6rtm\u0259y\u0259 \u00e7al\u0131\u015f\u0131rlar.<\/p>\n<p>  Nec\u0259 ki, Sovet Rusiyas\u0131 Ax\u0131skal\u0131lara v\u0259 Q\u0259rbi Az\u0259rbaycanl\u0131lara qar\u015f\u0131 etnik t\u0259mizl\u0259m\u0259 apard\u0131 v\u0259 Sovet da\u011f\u0131landan sonra m\u0259lum oldu. Eyn\u0259n \u00c7ind\u0259 d\u0259 bu siyas\u0259tdir. Ayr\u0131 vaxt\u0131 Aztv-ni fantastik g\u00fcl\u00fc\u015f h\u0259d\u0259fin\u0259 \u00e7evir\u0259nl\u0259r \u00f6zl\u0259ri Uy\u011furlar\u0131n q\u0259tliam\u0131na Aztv g\u00f6z\u00fc il\u0259 bax\u0131rlar. Bir d\u0259, n\u0259z\u0259riniz\u0259 \u00e7atd\u0131r\u0131m ki, adlar\u0131n qeyd etdiyim \u015f\u0259h\u0259rl\u0259rd\u0259 dem\u0259k olar ki , internet rabit\u0259si yoxdur , qapal\u0131 \u015f\u0259raitd\u0259, he\u00e7k\u0259sin g\u00f6rm\u0259diyi \u015f\u0259raitd\u0259 bir xalq m\u0259hv edilib v\u0259 edilm\u0259kd\u0259dir.<\/p>\n<p>  Bir xalq\u0131n m\u0259hvin\u0259 g\u00f6z yummaq, bilib bilm\u0259d\u0259n qara yaxmaq insanl\u0131q cinay\u0259tin\u0259 haqq qazand\u0131rmaqd\u0131r. Bu g\u00fcn az da olsa, o \u015f\u0259h\u0259rl\u0259rd\u0259n qa\u00e7m\u0131\u015f, siyasi qa\u00e7q\u0131n statusu alm\u0131\u015f Uy\u011fur T\u00fcrkl\u0259rind\u0259n birini tap\u0131n, olanlar\u0131 ondan soru\u015fun sol.orq sayt\u0131n\u0131n m\u0259nb\u0259sind\u0259n yox.<\/p>\n<p>  Ke\u00e7im ikinci m\u0259s\u0259l\u0259y\u0259. S\u00f6zd\u0259 Urum\u00e7i yalanlar\u0131n tirajlayanlara bu qarayaxman\u0131n m\u0259nb\u0259yi T\u00fcrkiy\u0259d\u0259ki b\u0259zi terror t\u0259r\u0259pfda\u015flar\u0131 olan saytlard\u0131r v\u0259 \u0259lb\u0259t ki, Antit\u00fcrk t\u0259bli\u011fat aparacaqlar. Bilib, bilm\u0259d\u0259n bunun \u201et\u0131rkas\u0131na\u201c ged\u0259nl\u0259rin is\u0259 art\u0131q obyektivliy\u0259 \u015f\u00fcbh\u0259 il\u0259 yana\u015f\u0131ram.<\/p>\n<p>  Bu arada bir sual verim: 173 Uy\u011furun T\u00fcrkiy\u0259d\u0259 siyasi qa\u00e7q\u0131n statusu almas\u0131 v\u0259 Yaponiyan\u0131n etiraz\u0131dam\u0131 saxtad\u0131r?<\/p>\n<p>  <b><br \/>\n    Yaz\u0131dak\u0131 fikirl\u0259r m\u00fc\u0259llif\u0259 m\u0259xsusdur v\u0259 onlara g\u00f6r\u0259 Meydan TV m\u0259suliyy\u0259t da\u015f\u0131m\u0131r.<br \/>\n  <\/b><\/p>\n","protected":false},"excerpt":{"rendered":"<p>Yaponiyan\u0131n etiraz\u0131 da saxtad\u0131r?<\/p>\n","protected":false},"author":11,"featured_media":28633,"comment_status":"closed","ping_status":"open","sticky":false,"template":"","format":"standard","meta":{"_acf_changed":false,"_sitemap_exclude":false,"_sitemap_priority":"","_sitemap_frequency":"","footnotes":""},"categories":[57],"tags":[],"class_list":["post-168783","post","type-post","status-publish","format-standard","has-post-thumbnail","hentry","category-menim-fikrimce","infinite-scroll-item","generate-columns","tablet-grid-50","mobile-grid-100","grid-parent","grid-33","no-featured-image-padding"],"acf":[],"yoast_head":"<!-- This site is optimized with the Yoast SEO plugin v27.5 - https:\/\/yoast.com\/product\/yoast-seo-wordpress\/ -->\n<title>H\u0259bib M\u00fcnt\u0259zir\u0259 cavab - MEYDAN.TV<\/title>\n<meta name=\"robots\" content=\"index, follow, max-snippet:-1, max-image-preview:large, max-video-preview:-1\" \/>\n<link rel=\"canonical\" href=\"https:\/\/www.meydan.tv\/az\/article\/hebib-muntezire-cavab\/\" \/>\n<meta property=\"og:locale\" content=\"az_AZ\" \/>\n<meta property=\"og:type\" content=\"article\" \/>\n<meta property=\"og:title\" content=\"H\u0259bib M\u00fcnt\u0259zir\u0259 cavab - MEYDAN.TV\" \/>\n<meta property=\"og:description\" content=\"Yaponiyan\u0131n etiraz\u0131 da saxtad\u0131r?\" \/>\n<meta property=\"og:url\" content=\"https:\/\/www.meydan.tv\/az\/article\/hebib-muntezire-cavab\/\" \/>\n<meta property=\"og:site_name\" content=\"MEYDAN.TV\" \/>\n<meta property=\"article:published_time\" content=\"2015-07-06T23:04:25+00:00\" \/>\n<meta property=\"og:image\" content=\"https:\/\/www.meydan.tv\/wp-content\/uploads\/10598.jpg\" \/>\n\t<meta property=\"og:image:width\" content=\"400\" \/>\n\t<meta property=\"og:image:height\" content=\"400\" \/>\n\t<meta property=\"og:image:type\" content=\"image\/jpeg\" \/>\n<meta name=\"author\" content=\"user-manager\" \/>\n<meta name=\"twitter:card\" content=\"summary_large_image\" \/>\n<script type=\"application\/ld+json\" class=\"yoast-schema-graph\">{\"@context\":\"https:\\\/\\\/schema.org\",\"@graph\":[{\"@type\":\"Article\",\"@id\":\"https:\\\/\\\/www.meydan.tv\\\/az\\\/article\\\/hebib-muntezire-cavab\\\/#article\",\"isPartOf\":{\"@id\":\"https:\\\/\\\/www.meydan.tv\\\/az\\\/article\\\/hebib-muntezire-cavab\\\/\"},\"author\":{\"name\":\"user-manager\",\"@id\":\"https:\\\/\\\/www.meydan.tv\\\/az\\\/#\\\/schema\\\/person\\\/10d11eccf6da3662cf5fdab9806ea91a\"},\"headline\":\"H\u0259bib M\u00fcnt\u0259zir\u0259 cavab\",\"datePublished\":\"2015-07-06T23:04:25+00:00\",\"mainEntityOfPage\":{\"@id\":\"https:\\\/\\\/www.meydan.tv\\\/az\\\/article\\\/hebib-muntezire-cavab\\\/\"},\"wordCount\":767,\"publisher\":{\"@id\":\"https:\\\/\\\/www.meydan.tv\\\/az\\\/#organization\"},\"image\":{\"@id\":\"https:\\\/\\\/www.meydan.tv\\\/az\\\/article\\\/hebib-muntezire-cavab\\\/#primaryimage\"},\"thumbnailUrl\":\"https:\\\/\\\/www.meydan.tv\\\/wp-content\\\/uploads\\\/10598.jpg\",\"articleSection\":[\"M\u0259nim Fikrimc\u0259\"],\"inLanguage\":\"az\"},{\"@type\":\"WebPage\",\"@id\":\"https:\\\/\\\/www.meydan.tv\\\/az\\\/article\\\/hebib-muntezire-cavab\\\/\",\"url\":\"https:\\\/\\\/www.meydan.tv\\\/az\\\/article\\\/hebib-muntezire-cavab\\\/\",\"name\":\"H\u0259bib M\u00fcnt\u0259zir\u0259 cavab - MEYDAN.TV\",\"isPartOf\":{\"@id\":\"https:\\\/\\\/www.meydan.tv\\\/az\\\/#website\"},\"primaryImageOfPage\":{\"@id\":\"https:\\\/\\\/www.meydan.tv\\\/az\\\/article\\\/hebib-muntezire-cavab\\\/#primaryimage\"},\"image\":{\"@id\":\"https:\\\/\\\/www.meydan.tv\\\/az\\\/article\\\/hebib-muntezire-cavab\\\/#primaryimage\"},\"thumbnailUrl\":\"https:\\\/\\\/www.meydan.tv\\\/wp-content\\\/uploads\\\/10598.jpg\",\"datePublished\":\"2015-07-06T23:04:25+00:00\",\"breadcrumb\":{\"@id\":\"https:\\\/\\\/www.meydan.tv\\\/az\\\/article\\\/hebib-muntezire-cavab\\\/#breadcrumb\"},\"inLanguage\":\"az\",\"potentialAction\":[{\"@type\":\"ReadAction\",\"target\":[\"https:\\\/\\\/www.meydan.tv\\\/az\\\/article\\\/hebib-muntezire-cavab\\\/\"]}]},{\"@type\":\"ImageObject\",\"inLanguage\":\"az\",\"@id\":\"https:\\\/\\\/www.meydan.tv\\\/az\\\/article\\\/hebib-muntezire-cavab\\\/#primaryimage\",\"url\":\"https:\\\/\\\/www.meydan.tv\\\/wp-content\\\/uploads\\\/10598.jpg\",\"contentUrl\":\"https:\\\/\\\/www.meydan.tv\\\/wp-content\\\/uploads\\\/10598.jpg\",\"width\":400,\"height\":400,\"caption\":\"Source:\"},{\"@type\":\"BreadcrumbList\",\"@id\":\"https:\\\/\\\/www.meydan.tv\\\/az\\\/article\\\/hebib-muntezire-cavab\\\/#breadcrumb\",\"itemListElement\":[{\"@type\":\"ListItem\",\"position\":1,\"name\":\"Ana s\u0259hif\u0259\",\"item\":\"https:\\\/\\\/www.meydan.tv\\\/az\\\/\"},{\"@type\":\"ListItem\",\"position\":2,\"name\":\"M\u0259nim Fikrimc\u0259\",\"item\":\"https:\\\/\\\/www.meydan.tv\\\/az\\\/section\\\/menim-fikrimce\\\/\"},{\"@type\":\"ListItem\",\"position\":3,\"name\":\"H\u0259bib M\u00fcnt\u0259zir\u0259 cavab\"}]},{\"@type\":\"WebSite\",\"@id\":\"https:\\\/\\\/www.meydan.tv\\\/az\\\/#website\",\"url\":\"https:\\\/\\\/www.meydan.tv\\\/az\\\/\",\"name\":\"MEYDAN.TV\",\"description\":\"Meydan TV Az\u0259rbaycan\u0131n media m\u0259kan\u0131ndak\u0131 alternativ s\u0259sidir\",\"publisher\":{\"@id\":\"https:\\\/\\\/www.meydan.tv\\\/az\\\/#organization\"},\"potentialAction\":[{\"@type\":\"SearchAction\",\"target\":{\"@type\":\"EntryPoint\",\"urlTemplate\":\"https:\\\/\\\/www.meydan.tv\\\/az\\\/?s={search_term_string}\"},\"query-input\":{\"@type\":\"PropertyValueSpecification\",\"valueRequired\":true,\"valueName\":\"search_term_string\"}}],\"inLanguage\":\"az\"},{\"@type\":\"Organization\",\"@id\":\"https:\\\/\\\/www.meydan.tv\\\/az\\\/#organization\",\"name\":\"Meydan TV\",\"url\":\"https:\\\/\\\/www.meydan.tv\\\/az\\\/\",\"logo\":{\"@type\":\"ImageObject\",\"inLanguage\":\"az\",\"@id\":\"https:\\\/\\\/www.meydan.tv\\\/az\\\/#\\\/schema\\\/logo\\\/image\\\/\",\"url\":\"https:\\\/\\\/www.meydan.tv\\\/wp-content\\\/uploads\\\/2021\\\/07\\\/meydan-logo.svg\",\"contentUrl\":\"https:\\\/\\\/www.meydan.tv\\\/wp-content\\\/uploads\\\/2021\\\/07\\\/meydan-logo.svg\",\"width\":195,\"height\":46,\"caption\":\"Meydan TV\"},\"image\":{\"@id\":\"https:\\\/\\\/www.meydan.tv\\\/az\\\/#\\\/schema\\\/logo\\\/image\\\/\"}},{\"@type\":\"Person\",\"@id\":\"https:\\\/\\\/www.meydan.tv\\\/az\\\/#\\\/schema\\\/person\\\/10d11eccf6da3662cf5fdab9806ea91a\",\"name\":\"user-manager\"}]}<\/script>\n<!-- \/ Yoast SEO plugin. -->","yoast_head_json":{"title":"H\u0259bib M\u00fcnt\u0259zir\u0259 cavab - MEYDAN.TV","robots":{"index":"index","follow":"follow","max-snippet":"max-snippet:-1","max-image-preview":"max-image-preview:large","max-video-preview":"max-video-preview:-1"},"canonical":"https:\/\/www.meydan.tv\/az\/article\/hebib-muntezire-cavab\/","og_locale":"az_AZ","og_type":"article","og_title":"H\u0259bib M\u00fcnt\u0259zir\u0259 cavab - MEYDAN.TV","og_description":"Yaponiyan\u0131n etiraz\u0131 da saxtad\u0131r?","og_url":"https:\/\/www.meydan.tv\/az\/article\/hebib-muntezire-cavab\/","og_site_name":"MEYDAN.TV","article_published_time":"2015-07-06T23:04:25+00:00","og_image":[{"width":400,"height":400,"url":"https:\/\/www.meydan.tv\/wp-content\/uploads\/10598.jpg","type":"image\/jpeg"}],"author":"user-manager","twitter_card":"summary_large_image","schema":{"@context":"https:\/\/schema.org","@graph":[{"@type":"Article","@id":"https:\/\/www.meydan.tv\/az\/article\/hebib-muntezire-cavab\/#article","isPartOf":{"@id":"https:\/\/www.meydan.tv\/az\/article\/hebib-muntezire-cavab\/"},"author":{"name":"user-manager","@id":"https:\/\/www.meydan.tv\/az\/#\/schema\/person\/10d11eccf6da3662cf5fdab9806ea91a"},"headline":"H\u0259bib M\u00fcnt\u0259zir\u0259 cavab","datePublished":"2015-07-06T23:04:25+00:00","mainEntityOfPage":{"@id":"https:\/\/www.meydan.tv\/az\/article\/hebib-muntezire-cavab\/"},"wordCount":767,"publisher":{"@id":"https:\/\/www.meydan.tv\/az\/#organization"},"image":{"@id":"https:\/\/www.meydan.tv\/az\/article\/hebib-muntezire-cavab\/#primaryimage"},"thumbnailUrl":"https:\/\/www.meydan.tv\/wp-content\/uploads\/10598.jpg","articleSection":["M\u0259nim Fikrimc\u0259"],"inLanguage":"az"},{"@type":"WebPage","@id":"https:\/\/www.meydan.tv\/az\/article\/hebib-muntezire-cavab\/","url":"https:\/\/www.meydan.tv\/az\/article\/hebib-muntezire-cavab\/","name":"H\u0259bib M\u00fcnt\u0259zir\u0259 cavab - MEYDAN.TV","isPartOf":{"@id":"https:\/\/www.meydan.tv\/az\/#website"},"primaryImageOfPage":{"@id":"https:\/\/www.meydan.tv\/az\/article\/hebib-muntezire-cavab\/#primaryimage"},"image":{"@id":"https:\/\/www.meydan.tv\/az\/article\/hebib-muntezire-cavab\/#primaryimage"},"thumbnailUrl":"https:\/\/www.meydan.tv\/wp-content\/uploads\/10598.jpg","datePublished":"2015-07-06T23:04:25+00:00","breadcrumb":{"@id":"https:\/\/www.meydan.tv\/az\/article\/hebib-muntezire-cavab\/#breadcrumb"},"inLanguage":"az","potentialAction":[{"@type":"ReadAction","target":["https:\/\/www.meydan.tv\/az\/article\/hebib-muntezire-cavab\/"]}]},{"@type":"ImageObject","inLanguage":"az","@id":"https:\/\/www.meydan.tv\/az\/article\/hebib-muntezire-cavab\/#primaryimage","url":"https:\/\/www.meydan.tv\/wp-content\/uploads\/10598.jpg","contentUrl":"https:\/\/www.meydan.tv\/wp-content\/uploads\/10598.jpg","width":400,"height":400,"caption":"Source:"},{"@type":"BreadcrumbList","@id":"https:\/\/www.meydan.tv\/az\/article\/hebib-muntezire-cavab\/#breadcrumb","itemListElement":[{"@type":"ListItem","position":1,"name":"Ana s\u0259hif\u0259","item":"https:\/\/www.meydan.tv\/az\/"},{"@type":"ListItem","position":2,"name":"M\u0259nim Fikrimc\u0259","item":"https:\/\/www.meydan.tv\/az\/section\/menim-fikrimce\/"},{"@type":"ListItem","position":3,"name":"H\u0259bib M\u00fcnt\u0259zir\u0259 cavab"}]},{"@type":"WebSite","@id":"https:\/\/www.meydan.tv\/az\/#website","url":"https:\/\/www.meydan.tv\/az\/","name":"MEYDAN.TV","description":"Meydan TV Az\u0259rbaycan\u0131n media m\u0259kan\u0131ndak\u0131 alternativ s\u0259sidir","publisher":{"@id":"https:\/\/www.meydan.tv\/az\/#organization"},"potentialAction":[{"@type":"SearchAction","target":{"@type":"EntryPoint","urlTemplate":"https:\/\/www.meydan.tv\/az\/?s={search_term_string}"},"query-input":{"@type":"PropertyValueSpecification","valueRequired":true,"valueName":"search_term_string"}}],"inLanguage":"az"},{"@type":"Organization","@id":"https:\/\/www.meydan.tv\/az\/#organization","name":"Meydan TV","url":"https:\/\/www.meydan.tv\/az\/","logo":{"@type":"ImageObject","inLanguage":"az","@id":"https:\/\/www.meydan.tv\/az\/#\/schema\/logo\/image\/","url":"https:\/\/www.meydan.tv\/wp-content\/uploads\/2021\/07\/meydan-logo.svg","contentUrl":"https:\/\/www.meydan.tv\/wp-content\/uploads\/2021\/07\/meydan-logo.svg","width":195,"height":46,"caption":"Meydan TV"},"image":{"@id":"https:\/\/www.meydan.tv\/az\/#\/schema\/logo\/image\/"}},{"@type":"Person","@id":"https:\/\/www.meydan.tv\/az\/#\/schema\/person\/10d11eccf6da3662cf5fdab9806ea91a","name":"user-manager"}]}},"_links":{"self":[{"href":"https:\/\/www.meydan.tv\/az\/wp-json\/wp\/v2\/posts\/168783","targetHints":{"allow":["GET"]}}],"collection":[{"href":"https:\/\/www.meydan.tv\/az\/wp-json\/wp\/v2\/posts"}],"about":[{"href":"https:\/\/www.meydan.tv\/az\/wp-json\/wp\/v2\/types\/post"}],"author":[{"embeddable":true,"href":"https:\/\/www.meydan.tv\/az\/wp-json\/wp\/v2\/users\/11"}],"replies":[{"embeddable":true,"href":"https:\/\/www.meydan.tv\/az\/wp-json\/wp\/v2\/comments?post=168783"}],"version-history":[{"count":0,"href":"https:\/\/www.meydan.tv\/az\/wp-json\/wp\/v2\/posts\/168783\/revisions"}],"wp:featuredmedia":[{"embeddable":true,"href":"https:\/\/www.meydan.tv\/az\/wp-json\/wp\/v2\/media\/28633"}],"wp:attachment":[{"href":"https:\/\/www.meydan.tv\/az\/wp-json\/wp\/v2\/media?parent=168783"}],"wp:term":[{"taxonomy":"category","embeddable":true,"href":"https:\/\/www.meydan.tv\/az\/wp-json\/wp\/v2\/categories?post=168783"},{"taxonomy":"post_tag","embeddable":true,"href":"https:\/\/www.meydan.tv\/az\/wp-json\/wp\/v2\/tags?post=168783"}],"curies":[{"name":"wp","href":"https:\/\/api.w.org\/{rel}","templated":true}]}}