{"id":168782,"date":"2015-07-06T20:00:28","date_gmt":"2015-07-06T20:00:28","guid":{"rendered":"https:\/\/www.meydan.tv\/article\/yasamal-qebirstanligi-yandi-video\/"},"modified":"2015-07-06T20:00:28","modified_gmt":"2015-07-06T20:00:28","slug":"yasamal-qebirstanligi-yandi-video","status":"publish","type":"post","link":"https:\/\/www.meydan.tv\/az\/article\/yasamal-qebirstanligi-yandi-video\/","title":{"rendered":"Yasamal q\u0259birstanl\u0131\u011f\u0131 yand\u0131 (V\u0130DEO)"},"content":{"rendered":"<figure class=\"wp-block-embed is-type-video is-provider-youtube wp-block-embed-youtube wp-embed-aspect-16-9 wp-has-aspect-ratio\">\n<div class=\"wp-block-embed__wrapper\">\n    <iframe loading=\"lazy\"\ttitle=\"\" width=\"1200\" height=\"675\" src=\"https:\/\/www.youtube.com\/embed\/peFs0spJ0Ew\"\tframeborder=\"0\"\tallow=\"accelerometer; autoplay; clipboard-write; encrypted-media; gyroscope; picture-in-picture\" allowfullscreen><\/iframe>\n  <\/div><figcaption><\/figcaption><\/figure>\n<p>\n  <b><br \/>\n    \u0130yulun 6-da Bak\u0131n\u0131n Yasamal rayonunda yerl\u0259\u015f\u0259n q\u0259birstanl\u0131qda yan\u011f\u0131n ba\u015f verib.<br \/>\n  <\/b>\n<\/p>\n<p>\n  Quru otlar\u0131n yanmas\u0131ndan ba\u015flayan alov tez bir zamanda q\u0259birstanl\u0131\u011f\u0131n bir hiss\u0259sin\u0259 yay\u0131l\u0131b. N\u0259tic\u0259d\u0259 q\u0259bir da\u015flar\u0131na v\u0259 \u0259raziy\u0259 ziyan d\u0259yib. Hadis\u0259 yerin\u0259 F\u00f6vq\u0259lad\u0259 Hallar Nazirliyinin yan\u011f\u0131ndan m\u00fchafiz\u0259 q\u00fcvv\u0259l\u0259ri g\u0259lib. \u018ftraf t\u0259r\u0259fl\u0259rin s\u00f6nd\u00fcr\u00fclm\u0259si m\u00fcmk\u00fcn olsa da, q\u0259birstanl\u0131\u011f\u0131n i\u00e7 t\u0259r\u0259fl\u0259rind\u0259 yan\u011f\u0131n davam edib.\n<\/p>\n<figure class=\"wp-block-image size-large\">\n  <img decoding=\"async\" src=\"https:\/\/www.meydan.tv\/az\/28621\/\" alt=\"\" class=\"wp-image-28621\"\/><figcaption><\/figcaption><\/figure>\n<figure class=\"wp-block-image size-large\">\n  <img decoding=\"async\" src=\"https:\/\/www.meydan.tv\/az\/28624\/\" alt=\"\" class=\"wp-image-28624\"\/><figcaption><\/figcaption><\/figure>\n<figure class=\"wp-block-image size-large\">\n  <img decoding=\"async\" src=\"https:\/\/www.meydan.tv\/az\/28627\/\" alt=\"\" class=\"wp-image-28627\"\/><figcaption><\/figcaption><\/figure>\n<figure class=\"wp-block-image size-large\">\n  <img decoding=\"async\" src=\"https:\/\/www.meydan.tv\/az\/28630\/\" alt=\"\" class=\"wp-image-28630\"\/><figcaption><\/figcaption><\/figure>\n","protected":false},"excerpt":{"rendered":"<p>\u0130yulun 6-da Bak\u0131n\u0131n Yasamal rayonunda yerl\u0259\u015f\u0259n q\u0259birstanl\u0131qda yan\u011f\u0131n ba\u015f verib.<\/p>\n","protected":false},"author":11,"featured_media":28618,"comment_status":"closed","ping_status":"open","sticky":false,"template":"","format":"standard","meta":{"_acf_changed":false,"_sitemap_exclude":false,"_sitemap_priority":"","_sitemap_frequency":"","footnotes":""},"categories":[63],"tags":[],"class_list":["post-168782","post","type-post","status-publish","format-standard","has-post-thumbnail","hentry","category-video-2","infinite-scroll-item","generate-columns","tablet-grid-50","mobile-grid-100","grid-parent","grid-33","no-featured-image-padding"],"acf":[],"yoast_head":"<!-- This site is optimized with the Yoast SEO plugin v28.3 - https:\/\/yoast.com\/product\/yoast-seo-wordpress\/ -->\n<title>Yasamal q\u0259birstanl\u0131\u011f\u0131 yand\u0131 (V\u0130DEO) - MEYDAN.TV<\/title>\n<meta name=\"robots\" content=\"index, follow, max-snippet:-1, max-image-preview:large, max-video-preview:-1\" \/>\n<link rel=\"canonical\" href=\"https:\/\/www.meydan.tv\/az\/article\/yasamal-qebirstanligi-yandi-video\/\" \/>\n<meta property=\"og:locale\" content=\"az_AZ\" \/>\n<meta property=\"og:type\" content=\"article\" \/>\n<meta property=\"og:title\" content=\"Yasamal q\u0259birstanl\u0131\u011f\u0131 yand\u0131 (V\u0130DEO) - MEYDAN.TV\" \/>\n<meta property=\"og:description\" content=\"\u0130yulun 6-da Bak\u0131n\u0131n Yasamal rayonunda yerl\u0259\u015f\u0259n q\u0259birstanl\u0131qda yan\u011f\u0131n ba\u015f verib.\" \/>\n<meta property=\"og:url\" content=\"https:\/\/www.meydan.tv\/az\/article\/yasamal-qebirstanligi-yandi-video\/\" \/>\n<meta property=\"og:site_name\" content=\"MEYDAN.TV\" \/>\n<meta property=\"article:published_time\" content=\"2015-07-06T20:00:28+00:00\" \/>\n<meta property=\"og:image\" content=\"https:\/\/www.meydan.tv\/wp-content\/uploads\/10592.jpg\" \/>\n\t<meta property=\"og:image:width\" content=\"1249\" \/>\n\t<meta property=\"og:image:height\" content=\"701\" \/>\n\t<meta property=\"og:image:type\" content=\"image\/jpeg\" \/>\n<meta name=\"twitter:card\" content=\"summary_large_image\" \/>\n<!-- \/ Yoast SEO plugin. -->","yoast_head_json":{"title":"Yasamal q\u0259birstanl\u0131\u011f\u0131 yand\u0131 (V\u0130DEO) - MEYDAN.TV","robots":{"index":"index","follow":"follow","max-snippet":"max-snippet:-1","max-image-preview":"max-image-preview:large","max-video-preview":"max-video-preview:-1"},"canonical":"https:\/\/www.meydan.tv\/az\/article\/yasamal-qebirstanligi-yandi-video\/","og_locale":"az_AZ","og_type":"article","og_title":"Yasamal q\u0259birstanl\u0131\u011f\u0131 yand\u0131 (V\u0130DEO) - MEYDAN.TV","og_description":"\u0130yulun 6-da Bak\u0131n\u0131n Yasamal rayonunda yerl\u0259\u015f\u0259n q\u0259birstanl\u0131qda yan\u011f\u0131n ba\u015f verib.","og_url":"https:\/\/www.meydan.tv\/az\/article\/yasamal-qebirstanligi-yandi-video\/","og_site_name":"MEYDAN.TV","article_published_time":"2015-07-06T20:00:28+00:00","og_image":[{"width":1249,"height":701,"url":"https:\/\/www.meydan.tv\/wp-content\/uploads\/10592.jpg","type":"image\/jpeg"}],"twitter_card":"summary_large_image","schema":{"@context":"https:\/\/schema.org","@graph":[{"@type":"Article","@id":"https:\/\/www.meydan.tv\/az\/article\/yasamal-qebirstanligi-yandi-video\/#article","isPartOf":{"@id":"https:\/\/www.meydan.tv\/az\/article\/yasamal-qebirstanligi-yandi-video\/"},"author":{"name":"user-manager","@id":"https:\/\/www.meydan.tv\/az\/#\/schema\/person\/10d11eccf6da3662cf5fdab9806ea91a"},"headline":"Yasamal q\u0259birstanl\u0131\u011f\u0131 yand\u0131 (V\u0130DEO)","datePublished":"2015-07-06T20:00:28+00:00","mainEntityOfPage":{"@id":"https:\/\/www.meydan.tv\/az\/article\/yasamal-qebirstanligi-yandi-video\/"},"wordCount":99,"publisher":{"@id":"https:\/\/www.meydan.tv\/az\/#organization"},"image":{"@id":"https:\/\/www.meydan.tv\/az\/article\/yasamal-qebirstanligi-yandi-video\/#primaryimage"},"thumbnailUrl":"https:\/\/www.meydan.tv\/wp-content\/uploads\/10592.jpg","articleSection":["Video"],"inLanguage":"az"},{"@type":"WebPage","@id":"https:\/\/www.meydan.tv\/az\/article\/yasamal-qebirstanligi-yandi-video\/","url":"https:\/\/www.meydan.tv\/az\/article\/yasamal-qebirstanligi-yandi-video\/","name":"Yasamal q\u0259birstanl\u0131\u011f\u0131 yand\u0131 (V\u0130DEO) - MEYDAN.TV","isPartOf":{"@id":"https:\/\/www.meydan.tv\/az\/#website"},"primaryImageOfPage":{"@id":"https:\/\/www.meydan.tv\/az\/article\/yasamal-qebirstanligi-yandi-video\/#primaryimage"},"image":{"@id":"https:\/\/www.meydan.tv\/az\/article\/yasamal-qebirstanligi-yandi-video\/#primaryimage"},"thumbnailUrl":"https:\/\/www.meydan.tv\/wp-content\/uploads\/10592.jpg","datePublished":"2015-07-06T20:00:28+00:00","breadcrumb":{"@id":"https:\/\/www.meydan.tv\/az\/article\/yasamal-qebirstanligi-yandi-video\/#breadcrumb"},"inLanguage":"az","potentialAction":[{"@type":"ReadAction","target":["https:\/\/www.meydan.tv\/az\/article\/yasamal-qebirstanligi-yandi-video\/"]}]},{"@type":"ImageObject","inLanguage":"az","@id":"https:\/\/www.meydan.tv\/az\/article\/yasamal-qebirstanligi-yandi-video\/#primaryimage","url":"https:\/\/www.meydan.tv\/wp-content\/uploads\/10592.jpg","contentUrl":"https:\/\/www.meydan.tv\/wp-content\/uploads\/10592.jpg","width":1249,"height":701,"caption":"Source:"},{"@type":"BreadcrumbList","@id":"https:\/\/www.meydan.tv\/az\/article\/yasamal-qebirstanligi-yandi-video\/#breadcrumb","itemListElement":[{"@type":"ListItem","position":1,"name":"Ana s\u0259hif\u0259","item":"https:\/\/www.meydan.tv\/az\/"},{"@type":"ListItem","position":2,"name":"Video","item":"https:\/\/www.meydan.tv\/az\/section\/video-2\/"},{"@type":"ListItem","position":3,"name":"Yasamal q\u0259birstanl\u0131\u011f\u0131 yand\u0131 (V\u0130DEO)"}]},{"@type":"WebSite","@id":"https:\/\/www.meydan.tv\/az\/#website","url":"https:\/\/www.meydan.tv\/az\/","name":"MEYDAN.TV","description":"Meydan TV Az\u0259rbaycan\u0131n media m\u0259kan\u0131ndak\u0131 alternativ s\u0259sidir","publisher":{"@id":"https:\/\/www.meydan.tv\/az\/#organization"},"potentialAction":[{"@type":"SearchAction","target":{"@type":"EntryPoint","urlTemplate":"https:\/\/www.meydan.tv\/az\/?s={search_term_string}"},"query-input":{"@type":"PropertyValueSpecification","valueRequired":true,"valueName":"search_term_string"}}],"inLanguage":"az"},{"@type":"Organization","@id":"https:\/\/www.meydan.tv\/az\/#organization","name":"Meydan TV","url":"https:\/\/www.meydan.tv\/az\/","logo":{"@type":"ImageObject","inLanguage":"az","@id":"https:\/\/www.meydan.tv\/az\/#\/schema\/logo\/image\/","url":"https:\/\/www.meydan.tv\/wp-content\/uploads\/2021\/07\/meydan-logo.svg","contentUrl":"https:\/\/www.meydan.tv\/wp-content\/uploads\/2021\/07\/meydan-logo.svg","width":195,"height":46,"caption":"Meydan TV"},"image":{"@id":"https:\/\/www.meydan.tv\/az\/#\/schema\/logo\/image\/"}},{"@type":"Person","@id":"https:\/\/www.meydan.tv\/az\/#\/schema\/person\/10d11eccf6da3662cf5fdab9806ea91a","name":"user-manager"}]}},"_links":{"self":[{"href":"https:\/\/www.meydan.tv\/az\/wp-json\/wp\/v2\/posts\/168782","targetHints":{"allow":["GET"]}}],"collection":[{"href":"https:\/\/www.meydan.tv\/az\/wp-json\/wp\/v2\/posts"}],"about":[{"href":"https:\/\/www.meydan.tv\/az\/wp-json\/wp\/v2\/types\/post"}],"author":[{"embeddable":true,"href":"https:\/\/www.meydan.tv\/az\/wp-json\/wp\/v2\/users\/11"}],"replies":[{"embeddable":true,"href":"https:\/\/www.meydan.tv\/az\/wp-json\/wp\/v2\/comments?post=168782"}],"version-history":[{"count":0,"href":"https:\/\/www.meydan.tv\/az\/wp-json\/wp\/v2\/posts\/168782\/revisions"}],"wp:featuredmedia":[{"embeddable":true,"href":"https:\/\/www.meydan.tv\/az\/wp-json\/wp\/v2\/media\/28618"}],"wp:attachment":[{"href":"https:\/\/www.meydan.tv\/az\/wp-json\/wp\/v2\/media?parent=168782"}],"wp:term":[{"taxonomy":"category","embeddable":true,"href":"https:\/\/www.meydan.tv\/az\/wp-json\/wp\/v2\/categories?post=168782"},{"taxonomy":"post_tag","embeddable":true,"href":"https:\/\/www.meydan.tv\/az\/wp-json\/wp\/v2\/tags?post=168782"}],"curies":[{"name":"wp","href":"https:\/\/api.w.org\/{rel}","templated":true}]}}