{"id":168773,"date":"2015-07-06T15:06:03","date_gmt":"2015-07-06T15:06:03","guid":{"rendered":"https:\/\/www.meydan.tv\/article\/dovsan-ulayan-zaman\/"},"modified":"2015-07-06T15:06:03","modified_gmt":"2015-07-06T15:06:03","slug":"dovsan-ulayan-zaman","status":"publish","type":"post","link":"https:\/\/www.meydan.tv\/az\/article\/dovsan-ulayan-zaman\/","title":{"rendered":"Dov\u015fan ulayan zaman&#8230;"},"content":{"rendered":"<figure class=\"wp-block-image size-large\">\n  <img decoding=\"async\" src=\"https:\/\/www.meydan.tv\/az\/28561\/\" alt=\"\" class=\"wp-image-28561\"\/><figcaption><\/figcaption><\/figure>\n<figure class=\"wp-block-image size-large\">\n  <img decoding=\"async\" src=\"https:\/\/www.meydan.tv\/az\/28564\/\" alt=\"\" class=\"wp-image-28564\"\/><figcaption><\/figcaption><\/figure>\n<p>\n  V\u0259t\u0259nd\u0259ki \u0259hvalatlar\u0131m davam edir. Yay\u0131n isti g\u00fcnl\u0259rind\u0259 gec\u0259nin ortas\u0131na kimi ham\u0131 a\u00e7\u0131q havada olur. Bu g\u00fcnl\u0259rd\u0259 gec\u0259 yar\u0131s\u0131 bulvardan avtobus dayanaca\u011f\u0131na ged\u0259nd\u0259, yolda yenid\u0259n bir \u0259\u015f\u015f\u0259d\u00fc-p..des ifad\u0259 e\u015fitdim. \u0130ki qaqa, \u0259ll\u0259rind\u0259 iPhone-filan, yolla ged\u0259-ged\u0259 dan\u0131\u015f\u0131rd\u0131lar, biri o birisin\u0259 deyirdi: \u201cM\u0259n, \u00fcmumiyy\u0259tl\u0259, avropala\u015fma\u011f\u0131n \u0259leyhin\u0259y\u0259m\u201d.\n<\/p>\n<p>\n  M\u0259ni t\u0259\u0259cc\u00fcbl\u0259ndirm\u0259k \u00e7\u0259tindir, amma z\u00f6vq almaq tam ba\u015fqad\u0131r \u2013 bunu e\u015fid\u0259nd\u0259 \u00e7ox\u00e7alarl\u0131 hissl\u0259r ke\u00e7irdim. \u018flad\u0131, qaqalar\u0131m\u0131z art\u0131q AzTV-ni birba\u015fa k\u00fc\u00e7\u0259d\u0259 translasiya edirl\u0259r, \u00f6z\u00fc d\u0259 tranzistorsuz-zads\u0131z. Y\u00fcz d\u0259f\u0259 demi\u015fdim ki, AzTV-nin yerd\u0259ki real m\u00fcc\u0259ssim\u0259si bo\u015f fiziki illuziyad\u0131r, \u0259slind\u0259 AzTV-ni ruhlar idar\u0259 edir, bu kanal birba\u015fa bizim varl\u0131\u011f\u0131m\u0131z\u0131n yarad\u0131c\u0131s\u0131 v\u0259 idar\u0259\u00e7i, ifad\u0259\u00e7isi v\u0259 ke\u00e7iricisidir, kims\u0259 inanm\u0131rd\u0131, g\u00fcl\u00fcrd\u00fc camaat\u0131m\u0131z.\n<\/p>\n<p>\n  \u018fla, dem\u0259k qaqalar \u201cavropala\u015fma\u011f\u0131n\u201d \u0259leyhin\u0259dir, bel\u0259 dey\u0259k, bir n\u00f6v \u201calternativ sivilizasiya\u201d arzusundad\u0131r. T\u0259xmin\u0259n Qumilyov-zad kimi, h\u0259l\u0259 b\u0259lk\u0259 sorsan, \u00fcst\u00fcnd\u0259n \u0259rz ed\u0259r ki, Osvald Spengler \u00e7oxdan deyib ki, \u201cAvropan\u0131n q\u00fcrubu\u201d ba\u015f verib, s\u0259n hardasan? Vallah dey\u0259r, bunlardan n\u0259 des\u0259n \u00e7\u0131xar, bird\u0259n biri durub dey\u0259r ki, vap\u015fe m\u0259d\u0259niyy\u0259tl\u0259 sivilizasiyan\u0131 definisiya etm\u0259k laz\u0131md\u0131-zad, qalarsan ortal\u0131qda. Tutal\u0131m ki, \u0259g\u0259r sivilizasiya \u201cpasledni madel ma\u015f\u0131nda\u201d (iPhon, b\u00fct\u00fcn texnoloji yenilikl\u0259r v\u0259 s.) g\u0259zm\u0259kdis\u0259 &#8211; o he\u00e7, onu edirik, laz\u0131md\u0131. Burada yaln\u0131z istehlak\u00e7\u0131 olma\u011f\u0131m\u0131z da he\u00e7 n\u0259, bo\u015f \u015feydi. Amma m\u0259d\u0259niyy\u0259t\u0259 qalanda, bu ba\u015fqa \u015feydi, qaqa, biz o Avropadak\u0131lar\u0131n tay\u0131 d\u00f6\u00f6r\u00fck, bizim qiry\u0259timiz-zad\u0131m\u0131z var e, m\u0259s\u0259lt\u00fcn, m\u0259hl\u0259d\u0259ki l\u00fcboy q\u0131za biz \u201catve\u00e7atuq\u201d. \u015e\u00fcbh\u0259siz, o evin qar\u015f\u0131s\u0131nda g\u0259nc o\u011flan\u0131 q\u0131zla \u00f6p\u00fc\u015fd\u00fcy\u00fc \u00fc\u00e7\u00fcn b\u0131\u00e7aqlay\u0131b \u00f6ld\u00fcr\u0259n qaqa da, onun h\u0259r\u0259k\u0259tini b\u0259y\u0259n\u0259nl\u0259r d\u0259 hesab edir ki, \u201cm\u00fchafiz\u0259kar d\u0259y\u0259rl\u0259r\u201d u\u011frunda edib bunu, el\u0259mi?\n<\/p>\n<p>\n  Anlay\u0131ram ki, m\u0259ntiq-filan-zad axtarmaq lap sonuncu s\u00f6hb\u0259tdi, m\u0259nas\u0131zl\u0131\u011f\u0131n ax\u0131r\u0131d\u0131, amma \u00f6z\u00fcm-\u00f6z\u00fcmd\u0259n soru\u015fmaq ist\u0259yir\u0259m ki, g\u00f6r\u0259n o qaqa avropala\u015fma\u011f\u0131 burada harada g\u00f6r\u00fcb ki, h\u0259l\u0259 bir \u0259leyhin\u0259dir d\u0259? Qaqa hardad\u0131 o \u201cavropala\u015fma\u201d, vallah, den\u0259n, bir biz d\u0259 g\u00f6r\u0259k, b\u0259lk\u0259 bizim \u00f6lk\u0259d\u0259 n\u0259 bilim, azad media var, yoxsa sosial rifah? B\u0259lk\u0259 azad se\u00e7ki-zad var, ya da keyfiyy\u0259tli t\u0259hsili v\u0259 ya Avropadak\u0131 s\u0259hiyy\u0259 xidm\u0259ti? B\u0259lk\u0259 real, \u0259lin bir i\u015far\u0259si il\u0259 susdurulmayacaq ciddi bir v\u0259t\u0259nda\u015f c\u0259miyy\u0259ti var, bizim x\u0259b\u0259rimiz yoxdu? B\u0259lk\u0259 \u015f\u0259ffaf bir hakimiyy\u0259t v\u0259 hesabatl\u0131 m\u0259mur y\u0131\u011f\u0131na\u011f\u0131 var, biz bilmirik?\n<\/p>\n<p>\n  Yax\u015f\u0131, bunlar c\u0259h\u0259nn\u0259m, siz\u0259 bunlar n\u0259 laz\u0131m, onda b\u0259lk\u0259 he\u00e7 olmazsa, m\u00fclkiyy\u0259tin toxunulmazl\u0131\u011f\u0131 var bizd\u0259, onlarda olan kimi? \u201cAvropala\u015fma\u201d daha nec\u0259 olur, oradak\u0131 c\u0259miyy\u0259tinin t\u0259m\u0259l bazisl\u0259ri bunlard\u0131r, daha elm v\u0259 texnologiyadan, b\u0259rab\u0259rlikd\u0259n, t\u0259r\u0259qqind\u0259n-filandan he\u00e7 dan\u0131\u015fm\u0131ram da. Tamam, \u201cB\u0259yin o\u011furlanmas\u0131\u201d filmind\u0259ki \u201cs\u0259ni g\u00f6rm\u0259s\u0259l\u0259r, yax\u015f\u0131d\u0131\u201d ifad\u0259si kimi &#8211; \u201cavropala\u015fma\u201d qaqa, feodal c\u0259miyy\u0259tinin \u0259n a\u015fa\u011f\u0131 t\u0259b\u0259q\u0259sind\u0259 ya\u015fa, m\u0259murlar otursun s\u0259nin ba\u015f\u0131nda, banan\u0131 da bir \u0259ld\u0259n al, alman\u0131 da, n\u0259 s\u0131\u011fortan olsun, n\u0259 d\u0259 sosial rifah\u0131n. T\u0259hsil d\u0259 ki, s\u0259n\u0259 he\u00e7 d\u00fcn\u0259nd\u0259n g\u0259r\u0259k deyil. B\u00fct\u00fcn g\u00fcn\u00fc d\u0259 el\u0259 q\u0259rbin texnologiyas\u0131n\u0131n yaratd\u0131\u011f\u0131 sosial \u015f\u0259b\u0259k\u0259l\u0259rd\u0259 bir t\u0259r\u0259fd\u0259n abstrakt \u201cqiry\u0259t\u201dd\u0259n dan\u0131\u015f, eyni zamanda da inbox\u2019da q\u0131z tutma\u011fa \u00e7al\u0131\u015f.\n<\/p>\n<p>\n  M\u0259n\u0259 maraql\u0131 olan bizim insanlarda az qala total hala \u00e7evrilmi\u015f \u015f\u0259xsiyy\u0259tin (problemsiz) ikil\u0259\u015fm\u0259si fenomenidir.\u00a0 Adi halda bu, bir \u015f\u0259xsin iki v\u0259 daha \u00e7ox m\u00fcxt\u0259lif \u015f\u0259xsiyy\u0259tl\u0259r\u0259 v\u0259 ya egolar\u0131nda ba\u015f ver\u0259n bir ruhi fenomen kimi izah edilir. D\u00fcnya psixiatriyas\u0131 bu fenomenin t\u0259dqiqin\u0259 uzun \u0259srl\u0259r s\u0259rf edib. Bir \u00e7ox pasientl\u0259rd\u0259 bu hal d\u0259rin depressiya, depersonalizasiyaya, d\u0259rin t\u0259\u015fvi\u015f hissin\u0259 (bu b\u0259z\u0259n bir ne\u00e7\u0259 d\u0259rin hissin \u2013 qorxu, k\u0259d\u0259r, untanc, g\u00fcnah v\u0259 s. kombinasiyas\u0131ndan ibar\u0259t olur), intihar c\u0259hdl\u0259rin\u0259 g\u0259tirir.\u00a0 Amma dey\u0259s\u0259n, b\u00fct\u00fcn bunlar\u0131n bizimkil\u0259r\u0259 \u0259sla d\u0259xli yoxdur. Bu bizimkil\u0259r deyil\u0259nl\u0259r he\u00e7 bir koqnitiv dissonans hissi ke\u00e7irm\u0259d\u0259n, ictimai olaraq qiry\u0259t-filan, ana-bac\u0131dan-zaddan dan\u0131\u015f\u0131b, el\u0259 paralel olaraq dan\u0131\u015fd\u0131\u011f\u0131n\u0131n \u0259ksini d\u0259 etm\u0259y\u0259 c\u0259hd g\u00f6st\u0259r\u0259 bil\u0259rl\u0259r, b\u00fct\u00fcn bunlar\u0131n da he\u00e7 bir \u0259lav\u0259 t\u0259sirl\u0259ri olmaz. Tam harmoniyadad\u0131rlar \u00f6zl\u0259ri \u00fc\u00e7\u00fcn. Ksenofobiya da, homofobiya da, yaltaql\u0131q da, \u201cqiry\u0259t\u201d da bunlarda. Bunlar paralel olaraq h\u0259m \u201cqiry\u0259tdi\u201d ola bil\u0259r, h\u0259m d\u0259 eyni zamanda \u201cbaz\u201d.\u00a0 El\u0259 bu g\u00fcnl\u0259rd\u0259 \u00f6z\u00fcn\u0259 ziyal\u0131-\u015fair-zad dey\u0259n bir \u201ca\u011fsaqqal\u201d dayday TV-d\u0259 bir m\u00fc\u011f\u0259nni xan\u0131mla dava sald\u0131, davan\u0131 da sal\u0131ban\u0131, handan bir \u00fczr d\u0259 ist\u0259di, sonra da m\u0259lum oldu ki, m\u00fc\u0259llim oldu\u011fu d\u00f6vrd\u0259 bir \u015fagirdini zorlay\u0131bm\u0131\u015f.\n<\/p>\n<p>\n  \u0130ndi d\u0259 TV-d\u0259 ham\u0131ya \u201cqiry\u0259t\u201d d\u0259rsi ke\u00e7ir. Pakiz\u0259. G\u00f6z\u0259l. \u0130nan\u0131n, o xan\u0131mla da he\u00e7 bir problemi olmayacaq, g\u00f6r\u0259rsiniz, \u0259slind\u0259 onlar dost olmal\u0131d\u0131rlar v\u0259 olacaqlar da, onlar\u0131n bir yerd\u0259 yenid\u0259n TV-d\u0259 \u00e7\u0131x\u0131\u015f ed\u0259n g\u00fcn\u00fcn\u0259 \u00e7ox qalmay\u0131b, d\u00fc\u015f\u00fcn\u00fcr\u0259m.\u00a0 V\u0259 bu da istisna-m\u00fcst\u0259sna-filan deyil, az qala \u00fcmumi hald\u0131r.\n<\/p>\n<p>\n  \u00a0Bunlar\u0131n sinir sistemi n\u0259 g\u00fccl\u00fc imi\u015f, ulu Tanr\u0131m? He\u00e7 psixoloji z\u0259rb\u0259-filan alm\u0131rm\u0131\u015f bunlar, n\u0259 d\u0259 \u0259s\u0259b g\u0259rginliyi ke\u00e7irmirmi\u015f bel\u0259 ikil\u0259\u015fm\u0259d\u0259n? Bizim \u0259halimizin dem\u0259k olar ki, \u00e7ox b\u00f6y\u00fck bir hiss\u0259si bu fenomen\u0259 art\u0131q yoluxub v\u0259 koqnitiv dissonans effekti bunlar \u00fc\u00e7\u00fcn yad bir \u015feydi.\n<\/p>\n<p>\n  Do\u011frudur, bu haqda bir zamanlar bu problematikadan yazan amerikal\u0131 m\u00fc\u0259llif Truddi Chase, \u00f6z\u00fcn\u00fcn m\u0259\u015fhur \u201cWhen rabbit howls\u201d (\u201cDov\u015fan ulayan zaman\u201d) \u0259s\u0259rind\u0259 \u015f\u0259xsiyy\u0259tin ikil\u0259\u015fm\u0259si m\u0259s\u0259l\u0259sini, sad\u0259c\u0259 olaraq insan \u015f\u00fcurunun variasiyalar\u0131ndan biri kimi (bizimkil\u0259rd\u0259 olan kimi he\u00e7 bir disharmoniyas\u0131z versiyan\u0131) n\u0259z\u0259rd\u0259n ke\u00e7irir. Amma el\u0259 oradaca bu variasiyalar\u0131n \u0259sas\u0259n u\u015faql\u0131qda alnm\u0131\u015f d\u0259rin psixoloji z\u0259rb\u0259l\u0259r v\u0259 zorak\u0131l\u0131qdan qaynaqland\u0131\u011f\u0131n\u0131 deyir.\n<\/p>\n<p>\n  \u018fslind\u0259, is\u0259 \u015f\u0259xsiyy\u0259tin ikil\u0259\u015fm\u0259si zaman\u0131 insan\u0131n ciddi psixoloji k\u00f6m\u0259y\u0259 ehtiyac\u0131 var. Bel\u0259 insanlar m\u00fcalic\u0259 olunmal\u0131d\u0131r. \u018fks halda, bu pis n\u0259tic\u0259l\u0259r ver\u0259 bil\u0259r v\u0259 g\u00f6rd\u00fcy\u00fcn\u00fcz kimi verib art\u0131q \u2013 bel\u0259 des\u0259k \u201cdov\u015fanlar ulay\u0131r\u201d \u0259traf\u0131n\u0131zda. \u018ftraf\u0131n\u0131za bir n\u0259z\u0259r sal\u0131n \u2013 buna \u0259min olacaqs\u0131n\u0131z.\n<\/p>\n<p>\n  <b><br \/>\n    Yaz\u0131dak\u0131 fikirl\u0259r m\u00fc\u0259llifin \u015f\u0259xsi m\u00f6vqeyini \u0259ks etdirir&#8230;<br \/>\n  <\/b><\/p>\n","protected":false},"excerpt":{"rendered":"<p>\u015e\u0259xsiyy\u0259tin (problemsiz) ikil\u0259\u015fm\u0259si fenomeni<\/p>\n","protected":false},"author":11,"featured_media":28561,"comment_status":"closed","ping_status":"open","sticky":false,"template":"","format":"standard","meta":{"_acf_changed":false,"_sitemap_exclude":false,"_sitemap_priority":"","_sitemap_frequency":"","footnotes":""},"categories":[57],"tags":[],"class_list":["post-168773","post","type-post","status-publish","format-standard","has-post-thumbnail","hentry","category-menim-fikrimce","infinite-scroll-item","generate-columns","tablet-grid-50","mobile-grid-100","grid-parent","grid-33","no-featured-image-padding"],"acf":[],"yoast_head":"<!-- This site is optimized with the Yoast SEO plugin v27.5 - https:\/\/yoast.com\/product\/yoast-seo-wordpress\/ -->\n<title>Dov\u015fan ulayan zaman... - MEYDAN.TV<\/title>\n<meta name=\"robots\" content=\"index, follow, max-snippet:-1, max-image-preview:large, max-video-preview:-1\" \/>\n<link rel=\"canonical\" href=\"https:\/\/www.meydan.tv\/az\/article\/dovsan-ulayan-zaman\/\" \/>\n<meta property=\"og:locale\" content=\"az_AZ\" \/>\n<meta property=\"og:type\" content=\"article\" \/>\n<meta property=\"og:title\" content=\"Dov\u015fan ulayan zaman... - MEYDAN.TV\" \/>\n<meta property=\"og:description\" content=\"\u015e\u0259xsiyy\u0259tin (problemsiz) ikil\u0259\u015fm\u0259si fenomeni\" \/>\n<meta property=\"og:url\" content=\"https:\/\/www.meydan.tv\/az\/article\/dovsan-ulayan-zaman\/\" \/>\n<meta property=\"og:site_name\" content=\"MEYDAN.TV\" \/>\n<meta property=\"article:published_time\" content=\"2015-07-06T15:06:03+00:00\" \/>\n<meta property=\"og:image\" content=\"https:\/\/www.meydan.tv\/wp-content\/uploads\/10571.jpg\" \/>\n\t<meta property=\"og:image:width\" content=\"500\" \/>\n\t<meta property=\"og:image:height\" content=\"500\" \/>\n\t<meta property=\"og:image:type\" content=\"image\/jpeg\" \/>\n<meta name=\"author\" content=\"user-manager\" \/>\n<meta name=\"twitter:card\" content=\"summary_large_image\" \/>\n<script type=\"application\/ld+json\" class=\"yoast-schema-graph\">{\"@context\":\"https:\\\/\\\/schema.org\",\"@graph\":[{\"@type\":\"Article\",\"@id\":\"https:\\\/\\\/www.meydan.tv\\\/az\\\/article\\\/dovsan-ulayan-zaman\\\/#article\",\"isPartOf\":{\"@id\":\"https:\\\/\\\/www.meydan.tv\\\/az\\\/article\\\/dovsan-ulayan-zaman\\\/\"},\"author\":{\"name\":\"user-manager\",\"@id\":\"https:\\\/\\\/www.meydan.tv\\\/az\\\/#\\\/schema\\\/person\\\/10d11eccf6da3662cf5fdab9806ea91a\"},\"headline\":\"Dov\u015fan ulayan zaman&#8230;\",\"datePublished\":\"2015-07-06T15:06:03+00:00\",\"mainEntityOfPage\":{\"@id\":\"https:\\\/\\\/www.meydan.tv\\\/az\\\/article\\\/dovsan-ulayan-zaman\\\/\"},\"wordCount\":1246,\"publisher\":{\"@id\":\"https:\\\/\\\/www.meydan.tv\\\/az\\\/#organization\"},\"image\":{\"@id\":\"https:\\\/\\\/www.meydan.tv\\\/az\\\/article\\\/dovsan-ulayan-zaman\\\/#primaryimage\"},\"thumbnailUrl\":\"https:\\\/\\\/www.meydan.tv\\\/wp-content\\\/uploads\\\/10571.jpg\",\"articleSection\":[\"M\u0259nim Fikrimc\u0259\"],\"inLanguage\":\"az\"},{\"@type\":\"WebPage\",\"@id\":\"https:\\\/\\\/www.meydan.tv\\\/az\\\/article\\\/dovsan-ulayan-zaman\\\/\",\"url\":\"https:\\\/\\\/www.meydan.tv\\\/az\\\/article\\\/dovsan-ulayan-zaman\\\/\",\"name\":\"Dov\u015fan ulayan zaman... - MEYDAN.TV\",\"isPartOf\":{\"@id\":\"https:\\\/\\\/www.meydan.tv\\\/az\\\/#website\"},\"primaryImageOfPage\":{\"@id\":\"https:\\\/\\\/www.meydan.tv\\\/az\\\/article\\\/dovsan-ulayan-zaman\\\/#primaryimage\"},\"image\":{\"@id\":\"https:\\\/\\\/www.meydan.tv\\\/az\\\/article\\\/dovsan-ulayan-zaman\\\/#primaryimage\"},\"thumbnailUrl\":\"https:\\\/\\\/www.meydan.tv\\\/wp-content\\\/uploads\\\/10571.jpg\",\"datePublished\":\"2015-07-06T15:06:03+00:00\",\"breadcrumb\":{\"@id\":\"https:\\\/\\\/www.meydan.tv\\\/az\\\/article\\\/dovsan-ulayan-zaman\\\/#breadcrumb\"},\"inLanguage\":\"az\",\"potentialAction\":[{\"@type\":\"ReadAction\",\"target\":[\"https:\\\/\\\/www.meydan.tv\\\/az\\\/article\\\/dovsan-ulayan-zaman\\\/\"]}]},{\"@type\":\"ImageObject\",\"inLanguage\":\"az\",\"@id\":\"https:\\\/\\\/www.meydan.tv\\\/az\\\/article\\\/dovsan-ulayan-zaman\\\/#primaryimage\",\"url\":\"https:\\\/\\\/www.meydan.tv\\\/wp-content\\\/uploads\\\/10571.jpg\",\"contentUrl\":\"https:\\\/\\\/www.meydan.tv\\\/wp-content\\\/uploads\\\/10571.jpg\",\"width\":500,\"height\":500,\"caption\":\"Source:\"},{\"@type\":\"BreadcrumbList\",\"@id\":\"https:\\\/\\\/www.meydan.tv\\\/az\\\/article\\\/dovsan-ulayan-zaman\\\/#breadcrumb\",\"itemListElement\":[{\"@type\":\"ListItem\",\"position\":1,\"name\":\"Ana s\u0259hif\u0259\",\"item\":\"https:\\\/\\\/www.meydan.tv\\\/az\\\/\"},{\"@type\":\"ListItem\",\"position\":2,\"name\":\"M\u0259nim Fikrimc\u0259\",\"item\":\"https:\\\/\\\/www.meydan.tv\\\/az\\\/section\\\/menim-fikrimce\\\/\"},{\"@type\":\"ListItem\",\"position\":3,\"name\":\"Dov\u015fan ulayan zaman&#8230;\"}]},{\"@type\":\"WebSite\",\"@id\":\"https:\\\/\\\/www.meydan.tv\\\/az\\\/#website\",\"url\":\"https:\\\/\\\/www.meydan.tv\\\/az\\\/\",\"name\":\"MEYDAN.TV\",\"description\":\"Meydan TV Az\u0259rbaycan\u0131n media m\u0259kan\u0131ndak\u0131 alternativ s\u0259sidir\",\"publisher\":{\"@id\":\"https:\\\/\\\/www.meydan.tv\\\/az\\\/#organization\"},\"potentialAction\":[{\"@type\":\"SearchAction\",\"target\":{\"@type\":\"EntryPoint\",\"urlTemplate\":\"https:\\\/\\\/www.meydan.tv\\\/az\\\/?s={search_term_string}\"},\"query-input\":{\"@type\":\"PropertyValueSpecification\",\"valueRequired\":true,\"valueName\":\"search_term_string\"}}],\"inLanguage\":\"az\"},{\"@type\":\"Organization\",\"@id\":\"https:\\\/\\\/www.meydan.tv\\\/az\\\/#organization\",\"name\":\"Meydan TV\",\"url\":\"https:\\\/\\\/www.meydan.tv\\\/az\\\/\",\"logo\":{\"@type\":\"ImageObject\",\"inLanguage\":\"az\",\"@id\":\"https:\\\/\\\/www.meydan.tv\\\/az\\\/#\\\/schema\\\/logo\\\/image\\\/\",\"url\":\"https:\\\/\\\/www.meydan.tv\\\/wp-content\\\/uploads\\\/2021\\\/07\\\/meydan-logo.svg\",\"contentUrl\":\"https:\\\/\\\/www.meydan.tv\\\/wp-content\\\/uploads\\\/2021\\\/07\\\/meydan-logo.svg\",\"width\":195,\"height\":46,\"caption\":\"Meydan TV\"},\"image\":{\"@id\":\"https:\\\/\\\/www.meydan.tv\\\/az\\\/#\\\/schema\\\/logo\\\/image\\\/\"}},{\"@type\":\"Person\",\"@id\":\"https:\\\/\\\/www.meydan.tv\\\/az\\\/#\\\/schema\\\/person\\\/10d11eccf6da3662cf5fdab9806ea91a\",\"name\":\"user-manager\"}]}<\/script>\n<!-- \/ Yoast SEO plugin. -->","yoast_head_json":{"title":"Dov\u015fan ulayan zaman... - MEYDAN.TV","robots":{"index":"index","follow":"follow","max-snippet":"max-snippet:-1","max-image-preview":"max-image-preview:large","max-video-preview":"max-video-preview:-1"},"canonical":"https:\/\/www.meydan.tv\/az\/article\/dovsan-ulayan-zaman\/","og_locale":"az_AZ","og_type":"article","og_title":"Dov\u015fan ulayan zaman... - MEYDAN.TV","og_description":"\u015e\u0259xsiyy\u0259tin (problemsiz) ikil\u0259\u015fm\u0259si fenomeni","og_url":"https:\/\/www.meydan.tv\/az\/article\/dovsan-ulayan-zaman\/","og_site_name":"MEYDAN.TV","article_published_time":"2015-07-06T15:06:03+00:00","og_image":[{"width":500,"height":500,"url":"https:\/\/www.meydan.tv\/wp-content\/uploads\/10571.jpg","type":"image\/jpeg"}],"author":"user-manager","twitter_card":"summary_large_image","schema":{"@context":"https:\/\/schema.org","@graph":[{"@type":"Article","@id":"https:\/\/www.meydan.tv\/az\/article\/dovsan-ulayan-zaman\/#article","isPartOf":{"@id":"https:\/\/www.meydan.tv\/az\/article\/dovsan-ulayan-zaman\/"},"author":{"name":"user-manager","@id":"https:\/\/www.meydan.tv\/az\/#\/schema\/person\/10d11eccf6da3662cf5fdab9806ea91a"},"headline":"Dov\u015fan ulayan zaman&#8230;","datePublished":"2015-07-06T15:06:03+00:00","mainEntityOfPage":{"@id":"https:\/\/www.meydan.tv\/az\/article\/dovsan-ulayan-zaman\/"},"wordCount":1246,"publisher":{"@id":"https:\/\/www.meydan.tv\/az\/#organization"},"image":{"@id":"https:\/\/www.meydan.tv\/az\/article\/dovsan-ulayan-zaman\/#primaryimage"},"thumbnailUrl":"https:\/\/www.meydan.tv\/wp-content\/uploads\/10571.jpg","articleSection":["M\u0259nim Fikrimc\u0259"],"inLanguage":"az"},{"@type":"WebPage","@id":"https:\/\/www.meydan.tv\/az\/article\/dovsan-ulayan-zaman\/","url":"https:\/\/www.meydan.tv\/az\/article\/dovsan-ulayan-zaman\/","name":"Dov\u015fan ulayan zaman... - MEYDAN.TV","isPartOf":{"@id":"https:\/\/www.meydan.tv\/az\/#website"},"primaryImageOfPage":{"@id":"https:\/\/www.meydan.tv\/az\/article\/dovsan-ulayan-zaman\/#primaryimage"},"image":{"@id":"https:\/\/www.meydan.tv\/az\/article\/dovsan-ulayan-zaman\/#primaryimage"},"thumbnailUrl":"https:\/\/www.meydan.tv\/wp-content\/uploads\/10571.jpg","datePublished":"2015-07-06T15:06:03+00:00","breadcrumb":{"@id":"https:\/\/www.meydan.tv\/az\/article\/dovsan-ulayan-zaman\/#breadcrumb"},"inLanguage":"az","potentialAction":[{"@type":"ReadAction","target":["https:\/\/www.meydan.tv\/az\/article\/dovsan-ulayan-zaman\/"]}]},{"@type":"ImageObject","inLanguage":"az","@id":"https:\/\/www.meydan.tv\/az\/article\/dovsan-ulayan-zaman\/#primaryimage","url":"https:\/\/www.meydan.tv\/wp-content\/uploads\/10571.jpg","contentUrl":"https:\/\/www.meydan.tv\/wp-content\/uploads\/10571.jpg","width":500,"height":500,"caption":"Source:"},{"@type":"BreadcrumbList","@id":"https:\/\/www.meydan.tv\/az\/article\/dovsan-ulayan-zaman\/#breadcrumb","itemListElement":[{"@type":"ListItem","position":1,"name":"Ana s\u0259hif\u0259","item":"https:\/\/www.meydan.tv\/az\/"},{"@type":"ListItem","position":2,"name":"M\u0259nim Fikrimc\u0259","item":"https:\/\/www.meydan.tv\/az\/section\/menim-fikrimce\/"},{"@type":"ListItem","position":3,"name":"Dov\u015fan ulayan zaman&#8230;"}]},{"@type":"WebSite","@id":"https:\/\/www.meydan.tv\/az\/#website","url":"https:\/\/www.meydan.tv\/az\/","name":"MEYDAN.TV","description":"Meydan TV Az\u0259rbaycan\u0131n media m\u0259kan\u0131ndak\u0131 alternativ s\u0259sidir","publisher":{"@id":"https:\/\/www.meydan.tv\/az\/#organization"},"potentialAction":[{"@type":"SearchAction","target":{"@type":"EntryPoint","urlTemplate":"https:\/\/www.meydan.tv\/az\/?s={search_term_string}"},"query-input":{"@type":"PropertyValueSpecification","valueRequired":true,"valueName":"search_term_string"}}],"inLanguage":"az"},{"@type":"Organization","@id":"https:\/\/www.meydan.tv\/az\/#organization","name":"Meydan TV","url":"https:\/\/www.meydan.tv\/az\/","logo":{"@type":"ImageObject","inLanguage":"az","@id":"https:\/\/www.meydan.tv\/az\/#\/schema\/logo\/image\/","url":"https:\/\/www.meydan.tv\/wp-content\/uploads\/2021\/07\/meydan-logo.svg","contentUrl":"https:\/\/www.meydan.tv\/wp-content\/uploads\/2021\/07\/meydan-logo.svg","width":195,"height":46,"caption":"Meydan TV"},"image":{"@id":"https:\/\/www.meydan.tv\/az\/#\/schema\/logo\/image\/"}},{"@type":"Person","@id":"https:\/\/www.meydan.tv\/az\/#\/schema\/person\/10d11eccf6da3662cf5fdab9806ea91a","name":"user-manager"}]}},"_links":{"self":[{"href":"https:\/\/www.meydan.tv\/az\/wp-json\/wp\/v2\/posts\/168773","targetHints":{"allow":["GET"]}}],"collection":[{"href":"https:\/\/www.meydan.tv\/az\/wp-json\/wp\/v2\/posts"}],"about":[{"href":"https:\/\/www.meydan.tv\/az\/wp-json\/wp\/v2\/types\/post"}],"author":[{"embeddable":true,"href":"https:\/\/www.meydan.tv\/az\/wp-json\/wp\/v2\/users\/11"}],"replies":[{"embeddable":true,"href":"https:\/\/www.meydan.tv\/az\/wp-json\/wp\/v2\/comments?post=168773"}],"version-history":[{"count":0,"href":"https:\/\/www.meydan.tv\/az\/wp-json\/wp\/v2\/posts\/168773\/revisions"}],"wp:featuredmedia":[{"embeddable":true,"href":"https:\/\/www.meydan.tv\/az\/wp-json\/wp\/v2\/media\/28561"}],"wp:attachment":[{"href":"https:\/\/www.meydan.tv\/az\/wp-json\/wp\/v2\/media?parent=168773"}],"wp:term":[{"taxonomy":"category","embeddable":true,"href":"https:\/\/www.meydan.tv\/az\/wp-json\/wp\/v2\/categories?post=168773"},{"taxonomy":"post_tag","embeddable":true,"href":"https:\/\/www.meydan.tv\/az\/wp-json\/wp\/v2\/tags?post=168773"}],"curies":[{"name":"wp","href":"https:\/\/api.w.org\/{rel}","templated":true}]}}