{"id":168770,"date":"2015-07-06T00:06:39","date_gmt":"2015-07-06T00:06:39","guid":{"rendered":"https:\/\/www.meydan.tv\/article\/uygur-turklerine-isgence-verilirmi\/"},"modified":"2015-07-06T00:06:39","modified_gmt":"2015-07-06T00:06:39","slug":"uygur-turklerine-isgence-verilirmi","status":"publish","type":"post","link":"https:\/\/www.meydan.tv\/az\/article\/uygur-turklerine-isgence-verilirmi\/","title":{"rendered":"Uy\u011fur T\u00fcrkl\u0259rin\u0259 i\u015fg\u0259nc\u0259 verilirmi?"},"content":{"rendered":"<figure class=\"wp-block-image size-large\">\n  <img decoding=\"async\" src=\"https:\/\/www.meydan.tv\/az\/28186\/\" alt=\"\" class=\"wp-image-28186\"\/><figcaption><\/figcaption><\/figure>\n<figure class=\"wp-block-image size-large\">\n  <img decoding=\"async\" src=\"https:\/\/www.meydan.tv\/az\/28189\/\" alt=\"\" class=\"wp-image-28189\"\/><figcaption><\/figcaption><\/figure>\n<p>\n  Bir ne\u00e7\u0259 g\u00fcnd\u00fcr sosial \u015f\u0259b\u0259k\u0259l\u0259rd\u0259 &#8220;\u00c7ind\u0259 uy\u011fur t\u00fcrkl\u0259rin\u0259 qar\u015f\u0131 q\u0259tliam olur&#8221; ba\u015fl\u0131ql\u0131 x\u0259b\u0259rl\u0259r oxuyuruq. M\u00fcxt\u0259lif i\u015fg\u0259nc\u0259 fotolar\u0131 yay\u0131mlan\u0131r. H\u0259l\u0259 ki, birc\u0259 d\u0259n\u0259 d\u0259 video rast\u0131ma \u00e7\u0131xmay\u0131b, d\u00fcz\u00fc.<\/p>\n<p>  Bu fotolar\u0131n b\u0259zil\u0259rini biz &#8220;Myanmarda q\u0259tliam var&#8221; m\u00f6vzular\u0131nda da g\u00f6rm\u00fc\u015fd\u00fck. Bu bax\u0131mdan bir balaca bu m\u00f6vzunu ara\u015fd\u0131rma\u011fa c\u0259hd etdim. Qeyd edim ki, \u015e\u0259kill\u0259rin bir \u00e7oxu \u0259sas\u0259n m\u00fcharib\u0259l\u0259rd\u0259n, Vyetnam, Hindistan, Pakistan, \u0130ndoneziya v\u0259 Yaponiyadak\u0131 q\u0259zalardan v\u0259 cinay\u0259tl\u0259rd\u0259n \u00e7\u0259kil\u0259n fotolard\u0131r.\n<\/p>\n<figure class=\"wp-block-image size-large\">\n  <img decoding=\"async\" src=\"https:\/\/www.meydan.tv\/az\/28516\/\" alt=\"\" class=\"wp-image-28516\"\/><figcaption><\/figcaption><\/figure>\n<p>\n  \u015e\u0259kil 2013-c\u00fc il\u0259 aiddir. \u00c7ind\u0259 anas\u0131 t\u0259r\u0259find\u0259n d\u00f6y\u00fcl\u0259r\u0259k pis hala sal\u0131nm\u0131\u015f \u00e7inli u\u015faq &#8211;<br \/>\n  <a href=\"http:\/\/edition.myjoyonline.com\/pages\/news\/201307\/109321.php\" target=\"_blank\" rel=\"noopener\"><br \/>\n    M\u0259nb\u0259<br \/>\n  <\/a>\n<\/p>\n<\/p>\n<figure class=\"wp-block-image size-large\">\n  <img decoding=\"async\" src=\"https:\/\/www.meydan.tv\/az\/28519\/\" alt=\"\" class=\"wp-image-28519\"\/><figcaption><\/figcaption><\/figure>\n<p>\n  Bu da \u0259n \u00e7ox payla\u015f\u0131lan v\u0259 uy\u011furlara edil\u0259n i\u015fg\u0259nc\u0259l\u0259r kimi s\u0131r\u0131d\u0131lan n\u00f6vb\u0259ti anas\u0131 t\u0259r\u0259find\u0259n d\u00f6y\u00fcl\u0259r\u0259k bu v\u0259ziyy\u0259t\u0259 sal\u0131nan bir u\u015faq. \u00d6z\u00fcd\u0259 foto Filippin\u0259 aiddir &#8211;<br \/>\n  <a href=\"http:\/\/www.dailymail.co.uk\/news\/article-3097933\/Child-filmed-dragged-LEASH-mother-taken-care-Philippines.html\" target=\"_blank\" rel=\"noopener\"><br \/>\n    M\u0259nb\u0259<br \/>\n  <\/a>\n<\/p>\n<figure class=\"wp-block-image size-large\">\n  <img decoding=\"async\" src=\"https:\/\/www.meydan.tv\/az\/28522\/\" alt=\"\" class=\"wp-image-28522\"\/><figcaption><\/figcaption><\/figure>\n<p>\n  Bu v\u0259 b\u0259nz\u0259ri fotolar 2004-c\u00fc il\u0259 aiddir. \u00c7ind\u0259 bir m\u00fcxalif f\u0259al \u00f6z hakimiyy\u0259tl\u0259rinin polis b\u00f6lm\u0259sind\u0259 xalqa veril\u0259n \u0259ziyy\u0259tl\u0259ri ictimaiyy\u0259t\u0259 g\u00f6st\u0259rm\u0259k \u00fc\u00e7\u00fcn \u00f6z \u00fcz\u0259rind\u0259 bunu canland\u0131r\u0131r v\u0259 \u00f6z bloqunda payla\u015f\u0131b &#8211;<br \/>\n  <a href=\"http:\/\/www.clearwisdom.net\/emh\/articles\/2004\/8\/31\/51920.html\" target=\"_blank\" rel=\"noopener\"><br \/>\n    M\u0259nb\u0259<br \/>\n  <\/a>\n<\/p>\n<\/p>\n<figure class=\"wp-block-image size-large\">\n  <img decoding=\"async\" src=\"https:\/\/www.meydan.tv\/az\/28525\/\" alt=\"\" class=\"wp-image-28525\"\/><figcaption><\/figcaption><\/figure>\n<p>\n  Bu fotolardan sosial \u015f\u0259b\u0259k\u0259l\u0259rd\u0259 xeyli payla\u015f\u0131l\u0131r. G\u00fcya \u00c7ind\u0259ki m\u00fcs\u0259lman-uy\u011fur qarda\u015flar\u0131m\u0131z\u0131 oruc tutma\u011fa qoymurlarm\u0131\u015f v\u0259 onlara m\u0259cbur su i\u00e7irib, oruclar\u0131n\u0131 a\u00e7d\u0131r\u0131rlarm\u0131\u015f. Amma bu fotolara b\u0259nz\u0259r hadis\u0259l\u0259r\u00a0 2003-c\u00fc ill\u0259r\u0259 aiddir. \u00c7in polisinin i\u015fg\u0259nc\u0259si n\u0259tic\u0259sind\u0259 Henan \u00c7in Evi Kils\u0259sinin n\u00fcmay\u0259nd\u0259l\u0259rin\u0259 edil\u0259n i\u015fg\u0259nc\u0259l\u0259rdir. Oruc tutan uy\u011fur m\u00fcs\u0259lmanlarla he\u00e7 bir \u0259laq\u0259si yoxdur &#8211;<br \/>\n  <a href=\"http:\/\/www.geocities.ws\/mstkg\/tort.htm\" target=\"_blank\" rel=\"noopener\"><br \/>\n    M\u0259nb\u0259<br \/>\n  <\/a>\n<\/p>\n<\/p>\n<figure class=\"wp-block-image size-large\">\n  <img decoding=\"async\" src=\"https:\/\/www.meydan.tv\/az\/28531\/\" alt=\"\" class=\"wp-image-28531\"\/><figcaption><\/figcaption><\/figure>\n<p>\n  \u00c7in olimpiya oyunlar\u0131na \u00e7ox ciddi c\u0259hdl\u0259 haz\u0131rla\u015fd\u0131\u011f\u0131 \u00fc\u00e7\u00fcn yuxar\u0131dak\u0131 foto da m\u0259hz olimpiya oyunlar\u0131na haz\u0131rla\u015fd\u0131r\u0131lan u\u015faqlar \u00fcz\u0259rind\u0259 i\u015fg\u0259nc\u0259l\u0259ri \u0259ks etdirir. Bu kimi fotolar\u0131n uy\u011fur xalq\u0131 il\u0259 he\u00e7 bir \u0259laq\u0259si yoxdur &#8211;<br \/>\n  <a href=\"http:\/\/www.indiatimes.com\/news\/sports\/how-does-china-keep-producing-olympic-champions-228758.html\" target=\"_blank\" rel=\"noopener\"><br \/>\n    M\u0259nb\u0259<br \/>\n  <\/a>\n<\/p>\n<figure class=\"wp-block-image size-large\">\n  <img decoding=\"async\" src=\"https:\/\/www.meydan.tv\/az\/28528\/\" alt=\"\" class=\"wp-image-28528\"\/><figcaption><\/figcaption><\/figure>\n<p>\n  Bu \u015f\u0259kil is\u0259 1950-ci ill\u0259rd\u0259 C\u0259nubi Vyetnamda sa\u011f\u00e7\u0131 h\u00f6k\u00fcm\u0259t d\u00f6vr\u00fcnd\u0259 \u00e7\u0259kilib. Ramazan ay\u0131nda m\u00fcs\u0259lmanlar\u0131n inanc\u0131, orucu \u00fcz\u0259rind\u0259n yalan dan\u0131\u015faraq siyas\u0259t y\u00fcr\u00fcd\u0259n saxtakarlara inanmay\u0131n.\n<\/p>\n<p>\n  Maraqli bir qeyd d\u0259 edim. \u00c7ind\u0259 uy\u011furlara, uy\u011fur dilind\u0259 dan\u0131\u015fmaq yasaqd\u0131r deyirl\u0259r. SSR\u0130 d\u00f6vr\u00fcnd\u0259, Az\u0259rbaycanda, az\u0259rbaycanl\u0131lar nec\u0259 \u00f6z ana dill\u0259rind\u0259 dan\u0131\u015f\u0131rd\u0131larsa, orada da v\u0259ziyy\u0259t eynidir. H\u0259tta \u00c7in milli valyutas\u0131 Yuan \u00fcz\u0259rind\u0259 dig\u0259r etnikl\u0259rl\u0259 b\u0259rab\u0259r uy\u011furca da s\u00f6zl\u0259r yer al\u0131b.\n<\/p>\n<figure class=\"wp-block-image size-large\">\n  <img decoding=\"async\" src=\"https:\/\/www.meydan.tv\/az\/28534\/\" alt=\"\" class=\"wp-image-28534\"\/><figcaption><\/figcaption><\/figure>\n<p>  \u00c7ind\u0259 kommunist bir rejimin m\u00f6vcud oldu\u011funu ham\u0131 y\u0259qin ki, bilir. Bel\u0259 oldu\u011fu t\u0259qdird\u0259 \u0259lb\u0259tt\u0259 ki, orda bir \u00e7ox yasaqlar\u0131n, qanunsuzluqlar\u0131n m\u00f6vcudlu\u011funu danmaq m\u00fcmk\u00fcns\u00fczd\u00fcr. Amma bu milli, dini kimlikd\u0259n asl\u0131 omlayaraq h\u0259r k\u0259s\u0259 \u015famil edilir.\n<\/p>\n<figure class=\"wp-block-image size-large\">\n  <img decoding=\"async\" src=\"https:\/\/www.meydan.tv\/az\/28537\/\" alt=\"\" class=\"wp-image-28537\"\/><figcaption><\/figcaption><\/figure>\n<p>  \u018fg\u0259r s\u0259n bir z\u00fclm\u00fc, haqs\u0131zl\u0131\u011f\u0131 g\u00f6st\u0259rm\u0259k ist\u0259yirs\u0259ns\u0259, bunun \u00fc\u00e7\u00fcn ba\u015fqa bir haqs\u0131zl\u0131q etm\u0259k, yalan dan\u0131\u015faraq, saxtakarl\u0131q ed\u0259r\u0259k buna nail olmaq olmaz. B\u0259lk\u0259 d\u0259 h\u0259qiq\u0259t\u0259n \u015e\u0259rqi T\u00fcrkistanda n\u0259l\u0259rs\u0259 ba\u015f verir amma 21-ci \u0259srd\u0259, texnologiyan\u0131n pik inki\u015faf\u0131n\u0131 ya\u015fad\u0131\u011f\u0131m\u0131z \u00e7a\u011fda, n\u0259 \u00fc\u00e7\u00fcn yeni v\u0259 aktual fotolar yox, 5-10 il \u00f6nc\u0259nin, \u00f6z\u00fcd\u0259 m\u00f6vzu il\u0259 \u0259laq\u0259si olmayan fotolar\u0131 payla\u015f\u0131l\u0131r?<\/p>\n<p>  H\u0259l\u0259 i\u015fin \u0259n absurd v\u0259 r\u00fcsvay\u00e7\u0131 t\u0259r\u0259fi is\u0259 d\u00fcn\u0259n \u0130stanbulda uy\u011fur t\u00fcrkl\u0259rin\u0259 d\u0259st\u0259k olmaq \u00fc\u00e7\u00fcn, koreyal\u0131 turistl\u0259ri &#8220;\u00e7inli&#8221; z\u0259nn edib<br \/>\n  <a href=\"https:\/\/youtu.be\/1SVCv9Q0szg\" target=\"_blank\" rel=\"noopener\"><br \/>\n    h\u00fccum edibl\u0259r<br \/>\n  <\/a><br \/>\n  . Bak\u0131da v\u0259 d\u00fcnyan\u0131n bir \u00e7ox \u015f\u0259h\u0259rl\u0259rind\u0259 d\u0259 uy\u011furlara d\u0259st\u0259k aksiyalar\u0131 ke\u00e7irilir, q\u0259tliam\u0131n olub-olmamas\u0131 is\u0259 b\u00f6y\u00fck sual alt\u0131ndad\u0131r.<\/p>\n<p>  Bir daha deyir\u0259m ki, fotolar\u0131n saxta olmas\u0131 da o m\u0259naya g\u0259lmi ki, orda h\u0259r \u015fey \u0259lad\u0131r v\u0259 ya c\u0259nn\u0259tdir. \u00c7ind\u0259 56 etnik ya\u015fay\u0131r v\u0259 onlar h\u0259r biri \u00c7in Xalq Respublikas\u0131n\u0131n kommunist qanunlar\u0131na tabedirl\u0259r. Amma yuxar\u0131da payla\u015fd\u0131\u011f\u0131m v\u0259 bu m\u00f6vzuda sosial \u015f\u0259b\u0259k\u0259l\u0259ri a\u011fu\u015funa alan fotolar\u0131n birid\u0259mi d\u00fcz olmaz? \u0259g\u0259r orada h\u0259qiq\u0259t\u0259n i\u015fg\u0259nc\u0259, q\u0259tliamlar varsa, n\u0259 \u00fc\u00e7\u00fcn bu q\u0259d\u0259r saxta fotolar yay\u0131l\u0131r?\n<\/p>\n<p>\n  \u018fg\u0259r oralarda \u00e7ox ciddi probleml\u0259r varsa bel\u0259, bu q\u0259d\u0259r saxta payla\u015f\u0131mlar o ciddiliy\u0259 k\u00f6lg\u0259 sal\u0131r. M\u0259nas\u0131z mill\u0259t\u00e7ilik etm\u0259kd\u0259ns\u0259, daha d\u0259qiq v\u0259 tutarl\u0131 m\u0259lumatlar \u00f6yr\u0259nib, payla\u015fmaq laz\u0131md\u0131r.\n<\/p>\n<p>\n  Texnologiya inki\u015faf etdikc\u0259, t\u0259ss\u00fcfl\u0259r olsun ki, m\u0259lumat kirliliyini d\u0259 b\u0259rab\u0259rind\u0259 g\u0259tirir. Biz d\u0259f\u0259l\u0259rl\u0259 \u00f6z v\u0259t\u0259nimizl\u0259 ba\u011fl\u0131 da kirli m\u0259lumatlar, saxta foto v\u0259 videolar\u0131n \u015fahidi olmu\u015fuq. Siz d\u0259 \u00e7al\u0131\u015f\u0131n h\u0259r g\u00f6rd\u00fcy\u00fcn\u00fcz, siz\u0259 s\u0131r\u0131nma\u011fa \u00e7al\u0131\u015fan propoqanda niyy\u0259tli x\u0259b\u0259rl\u0259r\u0259 aldanmayas\u0131n\u0131z v\u0259 imkan verm\u0259yin ki, sizin dini v\u0259 milli hisl\u0259rinizi istismar etsinl\u0259r, sizinl\u0259 m\u0259z\u0259l\u0259nsinl\u0259r.\n<\/p>\n<p>\n  <b><br \/>\n    Yaz\u0131dak\u0131 fikirl\u0259r m\u00fc\u0259llif\u0259 m\u0259xsusdur v\u0259 onlara g\u00f6r\u0259 Meydan TV m\u0259suliyy\u0259t da\u015f\u0131m\u0131r.<br \/>\n  <\/b><\/p>\n","protected":false},"excerpt":{"rendered":"<p>\u0130\u015fk\u0259nc\u0259 fotolar\u0131: saxta mill\u0259t\u00e7iliyin r\u00fcsvay\u00e7\u0131l\u0131\u011f\u0131<\/p>\n","protected":false},"author":11,"featured_media":28186,"comment_status":"closed","ping_status":"open","sticky":false,"template":"","format":"standard","meta":{"_acf_changed":false,"_sitemap_exclude":false,"_sitemap_priority":"","_sitemap_frequency":"","footnotes":""},"categories":[57],"tags":[],"class_list":["post-168770","post","type-post","status-publish","format-standard","has-post-thumbnail","hentry","category-menim-fikrimce","infinite-scroll-item","generate-columns","tablet-grid-50","mobile-grid-100","grid-parent","grid-33","no-featured-image-padding"],"acf":[],"yoast_head":"<!-- This site is optimized with the Yoast SEO plugin v27.5 - https:\/\/yoast.com\/product\/yoast-seo-wordpress\/ -->\n<title>Uy\u011fur T\u00fcrkl\u0259rin\u0259 i\u015fg\u0259nc\u0259 verilirmi? - MEYDAN.TV<\/title>\n<meta name=\"robots\" content=\"index, follow, max-snippet:-1, max-image-preview:large, max-video-preview:-1\" \/>\n<link rel=\"canonical\" href=\"https:\/\/www.meydan.tv\/az\/article\/uygur-turklerine-isgence-verilirmi\/\" \/>\n<meta property=\"og:locale\" content=\"az_AZ\" \/>\n<meta property=\"og:type\" content=\"article\" \/>\n<meta property=\"og:title\" content=\"Uy\u011fur T\u00fcrkl\u0259rin\u0259 i\u015fg\u0259nc\u0259 verilirmi? - MEYDAN.TV\" \/>\n<meta property=\"og:description\" content=\"\u0130\u015fk\u0259nc\u0259 fotolar\u0131: saxta mill\u0259t\u00e7iliyin r\u00fcsvay\u00e7\u0131l\u0131\u011f\u0131\" \/>\n<meta property=\"og:url\" content=\"https:\/\/www.meydan.tv\/az\/article\/uygur-turklerine-isgence-verilirmi\/\" \/>\n<meta property=\"og:site_name\" content=\"MEYDAN.TV\" \/>\n<meta property=\"article:published_time\" content=\"2015-07-06T00:06:39+00:00\" \/>\n<meta property=\"og:image\" content=\"https:\/\/www.meydan.tv\/wp-content\/uploads\/10420.jpg\" \/>\n\t<meta property=\"og:image:width\" content=\"355\" \/>\n\t<meta property=\"og:image:height\" content=\"400\" \/>\n\t<meta property=\"og:image:type\" content=\"image\/jpeg\" \/>\n<meta name=\"author\" content=\"user-manager\" \/>\n<meta name=\"twitter:card\" content=\"summary_large_image\" \/>\n<script type=\"application\/ld+json\" class=\"yoast-schema-graph\">{\"@context\":\"https:\\\/\\\/schema.org\",\"@graph\":[{\"@type\":\"Article\",\"@id\":\"https:\\\/\\\/www.meydan.tv\\\/az\\\/article\\\/uygur-turklerine-isgence-verilirmi\\\/#article\",\"isPartOf\":{\"@id\":\"https:\\\/\\\/www.meydan.tv\\\/az\\\/article\\\/uygur-turklerine-isgence-verilirmi\\\/\"},\"author\":{\"name\":\"user-manager\",\"@id\":\"https:\\\/\\\/www.meydan.tv\\\/az\\\/#\\\/schema\\\/person\\\/10d11eccf6da3662cf5fdab9806ea91a\"},\"headline\":\"Uy\u011fur T\u00fcrkl\u0259rin\u0259 i\u015fg\u0259nc\u0259 verilirmi?\",\"datePublished\":\"2015-07-06T00:06:39+00:00\",\"mainEntityOfPage\":{\"@id\":\"https:\\\/\\\/www.meydan.tv\\\/az\\\/article\\\/uygur-turklerine-isgence-verilirmi\\\/\"},\"wordCount\":970,\"publisher\":{\"@id\":\"https:\\\/\\\/www.meydan.tv\\\/az\\\/#organization\"},\"image\":{\"@id\":\"https:\\\/\\\/www.meydan.tv\\\/az\\\/article\\\/uygur-turklerine-isgence-verilirmi\\\/#primaryimage\"},\"thumbnailUrl\":\"https:\\\/\\\/www.meydan.tv\\\/wp-content\\\/uploads\\\/10420.jpg\",\"articleSection\":[\"M\u0259nim Fikrimc\u0259\"],\"inLanguage\":\"az\"},{\"@type\":\"WebPage\",\"@id\":\"https:\\\/\\\/www.meydan.tv\\\/az\\\/article\\\/uygur-turklerine-isgence-verilirmi\\\/\",\"url\":\"https:\\\/\\\/www.meydan.tv\\\/az\\\/article\\\/uygur-turklerine-isgence-verilirmi\\\/\",\"name\":\"Uy\u011fur T\u00fcrkl\u0259rin\u0259 i\u015fg\u0259nc\u0259 verilirmi? - MEYDAN.TV\",\"isPartOf\":{\"@id\":\"https:\\\/\\\/www.meydan.tv\\\/az\\\/#website\"},\"primaryImageOfPage\":{\"@id\":\"https:\\\/\\\/www.meydan.tv\\\/az\\\/article\\\/uygur-turklerine-isgence-verilirmi\\\/#primaryimage\"},\"image\":{\"@id\":\"https:\\\/\\\/www.meydan.tv\\\/az\\\/article\\\/uygur-turklerine-isgence-verilirmi\\\/#primaryimage\"},\"thumbnailUrl\":\"https:\\\/\\\/www.meydan.tv\\\/wp-content\\\/uploads\\\/10420.jpg\",\"datePublished\":\"2015-07-06T00:06:39+00:00\",\"breadcrumb\":{\"@id\":\"https:\\\/\\\/www.meydan.tv\\\/az\\\/article\\\/uygur-turklerine-isgence-verilirmi\\\/#breadcrumb\"},\"inLanguage\":\"az\",\"potentialAction\":[{\"@type\":\"ReadAction\",\"target\":[\"https:\\\/\\\/www.meydan.tv\\\/az\\\/article\\\/uygur-turklerine-isgence-verilirmi\\\/\"]}]},{\"@type\":\"ImageObject\",\"inLanguage\":\"az\",\"@id\":\"https:\\\/\\\/www.meydan.tv\\\/az\\\/article\\\/uygur-turklerine-isgence-verilirmi\\\/#primaryimage\",\"url\":\"https:\\\/\\\/www.meydan.tv\\\/wp-content\\\/uploads\\\/10420.jpg\",\"contentUrl\":\"https:\\\/\\\/www.meydan.tv\\\/wp-content\\\/uploads\\\/10420.jpg\",\"width\":355,\"height\":400,\"caption\":\"Source:\"},{\"@type\":\"BreadcrumbList\",\"@id\":\"https:\\\/\\\/www.meydan.tv\\\/az\\\/article\\\/uygur-turklerine-isgence-verilirmi\\\/#breadcrumb\",\"itemListElement\":[{\"@type\":\"ListItem\",\"position\":1,\"name\":\"Ana s\u0259hif\u0259\",\"item\":\"https:\\\/\\\/www.meydan.tv\\\/az\\\/\"},{\"@type\":\"ListItem\",\"position\":2,\"name\":\"M\u0259nim Fikrimc\u0259\",\"item\":\"https:\\\/\\\/www.meydan.tv\\\/az\\\/section\\\/menim-fikrimce\\\/\"},{\"@type\":\"ListItem\",\"position\":3,\"name\":\"Uy\u011fur T\u00fcrkl\u0259rin\u0259 i\u015fg\u0259nc\u0259 verilirmi?\"}]},{\"@type\":\"WebSite\",\"@id\":\"https:\\\/\\\/www.meydan.tv\\\/az\\\/#website\",\"url\":\"https:\\\/\\\/www.meydan.tv\\\/az\\\/\",\"name\":\"MEYDAN.TV\",\"description\":\"Meydan TV Az\u0259rbaycan\u0131n media m\u0259kan\u0131ndak\u0131 alternativ s\u0259sidir\",\"publisher\":{\"@id\":\"https:\\\/\\\/www.meydan.tv\\\/az\\\/#organization\"},\"potentialAction\":[{\"@type\":\"SearchAction\",\"target\":{\"@type\":\"EntryPoint\",\"urlTemplate\":\"https:\\\/\\\/www.meydan.tv\\\/az\\\/?s={search_term_string}\"},\"query-input\":{\"@type\":\"PropertyValueSpecification\",\"valueRequired\":true,\"valueName\":\"search_term_string\"}}],\"inLanguage\":\"az\"},{\"@type\":\"Organization\",\"@id\":\"https:\\\/\\\/www.meydan.tv\\\/az\\\/#organization\",\"name\":\"Meydan TV\",\"url\":\"https:\\\/\\\/www.meydan.tv\\\/az\\\/\",\"logo\":{\"@type\":\"ImageObject\",\"inLanguage\":\"az\",\"@id\":\"https:\\\/\\\/www.meydan.tv\\\/az\\\/#\\\/schema\\\/logo\\\/image\\\/\",\"url\":\"https:\\\/\\\/www.meydan.tv\\\/wp-content\\\/uploads\\\/2021\\\/07\\\/meydan-logo.svg\",\"contentUrl\":\"https:\\\/\\\/www.meydan.tv\\\/wp-content\\\/uploads\\\/2021\\\/07\\\/meydan-logo.svg\",\"width\":195,\"height\":46,\"caption\":\"Meydan TV\"},\"image\":{\"@id\":\"https:\\\/\\\/www.meydan.tv\\\/az\\\/#\\\/schema\\\/logo\\\/image\\\/\"}},{\"@type\":\"Person\",\"@id\":\"https:\\\/\\\/www.meydan.tv\\\/az\\\/#\\\/schema\\\/person\\\/10d11eccf6da3662cf5fdab9806ea91a\",\"name\":\"user-manager\"}]}<\/script>\n<!-- \/ Yoast SEO plugin. -->","yoast_head_json":{"title":"Uy\u011fur T\u00fcrkl\u0259rin\u0259 i\u015fg\u0259nc\u0259 verilirmi? - MEYDAN.TV","robots":{"index":"index","follow":"follow","max-snippet":"max-snippet:-1","max-image-preview":"max-image-preview:large","max-video-preview":"max-video-preview:-1"},"canonical":"https:\/\/www.meydan.tv\/az\/article\/uygur-turklerine-isgence-verilirmi\/","og_locale":"az_AZ","og_type":"article","og_title":"Uy\u011fur T\u00fcrkl\u0259rin\u0259 i\u015fg\u0259nc\u0259 verilirmi? - MEYDAN.TV","og_description":"\u0130\u015fk\u0259nc\u0259 fotolar\u0131: saxta mill\u0259t\u00e7iliyin r\u00fcsvay\u00e7\u0131l\u0131\u011f\u0131","og_url":"https:\/\/www.meydan.tv\/az\/article\/uygur-turklerine-isgence-verilirmi\/","og_site_name":"MEYDAN.TV","article_published_time":"2015-07-06T00:06:39+00:00","og_image":[{"width":355,"height":400,"url":"https:\/\/www.meydan.tv\/wp-content\/uploads\/10420.jpg","type":"image\/jpeg"}],"author":"user-manager","twitter_card":"summary_large_image","schema":{"@context":"https:\/\/schema.org","@graph":[{"@type":"Article","@id":"https:\/\/www.meydan.tv\/az\/article\/uygur-turklerine-isgence-verilirmi\/#article","isPartOf":{"@id":"https:\/\/www.meydan.tv\/az\/article\/uygur-turklerine-isgence-verilirmi\/"},"author":{"name":"user-manager","@id":"https:\/\/www.meydan.tv\/az\/#\/schema\/person\/10d11eccf6da3662cf5fdab9806ea91a"},"headline":"Uy\u011fur T\u00fcrkl\u0259rin\u0259 i\u015fg\u0259nc\u0259 verilirmi?","datePublished":"2015-07-06T00:06:39+00:00","mainEntityOfPage":{"@id":"https:\/\/www.meydan.tv\/az\/article\/uygur-turklerine-isgence-verilirmi\/"},"wordCount":970,"publisher":{"@id":"https:\/\/www.meydan.tv\/az\/#organization"},"image":{"@id":"https:\/\/www.meydan.tv\/az\/article\/uygur-turklerine-isgence-verilirmi\/#primaryimage"},"thumbnailUrl":"https:\/\/www.meydan.tv\/wp-content\/uploads\/10420.jpg","articleSection":["M\u0259nim Fikrimc\u0259"],"inLanguage":"az"},{"@type":"WebPage","@id":"https:\/\/www.meydan.tv\/az\/article\/uygur-turklerine-isgence-verilirmi\/","url":"https:\/\/www.meydan.tv\/az\/article\/uygur-turklerine-isgence-verilirmi\/","name":"Uy\u011fur T\u00fcrkl\u0259rin\u0259 i\u015fg\u0259nc\u0259 verilirmi? - MEYDAN.TV","isPartOf":{"@id":"https:\/\/www.meydan.tv\/az\/#website"},"primaryImageOfPage":{"@id":"https:\/\/www.meydan.tv\/az\/article\/uygur-turklerine-isgence-verilirmi\/#primaryimage"},"image":{"@id":"https:\/\/www.meydan.tv\/az\/article\/uygur-turklerine-isgence-verilirmi\/#primaryimage"},"thumbnailUrl":"https:\/\/www.meydan.tv\/wp-content\/uploads\/10420.jpg","datePublished":"2015-07-06T00:06:39+00:00","breadcrumb":{"@id":"https:\/\/www.meydan.tv\/az\/article\/uygur-turklerine-isgence-verilirmi\/#breadcrumb"},"inLanguage":"az","potentialAction":[{"@type":"ReadAction","target":["https:\/\/www.meydan.tv\/az\/article\/uygur-turklerine-isgence-verilirmi\/"]}]},{"@type":"ImageObject","inLanguage":"az","@id":"https:\/\/www.meydan.tv\/az\/article\/uygur-turklerine-isgence-verilirmi\/#primaryimage","url":"https:\/\/www.meydan.tv\/wp-content\/uploads\/10420.jpg","contentUrl":"https:\/\/www.meydan.tv\/wp-content\/uploads\/10420.jpg","width":355,"height":400,"caption":"Source:"},{"@type":"BreadcrumbList","@id":"https:\/\/www.meydan.tv\/az\/article\/uygur-turklerine-isgence-verilirmi\/#breadcrumb","itemListElement":[{"@type":"ListItem","position":1,"name":"Ana s\u0259hif\u0259","item":"https:\/\/www.meydan.tv\/az\/"},{"@type":"ListItem","position":2,"name":"M\u0259nim Fikrimc\u0259","item":"https:\/\/www.meydan.tv\/az\/section\/menim-fikrimce\/"},{"@type":"ListItem","position":3,"name":"Uy\u011fur T\u00fcrkl\u0259rin\u0259 i\u015fg\u0259nc\u0259 verilirmi?"}]},{"@type":"WebSite","@id":"https:\/\/www.meydan.tv\/az\/#website","url":"https:\/\/www.meydan.tv\/az\/","name":"MEYDAN.TV","description":"Meydan TV Az\u0259rbaycan\u0131n media m\u0259kan\u0131ndak\u0131 alternativ s\u0259sidir","publisher":{"@id":"https:\/\/www.meydan.tv\/az\/#organization"},"potentialAction":[{"@type":"SearchAction","target":{"@type":"EntryPoint","urlTemplate":"https:\/\/www.meydan.tv\/az\/?s={search_term_string}"},"query-input":{"@type":"PropertyValueSpecification","valueRequired":true,"valueName":"search_term_string"}}],"inLanguage":"az"},{"@type":"Organization","@id":"https:\/\/www.meydan.tv\/az\/#organization","name":"Meydan TV","url":"https:\/\/www.meydan.tv\/az\/","logo":{"@type":"ImageObject","inLanguage":"az","@id":"https:\/\/www.meydan.tv\/az\/#\/schema\/logo\/image\/","url":"https:\/\/www.meydan.tv\/wp-content\/uploads\/2021\/07\/meydan-logo.svg","contentUrl":"https:\/\/www.meydan.tv\/wp-content\/uploads\/2021\/07\/meydan-logo.svg","width":195,"height":46,"caption":"Meydan TV"},"image":{"@id":"https:\/\/www.meydan.tv\/az\/#\/schema\/logo\/image\/"}},{"@type":"Person","@id":"https:\/\/www.meydan.tv\/az\/#\/schema\/person\/10d11eccf6da3662cf5fdab9806ea91a","name":"user-manager"}]}},"_links":{"self":[{"href":"https:\/\/www.meydan.tv\/az\/wp-json\/wp\/v2\/posts\/168770","targetHints":{"allow":["GET"]}}],"collection":[{"href":"https:\/\/www.meydan.tv\/az\/wp-json\/wp\/v2\/posts"}],"about":[{"href":"https:\/\/www.meydan.tv\/az\/wp-json\/wp\/v2\/types\/post"}],"author":[{"embeddable":true,"href":"https:\/\/www.meydan.tv\/az\/wp-json\/wp\/v2\/users\/11"}],"replies":[{"embeddable":true,"href":"https:\/\/www.meydan.tv\/az\/wp-json\/wp\/v2\/comments?post=168770"}],"version-history":[{"count":0,"href":"https:\/\/www.meydan.tv\/az\/wp-json\/wp\/v2\/posts\/168770\/revisions"}],"wp:featuredmedia":[{"embeddable":true,"href":"https:\/\/www.meydan.tv\/az\/wp-json\/wp\/v2\/media\/28186"}],"wp:attachment":[{"href":"https:\/\/www.meydan.tv\/az\/wp-json\/wp\/v2\/media?parent=168770"}],"wp:term":[{"taxonomy":"category","embeddable":true,"href":"https:\/\/www.meydan.tv\/az\/wp-json\/wp\/v2\/categories?post=168770"},{"taxonomy":"post_tag","embeddable":true,"href":"https:\/\/www.meydan.tv\/az\/wp-json\/wp\/v2\/tags?post=168770"}],"curies":[{"name":"wp","href":"https:\/\/api.w.org\/{rel}","templated":true}]}}