{"id":168768,"date":"2015-07-05T18:28:03","date_gmt":"2015-07-05T18:28:03","guid":{"rendered":"https:\/\/www.meydan.tv\/article\/sece-secile-bilenler\/"},"modified":"2015-07-05T18:28:03","modified_gmt":"2015-07-05T18:28:03","slug":"sece-secile-bilenler","status":"publish","type":"post","link":"https:\/\/www.meydan.tv\/az\/article\/sece-secile-bilenler\/","title":{"rendered":"Se\u00e7\u0259, se\u00e7il\u0259 bil\u0259nl\u0259r"},"content":{"rendered":"<figure class=\"wp-block-image size-large\">\n  <img decoding=\"async\" src=\"https:\/\/www.meydan.tv\/az\/28360\/\" alt=\"\" class=\"wp-image-28360\"\/><figcaption><\/figcaption><\/figure>\n<figure class=\"wp-block-image size-large\">\n  <img decoding=\"async\" src=\"https:\/\/www.meydan.tv\/az\/28357\/\" alt=\"\" class=\"wp-image-28357\"\/><figcaption><\/figcaption><\/figure>\n<p>\n  G\u00fcrc\u00fcstanda \u0259hali bizd\u0259n xeyli az olsa da, 710 min n\u0259f\u0259rd\u0259n \u00e7ox azl\u0131q var. Ham\u0131s\u0131 il\u0259 d\u0259 normal m\u00fcnasib\u0259tl\u0259ri olub (b\u0259zil\u0259rin\u0259 ruslar barmaq ed\u0259n\u0259 q\u0259d\u0259r). Az\u0259rbaycan t\u00fcrkl\u0259ri is\u0259 g\u00fcrc\u00fcl\u0259rd\u0259n sonra ikinci xalqd\u0131r orda \u2013 284.761 n\u0259f\u0259r (en.wikipedia m\u0259lumat\u0131d\u0131r). Onlar t\u0259kc\u0259 ucuz neft ver\u0259n az\u0259rbaycanl\u0131larla yox, x\u0131rda azl\u0131qlarla da normal, tolerant davran\u0131rlar. G\u00fcrc\u00fcstanda \u00e7ox olmu\u015fam. G\u00fcrc\u00fc xalq\u0131ndan g\u00f6rd\u00fcy\u00fcm m\u00fcnasib\u0259t h\u0259mi\u015f\u0259 yax\u015f\u0131 olub. B\u0259lk\u0259 d\u0259 bunu &#8220;\u0259la&#8221; adland\u0131rmaq olar.\n<\/p>\n<p>\n  F\u0259rdi m\u00fcnasib\u0259t bir q\u0131ra\u011fa, bizim onlaran \u00f6yr\u0259n\u0259c\u0259k \u00e7ox \u015feyimiz var. Bir d\u0259n\u0259 h\u0259qiq\u0259t var ki, bizi utand\u0131r\u0131b m\u0259hv edir &#8211; onlar se\u00e7\u0259 bilirl\u0259r. M\u0259nim yaz\u0131q xalq\u0131m is\u0259 &#8220;se\u00e7m\u0259k, se\u00e7ilm\u0259k&#8221; s\u00f6zl\u0259rini bu d\u0131rnaqdan \u00e7\u0131xarda bilmir. \u00dcmumiyy\u0259tl\u0259, bunun n\u0259 oldu\u011funu da unudub. Biz se\u00e7\u0259 bil\u0259nl\u0259r\u0259 istehza edirik ki, &#8220;onsuz da d\u00fcnyan\u0131 idar\u0259 edirl\u0259r&#8221; &#8211; filan. Amma ham\u0131m\u0131z bilirik ki, yalan dan\u0131\u015f\u0131r\u0131q. Filml\u0259rd\u0259 olur ee &#8211; biri dig\u0259rini al\u00e7ald\u0131r, sonra onun sakit, t\u0259kidli bax\u0131\u015flar\u0131 alt\u0131nda bird\u0259n a\u011flama\u011fa ba\u015flay\u0131r ki, &#8220;m\u0259n \u0259slind\u0259 s\u0259ni q\u0131sqan\u0131ram. M\u0259n b\u0259db\u0259xt\u0259m&#8221; v\u0259 s..<br \/>\n  <br \/>\n  Biz indi o g\u00fcnd\u0259yik &#8211; q\u0131sqancl\u0131\u011f\u0131m\u0131zdan, b\u0259db\u0259xtliyimizd\u0259n onlar\u0131 s\u00f6y\u00fcr\u00fck. G\u00fcrc\u00fcl\u0259r qar\u015f\u0131s\u0131nda bizim kompleksimiz var. Ax\u0131 biz &#8220;regionun lider d\u00f6vl\u0259ti&#8221; idik, b\u0259s biz &#8220;Altaylardan ta Adriatik\u0259d\u0259k a\u011fa idik&#8221;, b\u0259s bizim z\u0259ngin m\u0259d\u0259niyy\u0259timiz, Bor\u00e7al\u0131m\u0131z, Tiflis m\u00fcs\u0259lman \u0259mirliyimiz var idi&#8230;\n<\/p>\n<p>\n  \u0130ndi is\u0259 bir h\u0259qiq\u0259t var &#8211; g\u00fcrc\u00fcl\u0259r se\u00e7\u0259 v\u0259 se\u00e7il\u0259 bilirl\u0259r. B\u00fct\u00fcn tariximizi, az\u0131xantropdan tutmu\u015f, peykimiz\u0259 q\u0259d\u0259r h\u0259r \u015feyi bu sad\u0259 v\u0259 ali h\u0259qiq\u0259t darmada\u011f\u0131n edir. Biz onlar\u0131n qaba\u011f\u0131nda dili q\u0131say\u0131q. Ox\u015far tarix, ox\u015far mentalitet, eyni 70 illik \u0259sar\u0259t, amma onlar se\u00e7\u0259 bilir. H\u0259m d\u0259 prezidentl\u0259rini, ba\u015f nazirl\u0259rini, parlamentl\u0259rini. Biz is\u0259 he\u00e7 JEK m\u00fcdiri d\u0259 se\u00e7\u0259 bilmirik.\n<\/p>\n<p>\n  \u0130ndi bayraq tapdalayan bir ne\u00e7\u0259 r\u0259zil\u0259 g\u00f6r\u0259 b\u00fct\u00fcn G\u00fcrc\u00fcstan\u0131 s\u00f6y\u0259nl\u0259r bu kompleksl\u0259rin\u0259 g\u00f6r\u0259, b\u0259db\u0259xt olduqlar\u0131n\u0131n, g\u00fcrc\u00fcl\u0259rd\u0259n geri qalma\u011f\u0131m\u0131z\u0131n alt\u015f\u00fcurlar\u0131na verdiyi t\u0259sird\u0259n dolay\u0131 q\u0131z\u0131\u015f\u0131blar. Bizim o tapdalanan bayraq c\u00fcmhuriyy\u0259timizin bayra\u011f\u0131d\u0131r, onu tapdalayanlar q\u0259l\u0259t edirl\u0259r, ba\u015flar\u0131n\u0131 da\u015fa d\u00f6y\u00fcrl\u0259r. Amma g\u00fcrc\u00fc xalq\u0131 bizim c\u00fcmhuriyy\u0259ti quranlar\u0131n Az\u0259rbaycanda yaratmaq ist\u0259diyi demokratiyan\u0131 qurublar v\u0259 ya\u015fad\u0131rlar. Onlar\u0131 s\u00f6y\u0259nl\u0259r is\u0259 Az\u0259rbaycanda C\u00fcmhuriyy\u0259t ad\u0131n\u0131n v\u0259 d\u0259y\u0259rl\u0259rinin h\u0259r g\u00fcn tapdalanmas\u0131na d\u00f6z\u00fcrl\u0259r, \u00e7oxlar\u0131 is\u0259 he\u00e7 vecin\u0259 d\u0259 alm\u0131r.\n<\/p>\n<p>\n  <b><br \/>\n    Yaz\u0131dak\u0131 fikirl\u0259r yaln\u0131z m\u00fc\u0259llifin \u015f\u0259xsi m\u00f6vqeyini \u0259ks etdirir.<br \/>\n  <\/b><\/p>\n","protected":false},"excerpt":{"rendered":"<p>G\u00fcrc\u00fcl\u0259r qar\u015f\u0131s\u0131nda kompleksimiz<\/p>\n","protected":false},"author":11,"featured_media":28360,"comment_status":"closed","ping_status":"open","sticky":false,"template":"","format":"standard","meta":{"_acf_changed":false,"_sitemap_exclude":false,"_sitemap_priority":"","_sitemap_frequency":"","footnotes":""},"categories":[57],"tags":[],"class_list":["post-168768","post","type-post","status-publish","format-standard","has-post-thumbnail","hentry","category-menim-fikrimce","infinite-scroll-item","generate-columns","tablet-grid-50","mobile-grid-100","grid-parent","grid-33","no-featured-image-padding"],"acf":[],"yoast_head":"<!-- This site is optimized with the Yoast SEO plugin v27.5 - https:\/\/yoast.com\/product\/yoast-seo-wordpress\/ -->\n<title>Se\u00e7\u0259, se\u00e7il\u0259 bil\u0259nl\u0259r - MEYDAN.TV<\/title>\n<meta name=\"robots\" content=\"index, follow, max-snippet:-1, max-image-preview:large, max-video-preview:-1\" \/>\n<link rel=\"canonical\" href=\"https:\/\/www.meydan.tv\/az\/article\/sece-secile-bilenler\/\" \/>\n<meta property=\"og:locale\" content=\"az_AZ\" \/>\n<meta property=\"og:type\" content=\"article\" \/>\n<meta property=\"og:title\" content=\"Se\u00e7\u0259, se\u00e7il\u0259 bil\u0259nl\u0259r - MEYDAN.TV\" \/>\n<meta property=\"og:description\" content=\"G\u00fcrc\u00fcl\u0259r qar\u015f\u0131s\u0131nda kompleksimiz\" \/>\n<meta property=\"og:url\" content=\"https:\/\/www.meydan.tv\/az\/article\/sece-secile-bilenler\/\" \/>\n<meta property=\"og:site_name\" content=\"MEYDAN.TV\" \/>\n<meta property=\"article:published_time\" content=\"2015-07-05T18:28:03+00:00\" \/>\n<meta property=\"og:image\" content=\"https:\/\/www.meydan.tv\/wp-content\/uploads\/10551.jpg\" \/>\n\t<meta property=\"og:image:width\" content=\"500\" \/>\n\t<meta property=\"og:image:height\" content=\"500\" \/>\n\t<meta property=\"og:image:type\" content=\"image\/jpeg\" \/>\n<meta name=\"author\" content=\"user-manager\" \/>\n<meta name=\"twitter:card\" content=\"summary_large_image\" \/>\n<script type=\"application\/ld+json\" class=\"yoast-schema-graph\">{\"@context\":\"https:\\\/\\\/schema.org\",\"@graph\":[{\"@type\":\"Article\",\"@id\":\"https:\\\/\\\/www.meydan.tv\\\/az\\\/article\\\/sece-secile-bilenler\\\/#article\",\"isPartOf\":{\"@id\":\"https:\\\/\\\/www.meydan.tv\\\/az\\\/article\\\/sece-secile-bilenler\\\/\"},\"author\":{\"name\":\"user-manager\",\"@id\":\"https:\\\/\\\/www.meydan.tv\\\/az\\\/#\\\/schema\\\/person\\\/10d11eccf6da3662cf5fdab9806ea91a\"},\"headline\":\"Se\u00e7\u0259, se\u00e7il\u0259 bil\u0259nl\u0259r\",\"datePublished\":\"2015-07-05T18:28:03+00:00\",\"mainEntityOfPage\":{\"@id\":\"https:\\\/\\\/www.meydan.tv\\\/az\\\/article\\\/sece-secile-bilenler\\\/\"},\"wordCount\":558,\"publisher\":{\"@id\":\"https:\\\/\\\/www.meydan.tv\\\/az\\\/#organization\"},\"image\":{\"@id\":\"https:\\\/\\\/www.meydan.tv\\\/az\\\/article\\\/sece-secile-bilenler\\\/#primaryimage\"},\"thumbnailUrl\":\"https:\\\/\\\/www.meydan.tv\\\/wp-content\\\/uploads\\\/10551.jpg\",\"articleSection\":[\"M\u0259nim Fikrimc\u0259\"],\"inLanguage\":\"az\"},{\"@type\":\"WebPage\",\"@id\":\"https:\\\/\\\/www.meydan.tv\\\/az\\\/article\\\/sece-secile-bilenler\\\/\",\"url\":\"https:\\\/\\\/www.meydan.tv\\\/az\\\/article\\\/sece-secile-bilenler\\\/\",\"name\":\"Se\u00e7\u0259, se\u00e7il\u0259 bil\u0259nl\u0259r - MEYDAN.TV\",\"isPartOf\":{\"@id\":\"https:\\\/\\\/www.meydan.tv\\\/az\\\/#website\"},\"primaryImageOfPage\":{\"@id\":\"https:\\\/\\\/www.meydan.tv\\\/az\\\/article\\\/sece-secile-bilenler\\\/#primaryimage\"},\"image\":{\"@id\":\"https:\\\/\\\/www.meydan.tv\\\/az\\\/article\\\/sece-secile-bilenler\\\/#primaryimage\"},\"thumbnailUrl\":\"https:\\\/\\\/www.meydan.tv\\\/wp-content\\\/uploads\\\/10551.jpg\",\"datePublished\":\"2015-07-05T18:28:03+00:00\",\"breadcrumb\":{\"@id\":\"https:\\\/\\\/www.meydan.tv\\\/az\\\/article\\\/sece-secile-bilenler\\\/#breadcrumb\"},\"inLanguage\":\"az\",\"potentialAction\":[{\"@type\":\"ReadAction\",\"target\":[\"https:\\\/\\\/www.meydan.tv\\\/az\\\/article\\\/sece-secile-bilenler\\\/\"]}]},{\"@type\":\"ImageObject\",\"inLanguage\":\"az\",\"@id\":\"https:\\\/\\\/www.meydan.tv\\\/az\\\/article\\\/sece-secile-bilenler\\\/#primaryimage\",\"url\":\"https:\\\/\\\/www.meydan.tv\\\/wp-content\\\/uploads\\\/10551.jpg\",\"contentUrl\":\"https:\\\/\\\/www.meydan.tv\\\/wp-content\\\/uploads\\\/10551.jpg\",\"width\":500,\"height\":500,\"caption\":\"Source:\"},{\"@type\":\"BreadcrumbList\",\"@id\":\"https:\\\/\\\/www.meydan.tv\\\/az\\\/article\\\/sece-secile-bilenler\\\/#breadcrumb\",\"itemListElement\":[{\"@type\":\"ListItem\",\"position\":1,\"name\":\"Ana s\u0259hif\u0259\",\"item\":\"https:\\\/\\\/www.meydan.tv\\\/az\\\/\"},{\"@type\":\"ListItem\",\"position\":2,\"name\":\"M\u0259nim Fikrimc\u0259\",\"item\":\"https:\\\/\\\/www.meydan.tv\\\/az\\\/section\\\/menim-fikrimce\\\/\"},{\"@type\":\"ListItem\",\"position\":3,\"name\":\"Se\u00e7\u0259, se\u00e7il\u0259 bil\u0259nl\u0259r\"}]},{\"@type\":\"WebSite\",\"@id\":\"https:\\\/\\\/www.meydan.tv\\\/az\\\/#website\",\"url\":\"https:\\\/\\\/www.meydan.tv\\\/az\\\/\",\"name\":\"MEYDAN.TV\",\"description\":\"Meydan TV Az\u0259rbaycan\u0131n media m\u0259kan\u0131ndak\u0131 alternativ s\u0259sidir\",\"publisher\":{\"@id\":\"https:\\\/\\\/www.meydan.tv\\\/az\\\/#organization\"},\"potentialAction\":[{\"@type\":\"SearchAction\",\"target\":{\"@type\":\"EntryPoint\",\"urlTemplate\":\"https:\\\/\\\/www.meydan.tv\\\/az\\\/?s={search_term_string}\"},\"query-input\":{\"@type\":\"PropertyValueSpecification\",\"valueRequired\":true,\"valueName\":\"search_term_string\"}}],\"inLanguage\":\"az\"},{\"@type\":\"Organization\",\"@id\":\"https:\\\/\\\/www.meydan.tv\\\/az\\\/#organization\",\"name\":\"Meydan TV\",\"url\":\"https:\\\/\\\/www.meydan.tv\\\/az\\\/\",\"logo\":{\"@type\":\"ImageObject\",\"inLanguage\":\"az\",\"@id\":\"https:\\\/\\\/www.meydan.tv\\\/az\\\/#\\\/schema\\\/logo\\\/image\\\/\",\"url\":\"https:\\\/\\\/www.meydan.tv\\\/wp-content\\\/uploads\\\/2021\\\/07\\\/meydan-logo.svg\",\"contentUrl\":\"https:\\\/\\\/www.meydan.tv\\\/wp-content\\\/uploads\\\/2021\\\/07\\\/meydan-logo.svg\",\"width\":195,\"height\":46,\"caption\":\"Meydan TV\"},\"image\":{\"@id\":\"https:\\\/\\\/www.meydan.tv\\\/az\\\/#\\\/schema\\\/logo\\\/image\\\/\"}},{\"@type\":\"Person\",\"@id\":\"https:\\\/\\\/www.meydan.tv\\\/az\\\/#\\\/schema\\\/person\\\/10d11eccf6da3662cf5fdab9806ea91a\",\"name\":\"user-manager\"}]}<\/script>\n<!-- \/ Yoast SEO plugin. -->","yoast_head_json":{"title":"Se\u00e7\u0259, se\u00e7il\u0259 bil\u0259nl\u0259r - MEYDAN.TV","robots":{"index":"index","follow":"follow","max-snippet":"max-snippet:-1","max-image-preview":"max-image-preview:large","max-video-preview":"max-video-preview:-1"},"canonical":"https:\/\/www.meydan.tv\/az\/article\/sece-secile-bilenler\/","og_locale":"az_AZ","og_type":"article","og_title":"Se\u00e7\u0259, se\u00e7il\u0259 bil\u0259nl\u0259r - MEYDAN.TV","og_description":"G\u00fcrc\u00fcl\u0259r qar\u015f\u0131s\u0131nda kompleksimiz","og_url":"https:\/\/www.meydan.tv\/az\/article\/sece-secile-bilenler\/","og_site_name":"MEYDAN.TV","article_published_time":"2015-07-05T18:28:03+00:00","og_image":[{"width":500,"height":500,"url":"https:\/\/www.meydan.tv\/wp-content\/uploads\/10551.jpg","type":"image\/jpeg"}],"author":"user-manager","twitter_card":"summary_large_image","schema":{"@context":"https:\/\/schema.org","@graph":[{"@type":"Article","@id":"https:\/\/www.meydan.tv\/az\/article\/sece-secile-bilenler\/#article","isPartOf":{"@id":"https:\/\/www.meydan.tv\/az\/article\/sece-secile-bilenler\/"},"author":{"name":"user-manager","@id":"https:\/\/www.meydan.tv\/az\/#\/schema\/person\/10d11eccf6da3662cf5fdab9806ea91a"},"headline":"Se\u00e7\u0259, se\u00e7il\u0259 bil\u0259nl\u0259r","datePublished":"2015-07-05T18:28:03+00:00","mainEntityOfPage":{"@id":"https:\/\/www.meydan.tv\/az\/article\/sece-secile-bilenler\/"},"wordCount":558,"publisher":{"@id":"https:\/\/www.meydan.tv\/az\/#organization"},"image":{"@id":"https:\/\/www.meydan.tv\/az\/article\/sece-secile-bilenler\/#primaryimage"},"thumbnailUrl":"https:\/\/www.meydan.tv\/wp-content\/uploads\/10551.jpg","articleSection":["M\u0259nim Fikrimc\u0259"],"inLanguage":"az"},{"@type":"WebPage","@id":"https:\/\/www.meydan.tv\/az\/article\/sece-secile-bilenler\/","url":"https:\/\/www.meydan.tv\/az\/article\/sece-secile-bilenler\/","name":"Se\u00e7\u0259, se\u00e7il\u0259 bil\u0259nl\u0259r - MEYDAN.TV","isPartOf":{"@id":"https:\/\/www.meydan.tv\/az\/#website"},"primaryImageOfPage":{"@id":"https:\/\/www.meydan.tv\/az\/article\/sece-secile-bilenler\/#primaryimage"},"image":{"@id":"https:\/\/www.meydan.tv\/az\/article\/sece-secile-bilenler\/#primaryimage"},"thumbnailUrl":"https:\/\/www.meydan.tv\/wp-content\/uploads\/10551.jpg","datePublished":"2015-07-05T18:28:03+00:00","breadcrumb":{"@id":"https:\/\/www.meydan.tv\/az\/article\/sece-secile-bilenler\/#breadcrumb"},"inLanguage":"az","potentialAction":[{"@type":"ReadAction","target":["https:\/\/www.meydan.tv\/az\/article\/sece-secile-bilenler\/"]}]},{"@type":"ImageObject","inLanguage":"az","@id":"https:\/\/www.meydan.tv\/az\/article\/sece-secile-bilenler\/#primaryimage","url":"https:\/\/www.meydan.tv\/wp-content\/uploads\/10551.jpg","contentUrl":"https:\/\/www.meydan.tv\/wp-content\/uploads\/10551.jpg","width":500,"height":500,"caption":"Source:"},{"@type":"BreadcrumbList","@id":"https:\/\/www.meydan.tv\/az\/article\/sece-secile-bilenler\/#breadcrumb","itemListElement":[{"@type":"ListItem","position":1,"name":"Ana s\u0259hif\u0259","item":"https:\/\/www.meydan.tv\/az\/"},{"@type":"ListItem","position":2,"name":"M\u0259nim Fikrimc\u0259","item":"https:\/\/www.meydan.tv\/az\/section\/menim-fikrimce\/"},{"@type":"ListItem","position":3,"name":"Se\u00e7\u0259, se\u00e7il\u0259 bil\u0259nl\u0259r"}]},{"@type":"WebSite","@id":"https:\/\/www.meydan.tv\/az\/#website","url":"https:\/\/www.meydan.tv\/az\/","name":"MEYDAN.TV","description":"Meydan TV Az\u0259rbaycan\u0131n media m\u0259kan\u0131ndak\u0131 alternativ s\u0259sidir","publisher":{"@id":"https:\/\/www.meydan.tv\/az\/#organization"},"potentialAction":[{"@type":"SearchAction","target":{"@type":"EntryPoint","urlTemplate":"https:\/\/www.meydan.tv\/az\/?s={search_term_string}"},"query-input":{"@type":"PropertyValueSpecification","valueRequired":true,"valueName":"search_term_string"}}],"inLanguage":"az"},{"@type":"Organization","@id":"https:\/\/www.meydan.tv\/az\/#organization","name":"Meydan TV","url":"https:\/\/www.meydan.tv\/az\/","logo":{"@type":"ImageObject","inLanguage":"az","@id":"https:\/\/www.meydan.tv\/az\/#\/schema\/logo\/image\/","url":"https:\/\/www.meydan.tv\/wp-content\/uploads\/2021\/07\/meydan-logo.svg","contentUrl":"https:\/\/www.meydan.tv\/wp-content\/uploads\/2021\/07\/meydan-logo.svg","width":195,"height":46,"caption":"Meydan TV"},"image":{"@id":"https:\/\/www.meydan.tv\/az\/#\/schema\/logo\/image\/"}},{"@type":"Person","@id":"https:\/\/www.meydan.tv\/az\/#\/schema\/person\/10d11eccf6da3662cf5fdab9806ea91a","name":"user-manager"}]}},"_links":{"self":[{"href":"https:\/\/www.meydan.tv\/az\/wp-json\/wp\/v2\/posts\/168768","targetHints":{"allow":["GET"]}}],"collection":[{"href":"https:\/\/www.meydan.tv\/az\/wp-json\/wp\/v2\/posts"}],"about":[{"href":"https:\/\/www.meydan.tv\/az\/wp-json\/wp\/v2\/types\/post"}],"author":[{"embeddable":true,"href":"https:\/\/www.meydan.tv\/az\/wp-json\/wp\/v2\/users\/11"}],"replies":[{"embeddable":true,"href":"https:\/\/www.meydan.tv\/az\/wp-json\/wp\/v2\/comments?post=168768"}],"version-history":[{"count":0,"href":"https:\/\/www.meydan.tv\/az\/wp-json\/wp\/v2\/posts\/168768\/revisions"}],"wp:featuredmedia":[{"embeddable":true,"href":"https:\/\/www.meydan.tv\/az\/wp-json\/wp\/v2\/media\/28360"}],"wp:attachment":[{"href":"https:\/\/www.meydan.tv\/az\/wp-json\/wp\/v2\/media?parent=168768"}],"wp:term":[{"taxonomy":"category","embeddable":true,"href":"https:\/\/www.meydan.tv\/az\/wp-json\/wp\/v2\/categories?post=168768"},{"taxonomy":"post_tag","embeddable":true,"href":"https:\/\/www.meydan.tv\/az\/wp-json\/wp\/v2\/tags?post=168768"}],"curies":[{"name":"wp","href":"https:\/\/api.w.org\/{rel}","templated":true}]}}