{"id":168763,"date":"2015-07-05T02:51:33","date_gmt":"2015-07-05T02:51:33","guid":{"rendered":"https:\/\/www.meydan.tv\/article\/adamlar-ve-imtinalar\/"},"modified":"2015-07-05T02:51:33","modified_gmt":"2015-07-05T02:51:33","slug":"adamlar-ve-imtinalar","status":"publish","type":"post","link":"https:\/\/www.meydan.tv\/az\/article\/adamlar-ve-imtinalar\/","title":{"rendered":"Adamlar v\u0259 imtinalar"},"content":{"rendered":"<figure class=\"wp-block-image size-large\">\n  <img decoding=\"async\" src=\"https:\/\/www.meydan.tv\/az\/28495\/\" alt=\"\" class=\"wp-image-28495\"\/><figcaption><\/figcaption><\/figure>\n<figure class=\"wp-block-image size-large\">\n  <img decoding=\"async\" src=\"https:\/\/www.meydan.tv\/az\/28501\/\" alt=\"\" class=\"wp-image-28501\"\/><figcaption><\/figcaption><\/figure>\n<p>\n  <br \/>\n  Bu yax\u0131nlarda oxudu\u011fum bir \u015fey b\u00fct\u00fcn g\u00fcn\u00fc beynimd\u0259 dolan\u0131r: &#8220;Bloq\u00e7uluq m\u00fctl\u0259qdir. Saytlar ba\u011flana bil\u0259r, g\u00fcc\u00fcn\u00fc itir\u0259 bil\u0259r v\u0259 ya sat\u0131la bil\u0259r. V\u0259 ya redaktor senzura t\u0259tbiq ed\u0259 bil\u0259r. Bloq is\u0259 s\u0259nin \u015f\u0259xsi meydan\u0131nd\u0131r. Senzuras\u0131z h\u0259r \u015feyi yaza bil\u0259c\u0259yin bir yerdir.\n<\/p>\n<p>\n  V\u0259 \u00e7oxdan toxunmaq ist\u0259diyim bir m\u00f6vzu var\u0131yd\u0131. Bu s\u00f6zl\u0259r m\u0259ni c\u0259sar\u0259tl\u0259ndirdi. D\u00fc\u015f\u00fcnd\u00fcm ki, pisd\u0259n-yax\u015f\u0131dan bir bloqum var. V\u0259 m\u0259n burda ist\u0259dikl\u0259rimi yaza bil\u0259r\u0259m. Buna g\u00f6r\u0259 d\u0259 yazmaq q\u0259rar\u0131na g\u0259ldim.\n<\/p>\n<p>\n  &#8220;M\u0259nc\u0259, siyasi bax\u0131\u015flar adam haqq\u0131nda tam t\u0259s\u0259vv\u00fcr verir. Siz m\u0259n\u0259 yaln\u0131z n\u0259 fikirl\u0259\u015fdiyinizi v\u0259 n\u0259 hiss etdiyinizi deyin, m\u0259n siz\u0259 etiqad\u0131n\u0131\u0131z\u0131n n\u0259 oldu\u011funu s\u00f6yl\u0259yim. Adam h\u0259yat\u0131n\u0131n ilk g\u00fcn\u00fcnd\u0259n hans\u0131 c\u0259miyy\u0259t\u0259 v\u0259 partiyaya m\u0259nsub olursa-olsun, onun xarakteri gec-tez t\u0259rbiy\u0259si olan zehniyy\u0259t v\u0259 \u0259qid\u0259y\u0259 qalib g\u0259l\u0259c\u0259kdir. Deyin g\u00f6r\u00fcm, insanp\u0259rv\u0259rlik v\u0259 n\u0259ciblik m\u0259fhumlar\u0131na yaban\u00e7\u0131 olan bir d\u00f6vl\u0259t qurulu\u015funun m\u00f6vcud olmas\u0131 il\u0259 sakitc\u0259 raz\u0131la\u015fan bir adamdan yax\u015f\u0131 bir \u015fey g\u00f6zl\u0259m\u0259k olarm\u0131?&#8221;\n<\/p>\n<p>\n  Bu s\u00f6zl\u0259r Jorj Sanda aiddir. Frans\u0131z xan\u0131m yazar, &#8216;\u0130ndiana&#8217; kitab\u0131nda burjuan\u0131, burjuan\u0131n f\u0131r\u0131ldaq\u00e7\u0131l\u0131\u011f\u0131n\u0131, murdarl\u0131\u011f\u0131n\u0131 g\u00f6st\u0259r\u0259n, \u00fcr\u0259k a\u011fr\u0131s\u0131yla t\u0259nqid ed\u0259n a\u00e7\u0131q fikirli xan\u0131m daima bu m\u00f6vzulara toxunub. Ancaq medalyonun dig\u0259r \u00fcz\u00fc oldu\u011fu kimi, yazarlar\u0131n, s\u0259n\u0259t adamlar\u0131n\u0131n da dig\u0259r \u00fcz\u00fc var. Bir dahi demi\u015fdi: &#8220;M\u0259n adamlar\u0131 imtinalar\u0131ndan tan\u0131y\u0131ram.&#8221; B\u0259li, s\u0259n\u0259t adamlar\u0131n\u0131n da dig\u0259r \u00fcz\u00fc imtinalar zaman\u0131 tan\u0131n\u0131r.\n<\/p>\n<p>\n  Jorj Sand\u0131 oxuyanda el\u0259 d\u00fc\u015f\u00fcn\u00fcrd\u00fcm ki, bu xan\u0131m d\u00f6vr\u00fcn\u00fcn a\u00e7\u0131q fikirli v\u0259 \u0259dal\u0259tli yazarlar\u0131ndan olub. Onun haqq\u0131nda da, ad\u0259t\u0259n, bel\u0259 yaz\u0131l\u0131r. Kitablar\u0131n\u0131n \u00f6n s\u00f6zl\u0259rind\u0259, internetd\u0259. Ta ki, B\u00f6y\u00fck Fransa \u0130nqilab\u0131 vaxt\u0131 yazarlar\u0131n reaksiyalar\u0131n\u0131 oxuyana q\u0259d\u0259r. \u00dcmumiyy\u0259tl\u0259, m\u0259n\u0259 g\u00f6r\u0259 (h\u0259m d\u0259 bir \u00e7ox adama g\u00f6r\u0259) yazarlar, s\u0259n\u0259t adamlar\u0131 xalq\u0131n vicdan\u0131d\u0131r. H\u0259m\u00e7inin d\u00f6vl\u0259tin. O yazar ki, gedib oturur hakimiyy\u0259tin quca\u011f\u0131nda, g\u00f6rd\u00fckl\u0259rini yazmaq \u0259v\u0259zin\u0259, g\u00fcld\u0259n-\u00e7i\u00e7\u0259kd\u0259n, f\u00fczulisaya\u011f\u0131 e\u015fqd\u0259n yaz\u0131r, m\u0259dh edir, v\u0259zif\u0259 al\u0131r, ondan \u00fcmidi \u00fczm\u0259k laz\u0131md\u0131r. \u0130stedad\u0131n\u0131 h\u0259diyy\u0259l\u0259r, pul, v\u0259zif\u0259 qar\u015f\u0131l\u0131\u011f\u0131nda pe\u015fk\u0259\u015f \u00e7\u0259kmi\u015f s\u0259n\u0259t adam\u0131 \u00fcr\u0259kbuland\u0131r\u0131c\u0131d\u0131r. &#8220;\u00d6z \u00f6lk\u0259sinin turistl\u0259ri&#8221; ifad\u0259si var. H\u0259min s\u0259n\u0259t adamlar\u0131 v\u0259 onu oxuyub b\u0259y\u0259n\u0259nl\u0259r, t\u0259nqid ed\u0259 bilm\u0259y\u0259nl\u0259r \u00f6z \u00f6lk\u0259sinin turistl\u0259ri olurlar. Kar, kor v\u0259 lal olurlar. F\u0259dakarl\u0131q \u0259v\u0259zin\u0259, \u0259yl\u0259nm\u0259yi se\u00e7irl\u0259r. Sabir r\u0259hm\u0259tlik yazm\u0131\u015fd\u0131: &#8220;Mill\u0259t nec\u0259 tarac olur-olsun, n\u0259 i\u015fim var.&#8221; Bu c\u00fcml\u0259l\u0259r m\u0259hz bu c\u00fcr insanlar\u0131 xarakteriz\u0259 edir.\n<\/p>\n<p>\n  Jorj Sand\u0131n \u00fcz\u0259rind\u0259 quracam m\u00f6vzunu. 1789-cu il. Fransa Inqilab\u0131. Art\u0131q imtina vaxt\u0131d\u0131r. Ya h\u0259mi\u015f\u0259 t\u0259nqid etdiyin burjuan\u0131n qar\u015f\u0131s\u0131nda olacaqsan. Ya da&#8230;\n<\/p>\n<p>\n  Jorj Sand ikincini se\u00e7ir. \u0130mtina, f\u0259dakarl\u0131q vaxt\u0131 \u0259sl \u00fcz\u00fcn\u00fc g\u00f6st\u0259rir. Rahatl\u0131\u011fa, pula olan d\u00fc\u015fk\u00fcnl\u00fcy\u00fcn\u00fc n\u00fcmayi\u015f etdirir. H\u0259m d\u0259 \u00e7ox a\u00e7\u0131q v\u0259 h\u0259yas\u0131z \u015f\u0259kild\u0259. \u0130nqilab\u00e7\u0131lar\u0131 l\u0259n\u0259tl\u0259yir, onlar\u0131 v\u0259h\u015fi, barbar adland\u0131r\u0131r, h\u0259tta m\u0259hv edilm\u0259li olduqlar\u0131n\u0131 dil\u0259 g\u0259tirir. Xalq\u0131 yox, burjuan\u0131 se\u00e7ir. \u00c7\u00fcnki burjuan\u0131n quca\u011f\u0131 daha rahatd\u0131r. Bir d\u0259 H\u00fcqo var\u0131yd\u0131. Onun hayq\u0131r\u0131\u015flar\u0131. Barrikadadak\u0131lar\u0131n s\u0259sin\u0259 s\u0259s ver\u0259n, ne\u00e7\u0259-ne\u00e7\u0259 inqilab\u00e7\u0131n\u0131 k\u0259ndird\u0259n xilas ed\u0259n adam. D\u00f6vr\u00fcn\u00fcn v\u0259 d\u00f6vr\u00fcm\u00fcz\u00fcn \u0259n b\u00f6y\u00fck adam\u0131. F\u0259dakar\u0131 v\u0259 f\u0259daisi. Ondan qabaq da h\u00f6k\u00fcm\u0259tin ay\u0131rd\u0131\u011f\u0131 t\u0259qa\u00fcdd\u0259n imtina ed\u0259n yazar. S\u0259sin\u0259 s\u0259s verilm\u0259di, ikitir\u0259lik yarand\u0131, qanlar axd\u0131.\n<\/p>\n<p>\n  B\u0259li, adamlar imtinalar vaxt\u0131 tan\u0131n\u0131r. Seymur Baycan Quqarkda yaz\u0131r ki, o vaxt\u0131 (m\u00fcharib\u0259) \u0259n \u00e7\u0259tin d\u00f6vrl\u0259r idi. O vaxt\u0131 yax\u015f\u0131 olan adam bir d\u0259 he\u00e7 vaxt el\u0259 yax\u015f\u0131 ola bilm\u0259y\u0259c\u0259k. O vaxt\u0131 pis olan adam bir d\u0259 he\u00e7 vaxt el\u0259 pis adam ola bilm\u0259y\u0259c\u0259k.\n<\/p>\n<p>\n  T\u0259kc\u0259 yazarlar yox, \u00f6z d\u00f6vr\u00fcn\u00fcn ictimai y\u00fck\u00fcn\u00fc \u00e7\u0259km\u0259y\u0259 q\u0259rar vermi\u015f h\u0259r k\u0259sin boynunda bu m\u0259suliyy\u0259t var. \u0130mtina m\u0259suliyy\u0259ti. Vicdan v\u0259 rahatl\u0131q aras\u0131ndak\u0131 se\u00e7im. Avropa Oyunlar\u0131 siz\u0259 el\u0259-bel\u0259 g\u0259lm\u0259sin. \u0130ctimai sektordan (\u015f\u0259rti olaraq) tan\u0131d\u0131\u011f\u0131m\u0131z ne\u00e7\u0259-ne\u00e7\u0259 adam imtina ed\u0259 bilm\u0259di. Dey\u0259s\u0259n, El\u00e7ib\u0259y deyib, pul qar\u015f\u0131s\u0131nda s\u0131nmaq ifad\u0259sini. S\u0131nd\u0131lar. M\u00fcxt\u0259lif s\u0259b\u0259bl\u0259r g\u0259tirdil\u0259r, b\u0259han\u0259l\u0259r etdil\u0259r. F\u0259rqi yoxdur, x\u0259yan\u0259tdir. H\u0259tta bir aktivist deyib ki, m\u0259n k\u00f6n\u00fcll\u00fc d\u0259 ola bil\u0259r\u0259m. Burda n\u0259 var ki? Onsuz da k\u00f6n\u00fcll\u00fc olanlar \u00e7oxdur. M\u0259nim olma\u011f\u0131mla n\u0259 d\u0259yi\u015f\u0259c\u0259k?<br \/>\n  <br \/>\n  H\u0259min xan\u0131m oyunlarda m\u00fc\u0259yy\u0259n v\u0259zif\u0259 alm\u0131\u015fd\u0131 v\u0259 iradlara cavab\u0131 bu olmu\u015fdu. CV \u00fc\u00e7\u00fcn bunu etdiyini demi\u015fdi. H\u0259r\u0259nin \u00f6z s\u0259b\u0259bi. Yaltaqlar da \u00e7oxdur. Onun yaltaq olmas\u0131yla n\u0259 d\u0259yi\u015f\u0259c\u0259k ki?\n<\/p>\n<p>\n  V\u0259 h\u0259r s\u0259b\u0259b\u0259, h\u0259r b\u0259han\u0259y\u0259 yaln\u0131z bir cavab var: X\u0259yan\u0259tdir! M\u0259n onlar\u0131 ba\u015fa d\u00fc\u015f\u00fcr\u0259m, ancaq haqq vermir\u0259m! Bunu q\u0259bul etm\u0259k laz\u0131md\u0131r. Oyunlar CV \u00fc\u00e7\u00fcn, pul qazanmaq \u00fc\u00e7\u00fcn yax\u015f\u0131 imkan idi. Bizim onlara alternativ i\u015f, pul t\u0259klif ed\u0259c\u0259k imkan\u0131m\u0131z da yoxdur. Haqq qazand\u0131r\u0131ram. Amma x\u0259yan\u0259tdir. \u0130ll\u0259rdir \u00e7arp\u0131\u015fd\u0131\u011f\u0131n, u\u011frunda vuru\u015fdu\u011fun d\u0259y\u0259rl\u0259r\u0259 bir anda t\u00fcp\u00fcrm\u0259kdir. Oyunlar bit\u0259c\u0259k, ill\u0259r d\u0259 ke\u00e7ib ged\u0259c\u0259k. Se\u00e7iml\u0259r v\u0259 imtinalar is\u0259 qalacaq. \u018fn az\u0131ndan \u00fcr\u0259kl\u0259rd\u0259 v\u0259 beyinl\u0259rd\u0259. Kim bilir, b\u0259lk\u0259 g\u0259l\u0259c\u0259kd\u0259 tarix kitablar\u0131nda.\n<\/p>\n<p>\n  Sevgilim d\u0259 Avropa Oyunlar\u0131nda sinxron t\u0259rc\u00fcm\u0259\u00e7i kimi (ingilis-alman, \u0259ksi) se\u00e7ilmi\u015fdi. Onunla davaml\u0131 dan\u0131\u015f\u0131rd\u0131m. Rusdilli olan bu insan \u00fc\u00e7\u00fcn n\u0259 bizim \u00f6lk\u0259 maraql\u0131d\u0131r, n\u0259 bu \u00f6lk\u0259y\u0259 aid n\u0259s\u0259. M\u0259n ona h\u0259r \u015feyi dedim. He\u00e7 kim v\u0259 he\u00e7 n\u0259 vecin\u0259 olmasa da, m\u0259nim m\u00fcbariz\u0259m, m\u0259nim kimi, bu yolda m\u00fcbariz\u0259 aparanlar\u0131n \u0259ziyy\u0259ti, f\u0259dakarl\u0131\u011f\u0131. Ham\u0131s\u0131n\u0131 \u00e7\u0131rpacaq yer\u0259. Bizi d\u00fc\u015f\u00fcn, dedim. Raz\u0131la\u015fmad\u0131 yen\u0259. Oyunlar\u0131n vaxt\u0131 yax\u0131nla\u015fd\u0131. Onu \u00e7a\u011f\u0131rd\u0131lar. O is\u0259&#8230; Getm\u0259di. Bunu sonradan \u00f6yr\u0259ndim. Dedi ki, s\u0259n\u0259 dem\u0259dim. Amma s\u0259nin m\u00fcbariz\u0259n m\u0259nim \u00fc\u00e7\u00fcn d\u0259y\u0259rlidir. \u00c7\u00fcnki s\u0259n d\u0259y\u0259rlis\u0259n. M\u0259n s\u0259nin \u0259ziyy\u0259tl\u0259rini yer\u0259 vura bilm\u0259zdim. T\u00fcp\u00fcr\u00fcm karyeraya. M\u0259n\u0259 problem zad \u00e7\u0131xaracaqlar.\n<\/p>\n<p>\n  Bu da vecim\u0259 deyil. B\u0259li, Az\u0259rbaycan dilind\u0259 z\u0259if bil\u0259n biri birt\u0259h\u0259r c\u00fcml\u0259l\u0259ri quraraq bunu dedi. K\u00fc\u00e7\u00fck \u0130skender demi\u015f, bir daha sevdim. V\u0259 bir dostuma bu yax\u0131nlarda d\u00f6vl\u0259t i\u015f t\u0259klif etmi\u015fdi. \u0130\u015find\u0259 ixtisara d\u00fc\u015fm\u00fc\u015fd\u00fc. T\u0259klif etmi\u015fdil\u0259r ki, g\u0259l, s\u0259ni \u00fcr\u0259yin ist\u0259y\u0259n rayonun enerji idar\u0259 r\u0259isi qoyaq. Pul qar\u015f\u0131l\u0131\u011f\u0131nda susmaq. C\u0259lbedici t\u0259klifdir. Ancaq o imtina etdi. V\u0259 onu bir daha tan\u0131d\u0131m. \u00c7\u00fcnki adamlar imtinalar\u0131ndan tan\u0131n\u0131r.\n<\/p>\n<p>\n  <b><br \/>\n    Yaz\u0131dak\u0131 fikirl\u0259r m\u00fc\u0259llif\u0259 m\u0259xsusdur v\u0259 onlara g\u00f6r\u0259 Meydan TV m\u0259suliyy\u0259t da\u015f\u0131m\u0131r.<br \/>\n  <\/b><\/p>\n","protected":false},"excerpt":{"rendered":"<p>Yaln\u0131z bir cavab var: X\u0259yan\u0259tdir!<\/p>\n","protected":false},"author":11,"featured_media":28495,"comment_status":"closed","ping_status":"open","sticky":false,"template":"","format":"standard","meta":{"_acf_changed":false,"_sitemap_exclude":false,"_sitemap_priority":"","_sitemap_frequency":"","footnotes":""},"categories":[57],"tags":[],"class_list":["post-168763","post","type-post","status-publish","format-standard","has-post-thumbnail","hentry","category-menim-fikrimce","infinite-scroll-item","generate-columns","tablet-grid-50","mobile-grid-100","grid-parent","grid-33","no-featured-image-padding"],"acf":[],"yoast_head":"<!-- This site is optimized with the Yoast SEO plugin v27.5 - https:\/\/yoast.com\/product\/yoast-seo-wordpress\/ -->\n<title>Adamlar v\u0259 imtinalar - MEYDAN.TV<\/title>\n<meta name=\"robots\" content=\"index, follow, max-snippet:-1, max-image-preview:large, max-video-preview:-1\" \/>\n<link rel=\"canonical\" href=\"https:\/\/www.meydan.tv\/az\/article\/adamlar-ve-imtinalar\/\" \/>\n<meta property=\"og:locale\" content=\"az_AZ\" \/>\n<meta property=\"og:type\" content=\"article\" \/>\n<meta property=\"og:title\" content=\"Adamlar v\u0259 imtinalar - MEYDAN.TV\" \/>\n<meta property=\"og:description\" content=\"Yaln\u0131z bir cavab var: X\u0259yan\u0259tdir!\" \/>\n<meta property=\"og:url\" content=\"https:\/\/www.meydan.tv\/az\/article\/adamlar-ve-imtinalar\/\" \/>\n<meta property=\"og:site_name\" content=\"MEYDAN.TV\" \/>\n<meta property=\"article:published_time\" content=\"2015-07-05T02:51:33+00:00\" \/>\n<meta property=\"og:image\" content=\"https:\/\/www.meydan.tv\/wp-content\/uploads\/10543.jpg\" \/>\n\t<meta property=\"og:image:width\" content=\"400\" \/>\n\t<meta property=\"og:image:height\" content=\"400\" \/>\n\t<meta property=\"og:image:type\" content=\"image\/jpeg\" \/>\n<meta name=\"author\" content=\"user-manager\" \/>\n<meta name=\"twitter:card\" content=\"summary_large_image\" \/>\n<script type=\"application\/ld+json\" class=\"yoast-schema-graph\">{\"@context\":\"https:\\\/\\\/schema.org\",\"@graph\":[{\"@type\":\"Article\",\"@id\":\"https:\\\/\\\/www.meydan.tv\\\/az\\\/article\\\/adamlar-ve-imtinalar\\\/#article\",\"isPartOf\":{\"@id\":\"https:\\\/\\\/www.meydan.tv\\\/az\\\/article\\\/adamlar-ve-imtinalar\\\/\"},\"author\":{\"name\":\"user-manager\",\"@id\":\"https:\\\/\\\/www.meydan.tv\\\/az\\\/#\\\/schema\\\/person\\\/10d11eccf6da3662cf5fdab9806ea91a\"},\"headline\":\"Adamlar v\u0259 imtinalar\",\"datePublished\":\"2015-07-05T02:51:33+00:00\",\"mainEntityOfPage\":{\"@id\":\"https:\\\/\\\/www.meydan.tv\\\/az\\\/article\\\/adamlar-ve-imtinalar\\\/\"},\"wordCount\":1393,\"publisher\":{\"@id\":\"https:\\\/\\\/www.meydan.tv\\\/az\\\/#organization\"},\"image\":{\"@id\":\"https:\\\/\\\/www.meydan.tv\\\/az\\\/article\\\/adamlar-ve-imtinalar\\\/#primaryimage\"},\"thumbnailUrl\":\"https:\\\/\\\/www.meydan.tv\\\/wp-content\\\/uploads\\\/10543.jpg\",\"articleSection\":[\"M\u0259nim Fikrimc\u0259\"],\"inLanguage\":\"az\"},{\"@type\":\"WebPage\",\"@id\":\"https:\\\/\\\/www.meydan.tv\\\/az\\\/article\\\/adamlar-ve-imtinalar\\\/\",\"url\":\"https:\\\/\\\/www.meydan.tv\\\/az\\\/article\\\/adamlar-ve-imtinalar\\\/\",\"name\":\"Adamlar v\u0259 imtinalar - MEYDAN.TV\",\"isPartOf\":{\"@id\":\"https:\\\/\\\/www.meydan.tv\\\/az\\\/#website\"},\"primaryImageOfPage\":{\"@id\":\"https:\\\/\\\/www.meydan.tv\\\/az\\\/article\\\/adamlar-ve-imtinalar\\\/#primaryimage\"},\"image\":{\"@id\":\"https:\\\/\\\/www.meydan.tv\\\/az\\\/article\\\/adamlar-ve-imtinalar\\\/#primaryimage\"},\"thumbnailUrl\":\"https:\\\/\\\/www.meydan.tv\\\/wp-content\\\/uploads\\\/10543.jpg\",\"datePublished\":\"2015-07-05T02:51:33+00:00\",\"breadcrumb\":{\"@id\":\"https:\\\/\\\/www.meydan.tv\\\/az\\\/article\\\/adamlar-ve-imtinalar\\\/#breadcrumb\"},\"inLanguage\":\"az\",\"potentialAction\":[{\"@type\":\"ReadAction\",\"target\":[\"https:\\\/\\\/www.meydan.tv\\\/az\\\/article\\\/adamlar-ve-imtinalar\\\/\"]}]},{\"@type\":\"ImageObject\",\"inLanguage\":\"az\",\"@id\":\"https:\\\/\\\/www.meydan.tv\\\/az\\\/article\\\/adamlar-ve-imtinalar\\\/#primaryimage\",\"url\":\"https:\\\/\\\/www.meydan.tv\\\/wp-content\\\/uploads\\\/10543.jpg\",\"contentUrl\":\"https:\\\/\\\/www.meydan.tv\\\/wp-content\\\/uploads\\\/10543.jpg\",\"width\":400,\"height\":400,\"caption\":\"Source:\"},{\"@type\":\"BreadcrumbList\",\"@id\":\"https:\\\/\\\/www.meydan.tv\\\/az\\\/article\\\/adamlar-ve-imtinalar\\\/#breadcrumb\",\"itemListElement\":[{\"@type\":\"ListItem\",\"position\":1,\"name\":\"Ana s\u0259hif\u0259\",\"item\":\"https:\\\/\\\/www.meydan.tv\\\/az\\\/\"},{\"@type\":\"ListItem\",\"position\":2,\"name\":\"M\u0259nim Fikrimc\u0259\",\"item\":\"https:\\\/\\\/www.meydan.tv\\\/az\\\/section\\\/menim-fikrimce\\\/\"},{\"@type\":\"ListItem\",\"position\":3,\"name\":\"Adamlar v\u0259 imtinalar\"}]},{\"@type\":\"WebSite\",\"@id\":\"https:\\\/\\\/www.meydan.tv\\\/az\\\/#website\",\"url\":\"https:\\\/\\\/www.meydan.tv\\\/az\\\/\",\"name\":\"MEYDAN.TV\",\"description\":\"Meydan TV Az\u0259rbaycan\u0131n media m\u0259kan\u0131ndak\u0131 alternativ s\u0259sidir\",\"publisher\":{\"@id\":\"https:\\\/\\\/www.meydan.tv\\\/az\\\/#organization\"},\"potentialAction\":[{\"@type\":\"SearchAction\",\"target\":{\"@type\":\"EntryPoint\",\"urlTemplate\":\"https:\\\/\\\/www.meydan.tv\\\/az\\\/?s={search_term_string}\"},\"query-input\":{\"@type\":\"PropertyValueSpecification\",\"valueRequired\":true,\"valueName\":\"search_term_string\"}}],\"inLanguage\":\"az\"},{\"@type\":\"Organization\",\"@id\":\"https:\\\/\\\/www.meydan.tv\\\/az\\\/#organization\",\"name\":\"Meydan TV\",\"url\":\"https:\\\/\\\/www.meydan.tv\\\/az\\\/\",\"logo\":{\"@type\":\"ImageObject\",\"inLanguage\":\"az\",\"@id\":\"https:\\\/\\\/www.meydan.tv\\\/az\\\/#\\\/schema\\\/logo\\\/image\\\/\",\"url\":\"https:\\\/\\\/www.meydan.tv\\\/wp-content\\\/uploads\\\/2021\\\/07\\\/meydan-logo.svg\",\"contentUrl\":\"https:\\\/\\\/www.meydan.tv\\\/wp-content\\\/uploads\\\/2021\\\/07\\\/meydan-logo.svg\",\"width\":195,\"height\":46,\"caption\":\"Meydan TV\"},\"image\":{\"@id\":\"https:\\\/\\\/www.meydan.tv\\\/az\\\/#\\\/schema\\\/logo\\\/image\\\/\"}},{\"@type\":\"Person\",\"@id\":\"https:\\\/\\\/www.meydan.tv\\\/az\\\/#\\\/schema\\\/person\\\/10d11eccf6da3662cf5fdab9806ea91a\",\"name\":\"user-manager\"}]}<\/script>\n<!-- \/ Yoast SEO plugin. -->","yoast_head_json":{"title":"Adamlar v\u0259 imtinalar - MEYDAN.TV","robots":{"index":"index","follow":"follow","max-snippet":"max-snippet:-1","max-image-preview":"max-image-preview:large","max-video-preview":"max-video-preview:-1"},"canonical":"https:\/\/www.meydan.tv\/az\/article\/adamlar-ve-imtinalar\/","og_locale":"az_AZ","og_type":"article","og_title":"Adamlar v\u0259 imtinalar - MEYDAN.TV","og_description":"Yaln\u0131z bir cavab var: X\u0259yan\u0259tdir!","og_url":"https:\/\/www.meydan.tv\/az\/article\/adamlar-ve-imtinalar\/","og_site_name":"MEYDAN.TV","article_published_time":"2015-07-05T02:51:33+00:00","og_image":[{"width":400,"height":400,"url":"https:\/\/www.meydan.tv\/wp-content\/uploads\/10543.jpg","type":"image\/jpeg"}],"author":"user-manager","twitter_card":"summary_large_image","schema":{"@context":"https:\/\/schema.org","@graph":[{"@type":"Article","@id":"https:\/\/www.meydan.tv\/az\/article\/adamlar-ve-imtinalar\/#article","isPartOf":{"@id":"https:\/\/www.meydan.tv\/az\/article\/adamlar-ve-imtinalar\/"},"author":{"name":"user-manager","@id":"https:\/\/www.meydan.tv\/az\/#\/schema\/person\/10d11eccf6da3662cf5fdab9806ea91a"},"headline":"Adamlar v\u0259 imtinalar","datePublished":"2015-07-05T02:51:33+00:00","mainEntityOfPage":{"@id":"https:\/\/www.meydan.tv\/az\/article\/adamlar-ve-imtinalar\/"},"wordCount":1393,"publisher":{"@id":"https:\/\/www.meydan.tv\/az\/#organization"},"image":{"@id":"https:\/\/www.meydan.tv\/az\/article\/adamlar-ve-imtinalar\/#primaryimage"},"thumbnailUrl":"https:\/\/www.meydan.tv\/wp-content\/uploads\/10543.jpg","articleSection":["M\u0259nim Fikrimc\u0259"],"inLanguage":"az"},{"@type":"WebPage","@id":"https:\/\/www.meydan.tv\/az\/article\/adamlar-ve-imtinalar\/","url":"https:\/\/www.meydan.tv\/az\/article\/adamlar-ve-imtinalar\/","name":"Adamlar v\u0259 imtinalar - MEYDAN.TV","isPartOf":{"@id":"https:\/\/www.meydan.tv\/az\/#website"},"primaryImageOfPage":{"@id":"https:\/\/www.meydan.tv\/az\/article\/adamlar-ve-imtinalar\/#primaryimage"},"image":{"@id":"https:\/\/www.meydan.tv\/az\/article\/adamlar-ve-imtinalar\/#primaryimage"},"thumbnailUrl":"https:\/\/www.meydan.tv\/wp-content\/uploads\/10543.jpg","datePublished":"2015-07-05T02:51:33+00:00","breadcrumb":{"@id":"https:\/\/www.meydan.tv\/az\/article\/adamlar-ve-imtinalar\/#breadcrumb"},"inLanguage":"az","potentialAction":[{"@type":"ReadAction","target":["https:\/\/www.meydan.tv\/az\/article\/adamlar-ve-imtinalar\/"]}]},{"@type":"ImageObject","inLanguage":"az","@id":"https:\/\/www.meydan.tv\/az\/article\/adamlar-ve-imtinalar\/#primaryimage","url":"https:\/\/www.meydan.tv\/wp-content\/uploads\/10543.jpg","contentUrl":"https:\/\/www.meydan.tv\/wp-content\/uploads\/10543.jpg","width":400,"height":400,"caption":"Source:"},{"@type":"BreadcrumbList","@id":"https:\/\/www.meydan.tv\/az\/article\/adamlar-ve-imtinalar\/#breadcrumb","itemListElement":[{"@type":"ListItem","position":1,"name":"Ana s\u0259hif\u0259","item":"https:\/\/www.meydan.tv\/az\/"},{"@type":"ListItem","position":2,"name":"M\u0259nim Fikrimc\u0259","item":"https:\/\/www.meydan.tv\/az\/section\/menim-fikrimce\/"},{"@type":"ListItem","position":3,"name":"Adamlar v\u0259 imtinalar"}]},{"@type":"WebSite","@id":"https:\/\/www.meydan.tv\/az\/#website","url":"https:\/\/www.meydan.tv\/az\/","name":"MEYDAN.TV","description":"Meydan TV Az\u0259rbaycan\u0131n media m\u0259kan\u0131ndak\u0131 alternativ s\u0259sidir","publisher":{"@id":"https:\/\/www.meydan.tv\/az\/#organization"},"potentialAction":[{"@type":"SearchAction","target":{"@type":"EntryPoint","urlTemplate":"https:\/\/www.meydan.tv\/az\/?s={search_term_string}"},"query-input":{"@type":"PropertyValueSpecification","valueRequired":true,"valueName":"search_term_string"}}],"inLanguage":"az"},{"@type":"Organization","@id":"https:\/\/www.meydan.tv\/az\/#organization","name":"Meydan TV","url":"https:\/\/www.meydan.tv\/az\/","logo":{"@type":"ImageObject","inLanguage":"az","@id":"https:\/\/www.meydan.tv\/az\/#\/schema\/logo\/image\/","url":"https:\/\/www.meydan.tv\/wp-content\/uploads\/2021\/07\/meydan-logo.svg","contentUrl":"https:\/\/www.meydan.tv\/wp-content\/uploads\/2021\/07\/meydan-logo.svg","width":195,"height":46,"caption":"Meydan TV"},"image":{"@id":"https:\/\/www.meydan.tv\/az\/#\/schema\/logo\/image\/"}},{"@type":"Person","@id":"https:\/\/www.meydan.tv\/az\/#\/schema\/person\/10d11eccf6da3662cf5fdab9806ea91a","name":"user-manager"}]}},"_links":{"self":[{"href":"https:\/\/www.meydan.tv\/az\/wp-json\/wp\/v2\/posts\/168763","targetHints":{"allow":["GET"]}}],"collection":[{"href":"https:\/\/www.meydan.tv\/az\/wp-json\/wp\/v2\/posts"}],"about":[{"href":"https:\/\/www.meydan.tv\/az\/wp-json\/wp\/v2\/types\/post"}],"author":[{"embeddable":true,"href":"https:\/\/www.meydan.tv\/az\/wp-json\/wp\/v2\/users\/11"}],"replies":[{"embeddable":true,"href":"https:\/\/www.meydan.tv\/az\/wp-json\/wp\/v2\/comments?post=168763"}],"version-history":[{"count":0,"href":"https:\/\/www.meydan.tv\/az\/wp-json\/wp\/v2\/posts\/168763\/revisions"}],"wp:featuredmedia":[{"embeddable":true,"href":"https:\/\/www.meydan.tv\/az\/wp-json\/wp\/v2\/media\/28495"}],"wp:attachment":[{"href":"https:\/\/www.meydan.tv\/az\/wp-json\/wp\/v2\/media?parent=168763"}],"wp:term":[{"taxonomy":"category","embeddable":true,"href":"https:\/\/www.meydan.tv\/az\/wp-json\/wp\/v2\/categories?post=168763"},{"taxonomy":"post_tag","embeddable":true,"href":"https:\/\/www.meydan.tv\/az\/wp-json\/wp\/v2\/tags?post=168763"}],"curies":[{"name":"wp","href":"https:\/\/api.w.org\/{rel}","templated":true}]}}