{"id":168759,"date":"2015-07-04T16:20:13","date_gmt":"2015-07-04T16:20:13","guid":{"rendered":"https:\/\/www.meydan.tv\/article\/bir-gunun-tarixcesi\/"},"modified":"2015-07-04T16:20:13","modified_gmt":"2015-07-04T16:20:13","slug":"bir-gunun-tarixcesi","status":"publish","type":"post","link":"https:\/\/www.meydan.tv\/az\/article\/bir-gunun-tarixcesi\/","title":{"rendered":"Bir g\u00fcn\u00fcn tarix\u00e7\u0259si"},"content":{"rendered":"<figure class=\"wp-block-image size-large\">\n  <img decoding=\"async\" src=\"https:\/\/www.meydan.tv\/az\/28477\/\" alt=\"\" class=\"wp-image-28477\"\/><figcaption><\/figcaption><\/figure>\n<figure class=\"wp-block-image size-large\">\n  <img decoding=\"async\" src=\"https:\/\/www.meydan.tv\/az\/28480\/\" alt=\"\" class=\"wp-image-28480\"\/><figcaption><\/figcaption><\/figure>\n<p>\n  <br \/>\n  S\u0259h\u0259ri Lvovdan g\u0259lm\u0259, \u0259tirli kofe il\u0259 a\u00e7\u0131ram. Yuxu h\u0259l\u0259 d\u0259 m\u0259nd\u0259n \u0259l \u00e7\u0259km\u0259yib, onu \u00f6z\u00fcmd\u0259n qovmaq \u00fc\u00e7\u00fcn h\u0259y\u0259t\u0259 d\u00fc\u015f\u00fcr\u0259m. H\u0259y\u0259ti ya\u015fl\u0131 bir qad\u0131n s\u00fcp\u00fcr\u00fcr. Aram\u0131zda q\u0259rib\u0259 bir dialoq ba\u015flay\u0131r. \u201cBak\u0131dansan?\u201d \u201ch\u0259\u201d, cavab\u0131n verib, q\u0131sa k\u0259sm\u0259k ist\u0259yir\u0259m, dan\u0131\u015fma\u011fa h\u0259v\u0259s yoxdur amma ikinci sual \u00f6z\u00fcn \u00e7ox g\u00f6zl\u0259tmir: \u201cBak\u0131da bel\u0259 a\u011facl\u0131q var?\u201d, \u201cYox, bizimkil\u0259r onu do\u011fray\u0131b\u201d. D\u0259rdini dan\u0131\u015f\u0131r: \u201c\u00c7\u0259tindir, bu q\u0259d\u0259r yarpaqlar t\u00f6k\u00fcl\u00fcr, s\u00fcp\u00fcrm\u0259liy\u0259m\u201d. Q\u0259fil m\u00f6vzunu d\u0259yi\u015fir, \u201cbildiz d\u0259, p\u0259l\u0259ngi d\u0259 tuta bilm\u0259yibl\u0259r, qa\u00e7\u0131b aradan \u00e7\u0131x\u0131b. Yaman qorxuruq, Allah bilir, indi hardad\u0131, acd\u0131r, camaat\u0131 yey\u0259c\u0259k. B\u0259lk\u0259 d\u0259 art\u0131q ne\u00e7\u0259sin yeyib, o q\u0259d\u0259r piyan, yetim-yesir var k\u00fc\u00e7\u0259d\u0259. Kim bil\u0259c\u0259k ax\u0131?!\u201d. Q\u0259fil g\u00f6z\u00fcm\u00fcn qar\u015f\u0131s\u0131na gec\u0259l\u0259r k\u00fc\u00e7\u0259d\u0259ki dil\u0259n\u00e7il\u0259ri, evsiz-e\u015fiksizl\u0259ri par\u00e7al\u0131y\u0131b, yey\u0259n p\u0259l\u0259ng g\u0259lir. M\u00fcmk\u00fcn deyil, yes\u0259ydi, s\u00fcm\u00fcy\u00fc qalard\u0131&#8230;n\u0259 gic-gic \u015feyl\u0259r d\u00fc\u015f\u00fcn\u00fcr\u0259m deyib, ev\u0259 girir\u0259m.\n<\/p>\n<p>\n  <br \/>\n  Bu g\u00fcnl\u0259rd\u0259 Tbilisi camaat\u0131n\u0131n \u0259sas d\u0259rdi da\u015fq\u0131nlardan sonra heyvanxanadan qa\u00e7an p\u0259l\u0259ngl\u0259 ba\u011fl\u0131d\u0131r. H\u0259l\u0259 d\u0259 p\u0259l\u0259ng tap\u0131lmay\u0131b. X\u0259b\u0259rl\u0259r\u0259, daha \u00e7ox da dedi-qoduya inansaq, onu g\u00f6r\u0259n insanlar varm\u0131\u015f. Bir xan\u0131m h\u0259tta polis\u0259 z\u0259ng edir ki, p\u0259l\u0259ngi g\u00f6rm\u00fc\u015f\u0259m, b\u0259s g\u0259lin. Polis g\u0259lir, amma xan\u0131ma deyir ki, sizin g\u00f6rd\u00fcy\u00fcn\u00fcz pi\u015fik olub. Qorxu t\u0259hl\u00fck\u0259ni daha da b\u00f6y\u00fcd\u00fcr. \u0130nsanlar bel\u0259dir, \u015fi\u015firtm\u0259yi sevir.\n<\/p>\n<p>\n  <br \/>\n  P\u0259l\u0259ng sevdiyim heyvand\u0131r, ona m\u0259xsusi h\u00f6rm\u0259tim var. Amma qar\u015f\u0131-qar\u015f\u0131ya g\u0259lm\u0259m\u0259yi, ona \u0259ziyy\u0259t edib heyvanxanaya salm\u0131\u015f insanlar\u0131n ac\u0131\u011f\u0131n\u0131 m\u0259nd\u0259n \u00e7\u0131xmas\u0131n\u0131, y\u0259ni m\u0259ni yeyib s\u00fcm\u00fcy\u0259 d\u00f6nd\u0259rm\u0259sini m\u0259n d\u0259 ist\u0259mir\u0259m. Balaca bir gizilti ke\u00e7ir i\u00e7imd\u0259n.<br \/>\n  <br \/>\n  G\u00fcnortadan sonra Tbilisinin sevdiyim kafel\u0259rind\u0259n birin\u0259 gedir\u0259m, daha bir kofe i\u00e7ib, Elias Cannetinin \u201cKorluq\u201d roman\u0131n\u0131 oxumaq ist\u0259yir\u0259m. Ne\u00e7\u0259 g\u00fcnd\u00fcr, bu kitab m\u0259ni b\u0259rk m\u0259\u015f\u011ful edir. Amma kitab\u0131 oxuya bilmir\u0259m, yan\u0131nda h\u0259mi\u015f\u0259 maraql\u0131 insanlar olan dostum ordad\u0131r. Onun \u201ccouchsurfing\u201d-l\u0259 evd\u0259 qonaq ed\u0259c\u0259yi ya\u015fl\u0131 italyan bir xan\u0131mla oturub. Bizl\u0259ri tan\u0131\u015f edir, m\u00f6vzular bir-birin\u0259 qar\u0131\u015f\u0131r, amma maraql\u0131d\u0131r. Xan\u0131m\u0131n 60 ya\u015f\u0131 var, 17 ildir \u0130taliyadak\u0131 evini kiray\u0259 ver\u0259r\u0259k d\u00fcnyan\u0131 g\u0259zir. \u0130ki d\u0259f\u0259 Az\u0259rbaycanda olub, babat s\u0259f\u0259r CV-si var. Sabah yen\u0259 d\u0259 Az\u0259rbaycana ged\u0259c\u0259k. Zaman\u0131nda nudist, hippi h\u0259r\u0259katlar\u0131nda i\u015ftirak edib, universitetd\u0259n qovulub. He\u00e7 n\u0259y\u0259 pe\u015fman deyil, deyir nec\u0259 ist\u0259mi\u015f\u0259m, el\u0259 d\u0259 ya\u015fam\u0131\u015fam, ya\u015fay\u0131ram. \u00c7ox istiqanl\u0131, h\u0259yat e\u015fqli, i\u015f\u0131ql\u0131 biridir.\n<\/p>\n<p>\n  <br \/>\n  Amma Az\u0259rbaycanla ba\u011fl\u0131 he\u00e7 d\u0259 xo\u015f olmayan xatir\u0259l\u0259ri var. Bir d\u0259f\u0259 aya\u011f\u0131n s\u0131nd\u0131r\u0131b, 40 g\u00fcn Az\u0259rbaycanda qalmal\u0131 olub. Ondan d\u00fcnyan\u0131n \u0259n pis polisl\u0259ri haqq\u0131nda soru\u015furam, top onluq ist\u0259yir\u0259m Baxmay\u0131n da, adam 17 ildir motosikletl\u0259 d\u00fcnyan\u0131 g\u0259zir, h\u0259r halda, polisl\u0259 t\u0259mas\u0131 az olmay\u0131b. Cavab\u0131 q\u0131sad\u0131r: \u201cSorry Emin, but the Azerbaijani polices are bastards!\u201d. Niy\u0259 dey\u0259 soru\u015furam, deyir \u201c\u00e7ox kobudurlar, ke\u00e7\u0259n il d\u0259 m\u0259ni h\u0259bs etm\u0259kl\u0259 qorxudub, 100 avromu \u0259limd\u0259n al\u0131blar\u201d.\n<\/p>\n<p>\n  <br \/>\n  Ax\u015fam d\u00fc\u015fm\u0259y\u0259 ba\u015flay\u0131r, Tbilisinin sevdiyim publardan birind\u0259y\u0259m. Ad\u0131 \u201cDive Pub\u201d , amma m\u0259n ona \u201cdiv pub\u201d deyir\u0259m, \u00e7\u00fcnki \u00e7ox xo\u015fuma g\u0259lir. Bu pubda, h\u0259ft\u0259 sonlar\u0131 \u0259n m\u00fcxt\u0259lif irqd\u0259n dind\u0259n, dild\u0259n, milliy\u0259td\u0259n insanlar g\u00f6rm\u0259k m\u00fcmk\u00fcnd\u00fcr. Professordan tutmu\u015f, t\u0259l\u0259b\u0259, yaz\u0131\u00e7\u0131, intelektuallara kimi bura g\u0259lir. M\u00fchit tapd\u0131nm\u0131, he\u00e7 vaxt dar\u0131xmazsan, \u00e7\u00fcnki burda h\u0259r k\u0259s n\u0259yis\u0259 \u0259la bilir.\n<\/p>\n<p>\n  <br \/>\n  Sovet d\u00f6vr\u00fc \u00fczr\u0259 Pensilvaniyada doktorluq i\u015fi yazan bir amerikanl\u0131 tan\u0131\u015fla dan\u0131\u015f\u0131ram. S\u00f6hb\u0259t t\u0259hsil \u0259n\u0259n\u0259sind\u0259 gedir, m\u0259n d\u0259 Zaqatalan\u0131 misal verib, o haqda bildiyimi deyir\u0259m. M\u0259n\u0259 h\u0259mi\u015f\u0259 t\u0259\u0259c\u00fcbl\u00fc g\u0259lib ki, niy\u0259 Zaqatala rayonlar\u0131m\u0131z i\u00e7\u0259risind\u0259 proqressiv insanlar yeti\u015fdirm\u0259kd\u0259 \u0259n birincil\u0259rd\u0259n olub. Bu haqqda Bak\u0131da Tibb Universitetind\u0259 oxuyan, h\u0259m d\u0259 h\u0259v\u0259skar psixoanalitika il m\u0259\u015f\u011ful olan bir tan\u0131\u015fla dan\u0131\u015fark\u0259n, bunu bel\u0259 \u0259sasland\u0131rm\u0131\u015fd\u0131 ki, b\u0259s Sovet d\u00f6vr\u00fcnd\u0259 siyasi m\u0259hbuslar\u0131n saxlan\u0131ld\u0131\u011f\u0131 h\u0259bsxanalardan biri Zaqatalada olub. Orada Sovetin qaymaqlar\u0131 olan insanlar saxlan\u0131b. M\u0259s\u0259l\u0259n, onun biologiya m\u00fc\u0259llimi Moskva D\u00f6vl\u0259t Universitetinin professoru olub, musiqi m\u00fc\u0259llimi is\u0259 Konservatoriyan\u0131n. H\u0259min insanlar is\u0259 h\u0259bsd\u0259n azad olduqdan sonra Zaqatalada qal\u0131rm\u0131\u015f. Y\u0259ni inki\u015faf\u0131n arxas\u0131nda onlar durur. Bu m\u0259lumat\u0131 el\u0259 amerikal\u0131ya demi\u015fdim ki, dedi b\u0259s, m\u0259n bu m\u00f6vzu \u00fczr\u0259 kitab yazmaq ist\u0259yirdim. Maraqla dinl\u0259yir\u0259m: \u201c Amerikada 1929-cu ild\u0259 \u201cB\u00f6y\u00fck B\u00f6hran\u201d ya\u015fanark\u0259n, bir \u00e7ox professor, doktor d\u0259r\u0259c\u0259si alm\u0131\u015f insanlar i\u015fsiz qald\u0131. H\u00f6k\u00fcm\u0259t onlar\u0131n i\u015fsizlik problemini h\u0259ll etm\u0259k \u00fc\u00e7\u00fcn orta m\u0259kt\u0259bl\u0259r\u0259 d\u0259rs dem\u0259y\u0259 g\u00f6nd\u0259rir, ya da \u00f6z\u0259l m\u0259kt\u0259bl\u0259r onlar\u0131 i\u015f\u0259 q\u0259bul edir. Bu o q\u0259d\u0259r k\u00fctl\u0259vi \u015f\u0259kild\u0259 olub ki, o insanlar\u0131n d\u0259rs verdiyi \u015fagirdl\u0259r sonradan AB\u015e-\u0131n \u201cq\u0131z\u0131l u\u015faqlar\u0131\u201d dey\u0259 adland\u0131r\u0131l\u0131b. Bizim tariximizd\u0259, h\u0259l\u0259 el\u0259 n\u0259sil yeti\u015fm\u0259yib. Buna s\u0259b\u0259b h\u0259min professorlar\u0131n orta m\u0259kt\u0259bd\u0259 d\u0259rs verm\u0259si olub\u201d<br \/>\n  <br \/>\n  D\u00fcnyan\u0131n h\u0259r yerind\u0259 proses eyni n\u0259tic\u0259l\u0259nirmi\u015f.\n<\/p>\n<p>\n  <br \/>\n  Ev\u0259 qay\u0131d\u0131ram, saat gec\u0259 1-dir, a\u00e7ar\u0131 almaq \u00fc\u00e7\u00fcn 10 d\u0259qiq\u0259 deyib, yar\u0131m saata g\u0259l\u0259n bir ba\u015fqa dostuma sms at\u0131ram: \u201cTez g\u0259l, p\u0259l\u0259ng\u0259 yem olmaq ist\u0259mir\u0259m \u201d yaz\u0131b, sms-\u0259 smaylik yap\u0131\u015fd\u0131r\u0131ram. Smayliki ona g\u00f6r\u0259 qoyuram ki, guya m\u0259z\u0259l\u0259nir\u0259m. Amma \u0259slind\u0259, qorxu m\u0259ni b\u00fcr\u00fcy\u00fcr. S\u0259n dem\u0259, s\u0259h\u0259r o ya\u015fl\u0131 qad\u0131n\u0131n dedikl\u0259ri b\u00fct\u00fcn g\u00fcn boyu m\u0259nl\u0259 birlikd\u0259 g\u0259zib, gec\u0259nin qaranl\u0131\u011f\u0131nda is\u0259 qorxum \u00f6z\u00fcn\u00fc b\u00fcruz\u0259 verib.\n<\/p>\n<p>\n  <br \/>\n  <b><br \/>\n    Yaz\u0131dak\u0131 fikirl\u0259r m\u00fc\u0259llif\u0259 m\u0259xsusdur v\u0259 onlara g\u00f6r\u0259 Meydan TV m\u0259suliyy\u0259t da\u015f\u0131m\u0131r.<br \/>\n  <\/b><\/p>\n","protected":false},"excerpt":{"rendered":"<p>G\u00fcn uzunu m\u0259niml\u0259 g\u0259z\u0259n qorxu<\/p>\n","protected":false},"author":11,"featured_media":28477,"comment_status":"closed","ping_status":"open","sticky":false,"template":"","format":"standard","meta":{"_acf_changed":false,"_sitemap_exclude":false,"_sitemap_priority":"","_sitemap_frequency":"","footnotes":""},"categories":[57],"tags":[],"class_list":["post-168759","post","type-post","status-publish","format-standard","has-post-thumbnail","hentry","category-menim-fikrimce","infinite-scroll-item","generate-columns","tablet-grid-50","mobile-grid-100","grid-parent","grid-33","no-featured-image-padding"],"acf":[],"yoast_head":"<!-- This site is optimized with the Yoast SEO plugin v27.5 - https:\/\/yoast.com\/product\/yoast-seo-wordpress\/ -->\n<title>Bir g\u00fcn\u00fcn tarix\u00e7\u0259si - MEYDAN.TV<\/title>\n<meta name=\"robots\" content=\"index, follow, max-snippet:-1, max-image-preview:large, max-video-preview:-1\" \/>\n<link rel=\"canonical\" href=\"https:\/\/www.meydan.tv\/az\/article\/bir-gunun-tarixcesi\/\" \/>\n<meta property=\"og:locale\" content=\"az_AZ\" \/>\n<meta property=\"og:type\" content=\"article\" \/>\n<meta property=\"og:title\" content=\"Bir g\u00fcn\u00fcn tarix\u00e7\u0259si - MEYDAN.TV\" \/>\n<meta property=\"og:description\" content=\"G\u00fcn uzunu m\u0259niml\u0259 g\u0259z\u0259n qorxu\" \/>\n<meta property=\"og:url\" content=\"https:\/\/www.meydan.tv\/az\/article\/bir-gunun-tarixcesi\/\" \/>\n<meta property=\"og:site_name\" content=\"MEYDAN.TV\" \/>\n<meta property=\"article:published_time\" content=\"2015-07-04T16:20:13+00:00\" \/>\n<meta property=\"og:image\" content=\"https:\/\/www.meydan.tv\/wp-content\/uploads\/10535.jpg\" \/>\n\t<meta property=\"og:image:width\" content=\"500\" \/>\n\t<meta property=\"og:image:height\" content=\"500\" \/>\n\t<meta property=\"og:image:type\" content=\"image\/jpeg\" \/>\n<meta name=\"author\" content=\"user-manager\" \/>\n<meta name=\"twitter:card\" content=\"summary_large_image\" \/>\n<script type=\"application\/ld+json\" class=\"yoast-schema-graph\">{\"@context\":\"https:\\\/\\\/schema.org\",\"@graph\":[{\"@type\":\"Article\",\"@id\":\"https:\\\/\\\/www.meydan.tv\\\/az\\\/article\\\/bir-gunun-tarixcesi\\\/#article\",\"isPartOf\":{\"@id\":\"https:\\\/\\\/www.meydan.tv\\\/az\\\/article\\\/bir-gunun-tarixcesi\\\/\"},\"author\":{\"name\":\"user-manager\",\"@id\":\"https:\\\/\\\/www.meydan.tv\\\/az\\\/#\\\/schema\\\/person\\\/10d11eccf6da3662cf5fdab9806ea91a\"},\"headline\":\"Bir g\u00fcn\u00fcn tarix\u00e7\u0259si\",\"datePublished\":\"2015-07-04T16:20:13+00:00\",\"mainEntityOfPage\":{\"@id\":\"https:\\\/\\\/www.meydan.tv\\\/az\\\/article\\\/bir-gunun-tarixcesi\\\/\"},\"wordCount\":1187,\"publisher\":{\"@id\":\"https:\\\/\\\/www.meydan.tv\\\/az\\\/#organization\"},\"image\":{\"@id\":\"https:\\\/\\\/www.meydan.tv\\\/az\\\/article\\\/bir-gunun-tarixcesi\\\/#primaryimage\"},\"thumbnailUrl\":\"https:\\\/\\\/www.meydan.tv\\\/wp-content\\\/uploads\\\/10535.jpg\",\"articleSection\":[\"M\u0259nim Fikrimc\u0259\"],\"inLanguage\":\"az\"},{\"@type\":\"WebPage\",\"@id\":\"https:\\\/\\\/www.meydan.tv\\\/az\\\/article\\\/bir-gunun-tarixcesi\\\/\",\"url\":\"https:\\\/\\\/www.meydan.tv\\\/az\\\/article\\\/bir-gunun-tarixcesi\\\/\",\"name\":\"Bir g\u00fcn\u00fcn tarix\u00e7\u0259si - MEYDAN.TV\",\"isPartOf\":{\"@id\":\"https:\\\/\\\/www.meydan.tv\\\/az\\\/#website\"},\"primaryImageOfPage\":{\"@id\":\"https:\\\/\\\/www.meydan.tv\\\/az\\\/article\\\/bir-gunun-tarixcesi\\\/#primaryimage\"},\"image\":{\"@id\":\"https:\\\/\\\/www.meydan.tv\\\/az\\\/article\\\/bir-gunun-tarixcesi\\\/#primaryimage\"},\"thumbnailUrl\":\"https:\\\/\\\/www.meydan.tv\\\/wp-content\\\/uploads\\\/10535.jpg\",\"datePublished\":\"2015-07-04T16:20:13+00:00\",\"breadcrumb\":{\"@id\":\"https:\\\/\\\/www.meydan.tv\\\/az\\\/article\\\/bir-gunun-tarixcesi\\\/#breadcrumb\"},\"inLanguage\":\"az\",\"potentialAction\":[{\"@type\":\"ReadAction\",\"target\":[\"https:\\\/\\\/www.meydan.tv\\\/az\\\/article\\\/bir-gunun-tarixcesi\\\/\"]}]},{\"@type\":\"ImageObject\",\"inLanguage\":\"az\",\"@id\":\"https:\\\/\\\/www.meydan.tv\\\/az\\\/article\\\/bir-gunun-tarixcesi\\\/#primaryimage\",\"url\":\"https:\\\/\\\/www.meydan.tv\\\/wp-content\\\/uploads\\\/10535.jpg\",\"contentUrl\":\"https:\\\/\\\/www.meydan.tv\\\/wp-content\\\/uploads\\\/10535.jpg\",\"width\":500,\"height\":500,\"caption\":\"Source:\"},{\"@type\":\"BreadcrumbList\",\"@id\":\"https:\\\/\\\/www.meydan.tv\\\/az\\\/article\\\/bir-gunun-tarixcesi\\\/#breadcrumb\",\"itemListElement\":[{\"@type\":\"ListItem\",\"position\":1,\"name\":\"Ana s\u0259hif\u0259\",\"item\":\"https:\\\/\\\/www.meydan.tv\\\/az\\\/\"},{\"@type\":\"ListItem\",\"position\":2,\"name\":\"M\u0259nim Fikrimc\u0259\",\"item\":\"https:\\\/\\\/www.meydan.tv\\\/az\\\/section\\\/menim-fikrimce\\\/\"},{\"@type\":\"ListItem\",\"position\":3,\"name\":\"Bir g\u00fcn\u00fcn tarix\u00e7\u0259si\"}]},{\"@type\":\"WebSite\",\"@id\":\"https:\\\/\\\/www.meydan.tv\\\/az\\\/#website\",\"url\":\"https:\\\/\\\/www.meydan.tv\\\/az\\\/\",\"name\":\"MEYDAN.TV\",\"description\":\"Meydan TV Az\u0259rbaycan\u0131n media m\u0259kan\u0131ndak\u0131 alternativ s\u0259sidir\",\"publisher\":{\"@id\":\"https:\\\/\\\/www.meydan.tv\\\/az\\\/#organization\"},\"potentialAction\":[{\"@type\":\"SearchAction\",\"target\":{\"@type\":\"EntryPoint\",\"urlTemplate\":\"https:\\\/\\\/www.meydan.tv\\\/az\\\/?s={search_term_string}\"},\"query-input\":{\"@type\":\"PropertyValueSpecification\",\"valueRequired\":true,\"valueName\":\"search_term_string\"}}],\"inLanguage\":\"az\"},{\"@type\":\"Organization\",\"@id\":\"https:\\\/\\\/www.meydan.tv\\\/az\\\/#organization\",\"name\":\"Meydan TV\",\"url\":\"https:\\\/\\\/www.meydan.tv\\\/az\\\/\",\"logo\":{\"@type\":\"ImageObject\",\"inLanguage\":\"az\",\"@id\":\"https:\\\/\\\/www.meydan.tv\\\/az\\\/#\\\/schema\\\/logo\\\/image\\\/\",\"url\":\"https:\\\/\\\/www.meydan.tv\\\/wp-content\\\/uploads\\\/2021\\\/07\\\/meydan-logo.svg\",\"contentUrl\":\"https:\\\/\\\/www.meydan.tv\\\/wp-content\\\/uploads\\\/2021\\\/07\\\/meydan-logo.svg\",\"width\":195,\"height\":46,\"caption\":\"Meydan TV\"},\"image\":{\"@id\":\"https:\\\/\\\/www.meydan.tv\\\/az\\\/#\\\/schema\\\/logo\\\/image\\\/\"}},{\"@type\":\"Person\",\"@id\":\"https:\\\/\\\/www.meydan.tv\\\/az\\\/#\\\/schema\\\/person\\\/10d11eccf6da3662cf5fdab9806ea91a\",\"name\":\"user-manager\"}]}<\/script>\n<!-- \/ Yoast SEO plugin. -->","yoast_head_json":{"title":"Bir g\u00fcn\u00fcn tarix\u00e7\u0259si - MEYDAN.TV","robots":{"index":"index","follow":"follow","max-snippet":"max-snippet:-1","max-image-preview":"max-image-preview:large","max-video-preview":"max-video-preview:-1"},"canonical":"https:\/\/www.meydan.tv\/az\/article\/bir-gunun-tarixcesi\/","og_locale":"az_AZ","og_type":"article","og_title":"Bir g\u00fcn\u00fcn tarix\u00e7\u0259si - MEYDAN.TV","og_description":"G\u00fcn uzunu m\u0259niml\u0259 g\u0259z\u0259n qorxu","og_url":"https:\/\/www.meydan.tv\/az\/article\/bir-gunun-tarixcesi\/","og_site_name":"MEYDAN.TV","article_published_time":"2015-07-04T16:20:13+00:00","og_image":[{"width":500,"height":500,"url":"https:\/\/www.meydan.tv\/wp-content\/uploads\/10535.jpg","type":"image\/jpeg"}],"author":"user-manager","twitter_card":"summary_large_image","schema":{"@context":"https:\/\/schema.org","@graph":[{"@type":"Article","@id":"https:\/\/www.meydan.tv\/az\/article\/bir-gunun-tarixcesi\/#article","isPartOf":{"@id":"https:\/\/www.meydan.tv\/az\/article\/bir-gunun-tarixcesi\/"},"author":{"name":"user-manager","@id":"https:\/\/www.meydan.tv\/az\/#\/schema\/person\/10d11eccf6da3662cf5fdab9806ea91a"},"headline":"Bir g\u00fcn\u00fcn tarix\u00e7\u0259si","datePublished":"2015-07-04T16:20:13+00:00","mainEntityOfPage":{"@id":"https:\/\/www.meydan.tv\/az\/article\/bir-gunun-tarixcesi\/"},"wordCount":1187,"publisher":{"@id":"https:\/\/www.meydan.tv\/az\/#organization"},"image":{"@id":"https:\/\/www.meydan.tv\/az\/article\/bir-gunun-tarixcesi\/#primaryimage"},"thumbnailUrl":"https:\/\/www.meydan.tv\/wp-content\/uploads\/10535.jpg","articleSection":["M\u0259nim Fikrimc\u0259"],"inLanguage":"az"},{"@type":"WebPage","@id":"https:\/\/www.meydan.tv\/az\/article\/bir-gunun-tarixcesi\/","url":"https:\/\/www.meydan.tv\/az\/article\/bir-gunun-tarixcesi\/","name":"Bir g\u00fcn\u00fcn tarix\u00e7\u0259si - MEYDAN.TV","isPartOf":{"@id":"https:\/\/www.meydan.tv\/az\/#website"},"primaryImageOfPage":{"@id":"https:\/\/www.meydan.tv\/az\/article\/bir-gunun-tarixcesi\/#primaryimage"},"image":{"@id":"https:\/\/www.meydan.tv\/az\/article\/bir-gunun-tarixcesi\/#primaryimage"},"thumbnailUrl":"https:\/\/www.meydan.tv\/wp-content\/uploads\/10535.jpg","datePublished":"2015-07-04T16:20:13+00:00","breadcrumb":{"@id":"https:\/\/www.meydan.tv\/az\/article\/bir-gunun-tarixcesi\/#breadcrumb"},"inLanguage":"az","potentialAction":[{"@type":"ReadAction","target":["https:\/\/www.meydan.tv\/az\/article\/bir-gunun-tarixcesi\/"]}]},{"@type":"ImageObject","inLanguage":"az","@id":"https:\/\/www.meydan.tv\/az\/article\/bir-gunun-tarixcesi\/#primaryimage","url":"https:\/\/www.meydan.tv\/wp-content\/uploads\/10535.jpg","contentUrl":"https:\/\/www.meydan.tv\/wp-content\/uploads\/10535.jpg","width":500,"height":500,"caption":"Source:"},{"@type":"BreadcrumbList","@id":"https:\/\/www.meydan.tv\/az\/article\/bir-gunun-tarixcesi\/#breadcrumb","itemListElement":[{"@type":"ListItem","position":1,"name":"Ana s\u0259hif\u0259","item":"https:\/\/www.meydan.tv\/az\/"},{"@type":"ListItem","position":2,"name":"M\u0259nim Fikrimc\u0259","item":"https:\/\/www.meydan.tv\/az\/section\/menim-fikrimce\/"},{"@type":"ListItem","position":3,"name":"Bir g\u00fcn\u00fcn tarix\u00e7\u0259si"}]},{"@type":"WebSite","@id":"https:\/\/www.meydan.tv\/az\/#website","url":"https:\/\/www.meydan.tv\/az\/","name":"MEYDAN.TV","description":"Meydan TV Az\u0259rbaycan\u0131n media m\u0259kan\u0131ndak\u0131 alternativ s\u0259sidir","publisher":{"@id":"https:\/\/www.meydan.tv\/az\/#organization"},"potentialAction":[{"@type":"SearchAction","target":{"@type":"EntryPoint","urlTemplate":"https:\/\/www.meydan.tv\/az\/?s={search_term_string}"},"query-input":{"@type":"PropertyValueSpecification","valueRequired":true,"valueName":"search_term_string"}}],"inLanguage":"az"},{"@type":"Organization","@id":"https:\/\/www.meydan.tv\/az\/#organization","name":"Meydan TV","url":"https:\/\/www.meydan.tv\/az\/","logo":{"@type":"ImageObject","inLanguage":"az","@id":"https:\/\/www.meydan.tv\/az\/#\/schema\/logo\/image\/","url":"https:\/\/www.meydan.tv\/wp-content\/uploads\/2021\/07\/meydan-logo.svg","contentUrl":"https:\/\/www.meydan.tv\/wp-content\/uploads\/2021\/07\/meydan-logo.svg","width":195,"height":46,"caption":"Meydan TV"},"image":{"@id":"https:\/\/www.meydan.tv\/az\/#\/schema\/logo\/image\/"}},{"@type":"Person","@id":"https:\/\/www.meydan.tv\/az\/#\/schema\/person\/10d11eccf6da3662cf5fdab9806ea91a","name":"user-manager"}]}},"_links":{"self":[{"href":"https:\/\/www.meydan.tv\/az\/wp-json\/wp\/v2\/posts\/168759","targetHints":{"allow":["GET"]}}],"collection":[{"href":"https:\/\/www.meydan.tv\/az\/wp-json\/wp\/v2\/posts"}],"about":[{"href":"https:\/\/www.meydan.tv\/az\/wp-json\/wp\/v2\/types\/post"}],"author":[{"embeddable":true,"href":"https:\/\/www.meydan.tv\/az\/wp-json\/wp\/v2\/users\/11"}],"replies":[{"embeddable":true,"href":"https:\/\/www.meydan.tv\/az\/wp-json\/wp\/v2\/comments?post=168759"}],"version-history":[{"count":0,"href":"https:\/\/www.meydan.tv\/az\/wp-json\/wp\/v2\/posts\/168759\/revisions"}],"wp:featuredmedia":[{"embeddable":true,"href":"https:\/\/www.meydan.tv\/az\/wp-json\/wp\/v2\/media\/28477"}],"wp:attachment":[{"href":"https:\/\/www.meydan.tv\/az\/wp-json\/wp\/v2\/media?parent=168759"}],"wp:term":[{"taxonomy":"category","embeddable":true,"href":"https:\/\/www.meydan.tv\/az\/wp-json\/wp\/v2\/categories?post=168759"},{"taxonomy":"post_tag","embeddable":true,"href":"https:\/\/www.meydan.tv\/az\/wp-json\/wp\/v2\/tags?post=168759"}],"curies":[{"name":"wp","href":"https:\/\/api.w.org\/{rel}","templated":true}]}}