{"id":168755,"date":"2015-07-04T05:27:14","date_gmt":"2015-07-04T05:27:14","guid":{"rendered":"https:\/\/www.meydan.tv\/article\/baki-2015-ilham-eliyevin-avropa-oyunlari-niye-azerbaycan-ucun-rusvayci-pr-felaketi-demek-oldu\/"},"modified":"2015-07-04T05:27:14","modified_gmt":"2015-07-04T05:27:14","slug":"baki-2015-ilham-eliyevin-avropa-oyunlari-niye-azerbaycan-ucun-rusvayci-pr-felaketi-demek-oldu","status":"publish","type":"post","link":"https:\/\/www.meydan.tv\/az\/article\/baki-2015-ilham-eliyevin-avropa-oyunlari-niye-azerbaycan-ucun-rusvayci-pr-felaketi-demek-oldu\/","title":{"rendered":"Bak\u0131 2015: \u0130lham \u018fliyevin Avropa Oyunlar\u0131 niy\u0259 Az\u0259rbaycan \u00fc\u00e7\u00fcn r\u00fcsvay\u00e7\u0131 PR f\u0259lak\u0259ti dem\u0259k oldu"},"content":{"rendered":"<figure class=\"wp-block-image size-large\">\n  <img decoding=\"async\" src=\"https:\/\/www.meydan.tv\/az\/28429\/\" alt=\"\" class=\"wp-image-28429\"\/><figcaption><\/figcaption><\/figure>\n<figure class=\"wp-block-image size-large\">\n  <img decoding=\"async\" src=\"https:\/\/www.meydan.tv\/az\/28432\/\" alt=\"\" class=\"wp-image-28432\"\/><figcaption><\/figcaption><\/figure>\n<\/p>\n<p>\n  <i><br \/>\n    \u0130lham \u018fliyev Az\u0259rbaycan\u0131n prezidentidir. O Az\u0259rbaycan\u0131n ki, orada h\u00f6kum\u0259t insan h\u00fcquqlar\u0131n\u0131n pozulmas\u0131nda, o c\u00fcml\u0259d\u0259n \u00f6z t\u0259nqid\u00e7il\u0259rini h\u0259bs etm\u0259kd\u0259 ittiham olunur. [Getty]<br \/>\n  <\/i>\n<\/p>\n<p>\n  Prezident \u018fliyev, buna d\u0259y\u0259rdimi? Birinci Avropa Oyunlar\u0131n\u0131 Az\u0259rbaycanda ke\u00e7irm\u0259y\u0259 x\u0259rcl\u0259n\u0259n milyardlara d\u0259y\u0259rdimi?\n<\/p>\n<p>\n  Bak\u0131 Oyunlar\u0131n\u0131n iyunun 28-d\u0259 ke\u00e7irilmi\u015f ba\u011flan\u0131\u015f m\u0259rasimi m\u00f6ht\u0259\u015f\u0259m, lakin ruhsuz bir hadis\u0259 idi, el\u0259 oyunlar\u0131n \u00f6z\u00fc kimi. Stadionun \u00fcz\u0259rind\u0259 u\u00e7u\u015fan olimpiya halqalar\u0131na ra\u011fm\u0259n h\u0259r k\u0259s bilirdi ki, b\u00fct\u00fcn bu m\u0259nz\u0259r\u0259 bir oyundur: yaln\u0131z bu i\u015f\u0259 birba\u015fa aidiyyat\u0131 olanlar\u0131n maraqlar\u0131na aid saxta oyunlar.\n<\/p>\n<p>\n  Meydan TV-nin a\u015fkar etdiyi kimi, bir m\u0259qamda d\u00f6vl\u0259t televiziyas\u0131 bir<br \/>\n  <i><br \/>\n    <b><br \/>\n      <a href=\"http:\/\/www.rferl.org\/content\/azerbaijan-tv-interview-baku-games-foreigners\/27079263.html\" target=\"_blank\" rel=\"noopener\"><br \/>\n        saxta britaniyal\u0131 turist<br \/>\n      <\/a><br \/>\n    <\/b><br \/>\n  <\/i><br \/>\n  tap\u0131b onunla Bak\u0131n\u0131 v\u0259 oyunlar\u0131 n\u0259 q\u0259d\u0259r sevdiyi bar\u0259d\u0259 dan\u0131\u015fd\u0131. Onun ingilisc\u0259si z\u0259if, Az\u0259rbaycan aksenti is\u0259 g\u00fccl\u00fc idi. \u00a0Ba\u011flan\u0131\u015f m\u0259rasiminin ulduzlar\u0131 say\u0131lan, B\u00f6y\u00fck Britaniya musiqi qrupu Clean Bandit bu s\u0259hn\u0259y\u0259 \u00e7\u0131xmas\u0131n\u0131 he\u00e7 sosial mediada \u00f6z\u00fcn\u00fcn minl\u0259rl\u0259 izl\u0259yicisin\u0259 bildirm\u0259di.\n<\/p>\n<p>\n  \u00d6z\u00fcn\u00fcn pet layih\u0259sin\u0259 qar\u015f\u0131 beyn\u0259lxalq reaksiyadan \u00e7\u0259kinm\u0259y\u0259n Avropa Olimpiya Komit\u0259sini prezidenti Pat Hickey ba\u011flan\u0131\u015f m\u0259rasimind\u0259ki \u00e7\u0131x\u0131\u015f\u0131nda b\u0259yan etdi ki, \u201cAz\u0259rbaycan\u0131n g\u0259l\u0259c\u0259yi parlaqd\u0131r\u201d.\n<\/p>\n<p>\n  Bu h\u0259qiq\u0259t ola bil\u0259r, \u0259g\u0259r \u201cAz\u0259rbaycan\u201d deyil\u0259rk\u0259n \u018fliyevl\u0259r ail\u0259si v\u0259 onlar\u0131n yax\u0131n \u0259traf\u0131 n\u0259z\u0259rd\u0259 tutulursa. Onlara qar\u015f\u0131 \u00e7\u0131xma\u011fa c\u0259sar\u0259t ed\u0259n az\u0259rbaycanl\u0131lar \u00fc\u00e7\u00fcns\u0259 g\u0259l\u0259c\u0259k bar\u0259d\u0259 bel\u0259 b\u0259yanatlar verm\u0259k daha m\u00fc\u015fk\u00fcld\u00fcr.\n<\/p>\n<p>\n  M\u0259n ba\u011flan\u0131\u015f m\u0259rasimini m\u00fchacir\u0259td\u0259 oldu\u011fum Berlind\u0259n izl\u0259dim. M\u0259nim dostum, jurnalist<br \/>\n  <i><br \/>\n    <b><br \/>\n      <a href=\"http:\/\/www.ibtimes.co.uk\/freekhadija-azerbaijani-journalist-detained-exposing-ruling-familys-corruption-1479180\" title=\"#FreeKhadija: Azerbaijani journalist detained for exposing ruling family's corruption\"><br \/>\n        X\u0259dic\u0259 \u0130smay\u0131lova<br \/>\n      <\/a><br \/>\n    <\/b><br \/>\n  <\/i><br \/>\n  v\u0259<br \/>\n  <i><br \/>\n    <b><br \/>\n      <a href=\"http:\/\/www.ibtimes.co.uk\/baku-2015-after-fifa-qatar-scandals-azerbaijan-should-not-be-given-fig-leaf-political-1505606\" title=\"Baku 2015: After FIFA and Qatar scandals, Azerbaijan should not be given a fig leaf for political repression\"><br \/>\n        H\u00fcquqlar Namin\u0259 \u0130dman<br \/>\n      <\/a><br \/>\n    <\/b><br \/>\n  <\/i><br \/>\n  kampaniyas\u0131n\u0131n r\u0259hb\u0259ri R\u0259sul C\u0259f\u0259rov h\u0259bsd\u0259 olduqlar\u0131na g\u00f6r\u0259 izl\u0259y\u0259 bilm\u0259yibl\u0259r. Amma b\u0259lk\u0259 onlar \u00f6z h\u0259bsxana kameralar\u0131nda at\u0259\u015ff\u0259\u015fanl\u0131\u011f\u0131n s\u0259sini e\u015fidibl\u0259r. Ba\u015fqa bir m\u00fcxalif, Emin H\u00fcseynov, \u0130sve\u00e7r\u0259d\u0259n izl\u0259di. O, s\u0131\u011f\u0131nd\u0131\u011f\u0131 \u0130sve\u00e7r\u0259nin Bak\u0131dak\u0131 s\u0259firliyind\u0259n t\u0259z\u0259c\u0259, oyunlar zaman\u0131 azad olub.\n<\/p>\n<p>\n  G\u00fcman ki, \u018fliyev oyunlar\u0131n \u00f6lk\u0259 xaricind\u0259 onun reputasiyas\u0131n\u0131 t\u0259mizl\u0259y\u0259c\u0259yin\u0259 \u00fcmid edirdi. Lakin ba\u015f ver\u0259nl\u0259r onu m\u0259yus etmi\u015f olmal\u0131d\u0131r. Oyunlara haz\u0131rl\u0131q ziddiyy\u0259tl\u0259rl\u0259 dolu idi: \u00e7empionata haz\u0131rl\u0131q bar\u0259d\u0259 h\u0259r bir reportaj \u201ch\u00f6kum\u0259tin insan h\u00fcquqlar\u0131 il\u0259 ba\u011fl\u0131 g\u00f6st\u0259ricil\u0259rinin narahat\u00e7\u0131l\u0131q do\u011furdu\u011fu bir zamanda\u201d, yaxud da buna b\u0259nz\u0259r bir ifad\u0259 il\u0259 ba\u015flay\u0131rd\u0131.\n<\/p>\n<figure class=\"wp-block-image size-large\">\n  <img decoding=\"async\" src=\"https:\/\/www.meydan.tv\/az\/28441\/\" alt=\"\" class=\"wp-image-28441\"\/><figcaption><\/figcaption><\/figure>\n<p>\n  <i><br \/>\n    X\u0259dic\u0259 \u0130smay\u0131lova Az\u0259rbaycanda f\u0259aliyy\u0259t g\u00f6st\u0259r\u0259n jurnalistdir. O, \u018fliyev rejimi t\u0259r\u0259find\u0259n hakim ail\u0259nin biznes \u0259laq\u0259l\u0259rini ara\u015fd\u0131rd\u0131\u011f\u0131na g\u00f6r\u0259 h\u0259bs edilib. [Getty]<br \/>\n  <\/i>\n<\/p>\n<p>\n  Rejim \u201cThe Guardian\u201d, \u201cPlatform\u201d v\u0259 Amnesty-nin jurnalist v\u0259 f\u0259allar\u0131n\u0131n oyunlar zaman\u0131<br \/>\n  <i><br \/>\n    <b><br \/>\n      Az\u0259rbaycana giri\u015fin\u0259<br \/>\n    <\/b><br \/>\n  <\/i><br \/>\n  \u00a0qada\u011fa qoymaqla m\u0259lumat \u00f6t\u00fcr\u0259nl\u0259ri h\u0259d\u0259f\u0259 alma\u011f\u0131 q\u0259rara al\u0131b.\n<\/p>\n<p>\n  Bu, ictimaiyy\u0259tl\u0259 \u0259laq\u0259l\u0259r bax\u0131m\u0131ndan f\u0259lak\u0259t kimi g\u00f6r\u00fcn\u00fcr, lakin g\u00fcman ki, bu daha \u018fliyev rejiminin vecin\u0259 deyil. Onun adamlar\u0131 h\u0259tta xaricd\u0259 ya\u015fayan az\u0259rbaycanl\u0131lara h\u0259d\u0259-qorxu g\u0259lm\u0259y\u0259 ba\u015flay\u0131blar.\n<\/p>\n<p>\n  Ke\u00e7\u0259n h\u0259ft\u0259 m\u0259n \u018fliyevin idman naziri olan Azad R\u0259himovdan bir mesaj ald\u0131m: &#8220;S\u0259n harada olsan da biz s\u0259ni tutaca\u011f\u0131q. D\u00f6vl\u0259t s\u0259ni d\u00f6vl\u0259t\u0259 qar\u015f\u0131 t\u0259\u015fkil etdiyin bu b\u00f6htan kampaniyas\u0131na g\u00f6r\u0259 c\u0259zaland\u0131racaq. S\u0259n buna g\u00f6r\u0259 c\u0259zalanacaqsan. S\u0259n n\u0259 Berlind\u0259, n\u0259 d\u0259 ba\u015fqa bir yerd\u0259 s\u0259rb\u0259st g\u0259z\u0259 bil\u0259c\u0259ks\u0259n. S\u0259n bunu bilm\u0259lis\u0259n.&#8221;\n<\/p>\n<p>\n  Bel\u0259 g\u00f6r\u00fcn\u00fcr ki, az\u0259rbaycanl\u0131 jurnalistl\u0259r v\u0259 f\u0259allar evd\u0259 d\u0259, xaricd\u0259 d\u0259 t\u0259hl\u00fck\u0259 alt\u0131ndad\u0131rlar.\n<\/p>\n<p>\n  Bu, rejimin bisavadl\u0131\u011f\u0131d\u0131r. Onlar inan\u0131rlar ki, ba\u015fqa \u00f6lk\u0259l\u0259rd\u0259 ya\u015fayan az\u0259rbaycanl\u0131lar\u0131n da \u00f6zl\u0259rini nec\u0259 aparmas\u0131n\u0131 dikt\u0259 ed\u0259 bil\u0259rl\u0259r. Bu, iyr\u0259nc olsa da t\u0259\u0259cc\u00fcbl\u00fc deyil. \u018fliyev v\u0259 onun \u0259traf\u0131 d\u00fc\u015f\u00fcn\u00fcrl\u0259r ki, Az\u0259rbaycan onlara m\u0259xsusdur: onlar \u00fc\u00e7\u00fcn yax\u015f\u0131 olan h\u0259r \u015fey \u00f6lk\u0259 \u00fc\u00e7\u00fcn d\u0259 yax\u015f\u0131d\u0131r.\n<\/p>\n<p>\n  Az\u0259rbaycan c\u0259miyy\u0259tinin v\u0259ziyy\u0259tinin pisl\u0259\u015fdiyi vaxtda milyardlarla funtu m\u0259nas\u0131z tama\u015faya x\u0259rcl\u0259m\u0259kl\u0259rini d\u0259 m\u0259hz bel\u0259 izah ed\u0259 bilirl\u0259r. Bizim t\u0259hsil sistemimiz bat\u0131r, onlarsa deyir: \u201cN\u0259 olsun ki?\u201d Parlamentin spikeri deyir ki, az\u0259rbaycanl\u0131lar\u0131n xaricd\u0259 oxumas\u0131n\u0131n bir faydas\u0131 yoxdur. Deyir v\u0259 \u00f6z dostlar\u0131n\u0131n u\u015faqlar\u0131n\u0131 xaricd\u0259ki elit universitetl\u0259rd\u0259 oxutmas\u0131 fakt\u0131n\u0131 da n\u0259z\u0259r\u0259 alm\u0131r. Az\u0259rbaycanda orta statistik m\u00fc\u0259llim ayda 150 dollar maa\u015f al\u0131r, Qaraba\u011f veteran is\u0259 ayda 50 dollar t\u0259qa\u00fcd al\u0131r.\n<\/p>\n<figure class=\"wp-block-image size-large\">\n  <img decoding=\"async\" src=\"https:\/\/www.meydan.tv\/az\/28465\/\" alt=\"\" class=\"wp-image-28465\"\/><figcaption><\/figcaption><\/figure>\n<p>\n  <i><br \/>\n    \u015e\u0259kild\u0259 soldan sa\u011fa AOK-nin Prezidenti Patrick Hickey, Az\u0259rbaycan\u0131n prezidenti \u0130lham \u018fliyev, Az\u0259rbaycan\u0131n birinci xan\u0131m\u0131 v\u0259 2015 Bak\u0131 Avropa Olimpiya Oyunlar\u0131n\u0131n t\u0259\u015fkilat komit\u0259sinin s\u0259dri\u00a0 Mehriban \u018fliyeva, BOK-nin Prezidenti Thomas Bach, Rusiyan\u0131n Prezidenti Vladimir Putin, Monako \u015fahzad\u0259si II Albert v\u0259 Jacques Rogge Bak\u0131 2015-in a\u00e7\u0131l\u0131\u015f m\u0259rasimind\u0259 d\u00f6vl\u0259t himninin s\u0259sl\u0259nm\u0259si zaman\u0131 aya\u011fa durublar. [Getty]<br \/>\n  <\/i>\n<\/p>\n<p>\n  Normal az\u0259rbaycanl\u0131lar\u0131n h\u0259l\u0259 d\u0259 tibbi s\u0131\u011fortaya \u00e7\u0131x\u0131\u015f\u0131 yoxdur ki, bu da prezidentin \u0259hat\u0259sind\u0259 olan superz\u0259ngin qrup \u00fc\u00e7\u00fcn problem deyil. Saxta d\u0259rmanlar Bak\u0131n\u0131n aptekl\u0259rind\u0259 adi hald\u0131r. Ancaq bunun prezidentin n\u00f6k\u0259rl\u0259rin\u0259 h\u0259r hans\u0131 bir t\u0259siri olmad\u0131\u011f\u0131na g\u00f6r\u0259 bu ticar\u0259tin davam etm\u0259sin\u0259 imkan verilir.\n<\/p>\n<p>\n  Bak\u0131 2015-in PR strategiyas\u0131 \u00f6z\u00fcn\u00fc do\u011frultmay\u0131b. Bu is\u0259 rejimi q\u0259z\u0259bl\u0259ndirir. D\u00fcnya h\u0259l\u0259 he\u00e7 vaxt hakim dair\u0259l\u0259rin \u0259sl \u00fcz\u00fc v\u0259 xisl\u0259ti bar\u0259d\u0259 bu q\u0259d\u0259r \u00e7ox x\u0259b\u0259rdar olmam\u0131\u015fd\u0131. Onlar bizim pulumuzu, Az\u0259rbaycan xalq\u0131n\u0131n s\u0259rv\u0259tini bel\u0259 m\u0259suliyy\u0259tsiz t\u0259rzd\u0259 k\u00fcl\u0259y\u0259 sovurma\u011f\u0131 dayand\u0131rmal\u0131d\u0131rlar. Jurnalistl\u0259ri, fallar\u0131 v\u0259 siyas\u0259t\u00e7il\u0259ri h\u0259bs etm\u0259y\u0259 son qoymal\u0131d\u0131rlar.\n<\/p>\n<p>\n  M\u0259n v\u0259 ba\u015fqalar\u0131 n\u0259 q\u0259d\u0259r \u00e7ox h\u0259d\u0259l\u0259ns\u0259k d\u0259 bunu t\u0259l\u0259b etm\u0259y\u0259 son qoymayaca\u011f\u0131q. \u018fg\u0259r m\u0259n\u0259 bir \u015fey olarsa m\u0259n ist\u0259yir\u0259m ham\u0131 bilsin ki, buna g\u00f6r\u0259 yaln\u0131z v\u0259 yaln\u0131z \u018fliyev m\u0259suliyy\u0259t da\u015f\u0131y\u0131r.\n<\/p>\n<p>\n  Onun dam\u011fas\u0131 Avropa oyunlar\u0131n\u0131 l\u0259k\u0259l\u0259yib. Art\u0131q yeni \u00e7empionat \u00f6z\u00fcn\u0259 yeni ev sahibi tapma\u011fa \u00e7\u0259tinlik \u00e7\u0259kir. Niderland q\u0259rara g\u0259ldi ki, bu, pul x\u0259rcl\u0259m\u0259y\u0259 d\u0259ym\u0259y\u0259n m\u0259\u015f\u011fuliyy\u0259tdir. \u0130dmana z\u0259rb\u0259 d\u0259ydi. Bel\u0259 ki, h\u0259r k\u0259s onun diktatorun oyunca\u011f\u0131na \u00e7evrildiyini g\u00f6rd\u00fc.\n<\/p>\n<p>\n  Ancaq yax\u015f\u0131 c\u0131z\u0131lm\u0131\u015f planlar\u0131na ra\u011fm\u0259n \u018fliyev d\u0259 z\u0259rb\u0259y\u0259 m\u0259ruz qald\u0131. Az\u0259rbaycan n\u00f6vb\u0259ti bir ne\u00e7\u0259 ild\u0259 \u015fahmat, futbol v\u0259 Formula 1 yar\u0131\u015flar\u0131na ev sahibliyi ed\u0259c\u0259k. Ola bilsin ki, prezident bu t\u0259dbirl\u0259rd\u0259n d\u00fcnyan\u0131n diqq\u0259tini \u00f6z \u0259yrilikl\u0259rind\u0259n yay\u0131nd\u0131rmaq \u00fc\u00e7\u00fcn istifad\u0259 ed\u0259 bil\u0259c\u0259yini d\u00fc\u015f\u00fcn\u00fcrd\u00fc. \u00d6t\u0259n iki h\u0259ft\u0259 bu inam\u0131n n\u0259 q\u0259d\u0259r yanl\u0131\u015f oldu\u011funu g\u00f6st\u0259rdi.\n<\/p>\n<p>\n  <b><br \/>\n    <i><br \/>\n      Orijinal m\u0259tn IBT\u00a0http:\/\/www.ibtimes.co.uk\/baku-2015-why-ilham-aliyevs-european-games-were-humiliating-pr-disaster-azerbaijan-1509057<br \/>\n    <\/i><br \/>\n  <\/b><\/p>\n","protected":false},"excerpt":{"rendered":"<p>Prezident \u018fliyev, buna d\u0259y\u0259rdimi? Birinci Avropa Oyunlar\u0131n\u0131 Az\u0259rbaycanda ke\u00e7irm\u0259y\u0259 x\u0259rcl\u0259n\u0259n milyardlara d\u0259y\u0259rdimi?<\/p>\n","protected":false},"author":11,"featured_media":28429,"comment_status":"closed","ping_status":"open","sticky":false,"template":"","format":"standard","meta":{"_acf_changed":false,"_sitemap_exclude":false,"_sitemap_priority":"","_sitemap_frequency":"","footnotes":""},"categories":[57],"tags":[],"class_list":["post-168755","post","type-post","status-publish","format-standard","has-post-thumbnail","hentry","category-menim-fikrimce","infinite-scroll-item","generate-columns","tablet-grid-50","mobile-grid-100","grid-parent","grid-33","no-featured-image-padding"],"acf":[],"yoast_head":"<!-- This site is optimized with the Yoast SEO plugin v27.5 - https:\/\/yoast.com\/product\/yoast-seo-wordpress\/ -->\n<title>Bak\u0131 2015: \u0130lham \u018fliyevin Avropa Oyunlar\u0131 niy\u0259 Az\u0259rbaycan \u00fc\u00e7\u00fcn r\u00fcsvay\u00e7\u0131 PR f\u0259lak\u0259ti dem\u0259k oldu - MEYDAN.TV<\/title>\n<meta name=\"robots\" content=\"index, follow, max-snippet:-1, max-image-preview:large, max-video-preview:-1\" \/>\n<link rel=\"canonical\" href=\"https:\/\/www.meydan.tv\/az\/article\/baki-2015-ilham-eliyevin-avropa-oyunlari-niye-azerbaycan-ucun-rusvayci-pr-felaketi-demek-oldu\/\" \/>\n<meta property=\"og:locale\" content=\"az_AZ\" \/>\n<meta property=\"og:type\" content=\"article\" \/>\n<meta property=\"og:title\" content=\"Bak\u0131 2015: \u0130lham \u018fliyevin Avropa Oyunlar\u0131 niy\u0259 Az\u0259rbaycan \u00fc\u00e7\u00fcn r\u00fcsvay\u00e7\u0131 PR f\u0259lak\u0259ti dem\u0259k oldu - MEYDAN.TV\" \/>\n<meta property=\"og:description\" content=\"Prezident \u018fliyev, buna d\u0259y\u0259rdimi? Birinci Avropa Oyunlar\u0131n\u0131 Az\u0259rbaycanda ke\u00e7irm\u0259y\u0259 x\u0259rcl\u0259n\u0259n milyardlara d\u0259y\u0259rdimi?\" \/>\n<meta property=\"og:url\" content=\"https:\/\/www.meydan.tv\/az\/article\/baki-2015-ilham-eliyevin-avropa-oyunlari-niye-azerbaycan-ucun-rusvayci-pr-felaketi-demek-oldu\/\" \/>\n<meta property=\"og:site_name\" content=\"MEYDAN.TV\" \/>\n<meta property=\"article:published_time\" content=\"2015-07-04T05:27:14+00:00\" \/>\n<meta property=\"og:image\" content=\"https:\/\/www.meydan.tv\/wp-content\/uploads\/10524.jpg\" \/>\n\t<meta property=\"og:image:width\" content=\"500\" \/>\n\t<meta property=\"og:image:height\" content=\"304\" \/>\n\t<meta property=\"og:image:type\" content=\"image\/jpeg\" \/>\n<meta name=\"author\" content=\"user-manager\" \/>\n<meta name=\"twitter:card\" content=\"summary_large_image\" \/>\n<script type=\"application\/ld+json\" class=\"yoast-schema-graph\">{\"@context\":\"https:\\\/\\\/schema.org\",\"@graph\":[{\"@type\":\"Article\",\"@id\":\"https:\\\/\\\/www.meydan.tv\\\/az\\\/article\\\/baki-2015-ilham-eliyevin-avropa-oyunlari-niye-azerbaycan-ucun-rusvayci-pr-felaketi-demek-oldu\\\/#article\",\"isPartOf\":{\"@id\":\"https:\\\/\\\/www.meydan.tv\\\/az\\\/article\\\/baki-2015-ilham-eliyevin-avropa-oyunlari-niye-azerbaycan-ucun-rusvayci-pr-felaketi-demek-oldu\\\/\"},\"author\":{\"name\":\"user-manager\",\"@id\":\"https:\\\/\\\/www.meydan.tv\\\/az\\\/#\\\/schema\\\/person\\\/10d11eccf6da3662cf5fdab9806ea91a\"},\"headline\":\"Bak\u0131 2015: \u0130lham \u018fliyevin Avropa Oyunlar\u0131 niy\u0259 Az\u0259rbaycan \u00fc\u00e7\u00fcn r\u00fcsvay\u00e7\u0131 PR f\u0259lak\u0259ti dem\u0259k oldu\",\"datePublished\":\"2015-07-04T05:27:14+00:00\",\"mainEntityOfPage\":{\"@id\":\"https:\\\/\\\/www.meydan.tv\\\/az\\\/article\\\/baki-2015-ilham-eliyevin-avropa-oyunlari-niye-azerbaycan-ucun-rusvayci-pr-felaketi-demek-oldu\\\/\"},\"wordCount\":1323,\"publisher\":{\"@id\":\"https:\\\/\\\/www.meydan.tv\\\/az\\\/#organization\"},\"image\":{\"@id\":\"https:\\\/\\\/www.meydan.tv\\\/az\\\/article\\\/baki-2015-ilham-eliyevin-avropa-oyunlari-niye-azerbaycan-ucun-rusvayci-pr-felaketi-demek-oldu\\\/#primaryimage\"},\"thumbnailUrl\":\"https:\\\/\\\/www.meydan.tv\\\/wp-content\\\/uploads\\\/10524.jpg\",\"articleSection\":[\"M\u0259nim Fikrimc\u0259\"],\"inLanguage\":\"az\"},{\"@type\":\"WebPage\",\"@id\":\"https:\\\/\\\/www.meydan.tv\\\/az\\\/article\\\/baki-2015-ilham-eliyevin-avropa-oyunlari-niye-azerbaycan-ucun-rusvayci-pr-felaketi-demek-oldu\\\/\",\"url\":\"https:\\\/\\\/www.meydan.tv\\\/az\\\/article\\\/baki-2015-ilham-eliyevin-avropa-oyunlari-niye-azerbaycan-ucun-rusvayci-pr-felaketi-demek-oldu\\\/\",\"name\":\"Bak\u0131 2015: \u0130lham \u018fliyevin Avropa Oyunlar\u0131 niy\u0259 Az\u0259rbaycan \u00fc\u00e7\u00fcn r\u00fcsvay\u00e7\u0131 PR f\u0259lak\u0259ti dem\u0259k oldu - MEYDAN.TV\",\"isPartOf\":{\"@id\":\"https:\\\/\\\/www.meydan.tv\\\/az\\\/#website\"},\"primaryImageOfPage\":{\"@id\":\"https:\\\/\\\/www.meydan.tv\\\/az\\\/article\\\/baki-2015-ilham-eliyevin-avropa-oyunlari-niye-azerbaycan-ucun-rusvayci-pr-felaketi-demek-oldu\\\/#primaryimage\"},\"image\":{\"@id\":\"https:\\\/\\\/www.meydan.tv\\\/az\\\/article\\\/baki-2015-ilham-eliyevin-avropa-oyunlari-niye-azerbaycan-ucun-rusvayci-pr-felaketi-demek-oldu\\\/#primaryimage\"},\"thumbnailUrl\":\"https:\\\/\\\/www.meydan.tv\\\/wp-content\\\/uploads\\\/10524.jpg\",\"datePublished\":\"2015-07-04T05:27:14+00:00\",\"breadcrumb\":{\"@id\":\"https:\\\/\\\/www.meydan.tv\\\/az\\\/article\\\/baki-2015-ilham-eliyevin-avropa-oyunlari-niye-azerbaycan-ucun-rusvayci-pr-felaketi-demek-oldu\\\/#breadcrumb\"},\"inLanguage\":\"az\",\"potentialAction\":[{\"@type\":\"ReadAction\",\"target\":[\"https:\\\/\\\/www.meydan.tv\\\/az\\\/article\\\/baki-2015-ilham-eliyevin-avropa-oyunlari-niye-azerbaycan-ucun-rusvayci-pr-felaketi-demek-oldu\\\/\"]}]},{\"@type\":\"ImageObject\",\"inLanguage\":\"az\",\"@id\":\"https:\\\/\\\/www.meydan.tv\\\/az\\\/article\\\/baki-2015-ilham-eliyevin-avropa-oyunlari-niye-azerbaycan-ucun-rusvayci-pr-felaketi-demek-oldu\\\/#primaryimage\",\"url\":\"https:\\\/\\\/www.meydan.tv\\\/wp-content\\\/uploads\\\/10524.jpg\",\"contentUrl\":\"https:\\\/\\\/www.meydan.tv\\\/wp-content\\\/uploads\\\/10524.jpg\",\"width\":500,\"height\":304,\"caption\":\"Source:\"},{\"@type\":\"BreadcrumbList\",\"@id\":\"https:\\\/\\\/www.meydan.tv\\\/az\\\/article\\\/baki-2015-ilham-eliyevin-avropa-oyunlari-niye-azerbaycan-ucun-rusvayci-pr-felaketi-demek-oldu\\\/#breadcrumb\",\"itemListElement\":[{\"@type\":\"ListItem\",\"position\":1,\"name\":\"Ana s\u0259hif\u0259\",\"item\":\"https:\\\/\\\/www.meydan.tv\\\/az\\\/\"},{\"@type\":\"ListItem\",\"position\":2,\"name\":\"M\u0259nim Fikrimc\u0259\",\"item\":\"https:\\\/\\\/www.meydan.tv\\\/az\\\/section\\\/menim-fikrimce\\\/\"},{\"@type\":\"ListItem\",\"position\":3,\"name\":\"Bak\u0131 2015: \u0130lham \u018fliyevin Avropa Oyunlar\u0131 niy\u0259 Az\u0259rbaycan \u00fc\u00e7\u00fcn r\u00fcsvay\u00e7\u0131 PR f\u0259lak\u0259ti dem\u0259k oldu\"}]},{\"@type\":\"WebSite\",\"@id\":\"https:\\\/\\\/www.meydan.tv\\\/az\\\/#website\",\"url\":\"https:\\\/\\\/www.meydan.tv\\\/az\\\/\",\"name\":\"MEYDAN.TV\",\"description\":\"Meydan TV Az\u0259rbaycan\u0131n media m\u0259kan\u0131ndak\u0131 alternativ s\u0259sidir\",\"publisher\":{\"@id\":\"https:\\\/\\\/www.meydan.tv\\\/az\\\/#organization\"},\"potentialAction\":[{\"@type\":\"SearchAction\",\"target\":{\"@type\":\"EntryPoint\",\"urlTemplate\":\"https:\\\/\\\/www.meydan.tv\\\/az\\\/?s={search_term_string}\"},\"query-input\":{\"@type\":\"PropertyValueSpecification\",\"valueRequired\":true,\"valueName\":\"search_term_string\"}}],\"inLanguage\":\"az\"},{\"@type\":\"Organization\",\"@id\":\"https:\\\/\\\/www.meydan.tv\\\/az\\\/#organization\",\"name\":\"Meydan TV\",\"url\":\"https:\\\/\\\/www.meydan.tv\\\/az\\\/\",\"logo\":{\"@type\":\"ImageObject\",\"inLanguage\":\"az\",\"@id\":\"https:\\\/\\\/www.meydan.tv\\\/az\\\/#\\\/schema\\\/logo\\\/image\\\/\",\"url\":\"https:\\\/\\\/www.meydan.tv\\\/wp-content\\\/uploads\\\/2021\\\/07\\\/meydan-logo.svg\",\"contentUrl\":\"https:\\\/\\\/www.meydan.tv\\\/wp-content\\\/uploads\\\/2021\\\/07\\\/meydan-logo.svg\",\"width\":195,\"height\":46,\"caption\":\"Meydan TV\"},\"image\":{\"@id\":\"https:\\\/\\\/www.meydan.tv\\\/az\\\/#\\\/schema\\\/logo\\\/image\\\/\"}},{\"@type\":\"Person\",\"@id\":\"https:\\\/\\\/www.meydan.tv\\\/az\\\/#\\\/schema\\\/person\\\/10d11eccf6da3662cf5fdab9806ea91a\",\"name\":\"user-manager\"}]}<\/script>\n<!-- \/ Yoast SEO plugin. -->","yoast_head_json":{"title":"Bak\u0131 2015: \u0130lham \u018fliyevin Avropa Oyunlar\u0131 niy\u0259 Az\u0259rbaycan \u00fc\u00e7\u00fcn r\u00fcsvay\u00e7\u0131 PR f\u0259lak\u0259ti dem\u0259k oldu - MEYDAN.TV","robots":{"index":"index","follow":"follow","max-snippet":"max-snippet:-1","max-image-preview":"max-image-preview:large","max-video-preview":"max-video-preview:-1"},"canonical":"https:\/\/www.meydan.tv\/az\/article\/baki-2015-ilham-eliyevin-avropa-oyunlari-niye-azerbaycan-ucun-rusvayci-pr-felaketi-demek-oldu\/","og_locale":"az_AZ","og_type":"article","og_title":"Bak\u0131 2015: \u0130lham \u018fliyevin Avropa Oyunlar\u0131 niy\u0259 Az\u0259rbaycan \u00fc\u00e7\u00fcn r\u00fcsvay\u00e7\u0131 PR f\u0259lak\u0259ti dem\u0259k oldu - MEYDAN.TV","og_description":"Prezident \u018fliyev, buna d\u0259y\u0259rdimi? Birinci Avropa Oyunlar\u0131n\u0131 Az\u0259rbaycanda ke\u00e7irm\u0259y\u0259 x\u0259rcl\u0259n\u0259n milyardlara d\u0259y\u0259rdimi?","og_url":"https:\/\/www.meydan.tv\/az\/article\/baki-2015-ilham-eliyevin-avropa-oyunlari-niye-azerbaycan-ucun-rusvayci-pr-felaketi-demek-oldu\/","og_site_name":"MEYDAN.TV","article_published_time":"2015-07-04T05:27:14+00:00","og_image":[{"width":500,"height":304,"url":"https:\/\/www.meydan.tv\/wp-content\/uploads\/10524.jpg","type":"image\/jpeg"}],"author":"user-manager","twitter_card":"summary_large_image","schema":{"@context":"https:\/\/schema.org","@graph":[{"@type":"Article","@id":"https:\/\/www.meydan.tv\/az\/article\/baki-2015-ilham-eliyevin-avropa-oyunlari-niye-azerbaycan-ucun-rusvayci-pr-felaketi-demek-oldu\/#article","isPartOf":{"@id":"https:\/\/www.meydan.tv\/az\/article\/baki-2015-ilham-eliyevin-avropa-oyunlari-niye-azerbaycan-ucun-rusvayci-pr-felaketi-demek-oldu\/"},"author":{"name":"user-manager","@id":"https:\/\/www.meydan.tv\/az\/#\/schema\/person\/10d11eccf6da3662cf5fdab9806ea91a"},"headline":"Bak\u0131 2015: \u0130lham \u018fliyevin Avropa Oyunlar\u0131 niy\u0259 Az\u0259rbaycan \u00fc\u00e7\u00fcn r\u00fcsvay\u00e7\u0131 PR f\u0259lak\u0259ti dem\u0259k oldu","datePublished":"2015-07-04T05:27:14+00:00","mainEntityOfPage":{"@id":"https:\/\/www.meydan.tv\/az\/article\/baki-2015-ilham-eliyevin-avropa-oyunlari-niye-azerbaycan-ucun-rusvayci-pr-felaketi-demek-oldu\/"},"wordCount":1323,"publisher":{"@id":"https:\/\/www.meydan.tv\/az\/#organization"},"image":{"@id":"https:\/\/www.meydan.tv\/az\/article\/baki-2015-ilham-eliyevin-avropa-oyunlari-niye-azerbaycan-ucun-rusvayci-pr-felaketi-demek-oldu\/#primaryimage"},"thumbnailUrl":"https:\/\/www.meydan.tv\/wp-content\/uploads\/10524.jpg","articleSection":["M\u0259nim Fikrimc\u0259"],"inLanguage":"az"},{"@type":"WebPage","@id":"https:\/\/www.meydan.tv\/az\/article\/baki-2015-ilham-eliyevin-avropa-oyunlari-niye-azerbaycan-ucun-rusvayci-pr-felaketi-demek-oldu\/","url":"https:\/\/www.meydan.tv\/az\/article\/baki-2015-ilham-eliyevin-avropa-oyunlari-niye-azerbaycan-ucun-rusvayci-pr-felaketi-demek-oldu\/","name":"Bak\u0131 2015: \u0130lham \u018fliyevin Avropa Oyunlar\u0131 niy\u0259 Az\u0259rbaycan \u00fc\u00e7\u00fcn r\u00fcsvay\u00e7\u0131 PR f\u0259lak\u0259ti dem\u0259k oldu - MEYDAN.TV","isPartOf":{"@id":"https:\/\/www.meydan.tv\/az\/#website"},"primaryImageOfPage":{"@id":"https:\/\/www.meydan.tv\/az\/article\/baki-2015-ilham-eliyevin-avropa-oyunlari-niye-azerbaycan-ucun-rusvayci-pr-felaketi-demek-oldu\/#primaryimage"},"image":{"@id":"https:\/\/www.meydan.tv\/az\/article\/baki-2015-ilham-eliyevin-avropa-oyunlari-niye-azerbaycan-ucun-rusvayci-pr-felaketi-demek-oldu\/#primaryimage"},"thumbnailUrl":"https:\/\/www.meydan.tv\/wp-content\/uploads\/10524.jpg","datePublished":"2015-07-04T05:27:14+00:00","breadcrumb":{"@id":"https:\/\/www.meydan.tv\/az\/article\/baki-2015-ilham-eliyevin-avropa-oyunlari-niye-azerbaycan-ucun-rusvayci-pr-felaketi-demek-oldu\/#breadcrumb"},"inLanguage":"az","potentialAction":[{"@type":"ReadAction","target":["https:\/\/www.meydan.tv\/az\/article\/baki-2015-ilham-eliyevin-avropa-oyunlari-niye-azerbaycan-ucun-rusvayci-pr-felaketi-demek-oldu\/"]}]},{"@type":"ImageObject","inLanguage":"az","@id":"https:\/\/www.meydan.tv\/az\/article\/baki-2015-ilham-eliyevin-avropa-oyunlari-niye-azerbaycan-ucun-rusvayci-pr-felaketi-demek-oldu\/#primaryimage","url":"https:\/\/www.meydan.tv\/wp-content\/uploads\/10524.jpg","contentUrl":"https:\/\/www.meydan.tv\/wp-content\/uploads\/10524.jpg","width":500,"height":304,"caption":"Source:"},{"@type":"BreadcrumbList","@id":"https:\/\/www.meydan.tv\/az\/article\/baki-2015-ilham-eliyevin-avropa-oyunlari-niye-azerbaycan-ucun-rusvayci-pr-felaketi-demek-oldu\/#breadcrumb","itemListElement":[{"@type":"ListItem","position":1,"name":"Ana s\u0259hif\u0259","item":"https:\/\/www.meydan.tv\/az\/"},{"@type":"ListItem","position":2,"name":"M\u0259nim Fikrimc\u0259","item":"https:\/\/www.meydan.tv\/az\/section\/menim-fikrimce\/"},{"@type":"ListItem","position":3,"name":"Bak\u0131 2015: \u0130lham \u018fliyevin Avropa Oyunlar\u0131 niy\u0259 Az\u0259rbaycan \u00fc\u00e7\u00fcn r\u00fcsvay\u00e7\u0131 PR f\u0259lak\u0259ti dem\u0259k oldu"}]},{"@type":"WebSite","@id":"https:\/\/www.meydan.tv\/az\/#website","url":"https:\/\/www.meydan.tv\/az\/","name":"MEYDAN.TV","description":"Meydan TV Az\u0259rbaycan\u0131n media m\u0259kan\u0131ndak\u0131 alternativ s\u0259sidir","publisher":{"@id":"https:\/\/www.meydan.tv\/az\/#organization"},"potentialAction":[{"@type":"SearchAction","target":{"@type":"EntryPoint","urlTemplate":"https:\/\/www.meydan.tv\/az\/?s={search_term_string}"},"query-input":{"@type":"PropertyValueSpecification","valueRequired":true,"valueName":"search_term_string"}}],"inLanguage":"az"},{"@type":"Organization","@id":"https:\/\/www.meydan.tv\/az\/#organization","name":"Meydan TV","url":"https:\/\/www.meydan.tv\/az\/","logo":{"@type":"ImageObject","inLanguage":"az","@id":"https:\/\/www.meydan.tv\/az\/#\/schema\/logo\/image\/","url":"https:\/\/www.meydan.tv\/wp-content\/uploads\/2021\/07\/meydan-logo.svg","contentUrl":"https:\/\/www.meydan.tv\/wp-content\/uploads\/2021\/07\/meydan-logo.svg","width":195,"height":46,"caption":"Meydan TV"},"image":{"@id":"https:\/\/www.meydan.tv\/az\/#\/schema\/logo\/image\/"}},{"@type":"Person","@id":"https:\/\/www.meydan.tv\/az\/#\/schema\/person\/10d11eccf6da3662cf5fdab9806ea91a","name":"user-manager"}]}},"_links":{"self":[{"href":"https:\/\/www.meydan.tv\/az\/wp-json\/wp\/v2\/posts\/168755","targetHints":{"allow":["GET"]}}],"collection":[{"href":"https:\/\/www.meydan.tv\/az\/wp-json\/wp\/v2\/posts"}],"about":[{"href":"https:\/\/www.meydan.tv\/az\/wp-json\/wp\/v2\/types\/post"}],"author":[{"embeddable":true,"href":"https:\/\/www.meydan.tv\/az\/wp-json\/wp\/v2\/users\/11"}],"replies":[{"embeddable":true,"href":"https:\/\/www.meydan.tv\/az\/wp-json\/wp\/v2\/comments?post=168755"}],"version-history":[{"count":0,"href":"https:\/\/www.meydan.tv\/az\/wp-json\/wp\/v2\/posts\/168755\/revisions"}],"wp:featuredmedia":[{"embeddable":true,"href":"https:\/\/www.meydan.tv\/az\/wp-json\/wp\/v2\/media\/28429"}],"wp:attachment":[{"href":"https:\/\/www.meydan.tv\/az\/wp-json\/wp\/v2\/media?parent=168755"}],"wp:term":[{"taxonomy":"category","embeddable":true,"href":"https:\/\/www.meydan.tv\/az\/wp-json\/wp\/v2\/categories?post=168755"},{"taxonomy":"post_tag","embeddable":true,"href":"https:\/\/www.meydan.tv\/az\/wp-json\/wp\/v2\/tags?post=168755"}],"curies":[{"name":"wp","href":"https:\/\/api.w.org\/{rel}","templated":true}]}}