{"id":168748,"date":"2015-07-03T21:05:35","date_gmt":"2015-07-03T21:05:35","guid":{"rendered":"https:\/\/www.meydan.tv\/article\/qetlimize-verilen-ferman\/"},"modified":"2015-07-03T21:05:35","modified_gmt":"2015-07-03T21:05:35","slug":"qetlimize-verilen-ferman","status":"publish","type":"post","link":"https:\/\/www.meydan.tv\/az\/article\/qetlimize-verilen-ferman\/","title":{"rendered":"Q\u0259tlimiz\u0259 veril\u0259n f\u0259rman"},"content":{"rendered":"<figure class=\"wp-block-image size-large\">\n  <img decoding=\"async\" src=\"https:\/\/www.meydan.tv\/az\/28438\/\" alt=\"\" class=\"wp-image-28438\"\/><figcaption><\/figcaption><\/figure>\n<figure class=\"wp-block-image size-large\">\n  <img decoding=\"async\" src=\"https:\/\/www.meydan.tv\/az\/28444\/\" alt=\"\" class=\"wp-image-28444\"\/><figcaption><\/figcaption><\/figure>\n<p>\n  Renessans\u00e7\u0131lara g\u0259l\u0259n \u00f6l\u00fcm t\u0259hdil\u0259ri v\u0259 bu t\u0259hdidl\u0259rin g\u00fcrc\u00fc medias\u0131nda yer almas\u0131ndan, h\u0259m\u00e7inin, laz\u0131mi orqanlara \u00e7atd\u0131r\u0131lmas\u0131ndan \u00e7oxlar\u0131 x\u0259rbardard\u0131r. H\u00f6rm\u0259tli iman \u0259hli. Ax\u0131 sizin b\u0259sir\u0259t g\u00f6z\u00fcn\u00fcz a\u00e7\u0131q idi. B\u0259s bilmirdinizmi, a\u00e7\u0131qlama verib bizi t\u0259hqir v\u0259 t\u0259hdid ed\u0259nl\u0259rin m\u0259scid ad\u0131na yox, bir ne\u00e7\u0259 f\u0259rdin i\u015fi oldu\u011funu ictimaiyy\u0259t\u0259 \u00e7atd\u0131rmayanda x\u0259b\u0259r ba\u015fl\u0131\u011f\u0131ndak\u0131 sual boyunu qald\u0131r\u0131b nidaya \u00e7eril\u0259c\u0259k?! A\u00e7\u0131q dan\u0131\u015f\u0131n, bu t\u0259hdid v\u0259 t\u0259hqirl\u0259r f\u0259rdl\u0259rin i\u015fidir, yoxsa m\u0259scidin?<\/p>\n<p>  F\u0259rdl\u0259rin i\u015fidirdirs\u0259, o zaman niy\u0259 a\u00e7\u0131qlama vermirsiniz ki, h\u0259qiqi islam bu deyil, sizing biziml\u0259 bir i\u015finiz yoxdur? \u018fg\u0259r f\u0259rdl\u0259rin i\u015fi deyils\u0259, o zaman niy\u0259 biz\u0259 qar\u015f\u0131 qaralama kompaniyas\u0131 apar\u0131rs\u0131n\u0131z ki, m\u0259scidimizi t\u0259hqir edibl\u0259r? T\u0259hqir demi\u015fk\u0259n, g\u0259lin siz\u0259 anlad\u0131m, kim kimi, kim dini t\u0259hqir edib. Siz m\u0259lum obyektin \u00fcnvan\u0131m\u0131za ya\u011fd\u0131rd\u0131\u011f\u0131 dil\u0259 g\u0259tirilm\u0259si m\u00fcmk\u00fcn olmayan t\u0259hqir v\u0259 t\u0259hdidl\u0259ri dininiz, m\u0259scid ad\u0131na h\u0259qar\u0259t, h\u00f6rm\u0259tsizlik v\u0259 t\u0259hqir kimi d\u0259y\u0259rl\u0259ndirmirsiniz? \u0130ndi q\u0259rar verin, dini biz t\u0259hqir etmi\u015fik, yoxsa bu s\u00f6y\u00fc\u015f v\u0259 t\u0259hdidl\u0259ri \u00fcnvan\u0131m\u0131za yazan dindarlar? \u00d6z eybinizi niy\u0259, n\u0259 il\u0259 gizl\u0259tm\u0259y\u0259 \u00e7al\u0131\u015f\u0131rs\u0131n\u0131z? Budur sizin \u0130mam \u018flid\u0259n v\u0259 m\u0259scidd\u0259n \u00f6yr\u0259ndiyiniz \u0259dal\u0259t?<\/p>\n<p>  M\u0259lum obyekt bu t\u0259hqir v\u0259 t\u0259hdidl\u0259ri renessans\u00e7\u0131lara buna g\u00f6r\u0259 yaz\u0131bm\u0131\u015f ki, renessans\u00e7\u0131lar g\u0259ncliyimizi pozurlar. G\u0259ncl\u0259rimizi kimin pozdu\u011funa g\u0259ncl\u0259r \u00f6z\u00fc q\u0259rar verm\u0259lidir, n\u0259 biz, n\u0259 siz, n\u0259 d\u0259 he\u00e7 kim\u2026 Lap da tutaq ki, biz g\u0259ncl\u0259ri pozuruq, sizin buna alternativ olaraq sundu\u011funuz d\u0259y\u0259rl\u0259r toplusu hans\u0131d\u0131r? Siz hans\u0131 d\u0259y\u0259rl\u0259rl\u0259 onlar\u0131 yola g\u0259tirm\u0259yi iddia edirsiniz? Bizi t\u0259hqir etm\u0259kl\u0259, iyr\u0259nc s\u00f6y\u00fc\u015fl\u0259rl\u0259r, t\u0259hdidl\u0259? H\u0259r \u015feyi k\u0259nara qoyaq, o leksikon hans\u0131 d\u0259y\u0259r\u0259, hans\u0131 \u0259xlaqa, hans\u0131 din\u0259 yara\u015f\u0131r?<\/p>\n<p>  <b><br \/>\n    Karikatura\u2026<br \/>\n  <\/b><br \/>\n  Ax\u0131 siz \u0259llameyi d\u0259hr, h\u00f6cc\u0259til islam v\u0259 muslimin idiniz\u2026 Ax\u0131 \u0130slam b\u00fct\u00fcn dinl\u0259rin \u0259n alisi, d\u0259y\u0259rl\u0259rin \u0259n ucas\u0131 idi\u2026 Ax\u0131 \u0259sl elm d\u0259, s\u0259n\u0259t d\u0259 onda idi\u2026 Ax\u0131 Allah \u00f6z\u00fc Quranda dinini qiyam\u0259t\u0259 q\u0259d\u0259r qoruyaca\u011f\u0131n\u0131 iddia edir\u2026 Sizin bunlara iman\u0131n\u0131z yoxdur ki, bir karikaturadan qorxursunuz? Bir karikatura i\u015fin\u0259 \u00f6l\u00fcm\u00fc, bu q\u0259d\u0259r s\u00f6y\u00fc\u015f\u00fc qataraq c\u0259miyy\u0259tin saf v\u0259 t\u0259miz duy\u011fular\u0131na z\u0259rb\u0259l\u0259r endirirsiniz. S\u0259n\u0259tl\u0259 m\u00fcbariz\u0259 s\u0259n\u0259tl\u0259 olur.<\/p>\n<p>  Bunu d\u00fcnyaya s\u00fclh\u00fc g\u0259tirdiyini iddia ed\u0259n \u0130slam da \u00f6yr\u0259tm\u0259di siz\u0259? \u00c7\u0259kdirin, karikaturaya qar\u015f\u0131 bir karikatura \u00e7\u0259kdirin. \u015eairiniz d\u0259 var, r\u0259ssam\u0131n\u0131z da. Nec\u0259 olur ki, g\u00fcld\u0259n, b\u00fclb\u00fcld\u0259n, \u00e7oxdan k\u00f6hn\u0259lmi\u015f didaktik m\u00f6vzulardan r\u0259sm \u00e7\u0259k\u0259 bilir r\u0259ssamlar\u0131n\u0131z. Nec\u0259 olur dind\u0259n dan\u0131\u015fma\u011fa, \u018fliyevl\u0259r fondu \u00fc\u00e7\u00fcn r\u0259sm \u00e7\u0259kib, h\u0259diyy\u0259 etm\u0259y\u0259 r\u0259ssam\u0131n\u0131z vaxt v\u0259 enerji tap\u0131r, ancaq i\u015f din\u0259 g\u0259l\u0259nd\u0259 f\u0131r\u00e7as\u0131 quruyur? Bir karikaturan\u0131n \u00f6n\u00fcnd\u0259 bu q\u0259d\u0259r acizsinizs\u0259, onu s\u0259n\u0259tl\u0259 deyil, qanla, t\u0259hqir v\u0259 aqresiya il\u0259 yox etm\u0259kd\u0259n ba\u015fqa \u00e7\u0131x\u0131\u015f yolu g\u00f6rm\u00fcrs\u00fcn\u00fczs\u0259, g\u0259ncliyi \u00f6z elminiz\u0259, helminiz\u0259, do\u011frulu\u011funuza nec\u0259 inand\u0131ra bil\u0259rsiniz?<\/p>\n<p>  Savundu\u011funuz dini v\u0259 m\u0259zh\u0259bi ya yax\u015f\u0131 oxumam\u0131s\u0131n\u0131z, yaxud da \u00fczd\u0259n, minb\u0259rl\u0259rd\u0259 \u015feyxl\u0259rd\u0259n \u0259zb\u0259rl\u0259misiniz\u2026 Konkret olaraq \u015fi\u0259 m\u0259zh\u0259bind\u0259 \u00fcsyan v\u0259 m\u00fcbariz\u0259 simvolu bir qad\u0131n var: Zeyn\u0259b\u2026 Hans\u0131 ki, tez-tez t\u0259v\u0259ll\u00fcd v\u0259 \u015f\u0259had\u0259t m\u0259clisl\u0259rini qurur, K\u0259rb\u0259lada m\u00fcbariz\u0259 \u00fc\u00e7\u00fcn h\u0259tta hicab\u0131n\u0131n da a\u00e7\u0131ld\u0131\u011f\u0131n\u0131 \u00f6z\u00fcn\u00fcz g\u00fcn-ax\u015fama dan\u0131\u015f\u0131rs\u0131n\u0131z\u2026 Han\u0131, hardad\u0131r bu 30 ild\u0259 etdiyiniz t\u0259bli\u011fat v\u0259 maarifl\u0259nm\u0259d\u0259 yeti\u015fdirdiyiniz Zeyn\u0259bl\u0259r? Renesansl\u0131 xan\u0131mlara utanmadan t\u0259hqirl\u0259r ya\u011fd\u0131r\u0131rs\u0131n\u0131z ki, sizin ata -anan\u0131z yoxdurmu, \u00e7\u0259k\u0259\u2026<\/p>\n<p>  Han\u0131, hardad\u0131r bu c\u0259miyy\u0259td\u0259 sosial \u0259dal\u0259tin, h\u0259qiq\u0259tin, d\u0259y\u0259rl\u0259rin qorunmas\u0131 \u00fc\u00e7\u00fcn c\u0259hal\u0259t\u0259, z\u00fclm\u0259 qar\u015f\u0131 m\u00fcbariz\u0259 aparan birc\u0259 d\u0259n\u0259 d\u0259 dindar qad\u0131n? G\u00f6st\u0259rin! Hardad\u0131r, g\u00f6st\u0259rin biz d\u0259 g\u00f6r\u0259k\u2026 Yoxdur\u2026! \u0130ndi iki-\u00fc\u00e7 xan\u0131m \u00f6lk\u0259d\u0259 olan \u0259dal\u0259tsizlikl\u0259r\u0259, haqs\u0131zl\u0131qlara, m\u0259mur \u00f6zba\u015f\u0131nal\u0131\u011f\u0131na, c\u0259hal\u0259t\u0259 qar\u015f\u0131 b\u00fct\u00fcn varl\u0131\u011f\u0131yla renessansda m\u00fcbariz\u0259 apar\u0131rsa, siz d\u0259 o m\u0259murlar\u0131n, har\u0131nlam\u0131\u015flar\u0131n, c\u0259hal\u0259tin ma\u015fas\u0131 kimi onlara h\u0259r c\u00fcr t\u0259hqiri, s\u00f6y\u00fc\u015f\u00fc, t\u0259hdidi r\u0259va g\u00f6r\u00fcrs\u00fcn\u00fczs\u0259, buna nec\u0259 vicdani v\u0259 ilahi don geyindir\u0259k? \u018fg\u0259r x\u00fctb\u0259l\u0259rinizi \u00f6z\u00fcn\u00fcz deyib, \u00f6z\u00fcn\u00fcz qulaq as\u0131rs\u0131n\u0131zsa, dan\u0131\u015fd\u0131qlar\u0131n\u0131z art\u0131q \u00f6z\u00fcn\u00fcz \u00fc\u00e7\u00fcn d\u0259 k\u00f6hn\u0259lmi\u015f v\u0259 maraqs\u0131zd\u0131rsa, bunun g\u00fcnah\u0131n\u0131 bu c\u0259hal\u0259t\u0259 qar\u015f\u0131 sava\u015fan 5-6 g\u0259ncd\u0259 deyil, \u00f6z m\u00fctali\u0259 dair\u0259nizin darl\u0131\u011f\u0131nda, t\u0259bli\u011f metodunuzun t\u0259sirsizliyind\u0259 g\u00f6r\u00fcn\u2026<\/p>\n<p>  A\u011falar\u2026 M\u0259lum obyekt iddia edir ki, karikaturan\u0131 silm\u0259m\u0259y\u0259 a\u011falar\u0131m\u0131z qoymurmu\u015f. Yaz\u0131lar\u0131m\u0131z\u0131 da a\u011falar\u0131m\u0131z\u0131n sifari\u015fi il\u0259 yaz\u0131r\u0131qm\u0131\u015f\u2026 M\u0259n is\u0259 idia edir\u0259m ki, \u00fcmumiyy\u0259tl\u0259 bu a\u011fa s\u00f6z\u00fcn\u00fc Bor\u00e7al\u0131 leksikonuna din ad\u0131yla siz g\u0259tirmisiniz, \u0259n \u00e7ox da siz i\u015fl\u0259dirsiniz. Bu a\u011fa s\u00f6z\u00fc leksikonumuzda \u00e7ox k\u0259lim\u0259l\u0259ri k\u00f6l\u0259l\u0259\u015fdirdi, \u00e7ox k\u00f6l\u0259l\u0259ri q\u0259hr\u0259manla\u015fd\u0131rd\u0131. Bizim he\u00e7 bir a\u011fam\u0131z yoxdur. Biz b\u00fct\u00fcn a\u011fal\u0131\u011fa qar\u015f\u0131y\u0131q. M\u00fcbariz\u0259miz d\u0259 bunun u\u011frunad\u0131r.<\/p>\n<p>  \u0130\u015f\u0259 bax\u0131n, bu q\u0259tlimiz\u0259 f\u0259rman ver\u0259nl\u0259r bizi h\u0259tta erm\u0259ni lobbil\u0259rin\u0259 i\u015fl\u0259m\u0259kd\u0259 d\u0259 su\u00e7lay\u0131r. Qaraba\u011f m\u0259s\u0259l\u0259sini toplumun z\u0259if damar\u0131 kimi ortaya qat\u0131rlar. \u00c7ox g\u00fclm\u0259lidir. Soru\u015fmaq ay\u0131b olmas\u0131n, siz hans\u0131 din\u0259 inan\u0131rs\u0131n\u0131z? \u0130nand\u0131\u011f\u0131n\u0131z dind\u0259 mill\u0259t ayr\u0131-se\u00e7kiliyi var? Bizim \u00fc\u00e7\u00fcn is\u0259 h\u0259qiq\u0259tin do\u011frudan da, mill\u0259ti yoxdur!\n<\/p>\n<p>\n  Sizin m\u00fcbariz\u0259 dair\u0259niz o q\u0259d\u0259r c\u0131l\u0131zd\u0131r ki, s\u00fcnni, \u015fi\u0259, vahabi b\u00f6lg\u00fcl\u0259ri bir yana, \u00f6z aran\u0131zda on yer\u0259 b\u00f6l\u00fcn\u00fcbs\u00fcn\u00fcz. O axund bu \u015feyx\u0259 s\u00f6y\u00fcr, bu axund o \u015feyxi s\u00f6y\u00fcr, dini v\u0259 toplumu edibsiniz siyas\u0259t oyunca\u011f\u0131\u2026 \u00d6lk\u0259d\u0259 olan he\u00e7 bir \u0259dal\u0259tsizliy\u0259, z\u00fclm\u0259, c\u0259hal\u0259t\u0259 qar\u015f\u0131 sava\u015fda sizin he\u00e7 k\u00f6lg\u0259nizi d\u0259 g\u00f6rm\u00fcr\u00fck, ancaq ola sifari\u015fl\u0259rl\u0259 s\u0259rh\u0259ddin o tay\u0131na, h\u0259tda okean\u0131n o t\u0259r\u0259find\u0259 olanlara qar\u015f\u0131 mitinq ke\u00e7irir, q\u0259hr\u0259manl\u0131q edirsiniz\u2026 \u0130ndi sizd\u0259n v\u0259 bizi bu din v\u0259 xalq d\u00fc\u015fm\u0259ni kimi qaralamaq kampaniyas\u0131na start ver\u0259nl\u0259rd\u0259n soru\u015furam: budurmu sizin c\u0259miyy\u0259t\u0259, g\u0259ncliy\u0259 xilas kimi sundu\u011funuz d\u0259y\u0259rl\u0259r toplusu, dindar elita?<\/p>\n<p>  Bizim he\u00e7 kimin dini inanc\u0131, d\u0259y\u0259rl\u0259ri, se\u00e7imi il\u0259 i\u015fimiz yoxdur. \u018flb\u0259tt\u0259, ham\u0131 \u00f6z inanc\u0131nda, yol se\u00e7imind\u0259 s\u0259rb\u0259stdir. Biz d\u0259 el\u0259 bu azad ortam\u0131n yaranmas\u0131n\u0131n t\u0259\u015fkilin\u0259 idial\u0131y\u0131q. \u00d6lk\u0259d\u0259 he\u00e7 bir idealogiya diktaturas\u0131 olmamal\u0131d\u0131r. \u00d6lk\u0259, c\u0259miyy\u0259t o vaxt inki\u015faf edir, maarifl\u0259nmi\u015f hesab olunur ki, orada bir r\u0259ng yox, \u00e7oxlu r\u0259ngl\u0259r v\u0259 bu r\u0259ngl\u0259rin azad se\u00e7imi olur. Biz \u00f6lk\u0259mizi, c\u0259miyy\u0259timizi r\u0259ngar\u0259ng g\u00f6rm\u0259k ist\u0259yirik. Siz deyirsiniz ki, t\u0259kc\u0259 ya\u015f\u0131l (ya\u015f\u0131l\u0131n da ad\u0131 ya\u015f\u0131ld\u0131r, sizin siman\u0131zda, be\u015f g\u00fcnd\u00fcr social \u015f\u0259b\u0259k\u0259l\u0259rd\u0259 yazd\u0131\u011f\u0131n\u0131z s\u00f6y\u00fc\u015f is\u0259 qaraya daha \u00e7ox ox\u015fay\u0131r) olsun. Biz is\u0259 deyirik ki, ya\u015f\u0131l da olsun, ancaq q\u0131r\u0131m\u0131z\u0131, nar\u0131nc\u0131, sar\u0131, a\u011f, g\u00f6y v\u0259.s (ideologiyalar) b\u00fct\u00fcn r\u0259ngl\u0259rin d\u0259 azadl\u0131\u011f\u0131n\u0131n yan\u0131nda\u2026 \u00c7\u00fcnki obyektivliyin, tolerantl\u0131\u011f\u0131n, humanizmin, sa\u011flam maarifl\u0259ndirm\u0259nin \u0259lifbas\u0131 buradan ba\u015flay\u0131r\u2026\n<\/p>\n<p>\n  <b><br \/>\n    Yaz\u0131dak\u0131 fikirl\u0259r m\u00fc\u0259llif\u0259 m\u0259xsusdur v\u0259 onlara g\u00f6r\u0259 Meydan TV m\u0259suliyy\u0259t da\u015f\u0131m\u0131r.<br \/>\n  <\/b><br \/>\n  <b><br \/>\n    Qar\u015f\u0131 t\u0259r\u0259fin d\u0259 fikirl\u0259rini d\u0259rc etm\u0259y\u0259 haz\u0131r\u0131q.<br \/>\n  <\/b><\/p>\n","protected":false},"excerpt":{"rendered":"<p>\u0130mkan verin, bu \u00f6lk\u0259d\u0259 b\u00fct\u00fcn r\u0259ngl\u0259rd\u0259n olsun<\/p>\n","protected":false},"author":11,"featured_media":28438,"comment_status":"closed","ping_status":"open","sticky":false,"template":"","format":"standard","meta":{"_acf_changed":false,"_sitemap_exclude":false,"_sitemap_priority":"","_sitemap_frequency":"","footnotes":""},"categories":[57],"tags":[],"class_list":["post-168748","post","type-post","status-publish","format-standard","has-post-thumbnail","hentry","category-menim-fikrimce","infinite-scroll-item","generate-columns","tablet-grid-50","mobile-grid-100","grid-parent","grid-33","no-featured-image-padding"],"acf":[],"yoast_head":"<!-- This site is optimized with the Yoast SEO plugin v27.5 - https:\/\/yoast.com\/product\/yoast-seo-wordpress\/ -->\n<title>Q\u0259tlimiz\u0259 veril\u0259n f\u0259rman - MEYDAN.TV<\/title>\n<meta name=\"robots\" content=\"index, follow, max-snippet:-1, max-image-preview:large, max-video-preview:-1\" \/>\n<link rel=\"canonical\" href=\"https:\/\/www.meydan.tv\/az\/article\/qetlimize-verilen-ferman\/\" \/>\n<meta property=\"og:locale\" content=\"az_AZ\" \/>\n<meta property=\"og:type\" content=\"article\" \/>\n<meta property=\"og:title\" content=\"Q\u0259tlimiz\u0259 veril\u0259n f\u0259rman - MEYDAN.TV\" \/>\n<meta property=\"og:description\" content=\"\u0130mkan verin, bu \u00f6lk\u0259d\u0259 b\u00fct\u00fcn r\u0259ngl\u0259rd\u0259n olsun\" \/>\n<meta property=\"og:url\" content=\"https:\/\/www.meydan.tv\/az\/article\/qetlimize-verilen-ferman\/\" \/>\n<meta property=\"og:site_name\" content=\"MEYDAN.TV\" \/>\n<meta property=\"article:published_time\" content=\"2015-07-03T21:05:35+00:00\" \/>\n<meta property=\"og:image\" content=\"https:\/\/www.meydan.tv\/wp-content\/uploads\/10513.jpg\" \/>\n\t<meta property=\"og:image:width\" content=\"400\" \/>\n\t<meta property=\"og:image:height\" content=\"400\" \/>\n\t<meta property=\"og:image:type\" content=\"image\/jpeg\" \/>\n<meta name=\"author\" content=\"user-manager\" \/>\n<meta name=\"twitter:card\" content=\"summary_large_image\" \/>\n<script type=\"application\/ld+json\" class=\"yoast-schema-graph\">{\"@context\":\"https:\\\/\\\/schema.org\",\"@graph\":[{\"@type\":\"Article\",\"@id\":\"https:\\\/\\\/www.meydan.tv\\\/az\\\/article\\\/qetlimize-verilen-ferman\\\/#article\",\"isPartOf\":{\"@id\":\"https:\\\/\\\/www.meydan.tv\\\/az\\\/article\\\/qetlimize-verilen-ferman\\\/\"},\"author\":{\"name\":\"user-manager\",\"@id\":\"https:\\\/\\\/www.meydan.tv\\\/az\\\/#\\\/schema\\\/person\\\/10d11eccf6da3662cf5fdab9806ea91a\"},\"headline\":\"Q\u0259tlimiz\u0259 veril\u0259n f\u0259rman\",\"datePublished\":\"2015-07-03T21:05:35+00:00\",\"mainEntityOfPage\":{\"@id\":\"https:\\\/\\\/www.meydan.tv\\\/az\\\/article\\\/qetlimize-verilen-ferman\\\/\"},\"wordCount\":1506,\"publisher\":{\"@id\":\"https:\\\/\\\/www.meydan.tv\\\/az\\\/#organization\"},\"image\":{\"@id\":\"https:\\\/\\\/www.meydan.tv\\\/az\\\/article\\\/qetlimize-verilen-ferman\\\/#primaryimage\"},\"thumbnailUrl\":\"https:\\\/\\\/www.meydan.tv\\\/wp-content\\\/uploads\\\/10513.jpg\",\"articleSection\":[\"M\u0259nim Fikrimc\u0259\"],\"inLanguage\":\"az\"},{\"@type\":\"WebPage\",\"@id\":\"https:\\\/\\\/www.meydan.tv\\\/az\\\/article\\\/qetlimize-verilen-ferman\\\/\",\"url\":\"https:\\\/\\\/www.meydan.tv\\\/az\\\/article\\\/qetlimize-verilen-ferman\\\/\",\"name\":\"Q\u0259tlimiz\u0259 veril\u0259n f\u0259rman - MEYDAN.TV\",\"isPartOf\":{\"@id\":\"https:\\\/\\\/www.meydan.tv\\\/az\\\/#website\"},\"primaryImageOfPage\":{\"@id\":\"https:\\\/\\\/www.meydan.tv\\\/az\\\/article\\\/qetlimize-verilen-ferman\\\/#primaryimage\"},\"image\":{\"@id\":\"https:\\\/\\\/www.meydan.tv\\\/az\\\/article\\\/qetlimize-verilen-ferman\\\/#primaryimage\"},\"thumbnailUrl\":\"https:\\\/\\\/www.meydan.tv\\\/wp-content\\\/uploads\\\/10513.jpg\",\"datePublished\":\"2015-07-03T21:05:35+00:00\",\"breadcrumb\":{\"@id\":\"https:\\\/\\\/www.meydan.tv\\\/az\\\/article\\\/qetlimize-verilen-ferman\\\/#breadcrumb\"},\"inLanguage\":\"az\",\"potentialAction\":[{\"@type\":\"ReadAction\",\"target\":[\"https:\\\/\\\/www.meydan.tv\\\/az\\\/article\\\/qetlimize-verilen-ferman\\\/\"]}]},{\"@type\":\"ImageObject\",\"inLanguage\":\"az\",\"@id\":\"https:\\\/\\\/www.meydan.tv\\\/az\\\/article\\\/qetlimize-verilen-ferman\\\/#primaryimage\",\"url\":\"https:\\\/\\\/www.meydan.tv\\\/wp-content\\\/uploads\\\/10513.jpg\",\"contentUrl\":\"https:\\\/\\\/www.meydan.tv\\\/wp-content\\\/uploads\\\/10513.jpg\",\"width\":400,\"height\":400,\"caption\":\"Source:\"},{\"@type\":\"BreadcrumbList\",\"@id\":\"https:\\\/\\\/www.meydan.tv\\\/az\\\/article\\\/qetlimize-verilen-ferman\\\/#breadcrumb\",\"itemListElement\":[{\"@type\":\"ListItem\",\"position\":1,\"name\":\"Ana s\u0259hif\u0259\",\"item\":\"https:\\\/\\\/www.meydan.tv\\\/az\\\/\"},{\"@type\":\"ListItem\",\"position\":2,\"name\":\"M\u0259nim Fikrimc\u0259\",\"item\":\"https:\\\/\\\/www.meydan.tv\\\/az\\\/section\\\/menim-fikrimce\\\/\"},{\"@type\":\"ListItem\",\"position\":3,\"name\":\"Q\u0259tlimiz\u0259 veril\u0259n f\u0259rman\"}]},{\"@type\":\"WebSite\",\"@id\":\"https:\\\/\\\/www.meydan.tv\\\/az\\\/#website\",\"url\":\"https:\\\/\\\/www.meydan.tv\\\/az\\\/\",\"name\":\"MEYDAN.TV\",\"description\":\"Meydan TV Az\u0259rbaycan\u0131n media m\u0259kan\u0131ndak\u0131 alternativ s\u0259sidir\",\"publisher\":{\"@id\":\"https:\\\/\\\/www.meydan.tv\\\/az\\\/#organization\"},\"potentialAction\":[{\"@type\":\"SearchAction\",\"target\":{\"@type\":\"EntryPoint\",\"urlTemplate\":\"https:\\\/\\\/www.meydan.tv\\\/az\\\/?s={search_term_string}\"},\"query-input\":{\"@type\":\"PropertyValueSpecification\",\"valueRequired\":true,\"valueName\":\"search_term_string\"}}],\"inLanguage\":\"az\"},{\"@type\":\"Organization\",\"@id\":\"https:\\\/\\\/www.meydan.tv\\\/az\\\/#organization\",\"name\":\"Meydan TV\",\"url\":\"https:\\\/\\\/www.meydan.tv\\\/az\\\/\",\"logo\":{\"@type\":\"ImageObject\",\"inLanguage\":\"az\",\"@id\":\"https:\\\/\\\/www.meydan.tv\\\/az\\\/#\\\/schema\\\/logo\\\/image\\\/\",\"url\":\"https:\\\/\\\/www.meydan.tv\\\/wp-content\\\/uploads\\\/2021\\\/07\\\/meydan-logo.svg\",\"contentUrl\":\"https:\\\/\\\/www.meydan.tv\\\/wp-content\\\/uploads\\\/2021\\\/07\\\/meydan-logo.svg\",\"width\":195,\"height\":46,\"caption\":\"Meydan TV\"},\"image\":{\"@id\":\"https:\\\/\\\/www.meydan.tv\\\/az\\\/#\\\/schema\\\/logo\\\/image\\\/\"}},{\"@type\":\"Person\",\"@id\":\"https:\\\/\\\/www.meydan.tv\\\/az\\\/#\\\/schema\\\/person\\\/10d11eccf6da3662cf5fdab9806ea91a\",\"name\":\"user-manager\"}]}<\/script>\n<!-- \/ Yoast SEO plugin. -->","yoast_head_json":{"title":"Q\u0259tlimiz\u0259 veril\u0259n f\u0259rman - MEYDAN.TV","robots":{"index":"index","follow":"follow","max-snippet":"max-snippet:-1","max-image-preview":"max-image-preview:large","max-video-preview":"max-video-preview:-1"},"canonical":"https:\/\/www.meydan.tv\/az\/article\/qetlimize-verilen-ferman\/","og_locale":"az_AZ","og_type":"article","og_title":"Q\u0259tlimiz\u0259 veril\u0259n f\u0259rman - MEYDAN.TV","og_description":"\u0130mkan verin, bu \u00f6lk\u0259d\u0259 b\u00fct\u00fcn r\u0259ngl\u0259rd\u0259n olsun","og_url":"https:\/\/www.meydan.tv\/az\/article\/qetlimize-verilen-ferman\/","og_site_name":"MEYDAN.TV","article_published_time":"2015-07-03T21:05:35+00:00","og_image":[{"width":400,"height":400,"url":"https:\/\/www.meydan.tv\/wp-content\/uploads\/10513.jpg","type":"image\/jpeg"}],"author":"user-manager","twitter_card":"summary_large_image","schema":{"@context":"https:\/\/schema.org","@graph":[{"@type":"Article","@id":"https:\/\/www.meydan.tv\/az\/article\/qetlimize-verilen-ferman\/#article","isPartOf":{"@id":"https:\/\/www.meydan.tv\/az\/article\/qetlimize-verilen-ferman\/"},"author":{"name":"user-manager","@id":"https:\/\/www.meydan.tv\/az\/#\/schema\/person\/10d11eccf6da3662cf5fdab9806ea91a"},"headline":"Q\u0259tlimiz\u0259 veril\u0259n f\u0259rman","datePublished":"2015-07-03T21:05:35+00:00","mainEntityOfPage":{"@id":"https:\/\/www.meydan.tv\/az\/article\/qetlimize-verilen-ferman\/"},"wordCount":1506,"publisher":{"@id":"https:\/\/www.meydan.tv\/az\/#organization"},"image":{"@id":"https:\/\/www.meydan.tv\/az\/article\/qetlimize-verilen-ferman\/#primaryimage"},"thumbnailUrl":"https:\/\/www.meydan.tv\/wp-content\/uploads\/10513.jpg","articleSection":["M\u0259nim Fikrimc\u0259"],"inLanguage":"az"},{"@type":"WebPage","@id":"https:\/\/www.meydan.tv\/az\/article\/qetlimize-verilen-ferman\/","url":"https:\/\/www.meydan.tv\/az\/article\/qetlimize-verilen-ferman\/","name":"Q\u0259tlimiz\u0259 veril\u0259n f\u0259rman - MEYDAN.TV","isPartOf":{"@id":"https:\/\/www.meydan.tv\/az\/#website"},"primaryImageOfPage":{"@id":"https:\/\/www.meydan.tv\/az\/article\/qetlimize-verilen-ferman\/#primaryimage"},"image":{"@id":"https:\/\/www.meydan.tv\/az\/article\/qetlimize-verilen-ferman\/#primaryimage"},"thumbnailUrl":"https:\/\/www.meydan.tv\/wp-content\/uploads\/10513.jpg","datePublished":"2015-07-03T21:05:35+00:00","breadcrumb":{"@id":"https:\/\/www.meydan.tv\/az\/article\/qetlimize-verilen-ferman\/#breadcrumb"},"inLanguage":"az","potentialAction":[{"@type":"ReadAction","target":["https:\/\/www.meydan.tv\/az\/article\/qetlimize-verilen-ferman\/"]}]},{"@type":"ImageObject","inLanguage":"az","@id":"https:\/\/www.meydan.tv\/az\/article\/qetlimize-verilen-ferman\/#primaryimage","url":"https:\/\/www.meydan.tv\/wp-content\/uploads\/10513.jpg","contentUrl":"https:\/\/www.meydan.tv\/wp-content\/uploads\/10513.jpg","width":400,"height":400,"caption":"Source:"},{"@type":"BreadcrumbList","@id":"https:\/\/www.meydan.tv\/az\/article\/qetlimize-verilen-ferman\/#breadcrumb","itemListElement":[{"@type":"ListItem","position":1,"name":"Ana s\u0259hif\u0259","item":"https:\/\/www.meydan.tv\/az\/"},{"@type":"ListItem","position":2,"name":"M\u0259nim Fikrimc\u0259","item":"https:\/\/www.meydan.tv\/az\/section\/menim-fikrimce\/"},{"@type":"ListItem","position":3,"name":"Q\u0259tlimiz\u0259 veril\u0259n f\u0259rman"}]},{"@type":"WebSite","@id":"https:\/\/www.meydan.tv\/az\/#website","url":"https:\/\/www.meydan.tv\/az\/","name":"MEYDAN.TV","description":"Meydan TV Az\u0259rbaycan\u0131n media m\u0259kan\u0131ndak\u0131 alternativ s\u0259sidir","publisher":{"@id":"https:\/\/www.meydan.tv\/az\/#organization"},"potentialAction":[{"@type":"SearchAction","target":{"@type":"EntryPoint","urlTemplate":"https:\/\/www.meydan.tv\/az\/?s={search_term_string}"},"query-input":{"@type":"PropertyValueSpecification","valueRequired":true,"valueName":"search_term_string"}}],"inLanguage":"az"},{"@type":"Organization","@id":"https:\/\/www.meydan.tv\/az\/#organization","name":"Meydan TV","url":"https:\/\/www.meydan.tv\/az\/","logo":{"@type":"ImageObject","inLanguage":"az","@id":"https:\/\/www.meydan.tv\/az\/#\/schema\/logo\/image\/","url":"https:\/\/www.meydan.tv\/wp-content\/uploads\/2021\/07\/meydan-logo.svg","contentUrl":"https:\/\/www.meydan.tv\/wp-content\/uploads\/2021\/07\/meydan-logo.svg","width":195,"height":46,"caption":"Meydan TV"},"image":{"@id":"https:\/\/www.meydan.tv\/az\/#\/schema\/logo\/image\/"}},{"@type":"Person","@id":"https:\/\/www.meydan.tv\/az\/#\/schema\/person\/10d11eccf6da3662cf5fdab9806ea91a","name":"user-manager"}]}},"_links":{"self":[{"href":"https:\/\/www.meydan.tv\/az\/wp-json\/wp\/v2\/posts\/168748","targetHints":{"allow":["GET"]}}],"collection":[{"href":"https:\/\/www.meydan.tv\/az\/wp-json\/wp\/v2\/posts"}],"about":[{"href":"https:\/\/www.meydan.tv\/az\/wp-json\/wp\/v2\/types\/post"}],"author":[{"embeddable":true,"href":"https:\/\/www.meydan.tv\/az\/wp-json\/wp\/v2\/users\/11"}],"replies":[{"embeddable":true,"href":"https:\/\/www.meydan.tv\/az\/wp-json\/wp\/v2\/comments?post=168748"}],"version-history":[{"count":0,"href":"https:\/\/www.meydan.tv\/az\/wp-json\/wp\/v2\/posts\/168748\/revisions"}],"wp:featuredmedia":[{"embeddable":true,"href":"https:\/\/www.meydan.tv\/az\/wp-json\/wp\/v2\/media\/28438"}],"wp:attachment":[{"href":"https:\/\/www.meydan.tv\/az\/wp-json\/wp\/v2\/media?parent=168748"}],"wp:term":[{"taxonomy":"category","embeddable":true,"href":"https:\/\/www.meydan.tv\/az\/wp-json\/wp\/v2\/categories?post=168748"},{"taxonomy":"post_tag","embeddable":true,"href":"https:\/\/www.meydan.tv\/az\/wp-json\/wp\/v2\/tags?post=168748"}],"curies":[{"name":"wp","href":"https:\/\/api.w.org\/{rel}","templated":true}]}}