{"id":168746,"date":"2015-07-03T16:14:36","date_gmt":"2015-07-03T16:14:36","guid":{"rendered":"https:\/\/www.meydan.tv\/article\/polisimizi-tebrik-arzusu\/"},"modified":"2015-07-03T16:14:36","modified_gmt":"2015-07-03T16:14:36","slug":"polisimizi-tebrik-arzusu","status":"publish","type":"post","link":"https:\/\/www.meydan.tv\/az\/article\/polisimizi-tebrik-arzusu\/","title":{"rendered":"Polisimizi t\u0259brik arzusu"},"content":{"rendered":"<figure class=\"wp-block-image size-large\">\n  <img decoding=\"async\" src=\"https:\/\/www.meydan.tv\/az\/28372\/\" alt=\"\" class=\"wp-image-28372\"\/><figcaption><\/figcaption><\/figure>\n<figure class=\"wp-block-image size-large\">\n  <img decoding=\"async\" src=\"https:\/\/www.meydan.tv\/az\/28375\/\" alt=\"\" class=\"wp-image-28375\"\/><figcaption><\/figcaption><\/figure>\n<p>\n  M\u0259n d\u0259 ist\u0259rdim ki, normal, h\u0259tta normal\u0131n \u00fcst\u00fcnd\u0259 bir \u00f6lk\u0259m ola, m\u0259n onun u\u011furlar\u0131na, naliyy\u0259tl\u0259rin\u0259 sevin\u0259m, bayramlar\u0131n\u0131 qeyd ed\u0259m.\n<\/p>\n<p>\n  D\u00fcn\u0259n d\u0259 bayram idi. &#8220;\u015eanl\u0131&#8221; polisl\u0259rimizin pe\u015f\u0259 bayram\u0131. T\u00fcrk\u00fcn s\u00f6z\u00fc, g\u00f6n\u00fcl ist\u0259r ki, b\u00fct\u00fcn Az\u0259rbaycan polis hey\u0259tini t\u0259brik ed\u0259, u\u011furlar dil\u0259y\u0259, g\u00fcn \u0259rzind\u0259 qar\u015f\u0131ma \u00e7\u0131xan b\u00fct\u00fcn polisl\u0259r\u0259 g\u00fcl\u00fcms\u0259y\u0259r\u0259k: \u201cBayram\u0131n m\u00fcbar\u0259k, m\u0259nim polisim!\u201d dey\u0259m.\n<\/p>\n<p>\n  Amma&#8230; T\u0259\u0259ss\u00fcf ki, \u0259mmalarla bol olan bir \u00f6lk\u0259d\u0259, bu ist\u0259yimin d\u0259 qar\u015f\u0131s\u0131nda, ortas\u0131nda v\u0259 sonlu\u011funda b\u00f6y\u00fck h\u0259rfl\u0259rl\u0259 yaz\u0131lm\u0131\u015f \u018fMMAlar durur. &#8220;M\u0259nim polisim, m\u0259ni qoruyur&#8221; \u015f\u00fcar\u0131n\u0131 zorla biz\u0259 yeritdikl\u0259ri bir z\u0259man\u0259d\u0259, xalq olaraq \u0259ks\u0259riyy\u0259t polis xofu il\u0259 do\u011fulur, b\u00f6y\u00fcy\u00fcr v\u0259 bel\u0259 ya\u015fama\u011fa davam edir.\n<\/p>\n<p>\n  Bir k\u00f6rp\u0259ni ki, \u00fc\u00e7, d\u00f6rd ya\u015flar\u0131nda beyninin yeni-yeni formala\u015fan bir \u00e7a\u011f\u0131n\u0131 d\u00fc\u015f\u00fcn\u0259k. Onu n\u0259d\u0259ns\u0259 \u00e7\u0259kindirm\u0259k, qorxutmaq, uzaqla\u015fd\u0131rmaq \u00fc\u00e7\u00fcn, valideyinl\u0259ri n\u0259 deyir? \u201cEl\u0259m\u0259, yoxsa polisi \u00e7a\u011f\u0131racam, g\u0259lib, s\u0259ni apars\u0131n\u201d deyib, qorxutma\u011fa \u00e7al\u0131\u015f\u0131rlar. N\u0259tic\u0259d\u0259 u\u015faq b\u00f6y\u00fcd\u00fckc\u0259, o \u201cpolis fobiyas\u0131n\u0131\u201d beynind\u0259n atmaq asan olmur.<br \/>\n  <br \/>\n  \u018fksin\u0259, o, \u00f6lk\u0259d\u0259ki b\u0259rbad t\u0259hsil sisteminin qurban\u0131na \u00e7evril\u0259r\u0259k orta v\u0259 ali m\u0259kt\u0259bl\u0259rd\u0259 t\u0259hsil almas\u0131na baxmayaraq, h\u00fcquqlar\u0131ndan bix\u0259b\u0259r olur v\u0259 n\u0259tic\u0259d\u0259 ist\u0259nil\u0259n m\u0259qamda polisd\u0259n qorxur, \u00e7\u0259kinir, uzaq durma\u011fa \u00e7al\u0131\u015f\u0131r. Halbuki, \u0259ks\u0259riyy\u0259t h\u00fcquqlar\u0131n\u0131 bils\u0259, cinay\u0259t v\u0259 qayda pozuntusu t\u00f6r\u0259tdiyi halda bel\u0259, polisin onu qorumaq kimi bir v\u0259zif\u0259sinin oldu\u011funu d\u0259rk etm\u0259lidir. Polis \u201cxoxan\u201d deyil. Polisin borcu, m\u0259ni, s\u0259ni, bizi qorumaqd\u0131r.<br \/>\n  <br \/>\n  Yax\u0131n tariximiz is\u0259 t\u0259\u0259ss\u00fcf ki, \u0259ksini g\u00f6st\u0259rir.\n<\/p>\n<p>\n  M\u0259hv etdikl\u0259ri t\u0259hsil sistemin\u0259 r\u0259\u011fm\u0259n, \u00f6lk\u0259d\u0259 savadl\u0131, bacar\u0131ql\u0131, c\u0259sar\u0259tli v\u0259 vicdanl\u0131 g\u0259ncliyin yeti\u015fdiyini g\u00f6r\u00fcb, t\u0259\u015fvi\u015f\u0259 d\u00fc\u015f\u0259n rejim, Az\u0259rbaycan polisinin \u0259li il\u0259 i\u015f\u0131ql\u0131 g\u0259ncl\u0259rimizi d\u00f6yd\u00fcrm\u0259kd\u0259n, h\u0259bs etm\u0259kd\u0259n, \u015f\u0259rl\u0259m\u0259kd\u0259n \u00e7\u0259kinm\u0259di. B\u00fct\u00fcn hallarda polisin \u0259li nahaqdan diktatura \u00e7irkab\u0131na batd\u0131: siqaret \u00e7\u0259km\u0259y\u0259n g\u0259ncl\u0259ri narkotikl\u0259, bayramda fi\u015f\u0259ng bel\u0259 atmayan g\u0259ncl\u0259ri is\u0259 \u201cmolotov kokteyli\u201d il\u0259 \u015f\u0259rl\u0259y\u0259r\u0259k, h\u0259bsxanalara sald\u0131lar.\n<\/p>\n<p>\n  Kimisi Araz\u0131n\u0131n d\u00fcnyaya g\u0259lm\u0259si x\u0259b\u0259rin\u0259 barmaql\u0131qlar arxas\u0131nda sevinm\u0259k m\u0259cburiyy\u0259tind\u0259 qald\u0131, kimi atas\u0131 \u0130brahim b\u0259yin \u00f6l\u00fcm\u00fcn\u0259 g\u00fcnahs\u0131z yer\u0259 yatd\u0131\u011f\u0131 kameran\u0131n k\u00fcnc\u00fcn\u0259 s\u0131x\u0131laraq, a\u011flad\u0131. Kimisi g\u00fcl kimi N\u0259rgiz balas\u0131 d\u00fcnyas\u0131n\u0131 d\u0259yi\u015fdiyi, b\u00fct\u00fcn \u00f6lk\u0259 olaraq ham\u0131n\u0131n yas i\u00e7ind\u0259 oldu\u011fu, evin\u0259 ax\u0131n etdiyi bir vaxtda, \u00f6vlad\u0131n\u0131n d\u0259fnin\u0259 g\u0259lm\u0259k \u00fc\u00e7\u00fcn s\u00fcr\u00fcnd\u00fcr\u00fcld\u00fc, s\u00fcni mane\u0259l\u0259rl\u0259 \u00fcz-\u00fcz\u0259 qald\u0131.\n<\/p>\n<p>\n  Kimini iki azya\u015fl\u0131 k\u00f6rp\u0259sind\u0259n, qarda\u015f\u0131 il\u0259 s\u0259hv sal\u0131b, \u015f\u0259rl\u0259y\u0259r\u0259k ay\u0131rd\u0131lar, \u201cN\u0259n\u0259min d\u0259rmanlar\u0131n\u0131 i\u00e7dim ki, b\u0259lk\u0259 atam\u0131 yuxuda g\u00f6r\u0259r\u0259m\u201d dey\u0259n be\u015f ya\u015fl\u0131 Atillan\u0131n g\u00f6z ya\u015flar\u0131n\u0131 h\u0259r g\u00fcn ax\u0131tmas\u0131na bais oldular.\n<\/p>\n<p>\n  \u00c7ox t\u0259\u0259ss\u00fcf ki, b\u00fct\u00fcn bu olanlarda &#8220;\u015fanl\u0131 polisimizin&#8221; rolu \u0259n \u00fcst s\u0259viyy\u0259d\u0259 ger\u00e7\u0259kl\u0259\u015fdi. \u00c7ox t\u0259\u0259ss\u00fcf..<br \/>\n  <br \/>\n  Amma m\u0259n yen\u0259 d\u0259, t\u0259brik edir\u0259m. H\u0259qiq\u0259t\u0259n, g\u00f6z\u0259l pe\u015f\u0259 se\u00e7mis\u0259n komandir, amma yanl\u0131\u015f \u00f6lk\u0259d\u0259.\n<\/p>\n<p>\n  <b><br \/>\n    Yaz\u0131dak\u0131 fikirl\u0259r m\u00fc\u0259llif\u0259 m\u0259xsusdur v\u0259 onlara g\u00f6r\u0259 Meydan TV m\u0259suliyy\u0259t da\u015f\u0131m\u0131r.<br \/>\n  <\/b><\/p>\n","protected":false},"excerpt":{"rendered":"<p>Barmaql\u0131qlar arxas\u0131nda sevinm\u0259k<\/p>\n","protected":false},"author":11,"featured_media":28372,"comment_status":"closed","ping_status":"open","sticky":false,"template":"","format":"standard","meta":{"_acf_changed":false,"_sitemap_exclude":false,"_sitemap_priority":"","_sitemap_frequency":"","footnotes":""},"categories":[57],"tags":[],"class_list":["post-168746","post","type-post","status-publish","format-standard","has-post-thumbnail","hentry","category-menim-fikrimce","infinite-scroll-item","generate-columns","tablet-grid-50","mobile-grid-100","grid-parent","grid-33","no-featured-image-padding"],"acf":[],"yoast_head":"<!-- This site is optimized with the Yoast SEO plugin v27.5 - https:\/\/yoast.com\/product\/yoast-seo-wordpress\/ -->\n<title>Polisimizi t\u0259brik arzusu - MEYDAN.TV<\/title>\n<meta name=\"robots\" content=\"index, follow, max-snippet:-1, max-image-preview:large, max-video-preview:-1\" \/>\n<link rel=\"canonical\" href=\"https:\/\/www.meydan.tv\/az\/article\/polisimizi-tebrik-arzusu\/\" \/>\n<meta property=\"og:locale\" content=\"az_AZ\" \/>\n<meta property=\"og:type\" content=\"article\" \/>\n<meta property=\"og:title\" content=\"Polisimizi t\u0259brik arzusu - MEYDAN.TV\" \/>\n<meta property=\"og:description\" content=\"Barmaql\u0131qlar arxas\u0131nda sevinm\u0259k\" \/>\n<meta property=\"og:url\" content=\"https:\/\/www.meydan.tv\/az\/article\/polisimizi-tebrik-arzusu\/\" \/>\n<meta property=\"og:site_name\" content=\"MEYDAN.TV\" \/>\n<meta property=\"article:published_time\" content=\"2015-07-03T16:14:36+00:00\" \/>\n<meta property=\"og:image\" content=\"https:\/\/www.meydan.tv\/wp-content\/uploads\/10509.jpg\" \/>\n\t<meta property=\"og:image:width\" content=\"500\" \/>\n\t<meta property=\"og:image:height\" content=\"500\" \/>\n\t<meta property=\"og:image:type\" content=\"image\/jpeg\" \/>\n<meta name=\"author\" content=\"user-manager\" \/>\n<meta name=\"twitter:card\" content=\"summary_large_image\" \/>\n<script type=\"application\/ld+json\" class=\"yoast-schema-graph\">{\"@context\":\"https:\\\/\\\/schema.org\",\"@graph\":[{\"@type\":\"Article\",\"@id\":\"https:\\\/\\\/www.meydan.tv\\\/az\\\/article\\\/polisimizi-tebrik-arzusu\\\/#article\",\"isPartOf\":{\"@id\":\"https:\\\/\\\/www.meydan.tv\\\/az\\\/article\\\/polisimizi-tebrik-arzusu\\\/\"},\"author\":{\"name\":\"user-manager\",\"@id\":\"https:\\\/\\\/www.meydan.tv\\\/az\\\/#\\\/schema\\\/person\\\/10d11eccf6da3662cf5fdab9806ea91a\"},\"headline\":\"Polisimizi t\u0259brik arzusu\",\"datePublished\":\"2015-07-03T16:14:36+00:00\",\"mainEntityOfPage\":{\"@id\":\"https:\\\/\\\/www.meydan.tv\\\/az\\\/article\\\/polisimizi-tebrik-arzusu\\\/\"},\"wordCount\":674,\"publisher\":{\"@id\":\"https:\\\/\\\/www.meydan.tv\\\/az\\\/#organization\"},\"image\":{\"@id\":\"https:\\\/\\\/www.meydan.tv\\\/az\\\/article\\\/polisimizi-tebrik-arzusu\\\/#primaryimage\"},\"thumbnailUrl\":\"https:\\\/\\\/www.meydan.tv\\\/wp-content\\\/uploads\\\/10509.jpg\",\"articleSection\":[\"M\u0259nim Fikrimc\u0259\"],\"inLanguage\":\"az\"},{\"@type\":\"WebPage\",\"@id\":\"https:\\\/\\\/www.meydan.tv\\\/az\\\/article\\\/polisimizi-tebrik-arzusu\\\/\",\"url\":\"https:\\\/\\\/www.meydan.tv\\\/az\\\/article\\\/polisimizi-tebrik-arzusu\\\/\",\"name\":\"Polisimizi t\u0259brik arzusu - MEYDAN.TV\",\"isPartOf\":{\"@id\":\"https:\\\/\\\/www.meydan.tv\\\/az\\\/#website\"},\"primaryImageOfPage\":{\"@id\":\"https:\\\/\\\/www.meydan.tv\\\/az\\\/article\\\/polisimizi-tebrik-arzusu\\\/#primaryimage\"},\"image\":{\"@id\":\"https:\\\/\\\/www.meydan.tv\\\/az\\\/article\\\/polisimizi-tebrik-arzusu\\\/#primaryimage\"},\"thumbnailUrl\":\"https:\\\/\\\/www.meydan.tv\\\/wp-content\\\/uploads\\\/10509.jpg\",\"datePublished\":\"2015-07-03T16:14:36+00:00\",\"breadcrumb\":{\"@id\":\"https:\\\/\\\/www.meydan.tv\\\/az\\\/article\\\/polisimizi-tebrik-arzusu\\\/#breadcrumb\"},\"inLanguage\":\"az\",\"potentialAction\":[{\"@type\":\"ReadAction\",\"target\":[\"https:\\\/\\\/www.meydan.tv\\\/az\\\/article\\\/polisimizi-tebrik-arzusu\\\/\"]}]},{\"@type\":\"ImageObject\",\"inLanguage\":\"az\",\"@id\":\"https:\\\/\\\/www.meydan.tv\\\/az\\\/article\\\/polisimizi-tebrik-arzusu\\\/#primaryimage\",\"url\":\"https:\\\/\\\/www.meydan.tv\\\/wp-content\\\/uploads\\\/10509.jpg\",\"contentUrl\":\"https:\\\/\\\/www.meydan.tv\\\/wp-content\\\/uploads\\\/10509.jpg\",\"width\":500,\"height\":500,\"caption\":\"Source:\"},{\"@type\":\"BreadcrumbList\",\"@id\":\"https:\\\/\\\/www.meydan.tv\\\/az\\\/article\\\/polisimizi-tebrik-arzusu\\\/#breadcrumb\",\"itemListElement\":[{\"@type\":\"ListItem\",\"position\":1,\"name\":\"Ana s\u0259hif\u0259\",\"item\":\"https:\\\/\\\/www.meydan.tv\\\/az\\\/\"},{\"@type\":\"ListItem\",\"position\":2,\"name\":\"M\u0259nim Fikrimc\u0259\",\"item\":\"https:\\\/\\\/www.meydan.tv\\\/az\\\/section\\\/menim-fikrimce\\\/\"},{\"@type\":\"ListItem\",\"position\":3,\"name\":\"Polisimizi t\u0259brik arzusu\"}]},{\"@type\":\"WebSite\",\"@id\":\"https:\\\/\\\/www.meydan.tv\\\/az\\\/#website\",\"url\":\"https:\\\/\\\/www.meydan.tv\\\/az\\\/\",\"name\":\"MEYDAN.TV\",\"description\":\"Meydan TV Az\u0259rbaycan\u0131n media m\u0259kan\u0131ndak\u0131 alternativ s\u0259sidir\",\"publisher\":{\"@id\":\"https:\\\/\\\/www.meydan.tv\\\/az\\\/#organization\"},\"potentialAction\":[{\"@type\":\"SearchAction\",\"target\":{\"@type\":\"EntryPoint\",\"urlTemplate\":\"https:\\\/\\\/www.meydan.tv\\\/az\\\/?s={search_term_string}\"},\"query-input\":{\"@type\":\"PropertyValueSpecification\",\"valueRequired\":true,\"valueName\":\"search_term_string\"}}],\"inLanguage\":\"az\"},{\"@type\":\"Organization\",\"@id\":\"https:\\\/\\\/www.meydan.tv\\\/az\\\/#organization\",\"name\":\"Meydan TV\",\"url\":\"https:\\\/\\\/www.meydan.tv\\\/az\\\/\",\"logo\":{\"@type\":\"ImageObject\",\"inLanguage\":\"az\",\"@id\":\"https:\\\/\\\/www.meydan.tv\\\/az\\\/#\\\/schema\\\/logo\\\/image\\\/\",\"url\":\"https:\\\/\\\/www.meydan.tv\\\/wp-content\\\/uploads\\\/2021\\\/07\\\/meydan-logo.svg\",\"contentUrl\":\"https:\\\/\\\/www.meydan.tv\\\/wp-content\\\/uploads\\\/2021\\\/07\\\/meydan-logo.svg\",\"width\":195,\"height\":46,\"caption\":\"Meydan TV\"},\"image\":{\"@id\":\"https:\\\/\\\/www.meydan.tv\\\/az\\\/#\\\/schema\\\/logo\\\/image\\\/\"}},{\"@type\":\"Person\",\"@id\":\"https:\\\/\\\/www.meydan.tv\\\/az\\\/#\\\/schema\\\/person\\\/10d11eccf6da3662cf5fdab9806ea91a\",\"name\":\"user-manager\"}]}<\/script>\n<!-- \/ Yoast SEO plugin. -->","yoast_head_json":{"title":"Polisimizi t\u0259brik arzusu - MEYDAN.TV","robots":{"index":"index","follow":"follow","max-snippet":"max-snippet:-1","max-image-preview":"max-image-preview:large","max-video-preview":"max-video-preview:-1"},"canonical":"https:\/\/www.meydan.tv\/az\/article\/polisimizi-tebrik-arzusu\/","og_locale":"az_AZ","og_type":"article","og_title":"Polisimizi t\u0259brik arzusu - MEYDAN.TV","og_description":"Barmaql\u0131qlar arxas\u0131nda sevinm\u0259k","og_url":"https:\/\/www.meydan.tv\/az\/article\/polisimizi-tebrik-arzusu\/","og_site_name":"MEYDAN.TV","article_published_time":"2015-07-03T16:14:36+00:00","og_image":[{"width":500,"height":500,"url":"https:\/\/www.meydan.tv\/wp-content\/uploads\/10509.jpg","type":"image\/jpeg"}],"author":"user-manager","twitter_card":"summary_large_image","schema":{"@context":"https:\/\/schema.org","@graph":[{"@type":"Article","@id":"https:\/\/www.meydan.tv\/az\/article\/polisimizi-tebrik-arzusu\/#article","isPartOf":{"@id":"https:\/\/www.meydan.tv\/az\/article\/polisimizi-tebrik-arzusu\/"},"author":{"name":"user-manager","@id":"https:\/\/www.meydan.tv\/az\/#\/schema\/person\/10d11eccf6da3662cf5fdab9806ea91a"},"headline":"Polisimizi t\u0259brik arzusu","datePublished":"2015-07-03T16:14:36+00:00","mainEntityOfPage":{"@id":"https:\/\/www.meydan.tv\/az\/article\/polisimizi-tebrik-arzusu\/"},"wordCount":674,"publisher":{"@id":"https:\/\/www.meydan.tv\/az\/#organization"},"image":{"@id":"https:\/\/www.meydan.tv\/az\/article\/polisimizi-tebrik-arzusu\/#primaryimage"},"thumbnailUrl":"https:\/\/www.meydan.tv\/wp-content\/uploads\/10509.jpg","articleSection":["M\u0259nim Fikrimc\u0259"],"inLanguage":"az"},{"@type":"WebPage","@id":"https:\/\/www.meydan.tv\/az\/article\/polisimizi-tebrik-arzusu\/","url":"https:\/\/www.meydan.tv\/az\/article\/polisimizi-tebrik-arzusu\/","name":"Polisimizi t\u0259brik arzusu - MEYDAN.TV","isPartOf":{"@id":"https:\/\/www.meydan.tv\/az\/#website"},"primaryImageOfPage":{"@id":"https:\/\/www.meydan.tv\/az\/article\/polisimizi-tebrik-arzusu\/#primaryimage"},"image":{"@id":"https:\/\/www.meydan.tv\/az\/article\/polisimizi-tebrik-arzusu\/#primaryimage"},"thumbnailUrl":"https:\/\/www.meydan.tv\/wp-content\/uploads\/10509.jpg","datePublished":"2015-07-03T16:14:36+00:00","breadcrumb":{"@id":"https:\/\/www.meydan.tv\/az\/article\/polisimizi-tebrik-arzusu\/#breadcrumb"},"inLanguage":"az","potentialAction":[{"@type":"ReadAction","target":["https:\/\/www.meydan.tv\/az\/article\/polisimizi-tebrik-arzusu\/"]}]},{"@type":"ImageObject","inLanguage":"az","@id":"https:\/\/www.meydan.tv\/az\/article\/polisimizi-tebrik-arzusu\/#primaryimage","url":"https:\/\/www.meydan.tv\/wp-content\/uploads\/10509.jpg","contentUrl":"https:\/\/www.meydan.tv\/wp-content\/uploads\/10509.jpg","width":500,"height":500,"caption":"Source:"},{"@type":"BreadcrumbList","@id":"https:\/\/www.meydan.tv\/az\/article\/polisimizi-tebrik-arzusu\/#breadcrumb","itemListElement":[{"@type":"ListItem","position":1,"name":"Ana s\u0259hif\u0259","item":"https:\/\/www.meydan.tv\/az\/"},{"@type":"ListItem","position":2,"name":"M\u0259nim Fikrimc\u0259","item":"https:\/\/www.meydan.tv\/az\/section\/menim-fikrimce\/"},{"@type":"ListItem","position":3,"name":"Polisimizi t\u0259brik arzusu"}]},{"@type":"WebSite","@id":"https:\/\/www.meydan.tv\/az\/#website","url":"https:\/\/www.meydan.tv\/az\/","name":"MEYDAN.TV","description":"Meydan TV Az\u0259rbaycan\u0131n media m\u0259kan\u0131ndak\u0131 alternativ s\u0259sidir","publisher":{"@id":"https:\/\/www.meydan.tv\/az\/#organization"},"potentialAction":[{"@type":"SearchAction","target":{"@type":"EntryPoint","urlTemplate":"https:\/\/www.meydan.tv\/az\/?s={search_term_string}"},"query-input":{"@type":"PropertyValueSpecification","valueRequired":true,"valueName":"search_term_string"}}],"inLanguage":"az"},{"@type":"Organization","@id":"https:\/\/www.meydan.tv\/az\/#organization","name":"Meydan TV","url":"https:\/\/www.meydan.tv\/az\/","logo":{"@type":"ImageObject","inLanguage":"az","@id":"https:\/\/www.meydan.tv\/az\/#\/schema\/logo\/image\/","url":"https:\/\/www.meydan.tv\/wp-content\/uploads\/2021\/07\/meydan-logo.svg","contentUrl":"https:\/\/www.meydan.tv\/wp-content\/uploads\/2021\/07\/meydan-logo.svg","width":195,"height":46,"caption":"Meydan TV"},"image":{"@id":"https:\/\/www.meydan.tv\/az\/#\/schema\/logo\/image\/"}},{"@type":"Person","@id":"https:\/\/www.meydan.tv\/az\/#\/schema\/person\/10d11eccf6da3662cf5fdab9806ea91a","name":"user-manager"}]}},"_links":{"self":[{"href":"https:\/\/www.meydan.tv\/az\/wp-json\/wp\/v2\/posts\/168746","targetHints":{"allow":["GET"]}}],"collection":[{"href":"https:\/\/www.meydan.tv\/az\/wp-json\/wp\/v2\/posts"}],"about":[{"href":"https:\/\/www.meydan.tv\/az\/wp-json\/wp\/v2\/types\/post"}],"author":[{"embeddable":true,"href":"https:\/\/www.meydan.tv\/az\/wp-json\/wp\/v2\/users\/11"}],"replies":[{"embeddable":true,"href":"https:\/\/www.meydan.tv\/az\/wp-json\/wp\/v2\/comments?post=168746"}],"version-history":[{"count":0,"href":"https:\/\/www.meydan.tv\/az\/wp-json\/wp\/v2\/posts\/168746\/revisions"}],"wp:featuredmedia":[{"embeddable":true,"href":"https:\/\/www.meydan.tv\/az\/wp-json\/wp\/v2\/media\/28372"}],"wp:attachment":[{"href":"https:\/\/www.meydan.tv\/az\/wp-json\/wp\/v2\/media?parent=168746"}],"wp:term":[{"taxonomy":"category","embeddable":true,"href":"https:\/\/www.meydan.tv\/az\/wp-json\/wp\/v2\/categories?post=168746"},{"taxonomy":"post_tag","embeddable":true,"href":"https:\/\/www.meydan.tv\/az\/wp-json\/wp\/v2\/tags?post=168746"}],"curies":[{"name":"wp","href":"https:\/\/api.w.org\/{rel}","templated":true}]}}